{"id":347,"date":"2010-04-27T10:29:04","date_gmt":"2010-04-27T09:29:04","guid":{"rendered":"https:\/\/pmza.sk.sk\/info\/?p=347"},"modified":"2010-04-27T10:29:04","modified_gmt":"2010-04-27T09:29:04","slug":"prvomajove-inkvizicie-len-na-hrade-strecno","status":"publish","type":"post","link":"https:\/\/pmza.sk\/?p=347","title":{"rendered":"Prvom\u00e1jov\u00e9 inkviz\u00edcie len na hrade Stre\u010dno"},"content":{"rendered":"<p style=\"text-align: justify;\"><a href=\"https:\/\/pmza.sk.sk\/wp-content\/uploads\/2010\/04\/1.maj_.jpg\"><img fetchpriority=\"high\" decoding=\"async\" width=\"300\" height=\"225\" class=\"alignleft size-full wp-image-350\" style=\"margin-left: 4px; margin-right: 4px; border: black 2px solid;\" title=\"1.maj\" src=\"https:\/\/pmza.sk.sk\/wp-content\/uploads\/2010\/04\/1.maj_.jpg\" alt=\"\" \/><\/a>Hrad Stre\u010dno op\u00e4\u0165 v\u00a0sobotu 1. m\u00e1ja 2010 \u00a0ofici\u00e1lne otv\u00e1ra bohat\u00fdm sl\u00e1vnostn\u00fdm programom a\u00a0vzt\u00fd\u010den\u00fdm m\u00e1jom svoje br\u00e1ny. Okrem novej v\u00fdstavy z\u00a0geologick\u00e9ho fondu Pova\u017esk\u00e9ho m\u00fazea v\u00a0\u017diline pod n\u00e1zvom \u010carovn\u00e1 kr\u00e1sa kame\u0148a a\u00a0kry\u0161t\u00e1lu \u010dak\u00e1 n\u00e1v\u0161tevn\u00edkov ve\u013ea pr\u00edjemn\u00fdch prekvapen\u00ed.<!--more--> Symbolick\u00fdm aktom otvorenia bud\u00fa tradi\u010dne delostreleck\u00e9 salvy pod veden\u00edm kapr\u00e1la \u010c\u00e1ra zo Stre\u010dna. Nebude ch\u00fdba\u0165 ani patr\u00f3nka hradu \u017dofia Bosniakov\u00e1, ktor\u00e1 sa tentokr\u00e1t predstav\u00ed ako podporovate\u013eka vzdelanosti a\u00a0umenia prost\u00e9ho stredovek\u00e9ho \u013eudu.<br \/>\n<em>\u201eAj t\u00fato sez\u00f3nu sme sa sna\u017eili \u00a0koncipova\u0165 do programov\u00fdch aktiv\u00edt, ktor\u00e9 pravideln\u00ed hostia hradu uvidia prv\u00fdkr\u00e1t. Pr\u00e1ve na sl\u00e1vnostnom otvoren\u00ed bud\u00fa ma\u0165 n\u00e1v\u0161tevn\u00edci mo\u017enos\u0165 vidie\u0165 uput\u00e1vky na cyklus rozpr\u00e1vkov\u00fdch podujat\u00ed pod n\u00e1zvom Hop sa hor sa hrad otvor sa! venovan\u00e9 rodin\u00e1m s\u00a0de\u0165mi, \u201c<\/em> uviedla Katar\u00edna Rep\u00e1\u0148ov\u00e1, spr\u00e1vky\u0148a hradu. K\u00a0stredovek\u00e9mu hradu patr\u00ed stredovek\u00e1 hudba a\u00a0tance, o\u00a0ktor\u00e9 sa v\u00a0prvom\u00e1jov\u00fa sobotu postar\u00e1 tane\u010dn\u00e1 skupina Florent z\u00a0Prievidze. Tane\u010dn\u00edci z Florentu patria k\u00a0zn\u00e1mej historickej spolo\u010dnosti Bojn\u00edk. \u0160ermiari z\u00a0Bojn\u00edka odprezentuj\u00fa nielen \u0161ermy dobov\u00fdch rytierov, ale \u0161peci\u00e1lne pre Stre\u010dno si pripravili duely a\u00a0v\u00fdstrely p\u00e1nov mu\u0161ketierov z\u00a0obdobia baroka. Po\u010das cel\u00e9ho d\u0148a si chlapci a mu\u017ei \u00a0m\u00f4\u017eu vysk\u00fa\u0161a\u0165 hod ven\u010dekom na cie\u013e alebo stre\u013ebu z\u00a0ku\u0161e,\u00a0 d\u00e1my zas rie\u0161enia\u00a0 r\u00f4znych hlavolamov. V\u0161etci v\u0161ak bud\u00fa v\u00edtan\u00ed\u00a0 pri hone na \u010darodejnice a\u00a0stredovek\u00fdch inkviz\u00edci\u00e1ch. Vypo\u010d\u00favanie, mu\u010denie, \u0161panielska \u010di\u017ema, l\u00e1manie na kolese a\u00a0mo\u017eno aj up\u00e1lenie bosorky bud\u00fa patri\u0165 k\u00a0vrcholom prvom\u00e1jov\u00e9ho programu.\u00a0 <em>\u201ePevne ver\u00edme, \u017ee nielen program sl\u00e1vnostn\u00e9ho otvorenia ale v\u0161etky podujatia na hrade Stre\u010dno v\u00a0roku 2010 \u00a0obohatia a\u00a0spr\u00edjemnia n\u00e1v\u0161tevn\u00edkom pobyt na tomto historickom mieste. Nada\u013eej pl\u00e1nujeme \u0161\u00edri\u0165\u00a0 posolstvo \u017dofie \u010di u\u017e vo forme roz\u0161\u00edrenej hradnej expoz\u00edce, alebo prostredn\u00edctvom v\u00fdjavov z\u00a0jej \u017eivota. O\u00a0pripravovan\u00fdch novink\u00e1ch a\u00a0prekvapeniach bud\u00fa priaznivci hradu dostato\u010dne v\u010das informovan\u00ed. V\u00a0tejto chv\u00edli m\u00f4\u017eem potvrdi\u0165, \u017ee sa naozaj maj\u00fa na \u010do te\u0161i\u0165,\u201c<\/em> dodal Boris Schubert, riadite\u013e Pova\u017esk\u00e9ho m\u00fazea v\u00a0\u017diline. Medzi pilotn\u00e9\u00a0 bonusy patr\u00ed zauj\u00edmav\u00fd dar\u010dek pre prv\u00fdch\u00a0 p\u00e4\u0165destat host\u00ed pod\u013ea vlastn\u00e9ho v\u00fdberu.Sl\u00e1vnostn\u00e9 otvorenie sez\u00f3ny na hrade Stre\u010dno sa uskuto\u010dn\u00ed v\u00a0sobotu 1. m\u00e1ja 2010 od 9,00h do 18,00h. Organiz\u00e1torom podujatia je \u017dilinsk\u00fd samospr\u00e1vny kraj a\u00a0Pova\u017esk\u00e9 m\u00fazeum v\u00a0\u017diline.<\/p>\n","protected":false},"excerpt":{"rendered":"<p>Hrad Stre\u010dno op\u00e4\u0165 v\u00a0sobotu 1. m\u00e1ja 2010 \u00a0ofici\u00e1lne otv\u00e1ra bohat\u00fdm sl\u00e1vnostn\u00fdm programom a\u00a0vzt\u00fd\u010den\u00fdm m\u00e1jom svoje br\u00e1ny. Okrem novej v\u00fdstavy z\u00a0geologick\u00e9ho fondu Pova\u017esk\u00e9ho m\u00fazea v\u00a0\u017diline pod n\u00e1zvom \u010carovn\u00e1 kr\u00e1sa kame\u0148a a\u00a0kry\u0161t\u00e1lu \u010dak\u00e1 n\u00e1v\u0161tevn\u00edkov ve\u013ea pr\u00edjemn\u00fdch prekvapen\u00ed.<\/p>\n","protected":false},"author":2,"featured_media":0,"comment_status":"closed","ping_status":"closed","sticky":false,"template":"","format":"standard","meta":{"site-sidebar-layout":"default","site-content-layout":"","ast-site-content-layout":"","site-content-style":"default","site-sidebar-style":"default","ast-global-header-display":"","ast-banner-title-visibility":"","ast-main-header-display":"","ast-hfb-above-header-display":"","ast-hfb-below-header-display":"","ast-hfb-mobile-header-display":"","site-post-title":"","ast-breadcrumbs-content":"","ast-featured-img":"","footer-sml-layout":"","theme-transparent-header-meta":"","adv-header-id-meta":"","stick-header-meta":"","header-above-stick-meta":"","header-main-stick-meta":"","header-below-stick-meta":"","astra-migrate-meta-layouts":"default","ast-page-background-enabled":"default","ast-page-background-meta":{"desktop":{"background-color":"var(--ast-global-color-4)","background-image":"","background-repeat":"repeat","background-position":"center center","background-size":"auto","background-attachment":"scroll","background-type":"","background-media":"","overlay-type":"","overlay-color":"","overlay-opacity":"","overlay-gradient":""},"tablet":{"background-color":"","background-image":"","background-repeat":"repeat","background-position":"center center","background-size":"auto","background-attachment":"scroll","background-type":"","background-media":"","overlay-type":"","overlay-color":"","overlay-opacity":"","overlay-gradient":""},"mobile":{"background-color":"","background-image":"","background-repeat":"repeat","background-position":"center center","background-size":"auto","background-attachment":"scroll","background-type":"","background-media":"","overlay-type":"","overlay-color":"","overlay-opacity":"","overlay-gradient":""}},"ast-content-background-meta":{"desktop":{"background-color":"var(--ast-global-color-5)","background-image":"","background-repeat":"repeat","background-position":"center center","background-size":"auto","background-attachment":"scroll","background-type":"","background-media":"","overlay-type":"","overlay-color":"","overlay-opacity":"","overlay-gradient":""},"tablet":{"background-color":"var(--ast-global-color-5)","background-image":"","background-repeat":"repeat","background-position":"center center","background-size":"auto","background-attachment":"scroll","background-type":"","background-media":"","overlay-type":"","overlay-color":"","overlay-opacity":"","overlay-gradient":""},"mobile":{"background-color":"var(--ast-global-color-5)","background-image":"","background-repeat":"repeat","background-position":"center center","background-size":"auto","background-attachment":"scroll","background-type":"","background-media":"","overlay-type":"","overlay-color":"","overlay-opacity":"","overlay-gradient":""}},"footnotes":""},"categories":[29],"tags":[],"class_list":["post-347","post","type-post","status-publish","format-standard","hentry","category-archiv-2010"],"yoast_head":"<!-- This site is optimized with the Yoast SEO plugin v27.4 - https:\/\/yoast.com\/product\/yoast-seo-wordpress\/ -->\n<title>Prvom\u00e1jov\u00e9 inkviz\u00edcie len na hrade Stre\u010dno - Pova\u017esk\u00e9 m\u00fazeum<\/title>\n<meta name=\"robots\" content=\"index, follow, max-snippet:-1, max-image-preview:large, max-video-preview:-1\" \/>\n<link rel=\"canonical\" href=\"https:\/\/pmza.sk\/?p=347\" \/>\n<meta property=\"og:locale\" content=\"sk_SK\" \/>\n<meta property=\"og:type\" content=\"article\" \/>\n<meta property=\"og:title\" content=\"Prvom\u00e1jov\u00e9 inkviz\u00edcie len na hrade Stre\u010dno - Pova\u017esk\u00e9 m\u00fazeum\" \/>\n<meta property=\"og:description\" content=\"Hrad Stre\u010dno op\u00e4\u0165 v\u00a0sobotu 1. m\u00e1ja 2010 \u00a0ofici\u00e1lne otv\u00e1ra bohat\u00fdm sl\u00e1vnostn\u00fdm programom a\u00a0vzt\u00fd\u010den\u00fdm m\u00e1jom svoje br\u00e1ny. Okrem novej v\u00fdstavy z\u00a0geologick\u00e9ho fondu Pova\u017esk\u00e9ho m\u00fazea v\u00a0\u017diline pod n\u00e1zvom \u010carovn\u00e1 kr\u00e1sa kame\u0148a a\u00a0kry\u0161t\u00e1lu \u010dak\u00e1 n\u00e1v\u0161tevn\u00edkov ve\u013ea pr\u00edjemn\u00fdch prekvapen\u00ed.\" \/>\n<meta property=\"og:url\" content=\"https:\/\/pmza.sk\/?p=347\" \/>\n<meta property=\"og:site_name\" content=\"Pova\u017esk\u00e9 m\u00fazeum\" \/>\n<meta property=\"article:publisher\" content=\"https:\/\/www.facebook.com\/povazskemuzeum\" \/>\n<meta property=\"article:published_time\" content=\"2010-04-27T09:29:04+00:00\" \/>\n<meta property=\"og:image\" content=\"https:\/\/pmza.sk.sk\/wp-content\/uploads\/2010\/04\/1.maj_.jpg\" \/>\n<meta name=\"author\" content=\"Pova\u017esk\u00e9 m\u00fazeum\" \/>\n<meta name=\"twitter:card\" content=\"summary_large_image\" \/>\n<meta name=\"twitter:label1\" content=\"Autor\" \/>\n\t<meta name=\"twitter:data1\" content=\"Pova\u017esk\u00e9 m\u00fazeum\" \/>\n\t<meta name=\"twitter:label2\" content=\"Predpokladan\u00fd \u010das \u010d\u00edtania\" \/>\n\t<meta name=\"twitter:data2\" content=\"2 min\u00faty\" \/>\n<script type=\"application\/ld+json\" class=\"yoast-schema-graph\">{\"@context\":\"https:\\\/\\\/schema.org\",\"@graph\":[{\"@type\":\"Article\",\"@id\":\"https:\\\/\\\/pmza.sk\\\/?p=347#article\",\"isPartOf\":{\"@id\":\"https:\\\/\\\/pmza.sk\\\/?p=347\"},\"author\":{\"name\":\"Pova\u017esk\u00e9 m\u00fazeum\",\"@id\":\"https:\\\/\\\/pmza.sk\\\/#\\\/schema\\\/person\\\/595e6a2ce731ea94dcd5d7f50a41ae33\"},\"headline\":\"Prvom\u00e1jov\u00e9 inkviz\u00edcie len na hrade Stre\u010dno\",\"datePublished\":\"2010-04-27T09:29:04+00:00\",\"mainEntityOfPage\":{\"@id\":\"https:\\\/\\\/pmza.sk\\\/?p=347\"},\"wordCount\":484,\"publisher\":{\"@id\":\"https:\\\/\\\/pmza.sk\\\/#organization\"},\"image\":{\"@id\":\"https:\\\/\\\/pmza.sk\\\/?p=347#primaryimage\"},\"thumbnailUrl\":\"http:\\\/\\\/pmza.sk.sk\\\/wp-content\\\/uploads\\\/2010\\\/04\\\/1.maj_.jpg\",\"articleSection\":[\"Arch\u00edv 2010\"],\"inLanguage\":\"sk-SK\"},{\"@type\":\"WebPage\",\"@id\":\"https:\\\/\\\/pmza.sk\\\/?p=347\",\"url\":\"https:\\\/\\\/pmza.sk\\\/?p=347\",\"name\":\"Prvom\u00e1jov\u00e9 inkviz\u00edcie len na hrade Stre\u010dno - Pova\u017esk\u00e9 m\u00fazeum\",\"isPartOf\":{\"@id\":\"https:\\\/\\\/pmza.sk\\\/#website\"},\"primaryImageOfPage\":{\"@id\":\"https:\\\/\\\/pmza.sk\\\/?p=347#primaryimage\"},\"image\":{\"@id\":\"https:\\\/\\\/pmza.sk\\\/?p=347#primaryimage\"},\"thumbnailUrl\":\"http:\\\/\\\/pmza.sk.sk\\\/wp-content\\\/uploads\\\/2010\\\/04\\\/1.maj_.jpg\",\"datePublished\":\"2010-04-27T09:29:04+00:00\",\"breadcrumb\":{\"@id\":\"https:\\\/\\\/pmza.sk\\\/?p=347#breadcrumb\"},\"inLanguage\":\"sk-SK\",\"potentialAction\":[{\"@type\":\"ReadAction\",\"target\":[\"https:\\\/\\\/pmza.sk\\\/?p=347\"]}]},{\"@type\":\"ImageObject\",\"inLanguage\":\"sk-SK\",\"@id\":\"https:\\\/\\\/pmza.sk\\\/?p=347#primaryimage\",\"url\":\"http:\\\/\\\/pmza.sk.sk\\\/wp-content\\\/uploads\\\/2010\\\/04\\\/1.maj_.jpg\",\"contentUrl\":\"http:\\\/\\\/pmza.sk.sk\\\/wp-content\\\/uploads\\\/2010\\\/04\\\/1.maj_.jpg\"},{\"@type\":\"BreadcrumbList\",\"@id\":\"https:\\\/\\\/pmza.sk\\\/?p=347#breadcrumb\",\"itemListElement\":[{\"@type\":\"ListItem\",\"position\":1,\"name\":\"Domovsk\u00e1 str\u00e1nka\",\"item\":\"https:\\\/\\\/pmza.sk\\\/\"},{\"@type\":\"ListItem\",\"position\":2,\"name\":\"Prvom\u00e1jov\u00e9 inkviz\u00edcie len na hrade Stre\u010dno\"}]},{\"@type\":\"WebSite\",\"@id\":\"https:\\\/\\\/pmza.sk\\\/#website\",\"url\":\"https:\\\/\\\/pmza.sk\\\/\",\"name\":\"Pova\u017esk\u00e9 m\u00fazeum\",\"description\":\"Pova\u017esk\u00e9 m\u00fazeum v \u017diline je region\u00e1lne m\u00fazeum so s\u00eddlom v Budat\u00edne. Jeho expoz\u00edcie s\u00fa zameran\u00e9 na dejiny slovensk\u00e9ho umenia, kult\u00fary a dopravy.\",\"publisher\":{\"@id\":\"https:\\\/\\\/pmza.sk\\\/#organization\"},\"potentialAction\":[{\"@type\":\"SearchAction\",\"target\":{\"@type\":\"EntryPoint\",\"urlTemplate\":\"https:\\\/\\\/pmza.sk\\\/?s={search_term_string}\"},\"query-input\":{\"@type\":\"PropertyValueSpecification\",\"valueRequired\":true,\"valueName\":\"search_term_string\"}}],\"inLanguage\":\"sk-SK\"},{\"@type\":\"Organization\",\"@id\":\"https:\\\/\\\/pmza.sk\\\/#organization\",\"name\":\"Pova\u017esk\u00e9 m\u00fazeum\",\"url\":\"https:\\\/\\\/pmza.sk\\\/\",\"logo\":{\"@type\":\"ImageObject\",\"inLanguage\":\"sk-SK\",\"@id\":\"https:\\\/\\\/pmza.sk\\\/#\\\/schema\\\/logo\\\/image\\\/\",\"url\":\"https:\\\/\\\/pmza.sk\\\/wp-content\\\/uploads\\\/2022\\\/01\\\/logo_PM_horizontal.jpg\",\"contentUrl\":\"https:\\\/\\\/pmza.sk\\\/wp-content\\\/uploads\\\/2022\\\/01\\\/logo_PM_horizontal.jpg\",\"width\":231,\"height\":142,\"caption\":\"Pova\u017esk\u00e9 m\u00fazeum\"},\"image\":{\"@id\":\"https:\\\/\\\/pmza.sk\\\/#\\\/schema\\\/logo\\\/image\\\/\"},\"sameAs\":[\"https:\\\/\\\/www.facebook.com\\\/povazskemuzeum\",\"https:\\\/\\\/www.instagram.com\\\/povazskemuzeum\\\/\"]},{\"@type\":\"Person\",\"@id\":\"https:\\\/\\\/pmza.sk\\\/#\\\/schema\\\/person\\\/595e6a2ce731ea94dcd5d7f50a41ae33\",\"name\":\"Pova\u017esk\u00e9 m\u00fazeum\",\"image\":{\"@type\":\"ImageObject\",\"inLanguage\":\"sk-SK\",\"@id\":\"https:\\\/\\\/secure.gravatar.com\\\/avatar\\\/2bb7f1561282132fb5826dfeccc66c7996d11ee392ac6aaf7ced8a1c2027fbb2?s=96&d=mm&r=g\",\"url\":\"https:\\\/\\\/secure.gravatar.com\\\/avatar\\\/2bb7f1561282132fb5826dfeccc66c7996d11ee392ac6aaf7ced8a1c2027fbb2?s=96&d=mm&r=g\",\"contentUrl\":\"https:\\\/\\\/secure.gravatar.com\\\/avatar\\\/2bb7f1561282132fb5826dfeccc66c7996d11ee392ac6aaf7ced8a1c2027fbb2?s=96&d=mm&r=g\",\"caption\":\"Pova\u017esk\u00e9 m\u00fazeum\"}}]}<\/script>\n<!-- \/ Yoast SEO plugin. -->","yoast_head_json":{"title":"Prvom\u00e1jov\u00e9 inkviz\u00edcie len na hrade Stre\u010dno - Pova\u017esk\u00e9 m\u00fazeum","robots":{"index":"index","follow":"follow","max-snippet":"max-snippet:-1","max-image-preview":"max-image-preview:large","max-video-preview":"max-video-preview:-1"},"canonical":"https:\/\/pmza.sk\/?p=347","og_locale":"sk_SK","og_type":"article","og_title":"Prvom\u00e1jov\u00e9 inkviz\u00edcie len na hrade Stre\u010dno - Pova\u017esk\u00e9 m\u00fazeum","og_description":"Hrad Stre\u010dno op\u00e4\u0165 v\u00a0sobotu 1. m\u00e1ja 2010 \u00a0ofici\u00e1lne otv\u00e1ra bohat\u00fdm sl\u00e1vnostn\u00fdm programom a\u00a0vzt\u00fd\u010den\u00fdm m\u00e1jom svoje br\u00e1ny. Okrem novej v\u00fdstavy z\u00a0geologick\u00e9ho fondu Pova\u017esk\u00e9ho m\u00fazea v\u00a0\u017diline pod n\u00e1zvom \u010carovn\u00e1 kr\u00e1sa kame\u0148a a\u00a0kry\u0161t\u00e1lu \u010dak\u00e1 n\u00e1v\u0161tevn\u00edkov ve\u013ea pr\u00edjemn\u00fdch prekvapen\u00ed.","og_url":"https:\/\/pmza.sk\/?p=347","og_site_name":"Pova\u017esk\u00e9 m\u00fazeum","article_publisher":"https:\/\/www.facebook.com\/povazskemuzeum","article_published_time":"2010-04-27T09:29:04+00:00","og_image":[{"url":"https:\/\/pmza.sk.sk\/wp-content\/uploads\/2010\/04\/1.maj_.jpg","type":"","width":"","height":""}],"author":"Pova\u017esk\u00e9 m\u00fazeum","twitter_card":"summary_large_image","twitter_misc":{"Autor":"Pova\u017esk\u00e9 m\u00fazeum","Predpokladan\u00fd \u010das \u010d\u00edtania":"2 min\u00faty"},"schema":{"@context":"https:\/\/schema.org","@graph":[{"@type":"Article","@id":"https:\/\/pmza.sk\/?p=347#article","isPartOf":{"@id":"https:\/\/pmza.sk\/?p=347"},"author":{"name":"Pova\u017esk\u00e9 m\u00fazeum","@id":"https:\/\/pmza.sk\/#\/schema\/person\/595e6a2ce731ea94dcd5d7f50a41ae33"},"headline":"Prvom\u00e1jov\u00e9 inkviz\u00edcie len na hrade Stre\u010dno","datePublished":"2010-04-27T09:29:04+00:00","mainEntityOfPage":{"@id":"https:\/\/pmza.sk\/?p=347"},"wordCount":484,"publisher":{"@id":"https:\/\/pmza.sk\/#organization"},"image":{"@id":"https:\/\/pmza.sk\/?p=347#primaryimage"},"thumbnailUrl":"https:\/\/pmza.sk.sk\/wp-content\/uploads\/2010\/04\/1.maj_.jpg","articleSection":["Arch\u00edv 2010"],"inLanguage":"sk-SK"},{"@type":"WebPage","@id":"https:\/\/pmza.sk\/?p=347","url":"https:\/\/pmza.sk\/?p=347","name":"Prvom\u00e1jov\u00e9 inkviz\u00edcie len na hrade Stre\u010dno - Pova\u017esk\u00e9 m\u00fazeum","isPartOf":{"@id":"https:\/\/pmza.sk\/#website"},"primaryImageOfPage":{"@id":"https:\/\/pmza.sk\/?p=347#primaryimage"},"image":{"@id":"https:\/\/pmza.sk\/?p=347#primaryimage"},"thumbnailUrl":"https:\/\/pmza.sk.sk\/wp-content\/uploads\/2010\/04\/1.maj_.jpg","datePublished":"2010-04-27T09:29:04+00:00","breadcrumb":{"@id":"https:\/\/pmza.sk\/?p=347#breadcrumb"},"inLanguage":"sk-SK","potentialAction":[{"@type":"ReadAction","target":["https:\/\/pmza.sk\/?p=347"]}]},{"@type":"ImageObject","inLanguage":"sk-SK","@id":"https:\/\/pmza.sk\/?p=347#primaryimage","url":"https:\/\/pmza.sk.sk\/wp-content\/uploads\/2010\/04\/1.maj_.jpg","contentUrl":"https:\/\/pmza.sk.sk\/wp-content\/uploads\/2010\/04\/1.maj_.jpg"},{"@type":"BreadcrumbList","@id":"https:\/\/pmza.sk\/?p=347#breadcrumb","itemListElement":[{"@type":"ListItem","position":1,"name":"Domovsk\u00e1 str\u00e1nka","item":"https:\/\/pmza.sk\/"},{"@type":"ListItem","position":2,"name":"Prvom\u00e1jov\u00e9 inkviz\u00edcie len na hrade Stre\u010dno"}]},{"@type":"WebSite","@id":"https:\/\/pmza.sk\/#website","url":"https:\/\/pmza.sk\/","name":"Pova\u017esk\u00e9 m\u00fazeum","description":"Pova\u017esk\u00e9 m\u00fazeum v \u017diline je region\u00e1lne m\u00fazeum so s\u00eddlom v Budat\u00edne. Jeho expoz\u00edcie s\u00fa zameran\u00e9 na dejiny slovensk\u00e9ho umenia, kult\u00fary a dopravy.","publisher":{"@id":"https:\/\/pmza.sk\/#organization"},"potentialAction":[{"@type":"SearchAction","target":{"@type":"EntryPoint","urlTemplate":"https:\/\/pmza.sk\/?s={search_term_string}"},"query-input":{"@type":"PropertyValueSpecification","valueRequired":true,"valueName":"search_term_string"}}],"inLanguage":"sk-SK"},{"@type":"Organization","@id":"https:\/\/pmza.sk\/#organization","name":"Pova\u017esk\u00e9 m\u00fazeum","url":"https:\/\/pmza.sk\/","logo":{"@type":"ImageObject","inLanguage":"sk-SK","@id":"https:\/\/pmza.sk\/#\/schema\/logo\/image\/","url":"https:\/\/pmza.sk\/wp-content\/uploads\/2022\/01\/logo_PM_horizontal.jpg","contentUrl":"https:\/\/pmza.sk\/wp-content\/uploads\/2022\/01\/logo_PM_horizontal.jpg","width":231,"height":142,"caption":"Pova\u017esk\u00e9 m\u00fazeum"},"image":{"@id":"https:\/\/pmza.sk\/#\/schema\/logo\/image\/"},"sameAs":["https:\/\/www.facebook.com\/povazskemuzeum","https:\/\/www.instagram.com\/povazskemuzeum\/"]},{"@type":"Person","@id":"https:\/\/pmza.sk\/#\/schema\/person\/595e6a2ce731ea94dcd5d7f50a41ae33","name":"Pova\u017esk\u00e9 m\u00fazeum","image":{"@type":"ImageObject","inLanguage":"sk-SK","@id":"https:\/\/secure.gravatar.com\/avatar\/2bb7f1561282132fb5826dfeccc66c7996d11ee392ac6aaf7ced8a1c2027fbb2?s=96&d=mm&r=g","url":"https:\/\/secure.gravatar.com\/avatar\/2bb7f1561282132fb5826dfeccc66c7996d11ee392ac6aaf7ced8a1c2027fbb2?s=96&d=mm&r=g","contentUrl":"https:\/\/secure.gravatar.com\/avatar\/2bb7f1561282132fb5826dfeccc66c7996d11ee392ac6aaf7ced8a1c2027fbb2?s=96&d=mm&r=g","caption":"Pova\u017esk\u00e9 m\u00fazeum"}}]}},"_links":{"self":[{"href":"https:\/\/pmza.sk\/index.php?rest_route=\/wp\/v2\/posts\/347","targetHints":{"allow":["GET"]}}],"collection":[{"href":"https:\/\/pmza.sk\/index.php?rest_route=\/wp\/v2\/posts"}],"about":[{"href":"https:\/\/pmza.sk\/index.php?rest_route=\/wp\/v2\/types\/post"}],"author":[{"embeddable":true,"href":"https:\/\/pmza.sk\/index.php?rest_route=\/wp\/v2\/users\/2"}],"replies":[{"embeddable":true,"href":"https:\/\/pmza.sk\/index.php?rest_route=%2Fwp%2Fv2%2Fcomments&post=347"}],"version-history":[{"count":0,"href":"https:\/\/pmza.sk\/index.php?rest_route=\/wp\/v2\/posts\/347\/revisions"}],"wp:attachment":[{"href":"https:\/\/pmza.sk\/index.php?rest_route=%2Fwp%2Fv2%2Fmedia&parent=347"}],"wp:term":[{"taxonomy":"category","embeddable":true,"href":"https:\/\/pmza.sk\/index.php?rest_route=%2Fwp%2Fv2%2Fcategories&post=347"},{"taxonomy":"post_tag","embeddable":true,"href":"https:\/\/pmza.sk\/index.php?rest_route=%2Fwp%2Fv2%2Ftags&post=347"}],"curies":[{"name":"wp","href":"https:\/\/api.w.org\/{rel}","templated":true}]}}