{"id":34817,"date":"2019-06-27T07:22:08","date_gmt":"2019-06-27T05:22:08","guid":{"rendered":"https:\/\/pmza.sk\/?p=34817"},"modified":"2019-06-27T07:22:08","modified_gmt":"2019-06-27T05:22:08","slug":"vyvoj-opevneni","status":"publish","type":"post","link":"https:\/\/pmza.sk\/?p=34817","title":{"rendered":"V\u00fdvoj opevnen\u00ed od praveku po stredovek\u00e9 hrady"},"content":{"rendered":"<p>Cie\u013eom banerovej v\u00fdstavy je predstavi\u0165 \u0161irokej verejnosti pripravovan\u00fa archeologick\u00fa expoz\u00edciu s n\u00e1zvom &#8222;Pred hradbami, za hradbami&#8230;&#8220;, ktor\u00e1 bude in\u0161talovan\u00e1 a sl\u00e1vnostne otvoren\u00e1 v novo zrekon\u0161truovan\u00fdch priestoroch druh\u00e9ho nadzemn\u00e9ho podla\u017eia Budat\u00ednskeho hradu u\u017e v okt\u00f3bri. Expoz\u00edcia bude pozost\u00e1va\u0165 z troch \u010dast\u00ed. Prv\u00e1 vyrozpr\u00e1va pr\u00edbeh o v\u00fdvoji opevnen\u00ed od doby bronzovej, cez dobu \u017eelezn\u00fa a\u017e po v\u010dasn\u00fd a vrcholn\u00fd stredovek. Druh\u00e1 \u010das\u0165 bude venovan\u00e1 v\u00fdvoju samotn\u00e9ho hradu Budat\u00edn od jeho vzniku a\u017e po s\u00fa\u010dasnos\u0165. Tretiu \u010das\u0165 expoz\u00edcie bude tvori\u0165 v\u00f4bec po prv\u00fd raz verejnosti spr\u00edstupnen\u00e9 pr\u00edzemie ve\u017ee, kde bude in\u0161talovan\u00e1 &#8222;Klenotnica&#8220; Pova\u017esk\u00e9ho m\u00fazea. V nej bud\u00fa vystaven\u00e9 tie najvz\u00e1cnej\u0161ie zbierkov\u00e9 predmety z fondov archeol\u00f3gie a hist\u00f3rie Pova\u017esk\u00e9ho m\u00fazea.<\/p>\n<p>Banerov\u00e1 v\u00fdstava i expoz\u00edcia samotn\u00e1 je realizovan\u00e1 v r\u00e1mci projektu &#8222;Ka\u017ed\u00e1 hist\u00f3ria si zasl\u00fa\u017ei svoj priestor&#8220;, p. \u010d. 304021C852 z programu cezhrani\u010dnej spolupr\u00e1ce Interreg V\u00a0 A Slovensk\u00e1 republika \u2013 \u010cesk\u00e1 republika 2014\u00a0 2020 so spolufinancovan\u00edm z Eur\u00f3pskeho fondu region\u00e1lneho rozvoja a \u0161t\u00e1tneho rozpo\u010dtu SR.<\/p>\n","protected":false},"excerpt":{"rendered":"<p>Cie\u013eom banerovej v\u00fdstavy je predstavi\u0165 \u0161irokej verejnosti pripravovan\u00fa archeologick\u00fa expoz\u00edciu s n\u00e1zvom &#8222;Pred hradbami, za hradbami&#8230;&#8220;, ktor\u00e1 bude in\u0161talovan\u00e1 a sl\u00e1vnostne otvoren\u00e1 v novo zrekon\u0161truovan\u00fdch priestoroch druh\u00e9ho nadzemn\u00e9ho podla\u017eia Budat\u00ednskeho hradu u\u017e v okt\u00f3bri. Expoz\u00edcia bude pozost\u00e1va\u0165 z troch \u010dast\u00ed. Prv\u00e1 vyrozpr\u00e1va pr\u00edbeh o v\u00fdvoji opevnen\u00ed od doby bronzovej, cez dobu \u017eelezn\u00fa a\u017e po v\u010dasn\u00fd [&hellip;]<\/p>\n","protected":false},"author":2,"featured_media":34818,"comment_status":"closed","ping_status":"closed","sticky":false,"template":"","format":"standard","meta":{"site-sidebar-layout":"default","site-content-layout":"","ast-site-content-layout":"","site-content-style":"default","site-sidebar-style":"default","ast-global-header-display":"","ast-banner-title-visibility":"","ast-main-header-display":"","ast-hfb-above-header-display":"","ast-hfb-below-header-display":"","ast-hfb-mobile-header-display":"","site-post-title":"","ast-breadcrumbs-content":"","ast-featured-img":"","footer-sml-layout":"","theme-transparent-header-meta":"","adv-header-id-meta":"","stick-header-meta":"","header-above-stick-meta":"","header-main-stick-meta":"","header-below-stick-meta":"","astra-migrate-meta-layouts":"default","ast-page-background-enabled":"default","ast-page-background-meta":{"desktop":{"background-color":"var(--ast-global-color-4)","background-image":"","background-repeat":"repeat","background-position":"center center","background-size":"auto","background-attachment":"scroll","background-type":"","background-media":"","overlay-type":"","overlay-color":"","overlay-opacity":"","overlay-gradient":""},"tablet":{"background-color":"","background-image":"","background-repeat":"repeat","background-position":"center center","background-size":"auto","background-attachment":"scroll","background-type":"","background-media":"","overlay-type":"","overlay-color":"","overlay-opacity":"","overlay-gradient":""},"mobile":{"background-color":"","background-image":"","background-repeat":"repeat","background-position":"center center","background-size":"auto","background-attachment":"scroll","background-type":"","background-media":"","overlay-type":"","overlay-color":"","overlay-opacity":"","overlay-gradient":""}},"ast-content-background-meta":{"desktop":{"background-color":"var(--ast-global-color-5)","background-image":"","background-repeat":"repeat","background-position":"center center","background-size":"auto","background-attachment":"scroll","background-type":"","background-media":"","overlay-type":"","overlay-color":"","overlay-opacity":"","overlay-gradient":""},"tablet":{"background-color":"var(--ast-global-color-5)","background-image":"","background-repeat":"repeat","background-position":"center center","background-size":"auto","background-attachment":"scroll","background-type":"","background-media":"","overlay-type":"","overlay-color":"","overlay-opacity":"","overlay-gradient":""},"mobile":{"background-color":"var(--ast-global-color-5)","background-image":"","background-repeat":"repeat","background-position":"center center","background-size":"auto","background-attachment":"scroll","background-type":"","background-media":"","overlay-type":"","overlay-color":"","overlay-opacity":"","overlay-gradient":""}},"footnotes":""},"categories":[31],"tags":[],"class_list":["post-34817","post","type-post","status-publish","format-standard","has-post-thumbnail","hentry","category-aktuality"],"yoast_head":"<!-- This site is optimized with the Yoast SEO plugin v27.4 - https:\/\/yoast.com\/product\/yoast-seo-wordpress\/ -->\n<title>V\u00fdvoj opevnen\u00ed od praveku po stredovek\u00e9 hrady - Pova\u017esk\u00e9 m\u00fazeum<\/title>\n<meta name=\"robots\" content=\"index, follow, max-snippet:-1, max-image-preview:large, max-video-preview:-1\" \/>\n<link rel=\"canonical\" href=\"https:\/\/pmza.sk\/?p=34817\" \/>\n<meta property=\"og:locale\" content=\"sk_SK\" \/>\n<meta property=\"og:type\" content=\"article\" \/>\n<meta property=\"og:title\" content=\"V\u00fdvoj opevnen\u00ed od praveku po stredovek\u00e9 hrady - Pova\u017esk\u00e9 m\u00fazeum\" \/>\n<meta property=\"og:description\" content=\"Cie\u013eom banerovej v\u00fdstavy je predstavi\u0165 \u0161irokej verejnosti pripravovan\u00fa archeologick\u00fa expoz\u00edciu s n\u00e1zvom &#8222;Pred hradbami, za hradbami&#8230;&#8220;, ktor\u00e1 bude in\u0161talovan\u00e1 a sl\u00e1vnostne otvoren\u00e1 v novo zrekon\u0161truovan\u00fdch priestoroch druh\u00e9ho nadzemn\u00e9ho podla\u017eia Budat\u00ednskeho hradu u\u017e v okt\u00f3bri. Expoz\u00edcia bude pozost\u00e1va\u0165 z troch \u010dast\u00ed. Prv\u00e1 vyrozpr\u00e1va pr\u00edbeh o v\u00fdvoji opevnen\u00ed od doby bronzovej, cez dobu \u017eelezn\u00fa a\u017e po v\u010dasn\u00fd [&hellip;]\" \/>\n<meta property=\"og:url\" content=\"https:\/\/pmza.sk\/?p=34817\" \/>\n<meta property=\"og:site_name\" content=\"Pova\u017esk\u00e9 m\u00fazeum\" \/>\n<meta property=\"article:publisher\" content=\"https:\/\/www.facebook.com\/povazskemuzeum\" \/>\n<meta property=\"article:published_time\" content=\"2019-06-27T05:22:08+00:00\" \/>\n<meta property=\"og:image\" content=\"https:\/\/pmza.sk\/wp-content\/uploads\/2019\/06\/vyvoj_opevneni_www.jpg\" \/>\n\t<meta property=\"og:image:width\" content=\"566\" \/>\n\t<meta property=\"og:image:height\" content=\"800\" \/>\n\t<meta property=\"og:image:type\" content=\"image\/jpeg\" \/>\n<meta name=\"author\" content=\"Pova\u017esk\u00e9 m\u00fazeum\" \/>\n<meta name=\"twitter:card\" content=\"summary_large_image\" \/>\n<meta name=\"twitter:label1\" content=\"Autor\" \/>\n\t<meta name=\"twitter:data1\" content=\"Pova\u017esk\u00e9 m\u00fazeum\" \/>\n\t<meta name=\"twitter:label2\" content=\"Predpokladan\u00fd \u010das \u010d\u00edtania\" \/>\n\t<meta name=\"twitter:data2\" content=\"1 min\u00fata\" \/>\n<script type=\"application\/ld+json\" class=\"yoast-schema-graph\">{\"@context\":\"https:\\\/\\\/schema.org\",\"@graph\":[{\"@type\":\"Article\",\"@id\":\"https:\\\/\\\/pmza.sk\\\/?p=34817#article\",\"isPartOf\":{\"@id\":\"https:\\\/\\\/pmza.sk\\\/?p=34817\"},\"author\":{\"name\":\"Pova\u017esk\u00e9 m\u00fazeum\",\"@id\":\"https:\\\/\\\/pmza.sk\\\/#\\\/schema\\\/person\\\/595e6a2ce731ea94dcd5d7f50a41ae33\"},\"headline\":\"V\u00fdvoj opevnen\u00ed od praveku po stredovek\u00e9 hrady\",\"datePublished\":\"2019-06-27T05:22:08+00:00\",\"mainEntityOfPage\":{\"@id\":\"https:\\\/\\\/pmza.sk\\\/?p=34817\"},\"wordCount\":206,\"publisher\":{\"@id\":\"https:\\\/\\\/pmza.sk\\\/#organization\"},\"image\":{\"@id\":\"https:\\\/\\\/pmza.sk\\\/?p=34817#primaryimage\"},\"thumbnailUrl\":\"https:\\\/\\\/pmza.sk\\\/wp-content\\\/uploads\\\/2019\\\/06\\\/vyvoj_opevneni_www.jpg\",\"articleSection\":[\"Aktuality\"],\"inLanguage\":\"sk-SK\"},{\"@type\":\"WebPage\",\"@id\":\"https:\\\/\\\/pmza.sk\\\/?p=34817\",\"url\":\"https:\\\/\\\/pmza.sk\\\/?p=34817\",\"name\":\"V\u00fdvoj opevnen\u00ed od praveku po stredovek\u00e9 hrady - Pova\u017esk\u00e9 m\u00fazeum\",\"isPartOf\":{\"@id\":\"https:\\\/\\\/pmza.sk\\\/#website\"},\"primaryImageOfPage\":{\"@id\":\"https:\\\/\\\/pmza.sk\\\/?p=34817#primaryimage\"},\"image\":{\"@id\":\"https:\\\/\\\/pmza.sk\\\/?p=34817#primaryimage\"},\"thumbnailUrl\":\"https:\\\/\\\/pmza.sk\\\/wp-content\\\/uploads\\\/2019\\\/06\\\/vyvoj_opevneni_www.jpg\",\"datePublished\":\"2019-06-27T05:22:08+00:00\",\"breadcrumb\":{\"@id\":\"https:\\\/\\\/pmza.sk\\\/?p=34817#breadcrumb\"},\"inLanguage\":\"sk-SK\",\"potentialAction\":[{\"@type\":\"ReadAction\",\"target\":[\"https:\\\/\\\/pmza.sk\\\/?p=34817\"]}]},{\"@type\":\"ImageObject\",\"inLanguage\":\"sk-SK\",\"@id\":\"https:\\\/\\\/pmza.sk\\\/?p=34817#primaryimage\",\"url\":\"https:\\\/\\\/pmza.sk\\\/wp-content\\\/uploads\\\/2019\\\/06\\\/vyvoj_opevneni_www.jpg\",\"contentUrl\":\"https:\\\/\\\/pmza.sk\\\/wp-content\\\/uploads\\\/2019\\\/06\\\/vyvoj_opevneni_www.jpg\",\"width\":566,\"height\":800},{\"@type\":\"BreadcrumbList\",\"@id\":\"https:\\\/\\\/pmza.sk\\\/?p=34817#breadcrumb\",\"itemListElement\":[{\"@type\":\"ListItem\",\"position\":1,\"name\":\"Domovsk\u00e1 str\u00e1nka\",\"item\":\"https:\\\/\\\/pmza.sk\\\/\"},{\"@type\":\"ListItem\",\"position\":2,\"name\":\"V\u00fdvoj opevnen\u00ed od praveku po stredovek\u00e9 hrady\"}]},{\"@type\":\"WebSite\",\"@id\":\"https:\\\/\\\/pmza.sk\\\/#website\",\"url\":\"https:\\\/\\\/pmza.sk\\\/\",\"name\":\"Pova\u017esk\u00e9 m\u00fazeum\",\"description\":\"Pova\u017esk\u00e9 m\u00fazeum v \u017diline je region\u00e1lne m\u00fazeum so s\u00eddlom v Budat\u00edne. Jeho expoz\u00edcie s\u00fa zameran\u00e9 na dejiny slovensk\u00e9ho umenia, kult\u00fary a dopravy.\",\"publisher\":{\"@id\":\"https:\\\/\\\/pmza.sk\\\/#organization\"},\"potentialAction\":[{\"@type\":\"SearchAction\",\"target\":{\"@type\":\"EntryPoint\",\"urlTemplate\":\"https:\\\/\\\/pmza.sk\\\/?s={search_term_string}\"},\"query-input\":{\"@type\":\"PropertyValueSpecification\",\"valueRequired\":true,\"valueName\":\"search_term_string\"}}],\"inLanguage\":\"sk-SK\"},{\"@type\":\"Organization\",\"@id\":\"https:\\\/\\\/pmza.sk\\\/#organization\",\"name\":\"Pova\u017esk\u00e9 m\u00fazeum\",\"url\":\"https:\\\/\\\/pmza.sk\\\/\",\"logo\":{\"@type\":\"ImageObject\",\"inLanguage\":\"sk-SK\",\"@id\":\"https:\\\/\\\/pmza.sk\\\/#\\\/schema\\\/logo\\\/image\\\/\",\"url\":\"https:\\\/\\\/pmza.sk\\\/wp-content\\\/uploads\\\/2022\\\/01\\\/logo_PM_horizontal.jpg\",\"contentUrl\":\"https:\\\/\\\/pmza.sk\\\/wp-content\\\/uploads\\\/2022\\\/01\\\/logo_PM_horizontal.jpg\",\"width\":231,\"height\":142,\"caption\":\"Pova\u017esk\u00e9 m\u00fazeum\"},\"image\":{\"@id\":\"https:\\\/\\\/pmza.sk\\\/#\\\/schema\\\/logo\\\/image\\\/\"},\"sameAs\":[\"https:\\\/\\\/www.facebook.com\\\/povazskemuzeum\",\"https:\\\/\\\/www.instagram.com\\\/povazskemuzeum\\\/\"]},{\"@type\":\"Person\",\"@id\":\"https:\\\/\\\/pmza.sk\\\/#\\\/schema\\\/person\\\/595e6a2ce731ea94dcd5d7f50a41ae33\",\"name\":\"Pova\u017esk\u00e9 m\u00fazeum\",\"image\":{\"@type\":\"ImageObject\",\"inLanguage\":\"sk-SK\",\"@id\":\"https:\\\/\\\/secure.gravatar.com\\\/avatar\\\/2bb7f1561282132fb5826dfeccc66c7996d11ee392ac6aaf7ced8a1c2027fbb2?s=96&d=mm&r=g\",\"url\":\"https:\\\/\\\/secure.gravatar.com\\\/avatar\\\/2bb7f1561282132fb5826dfeccc66c7996d11ee392ac6aaf7ced8a1c2027fbb2?s=96&d=mm&r=g\",\"contentUrl\":\"https:\\\/\\\/secure.gravatar.com\\\/avatar\\\/2bb7f1561282132fb5826dfeccc66c7996d11ee392ac6aaf7ced8a1c2027fbb2?s=96&d=mm&r=g\",\"caption\":\"Pova\u017esk\u00e9 m\u00fazeum\"}}]}<\/script>\n<!-- \/ Yoast SEO plugin. -->","yoast_head_json":{"title":"V\u00fdvoj opevnen\u00ed od praveku po stredovek\u00e9 hrady - Pova\u017esk\u00e9 m\u00fazeum","robots":{"index":"index","follow":"follow","max-snippet":"max-snippet:-1","max-image-preview":"max-image-preview:large","max-video-preview":"max-video-preview:-1"},"canonical":"https:\/\/pmza.sk\/?p=34817","og_locale":"sk_SK","og_type":"article","og_title":"V\u00fdvoj opevnen\u00ed od praveku po stredovek\u00e9 hrady - Pova\u017esk\u00e9 m\u00fazeum","og_description":"Cie\u013eom banerovej v\u00fdstavy je predstavi\u0165 \u0161irokej verejnosti pripravovan\u00fa archeologick\u00fa expoz\u00edciu s n\u00e1zvom &#8222;Pred hradbami, za hradbami&#8230;&#8220;, ktor\u00e1 bude in\u0161talovan\u00e1 a sl\u00e1vnostne otvoren\u00e1 v novo zrekon\u0161truovan\u00fdch priestoroch druh\u00e9ho nadzemn\u00e9ho podla\u017eia Budat\u00ednskeho hradu u\u017e v okt\u00f3bri. Expoz\u00edcia bude pozost\u00e1va\u0165 z troch \u010dast\u00ed. Prv\u00e1 vyrozpr\u00e1va pr\u00edbeh o v\u00fdvoji opevnen\u00ed od doby bronzovej, cez dobu \u017eelezn\u00fa a\u017e po v\u010dasn\u00fd [&hellip;]","og_url":"https:\/\/pmza.sk\/?p=34817","og_site_name":"Pova\u017esk\u00e9 m\u00fazeum","article_publisher":"https:\/\/www.facebook.com\/povazskemuzeum","article_published_time":"2019-06-27T05:22:08+00:00","og_image":[{"width":566,"height":800,"url":"https:\/\/pmza.sk\/wp-content\/uploads\/2019\/06\/vyvoj_opevneni_www.jpg","type":"image\/jpeg"}],"author":"Pova\u017esk\u00e9 m\u00fazeum","twitter_card":"summary_large_image","twitter_misc":{"Autor":"Pova\u017esk\u00e9 m\u00fazeum","Predpokladan\u00fd \u010das \u010d\u00edtania":"1 min\u00fata"},"schema":{"@context":"https:\/\/schema.org","@graph":[{"@type":"Article","@id":"https:\/\/pmza.sk\/?p=34817#article","isPartOf":{"@id":"https:\/\/pmza.sk\/?p=34817"},"author":{"name":"Pova\u017esk\u00e9 m\u00fazeum","@id":"https:\/\/pmza.sk\/#\/schema\/person\/595e6a2ce731ea94dcd5d7f50a41ae33"},"headline":"V\u00fdvoj opevnen\u00ed od praveku po stredovek\u00e9 hrady","datePublished":"2019-06-27T05:22:08+00:00","mainEntityOfPage":{"@id":"https:\/\/pmza.sk\/?p=34817"},"wordCount":206,"publisher":{"@id":"https:\/\/pmza.sk\/#organization"},"image":{"@id":"https:\/\/pmza.sk\/?p=34817#primaryimage"},"thumbnailUrl":"https:\/\/pmza.sk\/wp-content\/uploads\/2019\/06\/vyvoj_opevneni_www.jpg","articleSection":["Aktuality"],"inLanguage":"sk-SK"},{"@type":"WebPage","@id":"https:\/\/pmza.sk\/?p=34817","url":"https:\/\/pmza.sk\/?p=34817","name":"V\u00fdvoj opevnen\u00ed od praveku po stredovek\u00e9 hrady - Pova\u017esk\u00e9 m\u00fazeum","isPartOf":{"@id":"https:\/\/pmza.sk\/#website"},"primaryImageOfPage":{"@id":"https:\/\/pmza.sk\/?p=34817#primaryimage"},"image":{"@id":"https:\/\/pmza.sk\/?p=34817#primaryimage"},"thumbnailUrl":"https:\/\/pmza.sk\/wp-content\/uploads\/2019\/06\/vyvoj_opevneni_www.jpg","datePublished":"2019-06-27T05:22:08+00:00","breadcrumb":{"@id":"https:\/\/pmza.sk\/?p=34817#breadcrumb"},"inLanguage":"sk-SK","potentialAction":[{"@type":"ReadAction","target":["https:\/\/pmza.sk\/?p=34817"]}]},{"@type":"ImageObject","inLanguage":"sk-SK","@id":"https:\/\/pmza.sk\/?p=34817#primaryimage","url":"https:\/\/pmza.sk\/wp-content\/uploads\/2019\/06\/vyvoj_opevneni_www.jpg","contentUrl":"https:\/\/pmza.sk\/wp-content\/uploads\/2019\/06\/vyvoj_opevneni_www.jpg","width":566,"height":800},{"@type":"BreadcrumbList","@id":"https:\/\/pmza.sk\/?p=34817#breadcrumb","itemListElement":[{"@type":"ListItem","position":1,"name":"Domovsk\u00e1 str\u00e1nka","item":"https:\/\/pmza.sk\/"},{"@type":"ListItem","position":2,"name":"V\u00fdvoj opevnen\u00ed od praveku po stredovek\u00e9 hrady"}]},{"@type":"WebSite","@id":"https:\/\/pmza.sk\/#website","url":"https:\/\/pmza.sk\/","name":"Pova\u017esk\u00e9 m\u00fazeum","description":"Pova\u017esk\u00e9 m\u00fazeum v \u017diline je region\u00e1lne m\u00fazeum so s\u00eddlom v Budat\u00edne. Jeho expoz\u00edcie s\u00fa zameran\u00e9 na dejiny slovensk\u00e9ho umenia, kult\u00fary a dopravy.","publisher":{"@id":"https:\/\/pmza.sk\/#organization"},"potentialAction":[{"@type":"SearchAction","target":{"@type":"EntryPoint","urlTemplate":"https:\/\/pmza.sk\/?s={search_term_string}"},"query-input":{"@type":"PropertyValueSpecification","valueRequired":true,"valueName":"search_term_string"}}],"inLanguage":"sk-SK"},{"@type":"Organization","@id":"https:\/\/pmza.sk\/#organization","name":"Pova\u017esk\u00e9 m\u00fazeum","url":"https:\/\/pmza.sk\/","logo":{"@type":"ImageObject","inLanguage":"sk-SK","@id":"https:\/\/pmza.sk\/#\/schema\/logo\/image\/","url":"https:\/\/pmza.sk\/wp-content\/uploads\/2022\/01\/logo_PM_horizontal.jpg","contentUrl":"https:\/\/pmza.sk\/wp-content\/uploads\/2022\/01\/logo_PM_horizontal.jpg","width":231,"height":142,"caption":"Pova\u017esk\u00e9 m\u00fazeum"},"image":{"@id":"https:\/\/pmza.sk\/#\/schema\/logo\/image\/"},"sameAs":["https:\/\/www.facebook.com\/povazskemuzeum","https:\/\/www.instagram.com\/povazskemuzeum\/"]},{"@type":"Person","@id":"https:\/\/pmza.sk\/#\/schema\/person\/595e6a2ce731ea94dcd5d7f50a41ae33","name":"Pova\u017esk\u00e9 m\u00fazeum","image":{"@type":"ImageObject","inLanguage":"sk-SK","@id":"https:\/\/secure.gravatar.com\/avatar\/2bb7f1561282132fb5826dfeccc66c7996d11ee392ac6aaf7ced8a1c2027fbb2?s=96&d=mm&r=g","url":"https:\/\/secure.gravatar.com\/avatar\/2bb7f1561282132fb5826dfeccc66c7996d11ee392ac6aaf7ced8a1c2027fbb2?s=96&d=mm&r=g","contentUrl":"https:\/\/secure.gravatar.com\/avatar\/2bb7f1561282132fb5826dfeccc66c7996d11ee392ac6aaf7ced8a1c2027fbb2?s=96&d=mm&r=g","caption":"Pova\u017esk\u00e9 m\u00fazeum"}}]}},"_links":{"self":[{"href":"https:\/\/pmza.sk\/index.php?rest_route=\/wp\/v2\/posts\/34817","targetHints":{"allow":["GET"]}}],"collection":[{"href":"https:\/\/pmza.sk\/index.php?rest_route=\/wp\/v2\/posts"}],"about":[{"href":"https:\/\/pmza.sk\/index.php?rest_route=\/wp\/v2\/types\/post"}],"author":[{"embeddable":true,"href":"https:\/\/pmza.sk\/index.php?rest_route=\/wp\/v2\/users\/2"}],"replies":[{"embeddable":true,"href":"https:\/\/pmza.sk\/index.php?rest_route=%2Fwp%2Fv2%2Fcomments&post=34817"}],"version-history":[{"count":0,"href":"https:\/\/pmza.sk\/index.php?rest_route=\/wp\/v2\/posts\/34817\/revisions"}],"wp:featuredmedia":[{"embeddable":true,"href":"https:\/\/pmza.sk\/index.php?rest_route=\/wp\/v2\/media\/34818"}],"wp:attachment":[{"href":"https:\/\/pmza.sk\/index.php?rest_route=%2Fwp%2Fv2%2Fmedia&parent=34817"}],"wp:term":[{"taxonomy":"category","embeddable":true,"href":"https:\/\/pmza.sk\/index.php?rest_route=%2Fwp%2Fv2%2Fcategories&post=34817"},{"taxonomy":"post_tag","embeddable":true,"href":"https:\/\/pmza.sk\/index.php?rest_route=%2Fwp%2Fv2%2Ftags&post=34817"}],"curies":[{"name":"wp","href":"https:\/\/api.w.org\/{rel}","templated":true}]}}