{"id":34826,"date":"2019-06-27T07:35:57","date_gmt":"2019-06-27T05:35:57","guid":{"rendered":"https:\/\/pmza.sk\/?p=34826"},"modified":"2019-06-27T07:35:57","modified_gmt":"2019-06-27T05:35:57","slug":"ludia-a-poklady-luzickej-kultury","status":"publish","type":"post","link":"https:\/\/pmza.sk\/?p=34826","title":{"rendered":"\u013dudia a poklady lu\u017eickej kult\u00fary"},"content":{"rendered":"<p><em>\u013dudia a\u00a0poklady lu\u017eickej kult\u00fary. Severoz\u00e1padn\u00e9 Slovensko na prelome bronzov\u00e9ho a\u00a0\u017eelezn\u00e9ho veku<\/em> \u2013 tak znie cel\u00fd n\u00e1zov putovnej v\u00fdstavy, ktor\u00fa spolo\u010dne pripravili archeol\u00f3govia Mgr. Zuzana Stanekov\u00e1 z Pova\u017esk\u00e9ho m\u00fazea v\u00a0\u017diline, Mgr. Barbora Danielov\u00e1 z Oravsk\u00e9ho m\u00fazea P. O. Hviezdoslava, Mgr. Marek Both zo Slovensk\u00e9ho n\u00e1rodn\u00e9ho m\u00fazea v\u00a0Martine a\u00a0Mgr. Dominika Andre\u00e1nska. Po troch mesiacoch, kedy bola in\u0161talovan\u00e1 v\u00a0priestoroch SNM Etnografick\u00e9ho m\u00fazea v\u00a0Martine sa v\u00a0j\u00fali presunie do priestorov Budat\u00ednskeho hradu. T\u00e1to archeologick\u00e1 v\u00fdstava prezentuje \u017eivot a\u00a0smr\u0165 a\u00a0jej vn\u00edmanie v\u00a0\u013eudskej spolo\u010dnosti v\u00a0neskorej dobre bronzovej a\u00a0star\u0161ej dobe \u017eeleznej (1300 \u2013 700 pred n. l.). Lu\u017eick\u00e1 kult\u00fara, ako s\u00fa\u010das\u0165 komplexu popolnicov\u00fdch pol\u00ed bola identifikovan\u00e1 v\u00a0druhej polovici 19. storo\u010dia Rudolfom Virchowom na z\u00e1klade n\u00e1lezov z\u00a0historick\u00e9ho \u00fazemia Lu\u017eice. Po\u010das svojho najv\u00e4\u010d\u0161ieho \u00fazemn\u00e9ho rozmachu (okolo roku 1000 pred n. l.) zaberala takmer cel\u00fa oblas\u0165 dne\u0161n\u00e9ho Po\u013eska, v\u00fdchodn\u00e9ho Nemecka, pri\u013eahl\u00fa \u010das\u0165 \u010ciech a\u00a0hornat\u00e9 \u00fazemie Slovenska. Archeologick\u00e9 n\u00e1lezy, ktor\u00e9 lu\u017eick\u00fa kult\u00faru charakterizuj\u00fa s\u00fa \u017eiarov\u00e9 hroby s\u00a0milodarmi v\u00a0r\u00f4znej podobe od \u0161perkov, cez zbrane a\u017e po potraviny.<\/p>\n<p><em>\u201eCie\u013eom tejto v\u00fdstavy je obozn\u00e1mi\u0165 n\u00e1v\u0161tevn\u00edkov nielen s\u00a0pohrebn\u00fdm ritu\u00e1lom, ale i sp\u00f4sobom ka\u017edodenn\u00e9ho \u017eivota \u013eud\u00ed tejto svojr\u00e1znej a\u00a0pre hist\u00f3riu Slovenska tak z\u00e1sadnej kult\u00fary. A\u00a0tak m\u00faze\u00e1 spojili svoje sily, aby poskytli n\u00e1v\u0161tevn\u00edkom jedine\u010dn\u00fa mo\u017enos\u0165 vidie\u0165 tie najvz\u00e1cnej\u0161ie n\u00e1lezy lu\u017eickej kult\u00fary pod jednou strechou. Ve\u013ek\u00fdm plusom v\u00fdstavy je aj skuto\u010dnos\u0165, \u017ee neprezentuje len samotn\u00e9 archeologick\u00e9 artefakty, ale formou dior\u00e1m a\u00a0trojrozmern\u00fdch modelov d\u00e1va n\u00e1v\u0161tevn\u00edkom mo\u017enos\u0165 podrobnej\u0161ie si predstavi\u0165 sp\u00f4sob \u017eivota spred troch tis\u00edcro\u010d\u00ed, a\u00a0t\u00fdm\u00a0lep\u0161ie pochopi\u0165 v\u00fdvoj spolo\u010dnosti ako takej.\u201c<\/em> pribl\u00ed\u017eila archeologi\u010dka Pova\u017esk\u00e9ho m\u00fazea v\u00a0\u017diline Mgr. Zuzana Stanekov\u00e1.<\/p>\n<p>K\u00a0v\u00fdstave vznikol i\u00a0katal\u00f3g, ktor\u00fd podrobne rozober\u00e1 vtedaj\u0161\u00ed \u017eivot. \u010citate\u013e tu n\u00e1jde z\u00e1kladn\u00e9 inform\u00e1cie nielen o\u00a0v\u00fdvoji kult\u00fary, ale aj\u00a0o\u00a0odievan\u00ed, stavebn\u00edctve, remesl\u00e1ch, vojenstve a\u00a0o\u00a0bronzov\u00fdch pokladoch objaven\u00fdch za r\u00f4znych okolnost\u00ed v\u00a0ter\u00e9ne. Dvojjazy\u010dn\u00fd katal\u00f3g obsahuje mno\u017estvo fotografi\u00ed n\u00e1lezov, ktor\u00e9 s\u00fa s\u00fa\u010das\u0165ou v\u00fdstavy.<\/p>\n<p>Vernis\u00e1\u017e v\u00fdstavy bude\u00a0v Budat\u00ednskom hrade 11. j\u00fala 2019 o\u00a016.00. V\u00a0t\u00fdchto priestoroch ju n\u00e1v\u0161tevn\u00edci bud\u00fa m\u00f4c\u0165 vidie\u0165 a\u017e do 20. okt\u00f3bra 2019.<\/p>\n","protected":false},"excerpt":{"rendered":"<p>\u013dudia a\u00a0poklady lu\u017eickej kult\u00fary. Severoz\u00e1padn\u00e9 Slovensko na prelome bronzov\u00e9ho a\u00a0\u017eelezn\u00e9ho veku \u2013 tak znie cel\u00fd n\u00e1zov putovnej v\u00fdstavy, ktor\u00fa spolo\u010dne pripravili archeol\u00f3govia Mgr. Zuzana Stanekov\u00e1 z Pova\u017esk\u00e9ho m\u00fazea v\u00a0\u017diline, Mgr. Barbora Danielov\u00e1 z Oravsk\u00e9ho m\u00fazea P. O. Hviezdoslava, Mgr. Marek Both zo Slovensk\u00e9ho n\u00e1rodn\u00e9ho m\u00fazea v\u00a0Martine a\u00a0Mgr. Dominika Andre\u00e1nska. Po troch mesiacoch, kedy bola in\u0161talovan\u00e1 [&hellip;]<\/p>\n","protected":false},"author":2,"featured_media":34828,"comment_status":"closed","ping_status":"closed","sticky":false,"template":"","format":"standard","meta":{"site-sidebar-layout":"default","site-content-layout":"","ast-site-content-layout":"","site-content-style":"default","site-sidebar-style":"default","ast-global-header-display":"","ast-banner-title-visibility":"","ast-main-header-display":"","ast-hfb-above-header-display":"","ast-hfb-below-header-display":"","ast-hfb-mobile-header-display":"","site-post-title":"","ast-breadcrumbs-content":"","ast-featured-img":"","footer-sml-layout":"","theme-transparent-header-meta":"","adv-header-id-meta":"","stick-header-meta":"","header-above-stick-meta":"","header-main-stick-meta":"","header-below-stick-meta":"","astra-migrate-meta-layouts":"default","ast-page-background-enabled":"default","ast-page-background-meta":{"desktop":{"background-color":"var(--ast-global-color-4)","background-image":"","background-repeat":"repeat","background-position":"center center","background-size":"auto","background-attachment":"scroll","background-type":"","background-media":"","overlay-type":"","overlay-color":"","overlay-opacity":"","overlay-gradient":""},"tablet":{"background-color":"","background-image":"","background-repeat":"repeat","background-position":"center center","background-size":"auto","background-attachment":"scroll","background-type":"","background-media":"","overlay-type":"","overlay-color":"","overlay-opacity":"","overlay-gradient":""},"mobile":{"background-color":"","background-image":"","background-repeat":"repeat","background-position":"center center","background-size":"auto","background-attachment":"scroll","background-type":"","background-media":"","overlay-type":"","overlay-color":"","overlay-opacity":"","overlay-gradient":""}},"ast-content-background-meta":{"desktop":{"background-color":"var(--ast-global-color-5)","background-image":"","background-repeat":"repeat","background-position":"center center","background-size":"auto","background-attachment":"scroll","background-type":"","background-media":"","overlay-type":"","overlay-color":"","overlay-opacity":"","overlay-gradient":""},"tablet":{"background-color":"var(--ast-global-color-5)","background-image":"","background-repeat":"repeat","background-position":"center center","background-size":"auto","background-attachment":"scroll","background-type":"","background-media":"","overlay-type":"","overlay-color":"","overlay-opacity":"","overlay-gradient":""},"mobile":{"background-color":"var(--ast-global-color-5)","background-image":"","background-repeat":"repeat","background-position":"center center","background-size":"auto","background-attachment":"scroll","background-type":"","background-media":"","overlay-type":"","overlay-color":"","overlay-opacity":"","overlay-gradient":""}},"footnotes":""},"categories":[31],"tags":[],"class_list":["post-34826","post","type-post","status-publish","format-standard","has-post-thumbnail","hentry","category-aktuality"],"yoast_head":"<!-- This site is optimized with the Yoast SEO plugin v27.4 - https:\/\/yoast.com\/product\/yoast-seo-wordpress\/ -->\n<title>\u013dudia a poklady lu\u017eickej kult\u00fary - Pova\u017esk\u00e9 m\u00fazeum<\/title>\n<meta name=\"robots\" content=\"index, follow, max-snippet:-1, max-image-preview:large, max-video-preview:-1\" \/>\n<link rel=\"canonical\" href=\"https:\/\/pmza.sk\/?p=34826\" \/>\n<meta property=\"og:locale\" content=\"sk_SK\" \/>\n<meta property=\"og:type\" content=\"article\" \/>\n<meta property=\"og:title\" content=\"\u013dudia a poklady lu\u017eickej kult\u00fary - Pova\u017esk\u00e9 m\u00fazeum\" \/>\n<meta property=\"og:description\" content=\"\u013dudia a\u00a0poklady lu\u017eickej kult\u00fary. Severoz\u00e1padn\u00e9 Slovensko na prelome bronzov\u00e9ho a\u00a0\u017eelezn\u00e9ho veku \u2013 tak znie cel\u00fd n\u00e1zov putovnej v\u00fdstavy, ktor\u00fa spolo\u010dne pripravili archeol\u00f3govia Mgr. Zuzana Stanekov\u00e1 z Pova\u017esk\u00e9ho m\u00fazea v\u00a0\u017diline, Mgr. Barbora Danielov\u00e1 z Oravsk\u00e9ho m\u00fazea P. O. Hviezdoslava, Mgr. Marek Both zo Slovensk\u00e9ho n\u00e1rodn\u00e9ho m\u00fazea v\u00a0Martine a\u00a0Mgr. Dominika Andre\u00e1nska. Po troch mesiacoch, kedy bola in\u0161talovan\u00e1 [&hellip;]\" \/>\n<meta property=\"og:url\" content=\"https:\/\/pmza.sk\/?p=34826\" \/>\n<meta property=\"og:site_name\" content=\"Pova\u017esk\u00e9 m\u00fazeum\" \/>\n<meta property=\"article:publisher\" content=\"https:\/\/www.facebook.com\/povazskemuzeum\" \/>\n<meta property=\"article:published_time\" content=\"2019-06-27T05:35:57+00:00\" \/>\n<meta property=\"og:image\" content=\"https:\/\/pmza.sk\/wp-content\/uploads\/2019\/06\/luzicka_kultura_www-1.jpg\" \/>\n\t<meta property=\"og:image:width\" content=\"566\" \/>\n\t<meta property=\"og:image:height\" content=\"800\" \/>\n\t<meta property=\"og:image:type\" content=\"image\/jpeg\" \/>\n<meta name=\"author\" content=\"Pova\u017esk\u00e9 m\u00fazeum\" \/>\n<meta name=\"twitter:card\" content=\"summary_large_image\" \/>\n<meta name=\"twitter:label1\" content=\"Autor\" \/>\n\t<meta name=\"twitter:data1\" content=\"Pova\u017esk\u00e9 m\u00fazeum\" \/>\n\t<meta name=\"twitter:label2\" content=\"Predpokladan\u00fd \u010das \u010d\u00edtania\" \/>\n\t<meta name=\"twitter:data2\" content=\"2 min\u00faty\" \/>\n<script type=\"application\/ld+json\" class=\"yoast-schema-graph\">{\"@context\":\"https:\\\/\\\/schema.org\",\"@graph\":[{\"@type\":\"Article\",\"@id\":\"https:\\\/\\\/pmza.sk\\\/?p=34826#article\",\"isPartOf\":{\"@id\":\"https:\\\/\\\/pmza.sk\\\/?p=34826\"},\"author\":{\"name\":\"Pova\u017esk\u00e9 m\u00fazeum\",\"@id\":\"https:\\\/\\\/pmza.sk\\\/#\\\/schema\\\/person\\\/595e6a2ce731ea94dcd5d7f50a41ae33\"},\"headline\":\"\u013dudia a poklady lu\u017eickej kult\u00fary\",\"datePublished\":\"2019-06-27T05:35:57+00:00\",\"mainEntityOfPage\":{\"@id\":\"https:\\\/\\\/pmza.sk\\\/?p=34826\"},\"wordCount\":458,\"publisher\":{\"@id\":\"https:\\\/\\\/pmza.sk\\\/#organization\"},\"image\":{\"@id\":\"https:\\\/\\\/pmza.sk\\\/?p=34826#primaryimage\"},\"thumbnailUrl\":\"https:\\\/\\\/pmza.sk\\\/wp-content\\\/uploads\\\/2019\\\/06\\\/luzicka_kultura_www-1.jpg\",\"articleSection\":[\"Aktuality\"],\"inLanguage\":\"sk-SK\"},{\"@type\":\"WebPage\",\"@id\":\"https:\\\/\\\/pmza.sk\\\/?p=34826\",\"url\":\"https:\\\/\\\/pmza.sk\\\/?p=34826\",\"name\":\"\u013dudia a poklady lu\u017eickej kult\u00fary - Pova\u017esk\u00e9 m\u00fazeum\",\"isPartOf\":{\"@id\":\"https:\\\/\\\/pmza.sk\\\/#website\"},\"primaryImageOfPage\":{\"@id\":\"https:\\\/\\\/pmza.sk\\\/?p=34826#primaryimage\"},\"image\":{\"@id\":\"https:\\\/\\\/pmza.sk\\\/?p=34826#primaryimage\"},\"thumbnailUrl\":\"https:\\\/\\\/pmza.sk\\\/wp-content\\\/uploads\\\/2019\\\/06\\\/luzicka_kultura_www-1.jpg\",\"datePublished\":\"2019-06-27T05:35:57+00:00\",\"breadcrumb\":{\"@id\":\"https:\\\/\\\/pmza.sk\\\/?p=34826#breadcrumb\"},\"inLanguage\":\"sk-SK\",\"potentialAction\":[{\"@type\":\"ReadAction\",\"target\":[\"https:\\\/\\\/pmza.sk\\\/?p=34826\"]}]},{\"@type\":\"ImageObject\",\"inLanguage\":\"sk-SK\",\"@id\":\"https:\\\/\\\/pmza.sk\\\/?p=34826#primaryimage\",\"url\":\"https:\\\/\\\/pmza.sk\\\/wp-content\\\/uploads\\\/2019\\\/06\\\/luzicka_kultura_www-1.jpg\",\"contentUrl\":\"https:\\\/\\\/pmza.sk\\\/wp-content\\\/uploads\\\/2019\\\/06\\\/luzicka_kultura_www-1.jpg\",\"width\":566,\"height\":800},{\"@type\":\"BreadcrumbList\",\"@id\":\"https:\\\/\\\/pmza.sk\\\/?p=34826#breadcrumb\",\"itemListElement\":[{\"@type\":\"ListItem\",\"position\":1,\"name\":\"Domovsk\u00e1 str\u00e1nka\",\"item\":\"https:\\\/\\\/pmza.sk\\\/\"},{\"@type\":\"ListItem\",\"position\":2,\"name\":\"\u013dudia a poklady lu\u017eickej kult\u00fary\"}]},{\"@type\":\"WebSite\",\"@id\":\"https:\\\/\\\/pmza.sk\\\/#website\",\"url\":\"https:\\\/\\\/pmza.sk\\\/\",\"name\":\"Pova\u017esk\u00e9 m\u00fazeum\",\"description\":\"Pova\u017esk\u00e9 m\u00fazeum v \u017diline je region\u00e1lne m\u00fazeum so s\u00eddlom v Budat\u00edne. Jeho expoz\u00edcie s\u00fa zameran\u00e9 na dejiny slovensk\u00e9ho umenia, kult\u00fary a dopravy.\",\"publisher\":{\"@id\":\"https:\\\/\\\/pmza.sk\\\/#organization\"},\"potentialAction\":[{\"@type\":\"SearchAction\",\"target\":{\"@type\":\"EntryPoint\",\"urlTemplate\":\"https:\\\/\\\/pmza.sk\\\/?s={search_term_string}\"},\"query-input\":{\"@type\":\"PropertyValueSpecification\",\"valueRequired\":true,\"valueName\":\"search_term_string\"}}],\"inLanguage\":\"sk-SK\"},{\"@type\":\"Organization\",\"@id\":\"https:\\\/\\\/pmza.sk\\\/#organization\",\"name\":\"Pova\u017esk\u00e9 m\u00fazeum\",\"url\":\"https:\\\/\\\/pmza.sk\\\/\",\"logo\":{\"@type\":\"ImageObject\",\"inLanguage\":\"sk-SK\",\"@id\":\"https:\\\/\\\/pmza.sk\\\/#\\\/schema\\\/logo\\\/image\\\/\",\"url\":\"https:\\\/\\\/pmza.sk\\\/wp-content\\\/uploads\\\/2022\\\/01\\\/logo_PM_horizontal.jpg\",\"contentUrl\":\"https:\\\/\\\/pmza.sk\\\/wp-content\\\/uploads\\\/2022\\\/01\\\/logo_PM_horizontal.jpg\",\"width\":231,\"height\":142,\"caption\":\"Pova\u017esk\u00e9 m\u00fazeum\"},\"image\":{\"@id\":\"https:\\\/\\\/pmza.sk\\\/#\\\/schema\\\/logo\\\/image\\\/\"},\"sameAs\":[\"https:\\\/\\\/www.facebook.com\\\/povazskemuzeum\",\"https:\\\/\\\/www.instagram.com\\\/povazskemuzeum\\\/\"]},{\"@type\":\"Person\",\"@id\":\"https:\\\/\\\/pmza.sk\\\/#\\\/schema\\\/person\\\/595e6a2ce731ea94dcd5d7f50a41ae33\",\"name\":\"Pova\u017esk\u00e9 m\u00fazeum\",\"image\":{\"@type\":\"ImageObject\",\"inLanguage\":\"sk-SK\",\"@id\":\"https:\\\/\\\/secure.gravatar.com\\\/avatar\\\/2bb7f1561282132fb5826dfeccc66c7996d11ee392ac6aaf7ced8a1c2027fbb2?s=96&d=mm&r=g\",\"url\":\"https:\\\/\\\/secure.gravatar.com\\\/avatar\\\/2bb7f1561282132fb5826dfeccc66c7996d11ee392ac6aaf7ced8a1c2027fbb2?s=96&d=mm&r=g\",\"contentUrl\":\"https:\\\/\\\/secure.gravatar.com\\\/avatar\\\/2bb7f1561282132fb5826dfeccc66c7996d11ee392ac6aaf7ced8a1c2027fbb2?s=96&d=mm&r=g\",\"caption\":\"Pova\u017esk\u00e9 m\u00fazeum\"}}]}<\/script>\n<!-- \/ Yoast SEO plugin. -->","yoast_head_json":{"title":"\u013dudia a poklady lu\u017eickej kult\u00fary - Pova\u017esk\u00e9 m\u00fazeum","robots":{"index":"index","follow":"follow","max-snippet":"max-snippet:-1","max-image-preview":"max-image-preview:large","max-video-preview":"max-video-preview:-1"},"canonical":"https:\/\/pmza.sk\/?p=34826","og_locale":"sk_SK","og_type":"article","og_title":"\u013dudia a poklady lu\u017eickej kult\u00fary - Pova\u017esk\u00e9 m\u00fazeum","og_description":"\u013dudia a\u00a0poklady lu\u017eickej kult\u00fary. Severoz\u00e1padn\u00e9 Slovensko na prelome bronzov\u00e9ho a\u00a0\u017eelezn\u00e9ho veku \u2013 tak znie cel\u00fd n\u00e1zov putovnej v\u00fdstavy, ktor\u00fa spolo\u010dne pripravili archeol\u00f3govia Mgr. Zuzana Stanekov\u00e1 z Pova\u017esk\u00e9ho m\u00fazea v\u00a0\u017diline, Mgr. Barbora Danielov\u00e1 z Oravsk\u00e9ho m\u00fazea P. O. Hviezdoslava, Mgr. Marek Both zo Slovensk\u00e9ho n\u00e1rodn\u00e9ho m\u00fazea v\u00a0Martine a\u00a0Mgr. Dominika Andre\u00e1nska. Po troch mesiacoch, kedy bola in\u0161talovan\u00e1 [&hellip;]","og_url":"https:\/\/pmza.sk\/?p=34826","og_site_name":"Pova\u017esk\u00e9 m\u00fazeum","article_publisher":"https:\/\/www.facebook.com\/povazskemuzeum","article_published_time":"2019-06-27T05:35:57+00:00","og_image":[{"width":566,"height":800,"url":"https:\/\/pmza.sk\/wp-content\/uploads\/2019\/06\/luzicka_kultura_www-1.jpg","type":"image\/jpeg"}],"author":"Pova\u017esk\u00e9 m\u00fazeum","twitter_card":"summary_large_image","twitter_misc":{"Autor":"Pova\u017esk\u00e9 m\u00fazeum","Predpokladan\u00fd \u010das \u010d\u00edtania":"2 min\u00faty"},"schema":{"@context":"https:\/\/schema.org","@graph":[{"@type":"Article","@id":"https:\/\/pmza.sk\/?p=34826#article","isPartOf":{"@id":"https:\/\/pmza.sk\/?p=34826"},"author":{"name":"Pova\u017esk\u00e9 m\u00fazeum","@id":"https:\/\/pmza.sk\/#\/schema\/person\/595e6a2ce731ea94dcd5d7f50a41ae33"},"headline":"\u013dudia a poklady lu\u017eickej kult\u00fary","datePublished":"2019-06-27T05:35:57+00:00","mainEntityOfPage":{"@id":"https:\/\/pmza.sk\/?p=34826"},"wordCount":458,"publisher":{"@id":"https:\/\/pmza.sk\/#organization"},"image":{"@id":"https:\/\/pmza.sk\/?p=34826#primaryimage"},"thumbnailUrl":"https:\/\/pmza.sk\/wp-content\/uploads\/2019\/06\/luzicka_kultura_www-1.jpg","articleSection":["Aktuality"],"inLanguage":"sk-SK"},{"@type":"WebPage","@id":"https:\/\/pmza.sk\/?p=34826","url":"https:\/\/pmza.sk\/?p=34826","name":"\u013dudia a poklady lu\u017eickej kult\u00fary - Pova\u017esk\u00e9 m\u00fazeum","isPartOf":{"@id":"https:\/\/pmza.sk\/#website"},"primaryImageOfPage":{"@id":"https:\/\/pmza.sk\/?p=34826#primaryimage"},"image":{"@id":"https:\/\/pmza.sk\/?p=34826#primaryimage"},"thumbnailUrl":"https:\/\/pmza.sk\/wp-content\/uploads\/2019\/06\/luzicka_kultura_www-1.jpg","datePublished":"2019-06-27T05:35:57+00:00","breadcrumb":{"@id":"https:\/\/pmza.sk\/?p=34826#breadcrumb"},"inLanguage":"sk-SK","potentialAction":[{"@type":"ReadAction","target":["https:\/\/pmza.sk\/?p=34826"]}]},{"@type":"ImageObject","inLanguage":"sk-SK","@id":"https:\/\/pmza.sk\/?p=34826#primaryimage","url":"https:\/\/pmza.sk\/wp-content\/uploads\/2019\/06\/luzicka_kultura_www-1.jpg","contentUrl":"https:\/\/pmza.sk\/wp-content\/uploads\/2019\/06\/luzicka_kultura_www-1.jpg","width":566,"height":800},{"@type":"BreadcrumbList","@id":"https:\/\/pmza.sk\/?p=34826#breadcrumb","itemListElement":[{"@type":"ListItem","position":1,"name":"Domovsk\u00e1 str\u00e1nka","item":"https:\/\/pmza.sk\/"},{"@type":"ListItem","position":2,"name":"\u013dudia a poklady lu\u017eickej kult\u00fary"}]},{"@type":"WebSite","@id":"https:\/\/pmza.sk\/#website","url":"https:\/\/pmza.sk\/","name":"Pova\u017esk\u00e9 m\u00fazeum","description":"Pova\u017esk\u00e9 m\u00fazeum v \u017diline je region\u00e1lne m\u00fazeum so s\u00eddlom v Budat\u00edne. Jeho expoz\u00edcie s\u00fa zameran\u00e9 na dejiny slovensk\u00e9ho umenia, kult\u00fary a dopravy.","publisher":{"@id":"https:\/\/pmza.sk\/#organization"},"potentialAction":[{"@type":"SearchAction","target":{"@type":"EntryPoint","urlTemplate":"https:\/\/pmza.sk\/?s={search_term_string}"},"query-input":{"@type":"PropertyValueSpecification","valueRequired":true,"valueName":"search_term_string"}}],"inLanguage":"sk-SK"},{"@type":"Organization","@id":"https:\/\/pmza.sk\/#organization","name":"Pova\u017esk\u00e9 m\u00fazeum","url":"https:\/\/pmza.sk\/","logo":{"@type":"ImageObject","inLanguage":"sk-SK","@id":"https:\/\/pmza.sk\/#\/schema\/logo\/image\/","url":"https:\/\/pmza.sk\/wp-content\/uploads\/2022\/01\/logo_PM_horizontal.jpg","contentUrl":"https:\/\/pmza.sk\/wp-content\/uploads\/2022\/01\/logo_PM_horizontal.jpg","width":231,"height":142,"caption":"Pova\u017esk\u00e9 m\u00fazeum"},"image":{"@id":"https:\/\/pmza.sk\/#\/schema\/logo\/image\/"},"sameAs":["https:\/\/www.facebook.com\/povazskemuzeum","https:\/\/www.instagram.com\/povazskemuzeum\/"]},{"@type":"Person","@id":"https:\/\/pmza.sk\/#\/schema\/person\/595e6a2ce731ea94dcd5d7f50a41ae33","name":"Pova\u017esk\u00e9 m\u00fazeum","image":{"@type":"ImageObject","inLanguage":"sk-SK","@id":"https:\/\/secure.gravatar.com\/avatar\/2bb7f1561282132fb5826dfeccc66c7996d11ee392ac6aaf7ced8a1c2027fbb2?s=96&d=mm&r=g","url":"https:\/\/secure.gravatar.com\/avatar\/2bb7f1561282132fb5826dfeccc66c7996d11ee392ac6aaf7ced8a1c2027fbb2?s=96&d=mm&r=g","contentUrl":"https:\/\/secure.gravatar.com\/avatar\/2bb7f1561282132fb5826dfeccc66c7996d11ee392ac6aaf7ced8a1c2027fbb2?s=96&d=mm&r=g","caption":"Pova\u017esk\u00e9 m\u00fazeum"}}]}},"_links":{"self":[{"href":"https:\/\/pmza.sk\/index.php?rest_route=\/wp\/v2\/posts\/34826","targetHints":{"allow":["GET"]}}],"collection":[{"href":"https:\/\/pmza.sk\/index.php?rest_route=\/wp\/v2\/posts"}],"about":[{"href":"https:\/\/pmza.sk\/index.php?rest_route=\/wp\/v2\/types\/post"}],"author":[{"embeddable":true,"href":"https:\/\/pmza.sk\/index.php?rest_route=\/wp\/v2\/users\/2"}],"replies":[{"embeddable":true,"href":"https:\/\/pmza.sk\/index.php?rest_route=%2Fwp%2Fv2%2Fcomments&post=34826"}],"version-history":[{"count":0,"href":"https:\/\/pmza.sk\/index.php?rest_route=\/wp\/v2\/posts\/34826\/revisions"}],"wp:featuredmedia":[{"embeddable":true,"href":"https:\/\/pmza.sk\/index.php?rest_route=\/wp\/v2\/media\/34828"}],"wp:attachment":[{"href":"https:\/\/pmza.sk\/index.php?rest_route=%2Fwp%2Fv2%2Fmedia&parent=34826"}],"wp:term":[{"taxonomy":"category","embeddable":true,"href":"https:\/\/pmza.sk\/index.php?rest_route=%2Fwp%2Fv2%2Fcategories&post=34826"},{"taxonomy":"post_tag","embeddable":true,"href":"https:\/\/pmza.sk\/index.php?rest_route=%2Fwp%2Fv2%2Ftags&post=34826"}],"curies":[{"name":"wp","href":"https:\/\/api.w.org\/{rel}","templated":true}]}}