{"id":34833,"date":"2019-06-27T12:46:59","date_gmt":"2019-06-27T10:46:59","guid":{"rendered":"https:\/\/pmza.sk\/?p=34833"},"modified":"2019-06-27T12:46:59","modified_gmt":"2019-06-27T10:46:59","slug":"zlate-casy-budatinske-2","status":"publish","type":"post","link":"https:\/\/pmza.sk\/?p=34833","title":{"rendered":"Zlat\u00e9 \u010dasy budat\u00ednske"},"content":{"rendered":"<p>De\u0148 ako vystrihnut\u00fd z \u010dias posledn\u00e9ho majite\u013ea Budat\u00ednskeho hradu, gr\u00f3fa Gejzu \u010c\u00e1kiho. Tak\u00e1 bude <strong>nede\u013ea 14. j\u00fala v are\u00e1li Budat\u00ednskeho hradu.<\/strong> Podujatie Zlat\u00e9 \u010dasy budat\u00ednske l\u00e1ka atmosf\u00e9rou doby zn\u00e1meho panovn\u00edka po tret\u00edkr\u00e1t.<\/p>\n<p><em>\u201eHlavn\u00fd program za\u010d\u00edna \u00a0popoludn\u00ed o\u00a015.00, kedy n\u00e1v\u0161tevn\u00edkov do za\u010diatku 20. storo\u010dia vtiahne <strong>dobov\u00e1 m\u00f3dna prehliadka.<\/strong> Odevy z\u00a0minulosti pohladia o\u010di p\u00e1nov i\u00a0d\u00e1m. Deti sa m\u00f4\u017eu zabavi\u0165 na rozpr\u00e1vke O\u00a0\u010dertovi Kolof\u00f3novi, ktor\u00fa v\u00a0parku predvedie<strong> divadlo Morgonrock.<\/strong> Popoludnie pod stromami spr\u00edjemn\u00ed aj hudba skupiny <strong>Doris Day Band<\/strong> a\u00a0podve\u010der sa m\u00f4\u017eu v\u0161etci te\u0161i\u0165 na t\u00f3ny zn\u00e1mych piesn\u00ed v podan\u00ed kapely<strong> Slovak Tango.<\/strong>\u201c <\/em>pribli\u017euje kult\u00farna mana\u017e\u00e9rka Pova\u017esk\u00e9ho m\u00fazea v\u00a0\u017diline Mgr. Petra Kubikov\u00e1.<\/p>\n<p>\u00a0Sprievodn\u00e9 aktivity bud\u00fa pre verejnos\u0165 pr\u00edstupn\u00e9 po\u010das cel\u00e9ho d\u0148a od 10.00. V hrade bud\u00fa prebieha\u0165 z\u00e1\u017eitkov\u00e9 prehliadky, ktor\u00e9 poodhalia \u010fal\u0161ie detaily zo \u017eivota rodiny Gejzu \u010c\u00e1kiho. Okrem nich n\u00e1v\u0161tevn\u00edkov ur\u010dite up\u00fata nov\u00e1 v\u00fdstava s\u00a0n\u00e1zvom \u201e\u013dudia a\u00a0poklady lu\u017eickej kult\u00fary\u201c, ktor\u00e1 predstav\u00ed najv\u00fdznamnej\u0161ie n\u00e1lezy t\u00fdkaj\u00face sa \u017eivota spred troch tis\u00edcro\u010d\u00ed. Archeologi\u010dka Pova\u017esk\u00e9ho m\u00fazea v\u00a0\u017diline Mgr. Zuzana Stanekov\u00e1 bude v\u00fdstavu komentova\u0165 o\u00a014. 00 popoludn\u00ed. \u00a0\u00a0<\/p>\n<p><em>\u201eV <strong>Tvorivom m\u00fazejnom meste\u010dku<\/strong> uk\u00e1\u017eu svoju kreativitu odborn\u00ed pracovn\u00edci, ktor\u00ed pripravia zauj\u00edmav\u00e9 \u010dinnosti pre cel\u00e9 rodiny. Ch\u00fdba\u0165 nebud\u00fa remeseln\u00edcke st\u00e1nky, ob\u010derstvenie \u010di <\/em><em>dobov\u00fd fotok\u00fatik, v\u00a0ktorom si z\u00e1ujemcovia m\u00f4\u017eu vyhotovi\u0165 pam\u00e4tn\u00fa fotografiu. Prineste si deky, piknikov\u00e9 ko\u0161e a\u00a0pr\u00ed\u010fte str\u00e1vi\u0165 pr\u00edjemn\u00fd de\u0148, po\u010das ktor\u00e9ho sa spolu prenesieme do zlatej \u00e9ry Budat\u00ednskeho hradu!\u201c<\/em> poz\u00fdva Mgr. Petra Kubikov\u00e1. \u00a0<\/p>\n<p>\u00a0Z\u00e1kladn\u00e9 vstupn\u00e9 na podujatie bude 2 \u20ac, z\u013eavnen\u00e9 1 \u20ac. Pri prehliadke hradu bude n\u00e1v\u0161tevn\u00edkom t\u00e1to suma odr\u00e1tan\u00e1 z\u00a0ceny l\u00edstka. Te\u0161\u00edme sa na v\u00e1s!<\/p>\n<p><img fetchpriority=\"high\" decoding=\"async\" class=\"size-thumbnail wp-image-34837 alignleft\" src=\"https:\/\/pmza.sk\/wp-content\/uploads\/2019\/06\/Zazitkova-prehliadka-v-hrade-foto-PMZA-475x300.jpg\" alt=\"\" width=\"475\" height=\"300\" \/><\/p>\n<p><img decoding=\"async\" class=\"size-thumbnail wp-image-34836 alignleft\" src=\"https:\/\/pmza.sk\/wp-content\/uploads\/2019\/06\/Dobova-modna-prehliadka-foto-PMZA-475x300.jpg\" alt=\"\" width=\"475\" height=\"300\" \/><img decoding=\"async\" class=\"size-thumbnail wp-image-34835 alignleft\" src=\"https:\/\/pmza.sk\/wp-content\/uploads\/2019\/06\/Aktivity-pre-rodiny-s-detmi-foto-PMZA-475x300.jpg\" alt=\"\" width=\"475\" height=\"300\" \/><\/p>\n<p>&nbsp;<\/p>\n<p><img loading=\"lazy\" decoding=\"async\" class=\"size-thumbnail wp-image-34838 alignleft\" src=\"https:\/\/pmza.sk\/wp-content\/uploads\/2019\/06\/IMG_4649-475x300.jpg\" alt=\"\" width=\"475\" height=\"300\" \/><\/p>\n","protected":false},"excerpt":{"rendered":"<p>De\u0148 ako vystrihnut\u00fd z \u010dias posledn\u00e9ho majite\u013ea Budat\u00ednskeho hradu, gr\u00f3fa Gejzu \u010c\u00e1kiho. Tak\u00e1 bude nede\u013ea 14. j\u00fala v are\u00e1li Budat\u00ednskeho hradu. Podujatie Zlat\u00e9 \u010dasy budat\u00ednske l\u00e1ka atmosf\u00e9rou doby zn\u00e1meho panovn\u00edka po tret\u00edkr\u00e1t. \u201eHlavn\u00fd program za\u010d\u00edna \u00a0popoludn\u00ed o\u00a015.00, kedy n\u00e1v\u0161tevn\u00edkov do za\u010diatku 20. storo\u010dia vtiahne dobov\u00e1 m\u00f3dna prehliadka. Odevy z\u00a0minulosti pohladia o\u010di p\u00e1nov i\u00a0d\u00e1m. Deti sa [&hellip;]<\/p>\n","protected":false},"author":2,"featured_media":34834,"comment_status":"closed","ping_status":"closed","sticky":false,"template":"","format":"standard","meta":{"site-sidebar-layout":"default","site-content-layout":"","ast-site-content-layout":"","site-content-style":"default","site-sidebar-style":"default","ast-global-header-display":"","ast-banner-title-visibility":"","ast-main-header-display":"","ast-hfb-above-header-display":"","ast-hfb-below-header-display":"","ast-hfb-mobile-header-display":"","site-post-title":"","ast-breadcrumbs-content":"","ast-featured-img":"","footer-sml-layout":"","theme-transparent-header-meta":"","adv-header-id-meta":"","stick-header-meta":"","header-above-stick-meta":"","header-main-stick-meta":"","header-below-stick-meta":"","astra-migrate-meta-layouts":"default","ast-page-background-enabled":"default","ast-page-background-meta":{"desktop":{"background-color":"var(--ast-global-color-4)","background-image":"","background-repeat":"repeat","background-position":"center center","background-size":"auto","background-attachment":"scroll","background-type":"","background-media":"","overlay-type":"","overlay-color":"","overlay-opacity":"","overlay-gradient":""},"tablet":{"background-color":"","background-image":"","background-repeat":"repeat","background-position":"center center","background-size":"auto","background-attachment":"scroll","background-type":"","background-media":"","overlay-type":"","overlay-color":"","overlay-opacity":"","overlay-gradient":""},"mobile":{"background-color":"","background-image":"","background-repeat":"repeat","background-position":"center center","background-size":"auto","background-attachment":"scroll","background-type":"","background-media":"","overlay-type":"","overlay-color":"","overlay-opacity":"","overlay-gradient":""}},"ast-content-background-meta":{"desktop":{"background-color":"var(--ast-global-color-5)","background-image":"","background-repeat":"repeat","background-position":"center center","background-size":"auto","background-attachment":"scroll","background-type":"","background-media":"","overlay-type":"","overlay-color":"","overlay-opacity":"","overlay-gradient":""},"tablet":{"background-color":"var(--ast-global-color-5)","background-image":"","background-repeat":"repeat","background-position":"center center","background-size":"auto","background-attachment":"scroll","background-type":"","background-media":"","overlay-type":"","overlay-color":"","overlay-opacity":"","overlay-gradient":""},"mobile":{"background-color":"var(--ast-global-color-5)","background-image":"","background-repeat":"repeat","background-position":"center center","background-size":"auto","background-attachment":"scroll","background-type":"","background-media":"","overlay-type":"","overlay-color":"","overlay-opacity":"","overlay-gradient":""}},"footnotes":""},"categories":[31],"tags":[],"class_list":["post-34833","post","type-post","status-publish","format-standard","has-post-thumbnail","hentry","category-aktuality"],"yoast_head":"<!-- This site is optimized with the Yoast SEO plugin v27.4 - https:\/\/yoast.com\/product\/yoast-seo-wordpress\/ -->\n<title>Zlat\u00e9 \u010dasy budat\u00ednske - Pova\u017esk\u00e9 m\u00fazeum<\/title>\n<meta name=\"robots\" content=\"index, follow, max-snippet:-1, max-image-preview:large, max-video-preview:-1\" \/>\n<link rel=\"canonical\" href=\"https:\/\/pmza.sk\/?p=34833\" \/>\n<meta property=\"og:locale\" content=\"sk_SK\" \/>\n<meta property=\"og:type\" content=\"article\" \/>\n<meta property=\"og:title\" content=\"Zlat\u00e9 \u010dasy budat\u00ednske - Pova\u017esk\u00e9 m\u00fazeum\" \/>\n<meta property=\"og:description\" content=\"De\u0148 ako vystrihnut\u00fd z \u010dias posledn\u00e9ho majite\u013ea Budat\u00ednskeho hradu, gr\u00f3fa Gejzu \u010c\u00e1kiho. Tak\u00e1 bude nede\u013ea 14. j\u00fala v are\u00e1li Budat\u00ednskeho hradu. Podujatie Zlat\u00e9 \u010dasy budat\u00ednske l\u00e1ka atmosf\u00e9rou doby zn\u00e1meho panovn\u00edka po tret\u00edkr\u00e1t. \u201eHlavn\u00fd program za\u010d\u00edna \u00a0popoludn\u00ed o\u00a015.00, kedy n\u00e1v\u0161tevn\u00edkov do za\u010diatku 20. storo\u010dia vtiahne dobov\u00e1 m\u00f3dna prehliadka. Odevy z\u00a0minulosti pohladia o\u010di p\u00e1nov i\u00a0d\u00e1m. Deti sa [&hellip;]\" \/>\n<meta property=\"og:url\" content=\"https:\/\/pmza.sk\/?p=34833\" \/>\n<meta property=\"og:site_name\" content=\"Pova\u017esk\u00e9 m\u00fazeum\" \/>\n<meta property=\"article:publisher\" content=\"https:\/\/www.facebook.com\/povazskemuzeum\" \/>\n<meta property=\"article:published_time\" content=\"2019-06-27T10:46:59+00:00\" \/>\n<meta property=\"og:image\" content=\"https:\/\/pmza.sk\/wp-content\/uploads\/2019\/06\/zlate_casy_A4_www.jpg\" \/>\n\t<meta property=\"og:image:width\" content=\"566\" \/>\n\t<meta property=\"og:image:height\" content=\"800\" \/>\n\t<meta property=\"og:image:type\" content=\"image\/jpeg\" \/>\n<meta name=\"author\" content=\"Pova\u017esk\u00e9 m\u00fazeum\" \/>\n<meta name=\"twitter:card\" content=\"summary_large_image\" \/>\n<meta name=\"twitter:label1\" content=\"Autor\" \/>\n\t<meta name=\"twitter:data1\" content=\"Pova\u017esk\u00e9 m\u00fazeum\" \/>\n\t<meta name=\"twitter:label2\" content=\"Predpokladan\u00fd \u010das \u010d\u00edtania\" \/>\n\t<meta name=\"twitter:data2\" content=\"2 min\u00faty\" \/>\n<script type=\"application\/ld+json\" class=\"yoast-schema-graph\">{\"@context\":\"https:\\\/\\\/schema.org\",\"@graph\":[{\"@type\":\"Article\",\"@id\":\"https:\\\/\\\/pmza.sk\\\/?p=34833#article\",\"isPartOf\":{\"@id\":\"https:\\\/\\\/pmza.sk\\\/?p=34833\"},\"author\":{\"name\":\"Pova\u017esk\u00e9 m\u00fazeum\",\"@id\":\"https:\\\/\\\/pmza.sk\\\/#\\\/schema\\\/person\\\/595e6a2ce731ea94dcd5d7f50a41ae33\"},\"headline\":\"Zlat\u00e9 \u010dasy budat\u00ednske\",\"datePublished\":\"2019-06-27T10:46:59+00:00\",\"mainEntityOfPage\":{\"@id\":\"https:\\\/\\\/pmza.sk\\\/?p=34833\"},\"wordCount\":345,\"publisher\":{\"@id\":\"https:\\\/\\\/pmza.sk\\\/#organization\"},\"image\":{\"@id\":\"https:\\\/\\\/pmza.sk\\\/?p=34833#primaryimage\"},\"thumbnailUrl\":\"https:\\\/\\\/pmza.sk\\\/wp-content\\\/uploads\\\/2019\\\/06\\\/zlate_casy_A4_www.jpg\",\"articleSection\":[\"Aktuality\"],\"inLanguage\":\"sk-SK\"},{\"@type\":\"WebPage\",\"@id\":\"https:\\\/\\\/pmza.sk\\\/?p=34833\",\"url\":\"https:\\\/\\\/pmza.sk\\\/?p=34833\",\"name\":\"Zlat\u00e9 \u010dasy budat\u00ednske - Pova\u017esk\u00e9 m\u00fazeum\",\"isPartOf\":{\"@id\":\"https:\\\/\\\/pmza.sk\\\/#website\"},\"primaryImageOfPage\":{\"@id\":\"https:\\\/\\\/pmza.sk\\\/?p=34833#primaryimage\"},\"image\":{\"@id\":\"https:\\\/\\\/pmza.sk\\\/?p=34833#primaryimage\"},\"thumbnailUrl\":\"https:\\\/\\\/pmza.sk\\\/wp-content\\\/uploads\\\/2019\\\/06\\\/zlate_casy_A4_www.jpg\",\"datePublished\":\"2019-06-27T10:46:59+00:00\",\"breadcrumb\":{\"@id\":\"https:\\\/\\\/pmza.sk\\\/?p=34833#breadcrumb\"},\"inLanguage\":\"sk-SK\",\"potentialAction\":[{\"@type\":\"ReadAction\",\"target\":[\"https:\\\/\\\/pmza.sk\\\/?p=34833\"]}]},{\"@type\":\"ImageObject\",\"inLanguage\":\"sk-SK\",\"@id\":\"https:\\\/\\\/pmza.sk\\\/?p=34833#primaryimage\",\"url\":\"https:\\\/\\\/pmza.sk\\\/wp-content\\\/uploads\\\/2019\\\/06\\\/zlate_casy_A4_www.jpg\",\"contentUrl\":\"https:\\\/\\\/pmza.sk\\\/wp-content\\\/uploads\\\/2019\\\/06\\\/zlate_casy_A4_www.jpg\",\"width\":566,\"height\":800},{\"@type\":\"BreadcrumbList\",\"@id\":\"https:\\\/\\\/pmza.sk\\\/?p=34833#breadcrumb\",\"itemListElement\":[{\"@type\":\"ListItem\",\"position\":1,\"name\":\"Domovsk\u00e1 str\u00e1nka\",\"item\":\"https:\\\/\\\/pmza.sk\\\/\"},{\"@type\":\"ListItem\",\"position\":2,\"name\":\"Zlat\u00e9 \u010dasy budat\u00ednske\"}]},{\"@type\":\"WebSite\",\"@id\":\"https:\\\/\\\/pmza.sk\\\/#website\",\"url\":\"https:\\\/\\\/pmza.sk\\\/\",\"name\":\"Pova\u017esk\u00e9 m\u00fazeum\",\"description\":\"Pova\u017esk\u00e9 m\u00fazeum v \u017diline je region\u00e1lne m\u00fazeum so s\u00eddlom v Budat\u00edne. Jeho expoz\u00edcie s\u00fa zameran\u00e9 na dejiny slovensk\u00e9ho umenia, kult\u00fary a dopravy.\",\"publisher\":{\"@id\":\"https:\\\/\\\/pmza.sk\\\/#organization\"},\"potentialAction\":[{\"@type\":\"SearchAction\",\"target\":{\"@type\":\"EntryPoint\",\"urlTemplate\":\"https:\\\/\\\/pmza.sk\\\/?s={search_term_string}\"},\"query-input\":{\"@type\":\"PropertyValueSpecification\",\"valueRequired\":true,\"valueName\":\"search_term_string\"}}],\"inLanguage\":\"sk-SK\"},{\"@type\":\"Organization\",\"@id\":\"https:\\\/\\\/pmza.sk\\\/#organization\",\"name\":\"Pova\u017esk\u00e9 m\u00fazeum\",\"url\":\"https:\\\/\\\/pmza.sk\\\/\",\"logo\":{\"@type\":\"ImageObject\",\"inLanguage\":\"sk-SK\",\"@id\":\"https:\\\/\\\/pmza.sk\\\/#\\\/schema\\\/logo\\\/image\\\/\",\"url\":\"https:\\\/\\\/pmza.sk\\\/wp-content\\\/uploads\\\/2022\\\/01\\\/logo_PM_horizontal.jpg\",\"contentUrl\":\"https:\\\/\\\/pmza.sk\\\/wp-content\\\/uploads\\\/2022\\\/01\\\/logo_PM_horizontal.jpg\",\"width\":231,\"height\":142,\"caption\":\"Pova\u017esk\u00e9 m\u00fazeum\"},\"image\":{\"@id\":\"https:\\\/\\\/pmza.sk\\\/#\\\/schema\\\/logo\\\/image\\\/\"},\"sameAs\":[\"https:\\\/\\\/www.facebook.com\\\/povazskemuzeum\",\"https:\\\/\\\/www.instagram.com\\\/povazskemuzeum\\\/\"]},{\"@type\":\"Person\",\"@id\":\"https:\\\/\\\/pmza.sk\\\/#\\\/schema\\\/person\\\/595e6a2ce731ea94dcd5d7f50a41ae33\",\"name\":\"Pova\u017esk\u00e9 m\u00fazeum\",\"image\":{\"@type\":\"ImageObject\",\"inLanguage\":\"sk-SK\",\"@id\":\"https:\\\/\\\/secure.gravatar.com\\\/avatar\\\/2bb7f1561282132fb5826dfeccc66c7996d11ee392ac6aaf7ced8a1c2027fbb2?s=96&d=mm&r=g\",\"url\":\"https:\\\/\\\/secure.gravatar.com\\\/avatar\\\/2bb7f1561282132fb5826dfeccc66c7996d11ee392ac6aaf7ced8a1c2027fbb2?s=96&d=mm&r=g\",\"contentUrl\":\"https:\\\/\\\/secure.gravatar.com\\\/avatar\\\/2bb7f1561282132fb5826dfeccc66c7996d11ee392ac6aaf7ced8a1c2027fbb2?s=96&d=mm&r=g\",\"caption\":\"Pova\u017esk\u00e9 m\u00fazeum\"}}]}<\/script>\n<!-- \/ Yoast SEO plugin. -->","yoast_head_json":{"title":"Zlat\u00e9 \u010dasy budat\u00ednske - Pova\u017esk\u00e9 m\u00fazeum","robots":{"index":"index","follow":"follow","max-snippet":"max-snippet:-1","max-image-preview":"max-image-preview:large","max-video-preview":"max-video-preview:-1"},"canonical":"https:\/\/pmza.sk\/?p=34833","og_locale":"sk_SK","og_type":"article","og_title":"Zlat\u00e9 \u010dasy budat\u00ednske - Pova\u017esk\u00e9 m\u00fazeum","og_description":"De\u0148 ako vystrihnut\u00fd z \u010dias posledn\u00e9ho majite\u013ea Budat\u00ednskeho hradu, gr\u00f3fa Gejzu \u010c\u00e1kiho. Tak\u00e1 bude nede\u013ea 14. j\u00fala v are\u00e1li Budat\u00ednskeho hradu. Podujatie Zlat\u00e9 \u010dasy budat\u00ednske l\u00e1ka atmosf\u00e9rou doby zn\u00e1meho panovn\u00edka po tret\u00edkr\u00e1t. \u201eHlavn\u00fd program za\u010d\u00edna \u00a0popoludn\u00ed o\u00a015.00, kedy n\u00e1v\u0161tevn\u00edkov do za\u010diatku 20. storo\u010dia vtiahne dobov\u00e1 m\u00f3dna prehliadka. Odevy z\u00a0minulosti pohladia o\u010di p\u00e1nov i\u00a0d\u00e1m. Deti sa [&hellip;]","og_url":"https:\/\/pmza.sk\/?p=34833","og_site_name":"Pova\u017esk\u00e9 m\u00fazeum","article_publisher":"https:\/\/www.facebook.com\/povazskemuzeum","article_published_time":"2019-06-27T10:46:59+00:00","og_image":[{"width":566,"height":800,"url":"https:\/\/pmza.sk\/wp-content\/uploads\/2019\/06\/zlate_casy_A4_www.jpg","type":"image\/jpeg"}],"author":"Pova\u017esk\u00e9 m\u00fazeum","twitter_card":"summary_large_image","twitter_misc":{"Autor":"Pova\u017esk\u00e9 m\u00fazeum","Predpokladan\u00fd \u010das \u010d\u00edtania":"2 min\u00faty"},"schema":{"@context":"https:\/\/schema.org","@graph":[{"@type":"Article","@id":"https:\/\/pmza.sk\/?p=34833#article","isPartOf":{"@id":"https:\/\/pmza.sk\/?p=34833"},"author":{"name":"Pova\u017esk\u00e9 m\u00fazeum","@id":"https:\/\/pmza.sk\/#\/schema\/person\/595e6a2ce731ea94dcd5d7f50a41ae33"},"headline":"Zlat\u00e9 \u010dasy budat\u00ednske","datePublished":"2019-06-27T10:46:59+00:00","mainEntityOfPage":{"@id":"https:\/\/pmza.sk\/?p=34833"},"wordCount":345,"publisher":{"@id":"https:\/\/pmza.sk\/#organization"},"image":{"@id":"https:\/\/pmza.sk\/?p=34833#primaryimage"},"thumbnailUrl":"https:\/\/pmza.sk\/wp-content\/uploads\/2019\/06\/zlate_casy_A4_www.jpg","articleSection":["Aktuality"],"inLanguage":"sk-SK"},{"@type":"WebPage","@id":"https:\/\/pmza.sk\/?p=34833","url":"https:\/\/pmza.sk\/?p=34833","name":"Zlat\u00e9 \u010dasy budat\u00ednske - Pova\u017esk\u00e9 m\u00fazeum","isPartOf":{"@id":"https:\/\/pmza.sk\/#website"},"primaryImageOfPage":{"@id":"https:\/\/pmza.sk\/?p=34833#primaryimage"},"image":{"@id":"https:\/\/pmza.sk\/?p=34833#primaryimage"},"thumbnailUrl":"https:\/\/pmza.sk\/wp-content\/uploads\/2019\/06\/zlate_casy_A4_www.jpg","datePublished":"2019-06-27T10:46:59+00:00","breadcrumb":{"@id":"https:\/\/pmza.sk\/?p=34833#breadcrumb"},"inLanguage":"sk-SK","potentialAction":[{"@type":"ReadAction","target":["https:\/\/pmza.sk\/?p=34833"]}]},{"@type":"ImageObject","inLanguage":"sk-SK","@id":"https:\/\/pmza.sk\/?p=34833#primaryimage","url":"https:\/\/pmza.sk\/wp-content\/uploads\/2019\/06\/zlate_casy_A4_www.jpg","contentUrl":"https:\/\/pmza.sk\/wp-content\/uploads\/2019\/06\/zlate_casy_A4_www.jpg","width":566,"height":800},{"@type":"BreadcrumbList","@id":"https:\/\/pmza.sk\/?p=34833#breadcrumb","itemListElement":[{"@type":"ListItem","position":1,"name":"Domovsk\u00e1 str\u00e1nka","item":"https:\/\/pmza.sk\/"},{"@type":"ListItem","position":2,"name":"Zlat\u00e9 \u010dasy budat\u00ednske"}]},{"@type":"WebSite","@id":"https:\/\/pmza.sk\/#website","url":"https:\/\/pmza.sk\/","name":"Pova\u017esk\u00e9 m\u00fazeum","description":"Pova\u017esk\u00e9 m\u00fazeum v \u017diline je region\u00e1lne m\u00fazeum so s\u00eddlom v Budat\u00edne. Jeho expoz\u00edcie s\u00fa zameran\u00e9 na dejiny slovensk\u00e9ho umenia, kult\u00fary a dopravy.","publisher":{"@id":"https:\/\/pmza.sk\/#organization"},"potentialAction":[{"@type":"SearchAction","target":{"@type":"EntryPoint","urlTemplate":"https:\/\/pmza.sk\/?s={search_term_string}"},"query-input":{"@type":"PropertyValueSpecification","valueRequired":true,"valueName":"search_term_string"}}],"inLanguage":"sk-SK"},{"@type":"Organization","@id":"https:\/\/pmza.sk\/#organization","name":"Pova\u017esk\u00e9 m\u00fazeum","url":"https:\/\/pmza.sk\/","logo":{"@type":"ImageObject","inLanguage":"sk-SK","@id":"https:\/\/pmza.sk\/#\/schema\/logo\/image\/","url":"https:\/\/pmza.sk\/wp-content\/uploads\/2022\/01\/logo_PM_horizontal.jpg","contentUrl":"https:\/\/pmza.sk\/wp-content\/uploads\/2022\/01\/logo_PM_horizontal.jpg","width":231,"height":142,"caption":"Pova\u017esk\u00e9 m\u00fazeum"},"image":{"@id":"https:\/\/pmza.sk\/#\/schema\/logo\/image\/"},"sameAs":["https:\/\/www.facebook.com\/povazskemuzeum","https:\/\/www.instagram.com\/povazskemuzeum\/"]},{"@type":"Person","@id":"https:\/\/pmza.sk\/#\/schema\/person\/595e6a2ce731ea94dcd5d7f50a41ae33","name":"Pova\u017esk\u00e9 m\u00fazeum","image":{"@type":"ImageObject","inLanguage":"sk-SK","@id":"https:\/\/secure.gravatar.com\/avatar\/2bb7f1561282132fb5826dfeccc66c7996d11ee392ac6aaf7ced8a1c2027fbb2?s=96&d=mm&r=g","url":"https:\/\/secure.gravatar.com\/avatar\/2bb7f1561282132fb5826dfeccc66c7996d11ee392ac6aaf7ced8a1c2027fbb2?s=96&d=mm&r=g","contentUrl":"https:\/\/secure.gravatar.com\/avatar\/2bb7f1561282132fb5826dfeccc66c7996d11ee392ac6aaf7ced8a1c2027fbb2?s=96&d=mm&r=g","caption":"Pova\u017esk\u00e9 m\u00fazeum"}}]}},"_links":{"self":[{"href":"https:\/\/pmza.sk\/index.php?rest_route=\/wp\/v2\/posts\/34833","targetHints":{"allow":["GET"]}}],"collection":[{"href":"https:\/\/pmza.sk\/index.php?rest_route=\/wp\/v2\/posts"}],"about":[{"href":"https:\/\/pmza.sk\/index.php?rest_route=\/wp\/v2\/types\/post"}],"author":[{"embeddable":true,"href":"https:\/\/pmza.sk\/index.php?rest_route=\/wp\/v2\/users\/2"}],"replies":[{"embeddable":true,"href":"https:\/\/pmza.sk\/index.php?rest_route=%2Fwp%2Fv2%2Fcomments&post=34833"}],"version-history":[{"count":0,"href":"https:\/\/pmza.sk\/index.php?rest_route=\/wp\/v2\/posts\/34833\/revisions"}],"wp:featuredmedia":[{"embeddable":true,"href":"https:\/\/pmza.sk\/index.php?rest_route=\/wp\/v2\/media\/34834"}],"wp:attachment":[{"href":"https:\/\/pmza.sk\/index.php?rest_route=%2Fwp%2Fv2%2Fmedia&parent=34833"}],"wp:term":[{"taxonomy":"category","embeddable":true,"href":"https:\/\/pmza.sk\/index.php?rest_route=%2Fwp%2Fv2%2Fcategories&post=34833"},{"taxonomy":"post_tag","embeddable":true,"href":"https:\/\/pmza.sk\/index.php?rest_route=%2Fwp%2Fv2%2Ftags&post=34833"}],"curies":[{"name":"wp","href":"https:\/\/api.w.org\/{rel}","templated":true}]}}