{"id":34843,"date":"2019-06-27T14:45:14","date_gmt":"2019-06-27T12:45:14","guid":{"rendered":"https:\/\/pmza.sk\/?p=34843"},"modified":"2019-06-27T14:45:14","modified_gmt":"2019-06-27T12:45:14","slug":"panoramy-malej-fatry","status":"publish","type":"post","link":"https:\/\/pmza.sk\/?p=34843","title":{"rendered":"Panor\u00e1my Malej Fatry"},"content":{"rendered":"<p>Prvou v\u00fdstavou v\u00a0r\u00e1mci umenia pod hol\u00fdm nebom Gal\u00e9ria Kysl\u00edk bud\u00fa fotografie Pavla \u010eur\u010da zo Stre\u010dna. Tento projekt predstav\u00ed vo vybran\u00e9 dni diela r\u00f4znych umelcov. Zauj\u00edmavos\u0165ou je, \u017ee obrazy \u010di fotografie bud\u00fa vystaven\u00e9 priamo na p\u00f3diu v\u00a0oddychovej z\u00f3ne\u00a0Stredovekej dediny Paseka iba jeden de\u0148. Autori bud\u00fa po\u010das tejto doby k\u00a0dispoz\u00edcii n\u00e1v\u0161tevn\u00edkom a\u00a0radi odpovedia na v\u0161etky zvedav\u00e9 ot\u00e1zky.\u00a0 Sn\u00edmky Pavla \u010eur\u010da s\u00a0pr\u00edzna\u010dn\u00fdm n\u00e1zvom Panor\u00e1my Malej Fatry m\u00f4\u017eu vidie\u0165 v\u0161etci, ktor\u00ed pr\u00eddu v\u00a0nede\u013eu 30. j\u00fana.<\/p>\n<p>Dlhoro\u010dn\u00fd novin\u00e1r a\u00a0fotograf \u00a0p\u00f4sobil v\u00a0redakci\u00e1ch s\u00a0okresn\u00fdm, krajsk\u00fdm i\u00a0celoslovensk\u00fdm dosahom. Pred odchodom na d\u00f4chodok \u00a0pracoval ako fotoreport\u00e9r TASR, kde sa zameriaval na fotodokument\u00e1ciu \u017eivota v\u00a0\u017dilinskom samospr\u00e1vnom kraji. Po\u010das svojej pracovnej kari\u00e9ry zachyt\u00e1val v\u00fdvoj udalost\u00ed a\u00a0javov, ktor\u00e9 prezentoval na nieko\u013ek\u00fdch samostatn\u00fdch fotografick\u00fdch v\u00fdstav\u00e1ch.<\/p>\n<p>Vydal tie\u017e tri kni\u017en\u00e9 publik\u00e1cie. Monografia obce <em>Stre\u010dno\u00a0<\/em> vy\u0161la v roku 2010, dokument o\u00a0\u017eivote v\u00fdrobcu dreven\u00fdch kolies v Terchovej<em> Posledn\u00fd kol\u00e1r<\/em> bol publikovan\u00fd v\u00a0roku 2013. Jeho najnov\u0161\u00edm dielom z\u00a0roku 2018 je <em>Rok ko\u0148a<\/em>, ktor\u00fd je v\u00fdsledkom dlhoro\u010dn\u00e9ho fotografovania \u017eivota gazdov v\u00a0terchovsk\u00fdch osad\u00e1ch.<\/p>\n<p>Pavla \u010eur\u010da fascinuj\u00fa kr\u00e1sy pr\u00edrody a\u00a0\u017eivota \u013eud\u00ed v\u00a0\u017eilinskom regi\u00f3ne, ich dokumentovaniu sa venuje dodnes. \u00a0<\/p>\n<p><img fetchpriority=\"high\" decoding=\"async\" class=\"size-thumbnail wp-image-34845 alignleft\" src=\"https:\/\/pmza.sk\/wp-content\/uploads\/2019\/06\/stromy-475x300.jpg\" alt=\"\" width=\"475\" height=\"300\" \/><\/p>\n<p><img decoding=\"async\" class=\"size-thumbnail wp-image-34846\" src=\"https:\/\/pmza.sk\/wp-content\/uploads\/2019\/06\/fotograf-pri-praci-475x300.jpg\" alt=\"\" width=\"475\" height=\"300\" \/><\/p>\n<p>&nbsp;<\/p>\n","protected":false},"excerpt":{"rendered":"<p>Prvou v\u00fdstavou v\u00a0r\u00e1mci umenia pod hol\u00fdm nebom Gal\u00e9ria Kysl\u00edk bud\u00fa fotografie Pavla \u010eur\u010da zo Stre\u010dna. Tento projekt predstav\u00ed vo vybran\u00e9 dni diela r\u00f4znych umelcov. Zauj\u00edmavos\u0165ou je, \u017ee obrazy \u010di fotografie bud\u00fa vystaven\u00e9 priamo na p\u00f3diu v\u00a0oddychovej z\u00f3ne\u00a0Stredovekej dediny Paseka iba jeden de\u0148. Autori bud\u00fa po\u010das tejto doby k\u00a0dispoz\u00edcii n\u00e1v\u0161tevn\u00edkom a\u00a0radi odpovedia na v\u0161etky zvedav\u00e9 ot\u00e1zky.\u00a0 [&hellip;]<\/p>\n","protected":false},"author":2,"featured_media":34844,"comment_status":"closed","ping_status":"closed","sticky":false,"template":"","format":"standard","meta":{"site-sidebar-layout":"default","site-content-layout":"","ast-site-content-layout":"","site-content-style":"default","site-sidebar-style":"default","ast-global-header-display":"","ast-banner-title-visibility":"","ast-main-header-display":"","ast-hfb-above-header-display":"","ast-hfb-below-header-display":"","ast-hfb-mobile-header-display":"","site-post-title":"","ast-breadcrumbs-content":"","ast-featured-img":"","footer-sml-layout":"","theme-transparent-header-meta":"","adv-header-id-meta":"","stick-header-meta":"","header-above-stick-meta":"","header-main-stick-meta":"","header-below-stick-meta":"","astra-migrate-meta-layouts":"default","ast-page-background-enabled":"default","ast-page-background-meta":{"desktop":{"background-color":"var(--ast-global-color-4)","background-image":"","background-repeat":"repeat","background-position":"center center","background-size":"auto","background-attachment":"scroll","background-type":"","background-media":"","overlay-type":"","overlay-color":"","overlay-opacity":"","overlay-gradient":""},"tablet":{"background-color":"","background-image":"","background-repeat":"repeat","background-position":"center center","background-size":"auto","background-attachment":"scroll","background-type":"","background-media":"","overlay-type":"","overlay-color":"","overlay-opacity":"","overlay-gradient":""},"mobile":{"background-color":"","background-image":"","background-repeat":"repeat","background-position":"center center","background-size":"auto","background-attachment":"scroll","background-type":"","background-media":"","overlay-type":"","overlay-color":"","overlay-opacity":"","overlay-gradient":""}},"ast-content-background-meta":{"desktop":{"background-color":"var(--ast-global-color-5)","background-image":"","background-repeat":"repeat","background-position":"center center","background-size":"auto","background-attachment":"scroll","background-type":"","background-media":"","overlay-type":"","overlay-color":"","overlay-opacity":"","overlay-gradient":""},"tablet":{"background-color":"var(--ast-global-color-5)","background-image":"","background-repeat":"repeat","background-position":"center center","background-size":"auto","background-attachment":"scroll","background-type":"","background-media":"","overlay-type":"","overlay-color":"","overlay-opacity":"","overlay-gradient":""},"mobile":{"background-color":"var(--ast-global-color-5)","background-image":"","background-repeat":"repeat","background-position":"center center","background-size":"auto","background-attachment":"scroll","background-type":"","background-media":"","overlay-type":"","overlay-color":"","overlay-opacity":"","overlay-gradient":""}},"footnotes":""},"categories":[31],"tags":[],"class_list":["post-34843","post","type-post","status-publish","format-standard","has-post-thumbnail","hentry","category-aktuality"],"yoast_head":"<!-- This site is optimized with the Yoast SEO plugin v27.4 - https:\/\/yoast.com\/product\/yoast-seo-wordpress\/ -->\n<title>Panor\u00e1my Malej Fatry - Pova\u017esk\u00e9 m\u00fazeum<\/title>\n<meta name=\"robots\" content=\"index, follow, max-snippet:-1, max-image-preview:large, max-video-preview:-1\" \/>\n<link rel=\"canonical\" href=\"https:\/\/pmza.sk\/?p=34843\" \/>\n<meta property=\"og:locale\" content=\"sk_SK\" \/>\n<meta property=\"og:type\" content=\"article\" \/>\n<meta property=\"og:title\" content=\"Panor\u00e1my Malej Fatry - Pova\u017esk\u00e9 m\u00fazeum\" \/>\n<meta property=\"og:description\" content=\"Prvou v\u00fdstavou v\u00a0r\u00e1mci umenia pod hol\u00fdm nebom Gal\u00e9ria Kysl\u00edk bud\u00fa fotografie Pavla \u010eur\u010da zo Stre\u010dna. Tento projekt predstav\u00ed vo vybran\u00e9 dni diela r\u00f4znych umelcov. Zauj\u00edmavos\u0165ou je, \u017ee obrazy \u010di fotografie bud\u00fa vystaven\u00e9 priamo na p\u00f3diu v\u00a0oddychovej z\u00f3ne\u00a0Stredovekej dediny Paseka iba jeden de\u0148. Autori bud\u00fa po\u010das tejto doby k\u00a0dispoz\u00edcii n\u00e1v\u0161tevn\u00edkom a\u00a0radi odpovedia na v\u0161etky zvedav\u00e9 ot\u00e1zky.\u00a0 [&hellip;]\" \/>\n<meta property=\"og:url\" content=\"https:\/\/pmza.sk\/?p=34843\" \/>\n<meta property=\"og:site_name\" content=\"Pova\u017esk\u00e9 m\u00fazeum\" \/>\n<meta property=\"article:publisher\" content=\"https:\/\/www.facebook.com\/povazskemuzeum\" \/>\n<meta property=\"article:published_time\" content=\"2019-06-27T12:45:14+00:00\" \/>\n<meta property=\"og:image\" content=\"https:\/\/pmza.sk\/wp-content\/uploads\/2019\/06\/idyla-scaled-1.jpg\" \/>\n\t<meta property=\"og:image:width\" content=\"2560\" \/>\n\t<meta property=\"og:image:height\" content=\"1727\" \/>\n\t<meta property=\"og:image:type\" content=\"image\/jpeg\" \/>\n<meta name=\"author\" content=\"Pova\u017esk\u00e9 m\u00fazeum\" \/>\n<meta name=\"twitter:card\" content=\"summary_large_image\" \/>\n<meta name=\"twitter:label1\" content=\"Autor\" \/>\n\t<meta name=\"twitter:data1\" content=\"Pova\u017esk\u00e9 m\u00fazeum\" \/>\n\t<meta name=\"twitter:label2\" content=\"Predpokladan\u00fd \u010das \u010d\u00edtania\" \/>\n\t<meta name=\"twitter:data2\" content=\"1 min\u00fata\" \/>\n<script type=\"application\/ld+json\" class=\"yoast-schema-graph\">{\"@context\":\"https:\\\/\\\/schema.org\",\"@graph\":[{\"@type\":\"Article\",\"@id\":\"https:\\\/\\\/pmza.sk\\\/?p=34843#article\",\"isPartOf\":{\"@id\":\"https:\\\/\\\/pmza.sk\\\/?p=34843\"},\"author\":{\"name\":\"Pova\u017esk\u00e9 m\u00fazeum\",\"@id\":\"https:\\\/\\\/pmza.sk\\\/#\\\/schema\\\/person\\\/595e6a2ce731ea94dcd5d7f50a41ae33\"},\"headline\":\"Panor\u00e1my Malej Fatry\",\"datePublished\":\"2019-06-27T12:45:14+00:00\",\"mainEntityOfPage\":{\"@id\":\"https:\\\/\\\/pmza.sk\\\/?p=34843\"},\"wordCount\":258,\"publisher\":{\"@id\":\"https:\\\/\\\/pmza.sk\\\/#organization\"},\"image\":{\"@id\":\"https:\\\/\\\/pmza.sk\\\/?p=34843#primaryimage\"},\"thumbnailUrl\":\"https:\\\/\\\/pmza.sk\\\/wp-content\\\/uploads\\\/2019\\\/06\\\/idyla-scaled-1.jpg\",\"articleSection\":[\"Aktuality\"],\"inLanguage\":\"sk-SK\"},{\"@type\":\"WebPage\",\"@id\":\"https:\\\/\\\/pmza.sk\\\/?p=34843\",\"url\":\"https:\\\/\\\/pmza.sk\\\/?p=34843\",\"name\":\"Panor\u00e1my Malej Fatry - Pova\u017esk\u00e9 m\u00fazeum\",\"isPartOf\":{\"@id\":\"https:\\\/\\\/pmza.sk\\\/#website\"},\"primaryImageOfPage\":{\"@id\":\"https:\\\/\\\/pmza.sk\\\/?p=34843#primaryimage\"},\"image\":{\"@id\":\"https:\\\/\\\/pmza.sk\\\/?p=34843#primaryimage\"},\"thumbnailUrl\":\"https:\\\/\\\/pmza.sk\\\/wp-content\\\/uploads\\\/2019\\\/06\\\/idyla-scaled-1.jpg\",\"datePublished\":\"2019-06-27T12:45:14+00:00\",\"breadcrumb\":{\"@id\":\"https:\\\/\\\/pmza.sk\\\/?p=34843#breadcrumb\"},\"inLanguage\":\"sk-SK\",\"potentialAction\":[{\"@type\":\"ReadAction\",\"target\":[\"https:\\\/\\\/pmza.sk\\\/?p=34843\"]}]},{\"@type\":\"ImageObject\",\"inLanguage\":\"sk-SK\",\"@id\":\"https:\\\/\\\/pmza.sk\\\/?p=34843#primaryimage\",\"url\":\"https:\\\/\\\/pmza.sk\\\/wp-content\\\/uploads\\\/2019\\\/06\\\/idyla-scaled-1.jpg\",\"contentUrl\":\"https:\\\/\\\/pmza.sk\\\/wp-content\\\/uploads\\\/2019\\\/06\\\/idyla-scaled-1.jpg\",\"width\":2560,\"height\":1727},{\"@type\":\"BreadcrumbList\",\"@id\":\"https:\\\/\\\/pmza.sk\\\/?p=34843#breadcrumb\",\"itemListElement\":[{\"@type\":\"ListItem\",\"position\":1,\"name\":\"Domovsk\u00e1 str\u00e1nka\",\"item\":\"https:\\\/\\\/pmza.sk\\\/\"},{\"@type\":\"ListItem\",\"position\":2,\"name\":\"Panor\u00e1my Malej Fatry\"}]},{\"@type\":\"WebSite\",\"@id\":\"https:\\\/\\\/pmza.sk\\\/#website\",\"url\":\"https:\\\/\\\/pmza.sk\\\/\",\"name\":\"Pova\u017esk\u00e9 m\u00fazeum\",\"description\":\"Pova\u017esk\u00e9 m\u00fazeum v \u017diline je region\u00e1lne m\u00fazeum so s\u00eddlom v Budat\u00edne. Jeho expoz\u00edcie s\u00fa zameran\u00e9 na dejiny slovensk\u00e9ho umenia, kult\u00fary a dopravy.\",\"publisher\":{\"@id\":\"https:\\\/\\\/pmza.sk\\\/#organization\"},\"potentialAction\":[{\"@type\":\"SearchAction\",\"target\":{\"@type\":\"EntryPoint\",\"urlTemplate\":\"https:\\\/\\\/pmza.sk\\\/?s={search_term_string}\"},\"query-input\":{\"@type\":\"PropertyValueSpecification\",\"valueRequired\":true,\"valueName\":\"search_term_string\"}}],\"inLanguage\":\"sk-SK\"},{\"@type\":\"Organization\",\"@id\":\"https:\\\/\\\/pmza.sk\\\/#organization\",\"name\":\"Pova\u017esk\u00e9 m\u00fazeum\",\"url\":\"https:\\\/\\\/pmza.sk\\\/\",\"logo\":{\"@type\":\"ImageObject\",\"inLanguage\":\"sk-SK\",\"@id\":\"https:\\\/\\\/pmza.sk\\\/#\\\/schema\\\/logo\\\/image\\\/\",\"url\":\"https:\\\/\\\/pmza.sk\\\/wp-content\\\/uploads\\\/2022\\\/01\\\/logo_PM_horizontal.jpg\",\"contentUrl\":\"https:\\\/\\\/pmza.sk\\\/wp-content\\\/uploads\\\/2022\\\/01\\\/logo_PM_horizontal.jpg\",\"width\":231,\"height\":142,\"caption\":\"Pova\u017esk\u00e9 m\u00fazeum\"},\"image\":{\"@id\":\"https:\\\/\\\/pmza.sk\\\/#\\\/schema\\\/logo\\\/image\\\/\"},\"sameAs\":[\"https:\\\/\\\/www.facebook.com\\\/povazskemuzeum\",\"https:\\\/\\\/www.instagram.com\\\/povazskemuzeum\\\/\"]},{\"@type\":\"Person\",\"@id\":\"https:\\\/\\\/pmza.sk\\\/#\\\/schema\\\/person\\\/595e6a2ce731ea94dcd5d7f50a41ae33\",\"name\":\"Pova\u017esk\u00e9 m\u00fazeum\",\"image\":{\"@type\":\"ImageObject\",\"inLanguage\":\"sk-SK\",\"@id\":\"https:\\\/\\\/secure.gravatar.com\\\/avatar\\\/2bb7f1561282132fb5826dfeccc66c7996d11ee392ac6aaf7ced8a1c2027fbb2?s=96&d=mm&r=g\",\"url\":\"https:\\\/\\\/secure.gravatar.com\\\/avatar\\\/2bb7f1561282132fb5826dfeccc66c7996d11ee392ac6aaf7ced8a1c2027fbb2?s=96&d=mm&r=g\",\"contentUrl\":\"https:\\\/\\\/secure.gravatar.com\\\/avatar\\\/2bb7f1561282132fb5826dfeccc66c7996d11ee392ac6aaf7ced8a1c2027fbb2?s=96&d=mm&r=g\",\"caption\":\"Pova\u017esk\u00e9 m\u00fazeum\"}}]}<\/script>\n<!-- \/ Yoast SEO plugin. -->","yoast_head_json":{"title":"Panor\u00e1my Malej Fatry - Pova\u017esk\u00e9 m\u00fazeum","robots":{"index":"index","follow":"follow","max-snippet":"max-snippet:-1","max-image-preview":"max-image-preview:large","max-video-preview":"max-video-preview:-1"},"canonical":"https:\/\/pmza.sk\/?p=34843","og_locale":"sk_SK","og_type":"article","og_title":"Panor\u00e1my Malej Fatry - Pova\u017esk\u00e9 m\u00fazeum","og_description":"Prvou v\u00fdstavou v\u00a0r\u00e1mci umenia pod hol\u00fdm nebom Gal\u00e9ria Kysl\u00edk bud\u00fa fotografie Pavla \u010eur\u010da zo Stre\u010dna. Tento projekt predstav\u00ed vo vybran\u00e9 dni diela r\u00f4znych umelcov. Zauj\u00edmavos\u0165ou je, \u017ee obrazy \u010di fotografie bud\u00fa vystaven\u00e9 priamo na p\u00f3diu v\u00a0oddychovej z\u00f3ne\u00a0Stredovekej dediny Paseka iba jeden de\u0148. Autori bud\u00fa po\u010das tejto doby k\u00a0dispoz\u00edcii n\u00e1v\u0161tevn\u00edkom a\u00a0radi odpovedia na v\u0161etky zvedav\u00e9 ot\u00e1zky.\u00a0 [&hellip;]","og_url":"https:\/\/pmza.sk\/?p=34843","og_site_name":"Pova\u017esk\u00e9 m\u00fazeum","article_publisher":"https:\/\/www.facebook.com\/povazskemuzeum","article_published_time":"2019-06-27T12:45:14+00:00","og_image":[{"width":2560,"height":1727,"url":"https:\/\/pmza.sk\/wp-content\/uploads\/2019\/06\/idyla-scaled-1.jpg","type":"image\/jpeg"}],"author":"Pova\u017esk\u00e9 m\u00fazeum","twitter_card":"summary_large_image","twitter_misc":{"Autor":"Pova\u017esk\u00e9 m\u00fazeum","Predpokladan\u00fd \u010das \u010d\u00edtania":"1 min\u00fata"},"schema":{"@context":"https:\/\/schema.org","@graph":[{"@type":"Article","@id":"https:\/\/pmza.sk\/?p=34843#article","isPartOf":{"@id":"https:\/\/pmza.sk\/?p=34843"},"author":{"name":"Pova\u017esk\u00e9 m\u00fazeum","@id":"https:\/\/pmza.sk\/#\/schema\/person\/595e6a2ce731ea94dcd5d7f50a41ae33"},"headline":"Panor\u00e1my Malej Fatry","datePublished":"2019-06-27T12:45:14+00:00","mainEntityOfPage":{"@id":"https:\/\/pmza.sk\/?p=34843"},"wordCount":258,"publisher":{"@id":"https:\/\/pmza.sk\/#organization"},"image":{"@id":"https:\/\/pmza.sk\/?p=34843#primaryimage"},"thumbnailUrl":"https:\/\/pmza.sk\/wp-content\/uploads\/2019\/06\/idyla-scaled-1.jpg","articleSection":["Aktuality"],"inLanguage":"sk-SK"},{"@type":"WebPage","@id":"https:\/\/pmza.sk\/?p=34843","url":"https:\/\/pmza.sk\/?p=34843","name":"Panor\u00e1my Malej Fatry - Pova\u017esk\u00e9 m\u00fazeum","isPartOf":{"@id":"https:\/\/pmza.sk\/#website"},"primaryImageOfPage":{"@id":"https:\/\/pmza.sk\/?p=34843#primaryimage"},"image":{"@id":"https:\/\/pmza.sk\/?p=34843#primaryimage"},"thumbnailUrl":"https:\/\/pmza.sk\/wp-content\/uploads\/2019\/06\/idyla-scaled-1.jpg","datePublished":"2019-06-27T12:45:14+00:00","breadcrumb":{"@id":"https:\/\/pmza.sk\/?p=34843#breadcrumb"},"inLanguage":"sk-SK","potentialAction":[{"@type":"ReadAction","target":["https:\/\/pmza.sk\/?p=34843"]}]},{"@type":"ImageObject","inLanguage":"sk-SK","@id":"https:\/\/pmza.sk\/?p=34843#primaryimage","url":"https:\/\/pmza.sk\/wp-content\/uploads\/2019\/06\/idyla-scaled-1.jpg","contentUrl":"https:\/\/pmza.sk\/wp-content\/uploads\/2019\/06\/idyla-scaled-1.jpg","width":2560,"height":1727},{"@type":"BreadcrumbList","@id":"https:\/\/pmza.sk\/?p=34843#breadcrumb","itemListElement":[{"@type":"ListItem","position":1,"name":"Domovsk\u00e1 str\u00e1nka","item":"https:\/\/pmza.sk\/"},{"@type":"ListItem","position":2,"name":"Panor\u00e1my Malej Fatry"}]},{"@type":"WebSite","@id":"https:\/\/pmza.sk\/#website","url":"https:\/\/pmza.sk\/","name":"Pova\u017esk\u00e9 m\u00fazeum","description":"Pova\u017esk\u00e9 m\u00fazeum v \u017diline je region\u00e1lne m\u00fazeum so s\u00eddlom v Budat\u00edne. Jeho expoz\u00edcie s\u00fa zameran\u00e9 na dejiny slovensk\u00e9ho umenia, kult\u00fary a dopravy.","publisher":{"@id":"https:\/\/pmza.sk\/#organization"},"potentialAction":[{"@type":"SearchAction","target":{"@type":"EntryPoint","urlTemplate":"https:\/\/pmza.sk\/?s={search_term_string}"},"query-input":{"@type":"PropertyValueSpecification","valueRequired":true,"valueName":"search_term_string"}}],"inLanguage":"sk-SK"},{"@type":"Organization","@id":"https:\/\/pmza.sk\/#organization","name":"Pova\u017esk\u00e9 m\u00fazeum","url":"https:\/\/pmza.sk\/","logo":{"@type":"ImageObject","inLanguage":"sk-SK","@id":"https:\/\/pmza.sk\/#\/schema\/logo\/image\/","url":"https:\/\/pmza.sk\/wp-content\/uploads\/2022\/01\/logo_PM_horizontal.jpg","contentUrl":"https:\/\/pmza.sk\/wp-content\/uploads\/2022\/01\/logo_PM_horizontal.jpg","width":231,"height":142,"caption":"Pova\u017esk\u00e9 m\u00fazeum"},"image":{"@id":"https:\/\/pmza.sk\/#\/schema\/logo\/image\/"},"sameAs":["https:\/\/www.facebook.com\/povazskemuzeum","https:\/\/www.instagram.com\/povazskemuzeum\/"]},{"@type":"Person","@id":"https:\/\/pmza.sk\/#\/schema\/person\/595e6a2ce731ea94dcd5d7f50a41ae33","name":"Pova\u017esk\u00e9 m\u00fazeum","image":{"@type":"ImageObject","inLanguage":"sk-SK","@id":"https:\/\/secure.gravatar.com\/avatar\/2bb7f1561282132fb5826dfeccc66c7996d11ee392ac6aaf7ced8a1c2027fbb2?s=96&d=mm&r=g","url":"https:\/\/secure.gravatar.com\/avatar\/2bb7f1561282132fb5826dfeccc66c7996d11ee392ac6aaf7ced8a1c2027fbb2?s=96&d=mm&r=g","contentUrl":"https:\/\/secure.gravatar.com\/avatar\/2bb7f1561282132fb5826dfeccc66c7996d11ee392ac6aaf7ced8a1c2027fbb2?s=96&d=mm&r=g","caption":"Pova\u017esk\u00e9 m\u00fazeum"}}]}},"_links":{"self":[{"href":"https:\/\/pmza.sk\/index.php?rest_route=\/wp\/v2\/posts\/34843","targetHints":{"allow":["GET"]}}],"collection":[{"href":"https:\/\/pmza.sk\/index.php?rest_route=\/wp\/v2\/posts"}],"about":[{"href":"https:\/\/pmza.sk\/index.php?rest_route=\/wp\/v2\/types\/post"}],"author":[{"embeddable":true,"href":"https:\/\/pmza.sk\/index.php?rest_route=\/wp\/v2\/users\/2"}],"replies":[{"embeddable":true,"href":"https:\/\/pmza.sk\/index.php?rest_route=%2Fwp%2Fv2%2Fcomments&post=34843"}],"version-history":[{"count":0,"href":"https:\/\/pmza.sk\/index.php?rest_route=\/wp\/v2\/posts\/34843\/revisions"}],"wp:featuredmedia":[{"embeddable":true,"href":"https:\/\/pmza.sk\/index.php?rest_route=\/wp\/v2\/media\/34844"}],"wp:attachment":[{"href":"https:\/\/pmza.sk\/index.php?rest_route=%2Fwp%2Fv2%2Fmedia&parent=34843"}],"wp:term":[{"taxonomy":"category","embeddable":true,"href":"https:\/\/pmza.sk\/index.php?rest_route=%2Fwp%2Fv2%2Fcategories&post=34843"},{"taxonomy":"post_tag","embeddable":true,"href":"https:\/\/pmza.sk\/index.php?rest_route=%2Fwp%2Fv2%2Ftags&post=34843"}],"curies":[{"name":"wp","href":"https:\/\/api.w.org\/{rel}","templated":true}]}}