{"id":34884,"date":"2017-08-01T11:07:19","date_gmt":"2017-08-01T09:07:19","guid":{"rendered":"https:\/\/pmza.sk\/?p=34884"},"modified":"2017-08-01T11:07:19","modified_gmt":"2017-08-01T09:07:19","slug":"vysiel-zbornik-z-konferencie-dejiny-cestnej-dopravy-na-slovensku-ii","status":"publish","type":"post","link":"https:\/\/pmza.sk\/?p=34884","title":{"rendered":"Vy\u0161iel zborn\u00edk z konferencie Dejiny cestnej dopravy na Slovensku II"},"content":{"rendered":"<p>V t\u00fdchto d\u0148och k n\u00e1m dorazili v\u00fdtla\u010dky zborn\u00edka\u00a0Dejiny cestnej dopravy na Slovensku II, ktor\u00fd je v\u00fdstupom z odbornej konferencie s rovnak\u00fdm n\u00e1zvom. T\u00e1 sa konala v priestoroch Budat\u00ednskeho hradu d\u0148a 9. febru\u00e1ra 2017. Zborn\u00edk si zak\u00fapite cez <a href=\"https:\/\/pmza.sk\/produkt\/dejiny-cestnej-dopravy-na-slovensku-ii\/\" target=\"_blank\" rel=\"noopener\">e-shop Pova\u017esk\u00e9ho m\u00fazea v \u017diline<\/a> alebo v jeho expoz\u00edci\u00e1ch &#8211; Budat\u00ednskom hrade, M\u00fazeu dopravy v Rajeck\u00fdch Tepliciach a v Sob\u00e1\u0161nom pal\u00e1ci v Byt\u010di.\u00a0<\/p>\n<h2><img fetchpriority=\"high\" decoding=\"async\" class=\"aligncenter wp-image-21459 size-large\" src=\"https:\/\/pmza.sk\/wp-content\/uploads\/2017\/05\/Ob\u00e1lka1-696x1024.jpg\" alt=\"\" width=\"500\" height=\"736\" \/><\/h2>\n<h2>Popis<\/h2>\n<p><strong>zostavovate\u013e Peter \u0160imko<\/strong><br \/><strong>Dejiny cestnej dopravy na Slovensku II<\/strong><\/p>\n<p>(c) Pova\u017esk\u00e9 m\u00fazeum v \u017diline 2017<br \/>zborn\u00edk z konferencie organizovanej na Budat\u00ednskom hrade 9. febru\u00e1ra 2017<br \/>rozmery 16 x 23,5 cm, m\u00e4kk\u00e1 v\u00e4zba, 216 str\u00e1n<\/p>\n<p>&nbsp;<\/p>\n<p>Obsah:\u00a0<\/p>\n<p><strong>Cestn\u00e9 komunik\u00e1cie a n\u00e1lezy minc\u00ed\u00a0<\/strong>(J\u00e1n Hunka)<\/p>\n<p><strong>N\u00e1lez stredovekej cesty v katastri obce Nededza, okres \u017dilina<\/strong><br \/>(Peter Bedn\u00e1r \u2013 Marek Vojte\u010dek \u2013 Klaudia Da\u0148ov\u00e1)<\/p>\n<p><strong>Porta regni. Krajinsk\u00e9 br\u00e1ny na \u00fazem\u00ed Slovenska v\u00a0stredoveku<\/strong><br \/>(Vladim\u00edr R\u00e1bik)<\/p>\n<p><strong>Cestn\u00e9 m\u00fdto na dolnom a\u00a0strednom Pova\u017e\u00ed v\u00a0stredoveku<\/strong><br \/>(Peter Ivani\u010d)<\/p>\n<p><strong>Mestsk\u00e9 br\u00e1ny a ich napojenie na cestn\u00fa sie\u0165 v\u00a0stredoveku<br \/><\/strong>(Darina Fridrichov\u00e1)<\/p>\n<p><strong>Cestn\u00e9 spojenia na \u00fazem\u00ed Slovenska v diele Mateja Bela Vedomosti o s\u00favekom Uhorsku\u00a0<\/strong>(Imrich Nagy)<\/p>\n<p><strong>Vyobrazenie ciest na \u00fazem\u00ed Slovenska na mape Ign\u00e1ca M\u00fcllera a 1. vojenskom mapovan\u00ed<\/strong>\u00a0(Peter \u0160imko)<\/p>\n<p><strong>Kr\u00e1sa oravsk\u00fdch mostov<\/strong>\u00a0(Michal \u010cajka)<\/p>\n<p><strong>Za\u010diatky automobilovej a taxikovej dopravy v\u00a0Pre\u0161porku<br \/><\/strong>(Ladislav Szojka)<\/p>\n<p><strong>Slu\u017eby pre motoristov \u2013 budovanie \u010derpac\u00edch stan\u00edc na Slovensku v za\u010diatkoch motoriz\u00e1cie<\/strong>\u00a0(Miroslav Sabol)<\/p>\n<p><strong>Stavba cesty Star\u00e1 Huta \u2013 Podkriv\u00e1\u0148 medzi rokmi 1933 \u2013 1936 v r\u00e9\u017eii \u0161t\u00e1tnych \u017eeleziarn\u00ed v\u00a0Podbrezovej\u00a0<\/strong>(Michal \u010eur\u010do)<\/p>\n<p><strong>Vizu\u00e1lna prezent\u00e1cia automobilizmu v medzivojnovej reklame na Slovensku\u00a0<\/strong>(Mikul\u00e1\u0161 Jan\u010dura \u2013 Luk\u00e1\u0161 Katri\u0148\u00e1k)<\/p>\n<p><strong>Slovensko-nemeck\u00fd program v\u00fdstavby cestnej siete na Pova\u017e\u00ed z roka 1939\u00a0<\/strong>(\u013dudov\u00edt Hallon)<\/p>\n<p><strong>Fenom\u00e9n motocyklistiky \u2013 historick\u00e9 motocykle v zbierkach Vlastivedn\u00e9ho m\u00fazea v Pova\u017eskej Bystrici\u00a0<\/strong>(Anna \u0160ujansk\u00e1)<\/p>\n<p>&nbsp;<\/p>\n<p>Projekt \u201cKonferencia a zborn\u00edk Dejiny cestnej dopravy na Slovensku II\u201d podporil z verejn\u00fdch zdrojov Fond na podporu umenia \u2013 hlavn\u00fd partner projektu a je spolufinancovan\u00fd s finan\u010dnou podporou \u017dilinsk\u00e9ho samospr\u00e1vneho kraja.\u00a0<br \/><a class=\"fbx-link fbx-instance\" href=\"https:\/\/pmza.sk.sk\/wp-content\/uploads\/2016\/09\/SDM-_-FPU_logo1_modre.jpg\" data-slb-active=\"1\" data-slb-asset=\"49730108\" data-slb-internal=\"0\" data-slb-group=\"21458\"><img decoding=\"async\" class=\"size-thumbnail wp-image-17625 aligncenter\" src=\"https:\/\/pmza.sk.sk\/wp-content\/uploads\/2016\/09\/SDM-_-FPU_logo1_modre-150x150.jpg\" alt=\"\" width=\"150\" height=\"150\" \/><\/a><\/p>\n","protected":false},"excerpt":{"rendered":"<p>V t\u00fdchto d\u0148och k n\u00e1m dorazili v\u00fdtla\u010dky zborn\u00edka\u00a0Dejiny cestnej dopravy na Slovensku II, ktor\u00fd je v\u00fdstupom z odbornej konferencie s rovnak\u00fdm n\u00e1zvom. T\u00e1 sa konala v priestoroch Budat\u00ednskeho hradu d\u0148a 9. febru\u00e1ra 2017. Zborn\u00edk si zak\u00fapite cez e-shop Pova\u017esk\u00e9ho m\u00fazea v \u017diline alebo v jeho expoz\u00edci\u00e1ch &#8211; Budat\u00ednskom hrade, M\u00fazeu dopravy v Rajeck\u00fdch Tepliciach a [&hellip;]<\/p>\n","protected":false},"author":2,"featured_media":0,"comment_status":"closed","ping_status":"closed","sticky":false,"template":"","format":"standard","meta":{"site-sidebar-layout":"default","site-content-layout":"","ast-site-content-layout":"","site-content-style":"default","site-sidebar-style":"default","ast-global-header-display":"","ast-banner-title-visibility":"","ast-main-header-display":"","ast-hfb-above-header-display":"","ast-hfb-below-header-display":"","ast-hfb-mobile-header-display":"","site-post-title":"","ast-breadcrumbs-content":"","ast-featured-img":"","footer-sml-layout":"","theme-transparent-header-meta":"","adv-header-id-meta":"","stick-header-meta":"","header-above-stick-meta":"","header-main-stick-meta":"","header-below-stick-meta":"","astra-migrate-meta-layouts":"default","ast-page-background-enabled":"default","ast-page-background-meta":{"desktop":{"background-color":"var(--ast-global-color-4)","background-image":"","background-repeat":"repeat","background-position":"center center","background-size":"auto","background-attachment":"scroll","background-type":"","background-media":"","overlay-type":"","overlay-color":"","overlay-opacity":"","overlay-gradient":""},"tablet":{"background-color":"","background-image":"","background-repeat":"repeat","background-position":"center center","background-size":"auto","background-attachment":"scroll","background-type":"","background-media":"","overlay-type":"","overlay-color":"","overlay-opacity":"","overlay-gradient":""},"mobile":{"background-color":"","background-image":"","background-repeat":"repeat","background-position":"center center","background-size":"auto","background-attachment":"scroll","background-type":"","background-media":"","overlay-type":"","overlay-color":"","overlay-opacity":"","overlay-gradient":""}},"ast-content-background-meta":{"desktop":{"background-color":"var(--ast-global-color-5)","background-image":"","background-repeat":"repeat","background-position":"center center","background-size":"auto","background-attachment":"scroll","background-type":"","background-media":"","overlay-type":"","overlay-color":"","overlay-opacity":"","overlay-gradient":""},"tablet":{"background-color":"var(--ast-global-color-5)","background-image":"","background-repeat":"repeat","background-position":"center center","background-size":"auto","background-attachment":"scroll","background-type":"","background-media":"","overlay-type":"","overlay-color":"","overlay-opacity":"","overlay-gradient":""},"mobile":{"background-color":"var(--ast-global-color-5)","background-image":"","background-repeat":"repeat","background-position":"center center","background-size":"auto","background-attachment":"scroll","background-type":"","background-media":"","overlay-type":"","overlay-color":"","overlay-opacity":"","overlay-gradient":""}},"footnotes":""},"categories":[31],"tags":[],"class_list":["post-34884","post","type-post","status-publish","format-standard","hentry","category-aktuality"],"yoast_head":"<!-- This site is optimized with the Yoast SEO plugin v27.4 - https:\/\/yoast.com\/product\/yoast-seo-wordpress\/ -->\n<title>Vy\u0161iel zborn\u00edk z konferencie Dejiny cestnej dopravy na Slovensku II - Pova\u017esk\u00e9 m\u00fazeum<\/title>\n<meta name=\"robots\" content=\"index, follow, max-snippet:-1, max-image-preview:large, max-video-preview:-1\" \/>\n<link rel=\"canonical\" href=\"https:\/\/pmza.sk\/?p=34884\" \/>\n<meta property=\"og:locale\" content=\"sk_SK\" \/>\n<meta property=\"og:type\" content=\"article\" \/>\n<meta property=\"og:title\" content=\"Vy\u0161iel zborn\u00edk z konferencie Dejiny cestnej dopravy na Slovensku II - Pova\u017esk\u00e9 m\u00fazeum\" \/>\n<meta property=\"og:description\" content=\"V t\u00fdchto d\u0148och k n\u00e1m dorazili v\u00fdtla\u010dky zborn\u00edka\u00a0Dejiny cestnej dopravy na Slovensku II, ktor\u00fd je v\u00fdstupom z odbornej konferencie s rovnak\u00fdm n\u00e1zvom. T\u00e1 sa konala v priestoroch Budat\u00ednskeho hradu d\u0148a 9. febru\u00e1ra 2017. Zborn\u00edk si zak\u00fapite cez e-shop Pova\u017esk\u00e9ho m\u00fazea v \u017diline alebo v jeho expoz\u00edci\u00e1ch &#8211; Budat\u00ednskom hrade, M\u00fazeu dopravy v Rajeck\u00fdch Tepliciach a [&hellip;]\" \/>\n<meta property=\"og:url\" content=\"https:\/\/pmza.sk\/?p=34884\" \/>\n<meta property=\"og:site_name\" content=\"Pova\u017esk\u00e9 m\u00fazeum\" \/>\n<meta property=\"article:publisher\" content=\"https:\/\/www.facebook.com\/povazskemuzeum\" \/>\n<meta property=\"article:published_time\" content=\"2017-08-01T09:07:19+00:00\" \/>\n<meta property=\"og:image\" content=\"https:\/\/pmza.sk.sk\/wp-content\/uploads\/2016\/09\/SDM-_-FPU_logo1_modre-150x150.jpg\" \/>\n<meta name=\"author\" content=\"Pova\u017esk\u00e9 m\u00fazeum\" \/>\n<meta name=\"twitter:card\" content=\"summary_large_image\" \/>\n<meta name=\"twitter:label1\" content=\"Autor\" \/>\n\t<meta name=\"twitter:data1\" content=\"Pova\u017esk\u00e9 m\u00fazeum\" \/>\n\t<meta name=\"twitter:label2\" content=\"Predpokladan\u00fd \u010das \u010d\u00edtania\" \/>\n\t<meta name=\"twitter:data2\" content=\"2 min\u00faty\" \/>\n<script type=\"application\/ld+json\" class=\"yoast-schema-graph\">{\"@context\":\"https:\\\/\\\/schema.org\",\"@graph\":[{\"@type\":\"Article\",\"@id\":\"https:\\\/\\\/pmza.sk\\\/?p=34884#article\",\"isPartOf\":{\"@id\":\"https:\\\/\\\/pmza.sk\\\/?p=34884\"},\"author\":{\"name\":\"Pova\u017esk\u00e9 m\u00fazeum\",\"@id\":\"https:\\\/\\\/pmza.sk\\\/#\\\/schema\\\/person\\\/595e6a2ce731ea94dcd5d7f50a41ae33\"},\"headline\":\"Vy\u0161iel zborn\u00edk z konferencie Dejiny cestnej dopravy na Slovensku II\",\"datePublished\":\"2017-08-01T09:07:19+00:00\",\"mainEntityOfPage\":{\"@id\":\"https:\\\/\\\/pmza.sk\\\/?p=34884\"},\"wordCount\":371,\"publisher\":{\"@id\":\"https:\\\/\\\/pmza.sk\\\/#organization\"},\"image\":{\"@id\":\"https:\\\/\\\/pmza.sk\\\/?p=34884#primaryimage\"},\"thumbnailUrl\":\"http:\\\/\\\/pmza.sk.sk\\\/wp-content\\\/uploads\\\/2016\\\/09\\\/SDM-_-FPU_logo1_modre-150x150.jpg\",\"articleSection\":[\"Aktuality\"],\"inLanguage\":\"sk-SK\"},{\"@type\":\"WebPage\",\"@id\":\"https:\\\/\\\/pmza.sk\\\/?p=34884\",\"url\":\"https:\\\/\\\/pmza.sk\\\/?p=34884\",\"name\":\"Vy\u0161iel zborn\u00edk z konferencie Dejiny cestnej dopravy na Slovensku II - Pova\u017esk\u00e9 m\u00fazeum\",\"isPartOf\":{\"@id\":\"https:\\\/\\\/pmza.sk\\\/#website\"},\"primaryImageOfPage\":{\"@id\":\"https:\\\/\\\/pmza.sk\\\/?p=34884#primaryimage\"},\"image\":{\"@id\":\"https:\\\/\\\/pmza.sk\\\/?p=34884#primaryimage\"},\"thumbnailUrl\":\"http:\\\/\\\/pmza.sk.sk\\\/wp-content\\\/uploads\\\/2016\\\/09\\\/SDM-_-FPU_logo1_modre-150x150.jpg\",\"datePublished\":\"2017-08-01T09:07:19+00:00\",\"breadcrumb\":{\"@id\":\"https:\\\/\\\/pmza.sk\\\/?p=34884#breadcrumb\"},\"inLanguage\":\"sk-SK\",\"potentialAction\":[{\"@type\":\"ReadAction\",\"target\":[\"https:\\\/\\\/pmza.sk\\\/?p=34884\"]}]},{\"@type\":\"ImageObject\",\"inLanguage\":\"sk-SK\",\"@id\":\"https:\\\/\\\/pmza.sk\\\/?p=34884#primaryimage\",\"url\":\"http:\\\/\\\/pmza.sk.sk\\\/wp-content\\\/uploads\\\/2016\\\/09\\\/SDM-_-FPU_logo1_modre-150x150.jpg\",\"contentUrl\":\"http:\\\/\\\/pmza.sk.sk\\\/wp-content\\\/uploads\\\/2016\\\/09\\\/SDM-_-FPU_logo1_modre-150x150.jpg\"},{\"@type\":\"BreadcrumbList\",\"@id\":\"https:\\\/\\\/pmza.sk\\\/?p=34884#breadcrumb\",\"itemListElement\":[{\"@type\":\"ListItem\",\"position\":1,\"name\":\"Domovsk\u00e1 str\u00e1nka\",\"item\":\"https:\\\/\\\/pmza.sk\\\/\"},{\"@type\":\"ListItem\",\"position\":2,\"name\":\"Vy\u0161iel zborn\u00edk z konferencie Dejiny cestnej dopravy na Slovensku II\"}]},{\"@type\":\"WebSite\",\"@id\":\"https:\\\/\\\/pmza.sk\\\/#website\",\"url\":\"https:\\\/\\\/pmza.sk\\\/\",\"name\":\"Pova\u017esk\u00e9 m\u00fazeum\",\"description\":\"Pova\u017esk\u00e9 m\u00fazeum v \u017diline je region\u00e1lne m\u00fazeum so s\u00eddlom v Budat\u00edne. Jeho expoz\u00edcie s\u00fa zameran\u00e9 na dejiny slovensk\u00e9ho umenia, kult\u00fary a dopravy.\",\"publisher\":{\"@id\":\"https:\\\/\\\/pmza.sk\\\/#organization\"},\"potentialAction\":[{\"@type\":\"SearchAction\",\"target\":{\"@type\":\"EntryPoint\",\"urlTemplate\":\"https:\\\/\\\/pmza.sk\\\/?s={search_term_string}\"},\"query-input\":{\"@type\":\"PropertyValueSpecification\",\"valueRequired\":true,\"valueName\":\"search_term_string\"}}],\"inLanguage\":\"sk-SK\"},{\"@type\":\"Organization\",\"@id\":\"https:\\\/\\\/pmza.sk\\\/#organization\",\"name\":\"Pova\u017esk\u00e9 m\u00fazeum\",\"url\":\"https:\\\/\\\/pmza.sk\\\/\",\"logo\":{\"@type\":\"ImageObject\",\"inLanguage\":\"sk-SK\",\"@id\":\"https:\\\/\\\/pmza.sk\\\/#\\\/schema\\\/logo\\\/image\\\/\",\"url\":\"https:\\\/\\\/pmza.sk\\\/wp-content\\\/uploads\\\/2022\\\/01\\\/logo_PM_horizontal.jpg\",\"contentUrl\":\"https:\\\/\\\/pmza.sk\\\/wp-content\\\/uploads\\\/2022\\\/01\\\/logo_PM_horizontal.jpg\",\"width\":231,\"height\":142,\"caption\":\"Pova\u017esk\u00e9 m\u00fazeum\"},\"image\":{\"@id\":\"https:\\\/\\\/pmza.sk\\\/#\\\/schema\\\/logo\\\/image\\\/\"},\"sameAs\":[\"https:\\\/\\\/www.facebook.com\\\/povazskemuzeum\",\"https:\\\/\\\/www.instagram.com\\\/povazskemuzeum\\\/\"]},{\"@type\":\"Person\",\"@id\":\"https:\\\/\\\/pmza.sk\\\/#\\\/schema\\\/person\\\/595e6a2ce731ea94dcd5d7f50a41ae33\",\"name\":\"Pova\u017esk\u00e9 m\u00fazeum\",\"image\":{\"@type\":\"ImageObject\",\"inLanguage\":\"sk-SK\",\"@id\":\"https:\\\/\\\/secure.gravatar.com\\\/avatar\\\/2bb7f1561282132fb5826dfeccc66c7996d11ee392ac6aaf7ced8a1c2027fbb2?s=96&d=mm&r=g\",\"url\":\"https:\\\/\\\/secure.gravatar.com\\\/avatar\\\/2bb7f1561282132fb5826dfeccc66c7996d11ee392ac6aaf7ced8a1c2027fbb2?s=96&d=mm&r=g\",\"contentUrl\":\"https:\\\/\\\/secure.gravatar.com\\\/avatar\\\/2bb7f1561282132fb5826dfeccc66c7996d11ee392ac6aaf7ced8a1c2027fbb2?s=96&d=mm&r=g\",\"caption\":\"Pova\u017esk\u00e9 m\u00fazeum\"}}]}<\/script>\n<!-- \/ Yoast SEO plugin. -->","yoast_head_json":{"title":"Vy\u0161iel zborn\u00edk z konferencie Dejiny cestnej dopravy na Slovensku II - Pova\u017esk\u00e9 m\u00fazeum","robots":{"index":"index","follow":"follow","max-snippet":"max-snippet:-1","max-image-preview":"max-image-preview:large","max-video-preview":"max-video-preview:-1"},"canonical":"https:\/\/pmza.sk\/?p=34884","og_locale":"sk_SK","og_type":"article","og_title":"Vy\u0161iel zborn\u00edk z konferencie Dejiny cestnej dopravy na Slovensku II - Pova\u017esk\u00e9 m\u00fazeum","og_description":"V t\u00fdchto d\u0148och k n\u00e1m dorazili v\u00fdtla\u010dky zborn\u00edka\u00a0Dejiny cestnej dopravy na Slovensku II, ktor\u00fd je v\u00fdstupom z odbornej konferencie s rovnak\u00fdm n\u00e1zvom. T\u00e1 sa konala v priestoroch Budat\u00ednskeho hradu d\u0148a 9. febru\u00e1ra 2017. Zborn\u00edk si zak\u00fapite cez e-shop Pova\u017esk\u00e9ho m\u00fazea v \u017diline alebo v jeho expoz\u00edci\u00e1ch &#8211; Budat\u00ednskom hrade, M\u00fazeu dopravy v Rajeck\u00fdch Tepliciach a [&hellip;]","og_url":"https:\/\/pmza.sk\/?p=34884","og_site_name":"Pova\u017esk\u00e9 m\u00fazeum","article_publisher":"https:\/\/www.facebook.com\/povazskemuzeum","article_published_time":"2017-08-01T09:07:19+00:00","og_image":[{"url":"https:\/\/pmza.sk.sk\/wp-content\/uploads\/2016\/09\/SDM-_-FPU_logo1_modre-150x150.jpg","type":"","width":"","height":""}],"author":"Pova\u017esk\u00e9 m\u00fazeum","twitter_card":"summary_large_image","twitter_misc":{"Autor":"Pova\u017esk\u00e9 m\u00fazeum","Predpokladan\u00fd \u010das \u010d\u00edtania":"2 min\u00faty"},"schema":{"@context":"https:\/\/schema.org","@graph":[{"@type":"Article","@id":"https:\/\/pmza.sk\/?p=34884#article","isPartOf":{"@id":"https:\/\/pmza.sk\/?p=34884"},"author":{"name":"Pova\u017esk\u00e9 m\u00fazeum","@id":"https:\/\/pmza.sk\/#\/schema\/person\/595e6a2ce731ea94dcd5d7f50a41ae33"},"headline":"Vy\u0161iel zborn\u00edk z konferencie Dejiny cestnej dopravy na Slovensku II","datePublished":"2017-08-01T09:07:19+00:00","mainEntityOfPage":{"@id":"https:\/\/pmza.sk\/?p=34884"},"wordCount":371,"publisher":{"@id":"https:\/\/pmza.sk\/#organization"},"image":{"@id":"https:\/\/pmza.sk\/?p=34884#primaryimage"},"thumbnailUrl":"https:\/\/pmza.sk.sk\/wp-content\/uploads\/2016\/09\/SDM-_-FPU_logo1_modre-150x150.jpg","articleSection":["Aktuality"],"inLanguage":"sk-SK"},{"@type":"WebPage","@id":"https:\/\/pmza.sk\/?p=34884","url":"https:\/\/pmza.sk\/?p=34884","name":"Vy\u0161iel zborn\u00edk z konferencie Dejiny cestnej dopravy na Slovensku II - Pova\u017esk\u00e9 m\u00fazeum","isPartOf":{"@id":"https:\/\/pmza.sk\/#website"},"primaryImageOfPage":{"@id":"https:\/\/pmza.sk\/?p=34884#primaryimage"},"image":{"@id":"https:\/\/pmza.sk\/?p=34884#primaryimage"},"thumbnailUrl":"https:\/\/pmza.sk.sk\/wp-content\/uploads\/2016\/09\/SDM-_-FPU_logo1_modre-150x150.jpg","datePublished":"2017-08-01T09:07:19+00:00","breadcrumb":{"@id":"https:\/\/pmza.sk\/?p=34884#breadcrumb"},"inLanguage":"sk-SK","potentialAction":[{"@type":"ReadAction","target":["https:\/\/pmza.sk\/?p=34884"]}]},{"@type":"ImageObject","inLanguage":"sk-SK","@id":"https:\/\/pmza.sk\/?p=34884#primaryimage","url":"https:\/\/pmza.sk.sk\/wp-content\/uploads\/2016\/09\/SDM-_-FPU_logo1_modre-150x150.jpg","contentUrl":"https:\/\/pmza.sk.sk\/wp-content\/uploads\/2016\/09\/SDM-_-FPU_logo1_modre-150x150.jpg"},{"@type":"BreadcrumbList","@id":"https:\/\/pmza.sk\/?p=34884#breadcrumb","itemListElement":[{"@type":"ListItem","position":1,"name":"Domovsk\u00e1 str\u00e1nka","item":"https:\/\/pmza.sk\/"},{"@type":"ListItem","position":2,"name":"Vy\u0161iel zborn\u00edk z konferencie Dejiny cestnej dopravy na Slovensku II"}]},{"@type":"WebSite","@id":"https:\/\/pmza.sk\/#website","url":"https:\/\/pmza.sk\/","name":"Pova\u017esk\u00e9 m\u00fazeum","description":"Pova\u017esk\u00e9 m\u00fazeum v \u017diline je region\u00e1lne m\u00fazeum so s\u00eddlom v Budat\u00edne. Jeho expoz\u00edcie s\u00fa zameran\u00e9 na dejiny slovensk\u00e9ho umenia, kult\u00fary a dopravy.","publisher":{"@id":"https:\/\/pmza.sk\/#organization"},"potentialAction":[{"@type":"SearchAction","target":{"@type":"EntryPoint","urlTemplate":"https:\/\/pmza.sk\/?s={search_term_string}"},"query-input":{"@type":"PropertyValueSpecification","valueRequired":true,"valueName":"search_term_string"}}],"inLanguage":"sk-SK"},{"@type":"Organization","@id":"https:\/\/pmza.sk\/#organization","name":"Pova\u017esk\u00e9 m\u00fazeum","url":"https:\/\/pmza.sk\/","logo":{"@type":"ImageObject","inLanguage":"sk-SK","@id":"https:\/\/pmza.sk\/#\/schema\/logo\/image\/","url":"https:\/\/pmza.sk\/wp-content\/uploads\/2022\/01\/logo_PM_horizontal.jpg","contentUrl":"https:\/\/pmza.sk\/wp-content\/uploads\/2022\/01\/logo_PM_horizontal.jpg","width":231,"height":142,"caption":"Pova\u017esk\u00e9 m\u00fazeum"},"image":{"@id":"https:\/\/pmza.sk\/#\/schema\/logo\/image\/"},"sameAs":["https:\/\/www.facebook.com\/povazskemuzeum","https:\/\/www.instagram.com\/povazskemuzeum\/"]},{"@type":"Person","@id":"https:\/\/pmza.sk\/#\/schema\/person\/595e6a2ce731ea94dcd5d7f50a41ae33","name":"Pova\u017esk\u00e9 m\u00fazeum","image":{"@type":"ImageObject","inLanguage":"sk-SK","@id":"https:\/\/secure.gravatar.com\/avatar\/2bb7f1561282132fb5826dfeccc66c7996d11ee392ac6aaf7ced8a1c2027fbb2?s=96&d=mm&r=g","url":"https:\/\/secure.gravatar.com\/avatar\/2bb7f1561282132fb5826dfeccc66c7996d11ee392ac6aaf7ced8a1c2027fbb2?s=96&d=mm&r=g","contentUrl":"https:\/\/secure.gravatar.com\/avatar\/2bb7f1561282132fb5826dfeccc66c7996d11ee392ac6aaf7ced8a1c2027fbb2?s=96&d=mm&r=g","caption":"Pova\u017esk\u00e9 m\u00fazeum"}}]}},"_links":{"self":[{"href":"https:\/\/pmza.sk\/index.php?rest_route=\/wp\/v2\/posts\/34884","targetHints":{"allow":["GET"]}}],"collection":[{"href":"https:\/\/pmza.sk\/index.php?rest_route=\/wp\/v2\/posts"}],"about":[{"href":"https:\/\/pmza.sk\/index.php?rest_route=\/wp\/v2\/types\/post"}],"author":[{"embeddable":true,"href":"https:\/\/pmza.sk\/index.php?rest_route=\/wp\/v2\/users\/2"}],"replies":[{"embeddable":true,"href":"https:\/\/pmza.sk\/index.php?rest_route=%2Fwp%2Fv2%2Fcomments&post=34884"}],"version-history":[{"count":0,"href":"https:\/\/pmza.sk\/index.php?rest_route=\/wp\/v2\/posts\/34884\/revisions"}],"wp:attachment":[{"href":"https:\/\/pmza.sk\/index.php?rest_route=%2Fwp%2Fv2%2Fmedia&parent=34884"}],"wp:term":[{"taxonomy":"category","embeddable":true,"href":"https:\/\/pmza.sk\/index.php?rest_route=%2Fwp%2Fv2%2Fcategories&post=34884"},{"taxonomy":"post_tag","embeddable":true,"href":"https:\/\/pmza.sk\/index.php?rest_route=%2Fwp%2Fv2%2Ftags&post=34884"}],"curies":[{"name":"wp","href":"https:\/\/api.w.org\/{rel}","templated":true}]}}