{"id":3547,"date":"2011-07-26T11:57:27","date_gmt":"2011-07-26T09:57:27","guid":{"rendered":"https:\/\/pmza.sk.sk\/?p=3547"},"modified":"2011-07-26T11:57:27","modified_gmt":"2011-07-26T09:57:27","slug":"don-quijote-de-la-ancha-v-rezii-bolka-polivku-zavita-do-budatinskeho-parku","status":"publish","type":"post","link":"https:\/\/pmza.sk\/?p=3547","title":{"rendered":"Don Quijote de la Ancha v r\u00e9\u017eii Bolka Pol\u00edvku zav\u00edta do Budat\u00ednskeho parku"},"content":{"rendered":"<p><a href=\"https:\/\/pmza.sk\/wp-content\/uploads\/2011\/07\/22.jpg\"><img fetchpriority=\"high\" decoding=\"async\" class=\"alignleft size-medium wp-image-3548\" style=\"margin: 4px; border: 2px solid black;\" title=\"22\" src=\"https:\/\/pmza.sk.sk\/wp-content\/uploads\/2011\/07\/22-300x200.jpg\" alt=\"\" width=\"300\" height=\"200\" \/><\/a>\u017dilinsk\u00e9 kult\u00farne leto 2011 pon\u00fakne za\u010diatkom augusta n\u00e1v\u0161tevn\u00edkom Budat\u00ednskeho parku naozajstn\u00fa divadeln\u00fa lah\u00f4dku. Divadlo Klauniky z Brna uvedie svoju hru Don Quijote de la Ancha, s\u00a0ktorou v\u00a0kontexte projektu Comenius \u201eKult\u00fara bez hran\u00edc\u201c u\u017e nieko\u013eko rokov nav\u0161tevuje \u010desk\u00e9 a\u00a0slovensk\u00e9 historick\u00e9 pamiatky.<\/p>\n<p>\u201e <em>T\u00e1to vynikaj\u00faca kom\u00e9dia je u\u00a0div\u00e1kov ve\u013emi ob\u013e\u00faben\u00e1. Je jedine\u010dn\u00e1 svojou komunikat\u00edvnos\u0165ou a\u00a0\u013eudsk\u00fdmi posolstvami presahuj\u00fac n\u00e1rodn\u00e9 ale aj osobn\u00e9 hranice. Projekt Comenius od roku 1999 a\u017e doteraz umo\u017enil zrealizova\u0165 okolo dvetis\u00edc repr\u00edz tohto predstavenia v\u00a0 \u010desk\u00fdch a\u00a0slovensk\u00fdch kult\u00farnych pamiatkach<\/em>,\u201c povedala Monika Homolov\u00e1, mana\u017e\u00e9rka divadla. Inscen\u00e1cia sa stala legend\u00e1rnou, rovnako ako jej sl\u00e1vna predloha, ktor\u00e1 osl\u00e1vila u\u017e \u0161tyristo rokov od jej prv\u00e9ho vydania.<!--more--><\/p>\n<p>Svojr\u00e1znemu spracovaniu osudov Dona Quijota a\u00a0jeho vern\u00e9ho slu\u017eobn\u00edka Sanchu Panza nech\u00fdba humor, nadh\u013ead, fant\u00e1zia ani mystifik\u00e1cia. Po form\u00e1lnej str\u00e1nke zvolil re\u017eijn\u00fd poradca predstavenia, autor, m\u00edm, b\u00e1snik telom a\u00a0du\u0161ou Bolek Pol\u00edvka cestu didaktickej klauni\u00e1dy. Cel\u00e1 hra je postaven\u00e1 na u\u010den\u00ed J\u00e1na \u00c1mosa Komensk\u00e9ho, a\u00a0to prostredn\u00edctvom profesora \u0161paniel\u010diny a\u00a0vychov\u00e1vate\u013eky komin\u00e1rskeho intern\u00e1tu Ancha, ktor\u00ed sa svojim div\u00e1kom \u2013 \u0161tudentom, \u00a0sna\u017eia maxim\u00e1lne pribl\u00ed\u017ei\u0165 postavu d\u00f4myseln\u00e9ho rytiera Dona Quijota. Predstavenie, ur\u010den\u00e9 v\u0161etk\u00fdm vekov\u00fdm skupin\u00e1m, je z\u00e1rove\u0148 humorn\u00fdm prel\u00ednan\u00edm sc\u00e9n svetozn\u00e1meho rom\u00e1nu Miguela de Cervantesa Saavedru a\u00a0z\u00e1rove\u0148 vyu\u010dovacou hodinou profesora \u0161paniel\u010diny.<\/p>\n<p>Divadeln\u00e1 kom\u00e9dia divadla Klauniky <strong>Don Quijote de la Ancha v\u00a0r\u00e9\u017eii Bolka Pol\u00edvku<\/strong> sa predstav\u00ed <strong>div\u00e1kom v\u00a0sobotu 6. augusta 2011 o\u00a018,00h v\u00a0Budat\u00ednskom parku<\/strong> v\u00a0r\u00e1mci \u017dilinsk\u00e9ho kult\u00farneho leta 2011. Vstup na predstavenie je bezplatn\u00fd. Organiz\u00e1torom je \u017dilinsk\u00fd samospr\u00e1vny kraj, Pova\u017esk\u00e9 m\u00fazeum v\u00a0\u017diline a\u00a0Mesto \u017dilina.<\/p>\n<p>&nbsp;<\/p>\n","protected":false},"excerpt":{"rendered":"<p>\u017dilinsk\u00e9 kult\u00farne leto 2011 pon\u00fakne za\u010diatkom augusta n\u00e1v\u0161tevn\u00edkom Budat\u00ednskeho parku naozajstn\u00fa divadeln\u00fa lah\u00f4dku. Divadlo Klauniky z Brna uvedie svoju hru Don Quijote de la Ancha, s\u00a0ktorou v\u00a0kontexte projektu Comenius \u201eKult\u00fara bez hran\u00edc\u201c u\u017e nieko\u013eko rokov nav\u0161tevuje \u010desk\u00e9 a\u00a0slovensk\u00e9 historick\u00e9 pamiatky. \u201e T\u00e1to vynikaj\u00faca kom\u00e9dia je u\u00a0div\u00e1kov ve\u013emi ob\u013e\u00faben\u00e1. Je jedine\u010dn\u00e1 svojou komunikat\u00edvnos\u0165ou a\u00a0\u013eudsk\u00fdmi posolstvami presahuj\u00fac [&hellip;]<\/p>\n","protected":false},"author":1,"featured_media":0,"comment_status":"closed","ping_status":"closed","sticky":false,"template":"","format":"standard","meta":{"site-sidebar-layout":"default","site-content-layout":"","ast-site-content-layout":"","site-content-style":"default","site-sidebar-style":"default","ast-global-header-display":"","ast-banner-title-visibility":"","ast-main-header-display":"","ast-hfb-above-header-display":"","ast-hfb-below-header-display":"","ast-hfb-mobile-header-display":"","site-post-title":"","ast-breadcrumbs-content":"","ast-featured-img":"","footer-sml-layout":"","theme-transparent-header-meta":"","adv-header-id-meta":"","stick-header-meta":"","header-above-stick-meta":"","header-main-stick-meta":"","header-below-stick-meta":"","astra-migrate-meta-layouts":"default","ast-page-background-enabled":"default","ast-page-background-meta":{"desktop":{"background-color":"var(--ast-global-color-4)","background-image":"","background-repeat":"repeat","background-position":"center center","background-size":"auto","background-attachment":"scroll","background-type":"","background-media":"","overlay-type":"","overlay-color":"","overlay-opacity":"","overlay-gradient":""},"tablet":{"background-color":"","background-image":"","background-repeat":"repeat","background-position":"center center","background-size":"auto","background-attachment":"scroll","background-type":"","background-media":"","overlay-type":"","overlay-color":"","overlay-opacity":"","overlay-gradient":""},"mobile":{"background-color":"","background-image":"","background-repeat":"repeat","background-position":"center center","background-size":"auto","background-attachment":"scroll","background-type":"","background-media":"","overlay-type":"","overlay-color":"","overlay-opacity":"","overlay-gradient":""}},"ast-content-background-meta":{"desktop":{"background-color":"var(--ast-global-color-5)","background-image":"","background-repeat":"repeat","background-position":"center center","background-size":"auto","background-attachment":"scroll","background-type":"","background-media":"","overlay-type":"","overlay-color":"","overlay-opacity":"","overlay-gradient":""},"tablet":{"background-color":"var(--ast-global-color-5)","background-image":"","background-repeat":"repeat","background-position":"center center","background-size":"auto","background-attachment":"scroll","background-type":"","background-media":"","overlay-type":"","overlay-color":"","overlay-opacity":"","overlay-gradient":""},"mobile":{"background-color":"var(--ast-global-color-5)","background-image":"","background-repeat":"repeat","background-position":"center center","background-size":"auto","background-attachment":"scroll","background-type":"","background-media":"","overlay-type":"","overlay-color":"","overlay-opacity":"","overlay-gradient":""}},"footnotes":""},"categories":[30],"tags":[],"class_list":["post-3547","post","type-post","status-publish","format-standard","hentry","category-archiv-2011"],"yoast_head":"<!-- This site is optimized with the Yoast SEO plugin v27.4 - https:\/\/yoast.com\/product\/yoast-seo-wordpress\/ -->\n<title>Don Quijote de la Ancha v r\u00e9\u017eii Bolka Pol\u00edvku zav\u00edta do Budat\u00ednskeho parku - Pova\u017esk\u00e9 m\u00fazeum<\/title>\n<meta name=\"robots\" content=\"index, follow, max-snippet:-1, max-image-preview:large, max-video-preview:-1\" \/>\n<link rel=\"canonical\" href=\"https:\/\/pmza.sk\/?p=3547\" \/>\n<meta property=\"og:locale\" content=\"sk_SK\" \/>\n<meta property=\"og:type\" content=\"article\" \/>\n<meta property=\"og:title\" content=\"Don Quijote de la Ancha v r\u00e9\u017eii Bolka Pol\u00edvku zav\u00edta do Budat\u00ednskeho parku - Pova\u017esk\u00e9 m\u00fazeum\" \/>\n<meta property=\"og:description\" content=\"\u017dilinsk\u00e9 kult\u00farne leto 2011 pon\u00fakne za\u010diatkom augusta n\u00e1v\u0161tevn\u00edkom Budat\u00ednskeho parku naozajstn\u00fa divadeln\u00fa lah\u00f4dku. Divadlo Klauniky z Brna uvedie svoju hru Don Quijote de la Ancha, s\u00a0ktorou v\u00a0kontexte projektu Comenius \u201eKult\u00fara bez hran\u00edc\u201c u\u017e nieko\u013eko rokov nav\u0161tevuje \u010desk\u00e9 a\u00a0slovensk\u00e9 historick\u00e9 pamiatky. \u201e T\u00e1to vynikaj\u00faca kom\u00e9dia je u\u00a0div\u00e1kov ve\u013emi ob\u013e\u00faben\u00e1. Je jedine\u010dn\u00e1 svojou komunikat\u00edvnos\u0165ou a\u00a0\u013eudsk\u00fdmi posolstvami presahuj\u00fac [&hellip;]\" \/>\n<meta property=\"og:url\" content=\"https:\/\/pmza.sk\/?p=3547\" \/>\n<meta property=\"og:site_name\" content=\"Pova\u017esk\u00e9 m\u00fazeum\" \/>\n<meta property=\"article:publisher\" content=\"https:\/\/www.facebook.com\/povazskemuzeum\" \/>\n<meta property=\"article:published_time\" content=\"2011-07-26T09:57:27+00:00\" \/>\n<meta property=\"og:image\" content=\"https:\/\/pmza.sk.sk\/wp-content\/uploads\/2011\/07\/22-300x200.jpg\" \/>\n<meta name=\"author\" content=\"libor\" \/>\n<meta name=\"twitter:card\" content=\"summary_large_image\" \/>\n<meta name=\"twitter:label1\" content=\"Autor\" \/>\n\t<meta name=\"twitter:data1\" content=\"libor\" \/>\n\t<meta name=\"twitter:label2\" content=\"Predpokladan\u00fd \u010das \u010d\u00edtania\" \/>\n\t<meta name=\"twitter:data2\" content=\"2 min\u00faty\" \/>\n<script type=\"application\/ld+json\" class=\"yoast-schema-graph\">{\"@context\":\"https:\\\/\\\/schema.org\",\"@graph\":[{\"@type\":\"Article\",\"@id\":\"https:\\\/\\\/pmza.sk\\\/?p=3547#article\",\"isPartOf\":{\"@id\":\"https:\\\/\\\/pmza.sk\\\/?p=3547\"},\"author\":{\"name\":\"libor\",\"@id\":\"https:\\\/\\\/pmza.sk\\\/#\\\/schema\\\/person\\\/f0b923a9aa8e1f67feef0d7cd9afde35\"},\"headline\":\"Don Quijote de la Ancha v r\u00e9\u017eii Bolka Pol\u00edvku zav\u00edta do Budat\u00ednskeho parku\",\"datePublished\":\"2011-07-26T09:57:27+00:00\",\"mainEntityOfPage\":{\"@id\":\"https:\\\/\\\/pmza.sk\\\/?p=3547\"},\"wordCount\":352,\"publisher\":{\"@id\":\"https:\\\/\\\/pmza.sk\\\/#organization\"},\"image\":{\"@id\":\"https:\\\/\\\/pmza.sk\\\/?p=3547#primaryimage\"},\"thumbnailUrl\":\"http:\\\/\\\/pmza.sk.sk\\\/wp-content\\\/uploads\\\/2011\\\/07\\\/22-300x200.jpg\",\"articleSection\":[\"Arch\u00edv 2011\"],\"inLanguage\":\"sk-SK\"},{\"@type\":\"WebPage\",\"@id\":\"https:\\\/\\\/pmza.sk\\\/?p=3547\",\"url\":\"https:\\\/\\\/pmza.sk\\\/?p=3547\",\"name\":\"Don Quijote de la Ancha v r\u00e9\u017eii Bolka Pol\u00edvku zav\u00edta do Budat\u00ednskeho parku - Pova\u017esk\u00e9 m\u00fazeum\",\"isPartOf\":{\"@id\":\"https:\\\/\\\/pmza.sk\\\/#website\"},\"primaryImageOfPage\":{\"@id\":\"https:\\\/\\\/pmza.sk\\\/?p=3547#primaryimage\"},\"image\":{\"@id\":\"https:\\\/\\\/pmza.sk\\\/?p=3547#primaryimage\"},\"thumbnailUrl\":\"http:\\\/\\\/pmza.sk.sk\\\/wp-content\\\/uploads\\\/2011\\\/07\\\/22-300x200.jpg\",\"datePublished\":\"2011-07-26T09:57:27+00:00\",\"breadcrumb\":{\"@id\":\"https:\\\/\\\/pmza.sk\\\/?p=3547#breadcrumb\"},\"inLanguage\":\"sk-SK\",\"potentialAction\":[{\"@type\":\"ReadAction\",\"target\":[\"https:\\\/\\\/pmza.sk\\\/?p=3547\"]}]},{\"@type\":\"ImageObject\",\"inLanguage\":\"sk-SK\",\"@id\":\"https:\\\/\\\/pmza.sk\\\/?p=3547#primaryimage\",\"url\":\"http:\\\/\\\/pmza.sk.sk\\\/wp-content\\\/uploads\\\/2011\\\/07\\\/22-300x200.jpg\",\"contentUrl\":\"http:\\\/\\\/pmza.sk.sk\\\/wp-content\\\/uploads\\\/2011\\\/07\\\/22-300x200.jpg\"},{\"@type\":\"BreadcrumbList\",\"@id\":\"https:\\\/\\\/pmza.sk\\\/?p=3547#breadcrumb\",\"itemListElement\":[{\"@type\":\"ListItem\",\"position\":1,\"name\":\"Domovsk\u00e1 str\u00e1nka\",\"item\":\"https:\\\/\\\/pmza.sk\\\/\"},{\"@type\":\"ListItem\",\"position\":2,\"name\":\"Don Quijote de la Ancha v r\u00e9\u017eii Bolka Pol\u00edvku zav\u00edta do Budat\u00ednskeho parku\"}]},{\"@type\":\"WebSite\",\"@id\":\"https:\\\/\\\/pmza.sk\\\/#website\",\"url\":\"https:\\\/\\\/pmza.sk\\\/\",\"name\":\"Pova\u017esk\u00e9 m\u00fazeum\",\"description\":\"Pova\u017esk\u00e9 m\u00fazeum v \u017diline je region\u00e1lne m\u00fazeum so s\u00eddlom v Budat\u00edne. Jeho expoz\u00edcie s\u00fa zameran\u00e9 na dejiny slovensk\u00e9ho umenia, kult\u00fary a dopravy.\",\"publisher\":{\"@id\":\"https:\\\/\\\/pmza.sk\\\/#organization\"},\"potentialAction\":[{\"@type\":\"SearchAction\",\"target\":{\"@type\":\"EntryPoint\",\"urlTemplate\":\"https:\\\/\\\/pmza.sk\\\/?s={search_term_string}\"},\"query-input\":{\"@type\":\"PropertyValueSpecification\",\"valueRequired\":true,\"valueName\":\"search_term_string\"}}],\"inLanguage\":\"sk-SK\"},{\"@type\":\"Organization\",\"@id\":\"https:\\\/\\\/pmza.sk\\\/#organization\",\"name\":\"Pova\u017esk\u00e9 m\u00fazeum\",\"url\":\"https:\\\/\\\/pmza.sk\\\/\",\"logo\":{\"@type\":\"ImageObject\",\"inLanguage\":\"sk-SK\",\"@id\":\"https:\\\/\\\/pmza.sk\\\/#\\\/schema\\\/logo\\\/image\\\/\",\"url\":\"https:\\\/\\\/pmza.sk\\\/wp-content\\\/uploads\\\/2022\\\/01\\\/logo_PM_horizontal.jpg\",\"contentUrl\":\"https:\\\/\\\/pmza.sk\\\/wp-content\\\/uploads\\\/2022\\\/01\\\/logo_PM_horizontal.jpg\",\"width\":231,\"height\":142,\"caption\":\"Pova\u017esk\u00e9 m\u00fazeum\"},\"image\":{\"@id\":\"https:\\\/\\\/pmza.sk\\\/#\\\/schema\\\/logo\\\/image\\\/\"},\"sameAs\":[\"https:\\\/\\\/www.facebook.com\\\/povazskemuzeum\",\"https:\\\/\\\/www.instagram.com\\\/povazskemuzeum\\\/\"]},{\"@type\":\"Person\",\"@id\":\"https:\\\/\\\/pmza.sk\\\/#\\\/schema\\\/person\\\/f0b923a9aa8e1f67feef0d7cd9afde35\",\"name\":\"libor\",\"image\":{\"@type\":\"ImageObject\",\"inLanguage\":\"sk-SK\",\"@id\":\"https:\\\/\\\/secure.gravatar.com\\\/avatar\\\/c583dbc698e594aacced1589eb8cf1673bd41d461e8b2ab635484ffc26fee7b0?s=96&d=mm&r=g\",\"url\":\"https:\\\/\\\/secure.gravatar.com\\\/avatar\\\/c583dbc698e594aacced1589eb8cf1673bd41d461e8b2ab635484ffc26fee7b0?s=96&d=mm&r=g\",\"contentUrl\":\"https:\\\/\\\/secure.gravatar.com\\\/avatar\\\/c583dbc698e594aacced1589eb8cf1673bd41d461e8b2ab635484ffc26fee7b0?s=96&d=mm&r=g\",\"caption\":\"libor\"}}]}<\/script>\n<!-- \/ Yoast SEO plugin. -->","yoast_head_json":{"title":"Don Quijote de la Ancha v r\u00e9\u017eii Bolka Pol\u00edvku zav\u00edta do Budat\u00ednskeho parku - Pova\u017esk\u00e9 m\u00fazeum","robots":{"index":"index","follow":"follow","max-snippet":"max-snippet:-1","max-image-preview":"max-image-preview:large","max-video-preview":"max-video-preview:-1"},"canonical":"https:\/\/pmza.sk\/?p=3547","og_locale":"sk_SK","og_type":"article","og_title":"Don Quijote de la Ancha v r\u00e9\u017eii Bolka Pol\u00edvku zav\u00edta do Budat\u00ednskeho parku - Pova\u017esk\u00e9 m\u00fazeum","og_description":"\u017dilinsk\u00e9 kult\u00farne leto 2011 pon\u00fakne za\u010diatkom augusta n\u00e1v\u0161tevn\u00edkom Budat\u00ednskeho parku naozajstn\u00fa divadeln\u00fa lah\u00f4dku. Divadlo Klauniky z Brna uvedie svoju hru Don Quijote de la Ancha, s\u00a0ktorou v\u00a0kontexte projektu Comenius \u201eKult\u00fara bez hran\u00edc\u201c u\u017e nieko\u013eko rokov nav\u0161tevuje \u010desk\u00e9 a\u00a0slovensk\u00e9 historick\u00e9 pamiatky. \u201e T\u00e1to vynikaj\u00faca kom\u00e9dia je u\u00a0div\u00e1kov ve\u013emi ob\u013e\u00faben\u00e1. Je jedine\u010dn\u00e1 svojou komunikat\u00edvnos\u0165ou a\u00a0\u013eudsk\u00fdmi posolstvami presahuj\u00fac [&hellip;]","og_url":"https:\/\/pmza.sk\/?p=3547","og_site_name":"Pova\u017esk\u00e9 m\u00fazeum","article_publisher":"https:\/\/www.facebook.com\/povazskemuzeum","article_published_time":"2011-07-26T09:57:27+00:00","og_image":[{"url":"https:\/\/pmza.sk.sk\/wp-content\/uploads\/2011\/07\/22-300x200.jpg","type":"","width":"","height":""}],"author":"libor","twitter_card":"summary_large_image","twitter_misc":{"Autor":"libor","Predpokladan\u00fd \u010das \u010d\u00edtania":"2 min\u00faty"},"schema":{"@context":"https:\/\/schema.org","@graph":[{"@type":"Article","@id":"https:\/\/pmza.sk\/?p=3547#article","isPartOf":{"@id":"https:\/\/pmza.sk\/?p=3547"},"author":{"name":"libor","@id":"https:\/\/pmza.sk\/#\/schema\/person\/f0b923a9aa8e1f67feef0d7cd9afde35"},"headline":"Don Quijote de la Ancha v r\u00e9\u017eii Bolka Pol\u00edvku zav\u00edta do Budat\u00ednskeho parku","datePublished":"2011-07-26T09:57:27+00:00","mainEntityOfPage":{"@id":"https:\/\/pmza.sk\/?p=3547"},"wordCount":352,"publisher":{"@id":"https:\/\/pmza.sk\/#organization"},"image":{"@id":"https:\/\/pmza.sk\/?p=3547#primaryimage"},"thumbnailUrl":"https:\/\/pmza.sk.sk\/wp-content\/uploads\/2011\/07\/22-300x200.jpg","articleSection":["Arch\u00edv 2011"],"inLanguage":"sk-SK"},{"@type":"WebPage","@id":"https:\/\/pmza.sk\/?p=3547","url":"https:\/\/pmza.sk\/?p=3547","name":"Don Quijote de la Ancha v r\u00e9\u017eii Bolka Pol\u00edvku zav\u00edta do Budat\u00ednskeho parku - Pova\u017esk\u00e9 m\u00fazeum","isPartOf":{"@id":"https:\/\/pmza.sk\/#website"},"primaryImageOfPage":{"@id":"https:\/\/pmza.sk\/?p=3547#primaryimage"},"image":{"@id":"https:\/\/pmza.sk\/?p=3547#primaryimage"},"thumbnailUrl":"https:\/\/pmza.sk.sk\/wp-content\/uploads\/2011\/07\/22-300x200.jpg","datePublished":"2011-07-26T09:57:27+00:00","breadcrumb":{"@id":"https:\/\/pmza.sk\/?p=3547#breadcrumb"},"inLanguage":"sk-SK","potentialAction":[{"@type":"ReadAction","target":["https:\/\/pmza.sk\/?p=3547"]}]},{"@type":"ImageObject","inLanguage":"sk-SK","@id":"https:\/\/pmza.sk\/?p=3547#primaryimage","url":"https:\/\/pmza.sk.sk\/wp-content\/uploads\/2011\/07\/22-300x200.jpg","contentUrl":"https:\/\/pmza.sk.sk\/wp-content\/uploads\/2011\/07\/22-300x200.jpg"},{"@type":"BreadcrumbList","@id":"https:\/\/pmza.sk\/?p=3547#breadcrumb","itemListElement":[{"@type":"ListItem","position":1,"name":"Domovsk\u00e1 str\u00e1nka","item":"https:\/\/pmza.sk\/"},{"@type":"ListItem","position":2,"name":"Don Quijote de la Ancha v r\u00e9\u017eii Bolka Pol\u00edvku zav\u00edta do Budat\u00ednskeho parku"}]},{"@type":"WebSite","@id":"https:\/\/pmza.sk\/#website","url":"https:\/\/pmza.sk\/","name":"Pova\u017esk\u00e9 m\u00fazeum","description":"Pova\u017esk\u00e9 m\u00fazeum v \u017diline je region\u00e1lne m\u00fazeum so s\u00eddlom v Budat\u00edne. Jeho expoz\u00edcie s\u00fa zameran\u00e9 na dejiny slovensk\u00e9ho umenia, kult\u00fary a dopravy.","publisher":{"@id":"https:\/\/pmza.sk\/#organization"},"potentialAction":[{"@type":"SearchAction","target":{"@type":"EntryPoint","urlTemplate":"https:\/\/pmza.sk\/?s={search_term_string}"},"query-input":{"@type":"PropertyValueSpecification","valueRequired":true,"valueName":"search_term_string"}}],"inLanguage":"sk-SK"},{"@type":"Organization","@id":"https:\/\/pmza.sk\/#organization","name":"Pova\u017esk\u00e9 m\u00fazeum","url":"https:\/\/pmza.sk\/","logo":{"@type":"ImageObject","inLanguage":"sk-SK","@id":"https:\/\/pmza.sk\/#\/schema\/logo\/image\/","url":"https:\/\/pmza.sk\/wp-content\/uploads\/2022\/01\/logo_PM_horizontal.jpg","contentUrl":"https:\/\/pmza.sk\/wp-content\/uploads\/2022\/01\/logo_PM_horizontal.jpg","width":231,"height":142,"caption":"Pova\u017esk\u00e9 m\u00fazeum"},"image":{"@id":"https:\/\/pmza.sk\/#\/schema\/logo\/image\/"},"sameAs":["https:\/\/www.facebook.com\/povazskemuzeum","https:\/\/www.instagram.com\/povazskemuzeum\/"]},{"@type":"Person","@id":"https:\/\/pmza.sk\/#\/schema\/person\/f0b923a9aa8e1f67feef0d7cd9afde35","name":"libor","image":{"@type":"ImageObject","inLanguage":"sk-SK","@id":"https:\/\/secure.gravatar.com\/avatar\/c583dbc698e594aacced1589eb8cf1673bd41d461e8b2ab635484ffc26fee7b0?s=96&d=mm&r=g","url":"https:\/\/secure.gravatar.com\/avatar\/c583dbc698e594aacced1589eb8cf1673bd41d461e8b2ab635484ffc26fee7b0?s=96&d=mm&r=g","contentUrl":"https:\/\/secure.gravatar.com\/avatar\/c583dbc698e594aacced1589eb8cf1673bd41d461e8b2ab635484ffc26fee7b0?s=96&d=mm&r=g","caption":"libor"}}]}},"_links":{"self":[{"href":"https:\/\/pmza.sk\/index.php?rest_route=\/wp\/v2\/posts\/3547","targetHints":{"allow":["GET"]}}],"collection":[{"href":"https:\/\/pmza.sk\/index.php?rest_route=\/wp\/v2\/posts"}],"about":[{"href":"https:\/\/pmza.sk\/index.php?rest_route=\/wp\/v2\/types\/post"}],"author":[{"embeddable":true,"href":"https:\/\/pmza.sk\/index.php?rest_route=\/wp\/v2\/users\/1"}],"replies":[{"embeddable":true,"href":"https:\/\/pmza.sk\/index.php?rest_route=%2Fwp%2Fv2%2Fcomments&post=3547"}],"version-history":[{"count":0,"href":"https:\/\/pmza.sk\/index.php?rest_route=\/wp\/v2\/posts\/3547\/revisions"}],"wp:attachment":[{"href":"https:\/\/pmza.sk\/index.php?rest_route=%2Fwp%2Fv2%2Fmedia&parent=3547"}],"wp:term":[{"taxonomy":"category","embeddable":true,"href":"https:\/\/pmza.sk\/index.php?rest_route=%2Fwp%2Fv2%2Fcategories&post=3547"},{"taxonomy":"post_tag","embeddable":true,"href":"https:\/\/pmza.sk\/index.php?rest_route=%2Fwp%2Fv2%2Ftags&post=3547"}],"curies":[{"name":"wp","href":"https:\/\/api.w.org\/{rel}","templated":true}]}}