{"id":35479,"date":"2019-08-05T11:47:33","date_gmt":"2019-08-05T09:47:33","guid":{"rendered":"https:\/\/pmza.sk\/?p=35479"},"modified":"2019-08-05T11:47:33","modified_gmt":"2019-08-05T09:47:33","slug":"zbierkovy-predmet-mesiaca","status":"publish","type":"post","link":"https:\/\/pmza.sk\/?p=35479","title":{"rendered":"Zbierkov\u00fd predmet mesiaca"},"content":{"rendered":"<p>Zbierkov\u00fdm predmetom v auguste je v\u00fd\u0161ivka z historick\u00e9ho fondu Pova\u017esk\u00e9ho m\u00fazea v\u00a0\u017diline. T\u00e1to v\u00fd\u0161ivka z\u00a0kor\u00e1likov s\u00a0menom J\u00e1na Ko\u0161elu v\u00a0r\u00e1m\u010deku dlh\u00e9 roky zdobila kancel\u00e1riu konzerv\u00e1torky \u013dudmily Hru\u0161kovej. V\u00fd\u0161ivku m\u00f4\u017eeme datova\u0165 do 19. storo\u010dia, kedy bola ru\u010dne zhotoven\u00e1 pre \u010dlena rodiny Ko\u0161elovcov pravdepodobne ako dar\u010dek. Ko\u0161elovci patrili k\u00a0najbohat\u0161\u00edm a\u00a0najv\u00fdznamnej\u0161\u00edm patricijsk\u00fdm rodom v\u00a0\u017diline a zast\u00e1vali v\u00fdznamn\u00e9 funkcie v\u00a0mestskej spr\u00e1ve. Prv\u00e1 p\u00edsomn\u00e1 zmienka o\u00a0rode poch\u00e1dza z\u00a0roku 1530. V\u00a0roku 1610 kr\u00e1\u013e Matej II. Habsbursk\u00fd pov\u00fd\u0161il do \u0161\u013eachtick\u00e9ho stavu Baltaz\u00e1ra a\u00a0Michala Ko\u0161elovcov a\u00a0udelil im erb (erbov\u00fa listinu je mo\u017en\u00e9 taktie\u017e vidie\u0165 v\u00a0st\u00e1lej expoz\u00edcii Budat\u00ednskeho hradu). V\u00a0\u017eilinsk\u00fdch matrik\u00e1ch zaznamen\u00e1vame potomkov rodu e\u0161te aj po\u010das 19. storo\u010dia, a\u00a0to aj mu\u017esk\u00fdch \u010dlenov s\u00a0krstn\u00fdm menom J\u00e1n. Po konzult\u00e1cii s\u00a0kur\u00e1torkou Historick\u00e9ho m\u00fazea, Mgr. Evou Hasalovou, m\u00f4\u017eeme v\u00fd\u0161ivku bli\u017e\u0161ie datova\u0165. Technika v\u00fd\u0161ivky (alebo aj pletenia ni\u0165ou, na ktorej s\u00fa navle\u010den\u00e9 sekan\u00e9 kor\u00e1liky) bola roz\u0161\u00edren\u00e1 od druhej dek\u00e1dy 19. storo\u010dia a te\u0161ila sa ob\u013eube a\u017e do 60. rokov 19.\u00a0storo\u010dia. K\u00a0\u010domu presne v\u00fd\u0161ivka sl\u00fa\u017eila nevieme, ale vzh\u013eadom na pou\u017eit\u00fd uz\u00e1ver mohla zdobi\u0165 nejak\u00fd ov\u00e1lny predmet, napr\u00edklad puzdro. N\u00e1v\u0161tevn\u00edci ju m\u00f4\u017eu vidie\u0165 v infopulte na Budat\u00ednskom hrade do konca augusta.<\/p>\n<p><img fetchpriority=\"high\" decoding=\"async\" class=\"aligncenter size-medium wp-image-35482\" src=\"https:\/\/pmza.sk\/wp-content\/uploads\/2019\/08\/IMG_4539-540x360.jpg\" alt=\"\" width=\"540\" height=\"360\" srcset=\"https:\/\/pmza.sk\/wp-content\/uploads\/2019\/08\/IMG_4539-540x360.jpg 540w, https:\/\/pmza.sk\/wp-content\/uploads\/2019\/08\/IMG_4539-768x512.jpg 768w, https:\/\/pmza.sk\/wp-content\/uploads\/2019\/08\/IMG_4539-600x400.jpg 600w, https:\/\/pmza.sk\/wp-content\/uploads\/2019\/08\/IMG_4539.jpg 1024w\" sizes=\"(max-width: 540px) 100vw, 540px\" \/><\/p>\n","protected":false},"excerpt":{"rendered":"<p>Zbierkov\u00fdm predmetom v auguste je v\u00fd\u0161ivka z historick\u00e9ho fondu Pova\u017esk\u00e9ho m\u00fazea v\u00a0\u017diline. T\u00e1to v\u00fd\u0161ivka z\u00a0kor\u00e1likov s\u00a0menom J\u00e1na Ko\u0161elu v\u00a0r\u00e1m\u010deku dlh\u00e9 roky zdobila kancel\u00e1riu konzerv\u00e1torky \u013dudmily Hru\u0161kovej. V\u00fd\u0161ivku m\u00f4\u017eeme datova\u0165 do 19. storo\u010dia, kedy bola ru\u010dne zhotoven\u00e1 pre \u010dlena rodiny Ko\u0161elovcov pravdepodobne ako dar\u010dek. Ko\u0161elovci patrili k\u00a0najbohat\u0161\u00edm a\u00a0najv\u00fdznamnej\u0161\u00edm patricijsk\u00fdm rodom v\u00a0\u017diline a zast\u00e1vali v\u00fdznamn\u00e9 funkcie v\u00a0mestskej [&hellip;]<\/p>\n","protected":false},"author":2,"featured_media":35481,"comment_status":"closed","ping_status":"closed","sticky":false,"template":"","format":"standard","meta":{"site-sidebar-layout":"default","site-content-layout":"","ast-site-content-layout":"","site-content-style":"default","site-sidebar-style":"default","ast-global-header-display":"","ast-banner-title-visibility":"","ast-main-header-display":"","ast-hfb-above-header-display":"","ast-hfb-below-header-display":"","ast-hfb-mobile-header-display":"","site-post-title":"","ast-breadcrumbs-content":"","ast-featured-img":"","footer-sml-layout":"","theme-transparent-header-meta":"","adv-header-id-meta":"","stick-header-meta":"","header-above-stick-meta":"","header-main-stick-meta":"","header-below-stick-meta":"","astra-migrate-meta-layouts":"default","ast-page-background-enabled":"default","ast-page-background-meta":{"desktop":{"background-color":"var(--ast-global-color-4)","background-image":"","background-repeat":"repeat","background-position":"center center","background-size":"auto","background-attachment":"scroll","background-type":"","background-media":"","overlay-type":"","overlay-color":"","overlay-opacity":"","overlay-gradient":""},"tablet":{"background-color":"","background-image":"","background-repeat":"repeat","background-position":"center center","background-size":"auto","background-attachment":"scroll","background-type":"","background-media":"","overlay-type":"","overlay-color":"","overlay-opacity":"","overlay-gradient":""},"mobile":{"background-color":"","background-image":"","background-repeat":"repeat","background-position":"center center","background-size":"auto","background-attachment":"scroll","background-type":"","background-media":"","overlay-type":"","overlay-color":"","overlay-opacity":"","overlay-gradient":""}},"ast-content-background-meta":{"desktop":{"background-color":"var(--ast-global-color-5)","background-image":"","background-repeat":"repeat","background-position":"center center","background-size":"auto","background-attachment":"scroll","background-type":"","background-media":"","overlay-type":"","overlay-color":"","overlay-opacity":"","overlay-gradient":""},"tablet":{"background-color":"var(--ast-global-color-5)","background-image":"","background-repeat":"repeat","background-position":"center center","background-size":"auto","background-attachment":"scroll","background-type":"","background-media":"","overlay-type":"","overlay-color":"","overlay-opacity":"","overlay-gradient":""},"mobile":{"background-color":"var(--ast-global-color-5)","background-image":"","background-repeat":"repeat","background-position":"center center","background-size":"auto","background-attachment":"scroll","background-type":"","background-media":"","overlay-type":"","overlay-color":"","overlay-opacity":"","overlay-gradient":""}},"footnotes":""},"categories":[31],"tags":[],"class_list":["post-35479","post","type-post","status-publish","format-standard","has-post-thumbnail","hentry","category-aktuality"],"yoast_head":"<!-- This site is optimized with the Yoast SEO plugin v27.4 - https:\/\/yoast.com\/product\/yoast-seo-wordpress\/ -->\n<title>Zbierkov\u00fd predmet mesiaca - Pova\u017esk\u00e9 m\u00fazeum<\/title>\n<meta name=\"robots\" content=\"index, follow, max-snippet:-1, max-image-preview:large, max-video-preview:-1\" \/>\n<link rel=\"canonical\" href=\"https:\/\/pmza.sk\/?p=35479\" \/>\n<meta property=\"og:locale\" content=\"sk_SK\" \/>\n<meta property=\"og:type\" content=\"article\" \/>\n<meta property=\"og:title\" content=\"Zbierkov\u00fd predmet mesiaca - Pova\u017esk\u00e9 m\u00fazeum\" \/>\n<meta property=\"og:description\" content=\"Zbierkov\u00fdm predmetom v auguste je v\u00fd\u0161ivka z historick\u00e9ho fondu Pova\u017esk\u00e9ho m\u00fazea v\u00a0\u017diline. T\u00e1to v\u00fd\u0161ivka z\u00a0kor\u00e1likov s\u00a0menom J\u00e1na Ko\u0161elu v\u00a0r\u00e1m\u010deku dlh\u00e9 roky zdobila kancel\u00e1riu konzerv\u00e1torky \u013dudmily Hru\u0161kovej. V\u00fd\u0161ivku m\u00f4\u017eeme datova\u0165 do 19. storo\u010dia, kedy bola ru\u010dne zhotoven\u00e1 pre \u010dlena rodiny Ko\u0161elovcov pravdepodobne ako dar\u010dek. Ko\u0161elovci patrili k\u00a0najbohat\u0161\u00edm a\u00a0najv\u00fdznamnej\u0161\u00edm patricijsk\u00fdm rodom v\u00a0\u017diline a zast\u00e1vali v\u00fdznamn\u00e9 funkcie v\u00a0mestskej [&hellip;]\" \/>\n<meta property=\"og:url\" content=\"https:\/\/pmza.sk\/?p=35479\" \/>\n<meta property=\"og:site_name\" content=\"Pova\u017esk\u00e9 m\u00fazeum\" \/>\n<meta property=\"article:publisher\" content=\"https:\/\/www.facebook.com\/povazskemuzeum\" \/>\n<meta property=\"article:published_time\" content=\"2019-08-05T09:47:33+00:00\" \/>\n<meta property=\"og:image\" content=\"https:\/\/pmza.sk\/wp-content\/uploads\/2019\/08\/IMG_4538.jpg\" \/>\n\t<meta property=\"og:image:width\" content=\"1024\" \/>\n\t<meta property=\"og:image:height\" content=\"768\" \/>\n\t<meta property=\"og:image:type\" content=\"image\/jpeg\" \/>\n<meta name=\"author\" content=\"Pova\u017esk\u00e9 m\u00fazeum\" \/>\n<meta name=\"twitter:card\" content=\"summary_large_image\" \/>\n<meta name=\"twitter:label1\" content=\"Autor\" \/>\n\t<meta name=\"twitter:data1\" content=\"Pova\u017esk\u00e9 m\u00fazeum\" \/>\n\t<meta name=\"twitter:label2\" content=\"Predpokladan\u00fd \u010das \u010d\u00edtania\" \/>\n\t<meta name=\"twitter:data2\" content=\"1 min\u00fata\" \/>\n<script type=\"application\/ld+json\" class=\"yoast-schema-graph\">{\"@context\":\"https:\\\/\\\/schema.org\",\"@graph\":[{\"@type\":\"Article\",\"@id\":\"https:\\\/\\\/pmza.sk\\\/?p=35479#article\",\"isPartOf\":{\"@id\":\"https:\\\/\\\/pmza.sk\\\/?p=35479\"},\"author\":{\"name\":\"Pova\u017esk\u00e9 m\u00fazeum\",\"@id\":\"https:\\\/\\\/pmza.sk\\\/#\\\/schema\\\/person\\\/595e6a2ce731ea94dcd5d7f50a41ae33\"},\"headline\":\"Zbierkov\u00fd predmet mesiaca\",\"datePublished\":\"2019-08-05T09:47:33+00:00\",\"mainEntityOfPage\":{\"@id\":\"https:\\\/\\\/pmza.sk\\\/?p=35479\"},\"wordCount\":270,\"publisher\":{\"@id\":\"https:\\\/\\\/pmza.sk\\\/#organization\"},\"image\":{\"@id\":\"https:\\\/\\\/pmza.sk\\\/?p=35479#primaryimage\"},\"thumbnailUrl\":\"https:\\\/\\\/pmza.sk\\\/wp-content\\\/uploads\\\/2019\\\/08\\\/IMG_4538.jpg\",\"articleSection\":[\"Aktuality\"],\"inLanguage\":\"sk-SK\"},{\"@type\":\"WebPage\",\"@id\":\"https:\\\/\\\/pmza.sk\\\/?p=35479\",\"url\":\"https:\\\/\\\/pmza.sk\\\/?p=35479\",\"name\":\"Zbierkov\u00fd predmet mesiaca - Pova\u017esk\u00e9 m\u00fazeum\",\"isPartOf\":{\"@id\":\"https:\\\/\\\/pmza.sk\\\/#website\"},\"primaryImageOfPage\":{\"@id\":\"https:\\\/\\\/pmza.sk\\\/?p=35479#primaryimage\"},\"image\":{\"@id\":\"https:\\\/\\\/pmza.sk\\\/?p=35479#primaryimage\"},\"thumbnailUrl\":\"https:\\\/\\\/pmza.sk\\\/wp-content\\\/uploads\\\/2019\\\/08\\\/IMG_4538.jpg\",\"datePublished\":\"2019-08-05T09:47:33+00:00\",\"breadcrumb\":{\"@id\":\"https:\\\/\\\/pmza.sk\\\/?p=35479#breadcrumb\"},\"inLanguage\":\"sk-SK\",\"potentialAction\":[{\"@type\":\"ReadAction\",\"target\":[\"https:\\\/\\\/pmza.sk\\\/?p=35479\"]}]},{\"@type\":\"ImageObject\",\"inLanguage\":\"sk-SK\",\"@id\":\"https:\\\/\\\/pmza.sk\\\/?p=35479#primaryimage\",\"url\":\"https:\\\/\\\/pmza.sk\\\/wp-content\\\/uploads\\\/2019\\\/08\\\/IMG_4538.jpg\",\"contentUrl\":\"https:\\\/\\\/pmza.sk\\\/wp-content\\\/uploads\\\/2019\\\/08\\\/IMG_4538.jpg\",\"width\":1024,\"height\":768},{\"@type\":\"BreadcrumbList\",\"@id\":\"https:\\\/\\\/pmza.sk\\\/?p=35479#breadcrumb\",\"itemListElement\":[{\"@type\":\"ListItem\",\"position\":1,\"name\":\"Domovsk\u00e1 str\u00e1nka\",\"item\":\"https:\\\/\\\/pmza.sk\\\/\"},{\"@type\":\"ListItem\",\"position\":2,\"name\":\"Zbierkov\u00fd predmet mesiaca\"}]},{\"@type\":\"WebSite\",\"@id\":\"https:\\\/\\\/pmza.sk\\\/#website\",\"url\":\"https:\\\/\\\/pmza.sk\\\/\",\"name\":\"Pova\u017esk\u00e9 m\u00fazeum\",\"description\":\"Pova\u017esk\u00e9 m\u00fazeum v \u017diline je region\u00e1lne m\u00fazeum so s\u00eddlom v Budat\u00edne. Jeho expoz\u00edcie s\u00fa zameran\u00e9 na dejiny slovensk\u00e9ho umenia, kult\u00fary a dopravy.\",\"publisher\":{\"@id\":\"https:\\\/\\\/pmza.sk\\\/#organization\"},\"potentialAction\":[{\"@type\":\"SearchAction\",\"target\":{\"@type\":\"EntryPoint\",\"urlTemplate\":\"https:\\\/\\\/pmza.sk\\\/?s={search_term_string}\"},\"query-input\":{\"@type\":\"PropertyValueSpecification\",\"valueRequired\":true,\"valueName\":\"search_term_string\"}}],\"inLanguage\":\"sk-SK\"},{\"@type\":\"Organization\",\"@id\":\"https:\\\/\\\/pmza.sk\\\/#organization\",\"name\":\"Pova\u017esk\u00e9 m\u00fazeum\",\"url\":\"https:\\\/\\\/pmza.sk\\\/\",\"logo\":{\"@type\":\"ImageObject\",\"inLanguage\":\"sk-SK\",\"@id\":\"https:\\\/\\\/pmza.sk\\\/#\\\/schema\\\/logo\\\/image\\\/\",\"url\":\"https:\\\/\\\/pmza.sk\\\/wp-content\\\/uploads\\\/2022\\\/01\\\/logo_PM_horizontal.jpg\",\"contentUrl\":\"https:\\\/\\\/pmza.sk\\\/wp-content\\\/uploads\\\/2022\\\/01\\\/logo_PM_horizontal.jpg\",\"width\":231,\"height\":142,\"caption\":\"Pova\u017esk\u00e9 m\u00fazeum\"},\"image\":{\"@id\":\"https:\\\/\\\/pmza.sk\\\/#\\\/schema\\\/logo\\\/image\\\/\"},\"sameAs\":[\"https:\\\/\\\/www.facebook.com\\\/povazskemuzeum\",\"https:\\\/\\\/www.instagram.com\\\/povazskemuzeum\\\/\"]},{\"@type\":\"Person\",\"@id\":\"https:\\\/\\\/pmza.sk\\\/#\\\/schema\\\/person\\\/595e6a2ce731ea94dcd5d7f50a41ae33\",\"name\":\"Pova\u017esk\u00e9 m\u00fazeum\",\"image\":{\"@type\":\"ImageObject\",\"inLanguage\":\"sk-SK\",\"@id\":\"https:\\\/\\\/secure.gravatar.com\\\/avatar\\\/2bb7f1561282132fb5826dfeccc66c7996d11ee392ac6aaf7ced8a1c2027fbb2?s=96&d=mm&r=g\",\"url\":\"https:\\\/\\\/secure.gravatar.com\\\/avatar\\\/2bb7f1561282132fb5826dfeccc66c7996d11ee392ac6aaf7ced8a1c2027fbb2?s=96&d=mm&r=g\",\"contentUrl\":\"https:\\\/\\\/secure.gravatar.com\\\/avatar\\\/2bb7f1561282132fb5826dfeccc66c7996d11ee392ac6aaf7ced8a1c2027fbb2?s=96&d=mm&r=g\",\"caption\":\"Pova\u017esk\u00e9 m\u00fazeum\"}}]}<\/script>\n<!-- \/ Yoast SEO plugin. -->","yoast_head_json":{"title":"Zbierkov\u00fd predmet mesiaca - Pova\u017esk\u00e9 m\u00fazeum","robots":{"index":"index","follow":"follow","max-snippet":"max-snippet:-1","max-image-preview":"max-image-preview:large","max-video-preview":"max-video-preview:-1"},"canonical":"https:\/\/pmza.sk\/?p=35479","og_locale":"sk_SK","og_type":"article","og_title":"Zbierkov\u00fd predmet mesiaca - Pova\u017esk\u00e9 m\u00fazeum","og_description":"Zbierkov\u00fdm predmetom v auguste je v\u00fd\u0161ivka z historick\u00e9ho fondu Pova\u017esk\u00e9ho m\u00fazea v\u00a0\u017diline. T\u00e1to v\u00fd\u0161ivka z\u00a0kor\u00e1likov s\u00a0menom J\u00e1na Ko\u0161elu v\u00a0r\u00e1m\u010deku dlh\u00e9 roky zdobila kancel\u00e1riu konzerv\u00e1torky \u013dudmily Hru\u0161kovej. V\u00fd\u0161ivku m\u00f4\u017eeme datova\u0165 do 19. storo\u010dia, kedy bola ru\u010dne zhotoven\u00e1 pre \u010dlena rodiny Ko\u0161elovcov pravdepodobne ako dar\u010dek. Ko\u0161elovci patrili k\u00a0najbohat\u0161\u00edm a\u00a0najv\u00fdznamnej\u0161\u00edm patricijsk\u00fdm rodom v\u00a0\u017diline a zast\u00e1vali v\u00fdznamn\u00e9 funkcie v\u00a0mestskej [&hellip;]","og_url":"https:\/\/pmza.sk\/?p=35479","og_site_name":"Pova\u017esk\u00e9 m\u00fazeum","article_publisher":"https:\/\/www.facebook.com\/povazskemuzeum","article_published_time":"2019-08-05T09:47:33+00:00","og_image":[{"width":1024,"height":768,"url":"https:\/\/pmza.sk\/wp-content\/uploads\/2019\/08\/IMG_4538.jpg","type":"image\/jpeg"}],"author":"Pova\u017esk\u00e9 m\u00fazeum","twitter_card":"summary_large_image","twitter_misc":{"Autor":"Pova\u017esk\u00e9 m\u00fazeum","Predpokladan\u00fd \u010das \u010d\u00edtania":"1 min\u00fata"},"schema":{"@context":"https:\/\/schema.org","@graph":[{"@type":"Article","@id":"https:\/\/pmza.sk\/?p=35479#article","isPartOf":{"@id":"https:\/\/pmza.sk\/?p=35479"},"author":{"name":"Pova\u017esk\u00e9 m\u00fazeum","@id":"https:\/\/pmza.sk\/#\/schema\/person\/595e6a2ce731ea94dcd5d7f50a41ae33"},"headline":"Zbierkov\u00fd predmet mesiaca","datePublished":"2019-08-05T09:47:33+00:00","mainEntityOfPage":{"@id":"https:\/\/pmza.sk\/?p=35479"},"wordCount":270,"publisher":{"@id":"https:\/\/pmza.sk\/#organization"},"image":{"@id":"https:\/\/pmza.sk\/?p=35479#primaryimage"},"thumbnailUrl":"https:\/\/pmza.sk\/wp-content\/uploads\/2019\/08\/IMG_4538.jpg","articleSection":["Aktuality"],"inLanguage":"sk-SK"},{"@type":"WebPage","@id":"https:\/\/pmza.sk\/?p=35479","url":"https:\/\/pmza.sk\/?p=35479","name":"Zbierkov\u00fd predmet mesiaca - Pova\u017esk\u00e9 m\u00fazeum","isPartOf":{"@id":"https:\/\/pmza.sk\/#website"},"primaryImageOfPage":{"@id":"https:\/\/pmza.sk\/?p=35479#primaryimage"},"image":{"@id":"https:\/\/pmza.sk\/?p=35479#primaryimage"},"thumbnailUrl":"https:\/\/pmza.sk\/wp-content\/uploads\/2019\/08\/IMG_4538.jpg","datePublished":"2019-08-05T09:47:33+00:00","breadcrumb":{"@id":"https:\/\/pmza.sk\/?p=35479#breadcrumb"},"inLanguage":"sk-SK","potentialAction":[{"@type":"ReadAction","target":["https:\/\/pmza.sk\/?p=35479"]}]},{"@type":"ImageObject","inLanguage":"sk-SK","@id":"https:\/\/pmza.sk\/?p=35479#primaryimage","url":"https:\/\/pmza.sk\/wp-content\/uploads\/2019\/08\/IMG_4538.jpg","contentUrl":"https:\/\/pmza.sk\/wp-content\/uploads\/2019\/08\/IMG_4538.jpg","width":1024,"height":768},{"@type":"BreadcrumbList","@id":"https:\/\/pmza.sk\/?p=35479#breadcrumb","itemListElement":[{"@type":"ListItem","position":1,"name":"Domovsk\u00e1 str\u00e1nka","item":"https:\/\/pmza.sk\/"},{"@type":"ListItem","position":2,"name":"Zbierkov\u00fd predmet mesiaca"}]},{"@type":"WebSite","@id":"https:\/\/pmza.sk\/#website","url":"https:\/\/pmza.sk\/","name":"Pova\u017esk\u00e9 m\u00fazeum","description":"Pova\u017esk\u00e9 m\u00fazeum v \u017diline je region\u00e1lne m\u00fazeum so s\u00eddlom v Budat\u00edne. Jeho expoz\u00edcie s\u00fa zameran\u00e9 na dejiny slovensk\u00e9ho umenia, kult\u00fary a dopravy.","publisher":{"@id":"https:\/\/pmza.sk\/#organization"},"potentialAction":[{"@type":"SearchAction","target":{"@type":"EntryPoint","urlTemplate":"https:\/\/pmza.sk\/?s={search_term_string}"},"query-input":{"@type":"PropertyValueSpecification","valueRequired":true,"valueName":"search_term_string"}}],"inLanguage":"sk-SK"},{"@type":"Organization","@id":"https:\/\/pmza.sk\/#organization","name":"Pova\u017esk\u00e9 m\u00fazeum","url":"https:\/\/pmza.sk\/","logo":{"@type":"ImageObject","inLanguage":"sk-SK","@id":"https:\/\/pmza.sk\/#\/schema\/logo\/image\/","url":"https:\/\/pmza.sk\/wp-content\/uploads\/2022\/01\/logo_PM_horizontal.jpg","contentUrl":"https:\/\/pmza.sk\/wp-content\/uploads\/2022\/01\/logo_PM_horizontal.jpg","width":231,"height":142,"caption":"Pova\u017esk\u00e9 m\u00fazeum"},"image":{"@id":"https:\/\/pmza.sk\/#\/schema\/logo\/image\/"},"sameAs":["https:\/\/www.facebook.com\/povazskemuzeum","https:\/\/www.instagram.com\/povazskemuzeum\/"]},{"@type":"Person","@id":"https:\/\/pmza.sk\/#\/schema\/person\/595e6a2ce731ea94dcd5d7f50a41ae33","name":"Pova\u017esk\u00e9 m\u00fazeum","image":{"@type":"ImageObject","inLanguage":"sk-SK","@id":"https:\/\/secure.gravatar.com\/avatar\/2bb7f1561282132fb5826dfeccc66c7996d11ee392ac6aaf7ced8a1c2027fbb2?s=96&d=mm&r=g","url":"https:\/\/secure.gravatar.com\/avatar\/2bb7f1561282132fb5826dfeccc66c7996d11ee392ac6aaf7ced8a1c2027fbb2?s=96&d=mm&r=g","contentUrl":"https:\/\/secure.gravatar.com\/avatar\/2bb7f1561282132fb5826dfeccc66c7996d11ee392ac6aaf7ced8a1c2027fbb2?s=96&d=mm&r=g","caption":"Pova\u017esk\u00e9 m\u00fazeum"}}]}},"_links":{"self":[{"href":"https:\/\/pmza.sk\/index.php?rest_route=\/wp\/v2\/posts\/35479","targetHints":{"allow":["GET"]}}],"collection":[{"href":"https:\/\/pmza.sk\/index.php?rest_route=\/wp\/v2\/posts"}],"about":[{"href":"https:\/\/pmza.sk\/index.php?rest_route=\/wp\/v2\/types\/post"}],"author":[{"embeddable":true,"href":"https:\/\/pmza.sk\/index.php?rest_route=\/wp\/v2\/users\/2"}],"replies":[{"embeddable":true,"href":"https:\/\/pmza.sk\/index.php?rest_route=%2Fwp%2Fv2%2Fcomments&post=35479"}],"version-history":[{"count":0,"href":"https:\/\/pmza.sk\/index.php?rest_route=\/wp\/v2\/posts\/35479\/revisions"}],"wp:featuredmedia":[{"embeddable":true,"href":"https:\/\/pmza.sk\/index.php?rest_route=\/wp\/v2\/media\/35481"}],"wp:attachment":[{"href":"https:\/\/pmza.sk\/index.php?rest_route=%2Fwp%2Fv2%2Fmedia&parent=35479"}],"wp:term":[{"taxonomy":"category","embeddable":true,"href":"https:\/\/pmza.sk\/index.php?rest_route=%2Fwp%2Fv2%2Fcategories&post=35479"},{"taxonomy":"post_tag","embeddable":true,"href":"https:\/\/pmza.sk\/index.php?rest_route=%2Fwp%2Fv2%2Ftags&post=35479"}],"curies":[{"name":"wp","href":"https:\/\/api.w.org\/{rel}","templated":true}]}}