{"id":35865,"date":"2019-08-22T08:44:04","date_gmt":"2019-08-22T06:44:04","guid":{"rendered":"https:\/\/pmza.sk\/?p=35865"},"modified":"2019-08-22T08:44:04","modified_gmt":"2019-08-22T06:44:04","slug":"letne-stretnutie","status":"publish","type":"post","link":"https:\/\/pmza.sk\/?p=35865","title":{"rendered":"Letn\u00e9 stretnutie"},"content":{"rendered":"<p>Pr\u00edzna\u010dn\u00fd n\u00e1zov nesie \u010fal\u0161ia v\u00fdstava z\u00a0cyklu Gal\u00e9ria Kysl\u00edk, ktor\u00fa uvidia n\u00e1v\u0161tevn\u00edci Stredovekej dediny Paseka v\u00a0nede\u013eu 25. augusta. Letn\u00e9 stretnutie dvoch priateliek \u2013 umelk\u00fd\u0148 pr\u00edjemne sp\u00e1ja ma\u013ebu krajiny s\u00a0figur\u00e1lnou ma\u013ebou doplnenou keramick\u00fdmi reli\u00e9fmi.<\/p>\n<p>Prvou autorkou je \u0160tef\u00e1nia Klenovi\u010dov\u00e1, naroden\u00e1 v\u00a0roku 1948 v Hubine pri Pie\u0161\u0165anoch. Je absolventkou Pedagogickej fakulty v\u00a0Nitre, kde \u0161tudovala v\u00fdtvarn\u00fa v\u00fdchovu.\u00a0Podstatu jej maliarskej tvorby tvoria pr\u00edrodn\u00e9 mot\u00edvy, ktor\u00e9 nach\u00e1dza vo svojom okol\u00ed. Okrem toho sa zaober\u00e1 kompoz\u00edciami a n\u00e1mety na ne \u010derp\u00e1 z vesm\u00edru. Jej maliarsky rukopis je\u00a0pln\u00fd svie\u017eich farieb a smeruje od realizmu a\u017e k uvo\u013enenej abstrakcii. Na Letnom stretnut\u00ed m\u00f4\u017eu n\u00e1v\u0161tevn\u00edci obdivova\u0165 jej krajiny, kytice a\u00a0stromy.<\/p>\n<p>Na p\u00f3diu v\u00a0Stredovekej dedine Paseka bude vystavova\u0165 aj Daniela Kraj\u010dov\u00e1, naroden\u00e1 1955 v\u00a0\u017diline. Vy\u0161tudovala V\u0160VU v Bratislave, oddelenie monument\u00e1lnej ma\u013eby. Venuje sa ma\u013ebe, kresbe, keramickej plastike, ilustr\u00e1cii a n\u00e1stennej ma\u013ebe. V jej tvorbe preva\u017euje fig\u00fara, zaober\u00e1 sa najm\u00e4 medzi\u013eudsk\u00fdmi vz\u0165ahmi a vn\u00fatorn\u00fdm svetom \u010dloveka. Na v\u00fdstave bude prezentova\u0165 komorn\u00fa figur\u00e1lnu ma\u013ebu a keramick\u00e9 reli\u00e9fy.<\/p>\n<p><img fetchpriority=\"high\" decoding=\"async\" class=\"size-medium wp-image-35868 alignleft\" src=\"https:\/\/pmza.sk\/wp-content\/uploads\/2019\/08\/Daniela-Krajcova-keramicke-reliefy-359x360.jpg\" alt=\"\" width=\"359\" height=\"360\" srcset=\"https:\/\/pmza.sk\/wp-content\/uploads\/2019\/08\/Daniela-Krajcova-keramicke-reliefy-359x360.jpg 359w, https:\/\/pmza.sk\/wp-content\/uploads\/2019\/08\/Daniela-Krajcova-keramicke-reliefy-733x736.jpg 733w, https:\/\/pmza.sk\/wp-content\/uploads\/2019\/08\/Daniela-Krajcova-keramicke-reliefy-768x771.jpg 768w, https:\/\/pmza.sk\/wp-content\/uploads\/2019\/08\/Daniela-Krajcova-keramicke-reliefy-300x300.jpg 300w, https:\/\/pmza.sk\/wp-content\/uploads\/2019\/08\/Daniela-Krajcova-keramicke-reliefy-600x602.jpg 600w, https:\/\/pmza.sk\/wp-content\/uploads\/2019\/08\/Daniela-Krajcova-keramicke-reliefy-100x100.jpg 100w, https:\/\/pmza.sk\/wp-content\/uploads\/2019\/08\/Daniela-Krajcova-keramicke-reliefy.jpg 1516w\" sizes=\"(max-width: 359px) 100vw, 359px\" \/> <img decoding=\"async\" class=\"size-medium wp-image-35869 alignleft\" src=\"https:\/\/pmza.sk\/wp-content\/uploads\/2019\/08\/Daniela-Krajcova-Prazdniny2019olej-269x360.jpg\" alt=\"\" width=\"269\" height=\"360\" srcset=\"https:\/\/pmza.sk\/wp-content\/uploads\/2019\/08\/Daniela-Krajcova-Prazdniny2019olej-269x360.jpg 269w, https:\/\/pmza.sk\/wp-content\/uploads\/2019\/08\/Daniela-Krajcova-Prazdniny2019olej-550x736.jpg 550w, https:\/\/pmza.sk\/wp-content\/uploads\/2019\/08\/Daniela-Krajcova-Prazdniny2019olej-768x1028.jpg 768w, https:\/\/pmza.sk\/wp-content\/uploads\/2019\/08\/Daniela-Krajcova-Prazdniny2019olej-1147x1536.jpg 1147w, https:\/\/pmza.sk\/wp-content\/uploads\/2019\/08\/Daniela-Krajcova-Prazdniny2019olej-600x803.jpg 600w, https:\/\/pmza.sk\/wp-content\/uploads\/2019\/08\/Daniela-Krajcova-Prazdniny2019olej.jpg 1442w\" sizes=\"(max-width: 269px) 100vw, 269px\" \/> <img decoding=\"async\" class=\"size-medium wp-image-35870 alignleft\" src=\"https:\/\/pmza.sk\/wp-content\/uploads\/2019\/08\/Stefania-Klenovicova-Modre-kosatce2019akrylolej-243x360.jpg\" alt=\"\" width=\"243\" height=\"360\" srcset=\"https:\/\/pmza.sk\/wp-content\/uploads\/2019\/08\/Stefania-Klenovicova-Modre-kosatce2019akrylolej-243x360.jpg 243w, https:\/\/pmza.sk\/wp-content\/uploads\/2019\/08\/Stefania-Klenovicova-Modre-kosatce2019akrylolej-496x736.jpg 496w, https:\/\/pmza.sk\/wp-content\/uploads\/2019\/08\/Stefania-Klenovicova-Modre-kosatce2019akrylolej-768x1139.jpg 768w, https:\/\/pmza.sk\/wp-content\/uploads\/2019\/08\/Stefania-Klenovicova-Modre-kosatce2019akrylolej-1036x1536.jpg 1036w, https:\/\/pmza.sk\/wp-content\/uploads\/2019\/08\/Stefania-Klenovicova-Modre-kosatce2019akrylolej-600x890.jpg 600w, https:\/\/pmza.sk\/wp-content\/uploads\/2019\/08\/Stefania-Klenovicova-Modre-kosatce2019akrylolej.jpg 1358w\" sizes=\"(max-width: 243px) 100vw, 243px\" \/><\/p>\n<p>&nbsp;<\/p>\n","protected":false},"excerpt":{"rendered":"<p>Pr\u00edzna\u010dn\u00fd n\u00e1zov nesie \u010fal\u0161ia v\u00fdstava z\u00a0cyklu Gal\u00e9ria Kysl\u00edk, ktor\u00fa uvidia n\u00e1v\u0161tevn\u00edci Stredovekej dediny Paseka v\u00a0nede\u013eu 25. augusta. Letn\u00e9 stretnutie dvoch priateliek \u2013 umelk\u00fd\u0148 pr\u00edjemne sp\u00e1ja ma\u013ebu krajiny s\u00a0figur\u00e1lnou ma\u013ebou doplnenou keramick\u00fdmi reli\u00e9fmi. Prvou autorkou je \u0160tef\u00e1nia Klenovi\u010dov\u00e1, naroden\u00e1 v\u00a0roku 1948 v Hubine pri Pie\u0161\u0165anoch. Je absolventkou Pedagogickej fakulty v\u00a0Nitre, kde \u0161tudovala v\u00fdtvarn\u00fa v\u00fdchovu.\u00a0Podstatu jej maliarskej [&hellip;]<\/p>\n","protected":false},"author":2,"featured_media":35873,"comment_status":"closed","ping_status":"closed","sticky":false,"template":"","format":"standard","meta":{"site-sidebar-layout":"default","site-content-layout":"","ast-site-content-layout":"","site-content-style":"default","site-sidebar-style":"default","ast-global-header-display":"","ast-banner-title-visibility":"","ast-main-header-display":"","ast-hfb-above-header-display":"","ast-hfb-below-header-display":"","ast-hfb-mobile-header-display":"","site-post-title":"","ast-breadcrumbs-content":"","ast-featured-img":"","footer-sml-layout":"","theme-transparent-header-meta":"","adv-header-id-meta":"","stick-header-meta":"","header-above-stick-meta":"","header-main-stick-meta":"","header-below-stick-meta":"","astra-migrate-meta-layouts":"default","ast-page-background-enabled":"default","ast-page-background-meta":{"desktop":{"background-color":"var(--ast-global-color-4)","background-image":"","background-repeat":"repeat","background-position":"center center","background-size":"auto","background-attachment":"scroll","background-type":"","background-media":"","overlay-type":"","overlay-color":"","overlay-opacity":"","overlay-gradient":""},"tablet":{"background-color":"","background-image":"","background-repeat":"repeat","background-position":"center center","background-size":"auto","background-attachment":"scroll","background-type":"","background-media":"","overlay-type":"","overlay-color":"","overlay-opacity":"","overlay-gradient":""},"mobile":{"background-color":"","background-image":"","background-repeat":"repeat","background-position":"center center","background-size":"auto","background-attachment":"scroll","background-type":"","background-media":"","overlay-type":"","overlay-color":"","overlay-opacity":"","overlay-gradient":""}},"ast-content-background-meta":{"desktop":{"background-color":"var(--ast-global-color-5)","background-image":"","background-repeat":"repeat","background-position":"center center","background-size":"auto","background-attachment":"scroll","background-type":"","background-media":"","overlay-type":"","overlay-color":"","overlay-opacity":"","overlay-gradient":""},"tablet":{"background-color":"var(--ast-global-color-5)","background-image":"","background-repeat":"repeat","background-position":"center center","background-size":"auto","background-attachment":"scroll","background-type":"","background-media":"","overlay-type":"","overlay-color":"","overlay-opacity":"","overlay-gradient":""},"mobile":{"background-color":"var(--ast-global-color-5)","background-image":"","background-repeat":"repeat","background-position":"center center","background-size":"auto","background-attachment":"scroll","background-type":"","background-media":"","overlay-type":"","overlay-color":"","overlay-opacity":"","overlay-gradient":""}},"footnotes":""},"categories":[31],"tags":[],"class_list":["post-35865","post","type-post","status-publish","format-standard","has-post-thumbnail","hentry","category-aktuality"],"yoast_head":"<!-- This site is optimized with the Yoast SEO plugin v27.4 - https:\/\/yoast.com\/product\/yoast-seo-wordpress\/ -->\n<title>Letn\u00e9 stretnutie - Pova\u017esk\u00e9 m\u00fazeum<\/title>\n<meta name=\"robots\" content=\"index, follow, max-snippet:-1, max-image-preview:large, max-video-preview:-1\" \/>\n<link rel=\"canonical\" href=\"https:\/\/pmza.sk\/?p=35865\" \/>\n<meta property=\"og:locale\" content=\"sk_SK\" \/>\n<meta property=\"og:type\" content=\"article\" \/>\n<meta property=\"og:title\" content=\"Letn\u00e9 stretnutie - Pova\u017esk\u00e9 m\u00fazeum\" \/>\n<meta property=\"og:description\" content=\"Pr\u00edzna\u010dn\u00fd n\u00e1zov nesie \u010fal\u0161ia v\u00fdstava z\u00a0cyklu Gal\u00e9ria Kysl\u00edk, ktor\u00fa uvidia n\u00e1v\u0161tevn\u00edci Stredovekej dediny Paseka v\u00a0nede\u013eu 25. augusta. Letn\u00e9 stretnutie dvoch priateliek \u2013 umelk\u00fd\u0148 pr\u00edjemne sp\u00e1ja ma\u013ebu krajiny s\u00a0figur\u00e1lnou ma\u013ebou doplnenou keramick\u00fdmi reli\u00e9fmi. Prvou autorkou je \u0160tef\u00e1nia Klenovi\u010dov\u00e1, naroden\u00e1 v\u00a0roku 1948 v Hubine pri Pie\u0161\u0165anoch. Je absolventkou Pedagogickej fakulty v\u00a0Nitre, kde \u0161tudovala v\u00fdtvarn\u00fa v\u00fdchovu.\u00a0Podstatu jej maliarskej [&hellip;]\" \/>\n<meta property=\"og:url\" content=\"https:\/\/pmza.sk\/?p=35865\" \/>\n<meta property=\"og:site_name\" content=\"Pova\u017esk\u00e9 m\u00fazeum\" \/>\n<meta property=\"article:publisher\" content=\"https:\/\/www.facebook.com\/povazskemuzeum\" \/>\n<meta property=\"article:published_time\" content=\"2019-08-22T06:44:04+00:00\" \/>\n<meta property=\"og:image\" content=\"https:\/\/pmza.sk\/wp-content\/uploads\/2019\/08\/Stefania-KlenovicovaPremena2019akrylolej-\u2013-zmensene.jpg\" \/>\n\t<meta property=\"og:image:width\" content=\"671\" \/>\n\t<meta property=\"og:image:height\" content=\"600\" \/>\n\t<meta property=\"og:image:type\" content=\"image\/jpeg\" \/>\n<meta name=\"author\" content=\"Pova\u017esk\u00e9 m\u00fazeum\" \/>\n<meta name=\"twitter:card\" content=\"summary_large_image\" \/>\n<meta name=\"twitter:label1\" content=\"Autor\" \/>\n\t<meta name=\"twitter:data1\" content=\"Pova\u017esk\u00e9 m\u00fazeum\" \/>\n\t<meta name=\"twitter:label2\" content=\"Predpokladan\u00fd \u010das \u010d\u00edtania\" \/>\n\t<meta name=\"twitter:data2\" content=\"1 min\u00fata\" \/>\n<script type=\"application\/ld+json\" class=\"yoast-schema-graph\">{\"@context\":\"https:\\\/\\\/schema.org\",\"@graph\":[{\"@type\":\"Article\",\"@id\":\"https:\\\/\\\/pmza.sk\\\/?p=35865#article\",\"isPartOf\":{\"@id\":\"https:\\\/\\\/pmza.sk\\\/?p=35865\"},\"author\":{\"name\":\"Pova\u017esk\u00e9 m\u00fazeum\",\"@id\":\"https:\\\/\\\/pmza.sk\\\/#\\\/schema\\\/person\\\/595e6a2ce731ea94dcd5d7f50a41ae33\"},\"headline\":\"Letn\u00e9 stretnutie\",\"datePublished\":\"2019-08-22T06:44:04+00:00\",\"mainEntityOfPage\":{\"@id\":\"https:\\\/\\\/pmza.sk\\\/?p=35865\"},\"wordCount\":219,\"publisher\":{\"@id\":\"https:\\\/\\\/pmza.sk\\\/#organization\"},\"image\":{\"@id\":\"https:\\\/\\\/pmza.sk\\\/?p=35865#primaryimage\"},\"thumbnailUrl\":\"https:\\\/\\\/pmza.sk\\\/wp-content\\\/uploads\\\/2019\\\/08\\\/Stefania-KlenovicovaPremena2019akrylolej-\u2013-zmensene.jpg\",\"articleSection\":[\"Aktuality\"],\"inLanguage\":\"sk-SK\"},{\"@type\":\"WebPage\",\"@id\":\"https:\\\/\\\/pmza.sk\\\/?p=35865\",\"url\":\"https:\\\/\\\/pmza.sk\\\/?p=35865\",\"name\":\"Letn\u00e9 stretnutie - Pova\u017esk\u00e9 m\u00fazeum\",\"isPartOf\":{\"@id\":\"https:\\\/\\\/pmza.sk\\\/#website\"},\"primaryImageOfPage\":{\"@id\":\"https:\\\/\\\/pmza.sk\\\/?p=35865#primaryimage\"},\"image\":{\"@id\":\"https:\\\/\\\/pmza.sk\\\/?p=35865#primaryimage\"},\"thumbnailUrl\":\"https:\\\/\\\/pmza.sk\\\/wp-content\\\/uploads\\\/2019\\\/08\\\/Stefania-KlenovicovaPremena2019akrylolej-\u2013-zmensene.jpg\",\"datePublished\":\"2019-08-22T06:44:04+00:00\",\"breadcrumb\":{\"@id\":\"https:\\\/\\\/pmza.sk\\\/?p=35865#breadcrumb\"},\"inLanguage\":\"sk-SK\",\"potentialAction\":[{\"@type\":\"ReadAction\",\"target\":[\"https:\\\/\\\/pmza.sk\\\/?p=35865\"]}]},{\"@type\":\"ImageObject\",\"inLanguage\":\"sk-SK\",\"@id\":\"https:\\\/\\\/pmza.sk\\\/?p=35865#primaryimage\",\"url\":\"https:\\\/\\\/pmza.sk\\\/wp-content\\\/uploads\\\/2019\\\/08\\\/Stefania-KlenovicovaPremena2019akrylolej-\u2013-zmensene.jpg\",\"contentUrl\":\"https:\\\/\\\/pmza.sk\\\/wp-content\\\/uploads\\\/2019\\\/08\\\/Stefania-KlenovicovaPremena2019akrylolej-\u2013-zmensene.jpg\",\"width\":671,\"height\":600},{\"@type\":\"BreadcrumbList\",\"@id\":\"https:\\\/\\\/pmza.sk\\\/?p=35865#breadcrumb\",\"itemListElement\":[{\"@type\":\"ListItem\",\"position\":1,\"name\":\"Domovsk\u00e1 str\u00e1nka\",\"item\":\"https:\\\/\\\/pmza.sk\\\/\"},{\"@type\":\"ListItem\",\"position\":2,\"name\":\"Letn\u00e9 stretnutie\"}]},{\"@type\":\"WebSite\",\"@id\":\"https:\\\/\\\/pmza.sk\\\/#website\",\"url\":\"https:\\\/\\\/pmza.sk\\\/\",\"name\":\"Pova\u017esk\u00e9 m\u00fazeum\",\"description\":\"Pova\u017esk\u00e9 m\u00fazeum v \u017diline je region\u00e1lne m\u00fazeum so s\u00eddlom v Budat\u00edne. Jeho expoz\u00edcie s\u00fa zameran\u00e9 na dejiny slovensk\u00e9ho umenia, kult\u00fary a dopravy.\",\"publisher\":{\"@id\":\"https:\\\/\\\/pmza.sk\\\/#organization\"},\"potentialAction\":[{\"@type\":\"SearchAction\",\"target\":{\"@type\":\"EntryPoint\",\"urlTemplate\":\"https:\\\/\\\/pmza.sk\\\/?s={search_term_string}\"},\"query-input\":{\"@type\":\"PropertyValueSpecification\",\"valueRequired\":true,\"valueName\":\"search_term_string\"}}],\"inLanguage\":\"sk-SK\"},{\"@type\":\"Organization\",\"@id\":\"https:\\\/\\\/pmza.sk\\\/#organization\",\"name\":\"Pova\u017esk\u00e9 m\u00fazeum\",\"url\":\"https:\\\/\\\/pmza.sk\\\/\",\"logo\":{\"@type\":\"ImageObject\",\"inLanguage\":\"sk-SK\",\"@id\":\"https:\\\/\\\/pmza.sk\\\/#\\\/schema\\\/logo\\\/image\\\/\",\"url\":\"https:\\\/\\\/pmza.sk\\\/wp-content\\\/uploads\\\/2022\\\/01\\\/logo_PM_horizontal.jpg\",\"contentUrl\":\"https:\\\/\\\/pmza.sk\\\/wp-content\\\/uploads\\\/2022\\\/01\\\/logo_PM_horizontal.jpg\",\"width\":231,\"height\":142,\"caption\":\"Pova\u017esk\u00e9 m\u00fazeum\"},\"image\":{\"@id\":\"https:\\\/\\\/pmza.sk\\\/#\\\/schema\\\/logo\\\/image\\\/\"},\"sameAs\":[\"https:\\\/\\\/www.facebook.com\\\/povazskemuzeum\",\"https:\\\/\\\/www.instagram.com\\\/povazskemuzeum\\\/\"]},{\"@type\":\"Person\",\"@id\":\"https:\\\/\\\/pmza.sk\\\/#\\\/schema\\\/person\\\/595e6a2ce731ea94dcd5d7f50a41ae33\",\"name\":\"Pova\u017esk\u00e9 m\u00fazeum\",\"image\":{\"@type\":\"ImageObject\",\"inLanguage\":\"sk-SK\",\"@id\":\"https:\\\/\\\/secure.gravatar.com\\\/avatar\\\/2bb7f1561282132fb5826dfeccc66c7996d11ee392ac6aaf7ced8a1c2027fbb2?s=96&d=mm&r=g\",\"url\":\"https:\\\/\\\/secure.gravatar.com\\\/avatar\\\/2bb7f1561282132fb5826dfeccc66c7996d11ee392ac6aaf7ced8a1c2027fbb2?s=96&d=mm&r=g\",\"contentUrl\":\"https:\\\/\\\/secure.gravatar.com\\\/avatar\\\/2bb7f1561282132fb5826dfeccc66c7996d11ee392ac6aaf7ced8a1c2027fbb2?s=96&d=mm&r=g\",\"caption\":\"Pova\u017esk\u00e9 m\u00fazeum\"}}]}<\/script>\n<!-- \/ Yoast SEO plugin. -->","yoast_head_json":{"title":"Letn\u00e9 stretnutie - Pova\u017esk\u00e9 m\u00fazeum","robots":{"index":"index","follow":"follow","max-snippet":"max-snippet:-1","max-image-preview":"max-image-preview:large","max-video-preview":"max-video-preview:-1"},"canonical":"https:\/\/pmza.sk\/?p=35865","og_locale":"sk_SK","og_type":"article","og_title":"Letn\u00e9 stretnutie - Pova\u017esk\u00e9 m\u00fazeum","og_description":"Pr\u00edzna\u010dn\u00fd n\u00e1zov nesie \u010fal\u0161ia v\u00fdstava z\u00a0cyklu Gal\u00e9ria Kysl\u00edk, ktor\u00fa uvidia n\u00e1v\u0161tevn\u00edci Stredovekej dediny Paseka v\u00a0nede\u013eu 25. augusta. Letn\u00e9 stretnutie dvoch priateliek \u2013 umelk\u00fd\u0148 pr\u00edjemne sp\u00e1ja ma\u013ebu krajiny s\u00a0figur\u00e1lnou ma\u013ebou doplnenou keramick\u00fdmi reli\u00e9fmi. Prvou autorkou je \u0160tef\u00e1nia Klenovi\u010dov\u00e1, naroden\u00e1 v\u00a0roku 1948 v Hubine pri Pie\u0161\u0165anoch. Je absolventkou Pedagogickej fakulty v\u00a0Nitre, kde \u0161tudovala v\u00fdtvarn\u00fa v\u00fdchovu.\u00a0Podstatu jej maliarskej [&hellip;]","og_url":"https:\/\/pmza.sk\/?p=35865","og_site_name":"Pova\u017esk\u00e9 m\u00fazeum","article_publisher":"https:\/\/www.facebook.com\/povazskemuzeum","article_published_time":"2019-08-22T06:44:04+00:00","og_image":[{"width":671,"height":600,"url":"https:\/\/pmza.sk\/wp-content\/uploads\/2019\/08\/Stefania-KlenovicovaPremena2019akrylolej-\u2013-zmensene.jpg","type":"image\/jpeg"}],"author":"Pova\u017esk\u00e9 m\u00fazeum","twitter_card":"summary_large_image","twitter_misc":{"Autor":"Pova\u017esk\u00e9 m\u00fazeum","Predpokladan\u00fd \u010das \u010d\u00edtania":"1 min\u00fata"},"schema":{"@context":"https:\/\/schema.org","@graph":[{"@type":"Article","@id":"https:\/\/pmza.sk\/?p=35865#article","isPartOf":{"@id":"https:\/\/pmza.sk\/?p=35865"},"author":{"name":"Pova\u017esk\u00e9 m\u00fazeum","@id":"https:\/\/pmza.sk\/#\/schema\/person\/595e6a2ce731ea94dcd5d7f50a41ae33"},"headline":"Letn\u00e9 stretnutie","datePublished":"2019-08-22T06:44:04+00:00","mainEntityOfPage":{"@id":"https:\/\/pmza.sk\/?p=35865"},"wordCount":219,"publisher":{"@id":"https:\/\/pmza.sk\/#organization"},"image":{"@id":"https:\/\/pmza.sk\/?p=35865#primaryimage"},"thumbnailUrl":"https:\/\/pmza.sk\/wp-content\/uploads\/2019\/08\/Stefania-KlenovicovaPremena2019akrylolej-\u2013-zmensene.jpg","articleSection":["Aktuality"],"inLanguage":"sk-SK"},{"@type":"WebPage","@id":"https:\/\/pmza.sk\/?p=35865","url":"https:\/\/pmza.sk\/?p=35865","name":"Letn\u00e9 stretnutie - Pova\u017esk\u00e9 m\u00fazeum","isPartOf":{"@id":"https:\/\/pmza.sk\/#website"},"primaryImageOfPage":{"@id":"https:\/\/pmza.sk\/?p=35865#primaryimage"},"image":{"@id":"https:\/\/pmza.sk\/?p=35865#primaryimage"},"thumbnailUrl":"https:\/\/pmza.sk\/wp-content\/uploads\/2019\/08\/Stefania-KlenovicovaPremena2019akrylolej-\u2013-zmensene.jpg","datePublished":"2019-08-22T06:44:04+00:00","breadcrumb":{"@id":"https:\/\/pmza.sk\/?p=35865#breadcrumb"},"inLanguage":"sk-SK","potentialAction":[{"@type":"ReadAction","target":["https:\/\/pmza.sk\/?p=35865"]}]},{"@type":"ImageObject","inLanguage":"sk-SK","@id":"https:\/\/pmza.sk\/?p=35865#primaryimage","url":"https:\/\/pmza.sk\/wp-content\/uploads\/2019\/08\/Stefania-KlenovicovaPremena2019akrylolej-\u2013-zmensene.jpg","contentUrl":"https:\/\/pmza.sk\/wp-content\/uploads\/2019\/08\/Stefania-KlenovicovaPremena2019akrylolej-\u2013-zmensene.jpg","width":671,"height":600},{"@type":"BreadcrumbList","@id":"https:\/\/pmza.sk\/?p=35865#breadcrumb","itemListElement":[{"@type":"ListItem","position":1,"name":"Domovsk\u00e1 str\u00e1nka","item":"https:\/\/pmza.sk\/"},{"@type":"ListItem","position":2,"name":"Letn\u00e9 stretnutie"}]},{"@type":"WebSite","@id":"https:\/\/pmza.sk\/#website","url":"https:\/\/pmza.sk\/","name":"Pova\u017esk\u00e9 m\u00fazeum","description":"Pova\u017esk\u00e9 m\u00fazeum v \u017diline je region\u00e1lne m\u00fazeum so s\u00eddlom v Budat\u00edne. Jeho expoz\u00edcie s\u00fa zameran\u00e9 na dejiny slovensk\u00e9ho umenia, kult\u00fary a dopravy.","publisher":{"@id":"https:\/\/pmza.sk\/#organization"},"potentialAction":[{"@type":"SearchAction","target":{"@type":"EntryPoint","urlTemplate":"https:\/\/pmza.sk\/?s={search_term_string}"},"query-input":{"@type":"PropertyValueSpecification","valueRequired":true,"valueName":"search_term_string"}}],"inLanguage":"sk-SK"},{"@type":"Organization","@id":"https:\/\/pmza.sk\/#organization","name":"Pova\u017esk\u00e9 m\u00fazeum","url":"https:\/\/pmza.sk\/","logo":{"@type":"ImageObject","inLanguage":"sk-SK","@id":"https:\/\/pmza.sk\/#\/schema\/logo\/image\/","url":"https:\/\/pmza.sk\/wp-content\/uploads\/2022\/01\/logo_PM_horizontal.jpg","contentUrl":"https:\/\/pmza.sk\/wp-content\/uploads\/2022\/01\/logo_PM_horizontal.jpg","width":231,"height":142,"caption":"Pova\u017esk\u00e9 m\u00fazeum"},"image":{"@id":"https:\/\/pmza.sk\/#\/schema\/logo\/image\/"},"sameAs":["https:\/\/www.facebook.com\/povazskemuzeum","https:\/\/www.instagram.com\/povazskemuzeum\/"]},{"@type":"Person","@id":"https:\/\/pmza.sk\/#\/schema\/person\/595e6a2ce731ea94dcd5d7f50a41ae33","name":"Pova\u017esk\u00e9 m\u00fazeum","image":{"@type":"ImageObject","inLanguage":"sk-SK","@id":"https:\/\/secure.gravatar.com\/avatar\/2bb7f1561282132fb5826dfeccc66c7996d11ee392ac6aaf7ced8a1c2027fbb2?s=96&d=mm&r=g","url":"https:\/\/secure.gravatar.com\/avatar\/2bb7f1561282132fb5826dfeccc66c7996d11ee392ac6aaf7ced8a1c2027fbb2?s=96&d=mm&r=g","contentUrl":"https:\/\/secure.gravatar.com\/avatar\/2bb7f1561282132fb5826dfeccc66c7996d11ee392ac6aaf7ced8a1c2027fbb2?s=96&d=mm&r=g","caption":"Pova\u017esk\u00e9 m\u00fazeum"}}]}},"_links":{"self":[{"href":"https:\/\/pmza.sk\/index.php?rest_route=\/wp\/v2\/posts\/35865","targetHints":{"allow":["GET"]}}],"collection":[{"href":"https:\/\/pmza.sk\/index.php?rest_route=\/wp\/v2\/posts"}],"about":[{"href":"https:\/\/pmza.sk\/index.php?rest_route=\/wp\/v2\/types\/post"}],"author":[{"embeddable":true,"href":"https:\/\/pmza.sk\/index.php?rest_route=\/wp\/v2\/users\/2"}],"replies":[{"embeddable":true,"href":"https:\/\/pmza.sk\/index.php?rest_route=%2Fwp%2Fv2%2Fcomments&post=35865"}],"version-history":[{"count":0,"href":"https:\/\/pmza.sk\/index.php?rest_route=\/wp\/v2\/posts\/35865\/revisions"}],"wp:featuredmedia":[{"embeddable":true,"href":"https:\/\/pmza.sk\/index.php?rest_route=\/wp\/v2\/media\/35873"}],"wp:attachment":[{"href":"https:\/\/pmza.sk\/index.php?rest_route=%2Fwp%2Fv2%2Fmedia&parent=35865"}],"wp:term":[{"taxonomy":"category","embeddable":true,"href":"https:\/\/pmza.sk\/index.php?rest_route=%2Fwp%2Fv2%2Fcategories&post=35865"},{"taxonomy":"post_tag","embeddable":true,"href":"https:\/\/pmza.sk\/index.php?rest_route=%2Fwp%2Fv2%2Ftags&post=35865"}],"curies":[{"name":"wp","href":"https:\/\/api.w.org\/{rel}","templated":true}]}}