{"id":35885,"date":"2019-08-28T08:37:05","date_gmt":"2019-08-28T06:37:05","guid":{"rendered":"https:\/\/pmza.sk\/?p=35885"},"modified":"2019-08-28T08:37:05","modified_gmt":"2019-08-28T06:37:05","slug":"tkanie-a-nie","status":"publish","type":"post","link":"https:\/\/pmza.sk\/?p=35885","title":{"rendered":"TKANIE \/ A \/ NIE"},"content":{"rendered":"<p>V\u00fdnimo\u010dn\u00e9 diela umelkyne Evy Cis\u00e1rovej-Min\u00e1rikovej n\u00e1jdu \u00a0na viac ako dva mesiace domov v\u00a0Drot\u00e1rskom pavil\u00f3ne v\u00a0are\u00e1li Budat\u00ednskeho hradu. Autorka, poch\u00e1dzaj\u00faca z\u00a0C\u00edfera, \u0161tudovala na Vysokej \u0161kole v\u00fdtvarn\u00fdch umen\u00ed, kde nesk\u00f4r aj vyu\u010dovala. Na umeleck\u00fa sc\u00e9nu vst\u00fapila \u00a0na za\u010diatku 70. rokov 20. storo\u010dia monument\u00e1lnou tapis\u00e9riou \u010cere\u0161ni\u010dky. Nesk\u00f4r pri\u0161la s\u00a0vlastnou technikou zvanou \u201ema\u013ebotkanie\u201c, ktorej podstatou je zatk\u00e1vanie farebn\u00fdch sie\u0165ov\u00fdch vreciek na zemiaky. Z\u00a0tejto techniky n\u00e1v\u0161tevn\u00edci na v\u00fdstave uvidia impresiu z\u00a0krajiny in\u0161pirovan\u00fa v\u00fdsekom z\u00a0turistickej mapy Pova\u017eia zvan\u00fa Nad Pova\u017e\u00edm. Te\u0161i\u0165 sa m\u00f4\u017eu aj na Transparentn\u00e9 tapis\u00e9rie, v\u00a0ktor\u00fdch vyu\u017eila pr\u00e1cu s\u00a0textiln\u00fdm odpadom a\u00a0dr\u00f4tom. V\u00a0roku 1990 zalo\u017eila na V\u0160VU Ateli\u00e9r vo\u013enej textilnej tvorby a\u00a0zaviedla\u00a0 nov\u00e9 predmety. Osvojila si r\u00f4zne textiln\u00e9 techniky, napr\u00edklad aj starobyl\u00fa z\u00e1p\u00e4stkov\u00fa techniku, pri ktorej p\u00f4vodn\u00fd materi\u00e1l nahradila dr\u00f4tom a\u00a0vznikli zauj\u00edmav\u00e9 objekty s\u00a0hrav\u00fdmi n\u00e1zvami ako Zvonica, Dla\u0148 \u010di Palec.<\/p>\n<p>Cel\u00fd profesijn\u00fd \u017eivot sa venuje pr\u00e1ci s\u00a0textilom a zauj\u00edma ju najm\u00e4 jeho hist\u00f3ria. Z\u00fa\u010dastnila sa na viac ako 200 v\u00fdstav\u00e1ch doma i\u00a0v\u00a0zahrani\u010d\u00ed. Hovor\u00ed o\u00a0potrebe udr\u017eiavania \u201etextilnej pam\u00e4te\u201c, \u00a0vytv\u00e1ra si zbierku historick\u00fdch text\u00edli\u00ed z\u00a0fragmentov \u010dipiek, v\u00fd\u0161iviek, st\u00fah, \u0161n\u00farok \u010di vy\u0161\u00edvan\u00fdch monogramov. Tie potom vklad\u00e1 do sklenen\u00fdch \u0161katuliek, r\u00e1mov a textiln\u00fdch kn\u00edh. Niektor\u00e9 z\u00a0nich bud\u00fa taktie\u017e s\u00fa\u010das\u0165ou v\u00fdstavy. \u00a0V\u00a0roku 2003 z\u00edskala titul mimoriadna profesorka a\u00a0na Vysokej \u0161kole v\u00fdtvarn\u00fdch umen\u00ed p\u00f4sobila do roku 2008. V\u00a0s\u00fa\u010dasnosti pracuje v\u00a0slobodnom povolan\u00ed a\u00a0pokra\u010duje v\u00a0tvorbe textiln\u00fdch kn\u00edh.<\/p>\n<p>Jej origin\u00e1lne diela pod n\u00e1zvom Tkanie(a)nie uvidia n\u00e1v\u0161tevn\u00edci Drot\u00e1rskeho pavil\u00f3nu od 13. septembra do 24. novembra 2019. Kur\u00e1torom v\u00fdstavy je historik umenia Pova\u017esk\u00e9ho m\u00fazea v \u017diline Zden\u011bk Hogh. Vernis\u00e1\u017e v\u00fdstavy bude 12. septembra 2019 o\u00a017.00.<\/p>\n<p><img fetchpriority=\"high\" decoding=\"async\" class=\"wp-image-35933 alignleft\" src=\"https:\/\/pmza.sk\/wp-content\/uploads\/2019\/08\/ceresnicky-1971-\u2013-male-488x360.jpg\" alt=\"\" width=\"563\" height=\"415\" srcset=\"https:\/\/pmza.sk\/wp-content\/uploads\/2019\/08\/ceresnicky-1971-\u2013-male-488x360.jpg 488w, https:\/\/pmza.sk\/wp-content\/uploads\/2019\/08\/ceresnicky-1971-\u2013-male-997x736.jpg 997w, https:\/\/pmza.sk\/wp-content\/uploads\/2019\/08\/ceresnicky-1971-\u2013-male-768x567.jpg 768w, https:\/\/pmza.sk\/wp-content\/uploads\/2019\/08\/ceresnicky-1971-\u2013-male-600x443.jpg 600w, https:\/\/pmza.sk\/wp-content\/uploads\/2019\/08\/ceresnicky-1971-\u2013-male.jpg 1024w\" sizes=\"(max-width: 563px) 100vw, 563px\" \/><\/p>\n<p><img decoding=\"async\" class=\"size-medium wp-image-35935\" src=\"https:\/\/pmza.sk\/wp-content\/uploads\/2019\/08\/Vzorkovnik-pisma-abecednik-1999-male-537x360.jpg\" alt=\"\" width=\"537\" height=\"360\" srcset=\"https:\/\/pmza.sk\/wp-content\/uploads\/2019\/08\/Vzorkovnik-pisma-abecednik-1999-male-537x360.jpg 537w, https:\/\/pmza.sk\/wp-content\/uploads\/2019\/08\/Vzorkovnik-pisma-abecednik-1999-male-768x515.jpg 768w, https:\/\/pmza.sk\/wp-content\/uploads\/2019\/08\/Vzorkovnik-pisma-abecednik-1999-male-600x402.jpg 600w, https:\/\/pmza.sk\/wp-content\/uploads\/2019\/08\/Vzorkovnik-pisma-abecednik-1999-male.jpg 1024w\" sizes=\"(max-width: 537px) 100vw, 537px\" \/><\/p>\n","protected":false},"excerpt":{"rendered":"<p>V\u00fdnimo\u010dn\u00e9 diela umelkyne Evy Cis\u00e1rovej-Min\u00e1rikovej n\u00e1jdu \u00a0na viac ako dva mesiace domov v\u00a0Drot\u00e1rskom pavil\u00f3ne v\u00a0are\u00e1li Budat\u00ednskeho hradu. Autorka, poch\u00e1dzaj\u00faca z\u00a0C\u00edfera, \u0161tudovala na Vysokej \u0161kole v\u00fdtvarn\u00fdch umen\u00ed, kde nesk\u00f4r aj vyu\u010dovala. Na umeleck\u00fa sc\u00e9nu vst\u00fapila \u00a0na za\u010diatku 70. rokov 20. storo\u010dia monument\u00e1lnou tapis\u00e9riou \u010cere\u0161ni\u010dky. Nesk\u00f4r pri\u0161la s\u00a0vlastnou technikou zvanou \u201ema\u013ebotkanie\u201c, ktorej podstatou je zatk\u00e1vanie farebn\u00fdch sie\u0165ov\u00fdch [&hellip;]<\/p>\n","protected":false},"author":2,"featured_media":35888,"comment_status":"closed","ping_status":"closed","sticky":false,"template":"","format":"standard","meta":{"site-sidebar-layout":"default","site-content-layout":"","ast-site-content-layout":"","site-content-style":"default","site-sidebar-style":"default","ast-global-header-display":"","ast-banner-title-visibility":"","ast-main-header-display":"","ast-hfb-above-header-display":"","ast-hfb-below-header-display":"","ast-hfb-mobile-header-display":"","site-post-title":"","ast-breadcrumbs-content":"","ast-featured-img":"","footer-sml-layout":"","theme-transparent-header-meta":"","adv-header-id-meta":"","stick-header-meta":"","header-above-stick-meta":"","header-main-stick-meta":"","header-below-stick-meta":"","astra-migrate-meta-layouts":"default","ast-page-background-enabled":"default","ast-page-background-meta":{"desktop":{"background-color":"var(--ast-global-color-4)","background-image":"","background-repeat":"repeat","background-position":"center center","background-size":"auto","background-attachment":"scroll","background-type":"","background-media":"","overlay-type":"","overlay-color":"","overlay-opacity":"","overlay-gradient":""},"tablet":{"background-color":"","background-image":"","background-repeat":"repeat","background-position":"center center","background-size":"auto","background-attachment":"scroll","background-type":"","background-media":"","overlay-type":"","overlay-color":"","overlay-opacity":"","overlay-gradient":""},"mobile":{"background-color":"","background-image":"","background-repeat":"repeat","background-position":"center center","background-size":"auto","background-attachment":"scroll","background-type":"","background-media":"","overlay-type":"","overlay-color":"","overlay-opacity":"","overlay-gradient":""}},"ast-content-background-meta":{"desktop":{"background-color":"var(--ast-global-color-5)","background-image":"","background-repeat":"repeat","background-position":"center center","background-size":"auto","background-attachment":"scroll","background-type":"","background-media":"","overlay-type":"","overlay-color":"","overlay-opacity":"","overlay-gradient":""},"tablet":{"background-color":"var(--ast-global-color-5)","background-image":"","background-repeat":"repeat","background-position":"center center","background-size":"auto","background-attachment":"scroll","background-type":"","background-media":"","overlay-type":"","overlay-color":"","overlay-opacity":"","overlay-gradient":""},"mobile":{"background-color":"var(--ast-global-color-5)","background-image":"","background-repeat":"repeat","background-position":"center center","background-size":"auto","background-attachment":"scroll","background-type":"","background-media":"","overlay-type":"","overlay-color":"","overlay-opacity":"","overlay-gradient":""}},"footnotes":""},"categories":[31],"tags":[],"class_list":["post-35885","post","type-post","status-publish","format-standard","has-post-thumbnail","hentry","category-aktuality"],"yoast_head":"<!-- This site is optimized with the Yoast SEO plugin v27.4 - https:\/\/yoast.com\/product\/yoast-seo-wordpress\/ -->\n<title>TKANIE \/ A \/ NIE - Pova\u017esk\u00e9 m\u00fazeum<\/title>\n<meta name=\"robots\" content=\"index, follow, max-snippet:-1, max-image-preview:large, max-video-preview:-1\" \/>\n<link rel=\"canonical\" href=\"https:\/\/pmza.sk\/?p=35885\" \/>\n<meta property=\"og:locale\" content=\"sk_SK\" \/>\n<meta property=\"og:type\" content=\"article\" \/>\n<meta property=\"og:title\" content=\"TKANIE \/ A \/ NIE - Pova\u017esk\u00e9 m\u00fazeum\" \/>\n<meta property=\"og:description\" content=\"V\u00fdnimo\u010dn\u00e9 diela umelkyne Evy Cis\u00e1rovej-Min\u00e1rikovej n\u00e1jdu \u00a0na viac ako dva mesiace domov v\u00a0Drot\u00e1rskom pavil\u00f3ne v\u00a0are\u00e1li Budat\u00ednskeho hradu. Autorka, poch\u00e1dzaj\u00faca z\u00a0C\u00edfera, \u0161tudovala na Vysokej \u0161kole v\u00fdtvarn\u00fdch umen\u00ed, kde nesk\u00f4r aj vyu\u010dovala. Na umeleck\u00fa sc\u00e9nu vst\u00fapila \u00a0na za\u010diatku 70. rokov 20. storo\u010dia monument\u00e1lnou tapis\u00e9riou \u010cere\u0161ni\u010dky. Nesk\u00f4r pri\u0161la s\u00a0vlastnou technikou zvanou \u201ema\u013ebotkanie\u201c, ktorej podstatou je zatk\u00e1vanie farebn\u00fdch sie\u0165ov\u00fdch [&hellip;]\" \/>\n<meta property=\"og:url\" content=\"https:\/\/pmza.sk\/?p=35885\" \/>\n<meta property=\"og:site_name\" content=\"Pova\u017esk\u00e9 m\u00fazeum\" \/>\n<meta property=\"article:publisher\" content=\"https:\/\/www.facebook.com\/povazskemuzeum\" \/>\n<meta property=\"article:published_time\" content=\"2019-08-28T06:37:05+00:00\" \/>\n<meta property=\"og:image\" content=\"https:\/\/pmza.sk\/wp-content\/uploads\/2019\/08\/minarikova_www.jpg\" \/>\n\t<meta property=\"og:image:width\" content=\"566\" \/>\n\t<meta property=\"og:image:height\" content=\"800\" \/>\n\t<meta property=\"og:image:type\" content=\"image\/jpeg\" \/>\n<meta name=\"author\" content=\"Pova\u017esk\u00e9 m\u00fazeum\" \/>\n<meta name=\"twitter:card\" content=\"summary_large_image\" \/>\n<meta name=\"twitter:label1\" content=\"Autor\" \/>\n\t<meta name=\"twitter:data1\" content=\"Pova\u017esk\u00e9 m\u00fazeum\" \/>\n\t<meta name=\"twitter:label2\" content=\"Predpokladan\u00fd \u010das \u010d\u00edtania\" \/>\n\t<meta name=\"twitter:data2\" content=\"2 min\u00faty\" \/>\n<script type=\"application\/ld+json\" class=\"yoast-schema-graph\">{\"@context\":\"https:\\\/\\\/schema.org\",\"@graph\":[{\"@type\":\"Article\",\"@id\":\"https:\\\/\\\/pmza.sk\\\/?p=35885#article\",\"isPartOf\":{\"@id\":\"https:\\\/\\\/pmza.sk\\\/?p=35885\"},\"author\":{\"name\":\"Pova\u017esk\u00e9 m\u00fazeum\",\"@id\":\"https:\\\/\\\/pmza.sk\\\/#\\\/schema\\\/person\\\/595e6a2ce731ea94dcd5d7f50a41ae33\"},\"headline\":\"TKANIE \\\/ A \\\/ NIE\",\"datePublished\":\"2019-08-28T06:37:05+00:00\",\"mainEntityOfPage\":{\"@id\":\"https:\\\/\\\/pmza.sk\\\/?p=35885\"},\"wordCount\":365,\"publisher\":{\"@id\":\"https:\\\/\\\/pmza.sk\\\/#organization\"},\"image\":{\"@id\":\"https:\\\/\\\/pmza.sk\\\/?p=35885#primaryimage\"},\"thumbnailUrl\":\"https:\\\/\\\/pmza.sk\\\/wp-content\\\/uploads\\\/2019\\\/08\\\/minarikova_www.jpg\",\"articleSection\":[\"Aktuality\"],\"inLanguage\":\"sk-SK\"},{\"@type\":\"WebPage\",\"@id\":\"https:\\\/\\\/pmza.sk\\\/?p=35885\",\"url\":\"https:\\\/\\\/pmza.sk\\\/?p=35885\",\"name\":\"TKANIE \\\/ A \\\/ NIE - Pova\u017esk\u00e9 m\u00fazeum\",\"isPartOf\":{\"@id\":\"https:\\\/\\\/pmza.sk\\\/#website\"},\"primaryImageOfPage\":{\"@id\":\"https:\\\/\\\/pmza.sk\\\/?p=35885#primaryimage\"},\"image\":{\"@id\":\"https:\\\/\\\/pmza.sk\\\/?p=35885#primaryimage\"},\"thumbnailUrl\":\"https:\\\/\\\/pmza.sk\\\/wp-content\\\/uploads\\\/2019\\\/08\\\/minarikova_www.jpg\",\"datePublished\":\"2019-08-28T06:37:05+00:00\",\"breadcrumb\":{\"@id\":\"https:\\\/\\\/pmza.sk\\\/?p=35885#breadcrumb\"},\"inLanguage\":\"sk-SK\",\"potentialAction\":[{\"@type\":\"ReadAction\",\"target\":[\"https:\\\/\\\/pmza.sk\\\/?p=35885\"]}]},{\"@type\":\"ImageObject\",\"inLanguage\":\"sk-SK\",\"@id\":\"https:\\\/\\\/pmza.sk\\\/?p=35885#primaryimage\",\"url\":\"https:\\\/\\\/pmza.sk\\\/wp-content\\\/uploads\\\/2019\\\/08\\\/minarikova_www.jpg\",\"contentUrl\":\"https:\\\/\\\/pmza.sk\\\/wp-content\\\/uploads\\\/2019\\\/08\\\/minarikova_www.jpg\",\"width\":566,\"height\":800},{\"@type\":\"BreadcrumbList\",\"@id\":\"https:\\\/\\\/pmza.sk\\\/?p=35885#breadcrumb\",\"itemListElement\":[{\"@type\":\"ListItem\",\"position\":1,\"name\":\"Domovsk\u00e1 str\u00e1nka\",\"item\":\"https:\\\/\\\/pmza.sk\\\/\"},{\"@type\":\"ListItem\",\"position\":2,\"name\":\"TKANIE \\\/ A \\\/ NIE\"}]},{\"@type\":\"WebSite\",\"@id\":\"https:\\\/\\\/pmza.sk\\\/#website\",\"url\":\"https:\\\/\\\/pmza.sk\\\/\",\"name\":\"Pova\u017esk\u00e9 m\u00fazeum\",\"description\":\"Pova\u017esk\u00e9 m\u00fazeum v \u017diline je region\u00e1lne m\u00fazeum so s\u00eddlom v Budat\u00edne. Jeho expoz\u00edcie s\u00fa zameran\u00e9 na dejiny slovensk\u00e9ho umenia, kult\u00fary a dopravy.\",\"publisher\":{\"@id\":\"https:\\\/\\\/pmza.sk\\\/#organization\"},\"potentialAction\":[{\"@type\":\"SearchAction\",\"target\":{\"@type\":\"EntryPoint\",\"urlTemplate\":\"https:\\\/\\\/pmza.sk\\\/?s={search_term_string}\"},\"query-input\":{\"@type\":\"PropertyValueSpecification\",\"valueRequired\":true,\"valueName\":\"search_term_string\"}}],\"inLanguage\":\"sk-SK\"},{\"@type\":\"Organization\",\"@id\":\"https:\\\/\\\/pmza.sk\\\/#organization\",\"name\":\"Pova\u017esk\u00e9 m\u00fazeum\",\"url\":\"https:\\\/\\\/pmza.sk\\\/\",\"logo\":{\"@type\":\"ImageObject\",\"inLanguage\":\"sk-SK\",\"@id\":\"https:\\\/\\\/pmza.sk\\\/#\\\/schema\\\/logo\\\/image\\\/\",\"url\":\"https:\\\/\\\/pmza.sk\\\/wp-content\\\/uploads\\\/2022\\\/01\\\/logo_PM_horizontal.jpg\",\"contentUrl\":\"https:\\\/\\\/pmza.sk\\\/wp-content\\\/uploads\\\/2022\\\/01\\\/logo_PM_horizontal.jpg\",\"width\":231,\"height\":142,\"caption\":\"Pova\u017esk\u00e9 m\u00fazeum\"},\"image\":{\"@id\":\"https:\\\/\\\/pmza.sk\\\/#\\\/schema\\\/logo\\\/image\\\/\"},\"sameAs\":[\"https:\\\/\\\/www.facebook.com\\\/povazskemuzeum\",\"https:\\\/\\\/www.instagram.com\\\/povazskemuzeum\\\/\"]},{\"@type\":\"Person\",\"@id\":\"https:\\\/\\\/pmza.sk\\\/#\\\/schema\\\/person\\\/595e6a2ce731ea94dcd5d7f50a41ae33\",\"name\":\"Pova\u017esk\u00e9 m\u00fazeum\",\"image\":{\"@type\":\"ImageObject\",\"inLanguage\":\"sk-SK\",\"@id\":\"https:\\\/\\\/secure.gravatar.com\\\/avatar\\\/2bb7f1561282132fb5826dfeccc66c7996d11ee392ac6aaf7ced8a1c2027fbb2?s=96&d=mm&r=g\",\"url\":\"https:\\\/\\\/secure.gravatar.com\\\/avatar\\\/2bb7f1561282132fb5826dfeccc66c7996d11ee392ac6aaf7ced8a1c2027fbb2?s=96&d=mm&r=g\",\"contentUrl\":\"https:\\\/\\\/secure.gravatar.com\\\/avatar\\\/2bb7f1561282132fb5826dfeccc66c7996d11ee392ac6aaf7ced8a1c2027fbb2?s=96&d=mm&r=g\",\"caption\":\"Pova\u017esk\u00e9 m\u00fazeum\"}}]}<\/script>\n<!-- \/ Yoast SEO plugin. -->","yoast_head_json":{"title":"TKANIE \/ A \/ NIE - Pova\u017esk\u00e9 m\u00fazeum","robots":{"index":"index","follow":"follow","max-snippet":"max-snippet:-1","max-image-preview":"max-image-preview:large","max-video-preview":"max-video-preview:-1"},"canonical":"https:\/\/pmza.sk\/?p=35885","og_locale":"sk_SK","og_type":"article","og_title":"TKANIE \/ A \/ NIE - Pova\u017esk\u00e9 m\u00fazeum","og_description":"V\u00fdnimo\u010dn\u00e9 diela umelkyne Evy Cis\u00e1rovej-Min\u00e1rikovej n\u00e1jdu \u00a0na viac ako dva mesiace domov v\u00a0Drot\u00e1rskom pavil\u00f3ne v\u00a0are\u00e1li Budat\u00ednskeho hradu. Autorka, poch\u00e1dzaj\u00faca z\u00a0C\u00edfera, \u0161tudovala na Vysokej \u0161kole v\u00fdtvarn\u00fdch umen\u00ed, kde nesk\u00f4r aj vyu\u010dovala. Na umeleck\u00fa sc\u00e9nu vst\u00fapila \u00a0na za\u010diatku 70. rokov 20. storo\u010dia monument\u00e1lnou tapis\u00e9riou \u010cere\u0161ni\u010dky. Nesk\u00f4r pri\u0161la s\u00a0vlastnou technikou zvanou \u201ema\u013ebotkanie\u201c, ktorej podstatou je zatk\u00e1vanie farebn\u00fdch sie\u0165ov\u00fdch [&hellip;]","og_url":"https:\/\/pmza.sk\/?p=35885","og_site_name":"Pova\u017esk\u00e9 m\u00fazeum","article_publisher":"https:\/\/www.facebook.com\/povazskemuzeum","article_published_time":"2019-08-28T06:37:05+00:00","og_image":[{"width":566,"height":800,"url":"https:\/\/pmza.sk\/wp-content\/uploads\/2019\/08\/minarikova_www.jpg","type":"image\/jpeg"}],"author":"Pova\u017esk\u00e9 m\u00fazeum","twitter_card":"summary_large_image","twitter_misc":{"Autor":"Pova\u017esk\u00e9 m\u00fazeum","Predpokladan\u00fd \u010das \u010d\u00edtania":"2 min\u00faty"},"schema":{"@context":"https:\/\/schema.org","@graph":[{"@type":"Article","@id":"https:\/\/pmza.sk\/?p=35885#article","isPartOf":{"@id":"https:\/\/pmza.sk\/?p=35885"},"author":{"name":"Pova\u017esk\u00e9 m\u00fazeum","@id":"https:\/\/pmza.sk\/#\/schema\/person\/595e6a2ce731ea94dcd5d7f50a41ae33"},"headline":"TKANIE \/ A \/ NIE","datePublished":"2019-08-28T06:37:05+00:00","mainEntityOfPage":{"@id":"https:\/\/pmza.sk\/?p=35885"},"wordCount":365,"publisher":{"@id":"https:\/\/pmza.sk\/#organization"},"image":{"@id":"https:\/\/pmza.sk\/?p=35885#primaryimage"},"thumbnailUrl":"https:\/\/pmza.sk\/wp-content\/uploads\/2019\/08\/minarikova_www.jpg","articleSection":["Aktuality"],"inLanguage":"sk-SK"},{"@type":"WebPage","@id":"https:\/\/pmza.sk\/?p=35885","url":"https:\/\/pmza.sk\/?p=35885","name":"TKANIE \/ A \/ NIE - Pova\u017esk\u00e9 m\u00fazeum","isPartOf":{"@id":"https:\/\/pmza.sk\/#website"},"primaryImageOfPage":{"@id":"https:\/\/pmza.sk\/?p=35885#primaryimage"},"image":{"@id":"https:\/\/pmza.sk\/?p=35885#primaryimage"},"thumbnailUrl":"https:\/\/pmza.sk\/wp-content\/uploads\/2019\/08\/minarikova_www.jpg","datePublished":"2019-08-28T06:37:05+00:00","breadcrumb":{"@id":"https:\/\/pmza.sk\/?p=35885#breadcrumb"},"inLanguage":"sk-SK","potentialAction":[{"@type":"ReadAction","target":["https:\/\/pmza.sk\/?p=35885"]}]},{"@type":"ImageObject","inLanguage":"sk-SK","@id":"https:\/\/pmza.sk\/?p=35885#primaryimage","url":"https:\/\/pmza.sk\/wp-content\/uploads\/2019\/08\/minarikova_www.jpg","contentUrl":"https:\/\/pmza.sk\/wp-content\/uploads\/2019\/08\/minarikova_www.jpg","width":566,"height":800},{"@type":"BreadcrumbList","@id":"https:\/\/pmza.sk\/?p=35885#breadcrumb","itemListElement":[{"@type":"ListItem","position":1,"name":"Domovsk\u00e1 str\u00e1nka","item":"https:\/\/pmza.sk\/"},{"@type":"ListItem","position":2,"name":"TKANIE \/ A \/ NIE"}]},{"@type":"WebSite","@id":"https:\/\/pmza.sk\/#website","url":"https:\/\/pmza.sk\/","name":"Pova\u017esk\u00e9 m\u00fazeum","description":"Pova\u017esk\u00e9 m\u00fazeum v \u017diline je region\u00e1lne m\u00fazeum so s\u00eddlom v Budat\u00edne. Jeho expoz\u00edcie s\u00fa zameran\u00e9 na dejiny slovensk\u00e9ho umenia, kult\u00fary a dopravy.","publisher":{"@id":"https:\/\/pmza.sk\/#organization"},"potentialAction":[{"@type":"SearchAction","target":{"@type":"EntryPoint","urlTemplate":"https:\/\/pmza.sk\/?s={search_term_string}"},"query-input":{"@type":"PropertyValueSpecification","valueRequired":true,"valueName":"search_term_string"}}],"inLanguage":"sk-SK"},{"@type":"Organization","@id":"https:\/\/pmza.sk\/#organization","name":"Pova\u017esk\u00e9 m\u00fazeum","url":"https:\/\/pmza.sk\/","logo":{"@type":"ImageObject","inLanguage":"sk-SK","@id":"https:\/\/pmza.sk\/#\/schema\/logo\/image\/","url":"https:\/\/pmza.sk\/wp-content\/uploads\/2022\/01\/logo_PM_horizontal.jpg","contentUrl":"https:\/\/pmza.sk\/wp-content\/uploads\/2022\/01\/logo_PM_horizontal.jpg","width":231,"height":142,"caption":"Pova\u017esk\u00e9 m\u00fazeum"},"image":{"@id":"https:\/\/pmza.sk\/#\/schema\/logo\/image\/"},"sameAs":["https:\/\/www.facebook.com\/povazskemuzeum","https:\/\/www.instagram.com\/povazskemuzeum\/"]},{"@type":"Person","@id":"https:\/\/pmza.sk\/#\/schema\/person\/595e6a2ce731ea94dcd5d7f50a41ae33","name":"Pova\u017esk\u00e9 m\u00fazeum","image":{"@type":"ImageObject","inLanguage":"sk-SK","@id":"https:\/\/secure.gravatar.com\/avatar\/2bb7f1561282132fb5826dfeccc66c7996d11ee392ac6aaf7ced8a1c2027fbb2?s=96&d=mm&r=g","url":"https:\/\/secure.gravatar.com\/avatar\/2bb7f1561282132fb5826dfeccc66c7996d11ee392ac6aaf7ced8a1c2027fbb2?s=96&d=mm&r=g","contentUrl":"https:\/\/secure.gravatar.com\/avatar\/2bb7f1561282132fb5826dfeccc66c7996d11ee392ac6aaf7ced8a1c2027fbb2?s=96&d=mm&r=g","caption":"Pova\u017esk\u00e9 m\u00fazeum"}}]}},"_links":{"self":[{"href":"https:\/\/pmza.sk\/index.php?rest_route=\/wp\/v2\/posts\/35885","targetHints":{"allow":["GET"]}}],"collection":[{"href":"https:\/\/pmza.sk\/index.php?rest_route=\/wp\/v2\/posts"}],"about":[{"href":"https:\/\/pmza.sk\/index.php?rest_route=\/wp\/v2\/types\/post"}],"author":[{"embeddable":true,"href":"https:\/\/pmza.sk\/index.php?rest_route=\/wp\/v2\/users\/2"}],"replies":[{"embeddable":true,"href":"https:\/\/pmza.sk\/index.php?rest_route=%2Fwp%2Fv2%2Fcomments&post=35885"}],"version-history":[{"count":0,"href":"https:\/\/pmza.sk\/index.php?rest_route=\/wp\/v2\/posts\/35885\/revisions"}],"wp:featuredmedia":[{"embeddable":true,"href":"https:\/\/pmza.sk\/index.php?rest_route=\/wp\/v2\/media\/35888"}],"wp:attachment":[{"href":"https:\/\/pmza.sk\/index.php?rest_route=%2Fwp%2Fv2%2Fmedia&parent=35885"}],"wp:term":[{"taxonomy":"category","embeddable":true,"href":"https:\/\/pmza.sk\/index.php?rest_route=%2Fwp%2Fv2%2Fcategories&post=35885"},{"taxonomy":"post_tag","embeddable":true,"href":"https:\/\/pmza.sk\/index.php?rest_route=%2Fwp%2Fv2%2Ftags&post=35885"}],"curies":[{"name":"wp","href":"https:\/\/api.w.org\/{rel}","templated":true}]}}