{"id":3589,"date":"2011-07-28T15:05:39","date_gmt":"2011-07-28T13:05:39","guid":{"rendered":"https:\/\/pmza.sk.sk\/?p=3589"},"modified":"2011-07-28T15:05:39","modified_gmt":"2011-07-28T13:05:39","slug":"dalsie-dimenzie-cicmianskych-motivov","status":"publish","type":"post","link":"https:\/\/pmza.sk\/?p=3589","title":{"rendered":"\u010eal\u0161ie dimenzie \u010ci?\u010dmianskych mot\u00edvov"},"content":{"rendered":"<p><strong> <\/strong><\/p>\n<p><strong> <\/strong><\/p>\n<p><a href=\"https:\/\/pmza.sk\/wp-content\/uploads\/2011\/07\/instalacia-konzervovanie.jpg\"><img fetchpriority=\"high\" decoding=\"async\" class=\"alignleft size-medium wp-image-3590\" style=\"border: 2px solid black; margin: 4px;\" title=\"instalacia konzervovanie\" src=\"https:\/\/pmza.sk.sk\/wp-content\/uploads\/2011\/07\/instalacia-konzervovanie-300x300.jpg\" alt=\"\" width=\"300\" height=\"300\" srcset=\"https:\/\/pmza.sk\/wp-content\/uploads\/2011\/07\/instalacia-konzervovanie-300x300.jpg 300w, https:\/\/pmza.sk\/wp-content\/uploads\/2011\/07\/instalacia-konzervovanie-100x100.jpg 100w, https:\/\/pmza.sk\/wp-content\/uploads\/2011\/07\/instalacia-konzervovanie-600x600.jpg 600w, https:\/\/pmza.sk\/wp-content\/uploads\/2011\/07\/instalacia-konzervovanie-360x360.jpg 360w, https:\/\/pmza.sk\/wp-content\/uploads\/2011\/07\/instalacia-konzervovanie.jpg 640w\" sizes=\"(max-width: 300px) 100vw, 300px\" \/><\/a><br \/>\n<span style=\"color: #ff0000;\"><strong>Miesto: Radenov dom \u010ci\u010dmany<\/strong><\/span><br \/>\n<span style=\"color: #ff0000;\"><strong>Term\u00edn: 06. 08. 2011 &#8211; 21. 11. 2011<\/strong><\/span><\/p>\n<p>V Radenovom dome v\u00a0\u010ci\u010dmanoch u\u017e \u010doskoro o\u017eij\u00fa artefakty z \u010di\u010dmianskej doliny prostredn\u00edctvom zauj\u00edmavej v\u00fdstavy talentovanej absolventky Vysokej \u0161koly v\u00fdtvarn\u00fdch umen\u00ed v Bratislave Moniky Hane\u010dkovej. Hlavnou my\u0161lienkou v\u00fdstavy pod n\u00e1zvom \u201e<strong>\u010ci?\u201c <\/strong>je premena be\u017en\u00fdch predmetov z\u00a0prostredia \u010di\u010dmianskeho \u013eudu na in\u0161tal\u00e1cie s\u00fa\u010dasn\u00e9ho umenia. \u201e<em>V\u00fdstava \u201e\u010ci?\u201c Moniky Hane\u010dkovej potvrdzuje jej \u010fal\u0161ie umeleck\u00e9 smerovanie. Vo svojej vo\u013enej tvorbe sa s\u00fastre\u010fuje na v\u0161edn\u00e9 predmety z \u013eudov\u00e9ho prostredia a ich postavenie v s\u00fa\u010dasnosti. V\u00a0jednotliv\u00fdch in\u0161tal\u00e1ci\u00e1ch pracuje s\u00a0predmetmi n\u00e1jden\u00fdmi priamo na povale star\u00e9ho domu v\u00a0\u010ci\u010dmanoch ako napr\u00edklad s krojom, torzami \u010depcov, alebo s\u00a0mot\u00edvom \u013eudovej v\u00fd\u0161ivky. V\u00fdstava sa tak st\u00e1va osobitou formou site-specific art, umenia, ktor\u00e9 je spojen\u00e9 s\u00a0konkr\u00e9tnym priestorom a\u00a0\u010dasom,<\/em>\u201c upozornila Zuzana Palicov\u00e1, \u00a0kur\u00e1torka v\u00fdstavy.<\/p>\n<p><!--more--><\/p>\n<p>V\u00fdstava je rozdelen\u00e1 do \u00a0troch in\u0161tal\u00e1ci\u00ed \u2013 Dych, Konzervovanie a\u00a0\u010cepce nie?. \u201e<em>Kinetick\u00e1 in\u0161tal\u00e1cia Dych pozost\u00e1va z troch truhl\u00edc, kam si \u013eud p\u00f4vodne odkladal r\u00f4zne text\u00edlie, odevy, bielize\u0148 a\u00a0 r\u00f4zne doplnky. \u00a0V nich s\u00fa vystaven\u00e9 \u010dasti krojov (oplecko, z\u00e1ponka, spodn\u00e1 bielize\u0148) , ktor\u00e9 s\u00fa jemn\u00fdm pohybom mechanizmu nadn\u00e1\u0161an\u00e9. T\u00fdmto inscena\u010dn\u00fdm, mierne teatr\u00e1lnym sp\u00f4sobom som nasimulovala ich skuto\u010dn\u00fd &#8211; neskuto\u010dn\u00fd dych,\u201c<\/em> povedala Monika Hane\u010dkov\u00e1.<em> <\/em><\/p>\n<p>Monika Hane\u010dkov\u00e1 je absolventkou V\u0160VU v\u00a0Bratislave, kde nav\u0161tevovala ateli\u00e9r vo\u013enej textilnej tvorby, nesk\u00f4r \u0161tudovala na Katedre \u00fa\u017eitkovej tvorby, v ateli\u00e9ri S+M+L_XL kov a\u00a0\u0161perk. Absolvovala viacero kolekt\u00edvnych v\u00fdstav &#8211; v\u00a0Bratislave, Martine, Brne, Mn\u00edchove. Ako jedna z\u00a0\u00f4smich finalistov s\u00fa\u0165a\u017enej prehliadky Preziosa Young contemporary jewellery 2010 vystavovala aj vo Florenci. V\u00a0roku 2010 z\u00edskala uznanie na s\u00fa\u0165a\u017ei Kruhy na vode. V\u00a0s\u00fa\u010dasnosti pracuje v\u00a0 M\u00fazeu \u013eudovej umeleckej v\u00fdroby \u00da\u013dUV v\u00a0Stupave ako konzerv\u00e1torka text\u00edli\u00ed.<\/p>\n<p>Vernis\u00e1\u017e v\u00fdstavy \u201e<strong>\u010ci?\u201c autorky Moniky Hane\u010dkovej<\/strong> sa uskuto\u010dn\u00ed v\u00a0sobotu\u00a0<strong>6. augusta \u00a02011 o\u00a015.00h<\/strong> v\u00a0Radenovom dome v\u00a0\u010ci\u010dmanoch. V\u00fdstava bude spr\u00edstupnen\u00e1 verejnosti do 31. okt\u00f3bra 2011. Organiz\u00e1torom v\u00fdstavy je \u017dilinsk\u00fd samospr\u00e1vny kraj a\u00a0Pova\u017esk\u00e9 m\u00fazeum v\u00a0\u017diline.<\/p>\n","protected":false},"excerpt":{"rendered":"<p>Miesto: Radenov dom \u010ci\u010dmany Term\u00edn: 06. 08. 2011 &#8211; 21. 11. 2011 V Radenovom dome v\u00a0\u010ci\u010dmanoch u\u017e \u010doskoro o\u017eij\u00fa artefakty z \u010di\u010dmianskej doliny prostredn\u00edctvom zauj\u00edmavej v\u00fdstavy talentovanej absolventky Vysokej \u0161koly v\u00fdtvarn\u00fdch umen\u00ed v Bratislave Moniky Hane\u010dkovej. Hlavnou my\u0161lienkou v\u00fdstavy pod n\u00e1zvom \u201e\u010ci?\u201c je premena be\u017en\u00fdch predmetov z\u00a0prostredia \u010di\u010dmianskeho \u013eudu na in\u0161tal\u00e1cie s\u00fa\u010dasn\u00e9ho umenia. \u201eV\u00fdstava \u201e\u010ci?\u201c [&hellip;]<\/p>\n","protected":false},"author":1,"featured_media":0,"comment_status":"closed","ping_status":"closed","sticky":false,"template":"","format":"standard","meta":{"site-sidebar-layout":"default","site-content-layout":"","ast-site-content-layout":"","site-content-style":"default","site-sidebar-style":"default","ast-global-header-display":"","ast-banner-title-visibility":"","ast-main-header-display":"","ast-hfb-above-header-display":"","ast-hfb-below-header-display":"","ast-hfb-mobile-header-display":"","site-post-title":"","ast-breadcrumbs-content":"","ast-featured-img":"","footer-sml-layout":"","theme-transparent-header-meta":"","adv-header-id-meta":"","stick-header-meta":"","header-above-stick-meta":"","header-main-stick-meta":"","header-below-stick-meta":"","astra-migrate-meta-layouts":"default","ast-page-background-enabled":"default","ast-page-background-meta":{"desktop":{"background-color":"var(--ast-global-color-4)","background-image":"","background-repeat":"repeat","background-position":"center center","background-size":"auto","background-attachment":"scroll","background-type":"","background-media":"","overlay-type":"","overlay-color":"","overlay-opacity":"","overlay-gradient":""},"tablet":{"background-color":"","background-image":"","background-repeat":"repeat","background-position":"center center","background-size":"auto","background-attachment":"scroll","background-type":"","background-media":"","overlay-type":"","overlay-color":"","overlay-opacity":"","overlay-gradient":""},"mobile":{"background-color":"","background-image":"","background-repeat":"repeat","background-position":"center center","background-size":"auto","background-attachment":"scroll","background-type":"","background-media":"","overlay-type":"","overlay-color":"","overlay-opacity":"","overlay-gradient":""}},"ast-content-background-meta":{"desktop":{"background-color":"var(--ast-global-color-5)","background-image":"","background-repeat":"repeat","background-position":"center center","background-size":"auto","background-attachment":"scroll","background-type":"","background-media":"","overlay-type":"","overlay-color":"","overlay-opacity":"","overlay-gradient":""},"tablet":{"background-color":"var(--ast-global-color-5)","background-image":"","background-repeat":"repeat","background-position":"center center","background-size":"auto","background-attachment":"scroll","background-type":"","background-media":"","overlay-type":"","overlay-color":"","overlay-opacity":"","overlay-gradient":""},"mobile":{"background-color":"var(--ast-global-color-5)","background-image":"","background-repeat":"repeat","background-position":"center center","background-size":"auto","background-attachment":"scroll","background-type":"","background-media":"","overlay-type":"","overlay-color":"","overlay-opacity":"","overlay-gradient":""}},"footnotes":""},"categories":[30],"tags":[],"class_list":["post-3589","post","type-post","status-publish","format-standard","hentry","category-archiv-2011"],"yoast_head":"<!-- This site is optimized with the Yoast SEO plugin v27.4 - https:\/\/yoast.com\/product\/yoast-seo-wordpress\/ -->\n<title>\u010eal\u0161ie dimenzie \u010ci?\u010dmianskych mot\u00edvov - Pova\u017esk\u00e9 m\u00fazeum<\/title>\n<meta name=\"robots\" content=\"index, follow, max-snippet:-1, max-image-preview:large, max-video-preview:-1\" \/>\n<link rel=\"canonical\" href=\"https:\/\/pmza.sk\/?p=3589\" \/>\n<meta property=\"og:locale\" content=\"sk_SK\" \/>\n<meta property=\"og:type\" content=\"article\" \/>\n<meta property=\"og:title\" content=\"\u010eal\u0161ie dimenzie \u010ci?\u010dmianskych mot\u00edvov - Pova\u017esk\u00e9 m\u00fazeum\" \/>\n<meta property=\"og:description\" content=\"Miesto: Radenov dom \u010ci\u010dmany Term\u00edn: 06. 08. 2011 &#8211; 21. 11. 2011 V Radenovom dome v\u00a0\u010ci\u010dmanoch u\u017e \u010doskoro o\u017eij\u00fa artefakty z \u010di\u010dmianskej doliny prostredn\u00edctvom zauj\u00edmavej v\u00fdstavy talentovanej absolventky Vysokej \u0161koly v\u00fdtvarn\u00fdch umen\u00ed v Bratislave Moniky Hane\u010dkovej. Hlavnou my\u0161lienkou v\u00fdstavy pod n\u00e1zvom \u201e\u010ci?\u201c je premena be\u017en\u00fdch predmetov z\u00a0prostredia \u010di\u010dmianskeho \u013eudu na in\u0161tal\u00e1cie s\u00fa\u010dasn\u00e9ho umenia. \u201eV\u00fdstava \u201e\u010ci?\u201c [&hellip;]\" \/>\n<meta property=\"og:url\" content=\"https:\/\/pmza.sk\/?p=3589\" \/>\n<meta property=\"og:site_name\" content=\"Pova\u017esk\u00e9 m\u00fazeum\" \/>\n<meta property=\"article:publisher\" content=\"https:\/\/www.facebook.com\/povazskemuzeum\" \/>\n<meta property=\"article:published_time\" content=\"2011-07-28T13:05:39+00:00\" \/>\n<meta property=\"og:image\" content=\"https:\/\/pmza.sk.sk\/wp-content\/uploads\/2011\/07\/instalacia-konzervovanie-300x300.jpg\" \/>\n<meta name=\"author\" content=\"libor\" \/>\n<meta name=\"twitter:card\" content=\"summary_large_image\" \/>\n<meta name=\"twitter:label1\" content=\"Autor\" \/>\n\t<meta name=\"twitter:data1\" content=\"libor\" \/>\n\t<meta name=\"twitter:label2\" content=\"Predpokladan\u00fd \u010das \u010d\u00edtania\" \/>\n\t<meta name=\"twitter:data2\" content=\"2 min\u00faty\" \/>\n<script type=\"application\/ld+json\" class=\"yoast-schema-graph\">{\"@context\":\"https:\\\/\\\/schema.org\",\"@graph\":[{\"@type\":\"Article\",\"@id\":\"https:\\\/\\\/pmza.sk\\\/?p=3589#article\",\"isPartOf\":{\"@id\":\"https:\\\/\\\/pmza.sk\\\/?p=3589\"},\"author\":{\"name\":\"libor\",\"@id\":\"https:\\\/\\\/pmza.sk\\\/#\\\/schema\\\/person\\\/f0b923a9aa8e1f67feef0d7cd9afde35\"},\"headline\":\"\u010eal\u0161ie dimenzie \u010ci?\u010dmianskych mot\u00edvov\",\"datePublished\":\"2011-07-28T13:05:39+00:00\",\"mainEntityOfPage\":{\"@id\":\"https:\\\/\\\/pmza.sk\\\/?p=3589\"},\"wordCount\":401,\"publisher\":{\"@id\":\"https:\\\/\\\/pmza.sk\\\/#organization\"},\"image\":{\"@id\":\"https:\\\/\\\/pmza.sk\\\/?p=3589#primaryimage\"},\"thumbnailUrl\":\"http:\\\/\\\/pmza.sk.sk\\\/wp-content\\\/uploads\\\/2011\\\/07\\\/instalacia-konzervovanie-300x300.jpg\",\"articleSection\":[\"Arch\u00edv 2011\"],\"inLanguage\":\"sk-SK\"},{\"@type\":\"WebPage\",\"@id\":\"https:\\\/\\\/pmza.sk\\\/?p=3589\",\"url\":\"https:\\\/\\\/pmza.sk\\\/?p=3589\",\"name\":\"\u010eal\u0161ie dimenzie \u010ci?\u010dmianskych mot\u00edvov - Pova\u017esk\u00e9 m\u00fazeum\",\"isPartOf\":{\"@id\":\"https:\\\/\\\/pmza.sk\\\/#website\"},\"primaryImageOfPage\":{\"@id\":\"https:\\\/\\\/pmza.sk\\\/?p=3589#primaryimage\"},\"image\":{\"@id\":\"https:\\\/\\\/pmza.sk\\\/?p=3589#primaryimage\"},\"thumbnailUrl\":\"http:\\\/\\\/pmza.sk.sk\\\/wp-content\\\/uploads\\\/2011\\\/07\\\/instalacia-konzervovanie-300x300.jpg\",\"datePublished\":\"2011-07-28T13:05:39+00:00\",\"breadcrumb\":{\"@id\":\"https:\\\/\\\/pmza.sk\\\/?p=3589#breadcrumb\"},\"inLanguage\":\"sk-SK\",\"potentialAction\":[{\"@type\":\"ReadAction\",\"target\":[\"https:\\\/\\\/pmza.sk\\\/?p=3589\"]}]},{\"@type\":\"ImageObject\",\"inLanguage\":\"sk-SK\",\"@id\":\"https:\\\/\\\/pmza.sk\\\/?p=3589#primaryimage\",\"url\":\"http:\\\/\\\/pmza.sk.sk\\\/wp-content\\\/uploads\\\/2011\\\/07\\\/instalacia-konzervovanie-300x300.jpg\",\"contentUrl\":\"http:\\\/\\\/pmza.sk.sk\\\/wp-content\\\/uploads\\\/2011\\\/07\\\/instalacia-konzervovanie-300x300.jpg\"},{\"@type\":\"BreadcrumbList\",\"@id\":\"https:\\\/\\\/pmza.sk\\\/?p=3589#breadcrumb\",\"itemListElement\":[{\"@type\":\"ListItem\",\"position\":1,\"name\":\"Domovsk\u00e1 str\u00e1nka\",\"item\":\"https:\\\/\\\/pmza.sk\\\/\"},{\"@type\":\"ListItem\",\"position\":2,\"name\":\"\u010eal\u0161ie dimenzie \u010ci?\u010dmianskych mot\u00edvov\"}]},{\"@type\":\"WebSite\",\"@id\":\"https:\\\/\\\/pmza.sk\\\/#website\",\"url\":\"https:\\\/\\\/pmza.sk\\\/\",\"name\":\"Pova\u017esk\u00e9 m\u00fazeum\",\"description\":\"Pova\u017esk\u00e9 m\u00fazeum v \u017diline je region\u00e1lne m\u00fazeum so s\u00eddlom v Budat\u00edne. Jeho expoz\u00edcie s\u00fa zameran\u00e9 na dejiny slovensk\u00e9ho umenia, kult\u00fary a dopravy.\",\"publisher\":{\"@id\":\"https:\\\/\\\/pmza.sk\\\/#organization\"},\"potentialAction\":[{\"@type\":\"SearchAction\",\"target\":{\"@type\":\"EntryPoint\",\"urlTemplate\":\"https:\\\/\\\/pmza.sk\\\/?s={search_term_string}\"},\"query-input\":{\"@type\":\"PropertyValueSpecification\",\"valueRequired\":true,\"valueName\":\"search_term_string\"}}],\"inLanguage\":\"sk-SK\"},{\"@type\":\"Organization\",\"@id\":\"https:\\\/\\\/pmza.sk\\\/#organization\",\"name\":\"Pova\u017esk\u00e9 m\u00fazeum\",\"url\":\"https:\\\/\\\/pmza.sk\\\/\",\"logo\":{\"@type\":\"ImageObject\",\"inLanguage\":\"sk-SK\",\"@id\":\"https:\\\/\\\/pmza.sk\\\/#\\\/schema\\\/logo\\\/image\\\/\",\"url\":\"https:\\\/\\\/pmza.sk\\\/wp-content\\\/uploads\\\/2022\\\/01\\\/logo_PM_horizontal.jpg\",\"contentUrl\":\"https:\\\/\\\/pmza.sk\\\/wp-content\\\/uploads\\\/2022\\\/01\\\/logo_PM_horizontal.jpg\",\"width\":231,\"height\":142,\"caption\":\"Pova\u017esk\u00e9 m\u00fazeum\"},\"image\":{\"@id\":\"https:\\\/\\\/pmza.sk\\\/#\\\/schema\\\/logo\\\/image\\\/\"},\"sameAs\":[\"https:\\\/\\\/www.facebook.com\\\/povazskemuzeum\",\"https:\\\/\\\/www.instagram.com\\\/povazskemuzeum\\\/\"]},{\"@type\":\"Person\",\"@id\":\"https:\\\/\\\/pmza.sk\\\/#\\\/schema\\\/person\\\/f0b923a9aa8e1f67feef0d7cd9afde35\",\"name\":\"libor\",\"image\":{\"@type\":\"ImageObject\",\"inLanguage\":\"sk-SK\",\"@id\":\"https:\\\/\\\/secure.gravatar.com\\\/avatar\\\/c583dbc698e594aacced1589eb8cf1673bd41d461e8b2ab635484ffc26fee7b0?s=96&d=mm&r=g\",\"url\":\"https:\\\/\\\/secure.gravatar.com\\\/avatar\\\/c583dbc698e594aacced1589eb8cf1673bd41d461e8b2ab635484ffc26fee7b0?s=96&d=mm&r=g\",\"contentUrl\":\"https:\\\/\\\/secure.gravatar.com\\\/avatar\\\/c583dbc698e594aacced1589eb8cf1673bd41d461e8b2ab635484ffc26fee7b0?s=96&d=mm&r=g\",\"caption\":\"libor\"}}]}<\/script>\n<!-- \/ Yoast SEO plugin. -->","yoast_head_json":{"title":"\u010eal\u0161ie dimenzie \u010ci?\u010dmianskych mot\u00edvov - Pova\u017esk\u00e9 m\u00fazeum","robots":{"index":"index","follow":"follow","max-snippet":"max-snippet:-1","max-image-preview":"max-image-preview:large","max-video-preview":"max-video-preview:-1"},"canonical":"https:\/\/pmza.sk\/?p=3589","og_locale":"sk_SK","og_type":"article","og_title":"\u010eal\u0161ie dimenzie \u010ci?\u010dmianskych mot\u00edvov - Pova\u017esk\u00e9 m\u00fazeum","og_description":"Miesto: Radenov dom \u010ci\u010dmany Term\u00edn: 06. 08. 2011 &#8211; 21. 11. 2011 V Radenovom dome v\u00a0\u010ci\u010dmanoch u\u017e \u010doskoro o\u017eij\u00fa artefakty z \u010di\u010dmianskej doliny prostredn\u00edctvom zauj\u00edmavej v\u00fdstavy talentovanej absolventky Vysokej \u0161koly v\u00fdtvarn\u00fdch umen\u00ed v Bratislave Moniky Hane\u010dkovej. Hlavnou my\u0161lienkou v\u00fdstavy pod n\u00e1zvom \u201e\u010ci?\u201c je premena be\u017en\u00fdch predmetov z\u00a0prostredia \u010di\u010dmianskeho \u013eudu na in\u0161tal\u00e1cie s\u00fa\u010dasn\u00e9ho umenia. \u201eV\u00fdstava \u201e\u010ci?\u201c [&hellip;]","og_url":"https:\/\/pmza.sk\/?p=3589","og_site_name":"Pova\u017esk\u00e9 m\u00fazeum","article_publisher":"https:\/\/www.facebook.com\/povazskemuzeum","article_published_time":"2011-07-28T13:05:39+00:00","og_image":[{"url":"https:\/\/pmza.sk.sk\/wp-content\/uploads\/2011\/07\/instalacia-konzervovanie-300x300.jpg","type":"","width":"","height":""}],"author":"libor","twitter_card":"summary_large_image","twitter_misc":{"Autor":"libor","Predpokladan\u00fd \u010das \u010d\u00edtania":"2 min\u00faty"},"schema":{"@context":"https:\/\/schema.org","@graph":[{"@type":"Article","@id":"https:\/\/pmza.sk\/?p=3589#article","isPartOf":{"@id":"https:\/\/pmza.sk\/?p=3589"},"author":{"name":"libor","@id":"https:\/\/pmza.sk\/#\/schema\/person\/f0b923a9aa8e1f67feef0d7cd9afde35"},"headline":"\u010eal\u0161ie dimenzie \u010ci?\u010dmianskych mot\u00edvov","datePublished":"2011-07-28T13:05:39+00:00","mainEntityOfPage":{"@id":"https:\/\/pmza.sk\/?p=3589"},"wordCount":401,"publisher":{"@id":"https:\/\/pmza.sk\/#organization"},"image":{"@id":"https:\/\/pmza.sk\/?p=3589#primaryimage"},"thumbnailUrl":"https:\/\/pmza.sk.sk\/wp-content\/uploads\/2011\/07\/instalacia-konzervovanie-300x300.jpg","articleSection":["Arch\u00edv 2011"],"inLanguage":"sk-SK"},{"@type":"WebPage","@id":"https:\/\/pmza.sk\/?p=3589","url":"https:\/\/pmza.sk\/?p=3589","name":"\u010eal\u0161ie dimenzie \u010ci?\u010dmianskych mot\u00edvov - Pova\u017esk\u00e9 m\u00fazeum","isPartOf":{"@id":"https:\/\/pmza.sk\/#website"},"primaryImageOfPage":{"@id":"https:\/\/pmza.sk\/?p=3589#primaryimage"},"image":{"@id":"https:\/\/pmza.sk\/?p=3589#primaryimage"},"thumbnailUrl":"https:\/\/pmza.sk.sk\/wp-content\/uploads\/2011\/07\/instalacia-konzervovanie-300x300.jpg","datePublished":"2011-07-28T13:05:39+00:00","breadcrumb":{"@id":"https:\/\/pmza.sk\/?p=3589#breadcrumb"},"inLanguage":"sk-SK","potentialAction":[{"@type":"ReadAction","target":["https:\/\/pmza.sk\/?p=3589"]}]},{"@type":"ImageObject","inLanguage":"sk-SK","@id":"https:\/\/pmza.sk\/?p=3589#primaryimage","url":"https:\/\/pmza.sk.sk\/wp-content\/uploads\/2011\/07\/instalacia-konzervovanie-300x300.jpg","contentUrl":"https:\/\/pmza.sk.sk\/wp-content\/uploads\/2011\/07\/instalacia-konzervovanie-300x300.jpg"},{"@type":"BreadcrumbList","@id":"https:\/\/pmza.sk\/?p=3589#breadcrumb","itemListElement":[{"@type":"ListItem","position":1,"name":"Domovsk\u00e1 str\u00e1nka","item":"https:\/\/pmza.sk\/"},{"@type":"ListItem","position":2,"name":"\u010eal\u0161ie dimenzie \u010ci?\u010dmianskych mot\u00edvov"}]},{"@type":"WebSite","@id":"https:\/\/pmza.sk\/#website","url":"https:\/\/pmza.sk\/","name":"Pova\u017esk\u00e9 m\u00fazeum","description":"Pova\u017esk\u00e9 m\u00fazeum v \u017diline je region\u00e1lne m\u00fazeum so s\u00eddlom v Budat\u00edne. Jeho expoz\u00edcie s\u00fa zameran\u00e9 na dejiny slovensk\u00e9ho umenia, kult\u00fary a dopravy.","publisher":{"@id":"https:\/\/pmza.sk\/#organization"},"potentialAction":[{"@type":"SearchAction","target":{"@type":"EntryPoint","urlTemplate":"https:\/\/pmza.sk\/?s={search_term_string}"},"query-input":{"@type":"PropertyValueSpecification","valueRequired":true,"valueName":"search_term_string"}}],"inLanguage":"sk-SK"},{"@type":"Organization","@id":"https:\/\/pmza.sk\/#organization","name":"Pova\u017esk\u00e9 m\u00fazeum","url":"https:\/\/pmza.sk\/","logo":{"@type":"ImageObject","inLanguage":"sk-SK","@id":"https:\/\/pmza.sk\/#\/schema\/logo\/image\/","url":"https:\/\/pmza.sk\/wp-content\/uploads\/2022\/01\/logo_PM_horizontal.jpg","contentUrl":"https:\/\/pmza.sk\/wp-content\/uploads\/2022\/01\/logo_PM_horizontal.jpg","width":231,"height":142,"caption":"Pova\u017esk\u00e9 m\u00fazeum"},"image":{"@id":"https:\/\/pmza.sk\/#\/schema\/logo\/image\/"},"sameAs":["https:\/\/www.facebook.com\/povazskemuzeum","https:\/\/www.instagram.com\/povazskemuzeum\/"]},{"@type":"Person","@id":"https:\/\/pmza.sk\/#\/schema\/person\/f0b923a9aa8e1f67feef0d7cd9afde35","name":"libor","image":{"@type":"ImageObject","inLanguage":"sk-SK","@id":"https:\/\/secure.gravatar.com\/avatar\/c583dbc698e594aacced1589eb8cf1673bd41d461e8b2ab635484ffc26fee7b0?s=96&d=mm&r=g","url":"https:\/\/secure.gravatar.com\/avatar\/c583dbc698e594aacced1589eb8cf1673bd41d461e8b2ab635484ffc26fee7b0?s=96&d=mm&r=g","contentUrl":"https:\/\/secure.gravatar.com\/avatar\/c583dbc698e594aacced1589eb8cf1673bd41d461e8b2ab635484ffc26fee7b0?s=96&d=mm&r=g","caption":"libor"}}]}},"_links":{"self":[{"href":"https:\/\/pmza.sk\/index.php?rest_route=\/wp\/v2\/posts\/3589","targetHints":{"allow":["GET"]}}],"collection":[{"href":"https:\/\/pmza.sk\/index.php?rest_route=\/wp\/v2\/posts"}],"about":[{"href":"https:\/\/pmza.sk\/index.php?rest_route=\/wp\/v2\/types\/post"}],"author":[{"embeddable":true,"href":"https:\/\/pmza.sk\/index.php?rest_route=\/wp\/v2\/users\/1"}],"replies":[{"embeddable":true,"href":"https:\/\/pmza.sk\/index.php?rest_route=%2Fwp%2Fv2%2Fcomments&post=3589"}],"version-history":[{"count":0,"href":"https:\/\/pmza.sk\/index.php?rest_route=\/wp\/v2\/posts\/3589\/revisions"}],"wp:attachment":[{"href":"https:\/\/pmza.sk\/index.php?rest_route=%2Fwp%2Fv2%2Fmedia&parent=3589"}],"wp:term":[{"taxonomy":"category","embeddable":true,"href":"https:\/\/pmza.sk\/index.php?rest_route=%2Fwp%2Fv2%2Fcategories&post=3589"},{"taxonomy":"post_tag","embeddable":true,"href":"https:\/\/pmza.sk\/index.php?rest_route=%2Fwp%2Fv2%2Ftags&post=3589"}],"curies":[{"name":"wp","href":"https:\/\/api.w.org\/{rel}","templated":true}]}}