{"id":36064,"date":"2019-09-10T09:50:04","date_gmt":"2019-09-10T07:50:04","guid":{"rendered":"https:\/\/pmza.sk\/?p=36064"},"modified":"2019-09-10T09:50:04","modified_gmt":"2019-09-10T07:50:04","slug":"cestovanie-v-case","status":"publish","type":"post","link":"https:\/\/pmza.sk\/?p=36064","title":{"rendered":"Cestovanie v \u010dase"},"content":{"rendered":"<p>Zauj\u00edmav\u00e9 chute, l\u00e1kav\u00e9 v\u00f4ne, netradi\u010dn\u00e9 spojenia. Ako sa varilo a\u00a0jedlo v\u00a0minulosti? V\u00a0nede\u013eu 22. septembra budeme na hrade Stre\u010dno cestova\u0165 v\u00a0\u010dase. Jesenn\u00e9 podujatie, ktor\u00e9 pripravilo Pova\u017esk\u00e9 m\u00fazeum v\u00a0\u017diline sa\u00a0aj tento rok kon\u00e1 v\u00a0r\u00e1mci Dn\u00ed eur\u00f3pskeho kult\u00farneho dedi\u010dstva a\u00a0Medzin\u00e1rodn\u00e9ho d\u0148a cestovn\u00e9ho ruchu.<\/p>\n<p><strong>\u00a0<\/strong>Na svoje si pr\u00eddu nad\u0161enci hist\u00f3rie, v\u00fdnimo\u010dn\u00fdch z\u00e1\u017eitkov, ale predov\u0161etk\u00fdm gurm\u00e1ni. R\u00f4zne dobov\u00e9 kuchyne z\u00a0\u010dias d\u00e1vnych i\u00a0ned\u00e1vnych pohladia chu\u0165ov\u00e9 poh\u00e1riky n\u00e1v\u0161tevn\u00edkov po\u010das cel\u00e9ho d\u0148a. O\u00a0jedine\u010dn\u00e9 pohostenie priamo na hrade sa postar\u00e1 spolo\u010dnos\u0165 Hammer n. o..<em> \u201eKulin\u00e1rske umenie ran\u00e9ho stredoveku prekvap\u00ed \u0161pecifick\u00fdmi, dne\u0161n\u00e9mu \u010dloveku, nezn\u00e1mymi chu\u0165ami. Ch\u00fdba\u0165 nebude ani star\u00e1 kuchy\u0148a na\u0161ich prababiek, pln\u00e1 jednoduch\u00fdch, ale lahodn\u00fdch jed\u00e1l, ktor\u00e9 pre n\u00e1v\u0161tevn\u00edkov priprav\u00ed samotn\u00fd ba\u010da. Do dia\u013eky bud\u00fa rozvoniava\u0165 i elix\u00edry, \u201elektvary\u201c a\u00a0\u010dokol\u00e1da zo 17. a\u00a018. storo\u010dia.\u201c<\/em> pribl\u00ed\u017eila spr\u00e1vky\u0148a hradu Stre\u010dno Katar\u00edna Rep\u00e1\u0148ov\u00e1. Typick\u00fa stredovek\u00fa kuchy\u0148u, ktorej s\u00fa\u010das\u0165ou s\u00fa najr\u00f4znej\u0161ie pudingy, ka\u0161e \u010di placky predvedie Cech Terra de Selinan.<\/p>\n<p>Okrem ochutn\u00e1vania si z\u00e1ujemcovia m\u00f4\u017eu k\u00fapi\u0165 origin\u00e1lnu kr\u00e1\u013eovsk\u00fa \u010dokol\u00e1du, ktor\u00e1 na konci septembra pr\u00edjemne zahreje. Ru\u0161no bude aj v\u00a0Stredovekej dedine Paseka. Priestor pod hradom sa toti\u017e zmen\u00ed na jarmok \u013eudov\u00fdch v\u00fdrobkov.<\/p>\n<p><img fetchpriority=\"high\" decoding=\"async\" class=\"size-medium wp-image-36066 alignleft\" src=\"https:\/\/pmza.sk\/wp-content\/uploads\/2019\/09\/Cestovanie-v-case-2-540x360.jpg\" alt=\"\" width=\"540\" height=\"360\" srcset=\"https:\/\/pmza.sk\/wp-content\/uploads\/2019\/09\/Cestovanie-v-case-2-540x360.jpg 540w, https:\/\/pmza.sk\/wp-content\/uploads\/2019\/09\/Cestovanie-v-case-2-768x512.jpg 768w, https:\/\/pmza.sk\/wp-content\/uploads\/2019\/09\/Cestovanie-v-case-2-600x400.jpg 600w, https:\/\/pmza.sk\/wp-content\/uploads\/2019\/09\/Cestovanie-v-case-2.jpg 1024w\" sizes=\"(max-width: 540px) 100vw, 540px\" \/> <img decoding=\"async\" class=\"size-medium wp-image-36067 alignleft\" src=\"https:\/\/pmza.sk\/wp-content\/uploads\/2019\/09\/Cestovanie-v-case-540x360.jpg\" alt=\"\" width=\"540\" height=\"360\" srcset=\"https:\/\/pmza.sk\/wp-content\/uploads\/2019\/09\/Cestovanie-v-case-540x360.jpg 540w, https:\/\/pmza.sk\/wp-content\/uploads\/2019\/09\/Cestovanie-v-case-768x512.jpg 768w, https:\/\/pmza.sk\/wp-content\/uploads\/2019\/09\/Cestovanie-v-case-600x400.jpg 600w, https:\/\/pmza.sk\/wp-content\/uploads\/2019\/09\/Cestovanie-v-case.jpg 1024w\" sizes=\"(max-width: 540px) 100vw, 540px\" \/> <img decoding=\"async\" class=\"size-medium wp-image-36068 alignleft\" src=\"https:\/\/pmza.sk\/wp-content\/uploads\/2019\/09\/Kuchyna-starych-mam-540x360.jpg\" alt=\"\" width=\"540\" height=\"360\" srcset=\"https:\/\/pmza.sk\/wp-content\/uploads\/2019\/09\/Kuchyna-starych-mam-540x360.jpg 540w, https:\/\/pmza.sk\/wp-content\/uploads\/2019\/09\/Kuchyna-starych-mam-768x512.jpg 768w, https:\/\/pmza.sk\/wp-content\/uploads\/2019\/09\/Kuchyna-starych-mam-600x400.jpg 600w, https:\/\/pmza.sk\/wp-content\/uploads\/2019\/09\/Kuchyna-starych-mam.jpg 1024w\" sizes=\"(max-width: 540px) 100vw, 540px\" \/><img loading=\"lazy\" decoding=\"async\" class=\"size-medium wp-image-36069 alignleft\" src=\"https:\/\/pmza.sk\/wp-content\/uploads\/2019\/09\/IMG_4027-540x360.jpg\" alt=\"\" width=\"540\" height=\"360\" srcset=\"https:\/\/pmza.sk\/wp-content\/uploads\/2019\/09\/IMG_4027-540x360.jpg 540w, https:\/\/pmza.sk\/wp-content\/uploads\/2019\/09\/IMG_4027-768x512.jpg 768w, https:\/\/pmza.sk\/wp-content\/uploads\/2019\/09\/IMG_4027-600x400.jpg 600w, https:\/\/pmza.sk\/wp-content\/uploads\/2019\/09\/IMG_4027.jpg 1024w\" sizes=\"(max-width: 540px) 100vw, 540px\" \/><\/p>\n<p>&nbsp;<\/p>\n","protected":false},"excerpt":{"rendered":"<p>Zauj\u00edmav\u00e9 chute, l\u00e1kav\u00e9 v\u00f4ne, netradi\u010dn\u00e9 spojenia. Ako sa varilo a\u00a0jedlo v\u00a0minulosti? V\u00a0nede\u013eu 22. septembra budeme na hrade Stre\u010dno cestova\u0165 v\u00a0\u010dase. Jesenn\u00e9 podujatie, ktor\u00e9 pripravilo Pova\u017esk\u00e9 m\u00fazeum v\u00a0\u017diline sa\u00a0aj tento rok kon\u00e1 v\u00a0r\u00e1mci Dn\u00ed eur\u00f3pskeho kult\u00farneho dedi\u010dstva a\u00a0Medzin\u00e1rodn\u00e9ho d\u0148a cestovn\u00e9ho ruchu. \u00a0Na svoje si pr\u00eddu nad\u0161enci hist\u00f3rie, v\u00fdnimo\u010dn\u00fdch z\u00e1\u017eitkov, ale predov\u0161etk\u00fdm gurm\u00e1ni. R\u00f4zne dobov\u00e9 kuchyne z\u00a0\u010dias [&hellip;]<\/p>\n","protected":false},"author":2,"featured_media":36065,"comment_status":"closed","ping_status":"closed","sticky":false,"template":"","format":"standard","meta":{"site-sidebar-layout":"default","site-content-layout":"","ast-site-content-layout":"","site-content-style":"default","site-sidebar-style":"default","ast-global-header-display":"","ast-banner-title-visibility":"","ast-main-header-display":"","ast-hfb-above-header-display":"","ast-hfb-below-header-display":"","ast-hfb-mobile-header-display":"","site-post-title":"","ast-breadcrumbs-content":"","ast-featured-img":"","footer-sml-layout":"","theme-transparent-header-meta":"","adv-header-id-meta":"","stick-header-meta":"","header-above-stick-meta":"","header-main-stick-meta":"","header-below-stick-meta":"","astra-migrate-meta-layouts":"default","ast-page-background-enabled":"default","ast-page-background-meta":{"desktop":{"background-color":"var(--ast-global-color-4)","background-image":"","background-repeat":"repeat","background-position":"center center","background-size":"auto","background-attachment":"scroll","background-type":"","background-media":"","overlay-type":"","overlay-color":"","overlay-opacity":"","overlay-gradient":""},"tablet":{"background-color":"","background-image":"","background-repeat":"repeat","background-position":"center center","background-size":"auto","background-attachment":"scroll","background-type":"","background-media":"","overlay-type":"","overlay-color":"","overlay-opacity":"","overlay-gradient":""},"mobile":{"background-color":"","background-image":"","background-repeat":"repeat","background-position":"center center","background-size":"auto","background-attachment":"scroll","background-type":"","background-media":"","overlay-type":"","overlay-color":"","overlay-opacity":"","overlay-gradient":""}},"ast-content-background-meta":{"desktop":{"background-color":"var(--ast-global-color-5)","background-image":"","background-repeat":"repeat","background-position":"center center","background-size":"auto","background-attachment":"scroll","background-type":"","background-media":"","overlay-type":"","overlay-color":"","overlay-opacity":"","overlay-gradient":""},"tablet":{"background-color":"var(--ast-global-color-5)","background-image":"","background-repeat":"repeat","background-position":"center center","background-size":"auto","background-attachment":"scroll","background-type":"","background-media":"","overlay-type":"","overlay-color":"","overlay-opacity":"","overlay-gradient":""},"mobile":{"background-color":"var(--ast-global-color-5)","background-image":"","background-repeat":"repeat","background-position":"center center","background-size":"auto","background-attachment":"scroll","background-type":"","background-media":"","overlay-type":"","overlay-color":"","overlay-opacity":"","overlay-gradient":""}},"footnotes":""},"categories":[31],"tags":[],"class_list":["post-36064","post","type-post","status-publish","format-standard","has-post-thumbnail","hentry","category-aktuality"],"yoast_head":"<!-- This site is optimized with the Yoast SEO plugin v27.4 - https:\/\/yoast.com\/product\/yoast-seo-wordpress\/ -->\n<title>Cestovanie v \u010dase - Pova\u017esk\u00e9 m\u00fazeum<\/title>\n<meta name=\"robots\" content=\"index, follow, max-snippet:-1, max-image-preview:large, max-video-preview:-1\" \/>\n<link rel=\"canonical\" href=\"https:\/\/pmza.sk\/?p=36064\" \/>\n<meta property=\"og:locale\" content=\"sk_SK\" \/>\n<meta property=\"og:type\" content=\"article\" \/>\n<meta property=\"og:title\" content=\"Cestovanie v \u010dase - Pova\u017esk\u00e9 m\u00fazeum\" \/>\n<meta property=\"og:description\" content=\"Zauj\u00edmav\u00e9 chute, l\u00e1kav\u00e9 v\u00f4ne, netradi\u010dn\u00e9 spojenia. Ako sa varilo a\u00a0jedlo v\u00a0minulosti? V\u00a0nede\u013eu 22. septembra budeme na hrade Stre\u010dno cestova\u0165 v\u00a0\u010dase. Jesenn\u00e9 podujatie, ktor\u00e9 pripravilo Pova\u017esk\u00e9 m\u00fazeum v\u00a0\u017diline sa\u00a0aj tento rok kon\u00e1 v\u00a0r\u00e1mci Dn\u00ed eur\u00f3pskeho kult\u00farneho dedi\u010dstva a\u00a0Medzin\u00e1rodn\u00e9ho d\u0148a cestovn\u00e9ho ruchu. \u00a0Na svoje si pr\u00eddu nad\u0161enci hist\u00f3rie, v\u00fdnimo\u010dn\u00fdch z\u00e1\u017eitkov, ale predov\u0161etk\u00fdm gurm\u00e1ni. R\u00f4zne dobov\u00e9 kuchyne z\u00a0\u010dias [&hellip;]\" \/>\n<meta property=\"og:url\" content=\"https:\/\/pmza.sk\/?p=36064\" \/>\n<meta property=\"og:site_name\" content=\"Pova\u017esk\u00e9 m\u00fazeum\" \/>\n<meta property=\"article:publisher\" content=\"https:\/\/www.facebook.com\/povazskemuzeum\" \/>\n<meta property=\"article:published_time\" content=\"2019-09-10T07:50:04+00:00\" \/>\n<meta property=\"og:image\" content=\"https:\/\/pmza.sk\/wp-content\/uploads\/2019\/09\/cestovanie_v_case_www-scaled-1.jpg\" \/>\n\t<meta property=\"og:image:width\" content=\"1811\" \/>\n\t<meta property=\"og:image:height\" content=\"2560\" \/>\n\t<meta property=\"og:image:type\" content=\"image\/jpeg\" \/>\n<meta name=\"author\" content=\"Pova\u017esk\u00e9 m\u00fazeum\" \/>\n<meta name=\"twitter:card\" content=\"summary_large_image\" \/>\n<meta name=\"twitter:label1\" content=\"Autor\" \/>\n\t<meta name=\"twitter:data1\" content=\"Pova\u017esk\u00e9 m\u00fazeum\" \/>\n\t<meta name=\"twitter:label2\" content=\"Predpokladan\u00fd \u010das \u010d\u00edtania\" \/>\n\t<meta name=\"twitter:data2\" content=\"1 min\u00fata\" \/>\n<script type=\"application\/ld+json\" class=\"yoast-schema-graph\">{\"@context\":\"https:\\\/\\\/schema.org\",\"@graph\":[{\"@type\":\"Article\",\"@id\":\"https:\\\/\\\/pmza.sk\\\/?p=36064#article\",\"isPartOf\":{\"@id\":\"https:\\\/\\\/pmza.sk\\\/?p=36064\"},\"author\":{\"name\":\"Pova\u017esk\u00e9 m\u00fazeum\",\"@id\":\"https:\\\/\\\/pmza.sk\\\/#\\\/schema\\\/person\\\/595e6a2ce731ea94dcd5d7f50a41ae33\"},\"headline\":\"Cestovanie v \u010dase\",\"datePublished\":\"2019-09-10T07:50:04+00:00\",\"mainEntityOfPage\":{\"@id\":\"https:\\\/\\\/pmza.sk\\\/?p=36064\"},\"wordCount\":266,\"publisher\":{\"@id\":\"https:\\\/\\\/pmza.sk\\\/#organization\"},\"image\":{\"@id\":\"https:\\\/\\\/pmza.sk\\\/?p=36064#primaryimage\"},\"thumbnailUrl\":\"https:\\\/\\\/pmza.sk\\\/wp-content\\\/uploads\\\/2019\\\/09\\\/cestovanie_v_case_www-scaled-1.jpg\",\"articleSection\":[\"Aktuality\"],\"inLanguage\":\"sk-SK\"},{\"@type\":\"WebPage\",\"@id\":\"https:\\\/\\\/pmza.sk\\\/?p=36064\",\"url\":\"https:\\\/\\\/pmza.sk\\\/?p=36064\",\"name\":\"Cestovanie v \u010dase - Pova\u017esk\u00e9 m\u00fazeum\",\"isPartOf\":{\"@id\":\"https:\\\/\\\/pmza.sk\\\/#website\"},\"primaryImageOfPage\":{\"@id\":\"https:\\\/\\\/pmza.sk\\\/?p=36064#primaryimage\"},\"image\":{\"@id\":\"https:\\\/\\\/pmza.sk\\\/?p=36064#primaryimage\"},\"thumbnailUrl\":\"https:\\\/\\\/pmza.sk\\\/wp-content\\\/uploads\\\/2019\\\/09\\\/cestovanie_v_case_www-scaled-1.jpg\",\"datePublished\":\"2019-09-10T07:50:04+00:00\",\"breadcrumb\":{\"@id\":\"https:\\\/\\\/pmza.sk\\\/?p=36064#breadcrumb\"},\"inLanguage\":\"sk-SK\",\"potentialAction\":[{\"@type\":\"ReadAction\",\"target\":[\"https:\\\/\\\/pmza.sk\\\/?p=36064\"]}]},{\"@type\":\"ImageObject\",\"inLanguage\":\"sk-SK\",\"@id\":\"https:\\\/\\\/pmza.sk\\\/?p=36064#primaryimage\",\"url\":\"https:\\\/\\\/pmza.sk\\\/wp-content\\\/uploads\\\/2019\\\/09\\\/cestovanie_v_case_www-scaled-1.jpg\",\"contentUrl\":\"https:\\\/\\\/pmza.sk\\\/wp-content\\\/uploads\\\/2019\\\/09\\\/cestovanie_v_case_www-scaled-1.jpg\",\"width\":1811,\"height\":2560},{\"@type\":\"BreadcrumbList\",\"@id\":\"https:\\\/\\\/pmza.sk\\\/?p=36064#breadcrumb\",\"itemListElement\":[{\"@type\":\"ListItem\",\"position\":1,\"name\":\"Domovsk\u00e1 str\u00e1nka\",\"item\":\"https:\\\/\\\/pmza.sk\\\/\"},{\"@type\":\"ListItem\",\"position\":2,\"name\":\"Cestovanie v \u010dase\"}]},{\"@type\":\"WebSite\",\"@id\":\"https:\\\/\\\/pmza.sk\\\/#website\",\"url\":\"https:\\\/\\\/pmza.sk\\\/\",\"name\":\"Pova\u017esk\u00e9 m\u00fazeum\",\"description\":\"Pova\u017esk\u00e9 m\u00fazeum v \u017diline je region\u00e1lne m\u00fazeum so s\u00eddlom v Budat\u00edne. Jeho expoz\u00edcie s\u00fa zameran\u00e9 na dejiny slovensk\u00e9ho umenia, kult\u00fary a dopravy.\",\"publisher\":{\"@id\":\"https:\\\/\\\/pmza.sk\\\/#organization\"},\"potentialAction\":[{\"@type\":\"SearchAction\",\"target\":{\"@type\":\"EntryPoint\",\"urlTemplate\":\"https:\\\/\\\/pmza.sk\\\/?s={search_term_string}\"},\"query-input\":{\"@type\":\"PropertyValueSpecification\",\"valueRequired\":true,\"valueName\":\"search_term_string\"}}],\"inLanguage\":\"sk-SK\"},{\"@type\":\"Organization\",\"@id\":\"https:\\\/\\\/pmza.sk\\\/#organization\",\"name\":\"Pova\u017esk\u00e9 m\u00fazeum\",\"url\":\"https:\\\/\\\/pmza.sk\\\/\",\"logo\":{\"@type\":\"ImageObject\",\"inLanguage\":\"sk-SK\",\"@id\":\"https:\\\/\\\/pmza.sk\\\/#\\\/schema\\\/logo\\\/image\\\/\",\"url\":\"https:\\\/\\\/pmza.sk\\\/wp-content\\\/uploads\\\/2022\\\/01\\\/logo_PM_horizontal.jpg\",\"contentUrl\":\"https:\\\/\\\/pmza.sk\\\/wp-content\\\/uploads\\\/2022\\\/01\\\/logo_PM_horizontal.jpg\",\"width\":231,\"height\":142,\"caption\":\"Pova\u017esk\u00e9 m\u00fazeum\"},\"image\":{\"@id\":\"https:\\\/\\\/pmza.sk\\\/#\\\/schema\\\/logo\\\/image\\\/\"},\"sameAs\":[\"https:\\\/\\\/www.facebook.com\\\/povazskemuzeum\",\"https:\\\/\\\/www.instagram.com\\\/povazskemuzeum\\\/\"]},{\"@type\":\"Person\",\"@id\":\"https:\\\/\\\/pmza.sk\\\/#\\\/schema\\\/person\\\/595e6a2ce731ea94dcd5d7f50a41ae33\",\"name\":\"Pova\u017esk\u00e9 m\u00fazeum\",\"image\":{\"@type\":\"ImageObject\",\"inLanguage\":\"sk-SK\",\"@id\":\"https:\\\/\\\/secure.gravatar.com\\\/avatar\\\/2bb7f1561282132fb5826dfeccc66c7996d11ee392ac6aaf7ced8a1c2027fbb2?s=96&d=mm&r=g\",\"url\":\"https:\\\/\\\/secure.gravatar.com\\\/avatar\\\/2bb7f1561282132fb5826dfeccc66c7996d11ee392ac6aaf7ced8a1c2027fbb2?s=96&d=mm&r=g\",\"contentUrl\":\"https:\\\/\\\/secure.gravatar.com\\\/avatar\\\/2bb7f1561282132fb5826dfeccc66c7996d11ee392ac6aaf7ced8a1c2027fbb2?s=96&d=mm&r=g\",\"caption\":\"Pova\u017esk\u00e9 m\u00fazeum\"}}]}<\/script>\n<!-- \/ Yoast SEO plugin. -->","yoast_head_json":{"title":"Cestovanie v \u010dase - Pova\u017esk\u00e9 m\u00fazeum","robots":{"index":"index","follow":"follow","max-snippet":"max-snippet:-1","max-image-preview":"max-image-preview:large","max-video-preview":"max-video-preview:-1"},"canonical":"https:\/\/pmza.sk\/?p=36064","og_locale":"sk_SK","og_type":"article","og_title":"Cestovanie v \u010dase - Pova\u017esk\u00e9 m\u00fazeum","og_description":"Zauj\u00edmav\u00e9 chute, l\u00e1kav\u00e9 v\u00f4ne, netradi\u010dn\u00e9 spojenia. Ako sa varilo a\u00a0jedlo v\u00a0minulosti? V\u00a0nede\u013eu 22. septembra budeme na hrade Stre\u010dno cestova\u0165 v\u00a0\u010dase. Jesenn\u00e9 podujatie, ktor\u00e9 pripravilo Pova\u017esk\u00e9 m\u00fazeum v\u00a0\u017diline sa\u00a0aj tento rok kon\u00e1 v\u00a0r\u00e1mci Dn\u00ed eur\u00f3pskeho kult\u00farneho dedi\u010dstva a\u00a0Medzin\u00e1rodn\u00e9ho d\u0148a cestovn\u00e9ho ruchu. \u00a0Na svoje si pr\u00eddu nad\u0161enci hist\u00f3rie, v\u00fdnimo\u010dn\u00fdch z\u00e1\u017eitkov, ale predov\u0161etk\u00fdm gurm\u00e1ni. R\u00f4zne dobov\u00e9 kuchyne z\u00a0\u010dias [&hellip;]","og_url":"https:\/\/pmza.sk\/?p=36064","og_site_name":"Pova\u017esk\u00e9 m\u00fazeum","article_publisher":"https:\/\/www.facebook.com\/povazskemuzeum","article_published_time":"2019-09-10T07:50:04+00:00","og_image":[{"width":1811,"height":2560,"url":"https:\/\/pmza.sk\/wp-content\/uploads\/2019\/09\/cestovanie_v_case_www-scaled-1.jpg","type":"image\/jpeg"}],"author":"Pova\u017esk\u00e9 m\u00fazeum","twitter_card":"summary_large_image","twitter_misc":{"Autor":"Pova\u017esk\u00e9 m\u00fazeum","Predpokladan\u00fd \u010das \u010d\u00edtania":"1 min\u00fata"},"schema":{"@context":"https:\/\/schema.org","@graph":[{"@type":"Article","@id":"https:\/\/pmza.sk\/?p=36064#article","isPartOf":{"@id":"https:\/\/pmza.sk\/?p=36064"},"author":{"name":"Pova\u017esk\u00e9 m\u00fazeum","@id":"https:\/\/pmza.sk\/#\/schema\/person\/595e6a2ce731ea94dcd5d7f50a41ae33"},"headline":"Cestovanie v \u010dase","datePublished":"2019-09-10T07:50:04+00:00","mainEntityOfPage":{"@id":"https:\/\/pmza.sk\/?p=36064"},"wordCount":266,"publisher":{"@id":"https:\/\/pmza.sk\/#organization"},"image":{"@id":"https:\/\/pmza.sk\/?p=36064#primaryimage"},"thumbnailUrl":"https:\/\/pmza.sk\/wp-content\/uploads\/2019\/09\/cestovanie_v_case_www-scaled-1.jpg","articleSection":["Aktuality"],"inLanguage":"sk-SK"},{"@type":"WebPage","@id":"https:\/\/pmza.sk\/?p=36064","url":"https:\/\/pmza.sk\/?p=36064","name":"Cestovanie v \u010dase - Pova\u017esk\u00e9 m\u00fazeum","isPartOf":{"@id":"https:\/\/pmza.sk\/#website"},"primaryImageOfPage":{"@id":"https:\/\/pmza.sk\/?p=36064#primaryimage"},"image":{"@id":"https:\/\/pmza.sk\/?p=36064#primaryimage"},"thumbnailUrl":"https:\/\/pmza.sk\/wp-content\/uploads\/2019\/09\/cestovanie_v_case_www-scaled-1.jpg","datePublished":"2019-09-10T07:50:04+00:00","breadcrumb":{"@id":"https:\/\/pmza.sk\/?p=36064#breadcrumb"},"inLanguage":"sk-SK","potentialAction":[{"@type":"ReadAction","target":["https:\/\/pmza.sk\/?p=36064"]}]},{"@type":"ImageObject","inLanguage":"sk-SK","@id":"https:\/\/pmza.sk\/?p=36064#primaryimage","url":"https:\/\/pmza.sk\/wp-content\/uploads\/2019\/09\/cestovanie_v_case_www-scaled-1.jpg","contentUrl":"https:\/\/pmza.sk\/wp-content\/uploads\/2019\/09\/cestovanie_v_case_www-scaled-1.jpg","width":1811,"height":2560},{"@type":"BreadcrumbList","@id":"https:\/\/pmza.sk\/?p=36064#breadcrumb","itemListElement":[{"@type":"ListItem","position":1,"name":"Domovsk\u00e1 str\u00e1nka","item":"https:\/\/pmza.sk\/"},{"@type":"ListItem","position":2,"name":"Cestovanie v \u010dase"}]},{"@type":"WebSite","@id":"https:\/\/pmza.sk\/#website","url":"https:\/\/pmza.sk\/","name":"Pova\u017esk\u00e9 m\u00fazeum","description":"Pova\u017esk\u00e9 m\u00fazeum v \u017diline je region\u00e1lne m\u00fazeum so s\u00eddlom v Budat\u00edne. Jeho expoz\u00edcie s\u00fa zameran\u00e9 na dejiny slovensk\u00e9ho umenia, kult\u00fary a dopravy.","publisher":{"@id":"https:\/\/pmza.sk\/#organization"},"potentialAction":[{"@type":"SearchAction","target":{"@type":"EntryPoint","urlTemplate":"https:\/\/pmza.sk\/?s={search_term_string}"},"query-input":{"@type":"PropertyValueSpecification","valueRequired":true,"valueName":"search_term_string"}}],"inLanguage":"sk-SK"},{"@type":"Organization","@id":"https:\/\/pmza.sk\/#organization","name":"Pova\u017esk\u00e9 m\u00fazeum","url":"https:\/\/pmza.sk\/","logo":{"@type":"ImageObject","inLanguage":"sk-SK","@id":"https:\/\/pmza.sk\/#\/schema\/logo\/image\/","url":"https:\/\/pmza.sk\/wp-content\/uploads\/2022\/01\/logo_PM_horizontal.jpg","contentUrl":"https:\/\/pmza.sk\/wp-content\/uploads\/2022\/01\/logo_PM_horizontal.jpg","width":231,"height":142,"caption":"Pova\u017esk\u00e9 m\u00fazeum"},"image":{"@id":"https:\/\/pmza.sk\/#\/schema\/logo\/image\/"},"sameAs":["https:\/\/www.facebook.com\/povazskemuzeum","https:\/\/www.instagram.com\/povazskemuzeum\/"]},{"@type":"Person","@id":"https:\/\/pmza.sk\/#\/schema\/person\/595e6a2ce731ea94dcd5d7f50a41ae33","name":"Pova\u017esk\u00e9 m\u00fazeum","image":{"@type":"ImageObject","inLanguage":"sk-SK","@id":"https:\/\/secure.gravatar.com\/avatar\/2bb7f1561282132fb5826dfeccc66c7996d11ee392ac6aaf7ced8a1c2027fbb2?s=96&d=mm&r=g","url":"https:\/\/secure.gravatar.com\/avatar\/2bb7f1561282132fb5826dfeccc66c7996d11ee392ac6aaf7ced8a1c2027fbb2?s=96&d=mm&r=g","contentUrl":"https:\/\/secure.gravatar.com\/avatar\/2bb7f1561282132fb5826dfeccc66c7996d11ee392ac6aaf7ced8a1c2027fbb2?s=96&d=mm&r=g","caption":"Pova\u017esk\u00e9 m\u00fazeum"}}]}},"_links":{"self":[{"href":"https:\/\/pmza.sk\/index.php?rest_route=\/wp\/v2\/posts\/36064","targetHints":{"allow":["GET"]}}],"collection":[{"href":"https:\/\/pmza.sk\/index.php?rest_route=\/wp\/v2\/posts"}],"about":[{"href":"https:\/\/pmza.sk\/index.php?rest_route=\/wp\/v2\/types\/post"}],"author":[{"embeddable":true,"href":"https:\/\/pmza.sk\/index.php?rest_route=\/wp\/v2\/users\/2"}],"replies":[{"embeddable":true,"href":"https:\/\/pmza.sk\/index.php?rest_route=%2Fwp%2Fv2%2Fcomments&post=36064"}],"version-history":[{"count":0,"href":"https:\/\/pmza.sk\/index.php?rest_route=\/wp\/v2\/posts\/36064\/revisions"}],"wp:featuredmedia":[{"embeddable":true,"href":"https:\/\/pmza.sk\/index.php?rest_route=\/wp\/v2\/media\/36065"}],"wp:attachment":[{"href":"https:\/\/pmza.sk\/index.php?rest_route=%2Fwp%2Fv2%2Fmedia&parent=36064"}],"wp:term":[{"taxonomy":"category","embeddable":true,"href":"https:\/\/pmza.sk\/index.php?rest_route=%2Fwp%2Fv2%2Fcategories&post=36064"},{"taxonomy":"post_tag","embeddable":true,"href":"https:\/\/pmza.sk\/index.php?rest_route=%2Fwp%2Fv2%2Ftags&post=36064"}],"curies":[{"name":"wp","href":"https:\/\/api.w.org\/{rel}","templated":true}]}}