{"id":36081,"date":"2019-09-11T14:51:08","date_gmt":"2019-09-11T12:51:08","guid":{"rendered":"https:\/\/pmza.sk\/?p=36081"},"modified":"2019-09-11T14:51:08","modified_gmt":"2019-09-11T12:51:08","slug":"vystava-drzme-spolu","status":"publish","type":"post","link":"https:\/\/pmza.sk\/?p=36081","title":{"rendered":"V\u00fdstava &#8222;Dr\u017eme spolu&#8220;"},"content":{"rendered":"<p>\u017dilina za\u017eije unik\u00e1tnu putovn\u00fa v\u00fdstavu spojen\u00fa s charitat\u00edvnou vernis\u00e1\u017eou \u201eDR\u017dME SPOLU\u201c, \u00a0ktor\u00e1 prich\u00e1dza z\u00a0\u010ciech. Cie\u013eom tejto v\u00fdstavy a vernis\u00e1\u017ee je stimul\u00e1cia z\u00e1ujmu verejnosti a\u00a0pomoc rodin\u00e1m staraj\u00facich sa o pacientov nach\u00e1dzaj\u00facich sa na hranici medzi \u017eivotom a smr\u0165ou, o\u00a0pacientov s diagn\u00f3zou \u201eVig\u00edlna k\u00f3ma\u201c a\u00a0rodin\u00e1m staraj\u00facich sa o\u00a0svoje deti so zdravotn\u00fdm postihnut\u00edm. Medzi \u010fal\u0161ie ciele patr\u00ed aj prispievanie k\u00a0integr\u00e1cii zdravotne hendikepovan\u00fdch ako aj\u00a0posilnenie vz\u00e1jomne komunitn\u00fdch vz\u0165ahov. Ide o\u00a0 verejn\u00e9 pouk\u00e1zanie a\u00a0zvidite\u013enenie problematiky nefunk\u010dnosti soci\u00e1lneho a\u00a0zdravotn\u00e9ho syst\u00e9mu na Slovensku, \u010di prepojenie pomoci \u013eu\u010fom vo ve\u013emi \u0165a\u017ekej \u017eivotnej situ\u00e1cii s\u00a0odborn\u00edkmi v\u00a0danej oblasti a politikmi. Od nich z\u00e1visia osudy \u013eud\u00ed.<\/p>\n<p>T\u00e1to diagn\u00f3za ovplyv\u0148uje nielen samotn\u00fdch pacientov, ale cel\u00e9 rodiny. Celkov\u00e1 lie\u010dba b\u00fdva mimoriadne n\u00e1ro\u010dn\u00e1. Pre niektor\u00fdch \u0165a\u017eko predstavite\u013en\u00e1. \u017dia\u013e, z mnoh\u00fdch d\u00f4vodov sa t\u00edto pacienti so svojimi rodinami dost\u00e1vaj\u00fa na okraj z\u00e1ujmu a mnohokr\u00e1t aj na okraj spolo\u010dnosti. Preto vznikla iniciat\u00edva, ktor\u00e1 poukazuje na to, \u017ee t\u00fdmto \u013eu\u010fom je potrebn\u00e9 pom\u00f4c\u0165. Cie\u013eom v\u00fdstavy je aj pouk\u00e1zanie na zle funguj\u00faci soci\u00e1lny a zdravotn\u00fd syst\u00e9m a pripomenutie v\u0161etk\u00fdm politikom, \u017ee osudy \u013eud\u00ed s\u00fa\u00a0 pr\u00e1ve v ich ruk\u00e1ch.<\/p>\n<p>Vystavovan\u00e9 fotografie vytv\u00e1rali soci\u00e1lni dokumentaristi, v \u010ceskej republike profesor Jind\u0159ich \u0160treit a na Slovensku fotograf Peter Lan\u010dari\u010d. Autori t\u00fdmito fotografiami pon\u00fakaj\u00fa poh\u013ead na realitu, ktor\u00e1 je hlb\u0161ia a z\u00e1va\u017enej\u0161ia. Nefotografuj\u00fa skuto\u010dnos\u0165 zvonka, ale zvn\u00fatra. Vystaven\u00e9 fotografie zachyt\u00e1vaj\u00fa vn\u00fatorn\u00fa silu a ve\u010dn\u00fa n\u00e1dej \u010dloveka.<\/p>\n<p>Ofici\u00e1lne a \u00faspe\u0161n\u00e9 zah\u00e1jenie putovnej charitat\u00edvnej vernis\u00e1\u017ee \u201eDR\u017dME SPOLU\u201c po Slovensku sa uskuto\u010dnilo d\u0148a 17. 5. 2018 na Bratislavskom hrade za \u00fa\u010dasti v\u00fdznamn\u00fdch osobnost\u00ed z lek\u00e1rskeho, vedeck\u00e9ho, umeleck\u00e9ho, ale aj politick\u00e9ho prostredia zo Slovenska a\u00a0zahrani\u010dia. N\u00e1sledne pokra\u010dovala v\u00fdstava svoju p\u00fa\u0165 do Trnavy za podpory Trnavsk\u00e9ho samospr\u00e1vneho kraja a mesta Trnava, do Serede za podpory mesta Sere\u010f.<\/p>\n<p>Ka\u017ed\u00e1 jedna vernis\u00e1\u017e s v\u00fdstavou zo\u017eala ve\u013ek\u00fd \u00faspech, z\u00edskala ve\u013ek\u00fa podporu ob\u010danov a priniesla\u00a0 naplnenie cie\u013eov tohto v\u00fdznamn\u00e9ho podujatia<\/p>\n<p>Ako u\u017e bolo spomenut\u00e9, okrem pouk\u00e1zania na problematiku pacientov s\u00a0diagn\u00f3zou \u201eVig\u00edlna k\u00f3ma\u201c, \u00a0ide aj o charitat\u00edvnu akciu, preto umelec A\u0160OT HAAS venoval jedno zo svojich umeleck\u00fdch diel do dra\u017eby, z\u00a0ktorej bude vydra\u017een\u00e1 suma venovan\u00e1 na podporu pacientov v bdelej k\u00f3me.<\/p>\n<p>Charitat\u00edvna vernis\u00e1\u017e \u201eDR\u017dME SPOLU\u201c sa uskuto\u010dn\u00ed 20. 09 .2019 o\u00a017.00 hod. v\u00a0kaplnke Budat\u00ednskeho hradu. V\u00fdstava bude pre verejnos\u0165 pr\u00edstupn\u00e1 ka\u017ed\u00fd de\u0148 okrem pondelka do 20. 10. 2019 v\u00a0\u010dase od 9.00 do 17.00 hod. Organiz\u00e1torom vernis\u00e1\u017ee je\u00a0OZ In\u00e1 \u017dilina za podpory OZ Pomocn\u00e1 ruka n\u00e1deje, \u017dilinsk\u00e9ho samospr\u00e1vneho kraja a\u00a0Pova\u017esk\u00e9ho m\u00fazea \u017dilina.<\/p>\n<p>V\u00fd\u0165a\u017eok z\u00a0v\u00fdstavy bude verejne prerozdelen\u00fd pacientom v\u00a0bdelej k\u00f3me na Slovensku.<\/p>\n<p>Uk\u00e1\u017eme spolo\u010dne, \u017ee n\u00e1m t\u00edto pacienti a ich rodiny v \u0165a\u017ekej \u017eivotnej situ\u00e1cii nie s\u00fa \u013eahostajn\u00ed.<\/p>\n<p>&nbsp;<\/p>\n<p>&nbsp;<\/p>\n<p>&nbsp;<\/p>\n","protected":false},"excerpt":{"rendered":"<p>\u017dilina za\u017eije unik\u00e1tnu putovn\u00fa v\u00fdstavu spojen\u00fa s charitat\u00edvnou vernis\u00e1\u017eou \u201eDR\u017dME SPOLU\u201c, \u00a0ktor\u00e1 prich\u00e1dza z\u00a0\u010ciech. Cie\u013eom tejto v\u00fdstavy a vernis\u00e1\u017ee je stimul\u00e1cia z\u00e1ujmu verejnosti a\u00a0pomoc rodin\u00e1m staraj\u00facich sa o pacientov nach\u00e1dzaj\u00facich sa na hranici medzi \u017eivotom a smr\u0165ou, o\u00a0pacientov s diagn\u00f3zou \u201eVig\u00edlna k\u00f3ma\u201c a\u00a0rodin\u00e1m staraj\u00facich sa o\u00a0svoje deti so zdravotn\u00fdm postihnut\u00edm. Medzi \u010fal\u0161ie ciele patr\u00ed aj [&hellip;]<\/p>\n","protected":false},"author":2,"featured_media":36082,"comment_status":"closed","ping_status":"closed","sticky":false,"template":"","format":"standard","meta":{"site-sidebar-layout":"default","site-content-layout":"","ast-site-content-layout":"","site-content-style":"default","site-sidebar-style":"default","ast-global-header-display":"","ast-banner-title-visibility":"","ast-main-header-display":"","ast-hfb-above-header-display":"","ast-hfb-below-header-display":"","ast-hfb-mobile-header-display":"","site-post-title":"","ast-breadcrumbs-content":"","ast-featured-img":"","footer-sml-layout":"","theme-transparent-header-meta":"","adv-header-id-meta":"","stick-header-meta":"","header-above-stick-meta":"","header-main-stick-meta":"","header-below-stick-meta":"","astra-migrate-meta-layouts":"default","ast-page-background-enabled":"default","ast-page-background-meta":{"desktop":{"background-color":"var(--ast-global-color-4)","background-image":"","background-repeat":"repeat","background-position":"center center","background-size":"auto","background-attachment":"scroll","background-type":"","background-media":"","overlay-type":"","overlay-color":"","overlay-opacity":"","overlay-gradient":""},"tablet":{"background-color":"","background-image":"","background-repeat":"repeat","background-position":"center center","background-size":"auto","background-attachment":"scroll","background-type":"","background-media":"","overlay-type":"","overlay-color":"","overlay-opacity":"","overlay-gradient":""},"mobile":{"background-color":"","background-image":"","background-repeat":"repeat","background-position":"center center","background-size":"auto","background-attachment":"scroll","background-type":"","background-media":"","overlay-type":"","overlay-color":"","overlay-opacity":"","overlay-gradient":""}},"ast-content-background-meta":{"desktop":{"background-color":"var(--ast-global-color-5)","background-image":"","background-repeat":"repeat","background-position":"center center","background-size":"auto","background-attachment":"scroll","background-type":"","background-media":"","overlay-type":"","overlay-color":"","overlay-opacity":"","overlay-gradient":""},"tablet":{"background-color":"var(--ast-global-color-5)","background-image":"","background-repeat":"repeat","background-position":"center center","background-size":"auto","background-attachment":"scroll","background-type":"","background-media":"","overlay-type":"","overlay-color":"","overlay-opacity":"","overlay-gradient":""},"mobile":{"background-color":"var(--ast-global-color-5)","background-image":"","background-repeat":"repeat","background-position":"center center","background-size":"auto","background-attachment":"scroll","background-type":"","background-media":"","overlay-type":"","overlay-color":"","overlay-opacity":"","overlay-gradient":""}},"footnotes":""},"categories":[31],"tags":[],"class_list":["post-36081","post","type-post","status-publish","format-standard","has-post-thumbnail","hentry","category-aktuality"],"yoast_head":"<!-- This site is optimized with the Yoast SEO plugin v27.4 - https:\/\/yoast.com\/product\/yoast-seo-wordpress\/ -->\n<title>V\u00fdstava &quot;Dr\u017eme spolu&quot; - Pova\u017esk\u00e9 m\u00fazeum<\/title>\n<meta name=\"robots\" content=\"index, follow, max-snippet:-1, max-image-preview:large, max-video-preview:-1\" \/>\n<link rel=\"canonical\" href=\"https:\/\/pmza.sk\/?p=36081\" \/>\n<meta property=\"og:locale\" content=\"sk_SK\" \/>\n<meta property=\"og:type\" content=\"article\" \/>\n<meta property=\"og:title\" content=\"V\u00fdstava &quot;Dr\u017eme spolu&quot; - Pova\u017esk\u00e9 m\u00fazeum\" \/>\n<meta property=\"og:description\" content=\"\u017dilina za\u017eije unik\u00e1tnu putovn\u00fa v\u00fdstavu spojen\u00fa s charitat\u00edvnou vernis\u00e1\u017eou \u201eDR\u017dME SPOLU\u201c, \u00a0ktor\u00e1 prich\u00e1dza z\u00a0\u010ciech. Cie\u013eom tejto v\u00fdstavy a vernis\u00e1\u017ee je stimul\u00e1cia z\u00e1ujmu verejnosti a\u00a0pomoc rodin\u00e1m staraj\u00facich sa o pacientov nach\u00e1dzaj\u00facich sa na hranici medzi \u017eivotom a smr\u0165ou, o\u00a0pacientov s diagn\u00f3zou \u201eVig\u00edlna k\u00f3ma\u201c a\u00a0rodin\u00e1m staraj\u00facich sa o\u00a0svoje deti so zdravotn\u00fdm postihnut\u00edm. Medzi \u010fal\u0161ie ciele patr\u00ed aj [&hellip;]\" \/>\n<meta property=\"og:url\" content=\"https:\/\/pmza.sk\/?p=36081\" \/>\n<meta property=\"og:site_name\" content=\"Pova\u017esk\u00e9 m\u00fazeum\" \/>\n<meta property=\"article:publisher\" content=\"https:\/\/www.facebook.com\/povazskemuzeum\" \/>\n<meta property=\"article:published_time\" content=\"2019-09-11T12:51:08+00:00\" \/>\n<meta property=\"og:image\" content=\"https:\/\/pmza.sk\/wp-content\/uploads\/2019\/09\/drzme_spolu-scaled-1.jpg\" \/>\n\t<meta property=\"og:image:width\" content=\"1814\" \/>\n\t<meta property=\"og:image:height\" content=\"2560\" \/>\n\t<meta property=\"og:image:type\" content=\"image\/jpeg\" \/>\n<meta name=\"author\" content=\"Pova\u017esk\u00e9 m\u00fazeum\" \/>\n<meta name=\"twitter:card\" content=\"summary_large_image\" \/>\n<meta name=\"twitter:label1\" content=\"Autor\" \/>\n\t<meta name=\"twitter:data1\" content=\"Pova\u017esk\u00e9 m\u00fazeum\" \/>\n\t<meta name=\"twitter:label2\" content=\"Predpokladan\u00fd \u010das \u010d\u00edtania\" \/>\n\t<meta name=\"twitter:data2\" content=\"3 min\u00faty\" \/>\n<script type=\"application\/ld+json\" class=\"yoast-schema-graph\">{\"@context\":\"https:\\\/\\\/schema.org\",\"@graph\":[{\"@type\":\"Article\",\"@id\":\"https:\\\/\\\/pmza.sk\\\/?p=36081#article\",\"isPartOf\":{\"@id\":\"https:\\\/\\\/pmza.sk\\\/?p=36081\"},\"author\":{\"name\":\"Pova\u017esk\u00e9 m\u00fazeum\",\"@id\":\"https:\\\/\\\/pmza.sk\\\/#\\\/schema\\\/person\\\/595e6a2ce731ea94dcd5d7f50a41ae33\"},\"headline\":\"V\u00fdstava &#8222;Dr\u017eme spolu&#8220;\",\"datePublished\":\"2019-09-11T12:51:08+00:00\",\"mainEntityOfPage\":{\"@id\":\"https:\\\/\\\/pmza.sk\\\/?p=36081\"},\"wordCount\":577,\"publisher\":{\"@id\":\"https:\\\/\\\/pmza.sk\\\/#organization\"},\"image\":{\"@id\":\"https:\\\/\\\/pmza.sk\\\/?p=36081#primaryimage\"},\"thumbnailUrl\":\"https:\\\/\\\/pmza.sk\\\/wp-content\\\/uploads\\\/2019\\\/09\\\/drzme_spolu-scaled-1.jpg\",\"articleSection\":[\"Aktuality\"],\"inLanguage\":\"sk-SK\"},{\"@type\":\"WebPage\",\"@id\":\"https:\\\/\\\/pmza.sk\\\/?p=36081\",\"url\":\"https:\\\/\\\/pmza.sk\\\/?p=36081\",\"name\":\"V\u00fdstava \\\"Dr\u017eme spolu\\\" - Pova\u017esk\u00e9 m\u00fazeum\",\"isPartOf\":{\"@id\":\"https:\\\/\\\/pmza.sk\\\/#website\"},\"primaryImageOfPage\":{\"@id\":\"https:\\\/\\\/pmza.sk\\\/?p=36081#primaryimage\"},\"image\":{\"@id\":\"https:\\\/\\\/pmza.sk\\\/?p=36081#primaryimage\"},\"thumbnailUrl\":\"https:\\\/\\\/pmza.sk\\\/wp-content\\\/uploads\\\/2019\\\/09\\\/drzme_spolu-scaled-1.jpg\",\"datePublished\":\"2019-09-11T12:51:08+00:00\",\"breadcrumb\":{\"@id\":\"https:\\\/\\\/pmza.sk\\\/?p=36081#breadcrumb\"},\"inLanguage\":\"sk-SK\",\"potentialAction\":[{\"@type\":\"ReadAction\",\"target\":[\"https:\\\/\\\/pmza.sk\\\/?p=36081\"]}]},{\"@type\":\"ImageObject\",\"inLanguage\":\"sk-SK\",\"@id\":\"https:\\\/\\\/pmza.sk\\\/?p=36081#primaryimage\",\"url\":\"https:\\\/\\\/pmza.sk\\\/wp-content\\\/uploads\\\/2019\\\/09\\\/drzme_spolu-scaled-1.jpg\",\"contentUrl\":\"https:\\\/\\\/pmza.sk\\\/wp-content\\\/uploads\\\/2019\\\/09\\\/drzme_spolu-scaled-1.jpg\",\"width\":1814,\"height\":2560},{\"@type\":\"BreadcrumbList\",\"@id\":\"https:\\\/\\\/pmza.sk\\\/?p=36081#breadcrumb\",\"itemListElement\":[{\"@type\":\"ListItem\",\"position\":1,\"name\":\"Domovsk\u00e1 str\u00e1nka\",\"item\":\"https:\\\/\\\/pmza.sk\\\/\"},{\"@type\":\"ListItem\",\"position\":2,\"name\":\"V\u00fdstava &#8222;Dr\u017eme spolu&#8220;\"}]},{\"@type\":\"WebSite\",\"@id\":\"https:\\\/\\\/pmza.sk\\\/#website\",\"url\":\"https:\\\/\\\/pmza.sk\\\/\",\"name\":\"Pova\u017esk\u00e9 m\u00fazeum\",\"description\":\"Pova\u017esk\u00e9 m\u00fazeum v \u017diline je region\u00e1lne m\u00fazeum so s\u00eddlom v Budat\u00edne. Jeho expoz\u00edcie s\u00fa zameran\u00e9 na dejiny slovensk\u00e9ho umenia, kult\u00fary a dopravy.\",\"publisher\":{\"@id\":\"https:\\\/\\\/pmza.sk\\\/#organization\"},\"potentialAction\":[{\"@type\":\"SearchAction\",\"target\":{\"@type\":\"EntryPoint\",\"urlTemplate\":\"https:\\\/\\\/pmza.sk\\\/?s={search_term_string}\"},\"query-input\":{\"@type\":\"PropertyValueSpecification\",\"valueRequired\":true,\"valueName\":\"search_term_string\"}}],\"inLanguage\":\"sk-SK\"},{\"@type\":\"Organization\",\"@id\":\"https:\\\/\\\/pmza.sk\\\/#organization\",\"name\":\"Pova\u017esk\u00e9 m\u00fazeum\",\"url\":\"https:\\\/\\\/pmza.sk\\\/\",\"logo\":{\"@type\":\"ImageObject\",\"inLanguage\":\"sk-SK\",\"@id\":\"https:\\\/\\\/pmza.sk\\\/#\\\/schema\\\/logo\\\/image\\\/\",\"url\":\"https:\\\/\\\/pmza.sk\\\/wp-content\\\/uploads\\\/2022\\\/01\\\/logo_PM_horizontal.jpg\",\"contentUrl\":\"https:\\\/\\\/pmza.sk\\\/wp-content\\\/uploads\\\/2022\\\/01\\\/logo_PM_horizontal.jpg\",\"width\":231,\"height\":142,\"caption\":\"Pova\u017esk\u00e9 m\u00fazeum\"},\"image\":{\"@id\":\"https:\\\/\\\/pmza.sk\\\/#\\\/schema\\\/logo\\\/image\\\/\"},\"sameAs\":[\"https:\\\/\\\/www.facebook.com\\\/povazskemuzeum\",\"https:\\\/\\\/www.instagram.com\\\/povazskemuzeum\\\/\"]},{\"@type\":\"Person\",\"@id\":\"https:\\\/\\\/pmza.sk\\\/#\\\/schema\\\/person\\\/595e6a2ce731ea94dcd5d7f50a41ae33\",\"name\":\"Pova\u017esk\u00e9 m\u00fazeum\",\"image\":{\"@type\":\"ImageObject\",\"inLanguage\":\"sk-SK\",\"@id\":\"https:\\\/\\\/secure.gravatar.com\\\/avatar\\\/2bb7f1561282132fb5826dfeccc66c7996d11ee392ac6aaf7ced8a1c2027fbb2?s=96&d=mm&r=g\",\"url\":\"https:\\\/\\\/secure.gravatar.com\\\/avatar\\\/2bb7f1561282132fb5826dfeccc66c7996d11ee392ac6aaf7ced8a1c2027fbb2?s=96&d=mm&r=g\",\"contentUrl\":\"https:\\\/\\\/secure.gravatar.com\\\/avatar\\\/2bb7f1561282132fb5826dfeccc66c7996d11ee392ac6aaf7ced8a1c2027fbb2?s=96&d=mm&r=g\",\"caption\":\"Pova\u017esk\u00e9 m\u00fazeum\"}}]}<\/script>\n<!-- \/ Yoast SEO plugin. -->","yoast_head_json":{"title":"V\u00fdstava \"Dr\u017eme spolu\" - Pova\u017esk\u00e9 m\u00fazeum","robots":{"index":"index","follow":"follow","max-snippet":"max-snippet:-1","max-image-preview":"max-image-preview:large","max-video-preview":"max-video-preview:-1"},"canonical":"https:\/\/pmza.sk\/?p=36081","og_locale":"sk_SK","og_type":"article","og_title":"V\u00fdstava \"Dr\u017eme spolu\" - Pova\u017esk\u00e9 m\u00fazeum","og_description":"\u017dilina za\u017eije unik\u00e1tnu putovn\u00fa v\u00fdstavu spojen\u00fa s charitat\u00edvnou vernis\u00e1\u017eou \u201eDR\u017dME SPOLU\u201c, \u00a0ktor\u00e1 prich\u00e1dza z\u00a0\u010ciech. Cie\u013eom tejto v\u00fdstavy a vernis\u00e1\u017ee je stimul\u00e1cia z\u00e1ujmu verejnosti a\u00a0pomoc rodin\u00e1m staraj\u00facich sa o pacientov nach\u00e1dzaj\u00facich sa na hranici medzi \u017eivotom a smr\u0165ou, o\u00a0pacientov s diagn\u00f3zou \u201eVig\u00edlna k\u00f3ma\u201c a\u00a0rodin\u00e1m staraj\u00facich sa o\u00a0svoje deti so zdravotn\u00fdm postihnut\u00edm. Medzi \u010fal\u0161ie ciele patr\u00ed aj [&hellip;]","og_url":"https:\/\/pmza.sk\/?p=36081","og_site_name":"Pova\u017esk\u00e9 m\u00fazeum","article_publisher":"https:\/\/www.facebook.com\/povazskemuzeum","article_published_time":"2019-09-11T12:51:08+00:00","og_image":[{"width":1814,"height":2560,"url":"https:\/\/pmza.sk\/wp-content\/uploads\/2019\/09\/drzme_spolu-scaled-1.jpg","type":"image\/jpeg"}],"author":"Pova\u017esk\u00e9 m\u00fazeum","twitter_card":"summary_large_image","twitter_misc":{"Autor":"Pova\u017esk\u00e9 m\u00fazeum","Predpokladan\u00fd \u010das \u010d\u00edtania":"3 min\u00faty"},"schema":{"@context":"https:\/\/schema.org","@graph":[{"@type":"Article","@id":"https:\/\/pmza.sk\/?p=36081#article","isPartOf":{"@id":"https:\/\/pmza.sk\/?p=36081"},"author":{"name":"Pova\u017esk\u00e9 m\u00fazeum","@id":"https:\/\/pmza.sk\/#\/schema\/person\/595e6a2ce731ea94dcd5d7f50a41ae33"},"headline":"V\u00fdstava &#8222;Dr\u017eme spolu&#8220;","datePublished":"2019-09-11T12:51:08+00:00","mainEntityOfPage":{"@id":"https:\/\/pmza.sk\/?p=36081"},"wordCount":577,"publisher":{"@id":"https:\/\/pmza.sk\/#organization"},"image":{"@id":"https:\/\/pmza.sk\/?p=36081#primaryimage"},"thumbnailUrl":"https:\/\/pmza.sk\/wp-content\/uploads\/2019\/09\/drzme_spolu-scaled-1.jpg","articleSection":["Aktuality"],"inLanguage":"sk-SK"},{"@type":"WebPage","@id":"https:\/\/pmza.sk\/?p=36081","url":"https:\/\/pmza.sk\/?p=36081","name":"V\u00fdstava \"Dr\u017eme spolu\" - Pova\u017esk\u00e9 m\u00fazeum","isPartOf":{"@id":"https:\/\/pmza.sk\/#website"},"primaryImageOfPage":{"@id":"https:\/\/pmza.sk\/?p=36081#primaryimage"},"image":{"@id":"https:\/\/pmza.sk\/?p=36081#primaryimage"},"thumbnailUrl":"https:\/\/pmza.sk\/wp-content\/uploads\/2019\/09\/drzme_spolu-scaled-1.jpg","datePublished":"2019-09-11T12:51:08+00:00","breadcrumb":{"@id":"https:\/\/pmza.sk\/?p=36081#breadcrumb"},"inLanguage":"sk-SK","potentialAction":[{"@type":"ReadAction","target":["https:\/\/pmza.sk\/?p=36081"]}]},{"@type":"ImageObject","inLanguage":"sk-SK","@id":"https:\/\/pmza.sk\/?p=36081#primaryimage","url":"https:\/\/pmza.sk\/wp-content\/uploads\/2019\/09\/drzme_spolu-scaled-1.jpg","contentUrl":"https:\/\/pmza.sk\/wp-content\/uploads\/2019\/09\/drzme_spolu-scaled-1.jpg","width":1814,"height":2560},{"@type":"BreadcrumbList","@id":"https:\/\/pmza.sk\/?p=36081#breadcrumb","itemListElement":[{"@type":"ListItem","position":1,"name":"Domovsk\u00e1 str\u00e1nka","item":"https:\/\/pmza.sk\/"},{"@type":"ListItem","position":2,"name":"V\u00fdstava &#8222;Dr\u017eme spolu&#8220;"}]},{"@type":"WebSite","@id":"https:\/\/pmza.sk\/#website","url":"https:\/\/pmza.sk\/","name":"Pova\u017esk\u00e9 m\u00fazeum","description":"Pova\u017esk\u00e9 m\u00fazeum v \u017diline je region\u00e1lne m\u00fazeum so s\u00eddlom v Budat\u00edne. Jeho expoz\u00edcie s\u00fa zameran\u00e9 na dejiny slovensk\u00e9ho umenia, kult\u00fary a dopravy.","publisher":{"@id":"https:\/\/pmza.sk\/#organization"},"potentialAction":[{"@type":"SearchAction","target":{"@type":"EntryPoint","urlTemplate":"https:\/\/pmza.sk\/?s={search_term_string}"},"query-input":{"@type":"PropertyValueSpecification","valueRequired":true,"valueName":"search_term_string"}}],"inLanguage":"sk-SK"},{"@type":"Organization","@id":"https:\/\/pmza.sk\/#organization","name":"Pova\u017esk\u00e9 m\u00fazeum","url":"https:\/\/pmza.sk\/","logo":{"@type":"ImageObject","inLanguage":"sk-SK","@id":"https:\/\/pmza.sk\/#\/schema\/logo\/image\/","url":"https:\/\/pmza.sk\/wp-content\/uploads\/2022\/01\/logo_PM_horizontal.jpg","contentUrl":"https:\/\/pmza.sk\/wp-content\/uploads\/2022\/01\/logo_PM_horizontal.jpg","width":231,"height":142,"caption":"Pova\u017esk\u00e9 m\u00fazeum"},"image":{"@id":"https:\/\/pmza.sk\/#\/schema\/logo\/image\/"},"sameAs":["https:\/\/www.facebook.com\/povazskemuzeum","https:\/\/www.instagram.com\/povazskemuzeum\/"]},{"@type":"Person","@id":"https:\/\/pmza.sk\/#\/schema\/person\/595e6a2ce731ea94dcd5d7f50a41ae33","name":"Pova\u017esk\u00e9 m\u00fazeum","image":{"@type":"ImageObject","inLanguage":"sk-SK","@id":"https:\/\/secure.gravatar.com\/avatar\/2bb7f1561282132fb5826dfeccc66c7996d11ee392ac6aaf7ced8a1c2027fbb2?s=96&d=mm&r=g","url":"https:\/\/secure.gravatar.com\/avatar\/2bb7f1561282132fb5826dfeccc66c7996d11ee392ac6aaf7ced8a1c2027fbb2?s=96&d=mm&r=g","contentUrl":"https:\/\/secure.gravatar.com\/avatar\/2bb7f1561282132fb5826dfeccc66c7996d11ee392ac6aaf7ced8a1c2027fbb2?s=96&d=mm&r=g","caption":"Pova\u017esk\u00e9 m\u00fazeum"}}]}},"_links":{"self":[{"href":"https:\/\/pmza.sk\/index.php?rest_route=\/wp\/v2\/posts\/36081","targetHints":{"allow":["GET"]}}],"collection":[{"href":"https:\/\/pmza.sk\/index.php?rest_route=\/wp\/v2\/posts"}],"about":[{"href":"https:\/\/pmza.sk\/index.php?rest_route=\/wp\/v2\/types\/post"}],"author":[{"embeddable":true,"href":"https:\/\/pmza.sk\/index.php?rest_route=\/wp\/v2\/users\/2"}],"replies":[{"embeddable":true,"href":"https:\/\/pmza.sk\/index.php?rest_route=%2Fwp%2Fv2%2Fcomments&post=36081"}],"version-history":[{"count":0,"href":"https:\/\/pmza.sk\/index.php?rest_route=\/wp\/v2\/posts\/36081\/revisions"}],"wp:featuredmedia":[{"embeddable":true,"href":"https:\/\/pmza.sk\/index.php?rest_route=\/wp\/v2\/media\/36082"}],"wp:attachment":[{"href":"https:\/\/pmza.sk\/index.php?rest_route=%2Fwp%2Fv2%2Fmedia&parent=36081"}],"wp:term":[{"taxonomy":"category","embeddable":true,"href":"https:\/\/pmza.sk\/index.php?rest_route=%2Fwp%2Fv2%2Fcategories&post=36081"},{"taxonomy":"post_tag","embeddable":true,"href":"https:\/\/pmza.sk\/index.php?rest_route=%2Fwp%2Fv2%2Ftags&post=36081"}],"curies":[{"name":"wp","href":"https:\/\/api.w.org\/{rel}","templated":true}]}}