{"id":3611,"date":"2011-08-01T09:11:01","date_gmt":"2011-08-01T07:11:01","guid":{"rendered":"https:\/\/pmza.sk.sk\/?p=3611"},"modified":"2011-08-01T09:11:01","modified_gmt":"2011-08-01T07:11:01","slug":"blizia-sa-hradne-hry-zofie-bosniakovej","status":"publish","type":"post","link":"https:\/\/pmza.sk\/?p=3611","title":{"rendered":"Bl\u00ed\u017eia sa Hradn\u00e9 hry \u017dofie Bosniakovej"},"content":{"rendered":"<p><a href=\"https:\/\/pmza.sk\/wp-content\/uploads\/2011\/08\/kuchyna-s-ludmi.jpg\"><img fetchpriority=\"high\" decoding=\"async\" class=\"alignleft size-medium wp-image-3612\" style=\"margin: 4px; border: 2px solid black;\" title=\"kuchyna s ludmi\" src=\"https:\/\/pmza.sk.sk\/wp-content\/uploads\/2011\/08\/kuchyna-s-ludmi-300x225.jpg\" alt=\"\" width=\"300\" height=\"225\" \/><\/a>Najprest\u00ed\u017enej\u0161ie a najnav\u0161tevovanej\u0161ie podujatie letnej sez\u00f3ny na hrade Stre\u010dno \u2013 <strong>Hradn\u00e9 hry \u017dofie Bosniakovej<\/strong>, ktor\u00e9 sa u\u017e viac ako desa\u0165 rokov sna\u017e\u00ed pribl\u00ed\u017ei\u0165 \u00a0atmosf\u00e9ru stredovek\u00fdch panstiev, ale najm\u00e4 v\u00fdznamn\u00fa osobnos\u0165, ktor\u00e1 na hrade kedy \u017eila, bude aj tentokr\u00e1t op\u00e4\u0165 zauj\u00edmav\u00e9 svojim pestr\u00fdm programom. Hlavnou t\u00e9mou Hradn\u00fdch hier \u017dofie Bosniakovej 2011 je hygiena na hrade a\u00a0v\u00a0podhrad\u00ed. \u201e <em>D\u00f4le\u017eitos\u0165 hygieny si \u013eudia v stredoveku za\u010dali uvedomova\u0165 najm\u00e4 kv\u00f4li morov\u00fdch epid\u00e9mi\u00e1m, ktor\u00e9 boli nebezpe\u010dne roz\u0161\u00edren\u00e9. O\u00a0hygienu sa vtedy dbalo viac ako si vieme predstavi\u0165, a vyu\u017e\u00edvali sa v\u0161etky dostupn\u00e9 prostriedky<\/em>, \u201c povedala Katar\u00edna Rep\u00e1\u0148ov\u00e1, spr\u00e1vky\u0148a hradu Stre\u010dno. Praktick\u00fa uk\u00e1\u017eku stredovekej o\u010disty tela \u0161\u013eachticov a\u00a0taktie\u017e bitky o\u00a0latr\u00edny bud\u00fa m\u00f4c\u0165 n\u00e1v\u0161tevn\u00edci vidie\u0165 v\u00a0podan\u00ed \u017eilinsk\u00e9ho Cechu Terra de Selinan.<!--more--><\/p>\n<p>O\u00a0tom, \u017ee n\u00e1le\u017eit\u00fa pozornos\u0165 stredovek\u00ed \u013eudia venovali aj dent\u00e1lnej hygiene, bude rozpr\u00e1va\u0165 divadeln\u00e1 \u010das\u0165 letn\u00e9ho podujatia na hrade. \u201e <em>Starostlivos\u0165 o chrup bola takisto ve\u013emi d\u00f4le\u017eit\u00e1, najm\u00e4 preto, \u017ee ak\u00e1ko\u013evek men\u0161ia boles\u0165 zubu sa rie\u0161ila jeho okam\u017eit\u00fdm vytrhnut\u00edm. Neexistovali tabletky proti bolesti, ani \u017eiadne lie\u010denie zubov. Preto ak sa stredovek\u00fd \u010dlovek chcel vyhn\u00fa\u0165 nepr\u00edjemn\u00e9mu trhaniu zubov, staral sa riadne o svoj chrup a \u010distil ho handri\u010dkou, pr\u00edpadne zmesou vo\u0148av\u00fdch byliniek<\/em>,\u201c dodala Katar\u00edna Rep\u00e1\u0148ov\u00e1.<\/p>\n<p>Vyvrcholen\u00edm a\u00a0prekvapen\u00edm d\u0148a bude nov\u00fd projekt Skupiny historick\u00e9ho \u0161ermu Wagus z\u00a0Tren\u010d\u00edna venovan\u00fd nad\u010dasov\u00e9mu odkazu patr\u00f3nky hradu Stre\u010dno \u2013 \u017dofii Bosniakovej. \u010eal\u0161ie sprievodn\u00e9 podujatia ako lukostre\u013eba, uk\u00e1\u017eky stre\u013eby z\u00a0\u013eahk\u00e9ho dela, stredovek\u00e1 kuchy\u0148a a\u00a0 stredovek\u00e9 hry s\u013eubuj\u00fa n\u00e1v\u0161tevn\u00edkom hradu predov\u0161etk\u00fdm ve\u013ea z\u00e1\u017eitkov a\u00a0z\u00e1bavy pre deti aj dospel\u00fdch.<\/p>\n<p>Organiz\u00e1torom <strong>Hradn\u00fdch hier \u017dofie Bosniakovej v\u00a0nede\u013eu 7. augusta 2011<\/strong> od 9,00h do 18,00h je \u017dilinsk\u00fd samospr\u00e1vny kraj a\u00a0Pova\u017esk\u00e9 m\u00fazeum v\u00a0\u017diline.<\/p>\n","protected":false},"excerpt":{"rendered":"<p>Najprest\u00ed\u017enej\u0161ie a najnav\u0161tevovanej\u0161ie podujatie letnej sez\u00f3ny na hrade Stre\u010dno \u2013 Hradn\u00e9 hry \u017dofie Bosniakovej, ktor\u00e9 sa u\u017e viac ako desa\u0165 rokov sna\u017e\u00ed pribl\u00ed\u017ei\u0165 \u00a0atmosf\u00e9ru stredovek\u00fdch panstiev, ale najm\u00e4 v\u00fdznamn\u00fa osobnos\u0165, ktor\u00e1 na hrade kedy \u017eila, bude aj tentokr\u00e1t op\u00e4\u0165 zauj\u00edmav\u00e9 svojim pestr\u00fdm programom. Hlavnou t\u00e9mou Hradn\u00fdch hier \u017dofie Bosniakovej 2011 je hygiena na hrade a\u00a0v\u00a0podhrad\u00ed. [&hellip;]<\/p>\n","protected":false},"author":1,"featured_media":0,"comment_status":"closed","ping_status":"closed","sticky":false,"template":"","format":"standard","meta":{"site-sidebar-layout":"default","site-content-layout":"","ast-site-content-layout":"","site-content-style":"default","site-sidebar-style":"default","ast-global-header-display":"","ast-banner-title-visibility":"","ast-main-header-display":"","ast-hfb-above-header-display":"","ast-hfb-below-header-display":"","ast-hfb-mobile-header-display":"","site-post-title":"","ast-breadcrumbs-content":"","ast-featured-img":"","footer-sml-layout":"","theme-transparent-header-meta":"","adv-header-id-meta":"","stick-header-meta":"","header-above-stick-meta":"","header-main-stick-meta":"","header-below-stick-meta":"","astra-migrate-meta-layouts":"default","ast-page-background-enabled":"default","ast-page-background-meta":{"desktop":{"background-color":"var(--ast-global-color-4)","background-image":"","background-repeat":"repeat","background-position":"center center","background-size":"auto","background-attachment":"scroll","background-type":"","background-media":"","overlay-type":"","overlay-color":"","overlay-opacity":"","overlay-gradient":""},"tablet":{"background-color":"","background-image":"","background-repeat":"repeat","background-position":"center center","background-size":"auto","background-attachment":"scroll","background-type":"","background-media":"","overlay-type":"","overlay-color":"","overlay-opacity":"","overlay-gradient":""},"mobile":{"background-color":"","background-image":"","background-repeat":"repeat","background-position":"center center","background-size":"auto","background-attachment":"scroll","background-type":"","background-media":"","overlay-type":"","overlay-color":"","overlay-opacity":"","overlay-gradient":""}},"ast-content-background-meta":{"desktop":{"background-color":"var(--ast-global-color-5)","background-image":"","background-repeat":"repeat","background-position":"center center","background-size":"auto","background-attachment":"scroll","background-type":"","background-media":"","overlay-type":"","overlay-color":"","overlay-opacity":"","overlay-gradient":""},"tablet":{"background-color":"var(--ast-global-color-5)","background-image":"","background-repeat":"repeat","background-position":"center center","background-size":"auto","background-attachment":"scroll","background-type":"","background-media":"","overlay-type":"","overlay-color":"","overlay-opacity":"","overlay-gradient":""},"mobile":{"background-color":"var(--ast-global-color-5)","background-image":"","background-repeat":"repeat","background-position":"center center","background-size":"auto","background-attachment":"scroll","background-type":"","background-media":"","overlay-type":"","overlay-color":"","overlay-opacity":"","overlay-gradient":""}},"footnotes":""},"categories":[30],"tags":[],"class_list":["post-3611","post","type-post","status-publish","format-standard","hentry","category-archiv-2011"],"yoast_head":"<!-- This site is optimized with the Yoast SEO plugin v27.4 - https:\/\/yoast.com\/product\/yoast-seo-wordpress\/ -->\n<title>Bl\u00ed\u017eia sa Hradn\u00e9 hry \u017dofie Bosniakovej - Pova\u017esk\u00e9 m\u00fazeum<\/title>\n<meta name=\"robots\" content=\"index, follow, max-snippet:-1, max-image-preview:large, max-video-preview:-1\" \/>\n<link rel=\"canonical\" href=\"https:\/\/pmza.sk\/?p=3611\" \/>\n<meta property=\"og:locale\" content=\"sk_SK\" \/>\n<meta property=\"og:type\" content=\"article\" \/>\n<meta property=\"og:title\" content=\"Bl\u00ed\u017eia sa Hradn\u00e9 hry \u017dofie Bosniakovej - Pova\u017esk\u00e9 m\u00fazeum\" \/>\n<meta property=\"og:description\" content=\"Najprest\u00ed\u017enej\u0161ie a najnav\u0161tevovanej\u0161ie podujatie letnej sez\u00f3ny na hrade Stre\u010dno \u2013 Hradn\u00e9 hry \u017dofie Bosniakovej, ktor\u00e9 sa u\u017e viac ako desa\u0165 rokov sna\u017e\u00ed pribl\u00ed\u017ei\u0165 \u00a0atmosf\u00e9ru stredovek\u00fdch panstiev, ale najm\u00e4 v\u00fdznamn\u00fa osobnos\u0165, ktor\u00e1 na hrade kedy \u017eila, bude aj tentokr\u00e1t op\u00e4\u0165 zauj\u00edmav\u00e9 svojim pestr\u00fdm programom. Hlavnou t\u00e9mou Hradn\u00fdch hier \u017dofie Bosniakovej 2011 je hygiena na hrade a\u00a0v\u00a0podhrad\u00ed. [&hellip;]\" \/>\n<meta property=\"og:url\" content=\"https:\/\/pmza.sk\/?p=3611\" \/>\n<meta property=\"og:site_name\" content=\"Pova\u017esk\u00e9 m\u00fazeum\" \/>\n<meta property=\"article:publisher\" content=\"https:\/\/www.facebook.com\/povazskemuzeum\" \/>\n<meta property=\"article:published_time\" content=\"2011-08-01T07:11:01+00:00\" \/>\n<meta property=\"og:image\" content=\"https:\/\/pmza.sk.sk\/wp-content\/uploads\/2011\/08\/kuchyna-s-ludmi-300x225.jpg\" \/>\n<meta name=\"author\" content=\"libor\" \/>\n<meta name=\"twitter:card\" content=\"summary_large_image\" \/>\n<meta name=\"twitter:label1\" content=\"Autor\" \/>\n\t<meta name=\"twitter:data1\" content=\"libor\" \/>\n\t<meta name=\"twitter:label2\" content=\"Predpokladan\u00fd \u010das \u010d\u00edtania\" \/>\n\t<meta name=\"twitter:data2\" content=\"2 min\u00faty\" \/>\n<script type=\"application\/ld+json\" class=\"yoast-schema-graph\">{\"@context\":\"https:\\\/\\\/schema.org\",\"@graph\":[{\"@type\":\"Article\",\"@id\":\"https:\\\/\\\/pmza.sk\\\/?p=3611#article\",\"isPartOf\":{\"@id\":\"https:\\\/\\\/pmza.sk\\\/?p=3611\"},\"author\":{\"name\":\"libor\",\"@id\":\"https:\\\/\\\/pmza.sk\\\/#\\\/schema\\\/person\\\/f0b923a9aa8e1f67feef0d7cd9afde35\"},\"headline\":\"Bl\u00ed\u017eia sa Hradn\u00e9 hry \u017dofie Bosniakovej\",\"datePublished\":\"2011-08-01T07:11:01+00:00\",\"mainEntityOfPage\":{\"@id\":\"https:\\\/\\\/pmza.sk\\\/?p=3611\"},\"wordCount\":358,\"publisher\":{\"@id\":\"https:\\\/\\\/pmza.sk\\\/#organization\"},\"image\":{\"@id\":\"https:\\\/\\\/pmza.sk\\\/?p=3611#primaryimage\"},\"thumbnailUrl\":\"http:\\\/\\\/pmza.sk.sk\\\/wp-content\\\/uploads\\\/2011\\\/08\\\/kuchyna-s-ludmi-300x225.jpg\",\"articleSection\":[\"Arch\u00edv 2011\"],\"inLanguage\":\"sk-SK\"},{\"@type\":\"WebPage\",\"@id\":\"https:\\\/\\\/pmza.sk\\\/?p=3611\",\"url\":\"https:\\\/\\\/pmza.sk\\\/?p=3611\",\"name\":\"Bl\u00ed\u017eia sa Hradn\u00e9 hry \u017dofie Bosniakovej - Pova\u017esk\u00e9 m\u00fazeum\",\"isPartOf\":{\"@id\":\"https:\\\/\\\/pmza.sk\\\/#website\"},\"primaryImageOfPage\":{\"@id\":\"https:\\\/\\\/pmza.sk\\\/?p=3611#primaryimage\"},\"image\":{\"@id\":\"https:\\\/\\\/pmza.sk\\\/?p=3611#primaryimage\"},\"thumbnailUrl\":\"http:\\\/\\\/pmza.sk.sk\\\/wp-content\\\/uploads\\\/2011\\\/08\\\/kuchyna-s-ludmi-300x225.jpg\",\"datePublished\":\"2011-08-01T07:11:01+00:00\",\"breadcrumb\":{\"@id\":\"https:\\\/\\\/pmza.sk\\\/?p=3611#breadcrumb\"},\"inLanguage\":\"sk-SK\",\"potentialAction\":[{\"@type\":\"ReadAction\",\"target\":[\"https:\\\/\\\/pmza.sk\\\/?p=3611\"]}]},{\"@type\":\"ImageObject\",\"inLanguage\":\"sk-SK\",\"@id\":\"https:\\\/\\\/pmza.sk\\\/?p=3611#primaryimage\",\"url\":\"http:\\\/\\\/pmza.sk.sk\\\/wp-content\\\/uploads\\\/2011\\\/08\\\/kuchyna-s-ludmi-300x225.jpg\",\"contentUrl\":\"http:\\\/\\\/pmza.sk.sk\\\/wp-content\\\/uploads\\\/2011\\\/08\\\/kuchyna-s-ludmi-300x225.jpg\"},{\"@type\":\"BreadcrumbList\",\"@id\":\"https:\\\/\\\/pmza.sk\\\/?p=3611#breadcrumb\",\"itemListElement\":[{\"@type\":\"ListItem\",\"position\":1,\"name\":\"Domovsk\u00e1 str\u00e1nka\",\"item\":\"https:\\\/\\\/pmza.sk\\\/\"},{\"@type\":\"ListItem\",\"position\":2,\"name\":\"Bl\u00ed\u017eia sa Hradn\u00e9 hry \u017dofie Bosniakovej\"}]},{\"@type\":\"WebSite\",\"@id\":\"https:\\\/\\\/pmza.sk\\\/#website\",\"url\":\"https:\\\/\\\/pmza.sk\\\/\",\"name\":\"Pova\u017esk\u00e9 m\u00fazeum\",\"description\":\"Pova\u017esk\u00e9 m\u00fazeum v \u017diline je region\u00e1lne m\u00fazeum so s\u00eddlom v Budat\u00edne. Jeho expoz\u00edcie s\u00fa zameran\u00e9 na dejiny slovensk\u00e9ho umenia, kult\u00fary a dopravy.\",\"publisher\":{\"@id\":\"https:\\\/\\\/pmza.sk\\\/#organization\"},\"potentialAction\":[{\"@type\":\"SearchAction\",\"target\":{\"@type\":\"EntryPoint\",\"urlTemplate\":\"https:\\\/\\\/pmza.sk\\\/?s={search_term_string}\"},\"query-input\":{\"@type\":\"PropertyValueSpecification\",\"valueRequired\":true,\"valueName\":\"search_term_string\"}}],\"inLanguage\":\"sk-SK\"},{\"@type\":\"Organization\",\"@id\":\"https:\\\/\\\/pmza.sk\\\/#organization\",\"name\":\"Pova\u017esk\u00e9 m\u00fazeum\",\"url\":\"https:\\\/\\\/pmza.sk\\\/\",\"logo\":{\"@type\":\"ImageObject\",\"inLanguage\":\"sk-SK\",\"@id\":\"https:\\\/\\\/pmza.sk\\\/#\\\/schema\\\/logo\\\/image\\\/\",\"url\":\"https:\\\/\\\/pmza.sk\\\/wp-content\\\/uploads\\\/2022\\\/01\\\/logo_PM_horizontal.jpg\",\"contentUrl\":\"https:\\\/\\\/pmza.sk\\\/wp-content\\\/uploads\\\/2022\\\/01\\\/logo_PM_horizontal.jpg\",\"width\":231,\"height\":142,\"caption\":\"Pova\u017esk\u00e9 m\u00fazeum\"},\"image\":{\"@id\":\"https:\\\/\\\/pmza.sk\\\/#\\\/schema\\\/logo\\\/image\\\/\"},\"sameAs\":[\"https:\\\/\\\/www.facebook.com\\\/povazskemuzeum\",\"https:\\\/\\\/www.instagram.com\\\/povazskemuzeum\\\/\"]},{\"@type\":\"Person\",\"@id\":\"https:\\\/\\\/pmza.sk\\\/#\\\/schema\\\/person\\\/f0b923a9aa8e1f67feef0d7cd9afde35\",\"name\":\"libor\",\"image\":{\"@type\":\"ImageObject\",\"inLanguage\":\"sk-SK\",\"@id\":\"https:\\\/\\\/secure.gravatar.com\\\/avatar\\\/c583dbc698e594aacced1589eb8cf1673bd41d461e8b2ab635484ffc26fee7b0?s=96&d=mm&r=g\",\"url\":\"https:\\\/\\\/secure.gravatar.com\\\/avatar\\\/c583dbc698e594aacced1589eb8cf1673bd41d461e8b2ab635484ffc26fee7b0?s=96&d=mm&r=g\",\"contentUrl\":\"https:\\\/\\\/secure.gravatar.com\\\/avatar\\\/c583dbc698e594aacced1589eb8cf1673bd41d461e8b2ab635484ffc26fee7b0?s=96&d=mm&r=g\",\"caption\":\"libor\"}}]}<\/script>\n<!-- \/ Yoast SEO plugin. -->","yoast_head_json":{"title":"Bl\u00ed\u017eia sa Hradn\u00e9 hry \u017dofie Bosniakovej - Pova\u017esk\u00e9 m\u00fazeum","robots":{"index":"index","follow":"follow","max-snippet":"max-snippet:-1","max-image-preview":"max-image-preview:large","max-video-preview":"max-video-preview:-1"},"canonical":"https:\/\/pmza.sk\/?p=3611","og_locale":"sk_SK","og_type":"article","og_title":"Bl\u00ed\u017eia sa Hradn\u00e9 hry \u017dofie Bosniakovej - Pova\u017esk\u00e9 m\u00fazeum","og_description":"Najprest\u00ed\u017enej\u0161ie a najnav\u0161tevovanej\u0161ie podujatie letnej sez\u00f3ny na hrade Stre\u010dno \u2013 Hradn\u00e9 hry \u017dofie Bosniakovej, ktor\u00e9 sa u\u017e viac ako desa\u0165 rokov sna\u017e\u00ed pribl\u00ed\u017ei\u0165 \u00a0atmosf\u00e9ru stredovek\u00fdch panstiev, ale najm\u00e4 v\u00fdznamn\u00fa osobnos\u0165, ktor\u00e1 na hrade kedy \u017eila, bude aj tentokr\u00e1t op\u00e4\u0165 zauj\u00edmav\u00e9 svojim pestr\u00fdm programom. Hlavnou t\u00e9mou Hradn\u00fdch hier \u017dofie Bosniakovej 2011 je hygiena na hrade a\u00a0v\u00a0podhrad\u00ed. [&hellip;]","og_url":"https:\/\/pmza.sk\/?p=3611","og_site_name":"Pova\u017esk\u00e9 m\u00fazeum","article_publisher":"https:\/\/www.facebook.com\/povazskemuzeum","article_published_time":"2011-08-01T07:11:01+00:00","og_image":[{"url":"https:\/\/pmza.sk.sk\/wp-content\/uploads\/2011\/08\/kuchyna-s-ludmi-300x225.jpg","type":"","width":"","height":""}],"author":"libor","twitter_card":"summary_large_image","twitter_misc":{"Autor":"libor","Predpokladan\u00fd \u010das \u010d\u00edtania":"2 min\u00faty"},"schema":{"@context":"https:\/\/schema.org","@graph":[{"@type":"Article","@id":"https:\/\/pmza.sk\/?p=3611#article","isPartOf":{"@id":"https:\/\/pmza.sk\/?p=3611"},"author":{"name":"libor","@id":"https:\/\/pmza.sk\/#\/schema\/person\/f0b923a9aa8e1f67feef0d7cd9afde35"},"headline":"Bl\u00ed\u017eia sa Hradn\u00e9 hry \u017dofie Bosniakovej","datePublished":"2011-08-01T07:11:01+00:00","mainEntityOfPage":{"@id":"https:\/\/pmza.sk\/?p=3611"},"wordCount":358,"publisher":{"@id":"https:\/\/pmza.sk\/#organization"},"image":{"@id":"https:\/\/pmza.sk\/?p=3611#primaryimage"},"thumbnailUrl":"https:\/\/pmza.sk.sk\/wp-content\/uploads\/2011\/08\/kuchyna-s-ludmi-300x225.jpg","articleSection":["Arch\u00edv 2011"],"inLanguage":"sk-SK"},{"@type":"WebPage","@id":"https:\/\/pmza.sk\/?p=3611","url":"https:\/\/pmza.sk\/?p=3611","name":"Bl\u00ed\u017eia sa Hradn\u00e9 hry \u017dofie Bosniakovej - Pova\u017esk\u00e9 m\u00fazeum","isPartOf":{"@id":"https:\/\/pmza.sk\/#website"},"primaryImageOfPage":{"@id":"https:\/\/pmza.sk\/?p=3611#primaryimage"},"image":{"@id":"https:\/\/pmza.sk\/?p=3611#primaryimage"},"thumbnailUrl":"https:\/\/pmza.sk.sk\/wp-content\/uploads\/2011\/08\/kuchyna-s-ludmi-300x225.jpg","datePublished":"2011-08-01T07:11:01+00:00","breadcrumb":{"@id":"https:\/\/pmza.sk\/?p=3611#breadcrumb"},"inLanguage":"sk-SK","potentialAction":[{"@type":"ReadAction","target":["https:\/\/pmza.sk\/?p=3611"]}]},{"@type":"ImageObject","inLanguage":"sk-SK","@id":"https:\/\/pmza.sk\/?p=3611#primaryimage","url":"https:\/\/pmza.sk.sk\/wp-content\/uploads\/2011\/08\/kuchyna-s-ludmi-300x225.jpg","contentUrl":"https:\/\/pmza.sk.sk\/wp-content\/uploads\/2011\/08\/kuchyna-s-ludmi-300x225.jpg"},{"@type":"BreadcrumbList","@id":"https:\/\/pmza.sk\/?p=3611#breadcrumb","itemListElement":[{"@type":"ListItem","position":1,"name":"Domovsk\u00e1 str\u00e1nka","item":"https:\/\/pmza.sk\/"},{"@type":"ListItem","position":2,"name":"Bl\u00ed\u017eia sa Hradn\u00e9 hry \u017dofie Bosniakovej"}]},{"@type":"WebSite","@id":"https:\/\/pmza.sk\/#website","url":"https:\/\/pmza.sk\/","name":"Pova\u017esk\u00e9 m\u00fazeum","description":"Pova\u017esk\u00e9 m\u00fazeum v \u017diline je region\u00e1lne m\u00fazeum so s\u00eddlom v Budat\u00edne. Jeho expoz\u00edcie s\u00fa zameran\u00e9 na dejiny slovensk\u00e9ho umenia, kult\u00fary a dopravy.","publisher":{"@id":"https:\/\/pmza.sk\/#organization"},"potentialAction":[{"@type":"SearchAction","target":{"@type":"EntryPoint","urlTemplate":"https:\/\/pmza.sk\/?s={search_term_string}"},"query-input":{"@type":"PropertyValueSpecification","valueRequired":true,"valueName":"search_term_string"}}],"inLanguage":"sk-SK"},{"@type":"Organization","@id":"https:\/\/pmza.sk\/#organization","name":"Pova\u017esk\u00e9 m\u00fazeum","url":"https:\/\/pmza.sk\/","logo":{"@type":"ImageObject","inLanguage":"sk-SK","@id":"https:\/\/pmza.sk\/#\/schema\/logo\/image\/","url":"https:\/\/pmza.sk\/wp-content\/uploads\/2022\/01\/logo_PM_horizontal.jpg","contentUrl":"https:\/\/pmza.sk\/wp-content\/uploads\/2022\/01\/logo_PM_horizontal.jpg","width":231,"height":142,"caption":"Pova\u017esk\u00e9 m\u00fazeum"},"image":{"@id":"https:\/\/pmza.sk\/#\/schema\/logo\/image\/"},"sameAs":["https:\/\/www.facebook.com\/povazskemuzeum","https:\/\/www.instagram.com\/povazskemuzeum\/"]},{"@type":"Person","@id":"https:\/\/pmza.sk\/#\/schema\/person\/f0b923a9aa8e1f67feef0d7cd9afde35","name":"libor","image":{"@type":"ImageObject","inLanguage":"sk-SK","@id":"https:\/\/secure.gravatar.com\/avatar\/c583dbc698e594aacced1589eb8cf1673bd41d461e8b2ab635484ffc26fee7b0?s=96&d=mm&r=g","url":"https:\/\/secure.gravatar.com\/avatar\/c583dbc698e594aacced1589eb8cf1673bd41d461e8b2ab635484ffc26fee7b0?s=96&d=mm&r=g","contentUrl":"https:\/\/secure.gravatar.com\/avatar\/c583dbc698e594aacced1589eb8cf1673bd41d461e8b2ab635484ffc26fee7b0?s=96&d=mm&r=g","caption":"libor"}}]}},"_links":{"self":[{"href":"https:\/\/pmza.sk\/index.php?rest_route=\/wp\/v2\/posts\/3611","targetHints":{"allow":["GET"]}}],"collection":[{"href":"https:\/\/pmza.sk\/index.php?rest_route=\/wp\/v2\/posts"}],"about":[{"href":"https:\/\/pmza.sk\/index.php?rest_route=\/wp\/v2\/types\/post"}],"author":[{"embeddable":true,"href":"https:\/\/pmza.sk\/index.php?rest_route=\/wp\/v2\/users\/1"}],"replies":[{"embeddable":true,"href":"https:\/\/pmza.sk\/index.php?rest_route=%2Fwp%2Fv2%2Fcomments&post=3611"}],"version-history":[{"count":0,"href":"https:\/\/pmza.sk\/index.php?rest_route=\/wp\/v2\/posts\/3611\/revisions"}],"wp:attachment":[{"href":"https:\/\/pmza.sk\/index.php?rest_route=%2Fwp%2Fv2%2Fmedia&parent=3611"}],"wp:term":[{"taxonomy":"category","embeddable":true,"href":"https:\/\/pmza.sk\/index.php?rest_route=%2Fwp%2Fv2%2Fcategories&post=3611"},{"taxonomy":"post_tag","embeddable":true,"href":"https:\/\/pmza.sk\/index.php?rest_route=%2Fwp%2Fv2%2Ftags&post=3611"}],"curies":[{"name":"wp","href":"https:\/\/api.w.org\/{rel}","templated":true}]}}