{"id":36168,"date":"2019-09-17T11:04:21","date_gmt":"2019-09-17T09:04:21","guid":{"rendered":"https:\/\/pmza.sk\/?p=36168"},"modified":"2019-09-17T11:04:21","modified_gmt":"2019-09-17T09:04:21","slug":"do-odbornej-kniznice-pribudli-vynimocne-knihy","status":"publish","type":"post","link":"https:\/\/pmza.sk\/?p=36168","title":{"rendered":"Do odbornej kni\u017enice pribudli v\u00fdnimo\u010dn\u00e9 knihy"},"content":{"rendered":"<p>Od septembra sa v\u00a0odbornej kni\u017enici Pova\u017esk\u00e9ho m\u00fazea v\u00a0\u017diline nach\u00e1dzaj\u00fa dve nov\u00e9 kni\u017eni\u010dn\u00e9 jednotky v\u00a0nemeckom jazyku. Zauj\u00edmav\u00e9 knihy, ktor\u00fdch spolo\u010dnou t\u00e9mou je Eur\u00f3pa v\u00a0stredoveku a\u00a0Magdebursk\u00e9 pr\u00e1vo, \u010ditate\u013e nen\u00e1jde v\u00a0\u017eiadnej inej kni\u017enici na Slovensku.<\/p>\n<p>Jednou z\u00a0nich je katal\u00f3g k\u00a0v\u00fdstave <strong>\u201eFaszination Stadt. Die Urbanisierung Europas im Mittelalter und das Magdeburger Recht\u201c (Fascinuj\u00face mesto. Urbaniz\u00e1cia Eur\u00f3py v\u00a0stredoveku a\u00a0Magdebursk\u00e9 pr\u00e1vo) <\/strong>s\u00a0rovnomenn\u00fdm n\u00e1zvom.<\/p>\n<p>Autorkami s\u00fa Dr. Gabriele K\u00f6ster \u2013 riadite\u013eka Magderburger Museen a\u00a0Dr. Christina Link \u2013 kur\u00e1torka v\u00fdstavy \u201eFaszination Stadt. Die Urbanisierung Europas im Mittelalter und das Magdeburger Recht\u201c.<\/p>\n<p>Na viac ako 800 stran\u00e1ch sa \u010ditate\u013e dozvie zauj\u00edmav\u00e9 inform\u00e1cie o urbaniz\u00e1cii Eur\u00f3py v\u00a0stredoveku na z\u00e1klade Magdebursk\u00e9ho pr\u00e1va a\u00a0tie\u017e o krajin\u00e1ch a\u00a0mest\u00e1ch, kde platilo. Okrem severov\u00fdchodn\u00e9ho Nemecka to bolo napr\u00edklad \u00fazemie dne\u0161n\u00e9ho Po\u013eska, Slovenska, severn\u00fdch \u010ciech, Moravy, Ukrajiny \u010di Litvy. N\u00e1jde tam spolo\u010dn\u00e9 prieniky v\u00a0kult\u00fare, politike, hospod\u00e1rstve, cirkevnom i\u00a0svetskom \u017eivote. Obsa\u017en\u00fd text je doplnen\u00fd mno\u017estvom ilustr\u00e1ci\u00ed a\u00a0nech\u00fdbaj\u00fa ani fotografie a\u00a0popisy origin\u00e1lnych predmetov, ktor\u00e9 sa nach\u00e1dzaj\u00fa na v\u00fdstave v\u00a0Kult\u00farnohistorickom m\u00fazeu v Magdeburgu. \u00a0Magdebursk\u00e9 pr\u00e1vo platilo v\u00a0stredoveku aj v\u00a0\u017diline a mestsk\u00e1 truhlica z\u00a0tohto obdobia je vyobrazen\u00e1 na strane 414. Boli v\u00a0nej ulo\u017een\u00e9 tri pe\u010date \u2013 najv\u00e4\u010d\u0161ia, strieborn\u00e1 mestsk\u00e1 pe\u010da\u0165, prostredn\u00e1 not\u00e1rska a najmen\u0161ia, tzv. fojtovsk\u00e1. Nach\u00e1dzali sa tam aj dva strieborn\u00e9 pozl\u00e1ten\u00e9 poh\u00e1re a peniaze obyvate\u013eov mesta ut\u0155\u017een\u00e9 za predaj domov, pol\u00ed \u010di l\u00fak. Pova\u017esk\u00e9 m\u00fazeum v\u00a0\u017diline zapo\u017ei\u010dalo truhlicu na t\u00fato v\u00fdnimo\u010dn\u00fa v\u00fdstavu a\u00a0po jej ukon\u010den\u00ed vo febru\u00e1ri sa op\u00e4\u0165 vr\u00e1ti na Budat\u00ednsky hrad.<\/p>\n<p>Druh\u00fdm pr\u00edrastkom do kni\u017enice je <strong>Kulturelle Vernetzung in Europa. Das Magdeburger Recht und seine St\u00e4dte. (Kult\u00farne prepojenie v\u00a0Eur\u00f3pe. Magdebursk\u00e9 pr\u00e1vo a\u00a0mest\u00e1, v\u00a0ktor\u00fdch platilo).<\/strong><\/p>\n<p>Autormi s\u00fa Dr. Gabriele K\u00f6ster \u2013 riadite\u013eka Magderburger Museen, Dr. Christina Link \u2013 kur\u00e1torka v\u00fdstavy \u201eFaszination Stadt. Die Urbanisierung Europas im Mittelalter und das Magdeburger Recht\u201c a\u00a0Prof. Dr. Heiner L\u00fcck \u2013 ved\u00faci projektov \u201eDas s\u00e4chsisich-magdeburgische Recht als kulturelles Bindeglied zwischen den Rechtsordnungen Ost- und Mitteleuropas\u201c<\/p>\n<p>Podnetn\u00e1 kniha kladie d\u00f4raz na pr\u00e1vo ako na spojovac\u00ed prvok viacer\u00fdch kult\u00far a\u00a0n\u00e1rodov. Mesto v\u00a0stredovekej Eur\u00f3pe malo vysok\u00fd potenci\u00e1l by\u0165 motorom kult\u00farneho rozvoja. D\u00f4le\u017eit\u00fa \u00falohu pri tom zohr\u00e1valo stredovek\u00e9 pr\u00e1vo, predov\u0161etk\u00fdm Magdebursk\u00e9 pr\u00e1vo s\u00a0jedine\u010dn\u00fdm \u010dasov\u00fdm a\u00a0priestorov\u00fdm dosahom. Za najv\u00e4\u010d\u0161ie pr\u00ednosy tohto spojenia mo\u017eno pova\u017eova\u0165 r\u00f4znorod\u00fd a\u00a0dlhotrvaj\u00faci proces sasko-magdebursk\u00e9ho pr\u00e1va ako perspekt\u00edvy pr\u00e1vnych, soci\u00e1lnych a\u00a0kult\u00farnych dej\u00edn ako aj hist\u00f3rie a\u00a0archeol\u00f3gie. \u010citate\u013e tam n\u00e1jde inform\u00e1cie o\u00a0\u0161t\u00e1tnych zriadeniach, soci\u00e1lnych skupin\u00e1ch, d\u00f4le\u017eit\u00fdch p\u00edsomnostiach a\u00a0budovan\u00ed miest v\u00a0strednej a\u00a0v\u00fdchodnej Eur\u00f3pe. V\u00fdskum stredovek\u00e9ho \u017eivota vo viacer\u00fdch krajin\u00e1ch okrem vydania tejto v\u00fdnimo\u010dnej 500-stranovej knihy vy\u00fastil aj do pr\u00edprav na mimoriadnu v\u00fdstavu <strong>\u201e<\/strong>Faszination Stadt. Die Urbanisierung Europas im Mittelalter und das Magdeburger Recht\u201c.<\/p>\n<p><img fetchpriority=\"high\" decoding=\"async\" class=\"size-medium wp-image-36171 alignleft\" src=\"https:\/\/pmza.sk\/wp-content\/uploads\/2019\/09\/20190917_102206-1-321x360.jpg\" alt=\"\" width=\"321\" height=\"360\" \/><\/p>\n<p><img decoding=\"async\" class=\"size-medium wp-image-36170 alignleft\" src=\"https:\/\/pmza.sk\/wp-content\/uploads\/2019\/09\/20190917_102017-290x360.jpg\" alt=\"\" width=\"290\" height=\"360\" \/><\/p>\n","protected":false},"excerpt":{"rendered":"<p>Od septembra sa v\u00a0odbornej kni\u017enici Pova\u017esk\u00e9ho m\u00fazea v\u00a0\u017diline nach\u00e1dzaj\u00fa dve nov\u00e9 kni\u017eni\u010dn\u00e9 jednotky v\u00a0nemeckom jazyku. Zauj\u00edmav\u00e9 knihy, ktor\u00fdch spolo\u010dnou t\u00e9mou je Eur\u00f3pa v\u00a0stredoveku a\u00a0Magdebursk\u00e9 pr\u00e1vo, \u010ditate\u013e nen\u00e1jde v\u00a0\u017eiadnej inej kni\u017enici na Slovensku. Jednou z\u00a0nich je katal\u00f3g k\u00a0v\u00fdstave \u201eFaszination Stadt. Die Urbanisierung Europas im Mittelalter und das Magdeburger Recht\u201c (Fascinuj\u00face mesto. Urbaniz\u00e1cia Eur\u00f3py v\u00a0stredoveku a\u00a0Magdebursk\u00e9 pr\u00e1vo) [&hellip;]<\/p>\n","protected":false},"author":2,"featured_media":36189,"comment_status":"closed","ping_status":"closed","sticky":false,"template":"","format":"standard","meta":{"site-sidebar-layout":"default","site-content-layout":"","ast-site-content-layout":"","site-content-style":"default","site-sidebar-style":"default","ast-global-header-display":"","ast-banner-title-visibility":"","ast-main-header-display":"","ast-hfb-above-header-display":"","ast-hfb-below-header-display":"","ast-hfb-mobile-header-display":"","site-post-title":"","ast-breadcrumbs-content":"","ast-featured-img":"","footer-sml-layout":"","theme-transparent-header-meta":"","adv-header-id-meta":"","stick-header-meta":"","header-above-stick-meta":"","header-main-stick-meta":"","header-below-stick-meta":"","astra-migrate-meta-layouts":"default","ast-page-background-enabled":"default","ast-page-background-meta":{"desktop":{"background-color":"var(--ast-global-color-4)","background-image":"","background-repeat":"repeat","background-position":"center center","background-size":"auto","background-attachment":"scroll","background-type":"","background-media":"","overlay-type":"","overlay-color":"","overlay-opacity":"","overlay-gradient":""},"tablet":{"background-color":"","background-image":"","background-repeat":"repeat","background-position":"center center","background-size":"auto","background-attachment":"scroll","background-type":"","background-media":"","overlay-type":"","overlay-color":"","overlay-opacity":"","overlay-gradient":""},"mobile":{"background-color":"","background-image":"","background-repeat":"repeat","background-position":"center center","background-size":"auto","background-attachment":"scroll","background-type":"","background-media":"","overlay-type":"","overlay-color":"","overlay-opacity":"","overlay-gradient":""}},"ast-content-background-meta":{"desktop":{"background-color":"var(--ast-global-color-5)","background-image":"","background-repeat":"repeat","background-position":"center center","background-size":"auto","background-attachment":"scroll","background-type":"","background-media":"","overlay-type":"","overlay-color":"","overlay-opacity":"","overlay-gradient":""},"tablet":{"background-color":"var(--ast-global-color-5)","background-image":"","background-repeat":"repeat","background-position":"center center","background-size":"auto","background-attachment":"scroll","background-type":"","background-media":"","overlay-type":"","overlay-color":"","overlay-opacity":"","overlay-gradient":""},"mobile":{"background-color":"var(--ast-global-color-5)","background-image":"","background-repeat":"repeat","background-position":"center center","background-size":"auto","background-attachment":"scroll","background-type":"","background-media":"","overlay-type":"","overlay-color":"","overlay-opacity":"","overlay-gradient":""}},"footnotes":""},"categories":[31],"tags":[],"class_list":["post-36168","post","type-post","status-publish","format-standard","has-post-thumbnail","hentry","category-aktuality"],"yoast_head":"<!-- This site is optimized with the Yoast SEO plugin v27.4 - https:\/\/yoast.com\/product\/yoast-seo-wordpress\/ -->\n<title>Do odbornej kni\u017enice pribudli v\u00fdnimo\u010dn\u00e9 knihy - Pova\u017esk\u00e9 m\u00fazeum<\/title>\n<meta name=\"robots\" content=\"index, follow, max-snippet:-1, max-image-preview:large, max-video-preview:-1\" \/>\n<link rel=\"canonical\" href=\"https:\/\/pmza.sk\/?p=36168\" \/>\n<meta property=\"og:locale\" content=\"sk_SK\" \/>\n<meta property=\"og:type\" content=\"article\" \/>\n<meta property=\"og:title\" content=\"Do odbornej kni\u017enice pribudli v\u00fdnimo\u010dn\u00e9 knihy - Pova\u017esk\u00e9 m\u00fazeum\" \/>\n<meta property=\"og:description\" content=\"Od septembra sa v\u00a0odbornej kni\u017enici Pova\u017esk\u00e9ho m\u00fazea v\u00a0\u017diline nach\u00e1dzaj\u00fa dve nov\u00e9 kni\u017eni\u010dn\u00e9 jednotky v\u00a0nemeckom jazyku. Zauj\u00edmav\u00e9 knihy, ktor\u00fdch spolo\u010dnou t\u00e9mou je Eur\u00f3pa v\u00a0stredoveku a\u00a0Magdebursk\u00e9 pr\u00e1vo, \u010ditate\u013e nen\u00e1jde v\u00a0\u017eiadnej inej kni\u017enici na Slovensku. Jednou z\u00a0nich je katal\u00f3g k\u00a0v\u00fdstave \u201eFaszination Stadt. Die Urbanisierung Europas im Mittelalter und das Magdeburger Recht\u201c (Fascinuj\u00face mesto. Urbaniz\u00e1cia Eur\u00f3py v\u00a0stredoveku a\u00a0Magdebursk\u00e9 pr\u00e1vo) [&hellip;]\" \/>\n<meta property=\"og:url\" content=\"https:\/\/pmza.sk\/?p=36168\" \/>\n<meta property=\"og:site_name\" content=\"Pova\u017esk\u00e9 m\u00fazeum\" \/>\n<meta property=\"article:publisher\" content=\"https:\/\/www.facebook.com\/povazskemuzeum\" \/>\n<meta property=\"article:published_time\" content=\"2019-09-17T09:04:21+00:00\" \/>\n<meta property=\"og:image\" content=\"https:\/\/pmza.sk\/wp-content\/uploads\/2019\/09\/odborne-knihy.jpg\" \/>\n\t<meta property=\"og:image:width\" content=\"897\" \/>\n\t<meta property=\"og:image:height\" content=\"768\" \/>\n\t<meta property=\"og:image:type\" content=\"image\/jpeg\" \/>\n<meta name=\"author\" content=\"Pova\u017esk\u00e9 m\u00fazeum\" \/>\n<meta name=\"twitter:card\" content=\"summary_large_image\" \/>\n<meta name=\"twitter:label1\" content=\"Autor\" \/>\n\t<meta name=\"twitter:data1\" content=\"Pova\u017esk\u00e9 m\u00fazeum\" \/>\n\t<meta name=\"twitter:label2\" content=\"Predpokladan\u00fd \u010das \u010d\u00edtania\" \/>\n\t<meta name=\"twitter:data2\" content=\"3 min\u00faty\" \/>\n<script type=\"application\/ld+json\" class=\"yoast-schema-graph\">{\"@context\":\"https:\\\/\\\/schema.org\",\"@graph\":[{\"@type\":\"Article\",\"@id\":\"https:\\\/\\\/pmza.sk\\\/?p=36168#article\",\"isPartOf\":{\"@id\":\"https:\\\/\\\/pmza.sk\\\/?p=36168\"},\"author\":{\"name\":\"Pova\u017esk\u00e9 m\u00fazeum\",\"@id\":\"https:\\\/\\\/pmza.sk\\\/#\\\/schema\\\/person\\\/595e6a2ce731ea94dcd5d7f50a41ae33\"},\"headline\":\"Do odbornej kni\u017enice pribudli v\u00fdnimo\u010dn\u00e9 knihy\",\"datePublished\":\"2019-09-17T09:04:21+00:00\",\"mainEntityOfPage\":{\"@id\":\"https:\\\/\\\/pmza.sk\\\/?p=36168\"},\"wordCount\":590,\"publisher\":{\"@id\":\"https:\\\/\\\/pmza.sk\\\/#organization\"},\"image\":{\"@id\":\"https:\\\/\\\/pmza.sk\\\/?p=36168#primaryimage\"},\"thumbnailUrl\":\"https:\\\/\\\/pmza.sk\\\/wp-content\\\/uploads\\\/2019\\\/09\\\/odborne-knihy.jpg\",\"articleSection\":[\"Aktuality\"],\"inLanguage\":\"sk-SK\"},{\"@type\":\"WebPage\",\"@id\":\"https:\\\/\\\/pmza.sk\\\/?p=36168\",\"url\":\"https:\\\/\\\/pmza.sk\\\/?p=36168\",\"name\":\"Do odbornej kni\u017enice pribudli v\u00fdnimo\u010dn\u00e9 knihy - Pova\u017esk\u00e9 m\u00fazeum\",\"isPartOf\":{\"@id\":\"https:\\\/\\\/pmza.sk\\\/#website\"},\"primaryImageOfPage\":{\"@id\":\"https:\\\/\\\/pmza.sk\\\/?p=36168#primaryimage\"},\"image\":{\"@id\":\"https:\\\/\\\/pmza.sk\\\/?p=36168#primaryimage\"},\"thumbnailUrl\":\"https:\\\/\\\/pmza.sk\\\/wp-content\\\/uploads\\\/2019\\\/09\\\/odborne-knihy.jpg\",\"datePublished\":\"2019-09-17T09:04:21+00:00\",\"breadcrumb\":{\"@id\":\"https:\\\/\\\/pmza.sk\\\/?p=36168#breadcrumb\"},\"inLanguage\":\"sk-SK\",\"potentialAction\":[{\"@type\":\"ReadAction\",\"target\":[\"https:\\\/\\\/pmza.sk\\\/?p=36168\"]}]},{\"@type\":\"ImageObject\",\"inLanguage\":\"sk-SK\",\"@id\":\"https:\\\/\\\/pmza.sk\\\/?p=36168#primaryimage\",\"url\":\"https:\\\/\\\/pmza.sk\\\/wp-content\\\/uploads\\\/2019\\\/09\\\/odborne-knihy.jpg\",\"contentUrl\":\"https:\\\/\\\/pmza.sk\\\/wp-content\\\/uploads\\\/2019\\\/09\\\/odborne-knihy.jpg\",\"width\":897,\"height\":768},{\"@type\":\"BreadcrumbList\",\"@id\":\"https:\\\/\\\/pmza.sk\\\/?p=36168#breadcrumb\",\"itemListElement\":[{\"@type\":\"ListItem\",\"position\":1,\"name\":\"Domovsk\u00e1 str\u00e1nka\",\"item\":\"https:\\\/\\\/pmza.sk\\\/\"},{\"@type\":\"ListItem\",\"position\":2,\"name\":\"Do odbornej kni\u017enice pribudli v\u00fdnimo\u010dn\u00e9 knihy\"}]},{\"@type\":\"WebSite\",\"@id\":\"https:\\\/\\\/pmza.sk\\\/#website\",\"url\":\"https:\\\/\\\/pmza.sk\\\/\",\"name\":\"Pova\u017esk\u00e9 m\u00fazeum\",\"description\":\"Pova\u017esk\u00e9 m\u00fazeum v \u017diline je region\u00e1lne m\u00fazeum so s\u00eddlom v Budat\u00edne. Jeho expoz\u00edcie s\u00fa zameran\u00e9 na dejiny slovensk\u00e9ho umenia, kult\u00fary a dopravy.\",\"publisher\":{\"@id\":\"https:\\\/\\\/pmza.sk\\\/#organization\"},\"potentialAction\":[{\"@type\":\"SearchAction\",\"target\":{\"@type\":\"EntryPoint\",\"urlTemplate\":\"https:\\\/\\\/pmza.sk\\\/?s={search_term_string}\"},\"query-input\":{\"@type\":\"PropertyValueSpecification\",\"valueRequired\":true,\"valueName\":\"search_term_string\"}}],\"inLanguage\":\"sk-SK\"},{\"@type\":\"Organization\",\"@id\":\"https:\\\/\\\/pmza.sk\\\/#organization\",\"name\":\"Pova\u017esk\u00e9 m\u00fazeum\",\"url\":\"https:\\\/\\\/pmza.sk\\\/\",\"logo\":{\"@type\":\"ImageObject\",\"inLanguage\":\"sk-SK\",\"@id\":\"https:\\\/\\\/pmza.sk\\\/#\\\/schema\\\/logo\\\/image\\\/\",\"url\":\"https:\\\/\\\/pmza.sk\\\/wp-content\\\/uploads\\\/2022\\\/01\\\/logo_PM_horizontal.jpg\",\"contentUrl\":\"https:\\\/\\\/pmza.sk\\\/wp-content\\\/uploads\\\/2022\\\/01\\\/logo_PM_horizontal.jpg\",\"width\":231,\"height\":142,\"caption\":\"Pova\u017esk\u00e9 m\u00fazeum\"},\"image\":{\"@id\":\"https:\\\/\\\/pmza.sk\\\/#\\\/schema\\\/logo\\\/image\\\/\"},\"sameAs\":[\"https:\\\/\\\/www.facebook.com\\\/povazskemuzeum\",\"https:\\\/\\\/www.instagram.com\\\/povazskemuzeum\\\/\"]},{\"@type\":\"Person\",\"@id\":\"https:\\\/\\\/pmza.sk\\\/#\\\/schema\\\/person\\\/595e6a2ce731ea94dcd5d7f50a41ae33\",\"name\":\"Pova\u017esk\u00e9 m\u00fazeum\",\"image\":{\"@type\":\"ImageObject\",\"inLanguage\":\"sk-SK\",\"@id\":\"https:\\\/\\\/secure.gravatar.com\\\/avatar\\\/2bb7f1561282132fb5826dfeccc66c7996d11ee392ac6aaf7ced8a1c2027fbb2?s=96&d=mm&r=g\",\"url\":\"https:\\\/\\\/secure.gravatar.com\\\/avatar\\\/2bb7f1561282132fb5826dfeccc66c7996d11ee392ac6aaf7ced8a1c2027fbb2?s=96&d=mm&r=g\",\"contentUrl\":\"https:\\\/\\\/secure.gravatar.com\\\/avatar\\\/2bb7f1561282132fb5826dfeccc66c7996d11ee392ac6aaf7ced8a1c2027fbb2?s=96&d=mm&r=g\",\"caption\":\"Pova\u017esk\u00e9 m\u00fazeum\"}}]}<\/script>\n<!-- \/ Yoast SEO plugin. -->","yoast_head_json":{"title":"Do odbornej kni\u017enice pribudli v\u00fdnimo\u010dn\u00e9 knihy - Pova\u017esk\u00e9 m\u00fazeum","robots":{"index":"index","follow":"follow","max-snippet":"max-snippet:-1","max-image-preview":"max-image-preview:large","max-video-preview":"max-video-preview:-1"},"canonical":"https:\/\/pmza.sk\/?p=36168","og_locale":"sk_SK","og_type":"article","og_title":"Do odbornej kni\u017enice pribudli v\u00fdnimo\u010dn\u00e9 knihy - Pova\u017esk\u00e9 m\u00fazeum","og_description":"Od septembra sa v\u00a0odbornej kni\u017enici Pova\u017esk\u00e9ho m\u00fazea v\u00a0\u017diline nach\u00e1dzaj\u00fa dve nov\u00e9 kni\u017eni\u010dn\u00e9 jednotky v\u00a0nemeckom jazyku. Zauj\u00edmav\u00e9 knihy, ktor\u00fdch spolo\u010dnou t\u00e9mou je Eur\u00f3pa v\u00a0stredoveku a\u00a0Magdebursk\u00e9 pr\u00e1vo, \u010ditate\u013e nen\u00e1jde v\u00a0\u017eiadnej inej kni\u017enici na Slovensku. Jednou z\u00a0nich je katal\u00f3g k\u00a0v\u00fdstave \u201eFaszination Stadt. Die Urbanisierung Europas im Mittelalter und das Magdeburger Recht\u201c (Fascinuj\u00face mesto. Urbaniz\u00e1cia Eur\u00f3py v\u00a0stredoveku a\u00a0Magdebursk\u00e9 pr\u00e1vo) [&hellip;]","og_url":"https:\/\/pmza.sk\/?p=36168","og_site_name":"Pova\u017esk\u00e9 m\u00fazeum","article_publisher":"https:\/\/www.facebook.com\/povazskemuzeum","article_published_time":"2019-09-17T09:04:21+00:00","og_image":[{"width":897,"height":768,"url":"https:\/\/pmza.sk\/wp-content\/uploads\/2019\/09\/odborne-knihy.jpg","type":"image\/jpeg"}],"author":"Pova\u017esk\u00e9 m\u00fazeum","twitter_card":"summary_large_image","twitter_misc":{"Autor":"Pova\u017esk\u00e9 m\u00fazeum","Predpokladan\u00fd \u010das \u010d\u00edtania":"3 min\u00faty"},"schema":{"@context":"https:\/\/schema.org","@graph":[{"@type":"Article","@id":"https:\/\/pmza.sk\/?p=36168#article","isPartOf":{"@id":"https:\/\/pmza.sk\/?p=36168"},"author":{"name":"Pova\u017esk\u00e9 m\u00fazeum","@id":"https:\/\/pmza.sk\/#\/schema\/person\/595e6a2ce731ea94dcd5d7f50a41ae33"},"headline":"Do odbornej kni\u017enice pribudli v\u00fdnimo\u010dn\u00e9 knihy","datePublished":"2019-09-17T09:04:21+00:00","mainEntityOfPage":{"@id":"https:\/\/pmza.sk\/?p=36168"},"wordCount":590,"publisher":{"@id":"https:\/\/pmza.sk\/#organization"},"image":{"@id":"https:\/\/pmza.sk\/?p=36168#primaryimage"},"thumbnailUrl":"https:\/\/pmza.sk\/wp-content\/uploads\/2019\/09\/odborne-knihy.jpg","articleSection":["Aktuality"],"inLanguage":"sk-SK"},{"@type":"WebPage","@id":"https:\/\/pmza.sk\/?p=36168","url":"https:\/\/pmza.sk\/?p=36168","name":"Do odbornej kni\u017enice pribudli v\u00fdnimo\u010dn\u00e9 knihy - Pova\u017esk\u00e9 m\u00fazeum","isPartOf":{"@id":"https:\/\/pmza.sk\/#website"},"primaryImageOfPage":{"@id":"https:\/\/pmza.sk\/?p=36168#primaryimage"},"image":{"@id":"https:\/\/pmza.sk\/?p=36168#primaryimage"},"thumbnailUrl":"https:\/\/pmza.sk\/wp-content\/uploads\/2019\/09\/odborne-knihy.jpg","datePublished":"2019-09-17T09:04:21+00:00","breadcrumb":{"@id":"https:\/\/pmza.sk\/?p=36168#breadcrumb"},"inLanguage":"sk-SK","potentialAction":[{"@type":"ReadAction","target":["https:\/\/pmza.sk\/?p=36168"]}]},{"@type":"ImageObject","inLanguage":"sk-SK","@id":"https:\/\/pmza.sk\/?p=36168#primaryimage","url":"https:\/\/pmza.sk\/wp-content\/uploads\/2019\/09\/odborne-knihy.jpg","contentUrl":"https:\/\/pmza.sk\/wp-content\/uploads\/2019\/09\/odborne-knihy.jpg","width":897,"height":768},{"@type":"BreadcrumbList","@id":"https:\/\/pmza.sk\/?p=36168#breadcrumb","itemListElement":[{"@type":"ListItem","position":1,"name":"Domovsk\u00e1 str\u00e1nka","item":"https:\/\/pmza.sk\/"},{"@type":"ListItem","position":2,"name":"Do odbornej kni\u017enice pribudli v\u00fdnimo\u010dn\u00e9 knihy"}]},{"@type":"WebSite","@id":"https:\/\/pmza.sk\/#website","url":"https:\/\/pmza.sk\/","name":"Pova\u017esk\u00e9 m\u00fazeum","description":"Pova\u017esk\u00e9 m\u00fazeum v \u017diline je region\u00e1lne m\u00fazeum so s\u00eddlom v Budat\u00edne. Jeho expoz\u00edcie s\u00fa zameran\u00e9 na dejiny slovensk\u00e9ho umenia, kult\u00fary a dopravy.","publisher":{"@id":"https:\/\/pmza.sk\/#organization"},"potentialAction":[{"@type":"SearchAction","target":{"@type":"EntryPoint","urlTemplate":"https:\/\/pmza.sk\/?s={search_term_string}"},"query-input":{"@type":"PropertyValueSpecification","valueRequired":true,"valueName":"search_term_string"}}],"inLanguage":"sk-SK"},{"@type":"Organization","@id":"https:\/\/pmza.sk\/#organization","name":"Pova\u017esk\u00e9 m\u00fazeum","url":"https:\/\/pmza.sk\/","logo":{"@type":"ImageObject","inLanguage":"sk-SK","@id":"https:\/\/pmza.sk\/#\/schema\/logo\/image\/","url":"https:\/\/pmza.sk\/wp-content\/uploads\/2022\/01\/logo_PM_horizontal.jpg","contentUrl":"https:\/\/pmza.sk\/wp-content\/uploads\/2022\/01\/logo_PM_horizontal.jpg","width":231,"height":142,"caption":"Pova\u017esk\u00e9 m\u00fazeum"},"image":{"@id":"https:\/\/pmza.sk\/#\/schema\/logo\/image\/"},"sameAs":["https:\/\/www.facebook.com\/povazskemuzeum","https:\/\/www.instagram.com\/povazskemuzeum\/"]},{"@type":"Person","@id":"https:\/\/pmza.sk\/#\/schema\/person\/595e6a2ce731ea94dcd5d7f50a41ae33","name":"Pova\u017esk\u00e9 m\u00fazeum","image":{"@type":"ImageObject","inLanguage":"sk-SK","@id":"https:\/\/secure.gravatar.com\/avatar\/2bb7f1561282132fb5826dfeccc66c7996d11ee392ac6aaf7ced8a1c2027fbb2?s=96&d=mm&r=g","url":"https:\/\/secure.gravatar.com\/avatar\/2bb7f1561282132fb5826dfeccc66c7996d11ee392ac6aaf7ced8a1c2027fbb2?s=96&d=mm&r=g","contentUrl":"https:\/\/secure.gravatar.com\/avatar\/2bb7f1561282132fb5826dfeccc66c7996d11ee392ac6aaf7ced8a1c2027fbb2?s=96&d=mm&r=g","caption":"Pova\u017esk\u00e9 m\u00fazeum"}}]}},"_links":{"self":[{"href":"https:\/\/pmza.sk\/index.php?rest_route=\/wp\/v2\/posts\/36168","targetHints":{"allow":["GET"]}}],"collection":[{"href":"https:\/\/pmza.sk\/index.php?rest_route=\/wp\/v2\/posts"}],"about":[{"href":"https:\/\/pmza.sk\/index.php?rest_route=\/wp\/v2\/types\/post"}],"author":[{"embeddable":true,"href":"https:\/\/pmza.sk\/index.php?rest_route=\/wp\/v2\/users\/2"}],"replies":[{"embeddable":true,"href":"https:\/\/pmza.sk\/index.php?rest_route=%2Fwp%2Fv2%2Fcomments&post=36168"}],"version-history":[{"count":0,"href":"https:\/\/pmza.sk\/index.php?rest_route=\/wp\/v2\/posts\/36168\/revisions"}],"wp:featuredmedia":[{"embeddable":true,"href":"https:\/\/pmza.sk\/index.php?rest_route=\/wp\/v2\/media\/36189"}],"wp:attachment":[{"href":"https:\/\/pmza.sk\/index.php?rest_route=%2Fwp%2Fv2%2Fmedia&parent=36168"}],"wp:term":[{"taxonomy":"category","embeddable":true,"href":"https:\/\/pmza.sk\/index.php?rest_route=%2Fwp%2Fv2%2Fcategories&post=36168"},{"taxonomy":"post_tag","embeddable":true,"href":"https:\/\/pmza.sk\/index.php?rest_route=%2Fwp%2Fv2%2Ftags&post=36168"}],"curies":[{"name":"wp","href":"https:\/\/api.w.org\/{rel}","templated":true}]}}