{"id":36377,"date":"2019-09-25T09:47:02","date_gmt":"2019-09-25T07:47:02","guid":{"rendered":"https:\/\/pmza.sk\/?p=36377"},"modified":"2019-09-25T09:47:02","modified_gmt":"2019-09-25T07:47:02","slug":"na-hrade-strecno-sme-krstili-knihu-zofia-bosniakova","status":"publish","type":"post","link":"https:\/\/pmza.sk\/?p=36377","title":{"rendered":"Do \u017eivota sme uviedli knihu \u017dofia Bosniakov\u00e1"},"content":{"rendered":"<p>Ve\u013ek\u00e1 kniha o\u00a0\u017eene viery a\u00a0l\u00e1sky \u2013 to je podtitul knihy s\u00a0n\u00e1zvom \u017dofia Bosniakov\u00e1, ktor\u00fa pokrstili v\u00a0sobotu 21. septembra popoludn\u00ed v\u00a0kaplnke hradu Stre\u010dno. Vydala ju Matica slovensk\u00e1 v\u00a0spolupr\u00e1ci so \u017dilinsk\u00fdm samospr\u00e1vnym krajom, Pova\u017esk\u00fdm m\u00fazeom v\u00a0\u017diline a\u00a0Kysuck\u00fdm m\u00fazeom v\u00a0\u010cadci. Kniha je dielom kolekt\u00edvu autorov a\u00a0v\u00a0trin\u00e1stich kapitol\u00e1ch vykres\u013euje \u017dofiu ako \u017eenu \u0161\u013eachetn\u00fa, cnostn\u00fa, zbo\u017en\u00fa, in\u0161pirat\u00edvnu, nezvy\u010dajn\u00fa a\u00a0nezabudnute\u013en\u00fa. \u010citatelia sa dozvedia viac o\u00a0jej \u017eivote, rode, hrade Stre\u010dno, ale aj o\u00a0jej osobe v\u00a0literat\u00fare a\u00a0v\u00fdtvarnom umen\u00ed.<\/p>\n<p>V\u00a0apr\u00edli tohto roku sme si pripomenuli 410. v\u00fdro\u010die narodenia najzn\u00e1mej\u0161ej \u0161\u013eachti\u010dnej z\u00a0hradu Stre\u010dno a\u00a0man\u017eelky Franti\u0161ka Ve\u0161el\u00e9niho. Jej telo sa na\u0161lo na hrade v\u00a0roku 1689 skoro neporu\u0161en\u00e9 a\u00a0bolo takmer 280 rokov vystaven\u00e9 v\u00a0Loret\u00e1nskej kaplnke Kostola sv. Martina v\u00a0Tepli\u010dke nad V\u00e1hom. V\u00a0roku 2009 ho du\u0161evne naru\u0161en\u00fd mu\u017e zo \u017diliny zap\u00e1lil a\u00a0zni\u010dil. Na hrade Stre\u010dno bola v\u00a0kaplnke dlh\u00e9 roky umiestnen\u00e1 napodobnenina jej mumifikovanej podoby z\u00a0p\u00e1lenej hliny, ktor\u00fa vytvoril konzerv\u00e1tor keramiky Michael Daskalakis. Po troch rokoch od ohavn\u00e9ho \u010dinu bola na hrade sl\u00e1vnostne odhalen\u00e1 obnoven\u00e1 hrobka a\u00a0hodnovern\u00e1 napodobnenina \u017dofiinej telesnej schr\u00e1nky. Vytvoril ju akademick\u00fd maliar Stanislav Lajda, ktor\u00fd je tie\u017e autorom jej obrazu. Replika \u017dofie Bosniakovej je s\u00fa\u010das\u0165ou st\u00e1lej expoz\u00edcie na hrade a\u00a0jej hrobka sa nach\u00e1dza v\u00a0kaplnke.<\/p>\n<p>Knihu o\u00a0sv\u00e4tici zo Stre\u010dna, ako ju obyvatelia naz\u00fdvali, pokrstila typick\u00fdmi \u201ebosniakmi\u201c predsedn\u00ed\u010dka \u017dilinsk\u00e9ho samospr\u00e1vneho kraja Erika Jurinov\u00e1,\u00a0riadite\u013e Pova\u017esk\u00e9ho m\u00fazea v\u00a0\u017diline Michal Jureck\u00fd, riadite\u013e Vydavate\u013estva Matice slovenskej Stanislav Munt\u00e1g a\u00a0riadite\u013e odboru kult\u00fary \u017dilinsk\u00e9ho samospr\u00e1vneho kraja Martin Hromada. Sl\u00e1vnostn\u00fa atmosf\u00e9ru umocnila hra na klav\u00edri v\u00a0podan\u00ed Martina Tomeka. Knihu \u017dofia Bosniakov\u00e1 si m\u00f4\u017eu z\u00e1ujemcovia k\u00fapi\u0165 vo Vydavate\u013estve Matice slovenskej, v\u00a0Pova\u017eskom m\u00fazeu v\u00a0\u017diline a\u00a0Kysuckom m\u00fazeu v\u00a0\u010cadci.<\/p>\n<p><img fetchpriority=\"high\" decoding=\"async\" class=\"size-medium wp-image-36379 alignleft\" src=\"https:\/\/pmza.sk\/wp-content\/uploads\/2019\/09\/001-540x360.jpg\" alt=\"\" width=\"540\" height=\"360\" srcset=\"https:\/\/pmza.sk\/wp-content\/uploads\/2019\/09\/001-540x360.jpg 540w, https:\/\/pmza.sk\/wp-content\/uploads\/2019\/09\/001-768x512.jpg 768w, https:\/\/pmza.sk\/wp-content\/uploads\/2019\/09\/001-600x400.jpg 600w, https:\/\/pmza.sk\/wp-content\/uploads\/2019\/09\/001.jpg 1024w\" sizes=\"(max-width: 540px) 100vw, 540px\" \/> <img decoding=\"async\" class=\"size-medium wp-image-36380 alignleft\" src=\"https:\/\/pmza.sk\/wp-content\/uploads\/2019\/09\/003-540x360.jpg\" alt=\"\" width=\"540\" height=\"360\" srcset=\"https:\/\/pmza.sk\/wp-content\/uploads\/2019\/09\/003-540x360.jpg 540w, https:\/\/pmza.sk\/wp-content\/uploads\/2019\/09\/003-768x512.jpg 768w, https:\/\/pmza.sk\/wp-content\/uploads\/2019\/09\/003-600x400.jpg 600w, https:\/\/pmza.sk\/wp-content\/uploads\/2019\/09\/003.jpg 1024w\" sizes=\"(max-width: 540px) 100vw, 540px\" \/> <img decoding=\"async\" class=\"size-medium wp-image-36381 alignleft\" src=\"https:\/\/pmza.sk\/wp-content\/uploads\/2019\/09\/IMG_4272-540x360.jpg\" alt=\"\" width=\"540\" height=\"360\" srcset=\"https:\/\/pmza.sk\/wp-content\/uploads\/2019\/09\/IMG_4272-540x360.jpg 540w, https:\/\/pmza.sk\/wp-content\/uploads\/2019\/09\/IMG_4272-768x512.jpg 768w, https:\/\/pmza.sk\/wp-content\/uploads\/2019\/09\/IMG_4272-600x400.jpg 600w, https:\/\/pmza.sk\/wp-content\/uploads\/2019\/09\/IMG_4272.jpg 1024w\" sizes=\"(max-width: 540px) 100vw, 540px\" \/> <img loading=\"lazy\" decoding=\"async\" class=\"size-medium wp-image-36382 alignleft\" src=\"https:\/\/pmza.sk\/wp-content\/uploads\/2019\/09\/IMG_4276-540x360.jpg\" alt=\"\" width=\"540\" height=\"360\" srcset=\"https:\/\/pmza.sk\/wp-content\/uploads\/2019\/09\/IMG_4276-540x360.jpg 540w, https:\/\/pmza.sk\/wp-content\/uploads\/2019\/09\/IMG_4276-768x512.jpg 768w, https:\/\/pmza.sk\/wp-content\/uploads\/2019\/09\/IMG_4276-600x400.jpg 600w, https:\/\/pmza.sk\/wp-content\/uploads\/2019\/09\/IMG_4276.jpg 1024w\" sizes=\"(max-width: 540px) 100vw, 540px\" \/> <img loading=\"lazy\" decoding=\"async\" class=\"size-medium wp-image-36383 alignleft\" src=\"https:\/\/pmza.sk\/wp-content\/uploads\/2019\/09\/IMG_4294-540x360.jpg\" alt=\"\" width=\"540\" height=\"360\" srcset=\"https:\/\/pmza.sk\/wp-content\/uploads\/2019\/09\/IMG_4294-540x360.jpg 540w, https:\/\/pmza.sk\/wp-content\/uploads\/2019\/09\/IMG_4294-768x512.jpg 768w, https:\/\/pmza.sk\/wp-content\/uploads\/2019\/09\/IMG_4294-600x400.jpg 600w, https:\/\/pmza.sk\/wp-content\/uploads\/2019\/09\/IMG_4294.jpg 1024w\" sizes=\"(max-width: 540px) 100vw, 540px\" \/> <img loading=\"lazy\" decoding=\"async\" class=\"size-medium wp-image-36384 alignleft\" src=\"https:\/\/pmza.sk\/wp-content\/uploads\/2019\/09\/IMG_4297-1-540x360.jpg\" alt=\"\" width=\"540\" height=\"360\" srcset=\"https:\/\/pmza.sk\/wp-content\/uploads\/2019\/09\/IMG_4297-1-540x360.jpg 540w, https:\/\/pmza.sk\/wp-content\/uploads\/2019\/09\/IMG_4297-1-768x512.jpg 768w, https:\/\/pmza.sk\/wp-content\/uploads\/2019\/09\/IMG_4297-1-600x400.jpg 600w, https:\/\/pmza.sk\/wp-content\/uploads\/2019\/09\/IMG_4297-1.jpg 1024w\" sizes=\"(max-width: 540px) 100vw, 540px\" \/> <img loading=\"lazy\" decoding=\"async\" class=\"size-medium wp-image-36385 alignleft\" src=\"https:\/\/pmza.sk\/wp-content\/uploads\/2019\/09\/IMG_4303-540x360.jpg\" alt=\"\" width=\"540\" height=\"360\" srcset=\"https:\/\/pmza.sk\/wp-content\/uploads\/2019\/09\/IMG_4303-540x360.jpg 540w, https:\/\/pmza.sk\/wp-content\/uploads\/2019\/09\/IMG_4303-768x512.jpg 768w, https:\/\/pmza.sk\/wp-content\/uploads\/2019\/09\/IMG_4303-600x400.jpg 600w, https:\/\/pmza.sk\/wp-content\/uploads\/2019\/09\/IMG_4303.jpg 1024w\" sizes=\"(max-width: 540px) 100vw, 540px\" \/> <img loading=\"lazy\" decoding=\"async\" class=\"size-medium wp-image-36386 alignleft\" src=\"https:\/\/pmza.sk\/wp-content\/uploads\/2019\/09\/IMG_4305-540x360.jpg\" alt=\"\" width=\"540\" height=\"360\" srcset=\"https:\/\/pmza.sk\/wp-content\/uploads\/2019\/09\/IMG_4305-540x360.jpg 540w, https:\/\/pmza.sk\/wp-content\/uploads\/2019\/09\/IMG_4305-768x512.jpg 768w, https:\/\/pmza.sk\/wp-content\/uploads\/2019\/09\/IMG_4305-600x400.jpg 600w, https:\/\/pmza.sk\/wp-content\/uploads\/2019\/09\/IMG_4305.jpg 1024w\" sizes=\"(max-width: 540px) 100vw, 540px\" \/><\/p>\n","protected":false},"excerpt":{"rendered":"<p>Ve\u013ek\u00e1 kniha o\u00a0\u017eene viery a\u00a0l\u00e1sky \u2013 to je podtitul knihy s\u00a0n\u00e1zvom \u017dofia Bosniakov\u00e1, ktor\u00fa pokrstili v\u00a0sobotu 21. septembra popoludn\u00ed v\u00a0kaplnke hradu Stre\u010dno. Vydala ju Matica slovensk\u00e1 v\u00a0spolupr\u00e1ci so \u017dilinsk\u00fdm samospr\u00e1vnym krajom, Pova\u017esk\u00fdm m\u00fazeom v\u00a0\u017diline a\u00a0Kysuck\u00fdm m\u00fazeom v\u00a0\u010cadci. Kniha je dielom kolekt\u00edvu autorov a\u00a0v\u00a0trin\u00e1stich kapitol\u00e1ch vykres\u013euje \u017dofiu ako \u017eenu \u0161\u013eachetn\u00fa, cnostn\u00fa, zbo\u017en\u00fa, in\u0161pirat\u00edvnu, nezvy\u010dajn\u00fa a\u00a0nezabudnute\u013en\u00fa. \u010citatelia [&hellip;]<\/p>\n","protected":false},"author":2,"featured_media":36378,"comment_status":"closed","ping_status":"closed","sticky":false,"template":"","format":"standard","meta":{"site-sidebar-layout":"default","site-content-layout":"","ast-site-content-layout":"","site-content-style":"default","site-sidebar-style":"default","ast-global-header-display":"","ast-banner-title-visibility":"","ast-main-header-display":"","ast-hfb-above-header-display":"","ast-hfb-below-header-display":"","ast-hfb-mobile-header-display":"","site-post-title":"","ast-breadcrumbs-content":"","ast-featured-img":"","footer-sml-layout":"","theme-transparent-header-meta":"","adv-header-id-meta":"","stick-header-meta":"","header-above-stick-meta":"","header-main-stick-meta":"","header-below-stick-meta":"","astra-migrate-meta-layouts":"default","ast-page-background-enabled":"default","ast-page-background-meta":{"desktop":{"background-color":"var(--ast-global-color-4)","background-image":"","background-repeat":"repeat","background-position":"center center","background-size":"auto","background-attachment":"scroll","background-type":"","background-media":"","overlay-type":"","overlay-color":"","overlay-opacity":"","overlay-gradient":""},"tablet":{"background-color":"","background-image":"","background-repeat":"repeat","background-position":"center center","background-size":"auto","background-attachment":"scroll","background-type":"","background-media":"","overlay-type":"","overlay-color":"","overlay-opacity":"","overlay-gradient":""},"mobile":{"background-color":"","background-image":"","background-repeat":"repeat","background-position":"center center","background-size":"auto","background-attachment":"scroll","background-type":"","background-media":"","overlay-type":"","overlay-color":"","overlay-opacity":"","overlay-gradient":""}},"ast-content-background-meta":{"desktop":{"background-color":"var(--ast-global-color-5)","background-image":"","background-repeat":"repeat","background-position":"center center","background-size":"auto","background-attachment":"scroll","background-type":"","background-media":"","overlay-type":"","overlay-color":"","overlay-opacity":"","overlay-gradient":""},"tablet":{"background-color":"var(--ast-global-color-5)","background-image":"","background-repeat":"repeat","background-position":"center center","background-size":"auto","background-attachment":"scroll","background-type":"","background-media":"","overlay-type":"","overlay-color":"","overlay-opacity":"","overlay-gradient":""},"mobile":{"background-color":"var(--ast-global-color-5)","background-image":"","background-repeat":"repeat","background-position":"center center","background-size":"auto","background-attachment":"scroll","background-type":"","background-media":"","overlay-type":"","overlay-color":"","overlay-opacity":"","overlay-gradient":""}},"footnotes":""},"categories":[31],"tags":[],"class_list":["post-36377","post","type-post","status-publish","format-standard","has-post-thumbnail","hentry","category-aktuality"],"yoast_head":"<!-- This site is optimized with the Yoast SEO plugin v27.4 - https:\/\/yoast.com\/product\/yoast-seo-wordpress\/ -->\n<title>Do \u017eivota sme uviedli knihu \u017dofia Bosniakov\u00e1 - Pova\u017esk\u00e9 m\u00fazeum<\/title>\n<meta name=\"robots\" content=\"index, follow, max-snippet:-1, max-image-preview:large, max-video-preview:-1\" \/>\n<link rel=\"canonical\" href=\"https:\/\/pmza.sk\/?p=36377\" \/>\n<meta property=\"og:locale\" content=\"sk_SK\" \/>\n<meta property=\"og:type\" content=\"article\" \/>\n<meta property=\"og:title\" content=\"Do \u017eivota sme uviedli knihu \u017dofia Bosniakov\u00e1 - Pova\u017esk\u00e9 m\u00fazeum\" \/>\n<meta property=\"og:description\" content=\"Ve\u013ek\u00e1 kniha o\u00a0\u017eene viery a\u00a0l\u00e1sky \u2013 to je podtitul knihy s\u00a0n\u00e1zvom \u017dofia Bosniakov\u00e1, ktor\u00fa pokrstili v\u00a0sobotu 21. septembra popoludn\u00ed v\u00a0kaplnke hradu Stre\u010dno. Vydala ju Matica slovensk\u00e1 v\u00a0spolupr\u00e1ci so \u017dilinsk\u00fdm samospr\u00e1vnym krajom, Pova\u017esk\u00fdm m\u00fazeom v\u00a0\u017diline a\u00a0Kysuck\u00fdm m\u00fazeom v\u00a0\u010cadci. Kniha je dielom kolekt\u00edvu autorov a\u00a0v\u00a0trin\u00e1stich kapitol\u00e1ch vykres\u013euje \u017dofiu ako \u017eenu \u0161\u013eachetn\u00fa, cnostn\u00fa, zbo\u017en\u00fa, in\u0161pirat\u00edvnu, nezvy\u010dajn\u00fa a\u00a0nezabudnute\u013en\u00fa. \u010citatelia [&hellip;]\" \/>\n<meta property=\"og:url\" content=\"https:\/\/pmza.sk\/?p=36377\" \/>\n<meta property=\"og:site_name\" content=\"Pova\u017esk\u00e9 m\u00fazeum\" \/>\n<meta property=\"article:publisher\" content=\"https:\/\/www.facebook.com\/povazskemuzeum\" \/>\n<meta property=\"article:published_time\" content=\"2019-09-25T07:47:02+00:00\" \/>\n<meta property=\"og:image\" content=\"https:\/\/pmza.sk\/wp-content\/uploads\/2019\/09\/IMG_4297.jpg\" \/>\n\t<meta property=\"og:image:width\" content=\"1024\" \/>\n\t<meta property=\"og:image:height\" content=\"683\" \/>\n\t<meta property=\"og:image:type\" content=\"image\/jpeg\" \/>\n<meta name=\"author\" content=\"Pova\u017esk\u00e9 m\u00fazeum\" \/>\n<meta name=\"twitter:card\" content=\"summary_large_image\" \/>\n<meta name=\"twitter:label1\" content=\"Autor\" \/>\n\t<meta name=\"twitter:data1\" content=\"Pova\u017esk\u00e9 m\u00fazeum\" \/>\n\t<meta name=\"twitter:label2\" content=\"Predpokladan\u00fd \u010das \u010d\u00edtania\" \/>\n\t<meta name=\"twitter:data2\" content=\"2 min\u00faty\" \/>\n<script type=\"application\/ld+json\" class=\"yoast-schema-graph\">{\"@context\":\"https:\\\/\\\/schema.org\",\"@graph\":[{\"@type\":\"Article\",\"@id\":\"https:\\\/\\\/pmza.sk\\\/?p=36377#article\",\"isPartOf\":{\"@id\":\"https:\\\/\\\/pmza.sk\\\/?p=36377\"},\"author\":{\"name\":\"Pova\u017esk\u00e9 m\u00fazeum\",\"@id\":\"https:\\\/\\\/pmza.sk\\\/#\\\/schema\\\/person\\\/595e6a2ce731ea94dcd5d7f50a41ae33\"},\"headline\":\"Do \u017eivota sme uviedli knihu \u017dofia Bosniakov\u00e1\",\"datePublished\":\"2019-09-25T07:47:02+00:00\",\"mainEntityOfPage\":{\"@id\":\"https:\\\/\\\/pmza.sk\\\/?p=36377\"},\"wordCount\":365,\"publisher\":{\"@id\":\"https:\\\/\\\/pmza.sk\\\/#organization\"},\"image\":{\"@id\":\"https:\\\/\\\/pmza.sk\\\/?p=36377#primaryimage\"},\"thumbnailUrl\":\"https:\\\/\\\/pmza.sk\\\/wp-content\\\/uploads\\\/2019\\\/09\\\/IMG_4297.jpg\",\"articleSection\":[\"Aktuality\"],\"inLanguage\":\"sk-SK\"},{\"@type\":\"WebPage\",\"@id\":\"https:\\\/\\\/pmza.sk\\\/?p=36377\",\"url\":\"https:\\\/\\\/pmza.sk\\\/?p=36377\",\"name\":\"Do \u017eivota sme uviedli knihu \u017dofia Bosniakov\u00e1 - Pova\u017esk\u00e9 m\u00fazeum\",\"isPartOf\":{\"@id\":\"https:\\\/\\\/pmza.sk\\\/#website\"},\"primaryImageOfPage\":{\"@id\":\"https:\\\/\\\/pmza.sk\\\/?p=36377#primaryimage\"},\"image\":{\"@id\":\"https:\\\/\\\/pmza.sk\\\/?p=36377#primaryimage\"},\"thumbnailUrl\":\"https:\\\/\\\/pmza.sk\\\/wp-content\\\/uploads\\\/2019\\\/09\\\/IMG_4297.jpg\",\"datePublished\":\"2019-09-25T07:47:02+00:00\",\"breadcrumb\":{\"@id\":\"https:\\\/\\\/pmza.sk\\\/?p=36377#breadcrumb\"},\"inLanguage\":\"sk-SK\",\"potentialAction\":[{\"@type\":\"ReadAction\",\"target\":[\"https:\\\/\\\/pmza.sk\\\/?p=36377\"]}]},{\"@type\":\"ImageObject\",\"inLanguage\":\"sk-SK\",\"@id\":\"https:\\\/\\\/pmza.sk\\\/?p=36377#primaryimage\",\"url\":\"https:\\\/\\\/pmza.sk\\\/wp-content\\\/uploads\\\/2019\\\/09\\\/IMG_4297.jpg\",\"contentUrl\":\"https:\\\/\\\/pmza.sk\\\/wp-content\\\/uploads\\\/2019\\\/09\\\/IMG_4297.jpg\",\"width\":1024,\"height\":683},{\"@type\":\"BreadcrumbList\",\"@id\":\"https:\\\/\\\/pmza.sk\\\/?p=36377#breadcrumb\",\"itemListElement\":[{\"@type\":\"ListItem\",\"position\":1,\"name\":\"Domovsk\u00e1 str\u00e1nka\",\"item\":\"https:\\\/\\\/pmza.sk\\\/\"},{\"@type\":\"ListItem\",\"position\":2,\"name\":\"Do \u017eivota sme uviedli knihu \u017dofia Bosniakov\u00e1\"}]},{\"@type\":\"WebSite\",\"@id\":\"https:\\\/\\\/pmza.sk\\\/#website\",\"url\":\"https:\\\/\\\/pmza.sk\\\/\",\"name\":\"Pova\u017esk\u00e9 m\u00fazeum\",\"description\":\"Pova\u017esk\u00e9 m\u00fazeum v \u017diline je region\u00e1lne m\u00fazeum so s\u00eddlom v Budat\u00edne. Jeho expoz\u00edcie s\u00fa zameran\u00e9 na dejiny slovensk\u00e9ho umenia, kult\u00fary a dopravy.\",\"publisher\":{\"@id\":\"https:\\\/\\\/pmza.sk\\\/#organization\"},\"potentialAction\":[{\"@type\":\"SearchAction\",\"target\":{\"@type\":\"EntryPoint\",\"urlTemplate\":\"https:\\\/\\\/pmza.sk\\\/?s={search_term_string}\"},\"query-input\":{\"@type\":\"PropertyValueSpecification\",\"valueRequired\":true,\"valueName\":\"search_term_string\"}}],\"inLanguage\":\"sk-SK\"},{\"@type\":\"Organization\",\"@id\":\"https:\\\/\\\/pmza.sk\\\/#organization\",\"name\":\"Pova\u017esk\u00e9 m\u00fazeum\",\"url\":\"https:\\\/\\\/pmza.sk\\\/\",\"logo\":{\"@type\":\"ImageObject\",\"inLanguage\":\"sk-SK\",\"@id\":\"https:\\\/\\\/pmza.sk\\\/#\\\/schema\\\/logo\\\/image\\\/\",\"url\":\"https:\\\/\\\/pmza.sk\\\/wp-content\\\/uploads\\\/2022\\\/01\\\/logo_PM_horizontal.jpg\",\"contentUrl\":\"https:\\\/\\\/pmza.sk\\\/wp-content\\\/uploads\\\/2022\\\/01\\\/logo_PM_horizontal.jpg\",\"width\":231,\"height\":142,\"caption\":\"Pova\u017esk\u00e9 m\u00fazeum\"},\"image\":{\"@id\":\"https:\\\/\\\/pmza.sk\\\/#\\\/schema\\\/logo\\\/image\\\/\"},\"sameAs\":[\"https:\\\/\\\/www.facebook.com\\\/povazskemuzeum\",\"https:\\\/\\\/www.instagram.com\\\/povazskemuzeum\\\/\"]},{\"@type\":\"Person\",\"@id\":\"https:\\\/\\\/pmza.sk\\\/#\\\/schema\\\/person\\\/595e6a2ce731ea94dcd5d7f50a41ae33\",\"name\":\"Pova\u017esk\u00e9 m\u00fazeum\",\"image\":{\"@type\":\"ImageObject\",\"inLanguage\":\"sk-SK\",\"@id\":\"https:\\\/\\\/secure.gravatar.com\\\/avatar\\\/2bb7f1561282132fb5826dfeccc66c7996d11ee392ac6aaf7ced8a1c2027fbb2?s=96&d=mm&r=g\",\"url\":\"https:\\\/\\\/secure.gravatar.com\\\/avatar\\\/2bb7f1561282132fb5826dfeccc66c7996d11ee392ac6aaf7ced8a1c2027fbb2?s=96&d=mm&r=g\",\"contentUrl\":\"https:\\\/\\\/secure.gravatar.com\\\/avatar\\\/2bb7f1561282132fb5826dfeccc66c7996d11ee392ac6aaf7ced8a1c2027fbb2?s=96&d=mm&r=g\",\"caption\":\"Pova\u017esk\u00e9 m\u00fazeum\"}}]}<\/script>\n<!-- \/ Yoast SEO plugin. -->","yoast_head_json":{"title":"Do \u017eivota sme uviedli knihu \u017dofia Bosniakov\u00e1 - Pova\u017esk\u00e9 m\u00fazeum","robots":{"index":"index","follow":"follow","max-snippet":"max-snippet:-1","max-image-preview":"max-image-preview:large","max-video-preview":"max-video-preview:-1"},"canonical":"https:\/\/pmza.sk\/?p=36377","og_locale":"sk_SK","og_type":"article","og_title":"Do \u017eivota sme uviedli knihu \u017dofia Bosniakov\u00e1 - Pova\u017esk\u00e9 m\u00fazeum","og_description":"Ve\u013ek\u00e1 kniha o\u00a0\u017eene viery a\u00a0l\u00e1sky \u2013 to je podtitul knihy s\u00a0n\u00e1zvom \u017dofia Bosniakov\u00e1, ktor\u00fa pokrstili v\u00a0sobotu 21. septembra popoludn\u00ed v\u00a0kaplnke hradu Stre\u010dno. Vydala ju Matica slovensk\u00e1 v\u00a0spolupr\u00e1ci so \u017dilinsk\u00fdm samospr\u00e1vnym krajom, Pova\u017esk\u00fdm m\u00fazeom v\u00a0\u017diline a\u00a0Kysuck\u00fdm m\u00fazeom v\u00a0\u010cadci. Kniha je dielom kolekt\u00edvu autorov a\u00a0v\u00a0trin\u00e1stich kapitol\u00e1ch vykres\u013euje \u017dofiu ako \u017eenu \u0161\u013eachetn\u00fa, cnostn\u00fa, zbo\u017en\u00fa, in\u0161pirat\u00edvnu, nezvy\u010dajn\u00fa a\u00a0nezabudnute\u013en\u00fa. \u010citatelia [&hellip;]","og_url":"https:\/\/pmza.sk\/?p=36377","og_site_name":"Pova\u017esk\u00e9 m\u00fazeum","article_publisher":"https:\/\/www.facebook.com\/povazskemuzeum","article_published_time":"2019-09-25T07:47:02+00:00","og_image":[{"width":1024,"height":683,"url":"https:\/\/pmza.sk\/wp-content\/uploads\/2019\/09\/IMG_4297.jpg","type":"image\/jpeg"}],"author":"Pova\u017esk\u00e9 m\u00fazeum","twitter_card":"summary_large_image","twitter_misc":{"Autor":"Pova\u017esk\u00e9 m\u00fazeum","Predpokladan\u00fd \u010das \u010d\u00edtania":"2 min\u00faty"},"schema":{"@context":"https:\/\/schema.org","@graph":[{"@type":"Article","@id":"https:\/\/pmza.sk\/?p=36377#article","isPartOf":{"@id":"https:\/\/pmza.sk\/?p=36377"},"author":{"name":"Pova\u017esk\u00e9 m\u00fazeum","@id":"https:\/\/pmza.sk\/#\/schema\/person\/595e6a2ce731ea94dcd5d7f50a41ae33"},"headline":"Do \u017eivota sme uviedli knihu \u017dofia Bosniakov\u00e1","datePublished":"2019-09-25T07:47:02+00:00","mainEntityOfPage":{"@id":"https:\/\/pmza.sk\/?p=36377"},"wordCount":365,"publisher":{"@id":"https:\/\/pmza.sk\/#organization"},"image":{"@id":"https:\/\/pmza.sk\/?p=36377#primaryimage"},"thumbnailUrl":"https:\/\/pmza.sk\/wp-content\/uploads\/2019\/09\/IMG_4297.jpg","articleSection":["Aktuality"],"inLanguage":"sk-SK"},{"@type":"WebPage","@id":"https:\/\/pmza.sk\/?p=36377","url":"https:\/\/pmza.sk\/?p=36377","name":"Do \u017eivota sme uviedli knihu \u017dofia Bosniakov\u00e1 - Pova\u017esk\u00e9 m\u00fazeum","isPartOf":{"@id":"https:\/\/pmza.sk\/#website"},"primaryImageOfPage":{"@id":"https:\/\/pmza.sk\/?p=36377#primaryimage"},"image":{"@id":"https:\/\/pmza.sk\/?p=36377#primaryimage"},"thumbnailUrl":"https:\/\/pmza.sk\/wp-content\/uploads\/2019\/09\/IMG_4297.jpg","datePublished":"2019-09-25T07:47:02+00:00","breadcrumb":{"@id":"https:\/\/pmza.sk\/?p=36377#breadcrumb"},"inLanguage":"sk-SK","potentialAction":[{"@type":"ReadAction","target":["https:\/\/pmza.sk\/?p=36377"]}]},{"@type":"ImageObject","inLanguage":"sk-SK","@id":"https:\/\/pmza.sk\/?p=36377#primaryimage","url":"https:\/\/pmza.sk\/wp-content\/uploads\/2019\/09\/IMG_4297.jpg","contentUrl":"https:\/\/pmza.sk\/wp-content\/uploads\/2019\/09\/IMG_4297.jpg","width":1024,"height":683},{"@type":"BreadcrumbList","@id":"https:\/\/pmza.sk\/?p=36377#breadcrumb","itemListElement":[{"@type":"ListItem","position":1,"name":"Domovsk\u00e1 str\u00e1nka","item":"https:\/\/pmza.sk\/"},{"@type":"ListItem","position":2,"name":"Do \u017eivota sme uviedli knihu \u017dofia Bosniakov\u00e1"}]},{"@type":"WebSite","@id":"https:\/\/pmza.sk\/#website","url":"https:\/\/pmza.sk\/","name":"Pova\u017esk\u00e9 m\u00fazeum","description":"Pova\u017esk\u00e9 m\u00fazeum v \u017diline je region\u00e1lne m\u00fazeum so s\u00eddlom v Budat\u00edne. Jeho expoz\u00edcie s\u00fa zameran\u00e9 na dejiny slovensk\u00e9ho umenia, kult\u00fary a dopravy.","publisher":{"@id":"https:\/\/pmza.sk\/#organization"},"potentialAction":[{"@type":"SearchAction","target":{"@type":"EntryPoint","urlTemplate":"https:\/\/pmza.sk\/?s={search_term_string}"},"query-input":{"@type":"PropertyValueSpecification","valueRequired":true,"valueName":"search_term_string"}}],"inLanguage":"sk-SK"},{"@type":"Organization","@id":"https:\/\/pmza.sk\/#organization","name":"Pova\u017esk\u00e9 m\u00fazeum","url":"https:\/\/pmza.sk\/","logo":{"@type":"ImageObject","inLanguage":"sk-SK","@id":"https:\/\/pmza.sk\/#\/schema\/logo\/image\/","url":"https:\/\/pmza.sk\/wp-content\/uploads\/2022\/01\/logo_PM_horizontal.jpg","contentUrl":"https:\/\/pmza.sk\/wp-content\/uploads\/2022\/01\/logo_PM_horizontal.jpg","width":231,"height":142,"caption":"Pova\u017esk\u00e9 m\u00fazeum"},"image":{"@id":"https:\/\/pmza.sk\/#\/schema\/logo\/image\/"},"sameAs":["https:\/\/www.facebook.com\/povazskemuzeum","https:\/\/www.instagram.com\/povazskemuzeum\/"]},{"@type":"Person","@id":"https:\/\/pmza.sk\/#\/schema\/person\/595e6a2ce731ea94dcd5d7f50a41ae33","name":"Pova\u017esk\u00e9 m\u00fazeum","image":{"@type":"ImageObject","inLanguage":"sk-SK","@id":"https:\/\/secure.gravatar.com\/avatar\/2bb7f1561282132fb5826dfeccc66c7996d11ee392ac6aaf7ced8a1c2027fbb2?s=96&d=mm&r=g","url":"https:\/\/secure.gravatar.com\/avatar\/2bb7f1561282132fb5826dfeccc66c7996d11ee392ac6aaf7ced8a1c2027fbb2?s=96&d=mm&r=g","contentUrl":"https:\/\/secure.gravatar.com\/avatar\/2bb7f1561282132fb5826dfeccc66c7996d11ee392ac6aaf7ced8a1c2027fbb2?s=96&d=mm&r=g","caption":"Pova\u017esk\u00e9 m\u00fazeum"}}]}},"_links":{"self":[{"href":"https:\/\/pmza.sk\/index.php?rest_route=\/wp\/v2\/posts\/36377","targetHints":{"allow":["GET"]}}],"collection":[{"href":"https:\/\/pmza.sk\/index.php?rest_route=\/wp\/v2\/posts"}],"about":[{"href":"https:\/\/pmza.sk\/index.php?rest_route=\/wp\/v2\/types\/post"}],"author":[{"embeddable":true,"href":"https:\/\/pmza.sk\/index.php?rest_route=\/wp\/v2\/users\/2"}],"replies":[{"embeddable":true,"href":"https:\/\/pmza.sk\/index.php?rest_route=%2Fwp%2Fv2%2Fcomments&post=36377"}],"version-history":[{"count":0,"href":"https:\/\/pmza.sk\/index.php?rest_route=\/wp\/v2\/posts\/36377\/revisions"}],"wp:featuredmedia":[{"embeddable":true,"href":"https:\/\/pmza.sk\/index.php?rest_route=\/wp\/v2\/media\/36378"}],"wp:attachment":[{"href":"https:\/\/pmza.sk\/index.php?rest_route=%2Fwp%2Fv2%2Fmedia&parent=36377"}],"wp:term":[{"taxonomy":"category","embeddable":true,"href":"https:\/\/pmza.sk\/index.php?rest_route=%2Fwp%2Fv2%2Fcategories&post=36377"},{"taxonomy":"post_tag","embeddable":true,"href":"https:\/\/pmza.sk\/index.php?rest_route=%2Fwp%2Fv2%2Ftags&post=36377"}],"curies":[{"name":"wp","href":"https:\/\/api.w.org\/{rel}","templated":true}]}}