{"id":36422,"date":"2019-10-01T12:10:03","date_gmt":"2019-10-01T10:10:03","guid":{"rendered":"https:\/\/pmza.sk\/?p=36422"},"modified":"2019-10-01T12:10:03","modified_gmt":"2019-10-01T10:10:03","slug":"noc-duchov-tekvic-a-strasidiel-4","status":"publish","type":"post","link":"https:\/\/pmza.sk\/?p=36422","title":{"rendered":"Noc duchov, tekv\u00edc a stra\u0161idiel"},"content":{"rendered":"<p>Radi sa boj\u00edte? Napl\u00e1nujte si n\u00e1v\u0161tevu hradu Stre\u010dno! Hovor\u00ed sa, \u017ee tajupln\u00fd, stredovek\u00fd hrad je ide\u00e1lnym domovom r\u00f4znych nadprirodzen\u00fdch bytost\u00ed. \u010ci je to pravda, zist\u00edte po\u010das podujatia Noc duchov, tekv\u00edc a\u00a0stra\u0161idiel v\u00a0sobotu 26. okt\u00f3bra. Na konci sez\u00f3ny sa tam bud\u00fa dia\u0165 veci!<\/p>\n<p>N\u00e1v\u0161tevn\u00edci sa nielen stretn\u00fa s\u00a0r\u00f4znymi desiv\u00fdmi postavami, ale dokonca sa dozvedia, ako sa im br\u00e1ni\u0165. <em>\u201eNa vlastn\u00e9 o\u010di uvidia, \u010di pom\u00f4\u017ee cesnak, dreven\u00fd k\u00f4l alebo sv\u00e4ten\u00e1 voda. Stretn\u00fa hradn\u00e9ho kapit\u00e1na, ktor\u00fd tvrd\u00ed, \u017ee stra\u0161idlo na hrade nikdy nevidel. Zop\u00e1r up\u00edrov sa tam predsa len objav\u00ed a\u00a0ch\u00fdba\u0165 nebud\u00fa ani bosorky. A\u00a0to nie hocijak\u00e9. Kto pod\u013eahne ich tancu, nemus\u00ed sa u\u017e vr\u00e1ti\u0165 domov. Ak mu od strachu vyschne v\u00a0hrdle, m\u00f4\u017ee sa osvie\u017ei\u0165 v\u00a0takzvanom Stra\u0161ibare a\u00a0dopria\u0165 si nezvy\u010dajn\u00e9 n\u00e1poje. Tras\u00faci sa \u017eal\u00fadok zas po\u0161teklia jedl\u00e1 zo stredovekej kuchyne. Zauj\u00edmav\u00e1 bude i medzin\u00e1rodn\u00e1 \u0161kola stra\u0161enia, v\u00a0ktorej vyu\u010duje profesorka Hr\u00f4zostra\u0161n\u00e1. Jej \u017eiaci bud\u00fa musie\u0165 zvl\u00e1dnu\u0165 tri z\u00e1kladn\u00e9 z\u00e1sady stra\u0161enia a ich umenie si niektor\u00ed pr\u00edtomn\u00ed vysk\u00fa\u0161aj\u00fa na svojej ko\u017ei.\u201c<\/em> poz\u00fdva spr\u00e1vky\u0148a hradu Stre\u010dno Katar\u00edna Rep\u00e1\u0148ov\u00e1.\u00a0\u00a0<\/p>\n<p>Odkia\u013e v\u0161etky tie bosorky a\u00a0stra\u0161idl\u00e1 na hrad lietaj\u00fa? No predsa z\u00a0tmavej no\u010dnej oblohy! \u00a0V\u00fdnimo\u010dn\u00e9 pozorovanie priamo z\u00a0hradn\u00fdch m\u00farov sprostredkuje Krajsk\u00e1 hvezd\u00e1re\u0148 v\u00a0\u017diline. Do temn\u00e9ho prostredia hradu patr\u00ed neodmyslite\u013ene aj ohe\u0148. \u0160ou vyr\u00e1\u017eaj\u00facu dych predvedie BlackEvils. Tajomne bude aj v\u00a0kaplnke, kde sa nach\u00e1dza hrobka \u017dofie Bosniakovej. Pr\u00e1ve tam \u010dak\u00e1 na n\u00e1v\u0161tevn\u00edkov neoby\u010dajn\u00fd koncert.<\/p>\n<p>Vstupy do hradu bud\u00fa ka\u017ed\u00fa polhodinu od 17.30 do 21.00.<\/p>\n<p><strong> V\u0161etky l\u00edstky na podujatie s\u00fa vypredan\u00e9! Predaj na mieste nebude mo\u017en\u00fd! <br \/><\/strong><\/p>\n<p><img fetchpriority=\"high\" decoding=\"async\" class=\"size-medium wp-image-36424 alignleft\" src=\"https:\/\/pmza.sk\/wp-content\/uploads\/2019\/10\/Bosorka-v-akcii-540x360.jpg\" alt=\"\" width=\"540\" height=\"360\" srcset=\"https:\/\/pmza.sk\/wp-content\/uploads\/2019\/10\/Bosorka-v-akcii-540x360.jpg 540w, https:\/\/pmza.sk\/wp-content\/uploads\/2019\/10\/Bosorka-v-akcii-768x512.jpg 768w, https:\/\/pmza.sk\/wp-content\/uploads\/2019\/10\/Bosorka-v-akcii-600x400.jpg 600w, https:\/\/pmza.sk\/wp-content\/uploads\/2019\/10\/Bosorka-v-akcii.jpg 1024w\" sizes=\"(max-width: 540px) 100vw, 540px\" \/> <img decoding=\"async\" class=\"size-medium wp-image-36425 alignleft\" src=\"https:\/\/pmza.sk\/wp-content\/uploads\/2019\/10\/Mozno-potecie-aj-krv-236x360.jpg\" alt=\"\" width=\"236\" height=\"360\" srcset=\"https:\/\/pmza.sk\/wp-content\/uploads\/2019\/10\/Mozno-potecie-aj-krv-236x360.jpg 236w, https:\/\/pmza.sk\/wp-content\/uploads\/2019\/10\/Mozno-potecie-aj-krv-482x736.jpg 482w, https:\/\/pmza.sk\/wp-content\/uploads\/2019\/10\/Mozno-potecie-aj-krv-600x917.jpg 600w, https:\/\/pmza.sk\/wp-content\/uploads\/2019\/10\/Mozno-potecie-aj-krv.jpg 670w\" sizes=\"(max-width: 236px) 100vw, 236px\" \/> <img decoding=\"async\" class=\"size-medium wp-image-36427 alignleft\" src=\"https:\/\/pmza.sk\/wp-content\/uploads\/2019\/10\/Netradicna-ochutnavka-240x360.jpg\" alt=\"\" width=\"240\" height=\"360\" srcset=\"https:\/\/pmza.sk\/wp-content\/uploads\/2019\/10\/Netradicna-ochutnavka-240x360.jpg 240w, https:\/\/pmza.sk\/wp-content\/uploads\/2019\/10\/Netradicna-ochutnavka-491x736.jpg 491w, https:\/\/pmza.sk\/wp-content\/uploads\/2019\/10\/Netradicna-ochutnavka-600x900.jpg 600w, https:\/\/pmza.sk\/wp-content\/uploads\/2019\/10\/Netradicna-ochutnavka.jpg 683w\" sizes=\"(max-width: 240px) 100vw, 240px\" \/><\/p>\n<p>&nbsp;<\/p>\n","protected":false},"excerpt":{"rendered":"<p>Radi sa boj\u00edte? Napl\u00e1nujte si n\u00e1v\u0161tevu hradu Stre\u010dno! Hovor\u00ed sa, \u017ee tajupln\u00fd, stredovek\u00fd hrad je ide\u00e1lnym domovom r\u00f4znych nadprirodzen\u00fdch bytost\u00ed. \u010ci je to pravda, zist\u00edte po\u010das podujatia Noc duchov, tekv\u00edc a\u00a0stra\u0161idiel v\u00a0sobotu 26. okt\u00f3bra. Na konci sez\u00f3ny sa tam bud\u00fa dia\u0165 veci! N\u00e1v\u0161tevn\u00edci sa nielen stretn\u00fa s\u00a0r\u00f4znymi desiv\u00fdmi postavami, ale dokonca sa dozvedia, ako sa [&hellip;]<\/p>\n","protected":false},"author":2,"featured_media":36423,"comment_status":"closed","ping_status":"closed","sticky":false,"template":"","format":"standard","meta":{"site-sidebar-layout":"default","site-content-layout":"","ast-site-content-layout":"","site-content-style":"default","site-sidebar-style":"default","ast-global-header-display":"","ast-banner-title-visibility":"","ast-main-header-display":"","ast-hfb-above-header-display":"","ast-hfb-below-header-display":"","ast-hfb-mobile-header-display":"","site-post-title":"","ast-breadcrumbs-content":"","ast-featured-img":"","footer-sml-layout":"","theme-transparent-header-meta":"","adv-header-id-meta":"","stick-header-meta":"","header-above-stick-meta":"","header-main-stick-meta":"","header-below-stick-meta":"","astra-migrate-meta-layouts":"default","ast-page-background-enabled":"default","ast-page-background-meta":{"desktop":{"background-color":"var(--ast-global-color-4)","background-image":"","background-repeat":"repeat","background-position":"center center","background-size":"auto","background-attachment":"scroll","background-type":"","background-media":"","overlay-type":"","overlay-color":"","overlay-opacity":"","overlay-gradient":""},"tablet":{"background-color":"","background-image":"","background-repeat":"repeat","background-position":"center center","background-size":"auto","background-attachment":"scroll","background-type":"","background-media":"","overlay-type":"","overlay-color":"","overlay-opacity":"","overlay-gradient":""},"mobile":{"background-color":"","background-image":"","background-repeat":"repeat","background-position":"center center","background-size":"auto","background-attachment":"scroll","background-type":"","background-media":"","overlay-type":"","overlay-color":"","overlay-opacity":"","overlay-gradient":""}},"ast-content-background-meta":{"desktop":{"background-color":"var(--ast-global-color-5)","background-image":"","background-repeat":"repeat","background-position":"center center","background-size":"auto","background-attachment":"scroll","background-type":"","background-media":"","overlay-type":"","overlay-color":"","overlay-opacity":"","overlay-gradient":""},"tablet":{"background-color":"var(--ast-global-color-5)","background-image":"","background-repeat":"repeat","background-position":"center center","background-size":"auto","background-attachment":"scroll","background-type":"","background-media":"","overlay-type":"","overlay-color":"","overlay-opacity":"","overlay-gradient":""},"mobile":{"background-color":"var(--ast-global-color-5)","background-image":"","background-repeat":"repeat","background-position":"center center","background-size":"auto","background-attachment":"scroll","background-type":"","background-media":"","overlay-type":"","overlay-color":"","overlay-opacity":"","overlay-gradient":""}},"footnotes":""},"categories":[31],"tags":[],"class_list":["post-36422","post","type-post","status-publish","format-standard","has-post-thumbnail","hentry","category-aktuality"],"yoast_head":"<!-- This site is optimized with the Yoast SEO plugin v27.4 - https:\/\/yoast.com\/product\/yoast-seo-wordpress\/ -->\n<title>Noc duchov, tekv\u00edc a stra\u0161idiel - Pova\u017esk\u00e9 m\u00fazeum<\/title>\n<meta name=\"robots\" content=\"index, follow, max-snippet:-1, max-image-preview:large, max-video-preview:-1\" \/>\n<link rel=\"canonical\" href=\"https:\/\/pmza.sk\/?p=36422\" \/>\n<meta property=\"og:locale\" content=\"sk_SK\" \/>\n<meta property=\"og:type\" content=\"article\" \/>\n<meta property=\"og:title\" content=\"Noc duchov, tekv\u00edc a stra\u0161idiel - Pova\u017esk\u00e9 m\u00fazeum\" \/>\n<meta property=\"og:description\" content=\"Radi sa boj\u00edte? Napl\u00e1nujte si n\u00e1v\u0161tevu hradu Stre\u010dno! Hovor\u00ed sa, \u017ee tajupln\u00fd, stredovek\u00fd hrad je ide\u00e1lnym domovom r\u00f4znych nadprirodzen\u00fdch bytost\u00ed. \u010ci je to pravda, zist\u00edte po\u010das podujatia Noc duchov, tekv\u00edc a\u00a0stra\u0161idiel v\u00a0sobotu 26. okt\u00f3bra. Na konci sez\u00f3ny sa tam bud\u00fa dia\u0165 veci! N\u00e1v\u0161tevn\u00edci sa nielen stretn\u00fa s\u00a0r\u00f4znymi desiv\u00fdmi postavami, ale dokonca sa dozvedia, ako sa [&hellip;]\" \/>\n<meta property=\"og:url\" content=\"https:\/\/pmza.sk\/?p=36422\" \/>\n<meta property=\"og:site_name\" content=\"Pova\u017esk\u00e9 m\u00fazeum\" \/>\n<meta property=\"article:publisher\" content=\"https:\/\/www.facebook.com\/povazskemuzeum\" \/>\n<meta property=\"article:published_time\" content=\"2019-10-01T10:10:03+00:00\" \/>\n<meta property=\"og:image\" content=\"https:\/\/pmza.sk\/wp-content\/uploads\/2019\/10\/noc_duchov_tekvic_www.jpg\" \/>\n\t<meta property=\"og:image:width\" content=\"566\" \/>\n\t<meta property=\"og:image:height\" content=\"800\" \/>\n\t<meta property=\"og:image:type\" content=\"image\/jpeg\" \/>\n<meta name=\"author\" content=\"Pova\u017esk\u00e9 m\u00fazeum\" \/>\n<meta name=\"twitter:card\" content=\"summary_large_image\" \/>\n<meta name=\"twitter:label1\" content=\"Autor\" \/>\n\t<meta name=\"twitter:data1\" content=\"Pova\u017esk\u00e9 m\u00fazeum\" \/>\n\t<meta name=\"twitter:label2\" content=\"Predpokladan\u00fd \u010das \u010d\u00edtania\" \/>\n\t<meta name=\"twitter:data2\" content=\"2 min\u00faty\" \/>\n<script type=\"application\/ld+json\" class=\"yoast-schema-graph\">{\"@context\":\"https:\\\/\\\/schema.org\",\"@graph\":[{\"@type\":\"Article\",\"@id\":\"https:\\\/\\\/pmza.sk\\\/?p=36422#article\",\"isPartOf\":{\"@id\":\"https:\\\/\\\/pmza.sk\\\/?p=36422\"},\"author\":{\"name\":\"Pova\u017esk\u00e9 m\u00fazeum\",\"@id\":\"https:\\\/\\\/pmza.sk\\\/#\\\/schema\\\/person\\\/595e6a2ce731ea94dcd5d7f50a41ae33\"},\"headline\":\"Noc duchov, tekv\u00edc a stra\u0161idiel\",\"datePublished\":\"2019-10-01T10:10:03+00:00\",\"mainEntityOfPage\":{\"@id\":\"https:\\\/\\\/pmza.sk\\\/?p=36422\"},\"wordCount\":335,\"publisher\":{\"@id\":\"https:\\\/\\\/pmza.sk\\\/#organization\"},\"image\":{\"@id\":\"https:\\\/\\\/pmza.sk\\\/?p=36422#primaryimage\"},\"thumbnailUrl\":\"https:\\\/\\\/pmza.sk\\\/wp-content\\\/uploads\\\/2019\\\/10\\\/noc_duchov_tekvic_www.jpg\",\"articleSection\":[\"Aktuality\"],\"inLanguage\":\"sk-SK\"},{\"@type\":\"WebPage\",\"@id\":\"https:\\\/\\\/pmza.sk\\\/?p=36422\",\"url\":\"https:\\\/\\\/pmza.sk\\\/?p=36422\",\"name\":\"Noc duchov, tekv\u00edc a stra\u0161idiel - Pova\u017esk\u00e9 m\u00fazeum\",\"isPartOf\":{\"@id\":\"https:\\\/\\\/pmza.sk\\\/#website\"},\"primaryImageOfPage\":{\"@id\":\"https:\\\/\\\/pmza.sk\\\/?p=36422#primaryimage\"},\"image\":{\"@id\":\"https:\\\/\\\/pmza.sk\\\/?p=36422#primaryimage\"},\"thumbnailUrl\":\"https:\\\/\\\/pmza.sk\\\/wp-content\\\/uploads\\\/2019\\\/10\\\/noc_duchov_tekvic_www.jpg\",\"datePublished\":\"2019-10-01T10:10:03+00:00\",\"breadcrumb\":{\"@id\":\"https:\\\/\\\/pmza.sk\\\/?p=36422#breadcrumb\"},\"inLanguage\":\"sk-SK\",\"potentialAction\":[{\"@type\":\"ReadAction\",\"target\":[\"https:\\\/\\\/pmza.sk\\\/?p=36422\"]}]},{\"@type\":\"ImageObject\",\"inLanguage\":\"sk-SK\",\"@id\":\"https:\\\/\\\/pmza.sk\\\/?p=36422#primaryimage\",\"url\":\"https:\\\/\\\/pmza.sk\\\/wp-content\\\/uploads\\\/2019\\\/10\\\/noc_duchov_tekvic_www.jpg\",\"contentUrl\":\"https:\\\/\\\/pmza.sk\\\/wp-content\\\/uploads\\\/2019\\\/10\\\/noc_duchov_tekvic_www.jpg\",\"width\":566,\"height\":800},{\"@type\":\"BreadcrumbList\",\"@id\":\"https:\\\/\\\/pmza.sk\\\/?p=36422#breadcrumb\",\"itemListElement\":[{\"@type\":\"ListItem\",\"position\":1,\"name\":\"Domovsk\u00e1 str\u00e1nka\",\"item\":\"https:\\\/\\\/pmza.sk\\\/\"},{\"@type\":\"ListItem\",\"position\":2,\"name\":\"Noc duchov, tekv\u00edc a stra\u0161idiel\"}]},{\"@type\":\"WebSite\",\"@id\":\"https:\\\/\\\/pmza.sk\\\/#website\",\"url\":\"https:\\\/\\\/pmza.sk\\\/\",\"name\":\"Pova\u017esk\u00e9 m\u00fazeum\",\"description\":\"Pova\u017esk\u00e9 m\u00fazeum v \u017diline je region\u00e1lne m\u00fazeum so s\u00eddlom v Budat\u00edne. Jeho expoz\u00edcie s\u00fa zameran\u00e9 na dejiny slovensk\u00e9ho umenia, kult\u00fary a dopravy.\",\"publisher\":{\"@id\":\"https:\\\/\\\/pmza.sk\\\/#organization\"},\"potentialAction\":[{\"@type\":\"SearchAction\",\"target\":{\"@type\":\"EntryPoint\",\"urlTemplate\":\"https:\\\/\\\/pmza.sk\\\/?s={search_term_string}\"},\"query-input\":{\"@type\":\"PropertyValueSpecification\",\"valueRequired\":true,\"valueName\":\"search_term_string\"}}],\"inLanguage\":\"sk-SK\"},{\"@type\":\"Organization\",\"@id\":\"https:\\\/\\\/pmza.sk\\\/#organization\",\"name\":\"Pova\u017esk\u00e9 m\u00fazeum\",\"url\":\"https:\\\/\\\/pmza.sk\\\/\",\"logo\":{\"@type\":\"ImageObject\",\"inLanguage\":\"sk-SK\",\"@id\":\"https:\\\/\\\/pmza.sk\\\/#\\\/schema\\\/logo\\\/image\\\/\",\"url\":\"https:\\\/\\\/pmza.sk\\\/wp-content\\\/uploads\\\/2022\\\/01\\\/logo_PM_horizontal.jpg\",\"contentUrl\":\"https:\\\/\\\/pmza.sk\\\/wp-content\\\/uploads\\\/2022\\\/01\\\/logo_PM_horizontal.jpg\",\"width\":231,\"height\":142,\"caption\":\"Pova\u017esk\u00e9 m\u00fazeum\"},\"image\":{\"@id\":\"https:\\\/\\\/pmza.sk\\\/#\\\/schema\\\/logo\\\/image\\\/\"},\"sameAs\":[\"https:\\\/\\\/www.facebook.com\\\/povazskemuzeum\",\"https:\\\/\\\/www.instagram.com\\\/povazskemuzeum\\\/\"]},{\"@type\":\"Person\",\"@id\":\"https:\\\/\\\/pmza.sk\\\/#\\\/schema\\\/person\\\/595e6a2ce731ea94dcd5d7f50a41ae33\",\"name\":\"Pova\u017esk\u00e9 m\u00fazeum\",\"image\":{\"@type\":\"ImageObject\",\"inLanguage\":\"sk-SK\",\"@id\":\"https:\\\/\\\/secure.gravatar.com\\\/avatar\\\/2bb7f1561282132fb5826dfeccc66c7996d11ee392ac6aaf7ced8a1c2027fbb2?s=96&d=mm&r=g\",\"url\":\"https:\\\/\\\/secure.gravatar.com\\\/avatar\\\/2bb7f1561282132fb5826dfeccc66c7996d11ee392ac6aaf7ced8a1c2027fbb2?s=96&d=mm&r=g\",\"contentUrl\":\"https:\\\/\\\/secure.gravatar.com\\\/avatar\\\/2bb7f1561282132fb5826dfeccc66c7996d11ee392ac6aaf7ced8a1c2027fbb2?s=96&d=mm&r=g\",\"caption\":\"Pova\u017esk\u00e9 m\u00fazeum\"}}]}<\/script>\n<!-- \/ Yoast SEO plugin. -->","yoast_head_json":{"title":"Noc duchov, tekv\u00edc a stra\u0161idiel - Pova\u017esk\u00e9 m\u00fazeum","robots":{"index":"index","follow":"follow","max-snippet":"max-snippet:-1","max-image-preview":"max-image-preview:large","max-video-preview":"max-video-preview:-1"},"canonical":"https:\/\/pmza.sk\/?p=36422","og_locale":"sk_SK","og_type":"article","og_title":"Noc duchov, tekv\u00edc a stra\u0161idiel - Pova\u017esk\u00e9 m\u00fazeum","og_description":"Radi sa boj\u00edte? Napl\u00e1nujte si n\u00e1v\u0161tevu hradu Stre\u010dno! Hovor\u00ed sa, \u017ee tajupln\u00fd, stredovek\u00fd hrad je ide\u00e1lnym domovom r\u00f4znych nadprirodzen\u00fdch bytost\u00ed. \u010ci je to pravda, zist\u00edte po\u010das podujatia Noc duchov, tekv\u00edc a\u00a0stra\u0161idiel v\u00a0sobotu 26. okt\u00f3bra. Na konci sez\u00f3ny sa tam bud\u00fa dia\u0165 veci! N\u00e1v\u0161tevn\u00edci sa nielen stretn\u00fa s\u00a0r\u00f4znymi desiv\u00fdmi postavami, ale dokonca sa dozvedia, ako sa [&hellip;]","og_url":"https:\/\/pmza.sk\/?p=36422","og_site_name":"Pova\u017esk\u00e9 m\u00fazeum","article_publisher":"https:\/\/www.facebook.com\/povazskemuzeum","article_published_time":"2019-10-01T10:10:03+00:00","og_image":[{"width":566,"height":800,"url":"https:\/\/pmza.sk\/wp-content\/uploads\/2019\/10\/noc_duchov_tekvic_www.jpg","type":"image\/jpeg"}],"author":"Pova\u017esk\u00e9 m\u00fazeum","twitter_card":"summary_large_image","twitter_misc":{"Autor":"Pova\u017esk\u00e9 m\u00fazeum","Predpokladan\u00fd \u010das \u010d\u00edtania":"2 min\u00faty"},"schema":{"@context":"https:\/\/schema.org","@graph":[{"@type":"Article","@id":"https:\/\/pmza.sk\/?p=36422#article","isPartOf":{"@id":"https:\/\/pmza.sk\/?p=36422"},"author":{"name":"Pova\u017esk\u00e9 m\u00fazeum","@id":"https:\/\/pmza.sk\/#\/schema\/person\/595e6a2ce731ea94dcd5d7f50a41ae33"},"headline":"Noc duchov, tekv\u00edc a stra\u0161idiel","datePublished":"2019-10-01T10:10:03+00:00","mainEntityOfPage":{"@id":"https:\/\/pmza.sk\/?p=36422"},"wordCount":335,"publisher":{"@id":"https:\/\/pmza.sk\/#organization"},"image":{"@id":"https:\/\/pmza.sk\/?p=36422#primaryimage"},"thumbnailUrl":"https:\/\/pmza.sk\/wp-content\/uploads\/2019\/10\/noc_duchov_tekvic_www.jpg","articleSection":["Aktuality"],"inLanguage":"sk-SK"},{"@type":"WebPage","@id":"https:\/\/pmza.sk\/?p=36422","url":"https:\/\/pmza.sk\/?p=36422","name":"Noc duchov, tekv\u00edc a stra\u0161idiel - Pova\u017esk\u00e9 m\u00fazeum","isPartOf":{"@id":"https:\/\/pmza.sk\/#website"},"primaryImageOfPage":{"@id":"https:\/\/pmza.sk\/?p=36422#primaryimage"},"image":{"@id":"https:\/\/pmza.sk\/?p=36422#primaryimage"},"thumbnailUrl":"https:\/\/pmza.sk\/wp-content\/uploads\/2019\/10\/noc_duchov_tekvic_www.jpg","datePublished":"2019-10-01T10:10:03+00:00","breadcrumb":{"@id":"https:\/\/pmza.sk\/?p=36422#breadcrumb"},"inLanguage":"sk-SK","potentialAction":[{"@type":"ReadAction","target":["https:\/\/pmza.sk\/?p=36422"]}]},{"@type":"ImageObject","inLanguage":"sk-SK","@id":"https:\/\/pmza.sk\/?p=36422#primaryimage","url":"https:\/\/pmza.sk\/wp-content\/uploads\/2019\/10\/noc_duchov_tekvic_www.jpg","contentUrl":"https:\/\/pmza.sk\/wp-content\/uploads\/2019\/10\/noc_duchov_tekvic_www.jpg","width":566,"height":800},{"@type":"BreadcrumbList","@id":"https:\/\/pmza.sk\/?p=36422#breadcrumb","itemListElement":[{"@type":"ListItem","position":1,"name":"Domovsk\u00e1 str\u00e1nka","item":"https:\/\/pmza.sk\/"},{"@type":"ListItem","position":2,"name":"Noc duchov, tekv\u00edc a stra\u0161idiel"}]},{"@type":"WebSite","@id":"https:\/\/pmza.sk\/#website","url":"https:\/\/pmza.sk\/","name":"Pova\u017esk\u00e9 m\u00fazeum","description":"Pova\u017esk\u00e9 m\u00fazeum v \u017diline je region\u00e1lne m\u00fazeum so s\u00eddlom v Budat\u00edne. Jeho expoz\u00edcie s\u00fa zameran\u00e9 na dejiny slovensk\u00e9ho umenia, kult\u00fary a dopravy.","publisher":{"@id":"https:\/\/pmza.sk\/#organization"},"potentialAction":[{"@type":"SearchAction","target":{"@type":"EntryPoint","urlTemplate":"https:\/\/pmza.sk\/?s={search_term_string}"},"query-input":{"@type":"PropertyValueSpecification","valueRequired":true,"valueName":"search_term_string"}}],"inLanguage":"sk-SK"},{"@type":"Organization","@id":"https:\/\/pmza.sk\/#organization","name":"Pova\u017esk\u00e9 m\u00fazeum","url":"https:\/\/pmza.sk\/","logo":{"@type":"ImageObject","inLanguage":"sk-SK","@id":"https:\/\/pmza.sk\/#\/schema\/logo\/image\/","url":"https:\/\/pmza.sk\/wp-content\/uploads\/2022\/01\/logo_PM_horizontal.jpg","contentUrl":"https:\/\/pmza.sk\/wp-content\/uploads\/2022\/01\/logo_PM_horizontal.jpg","width":231,"height":142,"caption":"Pova\u017esk\u00e9 m\u00fazeum"},"image":{"@id":"https:\/\/pmza.sk\/#\/schema\/logo\/image\/"},"sameAs":["https:\/\/www.facebook.com\/povazskemuzeum","https:\/\/www.instagram.com\/povazskemuzeum\/"]},{"@type":"Person","@id":"https:\/\/pmza.sk\/#\/schema\/person\/595e6a2ce731ea94dcd5d7f50a41ae33","name":"Pova\u017esk\u00e9 m\u00fazeum","image":{"@type":"ImageObject","inLanguage":"sk-SK","@id":"https:\/\/secure.gravatar.com\/avatar\/2bb7f1561282132fb5826dfeccc66c7996d11ee392ac6aaf7ced8a1c2027fbb2?s=96&d=mm&r=g","url":"https:\/\/secure.gravatar.com\/avatar\/2bb7f1561282132fb5826dfeccc66c7996d11ee392ac6aaf7ced8a1c2027fbb2?s=96&d=mm&r=g","contentUrl":"https:\/\/secure.gravatar.com\/avatar\/2bb7f1561282132fb5826dfeccc66c7996d11ee392ac6aaf7ced8a1c2027fbb2?s=96&d=mm&r=g","caption":"Pova\u017esk\u00e9 m\u00fazeum"}}]}},"_links":{"self":[{"href":"https:\/\/pmza.sk\/index.php?rest_route=\/wp\/v2\/posts\/36422","targetHints":{"allow":["GET"]}}],"collection":[{"href":"https:\/\/pmza.sk\/index.php?rest_route=\/wp\/v2\/posts"}],"about":[{"href":"https:\/\/pmza.sk\/index.php?rest_route=\/wp\/v2\/types\/post"}],"author":[{"embeddable":true,"href":"https:\/\/pmza.sk\/index.php?rest_route=\/wp\/v2\/users\/2"}],"replies":[{"embeddable":true,"href":"https:\/\/pmza.sk\/index.php?rest_route=%2Fwp%2Fv2%2Fcomments&post=36422"}],"version-history":[{"count":0,"href":"https:\/\/pmza.sk\/index.php?rest_route=\/wp\/v2\/posts\/36422\/revisions"}],"wp:featuredmedia":[{"embeddable":true,"href":"https:\/\/pmza.sk\/index.php?rest_route=\/wp\/v2\/media\/36423"}],"wp:attachment":[{"href":"https:\/\/pmza.sk\/index.php?rest_route=%2Fwp%2Fv2%2Fmedia&parent=36422"}],"wp:term":[{"taxonomy":"category","embeddable":true,"href":"https:\/\/pmza.sk\/index.php?rest_route=%2Fwp%2Fv2%2Fcategories&post=36422"},{"taxonomy":"post_tag","embeddable":true,"href":"https:\/\/pmza.sk\/index.php?rest_route=%2Fwp%2Fv2%2Ftags&post=36422"}],"curies":[{"name":"wp","href":"https:\/\/api.w.org\/{rel}","templated":true}]}}