{"id":36443,"date":"2019-10-03T10:14:32","date_gmt":"2019-10-03T08:14:32","guid":{"rendered":"https:\/\/pmza.sk\/?p=36443"},"modified":"2019-10-03T10:14:32","modified_gmt":"2019-10-03T08:14:32","slug":"budatinsky-rinok","status":"publish","type":"post","link":"https:\/\/pmza.sk\/?p=36443","title":{"rendered":"Budat\u00ednsky r\u00ednok"},"content":{"rendered":"<p>Otv\u00e1ranie novej expoz\u00edcie, krst knihy, drot\u00e1rska rozpr\u00e1vka, hudobn\u00fd program, remeseln\u00fd jarmok. V\u00a0nede\u013eu 20. okt\u00f3bra to bude v\u00a0are\u00e1li Budat\u00ednskeho hradu naozaj pestr\u00e9. So sez\u00f3nou sa rozl\u00fa\u010dime na tradi\u010dnom Budat\u00ednskom r\u00ednku. \u00a0<\/p>\n<p>Podujatie za\u010d\u00edna dopoludnia o\u00a010.00 Predstavia sa na \u0148om <strong>\u0161tudenti stredn\u00fdch odborn\u00fdch \u0161k\u00f4l<\/strong> \u017dilinsk\u00e9ho samospr\u00e1vneho kraja aj r\u00f4zni <strong>farm\u00e1ri a\u00a0remeseln\u00edci<\/strong>. <em>\u201eCh\u00fdba\u0165 nebude v\u00fdroba jabl\u010dn\u00e9ho mu\u0161tu, varenie slivkov\u00e9ho lekv\u00e1ru, pr\u00e1ce na kolovr\u00e1tku, stavanie studne, vyh\u0148a s kov\u00e1\u010dmi, ko\u0161ik\u00e1r a mnoh\u00e9 in\u00e9 tradi\u010dn\u00e9 remesl\u00e1. N\u00e1v\u0161tevn\u00edci sa m\u00f4\u017eu te\u0161i\u0165 na origin\u00e1lne \u0161perky, keramiku, ru\u010dne vyr\u00e1ban\u00e9 mydl\u00e1 \u010di v\u010delie produkty. <\/em><em>Na hrade bud\u00fa po\u010das cel\u00e9ho d\u0148a prebieha\u0165 \u0161peci\u00e1lne z\u00e1\u017eitkov\u00e9 prehliadky. Tentokr\u00e1t <\/em><em>pr\u00edtomn\u00ed uvidia ako drot\u00e1r Michal zachr\u00e1ni princezn\u00fa Veronku z\u00a0kr\u00e1\u013eovstva zlej \u010darodejnice Kazim\u00edry.\u201c<\/em> pribli\u017euje kult\u00farna mana\u017e\u00e9rka Pova\u017esk\u00e9ho m\u00fazea v\u00a0\u017diline Petra Labantov\u00e1.<\/p>\n<p>L\u00e1kadlom bude ur\u010dite otvorenie novej expoz\u00edcie <strong>\u201ePred hradbami, za hradbami\u201c. <\/strong>Do hradu sa tak po mnoh\u00fdch rokoch vr\u00e1ti archeol\u00f3gia. Prv\u00e1 \u010das\u0165 expoz\u00edcie pon\u00fakne inform\u00e1cie o\u00a0lokalit\u00e1ch pevnostn\u00e9ho charakteru zn\u00e1mych zo \u017dilinskej kotliny a\u00a0ne\u010falek\u00fdch obc\u00ed v\u00a0katastri Pova\u017eskej Bystrice a\u00a0P\u00fachova. Druh\u00e1 \u010das\u0165 je venovan\u00e1 preva\u017ene v\u00fdskumu Budat\u00ednskeho hradu, ktor\u00fd do zna\u010dnej miery ozrejmil jeho dejiny. <em>\u201eCel\u00e1 expoz\u00edcia je doplnen\u00e1 piatimi trojrozmern\u00fdmi modelmi, ktor\u00fdch autorom je historik dopravy Peter \u0160imko. Tri z\u00a0nich zobrazuj\u00fa v\u00fdvoj hradu v\u00a0r\u00f4znych obdobiach. Najprekvapivej\u0161\u00edm je azda model hradu v\u00a0obdob\u00ed gotiky, ke\u010f pozost\u00e1val len z\u00a0ve\u017ee, malej drevenej stavby a\u00a0hradby s\u00a0br\u00e1nou. Predstavu o\u00a0odievan\u00ed mu\u017eov a\u00a0\u017eien poskytn\u00fa rekon\u0161trukcie dobov\u00fdch kost\u00fdmov. S\u00fa\u010das\u0165ou novej expoz\u00edcie je aj pr\u00edzemie ve\u017ee. V\u00a0charizmatickom kamennom interi\u00e9ri tak m\u00f4\u017eu n\u00e1v\u0161tevn\u00edci vidie\u0165 tie najvz\u00e1cnej\u0161ie predmety z\u00a0oblasti archeol\u00f3gie, hist\u00f3rie a\u00a0numizmatiky. Tento priestor sme nazvali symbolicky Tesaurus Musealis.\u201c <\/em>doplnila archeologi\u010dka Pova\u017esk\u00e9ho m\u00fazea v\u00a0\u017diline Zuzana Stanekov\u00e1. Z\u00e1ujemcov po\u010das podujatia \u010dakaj\u00fa dve komentovan\u00e9 prehliadky i workshopy hrn\u010diarstva a\u00a0archeol\u00f3gie. Otvorenie expoz\u00edcie podporil \u017dilinsk\u00fd samospr\u00e1vny kraj prostredn\u00edctvom projektu \u201eKa\u017ed\u00e1 hist\u00f3ria si zasl\u00fa\u017ei svoj priestor\u201c, p. \u010d. 304021C852 z programu cezhrani\u010dnej spolupr\u00e1ce Interreg V \u2013 A Slovensk\u00e1 republika \u2013 \u010cesk\u00e1 republika 2014 \u2013 2020 so spolufinancovan\u00edm z Eur\u00f3pskeho fondu region\u00e1lneho rozvoja a \u0161t\u00e1tneho rozpo\u010dtu SR. V\u00a0r\u00e1mci projektu bola obnoven\u00e1 \u010fal\u0161ia \u010das\u0165 fas\u00e1dy Budat\u00ednskeho hradu a\u00a0priestory druh\u00e9ho nadzemn\u00e9ho podla\u017eia, kde vznikla nov\u00e1 expoz\u00edcia.<\/p>\n<p><em>Bohat\u00fd program bude aj na hlavnom p\u00f3diu. Publikum kr\u00e1tko popoludn\u00ed nalad\u00ed <\/em><strong>Roman Nad\u00e1nyi &amp; The Band. Na sl\u00e1vnostnom otvoren\u00ed podujatia o\u00a014.00 bude do \u017eivota uveden\u00e1 kniha \u201eBudat\u00ednsky hrad\u201c \u2013 druh\u00e9 roz\u0161\u00edren\u00e9 vydanie. <\/strong><em>\u201eNajm\u00e4 rodiny s\u00a0de\u0165mi pote\u0161\u00ed rozpr\u00e1vka Pinokio v\u00a0podan\u00ed Divadla zo \u0161ufl\u00edka. Vyst\u00fapi aj stredovek\u00e1 kapela Strig\u00f4\u0148 a\u00a0podve\u010der zaznej\u00fa nezabudnute\u013en\u00e9 hity skupiny Ducho\u0148ovci, ktor\u00e1 pies\u0148ami zn\u00e1meho interpreta spr\u00edjemn\u00ed celkov\u00fa atmosf\u00e9ru.\u201c<\/em> poz\u00fdva Petra Labantov\u00e1. \u00a0<\/p>\n<p>Parkovanie \u00e1ut v\u00a0bl\u00edzkosti are\u00e1lu bude po\u010das podujatia obmedzen\u00e9, na z\u00e1chytn\u00e9 parkovisko naved\u00fa vodi\u010dov zna\u010denia.<\/p>\n","protected":false},"excerpt":{"rendered":"<p>Otv\u00e1ranie novej expoz\u00edcie, krst knihy, drot\u00e1rska rozpr\u00e1vka, hudobn\u00fd program, remeseln\u00fd jarmok. V\u00a0nede\u013eu 20. okt\u00f3bra to bude v\u00a0are\u00e1li Budat\u00ednskeho hradu naozaj pestr\u00e9. So sez\u00f3nou sa rozl\u00fa\u010dime na tradi\u010dnom Budat\u00ednskom r\u00ednku. \u00a0 Podujatie za\u010d\u00edna dopoludnia o\u00a010.00 Predstavia sa na \u0148om \u0161tudenti stredn\u00fdch odborn\u00fdch \u0161k\u00f4l \u017dilinsk\u00e9ho samospr\u00e1vneho kraja aj r\u00f4zni farm\u00e1ri a\u00a0remeseln\u00edci. \u201eCh\u00fdba\u0165 nebude v\u00fdroba jabl\u010dn\u00e9ho mu\u0161tu, varenie [&hellip;]<\/p>\n","protected":false},"author":2,"featured_media":36486,"comment_status":"closed","ping_status":"closed","sticky":false,"template":"","format":"standard","meta":{"site-sidebar-layout":"default","site-content-layout":"","ast-site-content-layout":"","site-content-style":"default","site-sidebar-style":"default","ast-global-header-display":"","ast-banner-title-visibility":"","ast-main-header-display":"","ast-hfb-above-header-display":"","ast-hfb-below-header-display":"","ast-hfb-mobile-header-display":"","site-post-title":"","ast-breadcrumbs-content":"","ast-featured-img":"","footer-sml-layout":"","theme-transparent-header-meta":"","adv-header-id-meta":"","stick-header-meta":"","header-above-stick-meta":"","header-main-stick-meta":"","header-below-stick-meta":"","astra-migrate-meta-layouts":"default","ast-page-background-enabled":"default","ast-page-background-meta":{"desktop":{"background-color":"var(--ast-global-color-4)","background-image":"","background-repeat":"repeat","background-position":"center center","background-size":"auto","background-attachment":"scroll","background-type":"","background-media":"","overlay-type":"","overlay-color":"","overlay-opacity":"","overlay-gradient":""},"tablet":{"background-color":"","background-image":"","background-repeat":"repeat","background-position":"center center","background-size":"auto","background-attachment":"scroll","background-type":"","background-media":"","overlay-type":"","overlay-color":"","overlay-opacity":"","overlay-gradient":""},"mobile":{"background-color":"","background-image":"","background-repeat":"repeat","background-position":"center center","background-size":"auto","background-attachment":"scroll","background-type":"","background-media":"","overlay-type":"","overlay-color":"","overlay-opacity":"","overlay-gradient":""}},"ast-content-background-meta":{"desktop":{"background-color":"var(--ast-global-color-5)","background-image":"","background-repeat":"repeat","background-position":"center center","background-size":"auto","background-attachment":"scroll","background-type":"","background-media":"","overlay-type":"","overlay-color":"","overlay-opacity":"","overlay-gradient":""},"tablet":{"background-color":"var(--ast-global-color-5)","background-image":"","background-repeat":"repeat","background-position":"center center","background-size":"auto","background-attachment":"scroll","background-type":"","background-media":"","overlay-type":"","overlay-color":"","overlay-opacity":"","overlay-gradient":""},"mobile":{"background-color":"var(--ast-global-color-5)","background-image":"","background-repeat":"repeat","background-position":"center center","background-size":"auto","background-attachment":"scroll","background-type":"","background-media":"","overlay-type":"","overlay-color":"","overlay-opacity":"","overlay-gradient":""}},"footnotes":""},"categories":[31],"tags":[],"class_list":["post-36443","post","type-post","status-publish","format-standard","has-post-thumbnail","hentry","category-aktuality"],"yoast_head":"<!-- This site is optimized with the Yoast SEO plugin v27.4 - https:\/\/yoast.com\/product\/yoast-seo-wordpress\/ -->\n<title>Budat\u00ednsky r\u00ednok - Pova\u017esk\u00e9 m\u00fazeum<\/title>\n<meta name=\"robots\" content=\"index, follow, max-snippet:-1, max-image-preview:large, max-video-preview:-1\" \/>\n<link rel=\"canonical\" href=\"https:\/\/pmza.sk\/?p=36443\" \/>\n<meta property=\"og:locale\" content=\"sk_SK\" \/>\n<meta property=\"og:type\" content=\"article\" \/>\n<meta property=\"og:title\" content=\"Budat\u00ednsky r\u00ednok - Pova\u017esk\u00e9 m\u00fazeum\" \/>\n<meta property=\"og:description\" content=\"Otv\u00e1ranie novej expoz\u00edcie, krst knihy, drot\u00e1rska rozpr\u00e1vka, hudobn\u00fd program, remeseln\u00fd jarmok. V\u00a0nede\u013eu 20. okt\u00f3bra to bude v\u00a0are\u00e1li Budat\u00ednskeho hradu naozaj pestr\u00e9. So sez\u00f3nou sa rozl\u00fa\u010dime na tradi\u010dnom Budat\u00ednskom r\u00ednku. \u00a0 Podujatie za\u010d\u00edna dopoludnia o\u00a010.00 Predstavia sa na \u0148om \u0161tudenti stredn\u00fdch odborn\u00fdch \u0161k\u00f4l \u017dilinsk\u00e9ho samospr\u00e1vneho kraja aj r\u00f4zni farm\u00e1ri a\u00a0remeseln\u00edci. \u201eCh\u00fdba\u0165 nebude v\u00fdroba jabl\u010dn\u00e9ho mu\u0161tu, varenie [&hellip;]\" \/>\n<meta property=\"og:url\" content=\"https:\/\/pmza.sk\/?p=36443\" \/>\n<meta property=\"og:site_name\" content=\"Pova\u017esk\u00e9 m\u00fazeum\" \/>\n<meta property=\"article:publisher\" content=\"https:\/\/www.facebook.com\/povazskemuzeum\" \/>\n<meta property=\"article:published_time\" content=\"2019-10-03T08:14:32+00:00\" \/>\n<meta property=\"og:image\" content=\"https:\/\/pmza.sk\/wp-content\/uploads\/2019\/10\/budatinsky_rinok_www-1.jpg\" \/>\n\t<meta property=\"og:image:width\" content=\"575\" \/>\n\t<meta property=\"og:image:height\" content=\"800\" \/>\n\t<meta property=\"og:image:type\" content=\"image\/jpeg\" \/>\n<meta name=\"author\" content=\"Pova\u017esk\u00e9 m\u00fazeum\" \/>\n<meta name=\"twitter:card\" content=\"summary_large_image\" \/>\n<meta name=\"twitter:label1\" content=\"Autor\" \/>\n\t<meta name=\"twitter:data1\" content=\"Pova\u017esk\u00e9 m\u00fazeum\" \/>\n\t<meta name=\"twitter:label2\" content=\"Predpokladan\u00fd \u010das \u010d\u00edtania\" \/>\n\t<meta name=\"twitter:data2\" content=\"3 min\u00faty\" \/>\n<script type=\"application\/ld+json\" class=\"yoast-schema-graph\">{\"@context\":\"https:\\\/\\\/schema.org\",\"@graph\":[{\"@type\":\"Article\",\"@id\":\"https:\\\/\\\/pmza.sk\\\/?p=36443#article\",\"isPartOf\":{\"@id\":\"https:\\\/\\\/pmza.sk\\\/?p=36443\"},\"author\":{\"name\":\"Pova\u017esk\u00e9 m\u00fazeum\",\"@id\":\"https:\\\/\\\/pmza.sk\\\/#\\\/schema\\\/person\\\/595e6a2ce731ea94dcd5d7f50a41ae33\"},\"headline\":\"Budat\u00ednsky r\u00ednok\",\"datePublished\":\"2019-10-03T08:14:32+00:00\",\"mainEntityOfPage\":{\"@id\":\"https:\\\/\\\/pmza.sk\\\/?p=36443\"},\"wordCount\":582,\"publisher\":{\"@id\":\"https:\\\/\\\/pmza.sk\\\/#organization\"},\"image\":{\"@id\":\"https:\\\/\\\/pmza.sk\\\/?p=36443#primaryimage\"},\"thumbnailUrl\":\"https:\\\/\\\/pmza.sk\\\/wp-content\\\/uploads\\\/2019\\\/10\\\/budatinsky_rinok_www-1.jpg\",\"articleSection\":[\"Aktuality\"],\"inLanguage\":\"sk-SK\"},{\"@type\":\"WebPage\",\"@id\":\"https:\\\/\\\/pmza.sk\\\/?p=36443\",\"url\":\"https:\\\/\\\/pmza.sk\\\/?p=36443\",\"name\":\"Budat\u00ednsky r\u00ednok - Pova\u017esk\u00e9 m\u00fazeum\",\"isPartOf\":{\"@id\":\"https:\\\/\\\/pmza.sk\\\/#website\"},\"primaryImageOfPage\":{\"@id\":\"https:\\\/\\\/pmza.sk\\\/?p=36443#primaryimage\"},\"image\":{\"@id\":\"https:\\\/\\\/pmza.sk\\\/?p=36443#primaryimage\"},\"thumbnailUrl\":\"https:\\\/\\\/pmza.sk\\\/wp-content\\\/uploads\\\/2019\\\/10\\\/budatinsky_rinok_www-1.jpg\",\"datePublished\":\"2019-10-03T08:14:32+00:00\",\"breadcrumb\":{\"@id\":\"https:\\\/\\\/pmza.sk\\\/?p=36443#breadcrumb\"},\"inLanguage\":\"sk-SK\",\"potentialAction\":[{\"@type\":\"ReadAction\",\"target\":[\"https:\\\/\\\/pmza.sk\\\/?p=36443\"]}]},{\"@type\":\"ImageObject\",\"inLanguage\":\"sk-SK\",\"@id\":\"https:\\\/\\\/pmza.sk\\\/?p=36443#primaryimage\",\"url\":\"https:\\\/\\\/pmza.sk\\\/wp-content\\\/uploads\\\/2019\\\/10\\\/budatinsky_rinok_www-1.jpg\",\"contentUrl\":\"https:\\\/\\\/pmza.sk\\\/wp-content\\\/uploads\\\/2019\\\/10\\\/budatinsky_rinok_www-1.jpg\",\"width\":575,\"height\":800},{\"@type\":\"BreadcrumbList\",\"@id\":\"https:\\\/\\\/pmza.sk\\\/?p=36443#breadcrumb\",\"itemListElement\":[{\"@type\":\"ListItem\",\"position\":1,\"name\":\"Domovsk\u00e1 str\u00e1nka\",\"item\":\"https:\\\/\\\/pmza.sk\\\/\"},{\"@type\":\"ListItem\",\"position\":2,\"name\":\"Budat\u00ednsky r\u00ednok\"}]},{\"@type\":\"WebSite\",\"@id\":\"https:\\\/\\\/pmza.sk\\\/#website\",\"url\":\"https:\\\/\\\/pmza.sk\\\/\",\"name\":\"Pova\u017esk\u00e9 m\u00fazeum\",\"description\":\"Pova\u017esk\u00e9 m\u00fazeum v \u017diline je region\u00e1lne m\u00fazeum so s\u00eddlom v Budat\u00edne. Jeho expoz\u00edcie s\u00fa zameran\u00e9 na dejiny slovensk\u00e9ho umenia, kult\u00fary a dopravy.\",\"publisher\":{\"@id\":\"https:\\\/\\\/pmza.sk\\\/#organization\"},\"potentialAction\":[{\"@type\":\"SearchAction\",\"target\":{\"@type\":\"EntryPoint\",\"urlTemplate\":\"https:\\\/\\\/pmza.sk\\\/?s={search_term_string}\"},\"query-input\":{\"@type\":\"PropertyValueSpecification\",\"valueRequired\":true,\"valueName\":\"search_term_string\"}}],\"inLanguage\":\"sk-SK\"},{\"@type\":\"Organization\",\"@id\":\"https:\\\/\\\/pmza.sk\\\/#organization\",\"name\":\"Pova\u017esk\u00e9 m\u00fazeum\",\"url\":\"https:\\\/\\\/pmza.sk\\\/\",\"logo\":{\"@type\":\"ImageObject\",\"inLanguage\":\"sk-SK\",\"@id\":\"https:\\\/\\\/pmza.sk\\\/#\\\/schema\\\/logo\\\/image\\\/\",\"url\":\"https:\\\/\\\/pmza.sk\\\/wp-content\\\/uploads\\\/2022\\\/01\\\/logo_PM_horizontal.jpg\",\"contentUrl\":\"https:\\\/\\\/pmza.sk\\\/wp-content\\\/uploads\\\/2022\\\/01\\\/logo_PM_horizontal.jpg\",\"width\":231,\"height\":142,\"caption\":\"Pova\u017esk\u00e9 m\u00fazeum\"},\"image\":{\"@id\":\"https:\\\/\\\/pmza.sk\\\/#\\\/schema\\\/logo\\\/image\\\/\"},\"sameAs\":[\"https:\\\/\\\/www.facebook.com\\\/povazskemuzeum\",\"https:\\\/\\\/www.instagram.com\\\/povazskemuzeum\\\/\"]},{\"@type\":\"Person\",\"@id\":\"https:\\\/\\\/pmza.sk\\\/#\\\/schema\\\/person\\\/595e6a2ce731ea94dcd5d7f50a41ae33\",\"name\":\"Pova\u017esk\u00e9 m\u00fazeum\",\"image\":{\"@type\":\"ImageObject\",\"inLanguage\":\"sk-SK\",\"@id\":\"https:\\\/\\\/secure.gravatar.com\\\/avatar\\\/2bb7f1561282132fb5826dfeccc66c7996d11ee392ac6aaf7ced8a1c2027fbb2?s=96&d=mm&r=g\",\"url\":\"https:\\\/\\\/secure.gravatar.com\\\/avatar\\\/2bb7f1561282132fb5826dfeccc66c7996d11ee392ac6aaf7ced8a1c2027fbb2?s=96&d=mm&r=g\",\"contentUrl\":\"https:\\\/\\\/secure.gravatar.com\\\/avatar\\\/2bb7f1561282132fb5826dfeccc66c7996d11ee392ac6aaf7ced8a1c2027fbb2?s=96&d=mm&r=g\",\"caption\":\"Pova\u017esk\u00e9 m\u00fazeum\"}}]}<\/script>\n<!-- \/ Yoast SEO plugin. -->","yoast_head_json":{"title":"Budat\u00ednsky r\u00ednok - Pova\u017esk\u00e9 m\u00fazeum","robots":{"index":"index","follow":"follow","max-snippet":"max-snippet:-1","max-image-preview":"max-image-preview:large","max-video-preview":"max-video-preview:-1"},"canonical":"https:\/\/pmza.sk\/?p=36443","og_locale":"sk_SK","og_type":"article","og_title":"Budat\u00ednsky r\u00ednok - Pova\u017esk\u00e9 m\u00fazeum","og_description":"Otv\u00e1ranie novej expoz\u00edcie, krst knihy, drot\u00e1rska rozpr\u00e1vka, hudobn\u00fd program, remeseln\u00fd jarmok. V\u00a0nede\u013eu 20. okt\u00f3bra to bude v\u00a0are\u00e1li Budat\u00ednskeho hradu naozaj pestr\u00e9. So sez\u00f3nou sa rozl\u00fa\u010dime na tradi\u010dnom Budat\u00ednskom r\u00ednku. \u00a0 Podujatie za\u010d\u00edna dopoludnia o\u00a010.00 Predstavia sa na \u0148om \u0161tudenti stredn\u00fdch odborn\u00fdch \u0161k\u00f4l \u017dilinsk\u00e9ho samospr\u00e1vneho kraja aj r\u00f4zni farm\u00e1ri a\u00a0remeseln\u00edci. \u201eCh\u00fdba\u0165 nebude v\u00fdroba jabl\u010dn\u00e9ho mu\u0161tu, varenie [&hellip;]","og_url":"https:\/\/pmza.sk\/?p=36443","og_site_name":"Pova\u017esk\u00e9 m\u00fazeum","article_publisher":"https:\/\/www.facebook.com\/povazskemuzeum","article_published_time":"2019-10-03T08:14:32+00:00","og_image":[{"width":575,"height":800,"url":"https:\/\/pmza.sk\/wp-content\/uploads\/2019\/10\/budatinsky_rinok_www-1.jpg","type":"image\/jpeg"}],"author":"Pova\u017esk\u00e9 m\u00fazeum","twitter_card":"summary_large_image","twitter_misc":{"Autor":"Pova\u017esk\u00e9 m\u00fazeum","Predpokladan\u00fd \u010das \u010d\u00edtania":"3 min\u00faty"},"schema":{"@context":"https:\/\/schema.org","@graph":[{"@type":"Article","@id":"https:\/\/pmza.sk\/?p=36443#article","isPartOf":{"@id":"https:\/\/pmza.sk\/?p=36443"},"author":{"name":"Pova\u017esk\u00e9 m\u00fazeum","@id":"https:\/\/pmza.sk\/#\/schema\/person\/595e6a2ce731ea94dcd5d7f50a41ae33"},"headline":"Budat\u00ednsky r\u00ednok","datePublished":"2019-10-03T08:14:32+00:00","mainEntityOfPage":{"@id":"https:\/\/pmza.sk\/?p=36443"},"wordCount":582,"publisher":{"@id":"https:\/\/pmza.sk\/#organization"},"image":{"@id":"https:\/\/pmza.sk\/?p=36443#primaryimage"},"thumbnailUrl":"https:\/\/pmza.sk\/wp-content\/uploads\/2019\/10\/budatinsky_rinok_www-1.jpg","articleSection":["Aktuality"],"inLanguage":"sk-SK"},{"@type":"WebPage","@id":"https:\/\/pmza.sk\/?p=36443","url":"https:\/\/pmza.sk\/?p=36443","name":"Budat\u00ednsky r\u00ednok - Pova\u017esk\u00e9 m\u00fazeum","isPartOf":{"@id":"https:\/\/pmza.sk\/#website"},"primaryImageOfPage":{"@id":"https:\/\/pmza.sk\/?p=36443#primaryimage"},"image":{"@id":"https:\/\/pmza.sk\/?p=36443#primaryimage"},"thumbnailUrl":"https:\/\/pmza.sk\/wp-content\/uploads\/2019\/10\/budatinsky_rinok_www-1.jpg","datePublished":"2019-10-03T08:14:32+00:00","breadcrumb":{"@id":"https:\/\/pmza.sk\/?p=36443#breadcrumb"},"inLanguage":"sk-SK","potentialAction":[{"@type":"ReadAction","target":["https:\/\/pmza.sk\/?p=36443"]}]},{"@type":"ImageObject","inLanguage":"sk-SK","@id":"https:\/\/pmza.sk\/?p=36443#primaryimage","url":"https:\/\/pmza.sk\/wp-content\/uploads\/2019\/10\/budatinsky_rinok_www-1.jpg","contentUrl":"https:\/\/pmza.sk\/wp-content\/uploads\/2019\/10\/budatinsky_rinok_www-1.jpg","width":575,"height":800},{"@type":"BreadcrumbList","@id":"https:\/\/pmza.sk\/?p=36443#breadcrumb","itemListElement":[{"@type":"ListItem","position":1,"name":"Domovsk\u00e1 str\u00e1nka","item":"https:\/\/pmza.sk\/"},{"@type":"ListItem","position":2,"name":"Budat\u00ednsky r\u00ednok"}]},{"@type":"WebSite","@id":"https:\/\/pmza.sk\/#website","url":"https:\/\/pmza.sk\/","name":"Pova\u017esk\u00e9 m\u00fazeum","description":"Pova\u017esk\u00e9 m\u00fazeum v \u017diline je region\u00e1lne m\u00fazeum so s\u00eddlom v Budat\u00edne. Jeho expoz\u00edcie s\u00fa zameran\u00e9 na dejiny slovensk\u00e9ho umenia, kult\u00fary a dopravy.","publisher":{"@id":"https:\/\/pmza.sk\/#organization"},"potentialAction":[{"@type":"SearchAction","target":{"@type":"EntryPoint","urlTemplate":"https:\/\/pmza.sk\/?s={search_term_string}"},"query-input":{"@type":"PropertyValueSpecification","valueRequired":true,"valueName":"search_term_string"}}],"inLanguage":"sk-SK"},{"@type":"Organization","@id":"https:\/\/pmza.sk\/#organization","name":"Pova\u017esk\u00e9 m\u00fazeum","url":"https:\/\/pmza.sk\/","logo":{"@type":"ImageObject","inLanguage":"sk-SK","@id":"https:\/\/pmza.sk\/#\/schema\/logo\/image\/","url":"https:\/\/pmza.sk\/wp-content\/uploads\/2022\/01\/logo_PM_horizontal.jpg","contentUrl":"https:\/\/pmza.sk\/wp-content\/uploads\/2022\/01\/logo_PM_horizontal.jpg","width":231,"height":142,"caption":"Pova\u017esk\u00e9 m\u00fazeum"},"image":{"@id":"https:\/\/pmza.sk\/#\/schema\/logo\/image\/"},"sameAs":["https:\/\/www.facebook.com\/povazskemuzeum","https:\/\/www.instagram.com\/povazskemuzeum\/"]},{"@type":"Person","@id":"https:\/\/pmza.sk\/#\/schema\/person\/595e6a2ce731ea94dcd5d7f50a41ae33","name":"Pova\u017esk\u00e9 m\u00fazeum","image":{"@type":"ImageObject","inLanguage":"sk-SK","@id":"https:\/\/secure.gravatar.com\/avatar\/2bb7f1561282132fb5826dfeccc66c7996d11ee392ac6aaf7ced8a1c2027fbb2?s=96&d=mm&r=g","url":"https:\/\/secure.gravatar.com\/avatar\/2bb7f1561282132fb5826dfeccc66c7996d11ee392ac6aaf7ced8a1c2027fbb2?s=96&d=mm&r=g","contentUrl":"https:\/\/secure.gravatar.com\/avatar\/2bb7f1561282132fb5826dfeccc66c7996d11ee392ac6aaf7ced8a1c2027fbb2?s=96&d=mm&r=g","caption":"Pova\u017esk\u00e9 m\u00fazeum"}}]}},"_links":{"self":[{"href":"https:\/\/pmza.sk\/index.php?rest_route=\/wp\/v2\/posts\/36443","targetHints":{"allow":["GET"]}}],"collection":[{"href":"https:\/\/pmza.sk\/index.php?rest_route=\/wp\/v2\/posts"}],"about":[{"href":"https:\/\/pmza.sk\/index.php?rest_route=\/wp\/v2\/types\/post"}],"author":[{"embeddable":true,"href":"https:\/\/pmza.sk\/index.php?rest_route=\/wp\/v2\/users\/2"}],"replies":[{"embeddable":true,"href":"https:\/\/pmza.sk\/index.php?rest_route=%2Fwp%2Fv2%2Fcomments&post=36443"}],"version-history":[{"count":0,"href":"https:\/\/pmza.sk\/index.php?rest_route=\/wp\/v2\/posts\/36443\/revisions"}],"wp:featuredmedia":[{"embeddable":true,"href":"https:\/\/pmza.sk\/index.php?rest_route=\/wp\/v2\/media\/36486"}],"wp:attachment":[{"href":"https:\/\/pmza.sk\/index.php?rest_route=%2Fwp%2Fv2%2Fmedia&parent=36443"}],"wp:term":[{"taxonomy":"category","embeddable":true,"href":"https:\/\/pmza.sk\/index.php?rest_route=%2Fwp%2Fv2%2Fcategories&post=36443"},{"taxonomy":"post_tag","embeddable":true,"href":"https:\/\/pmza.sk\/index.php?rest_route=%2Fwp%2Fv2%2Ftags&post=36443"}],"curies":[{"name":"wp","href":"https:\/\/api.w.org\/{rel}","templated":true}]}}