{"id":36449,"date":"2019-10-03T12:15:53","date_gmt":"2019-10-03T10:15:53","guid":{"rendered":"https:\/\/pmza.sk\/?p=36449"},"modified":"2019-10-03T12:15:53","modified_gmt":"2019-10-03T10:15:53","slug":"vystavene-cestovne-listky-pripominaju-vyrocia-v-doprave","status":"publish","type":"post","link":"https:\/\/pmza.sk\/?p=36449","title":{"rendered":"Vystaven\u00e9 cestovn\u00e9 l\u00edstky pripom\u00ednaj\u00fa v\u00fdro\u010dia v doprave"},"content":{"rendered":"<p>V historickom fonde Pova\u017esk\u00e9ho m\u00fazea v\u00a0\u017diline sa nach\u00e1dzaj\u00fa aj jednorazov\u00e9 cestovn\u00e9 l\u00edstky z\u00a0minulosti. A\u00a0pr\u00e1ve tri z\u00a0nich, ktor\u00e9 maj\u00fa v\u00a0tomto roku v\u00fdro\u010die, sa stali zbierkov\u00fdmi predmetmi v\u00a0mesiaci okt\u00f3ber. \u00a0<\/p>\n<p>Prv\u00fdm je cestovn\u00fd l\u00edstok zo \u017eelezni\u010dnej trate \u017dilina \u2013 Rajec, ktor\u00e1 v\u00a0tomto roku oslavuje 120 rokov. \u00a0Toto v\u00fdro\u010die sme si pripomenuli v\u00a0auguste jazdou historick\u00e9ho parn\u00e9ho vlaku, presn\u00fd term\u00edn otvorenia trate v\u0161ak bol 10. okt\u00f3bra 1899. Pl\u00e1novanie \u017eeleznice za\u010dalo u\u017e v\u00a0roku 1896, kedy bol vypracovan\u00fd mal\u00fd projekt, ktor\u00fd po\u010d\u00edtal s\u00a0v\u00fdstavbou \u00fazkorozchodnej \u017eeleznice zo \u017diliny do \u010ci\u010dmian. Postupne sa zabezpe\u010doval kapit\u00e1l, ktor\u00fd vo forme \u00fa\u010dast\u00edn poskytla Tren\u010dianska \u017eupa, Uhorsk\u00e9 kr\u00e1\u013eovstvo, mest\u00e1 \u017dilina a\u00a0Rajec, ako aj takmer v\u0161etky obce Rajeckej doliny. Prispeli i\u00a0s\u00fakromn\u00ed podnikatelia a\u00a0statk\u00e1ri \u00c1rmin Popper z\u00a0Byt\u010dice, \u017digmund Berchtold, J\u00e1n Milec zo \u017diliny a\u00a0podnikate\u013e Leo Arnoldi z\u00a0Budape\u0161ti, ktor\u00fd zabezpe\u010doval tie\u017e v\u00fdstavbu \u017eeleznice. Utvorila sa Akciov\u00e1 spolo\u010dnos\u0165 miestnej \u017eeleznice \u017dilina \u2013 Rajec, ktorej predsedal tren\u010diansky \u017eupan Just\u00edn Baro\u0161. Na jese\u0148 roku 1898 za\u010dali pr\u00edpravn\u00e9 pr\u00e1ce pre stavbu, v\u00a0janu\u00e1ri 1899 sl\u00e1vnostne stavbu otvorili v\u00a0Mestskom dome v \u017diline a\u00a0po roztopen\u00ed posledn\u00e9ho snehu \u00a0sa v\u00fdstavba rozbehla naplno. Tra\u0165 dlh\u00fa 21 km sa podarilo otvori\u0165 v\u00a0okt\u00f3bri 1899.<\/p>\n<p>Druh\u00fd cestovn\u00fd l\u00edstok symbolicky upozor\u0148uje na vznik a\u00a0rozvoj pr\u00edmestskej autobusovej dopravy v\u00a0\u017diline a\u00a0okol\u00ed. V\u00a0roku 1949 (sp\u00e4tne k\u00a01. 1.) bol zalo\u017een\u00fd podnik \u010ceskoslovensk\u00e1 \u0161t\u00e1tna automobilov\u00e1 doprava (\u010cSAD) n. p. prevzat\u00edm prv\u00fdch pr\u00edmestsk\u00fdch liniek v\u00a0regi\u00f3ne, ktor\u00e9 kr\u00e1tko predt\u00fdm uviedli do prev\u00e1dzky \u010deskoslovensk\u00e9 \u017eeleznice (\u010cSD). Tie\u017e v\u00a0priebehu roka prevzali linky s\u00fakromn\u00fdch autodopravcov (\u017eivnostn\u00edkov), ktor\u00e9 tu existovali u\u017e v\u00a0obdob\u00ed medzivojnovej \u010ceskoslovenskej republiky. Prv\u00e1 linka autospr\u00e1vy \u010cSD v\u00a0\u017diline bola \u017dilina \u2013 Dlh\u00e9 Pole, otvoren\u00e1 22. 1. 1948. P\u00f4vodne a\u00a0ist\u00fd \u010das i\u00a0popri nej jazdil s\u00fakromn\u00fd dopravca Jakub Hriv\u00edk, potom jeho man\u017eelka Ter\u00e9zia. \u017dia\u013e, s\u00fakromn\u00e1 doprava bola v\u00a0obdob\u00ed po\u010diatkov socializmu zlikvidovan\u00e1 a\u00a0za\u010dlenen\u00e1 do \u010cSAD. V\u00a0roku 1948 otvorili aj linku \u017dilina \u2013 Str\u00e1\u0148avy (20. 7. 1948). U\u017e pod veden\u00edm \u010cSAD v\u00a0roku 1949 (19. 4. a 5. 11.) otvorili linky \u017dilina \u2013 Rosina \u2013 Vi\u0161\u0148ov\u00e9 (tu jazdil i\u00a0s\u00fakromn\u00edk \u0160tefan Ja\u0161\u0161o) a \u017dilina \u2013 Terchov\u00e1. Likvid\u00e1cia s\u00fakromn\u00e9ho kapit\u00e1lu v\u00a0prospech \u0161t\u00e1tu bola v\u00a0tom \u010dase niekedy bolestiv\u00e1. Podnik \u010cSAD v\u0161ak postupne vybudoval hust\u00fa sie\u0165 liniek s\u00a0v\u00e4\u010d\u0161ou spo\u013eahlivos\u0165ou a\u00a0kvalitou.<\/p>\n<p>Posledn\u00fd cestovn\u00fd l\u00edstok upriamuje pozornos\u0165 na mestsk\u00fa hromadn\u00fa dopravu v\u00a0\u017diline. T\u00fa mal pod palcom Mestsk\u00fd n\u00e1rodn\u00fd v\u00fdbor, ktor\u00fd zalo\u017eil k 1. m\u00e1ju 1949 Dopravn\u00fd komun\u00e1lny podnik \u017dilina, neskor\u0161\u00ed Dopravn\u00fd podnik mesta \u017diliny. Prv\u00e1 linka mestskej dopravy bola otvoren\u00e1 28. okt\u00f3bra 1949. I\u0161lo o\u00a0linku \u010d. 2 na trase Pova\u017esk\u00fd Chlmec \u2013 mesto \u2013 B\u00e1nov\u00e1. \u201eJednotka\u201c zo Str\u00e1\u017eova do Trnov\u00e9ho bola otvoren\u00e1 27. janu\u00e1ra 1950. K\u00a0tomuto obdobiu treba poveda\u0165, \u017ee autobusov bolo m\u00e1lo a\u00a0aj DKP\u017d za\u010d\u00ednal so star\u00fdmi vyraden\u00fdmi autobusmi, napr. Tatra 24\/58. \u010eal\u0161ie prestavali z\u00a0vrakov r\u00f4znych nemeck\u00fdch vozidiel.\u00a0 U\u017e v\u00a0tomto obdob\u00ed sa uva\u017eovalo o\u00a0vybudovan\u00ed trolejbusovej dopravy v\u00a0\u017diline, ktor\u00e1 v\u0161ak bola otvoren\u00e1 a\u017e 17.\u00a0novembra 1994. V\u00a0tomto roku si teda \u017eilinsk\u00e9 trolejbusy pripom\u00ednaj\u00fa 25 rokov.<\/p>\n<p>Cestovn\u00e9 l\u00edstky n\u00e1jdu n\u00e1v\u0161tevn\u00edci Budat\u00ednskeho hradu v\u00a0infopulte do konca okt\u00f3bra.<\/p>\n<p><img fetchpriority=\"high\" decoding=\"async\" class=\"aligncenter size-medium wp-image-36452\" src=\"https:\/\/pmza.sk\/wp-content\/uploads\/2019\/10\/IMG_7656-540x360.jpg\" alt=\"\" width=\"540\" height=\"360\" srcset=\"https:\/\/pmza.sk\/wp-content\/uploads\/2019\/10\/IMG_7656-540x360.jpg 540w, https:\/\/pmza.sk\/wp-content\/uploads\/2019\/10\/IMG_7656-768x512.jpg 768w, https:\/\/pmza.sk\/wp-content\/uploads\/2019\/10\/IMG_7656-600x400.jpg 600w, https:\/\/pmza.sk\/wp-content\/uploads\/2019\/10\/IMG_7656.jpg 1024w\" sizes=\"(max-width: 540px) 100vw, 540px\" \/><\/p>\n<p><img decoding=\"async\" class=\"aligncenter size-medium wp-image-36453\" src=\"https:\/\/pmza.sk\/wp-content\/uploads\/2019\/10\/IMG_7659-570x306.jpg\" alt=\"\" width=\"570\" height=\"306\" srcset=\"https:\/\/pmza.sk\/wp-content\/uploads\/2019\/10\/IMG_7659-570x306.jpg 570w, https:\/\/pmza.sk\/wp-content\/uploads\/2019\/10\/IMG_7659-768x413.jpg 768w, https:\/\/pmza.sk\/wp-content\/uploads\/2019\/10\/IMG_7659-600x322.jpg 600w, https:\/\/pmza.sk\/wp-content\/uploads\/2019\/10\/IMG_7659.jpg 1024w\" sizes=\"(max-width: 570px) 100vw, 570px\" \/><\/p>\n","protected":false},"excerpt":{"rendered":"<p>V historickom fonde Pova\u017esk\u00e9ho m\u00fazea v\u00a0\u017diline sa nach\u00e1dzaj\u00fa aj jednorazov\u00e9 cestovn\u00e9 l\u00edstky z\u00a0minulosti. A\u00a0pr\u00e1ve tri z\u00a0nich, ktor\u00e9 maj\u00fa v\u00a0tomto roku v\u00fdro\u010die, sa stali zbierkov\u00fdmi predmetmi v\u00a0mesiaci okt\u00f3ber. \u00a0 Prv\u00fdm je cestovn\u00fd l\u00edstok zo \u017eelezni\u010dnej trate \u017dilina \u2013 Rajec, ktor\u00e1 v\u00a0tomto roku oslavuje 120 rokov. \u00a0Toto v\u00fdro\u010die sme si pripomenuli v\u00a0auguste jazdou historick\u00e9ho parn\u00e9ho vlaku, presn\u00fd [&hellip;]<\/p>\n","protected":false},"author":2,"featured_media":36450,"comment_status":"closed","ping_status":"closed","sticky":false,"template":"","format":"standard","meta":{"site-sidebar-layout":"default","site-content-layout":"","ast-site-content-layout":"","site-content-style":"default","site-sidebar-style":"default","ast-global-header-display":"","ast-banner-title-visibility":"","ast-main-header-display":"","ast-hfb-above-header-display":"","ast-hfb-below-header-display":"","ast-hfb-mobile-header-display":"","site-post-title":"","ast-breadcrumbs-content":"","ast-featured-img":"","footer-sml-layout":"","theme-transparent-header-meta":"","adv-header-id-meta":"","stick-header-meta":"","header-above-stick-meta":"","header-main-stick-meta":"","header-below-stick-meta":"","astra-migrate-meta-layouts":"default","ast-page-background-enabled":"default","ast-page-background-meta":{"desktop":{"background-color":"var(--ast-global-color-4)","background-image":"","background-repeat":"repeat","background-position":"center center","background-size":"auto","background-attachment":"scroll","background-type":"","background-media":"","overlay-type":"","overlay-color":"","overlay-opacity":"","overlay-gradient":""},"tablet":{"background-color":"","background-image":"","background-repeat":"repeat","background-position":"center center","background-size":"auto","background-attachment":"scroll","background-type":"","background-media":"","overlay-type":"","overlay-color":"","overlay-opacity":"","overlay-gradient":""},"mobile":{"background-color":"","background-image":"","background-repeat":"repeat","background-position":"center center","background-size":"auto","background-attachment":"scroll","background-type":"","background-media":"","overlay-type":"","overlay-color":"","overlay-opacity":"","overlay-gradient":""}},"ast-content-background-meta":{"desktop":{"background-color":"var(--ast-global-color-5)","background-image":"","background-repeat":"repeat","background-position":"center center","background-size":"auto","background-attachment":"scroll","background-type":"","background-media":"","overlay-type":"","overlay-color":"","overlay-opacity":"","overlay-gradient":""},"tablet":{"background-color":"var(--ast-global-color-5)","background-image":"","background-repeat":"repeat","background-position":"center center","background-size":"auto","background-attachment":"scroll","background-type":"","background-media":"","overlay-type":"","overlay-color":"","overlay-opacity":"","overlay-gradient":""},"mobile":{"background-color":"var(--ast-global-color-5)","background-image":"","background-repeat":"repeat","background-position":"center center","background-size":"auto","background-attachment":"scroll","background-type":"","background-media":"","overlay-type":"","overlay-color":"","overlay-opacity":"","overlay-gradient":""}},"footnotes":""},"categories":[31],"tags":[],"class_list":["post-36449","post","type-post","status-publish","format-standard","has-post-thumbnail","hentry","category-aktuality"],"yoast_head":"<!-- This site is optimized with the Yoast SEO plugin v27.4 - https:\/\/yoast.com\/product\/yoast-seo-wordpress\/ -->\n<title>Vystaven\u00e9 cestovn\u00e9 l\u00edstky pripom\u00ednaj\u00fa v\u00fdro\u010dia v doprave - Pova\u017esk\u00e9 m\u00fazeum<\/title>\n<meta name=\"robots\" content=\"index, follow, max-snippet:-1, max-image-preview:large, max-video-preview:-1\" \/>\n<link rel=\"canonical\" href=\"https:\/\/pmza.sk\/?p=36449\" \/>\n<meta property=\"og:locale\" content=\"sk_SK\" \/>\n<meta property=\"og:type\" content=\"article\" \/>\n<meta property=\"og:title\" content=\"Vystaven\u00e9 cestovn\u00e9 l\u00edstky pripom\u00ednaj\u00fa v\u00fdro\u010dia v doprave - Pova\u017esk\u00e9 m\u00fazeum\" \/>\n<meta property=\"og:description\" content=\"V historickom fonde Pova\u017esk\u00e9ho m\u00fazea v\u00a0\u017diline sa nach\u00e1dzaj\u00fa aj jednorazov\u00e9 cestovn\u00e9 l\u00edstky z\u00a0minulosti. A\u00a0pr\u00e1ve tri z\u00a0nich, ktor\u00e9 maj\u00fa v\u00a0tomto roku v\u00fdro\u010die, sa stali zbierkov\u00fdmi predmetmi v\u00a0mesiaci okt\u00f3ber. \u00a0 Prv\u00fdm je cestovn\u00fd l\u00edstok zo \u017eelezni\u010dnej trate \u017dilina \u2013 Rajec, ktor\u00e1 v\u00a0tomto roku oslavuje 120 rokov. \u00a0Toto v\u00fdro\u010die sme si pripomenuli v\u00a0auguste jazdou historick\u00e9ho parn\u00e9ho vlaku, presn\u00fd [&hellip;]\" \/>\n<meta property=\"og:url\" content=\"https:\/\/pmza.sk\/?p=36449\" \/>\n<meta property=\"og:site_name\" content=\"Pova\u017esk\u00e9 m\u00fazeum\" \/>\n<meta property=\"article:publisher\" content=\"https:\/\/www.facebook.com\/povazskemuzeum\" \/>\n<meta property=\"article:published_time\" content=\"2019-10-03T10:15:53+00:00\" \/>\n<meta property=\"og:image\" content=\"https:\/\/pmza.sk\/wp-content\/uploads\/2019\/10\/IMG_7653.jpg\" \/>\n\t<meta property=\"og:image:width\" content=\"1024\" \/>\n\t<meta property=\"og:image:height\" content=\"768\" \/>\n\t<meta property=\"og:image:type\" content=\"image\/jpeg\" \/>\n<meta name=\"author\" content=\"Pova\u017esk\u00e9 m\u00fazeum\" \/>\n<meta name=\"twitter:card\" content=\"summary_large_image\" \/>\n<meta name=\"twitter:label1\" content=\"Autor\" \/>\n\t<meta name=\"twitter:data1\" content=\"Pova\u017esk\u00e9 m\u00fazeum\" \/>\n\t<meta name=\"twitter:label2\" content=\"Predpokladan\u00fd \u010das \u010d\u00edtania\" \/>\n\t<meta name=\"twitter:data2\" content=\"3 min\u00faty\" \/>\n<script type=\"application\/ld+json\" class=\"yoast-schema-graph\">{\"@context\":\"https:\\\/\\\/schema.org\",\"@graph\":[{\"@type\":\"Article\",\"@id\":\"https:\\\/\\\/pmza.sk\\\/?p=36449#article\",\"isPartOf\":{\"@id\":\"https:\\\/\\\/pmza.sk\\\/?p=36449\"},\"author\":{\"name\":\"Pova\u017esk\u00e9 m\u00fazeum\",\"@id\":\"https:\\\/\\\/pmza.sk\\\/#\\\/schema\\\/person\\\/595e6a2ce731ea94dcd5d7f50a41ae33\"},\"headline\":\"Vystaven\u00e9 cestovn\u00e9 l\u00edstky pripom\u00ednaj\u00fa v\u00fdro\u010dia v doprave\",\"datePublished\":\"2019-10-03T10:15:53+00:00\",\"mainEntityOfPage\":{\"@id\":\"https:\\\/\\\/pmza.sk\\\/?p=36449\"},\"wordCount\":593,\"publisher\":{\"@id\":\"https:\\\/\\\/pmza.sk\\\/#organization\"},\"image\":{\"@id\":\"https:\\\/\\\/pmza.sk\\\/?p=36449#primaryimage\"},\"thumbnailUrl\":\"https:\\\/\\\/pmza.sk\\\/wp-content\\\/uploads\\\/2019\\\/10\\\/IMG_7653.jpg\",\"articleSection\":[\"Aktuality\"],\"inLanguage\":\"sk-SK\"},{\"@type\":\"WebPage\",\"@id\":\"https:\\\/\\\/pmza.sk\\\/?p=36449\",\"url\":\"https:\\\/\\\/pmza.sk\\\/?p=36449\",\"name\":\"Vystaven\u00e9 cestovn\u00e9 l\u00edstky pripom\u00ednaj\u00fa v\u00fdro\u010dia v doprave - Pova\u017esk\u00e9 m\u00fazeum\",\"isPartOf\":{\"@id\":\"https:\\\/\\\/pmza.sk\\\/#website\"},\"primaryImageOfPage\":{\"@id\":\"https:\\\/\\\/pmza.sk\\\/?p=36449#primaryimage\"},\"image\":{\"@id\":\"https:\\\/\\\/pmza.sk\\\/?p=36449#primaryimage\"},\"thumbnailUrl\":\"https:\\\/\\\/pmza.sk\\\/wp-content\\\/uploads\\\/2019\\\/10\\\/IMG_7653.jpg\",\"datePublished\":\"2019-10-03T10:15:53+00:00\",\"breadcrumb\":{\"@id\":\"https:\\\/\\\/pmza.sk\\\/?p=36449#breadcrumb\"},\"inLanguage\":\"sk-SK\",\"potentialAction\":[{\"@type\":\"ReadAction\",\"target\":[\"https:\\\/\\\/pmza.sk\\\/?p=36449\"]}]},{\"@type\":\"ImageObject\",\"inLanguage\":\"sk-SK\",\"@id\":\"https:\\\/\\\/pmza.sk\\\/?p=36449#primaryimage\",\"url\":\"https:\\\/\\\/pmza.sk\\\/wp-content\\\/uploads\\\/2019\\\/10\\\/IMG_7653.jpg\",\"contentUrl\":\"https:\\\/\\\/pmza.sk\\\/wp-content\\\/uploads\\\/2019\\\/10\\\/IMG_7653.jpg\",\"width\":1024,\"height\":768},{\"@type\":\"BreadcrumbList\",\"@id\":\"https:\\\/\\\/pmza.sk\\\/?p=36449#breadcrumb\",\"itemListElement\":[{\"@type\":\"ListItem\",\"position\":1,\"name\":\"Domovsk\u00e1 str\u00e1nka\",\"item\":\"https:\\\/\\\/pmza.sk\\\/\"},{\"@type\":\"ListItem\",\"position\":2,\"name\":\"Vystaven\u00e9 cestovn\u00e9 l\u00edstky pripom\u00ednaj\u00fa v\u00fdro\u010dia v doprave\"}]},{\"@type\":\"WebSite\",\"@id\":\"https:\\\/\\\/pmza.sk\\\/#website\",\"url\":\"https:\\\/\\\/pmza.sk\\\/\",\"name\":\"Pova\u017esk\u00e9 m\u00fazeum\",\"description\":\"Pova\u017esk\u00e9 m\u00fazeum v \u017diline je region\u00e1lne m\u00fazeum so s\u00eddlom v Budat\u00edne. Jeho expoz\u00edcie s\u00fa zameran\u00e9 na dejiny slovensk\u00e9ho umenia, kult\u00fary a dopravy.\",\"publisher\":{\"@id\":\"https:\\\/\\\/pmza.sk\\\/#organization\"},\"potentialAction\":[{\"@type\":\"SearchAction\",\"target\":{\"@type\":\"EntryPoint\",\"urlTemplate\":\"https:\\\/\\\/pmza.sk\\\/?s={search_term_string}\"},\"query-input\":{\"@type\":\"PropertyValueSpecification\",\"valueRequired\":true,\"valueName\":\"search_term_string\"}}],\"inLanguage\":\"sk-SK\"},{\"@type\":\"Organization\",\"@id\":\"https:\\\/\\\/pmza.sk\\\/#organization\",\"name\":\"Pova\u017esk\u00e9 m\u00fazeum\",\"url\":\"https:\\\/\\\/pmza.sk\\\/\",\"logo\":{\"@type\":\"ImageObject\",\"inLanguage\":\"sk-SK\",\"@id\":\"https:\\\/\\\/pmza.sk\\\/#\\\/schema\\\/logo\\\/image\\\/\",\"url\":\"https:\\\/\\\/pmza.sk\\\/wp-content\\\/uploads\\\/2022\\\/01\\\/logo_PM_horizontal.jpg\",\"contentUrl\":\"https:\\\/\\\/pmza.sk\\\/wp-content\\\/uploads\\\/2022\\\/01\\\/logo_PM_horizontal.jpg\",\"width\":231,\"height\":142,\"caption\":\"Pova\u017esk\u00e9 m\u00fazeum\"},\"image\":{\"@id\":\"https:\\\/\\\/pmza.sk\\\/#\\\/schema\\\/logo\\\/image\\\/\"},\"sameAs\":[\"https:\\\/\\\/www.facebook.com\\\/povazskemuzeum\",\"https:\\\/\\\/www.instagram.com\\\/povazskemuzeum\\\/\"]},{\"@type\":\"Person\",\"@id\":\"https:\\\/\\\/pmza.sk\\\/#\\\/schema\\\/person\\\/595e6a2ce731ea94dcd5d7f50a41ae33\",\"name\":\"Pova\u017esk\u00e9 m\u00fazeum\",\"image\":{\"@type\":\"ImageObject\",\"inLanguage\":\"sk-SK\",\"@id\":\"https:\\\/\\\/secure.gravatar.com\\\/avatar\\\/2bb7f1561282132fb5826dfeccc66c7996d11ee392ac6aaf7ced8a1c2027fbb2?s=96&d=mm&r=g\",\"url\":\"https:\\\/\\\/secure.gravatar.com\\\/avatar\\\/2bb7f1561282132fb5826dfeccc66c7996d11ee392ac6aaf7ced8a1c2027fbb2?s=96&d=mm&r=g\",\"contentUrl\":\"https:\\\/\\\/secure.gravatar.com\\\/avatar\\\/2bb7f1561282132fb5826dfeccc66c7996d11ee392ac6aaf7ced8a1c2027fbb2?s=96&d=mm&r=g\",\"caption\":\"Pova\u017esk\u00e9 m\u00fazeum\"}}]}<\/script>\n<!-- \/ Yoast SEO plugin. -->","yoast_head_json":{"title":"Vystaven\u00e9 cestovn\u00e9 l\u00edstky pripom\u00ednaj\u00fa v\u00fdro\u010dia v doprave - Pova\u017esk\u00e9 m\u00fazeum","robots":{"index":"index","follow":"follow","max-snippet":"max-snippet:-1","max-image-preview":"max-image-preview:large","max-video-preview":"max-video-preview:-1"},"canonical":"https:\/\/pmza.sk\/?p=36449","og_locale":"sk_SK","og_type":"article","og_title":"Vystaven\u00e9 cestovn\u00e9 l\u00edstky pripom\u00ednaj\u00fa v\u00fdro\u010dia v doprave - Pova\u017esk\u00e9 m\u00fazeum","og_description":"V historickom fonde Pova\u017esk\u00e9ho m\u00fazea v\u00a0\u017diline sa nach\u00e1dzaj\u00fa aj jednorazov\u00e9 cestovn\u00e9 l\u00edstky z\u00a0minulosti. A\u00a0pr\u00e1ve tri z\u00a0nich, ktor\u00e9 maj\u00fa v\u00a0tomto roku v\u00fdro\u010die, sa stali zbierkov\u00fdmi predmetmi v\u00a0mesiaci okt\u00f3ber. \u00a0 Prv\u00fdm je cestovn\u00fd l\u00edstok zo \u017eelezni\u010dnej trate \u017dilina \u2013 Rajec, ktor\u00e1 v\u00a0tomto roku oslavuje 120 rokov. \u00a0Toto v\u00fdro\u010die sme si pripomenuli v\u00a0auguste jazdou historick\u00e9ho parn\u00e9ho vlaku, presn\u00fd [&hellip;]","og_url":"https:\/\/pmza.sk\/?p=36449","og_site_name":"Pova\u017esk\u00e9 m\u00fazeum","article_publisher":"https:\/\/www.facebook.com\/povazskemuzeum","article_published_time":"2019-10-03T10:15:53+00:00","og_image":[{"width":1024,"height":768,"url":"https:\/\/pmza.sk\/wp-content\/uploads\/2019\/10\/IMG_7653.jpg","type":"image\/jpeg"}],"author":"Pova\u017esk\u00e9 m\u00fazeum","twitter_card":"summary_large_image","twitter_misc":{"Autor":"Pova\u017esk\u00e9 m\u00fazeum","Predpokladan\u00fd \u010das \u010d\u00edtania":"3 min\u00faty"},"schema":{"@context":"https:\/\/schema.org","@graph":[{"@type":"Article","@id":"https:\/\/pmza.sk\/?p=36449#article","isPartOf":{"@id":"https:\/\/pmza.sk\/?p=36449"},"author":{"name":"Pova\u017esk\u00e9 m\u00fazeum","@id":"https:\/\/pmza.sk\/#\/schema\/person\/595e6a2ce731ea94dcd5d7f50a41ae33"},"headline":"Vystaven\u00e9 cestovn\u00e9 l\u00edstky pripom\u00ednaj\u00fa v\u00fdro\u010dia v doprave","datePublished":"2019-10-03T10:15:53+00:00","mainEntityOfPage":{"@id":"https:\/\/pmza.sk\/?p=36449"},"wordCount":593,"publisher":{"@id":"https:\/\/pmza.sk\/#organization"},"image":{"@id":"https:\/\/pmza.sk\/?p=36449#primaryimage"},"thumbnailUrl":"https:\/\/pmza.sk\/wp-content\/uploads\/2019\/10\/IMG_7653.jpg","articleSection":["Aktuality"],"inLanguage":"sk-SK"},{"@type":"WebPage","@id":"https:\/\/pmza.sk\/?p=36449","url":"https:\/\/pmza.sk\/?p=36449","name":"Vystaven\u00e9 cestovn\u00e9 l\u00edstky pripom\u00ednaj\u00fa v\u00fdro\u010dia v doprave - Pova\u017esk\u00e9 m\u00fazeum","isPartOf":{"@id":"https:\/\/pmza.sk\/#website"},"primaryImageOfPage":{"@id":"https:\/\/pmza.sk\/?p=36449#primaryimage"},"image":{"@id":"https:\/\/pmza.sk\/?p=36449#primaryimage"},"thumbnailUrl":"https:\/\/pmza.sk\/wp-content\/uploads\/2019\/10\/IMG_7653.jpg","datePublished":"2019-10-03T10:15:53+00:00","breadcrumb":{"@id":"https:\/\/pmza.sk\/?p=36449#breadcrumb"},"inLanguage":"sk-SK","potentialAction":[{"@type":"ReadAction","target":["https:\/\/pmza.sk\/?p=36449"]}]},{"@type":"ImageObject","inLanguage":"sk-SK","@id":"https:\/\/pmza.sk\/?p=36449#primaryimage","url":"https:\/\/pmza.sk\/wp-content\/uploads\/2019\/10\/IMG_7653.jpg","contentUrl":"https:\/\/pmza.sk\/wp-content\/uploads\/2019\/10\/IMG_7653.jpg","width":1024,"height":768},{"@type":"BreadcrumbList","@id":"https:\/\/pmza.sk\/?p=36449#breadcrumb","itemListElement":[{"@type":"ListItem","position":1,"name":"Domovsk\u00e1 str\u00e1nka","item":"https:\/\/pmza.sk\/"},{"@type":"ListItem","position":2,"name":"Vystaven\u00e9 cestovn\u00e9 l\u00edstky pripom\u00ednaj\u00fa v\u00fdro\u010dia v doprave"}]},{"@type":"WebSite","@id":"https:\/\/pmza.sk\/#website","url":"https:\/\/pmza.sk\/","name":"Pova\u017esk\u00e9 m\u00fazeum","description":"Pova\u017esk\u00e9 m\u00fazeum v \u017diline je region\u00e1lne m\u00fazeum so s\u00eddlom v Budat\u00edne. Jeho expoz\u00edcie s\u00fa zameran\u00e9 na dejiny slovensk\u00e9ho umenia, kult\u00fary a dopravy.","publisher":{"@id":"https:\/\/pmza.sk\/#organization"},"potentialAction":[{"@type":"SearchAction","target":{"@type":"EntryPoint","urlTemplate":"https:\/\/pmza.sk\/?s={search_term_string}"},"query-input":{"@type":"PropertyValueSpecification","valueRequired":true,"valueName":"search_term_string"}}],"inLanguage":"sk-SK"},{"@type":"Organization","@id":"https:\/\/pmza.sk\/#organization","name":"Pova\u017esk\u00e9 m\u00fazeum","url":"https:\/\/pmza.sk\/","logo":{"@type":"ImageObject","inLanguage":"sk-SK","@id":"https:\/\/pmza.sk\/#\/schema\/logo\/image\/","url":"https:\/\/pmza.sk\/wp-content\/uploads\/2022\/01\/logo_PM_horizontal.jpg","contentUrl":"https:\/\/pmza.sk\/wp-content\/uploads\/2022\/01\/logo_PM_horizontal.jpg","width":231,"height":142,"caption":"Pova\u017esk\u00e9 m\u00fazeum"},"image":{"@id":"https:\/\/pmza.sk\/#\/schema\/logo\/image\/"},"sameAs":["https:\/\/www.facebook.com\/povazskemuzeum","https:\/\/www.instagram.com\/povazskemuzeum\/"]},{"@type":"Person","@id":"https:\/\/pmza.sk\/#\/schema\/person\/595e6a2ce731ea94dcd5d7f50a41ae33","name":"Pova\u017esk\u00e9 m\u00fazeum","image":{"@type":"ImageObject","inLanguage":"sk-SK","@id":"https:\/\/secure.gravatar.com\/avatar\/2bb7f1561282132fb5826dfeccc66c7996d11ee392ac6aaf7ced8a1c2027fbb2?s=96&d=mm&r=g","url":"https:\/\/secure.gravatar.com\/avatar\/2bb7f1561282132fb5826dfeccc66c7996d11ee392ac6aaf7ced8a1c2027fbb2?s=96&d=mm&r=g","contentUrl":"https:\/\/secure.gravatar.com\/avatar\/2bb7f1561282132fb5826dfeccc66c7996d11ee392ac6aaf7ced8a1c2027fbb2?s=96&d=mm&r=g","caption":"Pova\u017esk\u00e9 m\u00fazeum"}}]}},"_links":{"self":[{"href":"https:\/\/pmza.sk\/index.php?rest_route=\/wp\/v2\/posts\/36449","targetHints":{"allow":["GET"]}}],"collection":[{"href":"https:\/\/pmza.sk\/index.php?rest_route=\/wp\/v2\/posts"}],"about":[{"href":"https:\/\/pmza.sk\/index.php?rest_route=\/wp\/v2\/types\/post"}],"author":[{"embeddable":true,"href":"https:\/\/pmza.sk\/index.php?rest_route=\/wp\/v2\/users\/2"}],"replies":[{"embeddable":true,"href":"https:\/\/pmza.sk\/index.php?rest_route=%2Fwp%2Fv2%2Fcomments&post=36449"}],"version-history":[{"count":0,"href":"https:\/\/pmza.sk\/index.php?rest_route=\/wp\/v2\/posts\/36449\/revisions"}],"wp:featuredmedia":[{"embeddable":true,"href":"https:\/\/pmza.sk\/index.php?rest_route=\/wp\/v2\/media\/36450"}],"wp:attachment":[{"href":"https:\/\/pmza.sk\/index.php?rest_route=%2Fwp%2Fv2%2Fmedia&parent=36449"}],"wp:term":[{"taxonomy":"category","embeddable":true,"href":"https:\/\/pmza.sk\/index.php?rest_route=%2Fwp%2Fv2%2Fcategories&post=36449"},{"taxonomy":"post_tag","embeddable":true,"href":"https:\/\/pmza.sk\/index.php?rest_route=%2Fwp%2Fv2%2Ftags&post=36449"}],"curies":[{"name":"wp","href":"https:\/\/api.w.org\/{rel}","templated":true}]}}