{"id":36500,"date":"2019-10-10T08:19:01","date_gmt":"2019-10-10T06:19:01","guid":{"rendered":"https:\/\/pmza.sk\/?p=36500"},"modified":"2019-10-10T08:19:01","modified_gmt":"2019-10-10T06:19:01","slug":"muzeum-pre-vas-archeologicky-vyskum-hradiska-velky-vrch-v-divinke","status":"publish","type":"post","link":"https:\/\/pmza.sk\/?p=36500","title":{"rendered":"M\u00fazeum pre v\u00e1s: Archeologick\u00fd v\u00fdskum hradiska Ve\u013ek\u00fd vrch v Divinke"},"content":{"rendered":"<p>Hradisko Ve\u013ek\u00fd vrch v Divinke je z\u00e1ujmom archeol\u00f3gov u\u017e nieko\u013eko rokov. Poznatky z\u00edskan\u00e9 po\u010das 7 v\u00fdskumn\u00fdch sez\u00f3n pribl\u00ed\u017ei v r\u00e1mci zauj\u00edmavej predn\u00e1\u0161ky archeologi\u010dka Pova\u017esk\u00e9ho m\u00fazea v \u017diline Mgr. Andrea Slan\u00e1, Phd. Z\u00e1ujemcovia sa dozvedia, kedy bolo hradisko os\u00eddlen\u00e9, \u010di ak\u00e9 vz\u00e1cne n\u00e1lezy sa tam na\u0161li. Taktie\u017e upozorn\u00ed na nutnos\u0165 ochrany na archeologick\u00fdch lokalit\u00e1ch pred ileg\u00e1lnymi h\u013eada\u010dmi pokladov a vysvetl\u00ed, \u010do robi\u0165 pri n\u00e1hodnom objave archeologick\u00e9ho n\u00e1lezu. V\u00edtan\u00ed s\u00fa v\u0161etci nad\u0161enci archeol\u00f3gie! Sta\u010d\u00ed sa len vopred objedna\u0165 na tel. \u010d. 0907 108 659 a pr\u00eds\u0165 v utorok 29.10. o 17.00 do Budat\u00ednskeho hradu. Predn\u00e1\u0161ka a n\u00e1sledn\u00e1 diskusia sa konaj\u00fa v r\u00e1mci pravideln\u00e9ho podujatia M\u00fazeum pre v\u00e1s, ktor\u00e9 Pova\u017esk\u00e9 m\u00fazeum v \u017diline organizuje ka\u017ed\u00fd mesiac.<\/p>\n","protected":false},"excerpt":{"rendered":"<p>Hradisko Ve\u013ek\u00fd vrch v Divinke je z\u00e1ujmom archeol\u00f3gov u\u017e nieko\u013eko rokov. Poznatky z\u00edskan\u00e9 po\u010das 7 v\u00fdskumn\u00fdch sez\u00f3n pribl\u00ed\u017ei v r\u00e1mci zauj\u00edmavej predn\u00e1\u0161ky archeologi\u010dka Pova\u017esk\u00e9ho m\u00fazea v \u017diline Mgr. Andrea Slan\u00e1, Phd. Z\u00e1ujemcovia sa dozvedia, kedy bolo hradisko os\u00eddlen\u00e9, \u010di ak\u00e9 vz\u00e1cne n\u00e1lezy sa tam na\u0161li. Taktie\u017e upozorn\u00ed na nutnos\u0165 ochrany na archeologick\u00fdch lokalit\u00e1ch pred ileg\u00e1lnymi [&hellip;]<\/p>\n","protected":false},"author":2,"featured_media":36508,"comment_status":"closed","ping_status":"closed","sticky":false,"template":"","format":"standard","meta":{"site-sidebar-layout":"default","site-content-layout":"","ast-site-content-layout":"","site-content-style":"default","site-sidebar-style":"default","ast-global-header-display":"","ast-banner-title-visibility":"","ast-main-header-display":"","ast-hfb-above-header-display":"","ast-hfb-below-header-display":"","ast-hfb-mobile-header-display":"","site-post-title":"","ast-breadcrumbs-content":"","ast-featured-img":"","footer-sml-layout":"","theme-transparent-header-meta":"","adv-header-id-meta":"","stick-header-meta":"","header-above-stick-meta":"","header-main-stick-meta":"","header-below-stick-meta":"","astra-migrate-meta-layouts":"default","ast-page-background-enabled":"default","ast-page-background-meta":{"desktop":{"background-color":"var(--ast-global-color-4)","background-image":"","background-repeat":"repeat","background-position":"center center","background-size":"auto","background-attachment":"scroll","background-type":"","background-media":"","overlay-type":"","overlay-color":"","overlay-opacity":"","overlay-gradient":""},"tablet":{"background-color":"","background-image":"","background-repeat":"repeat","background-position":"center center","background-size":"auto","background-attachment":"scroll","background-type":"","background-media":"","overlay-type":"","overlay-color":"","overlay-opacity":"","overlay-gradient":""},"mobile":{"background-color":"","background-image":"","background-repeat":"repeat","background-position":"center center","background-size":"auto","background-attachment":"scroll","background-type":"","background-media":"","overlay-type":"","overlay-color":"","overlay-opacity":"","overlay-gradient":""}},"ast-content-background-meta":{"desktop":{"background-color":"var(--ast-global-color-5)","background-image":"","background-repeat":"repeat","background-position":"center center","background-size":"auto","background-attachment":"scroll","background-type":"","background-media":"","overlay-type":"","overlay-color":"","overlay-opacity":"","overlay-gradient":""},"tablet":{"background-color":"var(--ast-global-color-5)","background-image":"","background-repeat":"repeat","background-position":"center center","background-size":"auto","background-attachment":"scroll","background-type":"","background-media":"","overlay-type":"","overlay-color":"","overlay-opacity":"","overlay-gradient":""},"mobile":{"background-color":"var(--ast-global-color-5)","background-image":"","background-repeat":"repeat","background-position":"center center","background-size":"auto","background-attachment":"scroll","background-type":"","background-media":"","overlay-type":"","overlay-color":"","overlay-opacity":"","overlay-gradient":""}},"footnotes":""},"categories":[31],"tags":[],"class_list":["post-36500","post","type-post","status-publish","format-standard","has-post-thumbnail","hentry","category-aktuality"],"yoast_head":"<!-- This site is optimized with the Yoast SEO plugin v27.4 - https:\/\/yoast.com\/product\/yoast-seo-wordpress\/ -->\n<title>M\u00fazeum pre v\u00e1s: Archeologick\u00fd v\u00fdskum hradiska Ve\u013ek\u00fd vrch v Divinke - Pova\u017esk\u00e9 m\u00fazeum<\/title>\n<meta name=\"robots\" content=\"index, follow, max-snippet:-1, max-image-preview:large, max-video-preview:-1\" \/>\n<link rel=\"canonical\" href=\"https:\/\/pmza.sk\/?p=36500\" \/>\n<meta property=\"og:locale\" content=\"sk_SK\" \/>\n<meta property=\"og:type\" content=\"article\" \/>\n<meta property=\"og:title\" content=\"M\u00fazeum pre v\u00e1s: Archeologick\u00fd v\u00fdskum hradiska Ve\u013ek\u00fd vrch v Divinke - Pova\u017esk\u00e9 m\u00fazeum\" \/>\n<meta property=\"og:description\" content=\"Hradisko Ve\u013ek\u00fd vrch v Divinke je z\u00e1ujmom archeol\u00f3gov u\u017e nieko\u013eko rokov. Poznatky z\u00edskan\u00e9 po\u010das 7 v\u00fdskumn\u00fdch sez\u00f3n pribl\u00ed\u017ei v r\u00e1mci zauj\u00edmavej predn\u00e1\u0161ky archeologi\u010dka Pova\u017esk\u00e9ho m\u00fazea v \u017diline Mgr. Andrea Slan\u00e1, Phd. Z\u00e1ujemcovia sa dozvedia, kedy bolo hradisko os\u00eddlen\u00e9, \u010di ak\u00e9 vz\u00e1cne n\u00e1lezy sa tam na\u0161li. Taktie\u017e upozorn\u00ed na nutnos\u0165 ochrany na archeologick\u00fdch lokalit\u00e1ch pred ileg\u00e1lnymi [&hellip;]\" \/>\n<meta property=\"og:url\" content=\"https:\/\/pmza.sk\/?p=36500\" \/>\n<meta property=\"og:site_name\" content=\"Pova\u017esk\u00e9 m\u00fazeum\" \/>\n<meta property=\"article:publisher\" content=\"https:\/\/www.facebook.com\/povazskemuzeum\" \/>\n<meta property=\"article:published_time\" content=\"2019-10-10T06:19:01+00:00\" \/>\n<meta property=\"og:image\" content=\"https:\/\/pmza.sk\/wp-content\/uploads\/2019\/10\/archeologicky_vyskum_www-1.jpg\" \/>\n\t<meta property=\"og:image:width\" content=\"566\" \/>\n\t<meta property=\"og:image:height\" content=\"800\" \/>\n\t<meta property=\"og:image:type\" content=\"image\/jpeg\" \/>\n<meta name=\"author\" content=\"Pova\u017esk\u00e9 m\u00fazeum\" \/>\n<meta name=\"twitter:card\" content=\"summary_large_image\" \/>\n<meta name=\"twitter:label1\" content=\"Autor\" \/>\n\t<meta name=\"twitter:data1\" content=\"Pova\u017esk\u00e9 m\u00fazeum\" \/>\n\t<meta name=\"twitter:label2\" content=\"Predpokladan\u00fd \u010das \u010d\u00edtania\" \/>\n\t<meta name=\"twitter:data2\" content=\"1 min\u00fata\" \/>\n<script type=\"application\/ld+json\" class=\"yoast-schema-graph\">{\"@context\":\"https:\\\/\\\/schema.org\",\"@graph\":[{\"@type\":\"Article\",\"@id\":\"https:\\\/\\\/pmza.sk\\\/?p=36500#article\",\"isPartOf\":{\"@id\":\"https:\\\/\\\/pmza.sk\\\/?p=36500\"},\"author\":{\"name\":\"Pova\u017esk\u00e9 m\u00fazeum\",\"@id\":\"https:\\\/\\\/pmza.sk\\\/#\\\/schema\\\/person\\\/595e6a2ce731ea94dcd5d7f50a41ae33\"},\"headline\":\"M\u00fazeum pre v\u00e1s: Archeologick\u00fd v\u00fdskum hradiska Ve\u013ek\u00fd vrch v Divinke\",\"datePublished\":\"2019-10-10T06:19:01+00:00\",\"mainEntityOfPage\":{\"@id\":\"https:\\\/\\\/pmza.sk\\\/?p=36500\"},\"wordCount\":165,\"publisher\":{\"@id\":\"https:\\\/\\\/pmza.sk\\\/#organization\"},\"image\":{\"@id\":\"https:\\\/\\\/pmza.sk\\\/?p=36500#primaryimage\"},\"thumbnailUrl\":\"https:\\\/\\\/pmza.sk\\\/wp-content\\\/uploads\\\/2019\\\/10\\\/archeologicky_vyskum_www-1.jpg\",\"articleSection\":[\"Aktuality\"],\"inLanguage\":\"sk-SK\"},{\"@type\":\"WebPage\",\"@id\":\"https:\\\/\\\/pmza.sk\\\/?p=36500\",\"url\":\"https:\\\/\\\/pmza.sk\\\/?p=36500\",\"name\":\"M\u00fazeum pre v\u00e1s: Archeologick\u00fd v\u00fdskum hradiska Ve\u013ek\u00fd vrch v Divinke - Pova\u017esk\u00e9 m\u00fazeum\",\"isPartOf\":{\"@id\":\"https:\\\/\\\/pmza.sk\\\/#website\"},\"primaryImageOfPage\":{\"@id\":\"https:\\\/\\\/pmza.sk\\\/?p=36500#primaryimage\"},\"image\":{\"@id\":\"https:\\\/\\\/pmza.sk\\\/?p=36500#primaryimage\"},\"thumbnailUrl\":\"https:\\\/\\\/pmza.sk\\\/wp-content\\\/uploads\\\/2019\\\/10\\\/archeologicky_vyskum_www-1.jpg\",\"datePublished\":\"2019-10-10T06:19:01+00:00\",\"breadcrumb\":{\"@id\":\"https:\\\/\\\/pmza.sk\\\/?p=36500#breadcrumb\"},\"inLanguage\":\"sk-SK\",\"potentialAction\":[{\"@type\":\"ReadAction\",\"target\":[\"https:\\\/\\\/pmza.sk\\\/?p=36500\"]}]},{\"@type\":\"ImageObject\",\"inLanguage\":\"sk-SK\",\"@id\":\"https:\\\/\\\/pmza.sk\\\/?p=36500#primaryimage\",\"url\":\"https:\\\/\\\/pmza.sk\\\/wp-content\\\/uploads\\\/2019\\\/10\\\/archeologicky_vyskum_www-1.jpg\",\"contentUrl\":\"https:\\\/\\\/pmza.sk\\\/wp-content\\\/uploads\\\/2019\\\/10\\\/archeologicky_vyskum_www-1.jpg\",\"width\":566,\"height\":800},{\"@type\":\"BreadcrumbList\",\"@id\":\"https:\\\/\\\/pmza.sk\\\/?p=36500#breadcrumb\",\"itemListElement\":[{\"@type\":\"ListItem\",\"position\":1,\"name\":\"Domovsk\u00e1 str\u00e1nka\",\"item\":\"https:\\\/\\\/pmza.sk\\\/\"},{\"@type\":\"ListItem\",\"position\":2,\"name\":\"M\u00fazeum pre v\u00e1s: Archeologick\u00fd v\u00fdskum hradiska Ve\u013ek\u00fd vrch v Divinke\"}]},{\"@type\":\"WebSite\",\"@id\":\"https:\\\/\\\/pmza.sk\\\/#website\",\"url\":\"https:\\\/\\\/pmza.sk\\\/\",\"name\":\"Pova\u017esk\u00e9 m\u00fazeum\",\"description\":\"Pova\u017esk\u00e9 m\u00fazeum v \u017diline je region\u00e1lne m\u00fazeum so s\u00eddlom v Budat\u00edne. Jeho expoz\u00edcie s\u00fa zameran\u00e9 na dejiny slovensk\u00e9ho umenia, kult\u00fary a dopravy.\",\"publisher\":{\"@id\":\"https:\\\/\\\/pmza.sk\\\/#organization\"},\"potentialAction\":[{\"@type\":\"SearchAction\",\"target\":{\"@type\":\"EntryPoint\",\"urlTemplate\":\"https:\\\/\\\/pmza.sk\\\/?s={search_term_string}\"},\"query-input\":{\"@type\":\"PropertyValueSpecification\",\"valueRequired\":true,\"valueName\":\"search_term_string\"}}],\"inLanguage\":\"sk-SK\"},{\"@type\":\"Organization\",\"@id\":\"https:\\\/\\\/pmza.sk\\\/#organization\",\"name\":\"Pova\u017esk\u00e9 m\u00fazeum\",\"url\":\"https:\\\/\\\/pmza.sk\\\/\",\"logo\":{\"@type\":\"ImageObject\",\"inLanguage\":\"sk-SK\",\"@id\":\"https:\\\/\\\/pmza.sk\\\/#\\\/schema\\\/logo\\\/image\\\/\",\"url\":\"https:\\\/\\\/pmza.sk\\\/wp-content\\\/uploads\\\/2022\\\/01\\\/logo_PM_horizontal.jpg\",\"contentUrl\":\"https:\\\/\\\/pmza.sk\\\/wp-content\\\/uploads\\\/2022\\\/01\\\/logo_PM_horizontal.jpg\",\"width\":231,\"height\":142,\"caption\":\"Pova\u017esk\u00e9 m\u00fazeum\"},\"image\":{\"@id\":\"https:\\\/\\\/pmza.sk\\\/#\\\/schema\\\/logo\\\/image\\\/\"},\"sameAs\":[\"https:\\\/\\\/www.facebook.com\\\/povazskemuzeum\",\"https:\\\/\\\/www.instagram.com\\\/povazskemuzeum\\\/\"]},{\"@type\":\"Person\",\"@id\":\"https:\\\/\\\/pmza.sk\\\/#\\\/schema\\\/person\\\/595e6a2ce731ea94dcd5d7f50a41ae33\",\"name\":\"Pova\u017esk\u00e9 m\u00fazeum\",\"image\":{\"@type\":\"ImageObject\",\"inLanguage\":\"sk-SK\",\"@id\":\"https:\\\/\\\/secure.gravatar.com\\\/avatar\\\/2bb7f1561282132fb5826dfeccc66c7996d11ee392ac6aaf7ced8a1c2027fbb2?s=96&d=mm&r=g\",\"url\":\"https:\\\/\\\/secure.gravatar.com\\\/avatar\\\/2bb7f1561282132fb5826dfeccc66c7996d11ee392ac6aaf7ced8a1c2027fbb2?s=96&d=mm&r=g\",\"contentUrl\":\"https:\\\/\\\/secure.gravatar.com\\\/avatar\\\/2bb7f1561282132fb5826dfeccc66c7996d11ee392ac6aaf7ced8a1c2027fbb2?s=96&d=mm&r=g\",\"caption\":\"Pova\u017esk\u00e9 m\u00fazeum\"}}]}<\/script>\n<!-- \/ Yoast SEO plugin. -->","yoast_head_json":{"title":"M\u00fazeum pre v\u00e1s: Archeologick\u00fd v\u00fdskum hradiska Ve\u013ek\u00fd vrch v Divinke - Pova\u017esk\u00e9 m\u00fazeum","robots":{"index":"index","follow":"follow","max-snippet":"max-snippet:-1","max-image-preview":"max-image-preview:large","max-video-preview":"max-video-preview:-1"},"canonical":"https:\/\/pmza.sk\/?p=36500","og_locale":"sk_SK","og_type":"article","og_title":"M\u00fazeum pre v\u00e1s: Archeologick\u00fd v\u00fdskum hradiska Ve\u013ek\u00fd vrch v Divinke - Pova\u017esk\u00e9 m\u00fazeum","og_description":"Hradisko Ve\u013ek\u00fd vrch v Divinke je z\u00e1ujmom archeol\u00f3gov u\u017e nieko\u013eko rokov. Poznatky z\u00edskan\u00e9 po\u010das 7 v\u00fdskumn\u00fdch sez\u00f3n pribl\u00ed\u017ei v r\u00e1mci zauj\u00edmavej predn\u00e1\u0161ky archeologi\u010dka Pova\u017esk\u00e9ho m\u00fazea v \u017diline Mgr. Andrea Slan\u00e1, Phd. Z\u00e1ujemcovia sa dozvedia, kedy bolo hradisko os\u00eddlen\u00e9, \u010di ak\u00e9 vz\u00e1cne n\u00e1lezy sa tam na\u0161li. Taktie\u017e upozorn\u00ed na nutnos\u0165 ochrany na archeologick\u00fdch lokalit\u00e1ch pred ileg\u00e1lnymi [&hellip;]","og_url":"https:\/\/pmza.sk\/?p=36500","og_site_name":"Pova\u017esk\u00e9 m\u00fazeum","article_publisher":"https:\/\/www.facebook.com\/povazskemuzeum","article_published_time":"2019-10-10T06:19:01+00:00","og_image":[{"width":566,"height":800,"url":"https:\/\/pmza.sk\/wp-content\/uploads\/2019\/10\/archeologicky_vyskum_www-1.jpg","type":"image\/jpeg"}],"author":"Pova\u017esk\u00e9 m\u00fazeum","twitter_card":"summary_large_image","twitter_misc":{"Autor":"Pova\u017esk\u00e9 m\u00fazeum","Predpokladan\u00fd \u010das \u010d\u00edtania":"1 min\u00fata"},"schema":{"@context":"https:\/\/schema.org","@graph":[{"@type":"Article","@id":"https:\/\/pmza.sk\/?p=36500#article","isPartOf":{"@id":"https:\/\/pmza.sk\/?p=36500"},"author":{"name":"Pova\u017esk\u00e9 m\u00fazeum","@id":"https:\/\/pmza.sk\/#\/schema\/person\/595e6a2ce731ea94dcd5d7f50a41ae33"},"headline":"M\u00fazeum pre v\u00e1s: Archeologick\u00fd v\u00fdskum hradiska Ve\u013ek\u00fd vrch v Divinke","datePublished":"2019-10-10T06:19:01+00:00","mainEntityOfPage":{"@id":"https:\/\/pmza.sk\/?p=36500"},"wordCount":165,"publisher":{"@id":"https:\/\/pmza.sk\/#organization"},"image":{"@id":"https:\/\/pmza.sk\/?p=36500#primaryimage"},"thumbnailUrl":"https:\/\/pmza.sk\/wp-content\/uploads\/2019\/10\/archeologicky_vyskum_www-1.jpg","articleSection":["Aktuality"],"inLanguage":"sk-SK"},{"@type":"WebPage","@id":"https:\/\/pmza.sk\/?p=36500","url":"https:\/\/pmza.sk\/?p=36500","name":"M\u00fazeum pre v\u00e1s: Archeologick\u00fd v\u00fdskum hradiska Ve\u013ek\u00fd vrch v Divinke - Pova\u017esk\u00e9 m\u00fazeum","isPartOf":{"@id":"https:\/\/pmza.sk\/#website"},"primaryImageOfPage":{"@id":"https:\/\/pmza.sk\/?p=36500#primaryimage"},"image":{"@id":"https:\/\/pmza.sk\/?p=36500#primaryimage"},"thumbnailUrl":"https:\/\/pmza.sk\/wp-content\/uploads\/2019\/10\/archeologicky_vyskum_www-1.jpg","datePublished":"2019-10-10T06:19:01+00:00","breadcrumb":{"@id":"https:\/\/pmza.sk\/?p=36500#breadcrumb"},"inLanguage":"sk-SK","potentialAction":[{"@type":"ReadAction","target":["https:\/\/pmza.sk\/?p=36500"]}]},{"@type":"ImageObject","inLanguage":"sk-SK","@id":"https:\/\/pmza.sk\/?p=36500#primaryimage","url":"https:\/\/pmza.sk\/wp-content\/uploads\/2019\/10\/archeologicky_vyskum_www-1.jpg","contentUrl":"https:\/\/pmza.sk\/wp-content\/uploads\/2019\/10\/archeologicky_vyskum_www-1.jpg","width":566,"height":800},{"@type":"BreadcrumbList","@id":"https:\/\/pmza.sk\/?p=36500#breadcrumb","itemListElement":[{"@type":"ListItem","position":1,"name":"Domovsk\u00e1 str\u00e1nka","item":"https:\/\/pmza.sk\/"},{"@type":"ListItem","position":2,"name":"M\u00fazeum pre v\u00e1s: Archeologick\u00fd v\u00fdskum hradiska Ve\u013ek\u00fd vrch v Divinke"}]},{"@type":"WebSite","@id":"https:\/\/pmza.sk\/#website","url":"https:\/\/pmza.sk\/","name":"Pova\u017esk\u00e9 m\u00fazeum","description":"Pova\u017esk\u00e9 m\u00fazeum v \u017diline je region\u00e1lne m\u00fazeum so s\u00eddlom v Budat\u00edne. Jeho expoz\u00edcie s\u00fa zameran\u00e9 na dejiny slovensk\u00e9ho umenia, kult\u00fary a dopravy.","publisher":{"@id":"https:\/\/pmza.sk\/#organization"},"potentialAction":[{"@type":"SearchAction","target":{"@type":"EntryPoint","urlTemplate":"https:\/\/pmza.sk\/?s={search_term_string}"},"query-input":{"@type":"PropertyValueSpecification","valueRequired":true,"valueName":"search_term_string"}}],"inLanguage":"sk-SK"},{"@type":"Organization","@id":"https:\/\/pmza.sk\/#organization","name":"Pova\u017esk\u00e9 m\u00fazeum","url":"https:\/\/pmza.sk\/","logo":{"@type":"ImageObject","inLanguage":"sk-SK","@id":"https:\/\/pmza.sk\/#\/schema\/logo\/image\/","url":"https:\/\/pmza.sk\/wp-content\/uploads\/2022\/01\/logo_PM_horizontal.jpg","contentUrl":"https:\/\/pmza.sk\/wp-content\/uploads\/2022\/01\/logo_PM_horizontal.jpg","width":231,"height":142,"caption":"Pova\u017esk\u00e9 m\u00fazeum"},"image":{"@id":"https:\/\/pmza.sk\/#\/schema\/logo\/image\/"},"sameAs":["https:\/\/www.facebook.com\/povazskemuzeum","https:\/\/www.instagram.com\/povazskemuzeum\/"]},{"@type":"Person","@id":"https:\/\/pmza.sk\/#\/schema\/person\/595e6a2ce731ea94dcd5d7f50a41ae33","name":"Pova\u017esk\u00e9 m\u00fazeum","image":{"@type":"ImageObject","inLanguage":"sk-SK","@id":"https:\/\/secure.gravatar.com\/avatar\/2bb7f1561282132fb5826dfeccc66c7996d11ee392ac6aaf7ced8a1c2027fbb2?s=96&d=mm&r=g","url":"https:\/\/secure.gravatar.com\/avatar\/2bb7f1561282132fb5826dfeccc66c7996d11ee392ac6aaf7ced8a1c2027fbb2?s=96&d=mm&r=g","contentUrl":"https:\/\/secure.gravatar.com\/avatar\/2bb7f1561282132fb5826dfeccc66c7996d11ee392ac6aaf7ced8a1c2027fbb2?s=96&d=mm&r=g","caption":"Pova\u017esk\u00e9 m\u00fazeum"}}]}},"_links":{"self":[{"href":"https:\/\/pmza.sk\/index.php?rest_route=\/wp\/v2\/posts\/36500","targetHints":{"allow":["GET"]}}],"collection":[{"href":"https:\/\/pmza.sk\/index.php?rest_route=\/wp\/v2\/posts"}],"about":[{"href":"https:\/\/pmza.sk\/index.php?rest_route=\/wp\/v2\/types\/post"}],"author":[{"embeddable":true,"href":"https:\/\/pmza.sk\/index.php?rest_route=\/wp\/v2\/users\/2"}],"replies":[{"embeddable":true,"href":"https:\/\/pmza.sk\/index.php?rest_route=%2Fwp%2Fv2%2Fcomments&post=36500"}],"version-history":[{"count":0,"href":"https:\/\/pmza.sk\/index.php?rest_route=\/wp\/v2\/posts\/36500\/revisions"}],"wp:featuredmedia":[{"embeddable":true,"href":"https:\/\/pmza.sk\/index.php?rest_route=\/wp\/v2\/media\/36508"}],"wp:attachment":[{"href":"https:\/\/pmza.sk\/index.php?rest_route=%2Fwp%2Fv2%2Fmedia&parent=36500"}],"wp:term":[{"taxonomy":"category","embeddable":true,"href":"https:\/\/pmza.sk\/index.php?rest_route=%2Fwp%2Fv2%2Fcategories&post=36500"},{"taxonomy":"post_tag","embeddable":true,"href":"https:\/\/pmza.sk\/index.php?rest_route=%2Fwp%2Fv2%2Ftags&post=36500"}],"curies":[{"name":"wp","href":"https:\/\/api.w.org\/{rel}","templated":true}]}}