{"id":3673,"date":"2011-08-04T13:45:39","date_gmt":"2011-08-04T11:45:39","guid":{"rendered":"https:\/\/pmza.sk.sk\/?p=3673"},"modified":"2011-08-04T13:45:39","modified_gmt":"2011-08-04T11:45:39","slug":"vikend-na-hrade-strecno-bude-strasidelny-aj-umelecky","status":"publish","type":"post","link":"https:\/\/pmza.sk\/?p=3673","title":{"rendered":"V\u00edkend na hrade Stre\u010dno bude stra\u0161ideln\u00fd aj umeleck\u00fd"},"content":{"rendered":"<p><a href=\"https:\/\/pmza.sk\/wp-content\/uploads\/2011\/08\/umelci-na-hrade-Strecno-2010-scaled-1.jpg\"><img fetchpriority=\"high\" decoding=\"async\" class=\"alignleft size-medium wp-image-3674\" style=\"margin: 4px; border: 2px solid black;\" title=\"umelci na hrade Strecno 2010\" src=\"https:\/\/pmza.sk.sk\/wp-content\/uploads\/2011\/08\/umelci-na-hrade-Strecno-2010-200x300.jpg\" alt=\"\" width=\"200\" height=\"300\" \/><\/a>Pred nami je op\u00e4\u0165 atrakt\u00edvny v\u00edkend na hrade Stre\u010dno, ktor\u00fd pon\u00fakne svojim n\u00e1v\u0161tevn\u00edkom adrenal\u00edn, z\u00e1bavu ale aj \u00a0v\u00fdtvarn\u00fd workshop. V\u00a0piatok 12. augusta 2011 bud\u00fa \u00a0duchovia a elfovia stra\u0161i\u0165 stre\u010dnianskym desom predposledn\u00fdkr\u00e1t v\u00a0tomto lete. Pokra\u010dovanie no\u010dn\u00fdch tajomstiev hradu sa bude nies\u0165 v\u00a0znamen\u00ed \u013eakania duchmi d\u00e1vnymi, ale najm\u00e4 duchmi 21. storo\u010dia. Ale aj v znamen\u00ed\u00a0rin\u010dania zbran\u00ed. V\u00a0pr\u00edpade priazniv\u00e9ho po\u010dasia bude v\u00a0spolupr\u00e1ci s\u00a0Pova\u017eskou hvezd\u00e1r\u0148ou v\u00a0\u017diline znovu spr\u00edstupnen\u00e1 mobiln\u00e1 hvezd\u00e1re\u0148 v\u00a0priestoroch delov\u00e9ho opevnenia. \u201e<em>2. august 2011 je ve\u013emi bl\u00edzko splnu Mesiaca, preto jedin\u00fdm objektom, ktor\u00fd bude na oblohe najzauj\u00edmavej\u0161\u00ed, je Mesiac. Pod\u013ea predbe\u017en\u00fdch odhadov bude vidite\u013en\u00fd u\u017e od 21.00 h,\u201c povedal Miroslav Zn\u00e1\u0161ik, riadite\u013e Pova\u017eskej hvezd\u00e1rne v\u00a0\u017diline.<!--more--><\/em><\/p>\n<p>Piatkov\u00fa stra\u0161ideln\u00fa noc na hrade vystrieda umeleck\u00e1 sobota. Druh\u00fd ro\u010dn\u00edk podujatia <strong>Umelci na hrade Stre\u010dno<\/strong> je otvoren\u00fd v\u0161etk\u00fdm n\u00e1v\u0161tevn\u00edkom hradu, ktor\u00fd si chc\u00fa v\u00a0tento de\u0148 zdokonali\u0165 svoje v\u00fdtvarn\u00e9 schopnosti pod veden\u00edm profesion\u00e1lnych v\u00fdtvarn\u00edkov, pedag\u00f3gov a\u00a0\u0161tudentov S\u00fakromnej strednej umeleckej \u0161koly v \u017diline. T\u00e9mou tohto ro\u010dn\u00edka je ma\u013eovanie na kamene alebo \u201eo\u017eivovanie kamienkov\u201c. Po\u010das celej akcie je v\u00a0podhrad\u00ed stre\u010dnianskeho hradu pripraven\u00fd bohat\u00fd sprievodn\u00fd\u00a0 program\u00a0 najm\u00e4 pre deti. \u201e<em>S\u00fakromn\u00e1 stredn\u00e1 umeleck\u00e1 \u0161kola v\u00a0\u017diline pokra\u010duje v\u00a0trad\u00edcii organizovania podujat\u00ed aj po\u010das pr\u00e1zdnin a\u00a0mimo priestorov \u0161koly. \u0160kola u\u017e tret\u00ed rok vzdel\u00e1va svojich \u0161tudentov\u00a0 vo v\u00fdtvarn\u00fdch \u0161tudijn\u00fdch\u00a0 odboroch &#8211; propaga\u010dn\u00e9 v\u00fdtvarn\u00edctvo a\u00a0grafika, priemyseln\u00fd dizajn a\u00a0grafick\u00fd a\u00a0priestorov\u00fd dizajn. Novinkou bud\u00faceho \u0161kolsk\u00e9ho roka je pr\u00edprava \u010fal\u0161ieho \u0161tudijn\u00e9ho\u00a0 odboru &#8211; fotografick\u00fd dizajn,<\/em>\u201c upozornil V\u00e1clav Dost\u00e1lek, riadite\u013e \u0161koly.<\/p>\n<p>Organiz\u00e1torom podujatia <strong>Duchovia, elfovia, stre\u010dniansky des<\/strong> v\u00a0piatok 12. augusta 2011 u\u017e od 20.00 h do 23.00 hod. \u00a0a\u00a0podujatia <strong>Umelci na hrade Stre\u010dno<\/strong> v\u00a0sobotu 13. augusta 2011 od 9.00h do 18.00 hod. s\u00fa \u017dilinsk\u00fd samospr\u00e1vny kraj, Pova\u017esk\u00e9 m\u00fazeum v\u00a0\u017diline, Pova\u017esk\u00e1 hvezd\u00e1re\u0148 v\u00a0\u017diline a S\u00fakromn\u00e1 stredn\u00e1 umeleck\u00e1 \u0161kola v\u00a0\u017diline.<\/p>\n","protected":false},"excerpt":{"rendered":"<p>Pred nami je op\u00e4\u0165 atrakt\u00edvny v\u00edkend na hrade Stre\u010dno, ktor\u00fd pon\u00fakne svojim n\u00e1v\u0161tevn\u00edkom adrenal\u00edn, z\u00e1bavu ale aj \u00a0v\u00fdtvarn\u00fd workshop. V\u00a0piatok 12. augusta 2011 bud\u00fa \u00a0duchovia a elfovia stra\u0161i\u0165 stre\u010dnianskym desom predposledn\u00fdkr\u00e1t v\u00a0tomto lete. Pokra\u010dovanie no\u010dn\u00fdch tajomstiev hradu sa bude nies\u0165 v\u00a0znamen\u00ed \u013eakania duchmi d\u00e1vnymi, ale najm\u00e4 duchmi 21. storo\u010dia. Ale aj v znamen\u00ed\u00a0rin\u010dania zbran\u00ed. V\u00a0pr\u00edpade [&hellip;]<\/p>\n","protected":false},"author":1,"featured_media":0,"comment_status":"closed","ping_status":"closed","sticky":false,"template":"","format":"standard","meta":{"site-sidebar-layout":"default","site-content-layout":"","ast-site-content-layout":"","site-content-style":"default","site-sidebar-style":"default","ast-global-header-display":"","ast-banner-title-visibility":"","ast-main-header-display":"","ast-hfb-above-header-display":"","ast-hfb-below-header-display":"","ast-hfb-mobile-header-display":"","site-post-title":"","ast-breadcrumbs-content":"","ast-featured-img":"","footer-sml-layout":"","theme-transparent-header-meta":"","adv-header-id-meta":"","stick-header-meta":"","header-above-stick-meta":"","header-main-stick-meta":"","header-below-stick-meta":"","astra-migrate-meta-layouts":"default","ast-page-background-enabled":"default","ast-page-background-meta":{"desktop":{"background-color":"var(--ast-global-color-4)","background-image":"","background-repeat":"repeat","background-position":"center center","background-size":"auto","background-attachment":"scroll","background-type":"","background-media":"","overlay-type":"","overlay-color":"","overlay-opacity":"","overlay-gradient":""},"tablet":{"background-color":"","background-image":"","background-repeat":"repeat","background-position":"center center","background-size":"auto","background-attachment":"scroll","background-type":"","background-media":"","overlay-type":"","overlay-color":"","overlay-opacity":"","overlay-gradient":""},"mobile":{"background-color":"","background-image":"","background-repeat":"repeat","background-position":"center center","background-size":"auto","background-attachment":"scroll","background-type":"","background-media":"","overlay-type":"","overlay-color":"","overlay-opacity":"","overlay-gradient":""}},"ast-content-background-meta":{"desktop":{"background-color":"var(--ast-global-color-5)","background-image":"","background-repeat":"repeat","background-position":"center center","background-size":"auto","background-attachment":"scroll","background-type":"","background-media":"","overlay-type":"","overlay-color":"","overlay-opacity":"","overlay-gradient":""},"tablet":{"background-color":"var(--ast-global-color-5)","background-image":"","background-repeat":"repeat","background-position":"center center","background-size":"auto","background-attachment":"scroll","background-type":"","background-media":"","overlay-type":"","overlay-color":"","overlay-opacity":"","overlay-gradient":""},"mobile":{"background-color":"var(--ast-global-color-5)","background-image":"","background-repeat":"repeat","background-position":"center center","background-size":"auto","background-attachment":"scroll","background-type":"","background-media":"","overlay-type":"","overlay-color":"","overlay-opacity":"","overlay-gradient":""}},"footnotes":""},"categories":[30],"tags":[],"class_list":["post-3673","post","type-post","status-publish","format-standard","hentry","category-archiv-2011"],"yoast_head":"<!-- This site is optimized with the Yoast SEO plugin v27.4 - https:\/\/yoast.com\/product\/yoast-seo-wordpress\/ -->\n<title>V\u00edkend na hrade Stre\u010dno bude stra\u0161ideln\u00fd aj umeleck\u00fd - Pova\u017esk\u00e9 m\u00fazeum<\/title>\n<meta name=\"robots\" content=\"index, follow, max-snippet:-1, max-image-preview:large, max-video-preview:-1\" \/>\n<link rel=\"canonical\" href=\"https:\/\/pmza.sk\/?p=3673\" \/>\n<meta property=\"og:locale\" content=\"sk_SK\" \/>\n<meta property=\"og:type\" content=\"article\" \/>\n<meta property=\"og:title\" content=\"V\u00edkend na hrade Stre\u010dno bude stra\u0161ideln\u00fd aj umeleck\u00fd - Pova\u017esk\u00e9 m\u00fazeum\" \/>\n<meta property=\"og:description\" content=\"Pred nami je op\u00e4\u0165 atrakt\u00edvny v\u00edkend na hrade Stre\u010dno, ktor\u00fd pon\u00fakne svojim n\u00e1v\u0161tevn\u00edkom adrenal\u00edn, z\u00e1bavu ale aj \u00a0v\u00fdtvarn\u00fd workshop. V\u00a0piatok 12. augusta 2011 bud\u00fa \u00a0duchovia a elfovia stra\u0161i\u0165 stre\u010dnianskym desom predposledn\u00fdkr\u00e1t v\u00a0tomto lete. Pokra\u010dovanie no\u010dn\u00fdch tajomstiev hradu sa bude nies\u0165 v\u00a0znamen\u00ed \u013eakania duchmi d\u00e1vnymi, ale najm\u00e4 duchmi 21. storo\u010dia. Ale aj v znamen\u00ed\u00a0rin\u010dania zbran\u00ed. V\u00a0pr\u00edpade [&hellip;]\" \/>\n<meta property=\"og:url\" content=\"https:\/\/pmza.sk\/?p=3673\" \/>\n<meta property=\"og:site_name\" content=\"Pova\u017esk\u00e9 m\u00fazeum\" \/>\n<meta property=\"article:publisher\" content=\"https:\/\/www.facebook.com\/povazskemuzeum\" \/>\n<meta property=\"article:published_time\" content=\"2011-08-04T11:45:39+00:00\" \/>\n<meta property=\"og:image\" content=\"https:\/\/pmza.sk.sk\/wp-content\/uploads\/2011\/08\/umelci-na-hrade-Strecno-2010-200x300.jpg\" \/>\n<meta name=\"author\" content=\"libor\" \/>\n<meta name=\"twitter:card\" content=\"summary_large_image\" \/>\n<meta name=\"twitter:label1\" content=\"Autor\" \/>\n\t<meta name=\"twitter:data1\" content=\"libor\" \/>\n\t<meta name=\"twitter:label2\" content=\"Predpokladan\u00fd \u010das \u010d\u00edtania\" \/>\n\t<meta name=\"twitter:data2\" content=\"2 min\u00faty\" \/>\n<script type=\"application\/ld+json\" class=\"yoast-schema-graph\">{\"@context\":\"https:\\\/\\\/schema.org\",\"@graph\":[{\"@type\":\"Article\",\"@id\":\"https:\\\/\\\/pmza.sk\\\/?p=3673#article\",\"isPartOf\":{\"@id\":\"https:\\\/\\\/pmza.sk\\\/?p=3673\"},\"author\":{\"name\":\"libor\",\"@id\":\"https:\\\/\\\/pmza.sk\\\/#\\\/schema\\\/person\\\/f0b923a9aa8e1f67feef0d7cd9afde35\"},\"headline\":\"V\u00edkend na hrade Stre\u010dno bude stra\u0161ideln\u00fd aj umeleck\u00fd\",\"datePublished\":\"2011-08-04T11:45:39+00:00\",\"mainEntityOfPage\":{\"@id\":\"https:\\\/\\\/pmza.sk\\\/?p=3673\"},\"wordCount\":382,\"publisher\":{\"@id\":\"https:\\\/\\\/pmza.sk\\\/#organization\"},\"image\":{\"@id\":\"https:\\\/\\\/pmza.sk\\\/?p=3673#primaryimage\"},\"thumbnailUrl\":\"http:\\\/\\\/pmza.sk.sk\\\/wp-content\\\/uploads\\\/2011\\\/08\\\/umelci-na-hrade-Strecno-2010-200x300.jpg\",\"articleSection\":[\"Arch\u00edv 2011\"],\"inLanguage\":\"sk-SK\"},{\"@type\":\"WebPage\",\"@id\":\"https:\\\/\\\/pmza.sk\\\/?p=3673\",\"url\":\"https:\\\/\\\/pmza.sk\\\/?p=3673\",\"name\":\"V\u00edkend na hrade Stre\u010dno bude stra\u0161ideln\u00fd aj umeleck\u00fd - Pova\u017esk\u00e9 m\u00fazeum\",\"isPartOf\":{\"@id\":\"https:\\\/\\\/pmza.sk\\\/#website\"},\"primaryImageOfPage\":{\"@id\":\"https:\\\/\\\/pmza.sk\\\/?p=3673#primaryimage\"},\"image\":{\"@id\":\"https:\\\/\\\/pmza.sk\\\/?p=3673#primaryimage\"},\"thumbnailUrl\":\"http:\\\/\\\/pmza.sk.sk\\\/wp-content\\\/uploads\\\/2011\\\/08\\\/umelci-na-hrade-Strecno-2010-200x300.jpg\",\"datePublished\":\"2011-08-04T11:45:39+00:00\",\"breadcrumb\":{\"@id\":\"https:\\\/\\\/pmza.sk\\\/?p=3673#breadcrumb\"},\"inLanguage\":\"sk-SK\",\"potentialAction\":[{\"@type\":\"ReadAction\",\"target\":[\"https:\\\/\\\/pmza.sk\\\/?p=3673\"]}]},{\"@type\":\"ImageObject\",\"inLanguage\":\"sk-SK\",\"@id\":\"https:\\\/\\\/pmza.sk\\\/?p=3673#primaryimage\",\"url\":\"http:\\\/\\\/pmza.sk.sk\\\/wp-content\\\/uploads\\\/2011\\\/08\\\/umelci-na-hrade-Strecno-2010-200x300.jpg\",\"contentUrl\":\"http:\\\/\\\/pmza.sk.sk\\\/wp-content\\\/uploads\\\/2011\\\/08\\\/umelci-na-hrade-Strecno-2010-200x300.jpg\"},{\"@type\":\"BreadcrumbList\",\"@id\":\"https:\\\/\\\/pmza.sk\\\/?p=3673#breadcrumb\",\"itemListElement\":[{\"@type\":\"ListItem\",\"position\":1,\"name\":\"Domovsk\u00e1 str\u00e1nka\",\"item\":\"https:\\\/\\\/pmza.sk\\\/\"},{\"@type\":\"ListItem\",\"position\":2,\"name\":\"V\u00edkend na hrade Stre\u010dno bude stra\u0161ideln\u00fd aj umeleck\u00fd\"}]},{\"@type\":\"WebSite\",\"@id\":\"https:\\\/\\\/pmza.sk\\\/#website\",\"url\":\"https:\\\/\\\/pmza.sk\\\/\",\"name\":\"Pova\u017esk\u00e9 m\u00fazeum\",\"description\":\"Pova\u017esk\u00e9 m\u00fazeum v \u017diline je region\u00e1lne m\u00fazeum so s\u00eddlom v Budat\u00edne. Jeho expoz\u00edcie s\u00fa zameran\u00e9 na dejiny slovensk\u00e9ho umenia, kult\u00fary a dopravy.\",\"publisher\":{\"@id\":\"https:\\\/\\\/pmza.sk\\\/#organization\"},\"potentialAction\":[{\"@type\":\"SearchAction\",\"target\":{\"@type\":\"EntryPoint\",\"urlTemplate\":\"https:\\\/\\\/pmza.sk\\\/?s={search_term_string}\"},\"query-input\":{\"@type\":\"PropertyValueSpecification\",\"valueRequired\":true,\"valueName\":\"search_term_string\"}}],\"inLanguage\":\"sk-SK\"},{\"@type\":\"Organization\",\"@id\":\"https:\\\/\\\/pmza.sk\\\/#organization\",\"name\":\"Pova\u017esk\u00e9 m\u00fazeum\",\"url\":\"https:\\\/\\\/pmza.sk\\\/\",\"logo\":{\"@type\":\"ImageObject\",\"inLanguage\":\"sk-SK\",\"@id\":\"https:\\\/\\\/pmza.sk\\\/#\\\/schema\\\/logo\\\/image\\\/\",\"url\":\"https:\\\/\\\/pmza.sk\\\/wp-content\\\/uploads\\\/2022\\\/01\\\/logo_PM_horizontal.jpg\",\"contentUrl\":\"https:\\\/\\\/pmza.sk\\\/wp-content\\\/uploads\\\/2022\\\/01\\\/logo_PM_horizontal.jpg\",\"width\":231,\"height\":142,\"caption\":\"Pova\u017esk\u00e9 m\u00fazeum\"},\"image\":{\"@id\":\"https:\\\/\\\/pmza.sk\\\/#\\\/schema\\\/logo\\\/image\\\/\"},\"sameAs\":[\"https:\\\/\\\/www.facebook.com\\\/povazskemuzeum\",\"https:\\\/\\\/www.instagram.com\\\/povazskemuzeum\\\/\"]},{\"@type\":\"Person\",\"@id\":\"https:\\\/\\\/pmza.sk\\\/#\\\/schema\\\/person\\\/f0b923a9aa8e1f67feef0d7cd9afde35\",\"name\":\"libor\",\"image\":{\"@type\":\"ImageObject\",\"inLanguage\":\"sk-SK\",\"@id\":\"https:\\\/\\\/secure.gravatar.com\\\/avatar\\\/c583dbc698e594aacced1589eb8cf1673bd41d461e8b2ab635484ffc26fee7b0?s=96&d=mm&r=g\",\"url\":\"https:\\\/\\\/secure.gravatar.com\\\/avatar\\\/c583dbc698e594aacced1589eb8cf1673bd41d461e8b2ab635484ffc26fee7b0?s=96&d=mm&r=g\",\"contentUrl\":\"https:\\\/\\\/secure.gravatar.com\\\/avatar\\\/c583dbc698e594aacced1589eb8cf1673bd41d461e8b2ab635484ffc26fee7b0?s=96&d=mm&r=g\",\"caption\":\"libor\"}}]}<\/script>\n<!-- \/ Yoast SEO plugin. -->","yoast_head_json":{"title":"V\u00edkend na hrade Stre\u010dno bude stra\u0161ideln\u00fd aj umeleck\u00fd - Pova\u017esk\u00e9 m\u00fazeum","robots":{"index":"index","follow":"follow","max-snippet":"max-snippet:-1","max-image-preview":"max-image-preview:large","max-video-preview":"max-video-preview:-1"},"canonical":"https:\/\/pmza.sk\/?p=3673","og_locale":"sk_SK","og_type":"article","og_title":"V\u00edkend na hrade Stre\u010dno bude stra\u0161ideln\u00fd aj umeleck\u00fd - Pova\u017esk\u00e9 m\u00fazeum","og_description":"Pred nami je op\u00e4\u0165 atrakt\u00edvny v\u00edkend na hrade Stre\u010dno, ktor\u00fd pon\u00fakne svojim n\u00e1v\u0161tevn\u00edkom adrenal\u00edn, z\u00e1bavu ale aj \u00a0v\u00fdtvarn\u00fd workshop. V\u00a0piatok 12. augusta 2011 bud\u00fa \u00a0duchovia a elfovia stra\u0161i\u0165 stre\u010dnianskym desom predposledn\u00fdkr\u00e1t v\u00a0tomto lete. Pokra\u010dovanie no\u010dn\u00fdch tajomstiev hradu sa bude nies\u0165 v\u00a0znamen\u00ed \u013eakania duchmi d\u00e1vnymi, ale najm\u00e4 duchmi 21. storo\u010dia. Ale aj v znamen\u00ed\u00a0rin\u010dania zbran\u00ed. V\u00a0pr\u00edpade [&hellip;]","og_url":"https:\/\/pmza.sk\/?p=3673","og_site_name":"Pova\u017esk\u00e9 m\u00fazeum","article_publisher":"https:\/\/www.facebook.com\/povazskemuzeum","article_published_time":"2011-08-04T11:45:39+00:00","og_image":[{"url":"https:\/\/pmza.sk.sk\/wp-content\/uploads\/2011\/08\/umelci-na-hrade-Strecno-2010-200x300.jpg","type":"","width":"","height":""}],"author":"libor","twitter_card":"summary_large_image","twitter_misc":{"Autor":"libor","Predpokladan\u00fd \u010das \u010d\u00edtania":"2 min\u00faty"},"schema":{"@context":"https:\/\/schema.org","@graph":[{"@type":"Article","@id":"https:\/\/pmza.sk\/?p=3673#article","isPartOf":{"@id":"https:\/\/pmza.sk\/?p=3673"},"author":{"name":"libor","@id":"https:\/\/pmza.sk\/#\/schema\/person\/f0b923a9aa8e1f67feef0d7cd9afde35"},"headline":"V\u00edkend na hrade Stre\u010dno bude stra\u0161ideln\u00fd aj umeleck\u00fd","datePublished":"2011-08-04T11:45:39+00:00","mainEntityOfPage":{"@id":"https:\/\/pmza.sk\/?p=3673"},"wordCount":382,"publisher":{"@id":"https:\/\/pmza.sk\/#organization"},"image":{"@id":"https:\/\/pmza.sk\/?p=3673#primaryimage"},"thumbnailUrl":"https:\/\/pmza.sk.sk\/wp-content\/uploads\/2011\/08\/umelci-na-hrade-Strecno-2010-200x300.jpg","articleSection":["Arch\u00edv 2011"],"inLanguage":"sk-SK"},{"@type":"WebPage","@id":"https:\/\/pmza.sk\/?p=3673","url":"https:\/\/pmza.sk\/?p=3673","name":"V\u00edkend na hrade Stre\u010dno bude stra\u0161ideln\u00fd aj umeleck\u00fd - Pova\u017esk\u00e9 m\u00fazeum","isPartOf":{"@id":"https:\/\/pmza.sk\/#website"},"primaryImageOfPage":{"@id":"https:\/\/pmza.sk\/?p=3673#primaryimage"},"image":{"@id":"https:\/\/pmza.sk\/?p=3673#primaryimage"},"thumbnailUrl":"https:\/\/pmza.sk.sk\/wp-content\/uploads\/2011\/08\/umelci-na-hrade-Strecno-2010-200x300.jpg","datePublished":"2011-08-04T11:45:39+00:00","breadcrumb":{"@id":"https:\/\/pmza.sk\/?p=3673#breadcrumb"},"inLanguage":"sk-SK","potentialAction":[{"@type":"ReadAction","target":["https:\/\/pmza.sk\/?p=3673"]}]},{"@type":"ImageObject","inLanguage":"sk-SK","@id":"https:\/\/pmza.sk\/?p=3673#primaryimage","url":"https:\/\/pmza.sk.sk\/wp-content\/uploads\/2011\/08\/umelci-na-hrade-Strecno-2010-200x300.jpg","contentUrl":"https:\/\/pmza.sk.sk\/wp-content\/uploads\/2011\/08\/umelci-na-hrade-Strecno-2010-200x300.jpg"},{"@type":"BreadcrumbList","@id":"https:\/\/pmza.sk\/?p=3673#breadcrumb","itemListElement":[{"@type":"ListItem","position":1,"name":"Domovsk\u00e1 str\u00e1nka","item":"https:\/\/pmza.sk\/"},{"@type":"ListItem","position":2,"name":"V\u00edkend na hrade Stre\u010dno bude stra\u0161ideln\u00fd aj umeleck\u00fd"}]},{"@type":"WebSite","@id":"https:\/\/pmza.sk\/#website","url":"https:\/\/pmza.sk\/","name":"Pova\u017esk\u00e9 m\u00fazeum","description":"Pova\u017esk\u00e9 m\u00fazeum v \u017diline je region\u00e1lne m\u00fazeum so s\u00eddlom v Budat\u00edne. Jeho expoz\u00edcie s\u00fa zameran\u00e9 na dejiny slovensk\u00e9ho umenia, kult\u00fary a dopravy.","publisher":{"@id":"https:\/\/pmza.sk\/#organization"},"potentialAction":[{"@type":"SearchAction","target":{"@type":"EntryPoint","urlTemplate":"https:\/\/pmza.sk\/?s={search_term_string}"},"query-input":{"@type":"PropertyValueSpecification","valueRequired":true,"valueName":"search_term_string"}}],"inLanguage":"sk-SK"},{"@type":"Organization","@id":"https:\/\/pmza.sk\/#organization","name":"Pova\u017esk\u00e9 m\u00fazeum","url":"https:\/\/pmza.sk\/","logo":{"@type":"ImageObject","inLanguage":"sk-SK","@id":"https:\/\/pmza.sk\/#\/schema\/logo\/image\/","url":"https:\/\/pmza.sk\/wp-content\/uploads\/2022\/01\/logo_PM_horizontal.jpg","contentUrl":"https:\/\/pmza.sk\/wp-content\/uploads\/2022\/01\/logo_PM_horizontal.jpg","width":231,"height":142,"caption":"Pova\u017esk\u00e9 m\u00fazeum"},"image":{"@id":"https:\/\/pmza.sk\/#\/schema\/logo\/image\/"},"sameAs":["https:\/\/www.facebook.com\/povazskemuzeum","https:\/\/www.instagram.com\/povazskemuzeum\/"]},{"@type":"Person","@id":"https:\/\/pmza.sk\/#\/schema\/person\/f0b923a9aa8e1f67feef0d7cd9afde35","name":"libor","image":{"@type":"ImageObject","inLanguage":"sk-SK","@id":"https:\/\/secure.gravatar.com\/avatar\/c583dbc698e594aacced1589eb8cf1673bd41d461e8b2ab635484ffc26fee7b0?s=96&d=mm&r=g","url":"https:\/\/secure.gravatar.com\/avatar\/c583dbc698e594aacced1589eb8cf1673bd41d461e8b2ab635484ffc26fee7b0?s=96&d=mm&r=g","contentUrl":"https:\/\/secure.gravatar.com\/avatar\/c583dbc698e594aacced1589eb8cf1673bd41d461e8b2ab635484ffc26fee7b0?s=96&d=mm&r=g","caption":"libor"}}]}},"_links":{"self":[{"href":"https:\/\/pmza.sk\/index.php?rest_route=\/wp\/v2\/posts\/3673","targetHints":{"allow":["GET"]}}],"collection":[{"href":"https:\/\/pmza.sk\/index.php?rest_route=\/wp\/v2\/posts"}],"about":[{"href":"https:\/\/pmza.sk\/index.php?rest_route=\/wp\/v2\/types\/post"}],"author":[{"embeddable":true,"href":"https:\/\/pmza.sk\/index.php?rest_route=\/wp\/v2\/users\/1"}],"replies":[{"embeddable":true,"href":"https:\/\/pmza.sk\/index.php?rest_route=%2Fwp%2Fv2%2Fcomments&post=3673"}],"version-history":[{"count":0,"href":"https:\/\/pmza.sk\/index.php?rest_route=\/wp\/v2\/posts\/3673\/revisions"}],"wp:attachment":[{"href":"https:\/\/pmza.sk\/index.php?rest_route=%2Fwp%2Fv2%2Fmedia&parent=3673"}],"wp:term":[{"taxonomy":"category","embeddable":true,"href":"https:\/\/pmza.sk\/index.php?rest_route=%2Fwp%2Fv2%2Fcategories&post=3673"},{"taxonomy":"post_tag","embeddable":true,"href":"https:\/\/pmza.sk\/index.php?rest_route=%2Fwp%2Fv2%2Ftags&post=3673"}],"curies":[{"name":"wp","href":"https:\/\/api.w.org\/{rel}","templated":true}]}}