{"id":37108,"date":"2019-11-04T10:40:13","date_gmt":"2019-11-04T09:40:13","guid":{"rendered":"https:\/\/pmza.sk\/?p=37108"},"modified":"2019-11-04T10:40:13","modified_gmt":"2019-11-04T09:40:13","slug":"dokumenty-z-1-svetovej-vojny-zbierkovym-predmetom-mesiaca","status":"publish","type":"post","link":"https:\/\/pmza.sk\/?p=37108","title":{"rendered":"Dokumenty z 1. svetovej vojny zbierkov\u00fdm predmetom mesiaca"},"content":{"rendered":"<p>Zbierkov\u00fdm predmetom mesiaca november sa stal zauj\u00edmav\u00fd s\u00fabor dokumentov z prvej svetovej vojny. Vojna, ktor\u00e1 trvala od 28. j\u00fala 1914 do 11. novembra 1918, bola dovtedy najv\u00e4\u010d\u0161\u00edm vojnov\u00fdm konflikt v\u00a0dejin\u00e1ch \u013eudstva. Pod pr\u00e1porom rak\u00fasko-uhorskej arm\u00e1dy muselo z\u00a0\u00fazemia dne\u0161n\u00e9ho Slovenska narukova\u0165 nieko\u013eko tis\u00edc mu\u017eov. Ke\u010f\u017ee jedn\u00fdm z v\u00fdsledkov vojny bol aj rozpad Rak\u00fasko &#8211; Uhorska na konci roku 1918, ich osudy po skon\u010den\u00ed vojny sa dostali do \u00fazadia. V\u00a0novovzniknutej \u010ceskoslovenskej republike sa do popredia dostali hlavne t\u00ed, ktor\u00ed sa po\u010das vojny prihl\u00e1sili do \u010desko-slovensk\u00fdch l\u00e9gi\u00ed. Preva\u017en\u00e1 v\u00e4\u010d\u0161ina ostatn\u00fdch Slov\u00e1kov bojuj\u00facich v Cis\u00e1rskej a kr\u00e1\u013eovskej arm\u00e1de, ktor\u00ed sa z r\u00f4znych d\u00f4vodov do l\u00e9gi\u00ed nedostali alebo neprihl\u00e1sili, nebola pre nov\u00fd \u0161t\u00e1t pr\u00edli\u0161 zauj\u00edmav\u00e1.<\/p>\n<p>Minul\u00fd rok sme si pripomenuli 100. v\u00fdro\u010die ukon\u010denia prvej svetovej vojny, preto sme vyzvali \u013eud\u00ed, ktor\u00ed doma maj\u00fa dokumenty alebo predmety z\u00a0tohto obdobia, aby ich darovali do m\u00fazea. Akcia bola \u00faspe\u0161n\u00e1 a do zbierok sa dostali ve\u013emi cenn\u00e9 materi\u00e1ly. Ich p\u00f4vodn\u00fdm majite\u013eom bol J\u00e1n Hlav\u0148a, ktor\u00fd bojoval po\u010das vojny v\u00a0rak\u00fasko-uhorskej arm\u00e1de na talianskom fronte a\u00a0zast\u00e1val funkciu poru\u010d\u00edka. Po\u010das bojov na Piave bol v\u00e1\u017ene zranen\u00fd, preto nejak\u00fd \u010das str\u00e1vil v\u00a0lazarete v\u00a0Taliansku. Za svoju akt\u00edvnu \u00fa\u010das\u0165 v\u00a0boji z\u00edskal nieko\u013eko vyznamenan\u00ed, ako napr. R\u00e1d \u017eeleznej koruny III. triedy alebo Vojensk\u00fa z\u00e1slu\u017en\u00fa medailu. Na vystaven\u00fdch fotografi\u00e1ch m\u00f4\u017eeme vidie\u0165 J\u00e1na Hlav\u0148u, \u017eivot v\u00a0z\u00e1kopoch, nepriate\u013esk\u00fa l\u00edniu, ale aj \u0161kody, ktor\u00e9 vojna nap\u00e1chala. Tento nenahradite\u013en\u00fd prame\u0148 k dejin\u00e1m Slov\u00e1kov po\u010das prvej svetovej vojny tak zostal nav\u017edy zachovan\u00fd.<\/p>\n<p>Pozoruhodn\u00e9 dokumenty m\u00f4\u017eu n\u00e1v\u0161tevn\u00edci obdivova\u0165 ka\u017ed\u00fd de\u0148 okrem pondelka od 9.00 do 17.00 v infopulte Budat\u00ednskeho hradu do konca novembra.<\/p>\n","protected":false},"excerpt":{"rendered":"<p>Zbierkov\u00fdm predmetom mesiaca november sa stal zauj\u00edmav\u00fd s\u00fabor dokumentov z prvej svetovej vojny. Vojna, ktor\u00e1 trvala od 28. j\u00fala 1914 do 11. novembra 1918, bola dovtedy najv\u00e4\u010d\u0161\u00edm vojnov\u00fdm konflikt v\u00a0dejin\u00e1ch \u013eudstva. Pod pr\u00e1porom rak\u00fasko-uhorskej arm\u00e1dy muselo z\u00a0\u00fazemia dne\u0161n\u00e9ho Slovenska narukova\u0165 nieko\u013eko tis\u00edc mu\u017eov. Ke\u010f\u017ee jedn\u00fdm z v\u00fdsledkov vojny bol aj rozpad Rak\u00fasko &#8211; Uhorska na [&hellip;]<\/p>\n","protected":false},"author":2,"featured_media":37113,"comment_status":"closed","ping_status":"closed","sticky":false,"template":"","format":"standard","meta":{"site-sidebar-layout":"default","site-content-layout":"","ast-site-content-layout":"","site-content-style":"default","site-sidebar-style":"default","ast-global-header-display":"","ast-banner-title-visibility":"","ast-main-header-display":"","ast-hfb-above-header-display":"","ast-hfb-below-header-display":"","ast-hfb-mobile-header-display":"","site-post-title":"","ast-breadcrumbs-content":"","ast-featured-img":"","footer-sml-layout":"","theme-transparent-header-meta":"","adv-header-id-meta":"","stick-header-meta":"","header-above-stick-meta":"","header-main-stick-meta":"","header-below-stick-meta":"","astra-migrate-meta-layouts":"default","ast-page-background-enabled":"default","ast-page-background-meta":{"desktop":{"background-color":"var(--ast-global-color-4)","background-image":"","background-repeat":"repeat","background-position":"center center","background-size":"auto","background-attachment":"scroll","background-type":"","background-media":"","overlay-type":"","overlay-color":"","overlay-opacity":"","overlay-gradient":""},"tablet":{"background-color":"","background-image":"","background-repeat":"repeat","background-position":"center center","background-size":"auto","background-attachment":"scroll","background-type":"","background-media":"","overlay-type":"","overlay-color":"","overlay-opacity":"","overlay-gradient":""},"mobile":{"background-color":"","background-image":"","background-repeat":"repeat","background-position":"center center","background-size":"auto","background-attachment":"scroll","background-type":"","background-media":"","overlay-type":"","overlay-color":"","overlay-opacity":"","overlay-gradient":""}},"ast-content-background-meta":{"desktop":{"background-color":"var(--ast-global-color-5)","background-image":"","background-repeat":"repeat","background-position":"center center","background-size":"auto","background-attachment":"scroll","background-type":"","background-media":"","overlay-type":"","overlay-color":"","overlay-opacity":"","overlay-gradient":""},"tablet":{"background-color":"var(--ast-global-color-5)","background-image":"","background-repeat":"repeat","background-position":"center center","background-size":"auto","background-attachment":"scroll","background-type":"","background-media":"","overlay-type":"","overlay-color":"","overlay-opacity":"","overlay-gradient":""},"mobile":{"background-color":"var(--ast-global-color-5)","background-image":"","background-repeat":"repeat","background-position":"center center","background-size":"auto","background-attachment":"scroll","background-type":"","background-media":"","overlay-type":"","overlay-color":"","overlay-opacity":"","overlay-gradient":""}},"footnotes":""},"categories":[31],"tags":[],"class_list":["post-37108","post","type-post","status-publish","format-standard","has-post-thumbnail","hentry","category-aktuality"],"yoast_head":"<!-- This site is optimized with the Yoast SEO plugin v27.4 - https:\/\/yoast.com\/product\/yoast-seo-wordpress\/ -->\n<title>Dokumenty z 1. svetovej vojny zbierkov\u00fdm predmetom mesiaca - Pova\u017esk\u00e9 m\u00fazeum<\/title>\n<meta name=\"robots\" content=\"index, follow, max-snippet:-1, max-image-preview:large, max-video-preview:-1\" \/>\n<link rel=\"canonical\" href=\"https:\/\/pmza.sk\/?p=37108\" \/>\n<meta property=\"og:locale\" content=\"sk_SK\" \/>\n<meta property=\"og:type\" content=\"article\" \/>\n<meta property=\"og:title\" content=\"Dokumenty z 1. svetovej vojny zbierkov\u00fdm predmetom mesiaca - Pova\u017esk\u00e9 m\u00fazeum\" \/>\n<meta property=\"og:description\" content=\"Zbierkov\u00fdm predmetom mesiaca november sa stal zauj\u00edmav\u00fd s\u00fabor dokumentov z prvej svetovej vojny. Vojna, ktor\u00e1 trvala od 28. j\u00fala 1914 do 11. novembra 1918, bola dovtedy najv\u00e4\u010d\u0161\u00edm vojnov\u00fdm konflikt v\u00a0dejin\u00e1ch \u013eudstva. Pod pr\u00e1porom rak\u00fasko-uhorskej arm\u00e1dy muselo z\u00a0\u00fazemia dne\u0161n\u00e9ho Slovenska narukova\u0165 nieko\u013eko tis\u00edc mu\u017eov. Ke\u010f\u017ee jedn\u00fdm z v\u00fdsledkov vojny bol aj rozpad Rak\u00fasko &#8211; Uhorska na [&hellip;]\" \/>\n<meta property=\"og:url\" content=\"https:\/\/pmza.sk\/?p=37108\" \/>\n<meta property=\"og:site_name\" content=\"Pova\u017esk\u00e9 m\u00fazeum\" \/>\n<meta property=\"article:publisher\" content=\"https:\/\/www.facebook.com\/povazskemuzeum\" \/>\n<meta property=\"article:published_time\" content=\"2019-11-04T09:40:13+00:00\" \/>\n<meta property=\"og:image\" content=\"https:\/\/pmza.sk\/wp-content\/uploads\/2019\/11\/H-2607-1-web-2.jpg\" \/>\n\t<meta property=\"og:image:width\" content=\"723\" \/>\n\t<meta property=\"og:image:height\" content=\"763\" \/>\n\t<meta property=\"og:image:type\" content=\"image\/jpeg\" \/>\n<meta name=\"author\" content=\"Pova\u017esk\u00e9 m\u00fazeum\" \/>\n<meta name=\"twitter:card\" content=\"summary_large_image\" \/>\n<meta name=\"twitter:label1\" content=\"Autor\" \/>\n\t<meta name=\"twitter:data1\" content=\"Pova\u017esk\u00e9 m\u00fazeum\" \/>\n\t<meta name=\"twitter:label2\" content=\"Predpokladan\u00fd \u010das \u010d\u00edtania\" \/>\n\t<meta name=\"twitter:data2\" content=\"2 min\u00faty\" \/>\n<script type=\"application\/ld+json\" class=\"yoast-schema-graph\">{\"@context\":\"https:\\\/\\\/schema.org\",\"@graph\":[{\"@type\":\"Article\",\"@id\":\"https:\\\/\\\/pmza.sk\\\/?p=37108#article\",\"isPartOf\":{\"@id\":\"https:\\\/\\\/pmza.sk\\\/?p=37108\"},\"author\":{\"name\":\"Pova\u017esk\u00e9 m\u00fazeum\",\"@id\":\"https:\\\/\\\/pmza.sk\\\/#\\\/schema\\\/person\\\/595e6a2ce731ea94dcd5d7f50a41ae33\"},\"headline\":\"Dokumenty z 1. svetovej vojny zbierkov\u00fdm predmetom mesiaca\",\"datePublished\":\"2019-11-04T09:40:13+00:00\",\"mainEntityOfPage\":{\"@id\":\"https:\\\/\\\/pmza.sk\\\/?p=37108\"},\"wordCount\":345,\"publisher\":{\"@id\":\"https:\\\/\\\/pmza.sk\\\/#organization\"},\"image\":{\"@id\":\"https:\\\/\\\/pmza.sk\\\/?p=37108#primaryimage\"},\"thumbnailUrl\":\"https:\\\/\\\/pmza.sk\\\/wp-content\\\/uploads\\\/2019\\\/11\\\/H-2607-1-web-2.jpg\",\"articleSection\":[\"Aktuality\"],\"inLanguage\":\"sk-SK\"},{\"@type\":\"WebPage\",\"@id\":\"https:\\\/\\\/pmza.sk\\\/?p=37108\",\"url\":\"https:\\\/\\\/pmza.sk\\\/?p=37108\",\"name\":\"Dokumenty z 1. svetovej vojny zbierkov\u00fdm predmetom mesiaca - Pova\u017esk\u00e9 m\u00fazeum\",\"isPartOf\":{\"@id\":\"https:\\\/\\\/pmza.sk\\\/#website\"},\"primaryImageOfPage\":{\"@id\":\"https:\\\/\\\/pmza.sk\\\/?p=37108#primaryimage\"},\"image\":{\"@id\":\"https:\\\/\\\/pmza.sk\\\/?p=37108#primaryimage\"},\"thumbnailUrl\":\"https:\\\/\\\/pmza.sk\\\/wp-content\\\/uploads\\\/2019\\\/11\\\/H-2607-1-web-2.jpg\",\"datePublished\":\"2019-11-04T09:40:13+00:00\",\"breadcrumb\":{\"@id\":\"https:\\\/\\\/pmza.sk\\\/?p=37108#breadcrumb\"},\"inLanguage\":\"sk-SK\",\"potentialAction\":[{\"@type\":\"ReadAction\",\"target\":[\"https:\\\/\\\/pmza.sk\\\/?p=37108\"]}]},{\"@type\":\"ImageObject\",\"inLanguage\":\"sk-SK\",\"@id\":\"https:\\\/\\\/pmza.sk\\\/?p=37108#primaryimage\",\"url\":\"https:\\\/\\\/pmza.sk\\\/wp-content\\\/uploads\\\/2019\\\/11\\\/H-2607-1-web-2.jpg\",\"contentUrl\":\"https:\\\/\\\/pmza.sk\\\/wp-content\\\/uploads\\\/2019\\\/11\\\/H-2607-1-web-2.jpg\",\"width\":723,\"height\":763,\"caption\":\"30C-9 Q76\"},{\"@type\":\"BreadcrumbList\",\"@id\":\"https:\\\/\\\/pmza.sk\\\/?p=37108#breadcrumb\",\"itemListElement\":[{\"@type\":\"ListItem\",\"position\":1,\"name\":\"Domovsk\u00e1 str\u00e1nka\",\"item\":\"https:\\\/\\\/pmza.sk\\\/\"},{\"@type\":\"ListItem\",\"position\":2,\"name\":\"Dokumenty z 1. svetovej vojny zbierkov\u00fdm predmetom mesiaca\"}]},{\"@type\":\"WebSite\",\"@id\":\"https:\\\/\\\/pmza.sk\\\/#website\",\"url\":\"https:\\\/\\\/pmza.sk\\\/\",\"name\":\"Pova\u017esk\u00e9 m\u00fazeum\",\"description\":\"Pova\u017esk\u00e9 m\u00fazeum v \u017diline je region\u00e1lne m\u00fazeum so s\u00eddlom v Budat\u00edne. Jeho expoz\u00edcie s\u00fa zameran\u00e9 na dejiny slovensk\u00e9ho umenia, kult\u00fary a dopravy.\",\"publisher\":{\"@id\":\"https:\\\/\\\/pmza.sk\\\/#organization\"},\"potentialAction\":[{\"@type\":\"SearchAction\",\"target\":{\"@type\":\"EntryPoint\",\"urlTemplate\":\"https:\\\/\\\/pmza.sk\\\/?s={search_term_string}\"},\"query-input\":{\"@type\":\"PropertyValueSpecification\",\"valueRequired\":true,\"valueName\":\"search_term_string\"}}],\"inLanguage\":\"sk-SK\"},{\"@type\":\"Organization\",\"@id\":\"https:\\\/\\\/pmza.sk\\\/#organization\",\"name\":\"Pova\u017esk\u00e9 m\u00fazeum\",\"url\":\"https:\\\/\\\/pmza.sk\\\/\",\"logo\":{\"@type\":\"ImageObject\",\"inLanguage\":\"sk-SK\",\"@id\":\"https:\\\/\\\/pmza.sk\\\/#\\\/schema\\\/logo\\\/image\\\/\",\"url\":\"https:\\\/\\\/pmza.sk\\\/wp-content\\\/uploads\\\/2022\\\/01\\\/logo_PM_horizontal.jpg\",\"contentUrl\":\"https:\\\/\\\/pmza.sk\\\/wp-content\\\/uploads\\\/2022\\\/01\\\/logo_PM_horizontal.jpg\",\"width\":231,\"height\":142,\"caption\":\"Pova\u017esk\u00e9 m\u00fazeum\"},\"image\":{\"@id\":\"https:\\\/\\\/pmza.sk\\\/#\\\/schema\\\/logo\\\/image\\\/\"},\"sameAs\":[\"https:\\\/\\\/www.facebook.com\\\/povazskemuzeum\",\"https:\\\/\\\/www.instagram.com\\\/povazskemuzeum\\\/\"]},{\"@type\":\"Person\",\"@id\":\"https:\\\/\\\/pmza.sk\\\/#\\\/schema\\\/person\\\/595e6a2ce731ea94dcd5d7f50a41ae33\",\"name\":\"Pova\u017esk\u00e9 m\u00fazeum\",\"image\":{\"@type\":\"ImageObject\",\"inLanguage\":\"sk-SK\",\"@id\":\"https:\\\/\\\/secure.gravatar.com\\\/avatar\\\/2bb7f1561282132fb5826dfeccc66c7996d11ee392ac6aaf7ced8a1c2027fbb2?s=96&d=mm&r=g\",\"url\":\"https:\\\/\\\/secure.gravatar.com\\\/avatar\\\/2bb7f1561282132fb5826dfeccc66c7996d11ee392ac6aaf7ced8a1c2027fbb2?s=96&d=mm&r=g\",\"contentUrl\":\"https:\\\/\\\/secure.gravatar.com\\\/avatar\\\/2bb7f1561282132fb5826dfeccc66c7996d11ee392ac6aaf7ced8a1c2027fbb2?s=96&d=mm&r=g\",\"caption\":\"Pova\u017esk\u00e9 m\u00fazeum\"}}]}<\/script>\n<!-- \/ Yoast SEO plugin. -->","yoast_head_json":{"title":"Dokumenty z 1. svetovej vojny zbierkov\u00fdm predmetom mesiaca - Pova\u017esk\u00e9 m\u00fazeum","robots":{"index":"index","follow":"follow","max-snippet":"max-snippet:-1","max-image-preview":"max-image-preview:large","max-video-preview":"max-video-preview:-1"},"canonical":"https:\/\/pmza.sk\/?p=37108","og_locale":"sk_SK","og_type":"article","og_title":"Dokumenty z 1. svetovej vojny zbierkov\u00fdm predmetom mesiaca - Pova\u017esk\u00e9 m\u00fazeum","og_description":"Zbierkov\u00fdm predmetom mesiaca november sa stal zauj\u00edmav\u00fd s\u00fabor dokumentov z prvej svetovej vojny. Vojna, ktor\u00e1 trvala od 28. j\u00fala 1914 do 11. novembra 1918, bola dovtedy najv\u00e4\u010d\u0161\u00edm vojnov\u00fdm konflikt v\u00a0dejin\u00e1ch \u013eudstva. Pod pr\u00e1porom rak\u00fasko-uhorskej arm\u00e1dy muselo z\u00a0\u00fazemia dne\u0161n\u00e9ho Slovenska narukova\u0165 nieko\u013eko tis\u00edc mu\u017eov. Ke\u010f\u017ee jedn\u00fdm z v\u00fdsledkov vojny bol aj rozpad Rak\u00fasko &#8211; Uhorska na [&hellip;]","og_url":"https:\/\/pmza.sk\/?p=37108","og_site_name":"Pova\u017esk\u00e9 m\u00fazeum","article_publisher":"https:\/\/www.facebook.com\/povazskemuzeum","article_published_time":"2019-11-04T09:40:13+00:00","og_image":[{"width":723,"height":763,"url":"https:\/\/pmza.sk\/wp-content\/uploads\/2019\/11\/H-2607-1-web-2.jpg","type":"image\/jpeg"}],"author":"Pova\u017esk\u00e9 m\u00fazeum","twitter_card":"summary_large_image","twitter_misc":{"Autor":"Pova\u017esk\u00e9 m\u00fazeum","Predpokladan\u00fd \u010das \u010d\u00edtania":"2 min\u00faty"},"schema":{"@context":"https:\/\/schema.org","@graph":[{"@type":"Article","@id":"https:\/\/pmza.sk\/?p=37108#article","isPartOf":{"@id":"https:\/\/pmza.sk\/?p=37108"},"author":{"name":"Pova\u017esk\u00e9 m\u00fazeum","@id":"https:\/\/pmza.sk\/#\/schema\/person\/595e6a2ce731ea94dcd5d7f50a41ae33"},"headline":"Dokumenty z 1. svetovej vojny zbierkov\u00fdm predmetom mesiaca","datePublished":"2019-11-04T09:40:13+00:00","mainEntityOfPage":{"@id":"https:\/\/pmza.sk\/?p=37108"},"wordCount":345,"publisher":{"@id":"https:\/\/pmza.sk\/#organization"},"image":{"@id":"https:\/\/pmza.sk\/?p=37108#primaryimage"},"thumbnailUrl":"https:\/\/pmza.sk\/wp-content\/uploads\/2019\/11\/H-2607-1-web-2.jpg","articleSection":["Aktuality"],"inLanguage":"sk-SK"},{"@type":"WebPage","@id":"https:\/\/pmza.sk\/?p=37108","url":"https:\/\/pmza.sk\/?p=37108","name":"Dokumenty z 1. svetovej vojny zbierkov\u00fdm predmetom mesiaca - Pova\u017esk\u00e9 m\u00fazeum","isPartOf":{"@id":"https:\/\/pmza.sk\/#website"},"primaryImageOfPage":{"@id":"https:\/\/pmza.sk\/?p=37108#primaryimage"},"image":{"@id":"https:\/\/pmza.sk\/?p=37108#primaryimage"},"thumbnailUrl":"https:\/\/pmza.sk\/wp-content\/uploads\/2019\/11\/H-2607-1-web-2.jpg","datePublished":"2019-11-04T09:40:13+00:00","breadcrumb":{"@id":"https:\/\/pmza.sk\/?p=37108#breadcrumb"},"inLanguage":"sk-SK","potentialAction":[{"@type":"ReadAction","target":["https:\/\/pmza.sk\/?p=37108"]}]},{"@type":"ImageObject","inLanguage":"sk-SK","@id":"https:\/\/pmza.sk\/?p=37108#primaryimage","url":"https:\/\/pmza.sk\/wp-content\/uploads\/2019\/11\/H-2607-1-web-2.jpg","contentUrl":"https:\/\/pmza.sk\/wp-content\/uploads\/2019\/11\/H-2607-1-web-2.jpg","width":723,"height":763,"caption":"30C-9 Q76"},{"@type":"BreadcrumbList","@id":"https:\/\/pmza.sk\/?p=37108#breadcrumb","itemListElement":[{"@type":"ListItem","position":1,"name":"Domovsk\u00e1 str\u00e1nka","item":"https:\/\/pmza.sk\/"},{"@type":"ListItem","position":2,"name":"Dokumenty z 1. svetovej vojny zbierkov\u00fdm predmetom mesiaca"}]},{"@type":"WebSite","@id":"https:\/\/pmza.sk\/#website","url":"https:\/\/pmza.sk\/","name":"Pova\u017esk\u00e9 m\u00fazeum","description":"Pova\u017esk\u00e9 m\u00fazeum v \u017diline je region\u00e1lne m\u00fazeum so s\u00eddlom v Budat\u00edne. Jeho expoz\u00edcie s\u00fa zameran\u00e9 na dejiny slovensk\u00e9ho umenia, kult\u00fary a dopravy.","publisher":{"@id":"https:\/\/pmza.sk\/#organization"},"potentialAction":[{"@type":"SearchAction","target":{"@type":"EntryPoint","urlTemplate":"https:\/\/pmza.sk\/?s={search_term_string}"},"query-input":{"@type":"PropertyValueSpecification","valueRequired":true,"valueName":"search_term_string"}}],"inLanguage":"sk-SK"},{"@type":"Organization","@id":"https:\/\/pmza.sk\/#organization","name":"Pova\u017esk\u00e9 m\u00fazeum","url":"https:\/\/pmza.sk\/","logo":{"@type":"ImageObject","inLanguage":"sk-SK","@id":"https:\/\/pmza.sk\/#\/schema\/logo\/image\/","url":"https:\/\/pmza.sk\/wp-content\/uploads\/2022\/01\/logo_PM_horizontal.jpg","contentUrl":"https:\/\/pmza.sk\/wp-content\/uploads\/2022\/01\/logo_PM_horizontal.jpg","width":231,"height":142,"caption":"Pova\u017esk\u00e9 m\u00fazeum"},"image":{"@id":"https:\/\/pmza.sk\/#\/schema\/logo\/image\/"},"sameAs":["https:\/\/www.facebook.com\/povazskemuzeum","https:\/\/www.instagram.com\/povazskemuzeum\/"]},{"@type":"Person","@id":"https:\/\/pmza.sk\/#\/schema\/person\/595e6a2ce731ea94dcd5d7f50a41ae33","name":"Pova\u017esk\u00e9 m\u00fazeum","image":{"@type":"ImageObject","inLanguage":"sk-SK","@id":"https:\/\/secure.gravatar.com\/avatar\/2bb7f1561282132fb5826dfeccc66c7996d11ee392ac6aaf7ced8a1c2027fbb2?s=96&d=mm&r=g","url":"https:\/\/secure.gravatar.com\/avatar\/2bb7f1561282132fb5826dfeccc66c7996d11ee392ac6aaf7ced8a1c2027fbb2?s=96&d=mm&r=g","contentUrl":"https:\/\/secure.gravatar.com\/avatar\/2bb7f1561282132fb5826dfeccc66c7996d11ee392ac6aaf7ced8a1c2027fbb2?s=96&d=mm&r=g","caption":"Pova\u017esk\u00e9 m\u00fazeum"}}]}},"_links":{"self":[{"href":"https:\/\/pmza.sk\/index.php?rest_route=\/wp\/v2\/posts\/37108","targetHints":{"allow":["GET"]}}],"collection":[{"href":"https:\/\/pmza.sk\/index.php?rest_route=\/wp\/v2\/posts"}],"about":[{"href":"https:\/\/pmza.sk\/index.php?rest_route=\/wp\/v2\/types\/post"}],"author":[{"embeddable":true,"href":"https:\/\/pmza.sk\/index.php?rest_route=\/wp\/v2\/users\/2"}],"replies":[{"embeddable":true,"href":"https:\/\/pmza.sk\/index.php?rest_route=%2Fwp%2Fv2%2Fcomments&post=37108"}],"version-history":[{"count":0,"href":"https:\/\/pmza.sk\/index.php?rest_route=\/wp\/v2\/posts\/37108\/revisions"}],"wp:featuredmedia":[{"embeddable":true,"href":"https:\/\/pmza.sk\/index.php?rest_route=\/wp\/v2\/media\/37113"}],"wp:attachment":[{"href":"https:\/\/pmza.sk\/index.php?rest_route=%2Fwp%2Fv2%2Fmedia&parent=37108"}],"wp:term":[{"taxonomy":"category","embeddable":true,"href":"https:\/\/pmza.sk\/index.php?rest_route=%2Fwp%2Fv2%2Fcategories&post=37108"},{"taxonomy":"post_tag","embeddable":true,"href":"https:\/\/pmza.sk\/index.php?rest_route=%2Fwp%2Fv2%2Ftags&post=37108"}],"curies":[{"name":"wp","href":"https:\/\/api.w.org\/{rel}","templated":true}]}}