{"id":37177,"date":"2019-11-11T11:48:56","date_gmt":"2019-11-11T10:48:56","guid":{"rendered":"https:\/\/pmza.sk\/?p=37177"},"modified":"2019-11-11T11:48:56","modified_gmt":"2019-11-11T10:48:56","slug":"vianoce-v-budatine-2","status":"publish","type":"post","link":"https:\/\/pmza.sk\/?p=37177","title":{"rendered":"Vianoce v Budat\u00edne"},"content":{"rendered":"<p>Nala\u010fte sa s\u00a0nami na prich\u00e1dzaj\u00face sviatky! V\u00a0are\u00e1li Budat\u00ednskeho hradu za\u017eijeme Vianoce u\u017e v\u00a0nede\u013eu 15. decembra. Pred kaplnkou to bude od 13.00 rozvoniava\u0165 pun\u010dom, medovn\u00edkmi, pe\u010den\u00fdmi obl\u00e1tkami a\u00a0in\u00fdmi chutn\u00fdmi dobrotami.<\/p>\n<p>N\u00e1v\u0161tevn\u00edci si m\u00f4\u017eu k\u00fapi\u0165 \u010di dokonca vlastnoru\u010dne vyrobi\u0165 origin\u00e1lne dar\u010deky pre svojich najbli\u017e\u0161\u00edch a\u00a0spr\u00edjemni\u0165 si tak nede\u013en\u00e9 popoludnie. V\u00a0st\u00e1nkoch n\u00e1jdu mydl\u00e1, ko\u0161\u00edky, koberce \u010di v\u00fdrobky zo \u0161\u00fapolia. <em>\u201eTe\u0161i\u0165 sa m\u00f4\u017eu aj na \u017eiv\u00fd Betlehem a\u00a0hran\u00fd pr\u00edbeh Je\u017ei\u0161a Krista, v\u00a0ktorom sa predstavia pracovn\u00edci Pova\u017esk\u00e9ho m\u00fazea v\u00a0\u017diline. Sc\u00e9nky, ktor\u00e9 bud\u00fa prebieha\u0165 v\u00a0polhodinov\u00fdch intervaloch od 13.00 do 14.30,\u00a0 doplnia typick\u00e9 viano\u010dn\u00e9 piesne. O\u00a015.00 sa priamo v\u00a0kaplnke predstav\u00ed Musica Temporis a\u00a0svoj\u00edm vyst\u00fapen\u00edm zv\u00fdrazn\u00ed jedine\u010dn\u00fa atmosf\u00e9ru adventn\u00e9ho \u010dasu. V\u00a0jej podan\u00ed zaznej\u00fa duchovn\u00e9 skladby s\u00a0viano\u010dnou tematikou z\u00a0obdobia baroka a\u017e po s\u00fa\u010dasnos\u0165.\u201c <\/em>poz\u00fdva kult\u00farna mana\u017e\u00e9rka Mgr. Petra Labantov\u00e1. \u00a0\u00a0\u00a0\u00a0\u00a0\u00a0\u00a0<\/p>\n<p>Vianoce v\u00a0Budat\u00edne s\u00fa posledn\u00fdm podujat\u00edm v\u00a0are\u00e1li Budat\u00ednskeho hradu v\u00a0tomto roku a\u00a0vstup je vo\u013en\u00fd.<\/p>\n<p>&nbsp;<\/p>\n","protected":false},"excerpt":{"rendered":"<p>Nala\u010fte sa s\u00a0nami na prich\u00e1dzaj\u00face sviatky! V\u00a0are\u00e1li Budat\u00ednskeho hradu za\u017eijeme Vianoce u\u017e v\u00a0nede\u013eu 15. decembra. Pred kaplnkou to bude od 13.00 rozvoniava\u0165 pun\u010dom, medovn\u00edkmi, pe\u010den\u00fdmi obl\u00e1tkami a\u00a0in\u00fdmi chutn\u00fdmi dobrotami. N\u00e1v\u0161tevn\u00edci si m\u00f4\u017eu k\u00fapi\u0165 \u010di dokonca vlastnoru\u010dne vyrobi\u0165 origin\u00e1lne dar\u010deky pre svojich najbli\u017e\u0161\u00edch a\u00a0spr\u00edjemni\u0165 si tak nede\u013en\u00e9 popoludnie. V\u00a0st\u00e1nkoch n\u00e1jdu mydl\u00e1, ko\u0161\u00edky, koberce \u010di v\u00fdrobky zo [&hellip;]<\/p>\n","protected":false},"author":2,"featured_media":37178,"comment_status":"closed","ping_status":"closed","sticky":false,"template":"","format":"standard","meta":{"site-sidebar-layout":"default","site-content-layout":"","ast-site-content-layout":"","site-content-style":"default","site-sidebar-style":"default","ast-global-header-display":"","ast-banner-title-visibility":"","ast-main-header-display":"","ast-hfb-above-header-display":"","ast-hfb-below-header-display":"","ast-hfb-mobile-header-display":"","site-post-title":"","ast-breadcrumbs-content":"","ast-featured-img":"","footer-sml-layout":"","theme-transparent-header-meta":"","adv-header-id-meta":"","stick-header-meta":"","header-above-stick-meta":"","header-main-stick-meta":"","header-below-stick-meta":"","astra-migrate-meta-layouts":"default","ast-page-background-enabled":"default","ast-page-background-meta":{"desktop":{"background-color":"var(--ast-global-color-4)","background-image":"","background-repeat":"repeat","background-position":"center center","background-size":"auto","background-attachment":"scroll","background-type":"","background-media":"","overlay-type":"","overlay-color":"","overlay-opacity":"","overlay-gradient":""},"tablet":{"background-color":"","background-image":"","background-repeat":"repeat","background-position":"center center","background-size":"auto","background-attachment":"scroll","background-type":"","background-media":"","overlay-type":"","overlay-color":"","overlay-opacity":"","overlay-gradient":""},"mobile":{"background-color":"","background-image":"","background-repeat":"repeat","background-position":"center center","background-size":"auto","background-attachment":"scroll","background-type":"","background-media":"","overlay-type":"","overlay-color":"","overlay-opacity":"","overlay-gradient":""}},"ast-content-background-meta":{"desktop":{"background-color":"var(--ast-global-color-5)","background-image":"","background-repeat":"repeat","background-position":"center center","background-size":"auto","background-attachment":"scroll","background-type":"","background-media":"","overlay-type":"","overlay-color":"","overlay-opacity":"","overlay-gradient":""},"tablet":{"background-color":"var(--ast-global-color-5)","background-image":"","background-repeat":"repeat","background-position":"center center","background-size":"auto","background-attachment":"scroll","background-type":"","background-media":"","overlay-type":"","overlay-color":"","overlay-opacity":"","overlay-gradient":""},"mobile":{"background-color":"var(--ast-global-color-5)","background-image":"","background-repeat":"repeat","background-position":"center center","background-size":"auto","background-attachment":"scroll","background-type":"","background-media":"","overlay-type":"","overlay-color":"","overlay-opacity":"","overlay-gradient":""}},"footnotes":""},"categories":[31],"tags":[],"class_list":["post-37177","post","type-post","status-publish","format-standard","has-post-thumbnail","hentry","category-aktuality"],"yoast_head":"<!-- This site is optimized with the Yoast SEO plugin v27.4 - https:\/\/yoast.com\/product\/yoast-seo-wordpress\/ -->\n<title>Vianoce v Budat\u00edne - Pova\u017esk\u00e9 m\u00fazeum<\/title>\n<meta name=\"robots\" content=\"index, follow, max-snippet:-1, max-image-preview:large, max-video-preview:-1\" \/>\n<link rel=\"canonical\" href=\"https:\/\/pmza.sk\/?p=37177\" \/>\n<meta property=\"og:locale\" content=\"sk_SK\" \/>\n<meta property=\"og:type\" content=\"article\" \/>\n<meta property=\"og:title\" content=\"Vianoce v Budat\u00edne - Pova\u017esk\u00e9 m\u00fazeum\" \/>\n<meta property=\"og:description\" content=\"Nala\u010fte sa s\u00a0nami na prich\u00e1dzaj\u00face sviatky! V\u00a0are\u00e1li Budat\u00ednskeho hradu za\u017eijeme Vianoce u\u017e v\u00a0nede\u013eu 15. decembra. Pred kaplnkou to bude od 13.00 rozvoniava\u0165 pun\u010dom, medovn\u00edkmi, pe\u010den\u00fdmi obl\u00e1tkami a\u00a0in\u00fdmi chutn\u00fdmi dobrotami. N\u00e1v\u0161tevn\u00edci si m\u00f4\u017eu k\u00fapi\u0165 \u010di dokonca vlastnoru\u010dne vyrobi\u0165 origin\u00e1lne dar\u010deky pre svojich najbli\u017e\u0161\u00edch a\u00a0spr\u00edjemni\u0165 si tak nede\u013en\u00e9 popoludnie. V\u00a0st\u00e1nkoch n\u00e1jdu mydl\u00e1, ko\u0161\u00edky, koberce \u010di v\u00fdrobky zo [&hellip;]\" \/>\n<meta property=\"og:url\" content=\"https:\/\/pmza.sk\/?p=37177\" \/>\n<meta property=\"og:site_name\" content=\"Pova\u017esk\u00e9 m\u00fazeum\" \/>\n<meta property=\"article:publisher\" content=\"https:\/\/www.facebook.com\/povazskemuzeum\" \/>\n<meta property=\"article:published_time\" content=\"2019-11-11T10:48:56+00:00\" \/>\n<meta property=\"og:image\" content=\"https:\/\/pmza.sk\/wp-content\/uploads\/2019\/11\/vianoce_www.jpg\" \/>\n\t<meta property=\"og:image:width\" content=\"564\" \/>\n\t<meta property=\"og:image:height\" content=\"800\" \/>\n\t<meta property=\"og:image:type\" content=\"image\/jpeg\" \/>\n<meta name=\"author\" content=\"Pova\u017esk\u00e9 m\u00fazeum\" \/>\n<meta name=\"twitter:card\" content=\"summary_large_image\" \/>\n<meta name=\"twitter:label1\" content=\"Autor\" \/>\n\t<meta name=\"twitter:data1\" content=\"Pova\u017esk\u00e9 m\u00fazeum\" \/>\n\t<meta name=\"twitter:label2\" content=\"Predpokladan\u00fd \u010das \u010d\u00edtania\" \/>\n\t<meta name=\"twitter:data2\" content=\"1 min\u00fata\" \/>\n<script type=\"application\/ld+json\" class=\"yoast-schema-graph\">{\"@context\":\"https:\\\/\\\/schema.org\",\"@graph\":[{\"@type\":\"Article\",\"@id\":\"https:\\\/\\\/pmza.sk\\\/?p=37177#article\",\"isPartOf\":{\"@id\":\"https:\\\/\\\/pmza.sk\\\/?p=37177\"},\"author\":{\"name\":\"Pova\u017esk\u00e9 m\u00fazeum\",\"@id\":\"https:\\\/\\\/pmza.sk\\\/#\\\/schema\\\/person\\\/595e6a2ce731ea94dcd5d7f50a41ae33\"},\"headline\":\"Vianoce v Budat\u00edne\",\"datePublished\":\"2019-11-11T10:48:56+00:00\",\"mainEntityOfPage\":{\"@id\":\"https:\\\/\\\/pmza.sk\\\/?p=37177\"},\"wordCount\":212,\"publisher\":{\"@id\":\"https:\\\/\\\/pmza.sk\\\/#organization\"},\"image\":{\"@id\":\"https:\\\/\\\/pmza.sk\\\/?p=37177#primaryimage\"},\"thumbnailUrl\":\"https:\\\/\\\/pmza.sk\\\/wp-content\\\/uploads\\\/2019\\\/11\\\/vianoce_www.jpg\",\"articleSection\":[\"Aktuality\"],\"inLanguage\":\"sk-SK\"},{\"@type\":\"WebPage\",\"@id\":\"https:\\\/\\\/pmza.sk\\\/?p=37177\",\"url\":\"https:\\\/\\\/pmza.sk\\\/?p=37177\",\"name\":\"Vianoce v Budat\u00edne - Pova\u017esk\u00e9 m\u00fazeum\",\"isPartOf\":{\"@id\":\"https:\\\/\\\/pmza.sk\\\/#website\"},\"primaryImageOfPage\":{\"@id\":\"https:\\\/\\\/pmza.sk\\\/?p=37177#primaryimage\"},\"image\":{\"@id\":\"https:\\\/\\\/pmza.sk\\\/?p=37177#primaryimage\"},\"thumbnailUrl\":\"https:\\\/\\\/pmza.sk\\\/wp-content\\\/uploads\\\/2019\\\/11\\\/vianoce_www.jpg\",\"datePublished\":\"2019-11-11T10:48:56+00:00\",\"breadcrumb\":{\"@id\":\"https:\\\/\\\/pmza.sk\\\/?p=37177#breadcrumb\"},\"inLanguage\":\"sk-SK\",\"potentialAction\":[{\"@type\":\"ReadAction\",\"target\":[\"https:\\\/\\\/pmza.sk\\\/?p=37177\"]}]},{\"@type\":\"ImageObject\",\"inLanguage\":\"sk-SK\",\"@id\":\"https:\\\/\\\/pmza.sk\\\/?p=37177#primaryimage\",\"url\":\"https:\\\/\\\/pmza.sk\\\/wp-content\\\/uploads\\\/2019\\\/11\\\/vianoce_www.jpg\",\"contentUrl\":\"https:\\\/\\\/pmza.sk\\\/wp-content\\\/uploads\\\/2019\\\/11\\\/vianoce_www.jpg\",\"width\":564,\"height\":800},{\"@type\":\"BreadcrumbList\",\"@id\":\"https:\\\/\\\/pmza.sk\\\/?p=37177#breadcrumb\",\"itemListElement\":[{\"@type\":\"ListItem\",\"position\":1,\"name\":\"Domovsk\u00e1 str\u00e1nka\",\"item\":\"https:\\\/\\\/pmza.sk\\\/\"},{\"@type\":\"ListItem\",\"position\":2,\"name\":\"Vianoce v Budat\u00edne\"}]},{\"@type\":\"WebSite\",\"@id\":\"https:\\\/\\\/pmza.sk\\\/#website\",\"url\":\"https:\\\/\\\/pmza.sk\\\/\",\"name\":\"Pova\u017esk\u00e9 m\u00fazeum\",\"description\":\"Pova\u017esk\u00e9 m\u00fazeum v \u017diline je region\u00e1lne m\u00fazeum so s\u00eddlom v Budat\u00edne. Jeho expoz\u00edcie s\u00fa zameran\u00e9 na dejiny slovensk\u00e9ho umenia, kult\u00fary a dopravy.\",\"publisher\":{\"@id\":\"https:\\\/\\\/pmza.sk\\\/#organization\"},\"potentialAction\":[{\"@type\":\"SearchAction\",\"target\":{\"@type\":\"EntryPoint\",\"urlTemplate\":\"https:\\\/\\\/pmza.sk\\\/?s={search_term_string}\"},\"query-input\":{\"@type\":\"PropertyValueSpecification\",\"valueRequired\":true,\"valueName\":\"search_term_string\"}}],\"inLanguage\":\"sk-SK\"},{\"@type\":\"Organization\",\"@id\":\"https:\\\/\\\/pmza.sk\\\/#organization\",\"name\":\"Pova\u017esk\u00e9 m\u00fazeum\",\"url\":\"https:\\\/\\\/pmza.sk\\\/\",\"logo\":{\"@type\":\"ImageObject\",\"inLanguage\":\"sk-SK\",\"@id\":\"https:\\\/\\\/pmza.sk\\\/#\\\/schema\\\/logo\\\/image\\\/\",\"url\":\"https:\\\/\\\/pmza.sk\\\/wp-content\\\/uploads\\\/2022\\\/01\\\/logo_PM_horizontal.jpg\",\"contentUrl\":\"https:\\\/\\\/pmza.sk\\\/wp-content\\\/uploads\\\/2022\\\/01\\\/logo_PM_horizontal.jpg\",\"width\":231,\"height\":142,\"caption\":\"Pova\u017esk\u00e9 m\u00fazeum\"},\"image\":{\"@id\":\"https:\\\/\\\/pmza.sk\\\/#\\\/schema\\\/logo\\\/image\\\/\"},\"sameAs\":[\"https:\\\/\\\/www.facebook.com\\\/povazskemuzeum\",\"https:\\\/\\\/www.instagram.com\\\/povazskemuzeum\\\/\"]},{\"@type\":\"Person\",\"@id\":\"https:\\\/\\\/pmza.sk\\\/#\\\/schema\\\/person\\\/595e6a2ce731ea94dcd5d7f50a41ae33\",\"name\":\"Pova\u017esk\u00e9 m\u00fazeum\",\"image\":{\"@type\":\"ImageObject\",\"inLanguage\":\"sk-SK\",\"@id\":\"https:\\\/\\\/secure.gravatar.com\\\/avatar\\\/2bb7f1561282132fb5826dfeccc66c7996d11ee392ac6aaf7ced8a1c2027fbb2?s=96&d=mm&r=g\",\"url\":\"https:\\\/\\\/secure.gravatar.com\\\/avatar\\\/2bb7f1561282132fb5826dfeccc66c7996d11ee392ac6aaf7ced8a1c2027fbb2?s=96&d=mm&r=g\",\"contentUrl\":\"https:\\\/\\\/secure.gravatar.com\\\/avatar\\\/2bb7f1561282132fb5826dfeccc66c7996d11ee392ac6aaf7ced8a1c2027fbb2?s=96&d=mm&r=g\",\"caption\":\"Pova\u017esk\u00e9 m\u00fazeum\"}}]}<\/script>\n<!-- \/ Yoast SEO plugin. -->","yoast_head_json":{"title":"Vianoce v Budat\u00edne - Pova\u017esk\u00e9 m\u00fazeum","robots":{"index":"index","follow":"follow","max-snippet":"max-snippet:-1","max-image-preview":"max-image-preview:large","max-video-preview":"max-video-preview:-1"},"canonical":"https:\/\/pmza.sk\/?p=37177","og_locale":"sk_SK","og_type":"article","og_title":"Vianoce v Budat\u00edne - Pova\u017esk\u00e9 m\u00fazeum","og_description":"Nala\u010fte sa s\u00a0nami na prich\u00e1dzaj\u00face sviatky! V\u00a0are\u00e1li Budat\u00ednskeho hradu za\u017eijeme Vianoce u\u017e v\u00a0nede\u013eu 15. decembra. Pred kaplnkou to bude od 13.00 rozvoniava\u0165 pun\u010dom, medovn\u00edkmi, pe\u010den\u00fdmi obl\u00e1tkami a\u00a0in\u00fdmi chutn\u00fdmi dobrotami. N\u00e1v\u0161tevn\u00edci si m\u00f4\u017eu k\u00fapi\u0165 \u010di dokonca vlastnoru\u010dne vyrobi\u0165 origin\u00e1lne dar\u010deky pre svojich najbli\u017e\u0161\u00edch a\u00a0spr\u00edjemni\u0165 si tak nede\u013en\u00e9 popoludnie. V\u00a0st\u00e1nkoch n\u00e1jdu mydl\u00e1, ko\u0161\u00edky, koberce \u010di v\u00fdrobky zo [&hellip;]","og_url":"https:\/\/pmza.sk\/?p=37177","og_site_name":"Pova\u017esk\u00e9 m\u00fazeum","article_publisher":"https:\/\/www.facebook.com\/povazskemuzeum","article_published_time":"2019-11-11T10:48:56+00:00","og_image":[{"width":564,"height":800,"url":"https:\/\/pmza.sk\/wp-content\/uploads\/2019\/11\/vianoce_www.jpg","type":"image\/jpeg"}],"author":"Pova\u017esk\u00e9 m\u00fazeum","twitter_card":"summary_large_image","twitter_misc":{"Autor":"Pova\u017esk\u00e9 m\u00fazeum","Predpokladan\u00fd \u010das \u010d\u00edtania":"1 min\u00fata"},"schema":{"@context":"https:\/\/schema.org","@graph":[{"@type":"Article","@id":"https:\/\/pmza.sk\/?p=37177#article","isPartOf":{"@id":"https:\/\/pmza.sk\/?p=37177"},"author":{"name":"Pova\u017esk\u00e9 m\u00fazeum","@id":"https:\/\/pmza.sk\/#\/schema\/person\/595e6a2ce731ea94dcd5d7f50a41ae33"},"headline":"Vianoce v Budat\u00edne","datePublished":"2019-11-11T10:48:56+00:00","mainEntityOfPage":{"@id":"https:\/\/pmza.sk\/?p=37177"},"wordCount":212,"publisher":{"@id":"https:\/\/pmza.sk\/#organization"},"image":{"@id":"https:\/\/pmza.sk\/?p=37177#primaryimage"},"thumbnailUrl":"https:\/\/pmza.sk\/wp-content\/uploads\/2019\/11\/vianoce_www.jpg","articleSection":["Aktuality"],"inLanguage":"sk-SK"},{"@type":"WebPage","@id":"https:\/\/pmza.sk\/?p=37177","url":"https:\/\/pmza.sk\/?p=37177","name":"Vianoce v Budat\u00edne - Pova\u017esk\u00e9 m\u00fazeum","isPartOf":{"@id":"https:\/\/pmza.sk\/#website"},"primaryImageOfPage":{"@id":"https:\/\/pmza.sk\/?p=37177#primaryimage"},"image":{"@id":"https:\/\/pmza.sk\/?p=37177#primaryimage"},"thumbnailUrl":"https:\/\/pmza.sk\/wp-content\/uploads\/2019\/11\/vianoce_www.jpg","datePublished":"2019-11-11T10:48:56+00:00","breadcrumb":{"@id":"https:\/\/pmza.sk\/?p=37177#breadcrumb"},"inLanguage":"sk-SK","potentialAction":[{"@type":"ReadAction","target":["https:\/\/pmza.sk\/?p=37177"]}]},{"@type":"ImageObject","inLanguage":"sk-SK","@id":"https:\/\/pmza.sk\/?p=37177#primaryimage","url":"https:\/\/pmza.sk\/wp-content\/uploads\/2019\/11\/vianoce_www.jpg","contentUrl":"https:\/\/pmza.sk\/wp-content\/uploads\/2019\/11\/vianoce_www.jpg","width":564,"height":800},{"@type":"BreadcrumbList","@id":"https:\/\/pmza.sk\/?p=37177#breadcrumb","itemListElement":[{"@type":"ListItem","position":1,"name":"Domovsk\u00e1 str\u00e1nka","item":"https:\/\/pmza.sk\/"},{"@type":"ListItem","position":2,"name":"Vianoce v Budat\u00edne"}]},{"@type":"WebSite","@id":"https:\/\/pmza.sk\/#website","url":"https:\/\/pmza.sk\/","name":"Pova\u017esk\u00e9 m\u00fazeum","description":"Pova\u017esk\u00e9 m\u00fazeum v \u017diline je region\u00e1lne m\u00fazeum so s\u00eddlom v Budat\u00edne. Jeho expoz\u00edcie s\u00fa zameran\u00e9 na dejiny slovensk\u00e9ho umenia, kult\u00fary a dopravy.","publisher":{"@id":"https:\/\/pmza.sk\/#organization"},"potentialAction":[{"@type":"SearchAction","target":{"@type":"EntryPoint","urlTemplate":"https:\/\/pmza.sk\/?s={search_term_string}"},"query-input":{"@type":"PropertyValueSpecification","valueRequired":true,"valueName":"search_term_string"}}],"inLanguage":"sk-SK"},{"@type":"Organization","@id":"https:\/\/pmza.sk\/#organization","name":"Pova\u017esk\u00e9 m\u00fazeum","url":"https:\/\/pmza.sk\/","logo":{"@type":"ImageObject","inLanguage":"sk-SK","@id":"https:\/\/pmza.sk\/#\/schema\/logo\/image\/","url":"https:\/\/pmza.sk\/wp-content\/uploads\/2022\/01\/logo_PM_horizontal.jpg","contentUrl":"https:\/\/pmza.sk\/wp-content\/uploads\/2022\/01\/logo_PM_horizontal.jpg","width":231,"height":142,"caption":"Pova\u017esk\u00e9 m\u00fazeum"},"image":{"@id":"https:\/\/pmza.sk\/#\/schema\/logo\/image\/"},"sameAs":["https:\/\/www.facebook.com\/povazskemuzeum","https:\/\/www.instagram.com\/povazskemuzeum\/"]},{"@type":"Person","@id":"https:\/\/pmza.sk\/#\/schema\/person\/595e6a2ce731ea94dcd5d7f50a41ae33","name":"Pova\u017esk\u00e9 m\u00fazeum","image":{"@type":"ImageObject","inLanguage":"sk-SK","@id":"https:\/\/secure.gravatar.com\/avatar\/2bb7f1561282132fb5826dfeccc66c7996d11ee392ac6aaf7ced8a1c2027fbb2?s=96&d=mm&r=g","url":"https:\/\/secure.gravatar.com\/avatar\/2bb7f1561282132fb5826dfeccc66c7996d11ee392ac6aaf7ced8a1c2027fbb2?s=96&d=mm&r=g","contentUrl":"https:\/\/secure.gravatar.com\/avatar\/2bb7f1561282132fb5826dfeccc66c7996d11ee392ac6aaf7ced8a1c2027fbb2?s=96&d=mm&r=g","caption":"Pova\u017esk\u00e9 m\u00fazeum"}}]}},"_links":{"self":[{"href":"https:\/\/pmza.sk\/index.php?rest_route=\/wp\/v2\/posts\/37177","targetHints":{"allow":["GET"]}}],"collection":[{"href":"https:\/\/pmza.sk\/index.php?rest_route=\/wp\/v2\/posts"}],"about":[{"href":"https:\/\/pmza.sk\/index.php?rest_route=\/wp\/v2\/types\/post"}],"author":[{"embeddable":true,"href":"https:\/\/pmza.sk\/index.php?rest_route=\/wp\/v2\/users\/2"}],"replies":[{"embeddable":true,"href":"https:\/\/pmza.sk\/index.php?rest_route=%2Fwp%2Fv2%2Fcomments&post=37177"}],"version-history":[{"count":0,"href":"https:\/\/pmza.sk\/index.php?rest_route=\/wp\/v2\/posts\/37177\/revisions"}],"wp:featuredmedia":[{"embeddable":true,"href":"https:\/\/pmza.sk\/index.php?rest_route=\/wp\/v2\/media\/37178"}],"wp:attachment":[{"href":"https:\/\/pmza.sk\/index.php?rest_route=%2Fwp%2Fv2%2Fmedia&parent=37177"}],"wp:term":[{"taxonomy":"category","embeddable":true,"href":"https:\/\/pmza.sk\/index.php?rest_route=%2Fwp%2Fv2%2Fcategories&post=37177"},{"taxonomy":"post_tag","embeddable":true,"href":"https:\/\/pmza.sk\/index.php?rest_route=%2Fwp%2Fv2%2Ftags&post=37177"}],"curies":[{"name":"wp","href":"https:\/\/api.w.org\/{rel}","templated":true}]}}