{"id":37211,"date":"2019-11-13T07:44:41","date_gmt":"2019-11-13T06:44:41","guid":{"rendered":"https:\/\/pmza.sk\/?p=37211"},"modified":"2019-11-13T07:44:41","modified_gmt":"2019-11-13T06:44:41","slug":"na-hrade-strecno-planujeme-interaktivnu-expoziciu","status":"publish","type":"post","link":"https:\/\/pmza.sk\/?p=37211","title":{"rendered":"Na hrade Stre\u010dno pl\u00e1nujeme interakt\u00edvnu expoz\u00edciu"},"content":{"rendered":"<p>Pova\u017esk\u00e9 m\u00fazeum v\u00a0\u017diline pl\u00e1nuje v\u00a0bud\u00facnosti na hrade Stre\u010dno interakt\u00edvnu expoz\u00edciu. Autorkami ideov\u00e9ho n\u00e1vrhu s\u00fa histori\u010dka Mgr. Martina Bern\u00e1tov\u00e1 a\u00a0archeologi\u010dka Mgr. Andrea Slan\u00e1, PhD. Ich cie\u013eom je vytvori\u0165 expoz\u00edciu, ktor\u00e1 by v\u00fdrazov\u00fdmi prostriedkami, dynamikou a\u00a0vyv\u00e1\u017eenos\u0165ou vnemov zodpovedala n\u00e1v\u0161tevn\u00edkom 21. storo\u010dia.<\/p>\n<p>\u00a0\u00a0\u201e<em>Dlhodob\u00fa snahu m\u00fazea vytvori\u0165 na hrade zauj\u00edmav\u00fa expoz\u00edciu komplikuj\u00fa zl\u00e9 klimatick\u00e9 podmienky.\u00a0 Hrad nem\u00f4\u017ee by\u0165 zariaden\u00fd dobov\u00fdm n\u00e1bytkom, nedaj\u00fa sa vystavova\u0165 obrazy ani listiny, trpia kovov\u00e9, ko\u017een\u00e9 a dreven\u00e9 predmety. V\u00a0roku 2017 sme mali mo\u017enos\u0165 nav\u0161t\u00edvi\u0165 Da\u010dick\u00e9ho dom v Kutnej hore. Nov\u00e1 modern\u00e1 expoz\u00edcia od firmy AV Media, funguj\u00faca i vo vlhkom pivni\u010dnom priestore, n\u00e1s inspirovala ku snahe zriadi\u0165 z\u00e1\u017eitkov\u00fa expoz\u00edciu i na hrade Stre\u010dno. Projekt vypracovala pr\u00e1ve AV Media. Na\u0161\u00edm \u017eelan\u00edm je n\u00e1v\u0161tevn\u00edkom sprostredkova\u0165 jedine\u010dn\u00fd pr\u00edbeh majite\u013eky hradu \u017dofie Bosniakovej, ktorej telo sa na\u0161lo neporu\u0161en\u00e9 v krypte hradnej kaplnky. S\u00fa\u010das\u0165ou hradnej expoz\u00edcie by ale mal by\u0165 i stavebn\u00fd v\u00fdvoj hradu, preh\u013ead majite\u013eov Stre\u010dna a v\u00fdznamn\u00e9 archeologick\u00e9 n\u00e1lezy. To v\u0161etko by malo by\u0165 prezentovan\u00e9 interakt\u00edvnou formou, aby sa n\u00e1v\u0161tevn\u00edci nielen zabavili, ale i nie\u010do nau\u010dili. Na svoje by si mali pr\u00eds\u0165 rodiny s\u00a0de\u0165mi aj milovn\u00edci pamiatok a hist\u00f3rie v\u00f4bec. Pr\u00e1ve bola ukon\u010den\u00e1 projektov\u00e1 f\u00e1za a ver\u00edme, \u017ee pr\u00edde i na samotn\u00fa realiz\u00e1ciu.\u201c uviedla Martina Bern\u00e1tov\u00e1. \u00a0<\/em><\/p>\n<p>Z\u00e1merom projektu je vytvorenie priestoru, ktor\u00fd by dok\u00e1zal zrozumite\u013ene a\u00a0atrakt\u00edvne pribl\u00ed\u017ei\u0165 v\u00fdznamn\u00e9 obdobie slovensk\u00fdch dej\u00edn a\u00a0to modernou dynamickou formou, ktor\u00e1 nebude zni\u017eova\u0165 v\u00fdznamnos\u0165 a\u00a0d\u00f4stojnos\u0165 t\u00e9m. Expoz\u00edcia by mala vyu\u017e\u00edva\u0165 interakt\u00edvne 3D modely, zvukov\u00e9, sveteln\u00e9 efekty, videomapping \u010di tie\u0148ohru.<\/p>\n","protected":false},"excerpt":{"rendered":"<p>Pova\u017esk\u00e9 m\u00fazeum v\u00a0\u017diline pl\u00e1nuje v\u00a0bud\u00facnosti na hrade Stre\u010dno interakt\u00edvnu expoz\u00edciu. Autorkami ideov\u00e9ho n\u00e1vrhu s\u00fa histori\u010dka Mgr. Martina Bern\u00e1tov\u00e1 a\u00a0archeologi\u010dka Mgr. Andrea Slan\u00e1, PhD. Ich cie\u013eom je vytvori\u0165 expoz\u00edciu, ktor\u00e1 by v\u00fdrazov\u00fdmi prostriedkami, dynamikou a\u00a0vyv\u00e1\u017eenos\u0165ou vnemov zodpovedala n\u00e1v\u0161tevn\u00edkom 21. storo\u010dia. \u00a0\u00a0\u201eDlhodob\u00fa snahu m\u00fazea vytvori\u0165 na hrade zauj\u00edmav\u00fa expoz\u00edciu komplikuj\u00fa zl\u00e9 klimatick\u00e9 podmienky.\u00a0 Hrad nem\u00f4\u017ee by\u0165 zariaden\u00fd [&hellip;]<\/p>\n","protected":false},"author":2,"featured_media":37212,"comment_status":"closed","ping_status":"closed","sticky":false,"template":"","format":"standard","meta":{"site-sidebar-layout":"default","site-content-layout":"","ast-site-content-layout":"","site-content-style":"default","site-sidebar-style":"default","ast-global-header-display":"","ast-banner-title-visibility":"","ast-main-header-display":"","ast-hfb-above-header-display":"","ast-hfb-below-header-display":"","ast-hfb-mobile-header-display":"","site-post-title":"","ast-breadcrumbs-content":"","ast-featured-img":"","footer-sml-layout":"","theme-transparent-header-meta":"","adv-header-id-meta":"","stick-header-meta":"","header-above-stick-meta":"","header-main-stick-meta":"","header-below-stick-meta":"","astra-migrate-meta-layouts":"default","ast-page-background-enabled":"default","ast-page-background-meta":{"desktop":{"background-color":"var(--ast-global-color-4)","background-image":"","background-repeat":"repeat","background-position":"center center","background-size":"auto","background-attachment":"scroll","background-type":"","background-media":"","overlay-type":"","overlay-color":"","overlay-opacity":"","overlay-gradient":""},"tablet":{"background-color":"","background-image":"","background-repeat":"repeat","background-position":"center center","background-size":"auto","background-attachment":"scroll","background-type":"","background-media":"","overlay-type":"","overlay-color":"","overlay-opacity":"","overlay-gradient":""},"mobile":{"background-color":"","background-image":"","background-repeat":"repeat","background-position":"center center","background-size":"auto","background-attachment":"scroll","background-type":"","background-media":"","overlay-type":"","overlay-color":"","overlay-opacity":"","overlay-gradient":""}},"ast-content-background-meta":{"desktop":{"background-color":"var(--ast-global-color-5)","background-image":"","background-repeat":"repeat","background-position":"center center","background-size":"auto","background-attachment":"scroll","background-type":"","background-media":"","overlay-type":"","overlay-color":"","overlay-opacity":"","overlay-gradient":""},"tablet":{"background-color":"var(--ast-global-color-5)","background-image":"","background-repeat":"repeat","background-position":"center center","background-size":"auto","background-attachment":"scroll","background-type":"","background-media":"","overlay-type":"","overlay-color":"","overlay-opacity":"","overlay-gradient":""},"mobile":{"background-color":"var(--ast-global-color-5)","background-image":"","background-repeat":"repeat","background-position":"center center","background-size":"auto","background-attachment":"scroll","background-type":"","background-media":"","overlay-type":"","overlay-color":"","overlay-opacity":"","overlay-gradient":""}},"footnotes":""},"categories":[31],"tags":[],"class_list":["post-37211","post","type-post","status-publish","format-standard","has-post-thumbnail","hentry","category-aktuality"],"yoast_head":"<!-- This site is optimized with the Yoast SEO plugin v27.4 - https:\/\/yoast.com\/product\/yoast-seo-wordpress\/ -->\n<title>Na hrade Stre\u010dno pl\u00e1nujeme interakt\u00edvnu expoz\u00edciu - Pova\u017esk\u00e9 m\u00fazeum<\/title>\n<meta name=\"robots\" content=\"index, follow, max-snippet:-1, max-image-preview:large, max-video-preview:-1\" \/>\n<link rel=\"canonical\" href=\"https:\/\/pmza.sk\/?p=37211\" \/>\n<meta property=\"og:locale\" content=\"sk_SK\" \/>\n<meta property=\"og:type\" content=\"article\" \/>\n<meta property=\"og:title\" content=\"Na hrade Stre\u010dno pl\u00e1nujeme interakt\u00edvnu expoz\u00edciu - Pova\u017esk\u00e9 m\u00fazeum\" \/>\n<meta property=\"og:description\" content=\"Pova\u017esk\u00e9 m\u00fazeum v\u00a0\u017diline pl\u00e1nuje v\u00a0bud\u00facnosti na hrade Stre\u010dno interakt\u00edvnu expoz\u00edciu. Autorkami ideov\u00e9ho n\u00e1vrhu s\u00fa histori\u010dka Mgr. Martina Bern\u00e1tov\u00e1 a\u00a0archeologi\u010dka Mgr. Andrea Slan\u00e1, PhD. Ich cie\u013eom je vytvori\u0165 expoz\u00edciu, ktor\u00e1 by v\u00fdrazov\u00fdmi prostriedkami, dynamikou a\u00a0vyv\u00e1\u017eenos\u0165ou vnemov zodpovedala n\u00e1v\u0161tevn\u00edkom 21. storo\u010dia. \u00a0\u00a0\u201eDlhodob\u00fa snahu m\u00fazea vytvori\u0165 na hrade zauj\u00edmav\u00fa expoz\u00edciu komplikuj\u00fa zl\u00e9 klimatick\u00e9 podmienky.\u00a0 Hrad nem\u00f4\u017ee by\u0165 zariaden\u00fd [&hellip;]\" \/>\n<meta property=\"og:url\" content=\"https:\/\/pmza.sk\/?p=37211\" \/>\n<meta property=\"og:site_name\" content=\"Pova\u017esk\u00e9 m\u00fazeum\" \/>\n<meta property=\"article:publisher\" content=\"https:\/\/www.facebook.com\/povazskemuzeum\" \/>\n<meta property=\"article:published_time\" content=\"2019-11-13T06:44:41+00:00\" \/>\n<meta property=\"og:image\" content=\"https:\/\/pmza.sk\/wp-content\/uploads\/2019\/11\/hrad-Strecno-7.jpg\" \/>\n\t<meta property=\"og:image:width\" content=\"1024\" \/>\n\t<meta property=\"og:image:height\" content=\"683\" \/>\n\t<meta property=\"og:image:type\" content=\"image\/jpeg\" \/>\n<meta name=\"author\" content=\"Pova\u017esk\u00e9 m\u00fazeum\" \/>\n<meta name=\"twitter:card\" content=\"summary_large_image\" \/>\n<meta name=\"twitter:label1\" content=\"Autor\" \/>\n\t<meta name=\"twitter:data1\" content=\"Pova\u017esk\u00e9 m\u00fazeum\" \/>\n\t<meta name=\"twitter:label2\" content=\"Predpokladan\u00fd \u010das \u010d\u00edtania\" \/>\n\t<meta name=\"twitter:data2\" content=\"2 min\u00faty\" \/>\n<script type=\"application\/ld+json\" class=\"yoast-schema-graph\">{\"@context\":\"https:\\\/\\\/schema.org\",\"@graph\":[{\"@type\":\"Article\",\"@id\":\"https:\\\/\\\/pmza.sk\\\/?p=37211#article\",\"isPartOf\":{\"@id\":\"https:\\\/\\\/pmza.sk\\\/?p=37211\"},\"author\":{\"name\":\"Pova\u017esk\u00e9 m\u00fazeum\",\"@id\":\"https:\\\/\\\/pmza.sk\\\/#\\\/schema\\\/person\\\/595e6a2ce731ea94dcd5d7f50a41ae33\"},\"headline\":\"Na hrade Stre\u010dno pl\u00e1nujeme interakt\u00edvnu expoz\u00edciu\",\"datePublished\":\"2019-11-13T06:44:41+00:00\",\"mainEntityOfPage\":{\"@id\":\"https:\\\/\\\/pmza.sk\\\/?p=37211\"},\"wordCount\":345,\"publisher\":{\"@id\":\"https:\\\/\\\/pmza.sk\\\/#organization\"},\"image\":{\"@id\":\"https:\\\/\\\/pmza.sk\\\/?p=37211#primaryimage\"},\"thumbnailUrl\":\"https:\\\/\\\/pmza.sk\\\/wp-content\\\/uploads\\\/2019\\\/11\\\/hrad-Strecno-7.jpg\",\"articleSection\":[\"Aktuality\"],\"inLanguage\":\"sk-SK\"},{\"@type\":\"WebPage\",\"@id\":\"https:\\\/\\\/pmza.sk\\\/?p=37211\",\"url\":\"https:\\\/\\\/pmza.sk\\\/?p=37211\",\"name\":\"Na hrade Stre\u010dno pl\u00e1nujeme interakt\u00edvnu expoz\u00edciu - Pova\u017esk\u00e9 m\u00fazeum\",\"isPartOf\":{\"@id\":\"https:\\\/\\\/pmza.sk\\\/#website\"},\"primaryImageOfPage\":{\"@id\":\"https:\\\/\\\/pmza.sk\\\/?p=37211#primaryimage\"},\"image\":{\"@id\":\"https:\\\/\\\/pmza.sk\\\/?p=37211#primaryimage\"},\"thumbnailUrl\":\"https:\\\/\\\/pmza.sk\\\/wp-content\\\/uploads\\\/2019\\\/11\\\/hrad-Strecno-7.jpg\",\"datePublished\":\"2019-11-13T06:44:41+00:00\",\"breadcrumb\":{\"@id\":\"https:\\\/\\\/pmza.sk\\\/?p=37211#breadcrumb\"},\"inLanguage\":\"sk-SK\",\"potentialAction\":[{\"@type\":\"ReadAction\",\"target\":[\"https:\\\/\\\/pmza.sk\\\/?p=37211\"]}]},{\"@type\":\"ImageObject\",\"inLanguage\":\"sk-SK\",\"@id\":\"https:\\\/\\\/pmza.sk\\\/?p=37211#primaryimage\",\"url\":\"https:\\\/\\\/pmza.sk\\\/wp-content\\\/uploads\\\/2019\\\/11\\\/hrad-Strecno-7.jpg\",\"contentUrl\":\"https:\\\/\\\/pmza.sk\\\/wp-content\\\/uploads\\\/2019\\\/11\\\/hrad-Strecno-7.jpg\",\"width\":1024,\"height\":683},{\"@type\":\"BreadcrumbList\",\"@id\":\"https:\\\/\\\/pmza.sk\\\/?p=37211#breadcrumb\",\"itemListElement\":[{\"@type\":\"ListItem\",\"position\":1,\"name\":\"Domovsk\u00e1 str\u00e1nka\",\"item\":\"https:\\\/\\\/pmza.sk\\\/\"},{\"@type\":\"ListItem\",\"position\":2,\"name\":\"Na hrade Stre\u010dno pl\u00e1nujeme interakt\u00edvnu expoz\u00edciu\"}]},{\"@type\":\"WebSite\",\"@id\":\"https:\\\/\\\/pmza.sk\\\/#website\",\"url\":\"https:\\\/\\\/pmza.sk\\\/\",\"name\":\"Pova\u017esk\u00e9 m\u00fazeum\",\"description\":\"Pova\u017esk\u00e9 m\u00fazeum v \u017diline je region\u00e1lne m\u00fazeum so s\u00eddlom v Budat\u00edne. Jeho expoz\u00edcie s\u00fa zameran\u00e9 na dejiny slovensk\u00e9ho umenia, kult\u00fary a dopravy.\",\"publisher\":{\"@id\":\"https:\\\/\\\/pmza.sk\\\/#organization\"},\"potentialAction\":[{\"@type\":\"SearchAction\",\"target\":{\"@type\":\"EntryPoint\",\"urlTemplate\":\"https:\\\/\\\/pmza.sk\\\/?s={search_term_string}\"},\"query-input\":{\"@type\":\"PropertyValueSpecification\",\"valueRequired\":true,\"valueName\":\"search_term_string\"}}],\"inLanguage\":\"sk-SK\"},{\"@type\":\"Organization\",\"@id\":\"https:\\\/\\\/pmza.sk\\\/#organization\",\"name\":\"Pova\u017esk\u00e9 m\u00fazeum\",\"url\":\"https:\\\/\\\/pmza.sk\\\/\",\"logo\":{\"@type\":\"ImageObject\",\"inLanguage\":\"sk-SK\",\"@id\":\"https:\\\/\\\/pmza.sk\\\/#\\\/schema\\\/logo\\\/image\\\/\",\"url\":\"https:\\\/\\\/pmza.sk\\\/wp-content\\\/uploads\\\/2022\\\/01\\\/logo_PM_horizontal.jpg\",\"contentUrl\":\"https:\\\/\\\/pmza.sk\\\/wp-content\\\/uploads\\\/2022\\\/01\\\/logo_PM_horizontal.jpg\",\"width\":231,\"height\":142,\"caption\":\"Pova\u017esk\u00e9 m\u00fazeum\"},\"image\":{\"@id\":\"https:\\\/\\\/pmza.sk\\\/#\\\/schema\\\/logo\\\/image\\\/\"},\"sameAs\":[\"https:\\\/\\\/www.facebook.com\\\/povazskemuzeum\",\"https:\\\/\\\/www.instagram.com\\\/povazskemuzeum\\\/\"]},{\"@type\":\"Person\",\"@id\":\"https:\\\/\\\/pmza.sk\\\/#\\\/schema\\\/person\\\/595e6a2ce731ea94dcd5d7f50a41ae33\",\"name\":\"Pova\u017esk\u00e9 m\u00fazeum\",\"image\":{\"@type\":\"ImageObject\",\"inLanguage\":\"sk-SK\",\"@id\":\"https:\\\/\\\/secure.gravatar.com\\\/avatar\\\/2bb7f1561282132fb5826dfeccc66c7996d11ee392ac6aaf7ced8a1c2027fbb2?s=96&d=mm&r=g\",\"url\":\"https:\\\/\\\/secure.gravatar.com\\\/avatar\\\/2bb7f1561282132fb5826dfeccc66c7996d11ee392ac6aaf7ced8a1c2027fbb2?s=96&d=mm&r=g\",\"contentUrl\":\"https:\\\/\\\/secure.gravatar.com\\\/avatar\\\/2bb7f1561282132fb5826dfeccc66c7996d11ee392ac6aaf7ced8a1c2027fbb2?s=96&d=mm&r=g\",\"caption\":\"Pova\u017esk\u00e9 m\u00fazeum\"}}]}<\/script>\n<!-- \/ Yoast SEO plugin. -->","yoast_head_json":{"title":"Na hrade Stre\u010dno pl\u00e1nujeme interakt\u00edvnu expoz\u00edciu - Pova\u017esk\u00e9 m\u00fazeum","robots":{"index":"index","follow":"follow","max-snippet":"max-snippet:-1","max-image-preview":"max-image-preview:large","max-video-preview":"max-video-preview:-1"},"canonical":"https:\/\/pmza.sk\/?p=37211","og_locale":"sk_SK","og_type":"article","og_title":"Na hrade Stre\u010dno pl\u00e1nujeme interakt\u00edvnu expoz\u00edciu - Pova\u017esk\u00e9 m\u00fazeum","og_description":"Pova\u017esk\u00e9 m\u00fazeum v\u00a0\u017diline pl\u00e1nuje v\u00a0bud\u00facnosti na hrade Stre\u010dno interakt\u00edvnu expoz\u00edciu. Autorkami ideov\u00e9ho n\u00e1vrhu s\u00fa histori\u010dka Mgr. Martina Bern\u00e1tov\u00e1 a\u00a0archeologi\u010dka Mgr. Andrea Slan\u00e1, PhD. Ich cie\u013eom je vytvori\u0165 expoz\u00edciu, ktor\u00e1 by v\u00fdrazov\u00fdmi prostriedkami, dynamikou a\u00a0vyv\u00e1\u017eenos\u0165ou vnemov zodpovedala n\u00e1v\u0161tevn\u00edkom 21. storo\u010dia. \u00a0\u00a0\u201eDlhodob\u00fa snahu m\u00fazea vytvori\u0165 na hrade zauj\u00edmav\u00fa expoz\u00edciu komplikuj\u00fa zl\u00e9 klimatick\u00e9 podmienky.\u00a0 Hrad nem\u00f4\u017ee by\u0165 zariaden\u00fd [&hellip;]","og_url":"https:\/\/pmza.sk\/?p=37211","og_site_name":"Pova\u017esk\u00e9 m\u00fazeum","article_publisher":"https:\/\/www.facebook.com\/povazskemuzeum","article_published_time":"2019-11-13T06:44:41+00:00","og_image":[{"width":1024,"height":683,"url":"https:\/\/pmza.sk\/wp-content\/uploads\/2019\/11\/hrad-Strecno-7.jpg","type":"image\/jpeg"}],"author":"Pova\u017esk\u00e9 m\u00fazeum","twitter_card":"summary_large_image","twitter_misc":{"Autor":"Pova\u017esk\u00e9 m\u00fazeum","Predpokladan\u00fd \u010das \u010d\u00edtania":"2 min\u00faty"},"schema":{"@context":"https:\/\/schema.org","@graph":[{"@type":"Article","@id":"https:\/\/pmza.sk\/?p=37211#article","isPartOf":{"@id":"https:\/\/pmza.sk\/?p=37211"},"author":{"name":"Pova\u017esk\u00e9 m\u00fazeum","@id":"https:\/\/pmza.sk\/#\/schema\/person\/595e6a2ce731ea94dcd5d7f50a41ae33"},"headline":"Na hrade Stre\u010dno pl\u00e1nujeme interakt\u00edvnu expoz\u00edciu","datePublished":"2019-11-13T06:44:41+00:00","mainEntityOfPage":{"@id":"https:\/\/pmza.sk\/?p=37211"},"wordCount":345,"publisher":{"@id":"https:\/\/pmza.sk\/#organization"},"image":{"@id":"https:\/\/pmza.sk\/?p=37211#primaryimage"},"thumbnailUrl":"https:\/\/pmza.sk\/wp-content\/uploads\/2019\/11\/hrad-Strecno-7.jpg","articleSection":["Aktuality"],"inLanguage":"sk-SK"},{"@type":"WebPage","@id":"https:\/\/pmza.sk\/?p=37211","url":"https:\/\/pmza.sk\/?p=37211","name":"Na hrade Stre\u010dno pl\u00e1nujeme interakt\u00edvnu expoz\u00edciu - Pova\u017esk\u00e9 m\u00fazeum","isPartOf":{"@id":"https:\/\/pmza.sk\/#website"},"primaryImageOfPage":{"@id":"https:\/\/pmza.sk\/?p=37211#primaryimage"},"image":{"@id":"https:\/\/pmza.sk\/?p=37211#primaryimage"},"thumbnailUrl":"https:\/\/pmza.sk\/wp-content\/uploads\/2019\/11\/hrad-Strecno-7.jpg","datePublished":"2019-11-13T06:44:41+00:00","breadcrumb":{"@id":"https:\/\/pmza.sk\/?p=37211#breadcrumb"},"inLanguage":"sk-SK","potentialAction":[{"@type":"ReadAction","target":["https:\/\/pmza.sk\/?p=37211"]}]},{"@type":"ImageObject","inLanguage":"sk-SK","@id":"https:\/\/pmza.sk\/?p=37211#primaryimage","url":"https:\/\/pmza.sk\/wp-content\/uploads\/2019\/11\/hrad-Strecno-7.jpg","contentUrl":"https:\/\/pmza.sk\/wp-content\/uploads\/2019\/11\/hrad-Strecno-7.jpg","width":1024,"height":683},{"@type":"BreadcrumbList","@id":"https:\/\/pmza.sk\/?p=37211#breadcrumb","itemListElement":[{"@type":"ListItem","position":1,"name":"Domovsk\u00e1 str\u00e1nka","item":"https:\/\/pmza.sk\/"},{"@type":"ListItem","position":2,"name":"Na hrade Stre\u010dno pl\u00e1nujeme interakt\u00edvnu expoz\u00edciu"}]},{"@type":"WebSite","@id":"https:\/\/pmza.sk\/#website","url":"https:\/\/pmza.sk\/","name":"Pova\u017esk\u00e9 m\u00fazeum","description":"Pova\u017esk\u00e9 m\u00fazeum v \u017diline je region\u00e1lne m\u00fazeum so s\u00eddlom v Budat\u00edne. Jeho expoz\u00edcie s\u00fa zameran\u00e9 na dejiny slovensk\u00e9ho umenia, kult\u00fary a dopravy.","publisher":{"@id":"https:\/\/pmza.sk\/#organization"},"potentialAction":[{"@type":"SearchAction","target":{"@type":"EntryPoint","urlTemplate":"https:\/\/pmza.sk\/?s={search_term_string}"},"query-input":{"@type":"PropertyValueSpecification","valueRequired":true,"valueName":"search_term_string"}}],"inLanguage":"sk-SK"},{"@type":"Organization","@id":"https:\/\/pmza.sk\/#organization","name":"Pova\u017esk\u00e9 m\u00fazeum","url":"https:\/\/pmza.sk\/","logo":{"@type":"ImageObject","inLanguage":"sk-SK","@id":"https:\/\/pmza.sk\/#\/schema\/logo\/image\/","url":"https:\/\/pmza.sk\/wp-content\/uploads\/2022\/01\/logo_PM_horizontal.jpg","contentUrl":"https:\/\/pmza.sk\/wp-content\/uploads\/2022\/01\/logo_PM_horizontal.jpg","width":231,"height":142,"caption":"Pova\u017esk\u00e9 m\u00fazeum"},"image":{"@id":"https:\/\/pmza.sk\/#\/schema\/logo\/image\/"},"sameAs":["https:\/\/www.facebook.com\/povazskemuzeum","https:\/\/www.instagram.com\/povazskemuzeum\/"]},{"@type":"Person","@id":"https:\/\/pmza.sk\/#\/schema\/person\/595e6a2ce731ea94dcd5d7f50a41ae33","name":"Pova\u017esk\u00e9 m\u00fazeum","image":{"@type":"ImageObject","inLanguage":"sk-SK","@id":"https:\/\/secure.gravatar.com\/avatar\/2bb7f1561282132fb5826dfeccc66c7996d11ee392ac6aaf7ced8a1c2027fbb2?s=96&d=mm&r=g","url":"https:\/\/secure.gravatar.com\/avatar\/2bb7f1561282132fb5826dfeccc66c7996d11ee392ac6aaf7ced8a1c2027fbb2?s=96&d=mm&r=g","contentUrl":"https:\/\/secure.gravatar.com\/avatar\/2bb7f1561282132fb5826dfeccc66c7996d11ee392ac6aaf7ced8a1c2027fbb2?s=96&d=mm&r=g","caption":"Pova\u017esk\u00e9 m\u00fazeum"}}]}},"_links":{"self":[{"href":"https:\/\/pmza.sk\/index.php?rest_route=\/wp\/v2\/posts\/37211","targetHints":{"allow":["GET"]}}],"collection":[{"href":"https:\/\/pmza.sk\/index.php?rest_route=\/wp\/v2\/posts"}],"about":[{"href":"https:\/\/pmza.sk\/index.php?rest_route=\/wp\/v2\/types\/post"}],"author":[{"embeddable":true,"href":"https:\/\/pmza.sk\/index.php?rest_route=\/wp\/v2\/users\/2"}],"replies":[{"embeddable":true,"href":"https:\/\/pmza.sk\/index.php?rest_route=%2Fwp%2Fv2%2Fcomments&post=37211"}],"version-history":[{"count":0,"href":"https:\/\/pmza.sk\/index.php?rest_route=\/wp\/v2\/posts\/37211\/revisions"}],"wp:featuredmedia":[{"embeddable":true,"href":"https:\/\/pmza.sk\/index.php?rest_route=\/wp\/v2\/media\/37212"}],"wp:attachment":[{"href":"https:\/\/pmza.sk\/index.php?rest_route=%2Fwp%2Fv2%2Fmedia&parent=37211"}],"wp:term":[{"taxonomy":"category","embeddable":true,"href":"https:\/\/pmza.sk\/index.php?rest_route=%2Fwp%2Fv2%2Fcategories&post=37211"},{"taxonomy":"post_tag","embeddable":true,"href":"https:\/\/pmza.sk\/index.php?rest_route=%2Fwp%2Fv2%2Ftags&post=37211"}],"curies":[{"name":"wp","href":"https:\/\/api.w.org\/{rel}","templated":true}]}}