{"id":37229,"date":"2019-11-14T12:32:34","date_gmt":"2019-11-14T11:32:34","guid":{"rendered":"https:\/\/pmza.sk\/?p=37229"},"modified":"2019-11-14T12:32:34","modified_gmt":"2019-11-14T11:32:34","slug":"budatinsky-hrad-bude-svietit-na-fialovo","status":"publish","type":"post","link":"https:\/\/pmza.sk\/?p=37229","title":{"rendered":"Budat\u00ednsky hrad bude svieti\u0165 na fialovo"},"content":{"rendered":"<p>Pova\u017esk\u00e9 m\u00fazeum v \u017diline sa zapoj\u00ed do iniciat\u00edvy Fakultnej nemocnice s poliklinikou v \u017diline a v r\u00e1mci Svetov\u00e9ho d\u0148a pred\u010dasne naroden\u00fdch det\u00ed bude od 15. 11. do 18.11 svieti\u0165 Budat\u00ednsky hrad na fialovo.<\/p>\n<p><em>Tla\u010dov\u00e1 spr\u00e1va FNsP<\/em><\/p>\n<p>V nede\u013eu 17. novembra si pripom\u00edname Svetov\u00fd de\u0148 pred\u010dasne naroden\u00fdch det\u00ed. Starostlivos\u0165 o\u00a0nedonosen\u00e9 b\u00e1b\u00e4tk\u00e1 patr\u00ed medzi jednu z\u00a0najn\u00e1ro\u010dnej\u0161\u00edch \u00faloh novorodeneck\u00e9ho oddelenia Fakultnej nemocnice s\u00a0poliklinikou v\u00a0\u017diline. Ro\u010dne tu prich\u00e1dzaj\u00fa na svet desiatky pred\u010dasne naroden\u00fdch det\u00ed, ktor\u00e9 vy\u017eaduj\u00fa \u0161pecializovan\u00fa intenz\u00edvnu a\u00a0dlhodob\u00fa starostlivos\u0165. Od za\u010diatku roka 2019 sa v\u00a0\u017diline narodilo u\u017e 91 pred\u010dasniatok. Najmen\u0161ie tohtoro\u010dn\u00e9 b\u00e1b\u00e4tko v\u00e1\u017eilo len 950 gramov.<\/p>\n<p>\u201e\u0160tandardn\u00e9\u201c tehotenstvo trv\u00e1 40 t\u00fd\u017ed\u0148ov, pred\u010dasne naroden\u00e9 deti sa v\u0161ak dostan\u00fa na svet o\u00a0nie\u010do sk\u00f4r \u2013 s\u00fa to novorodeniatka naroden\u00e9 e\u0161te pred 37. t\u00fd\u017ed\u0148om tehotnosti. Vo Fakultnej nemocnici v\u00a0\u017diline sa o\u00a0krehk\u00e9 b\u00e1b\u00e4tk\u00e1 star\u00e1 t\u00edm odborn\u00edkov na Jednotke intenz\u00edvnej a\u00a0resuscita\u010dnej starostlivosti. \u201ePred\u010dasn\u00fd p\u00f4rod prin\u00e1\u0161a so sebou ur\u010dit\u00fd strach a\u00a0neistotu celej rodiny, \u017eiadna maminka net\u00fa\u017ei vidie\u0165 svoje die\u0165a v\u00a0inkub\u00e1tore, no pr\u00e1ve pred\u010dasniatka bojuj\u00fa s\u00a0viacer\u00fdmi zdravotn\u00fdmi \u0165a\u017ekos\u0165ami omnoho viac ako donosen\u00e9 b\u00e1b\u00e4tk\u00e1. Naj\u010dastej\u0161ie ide o\u00a0probl\u00e9my s d\u00fdchan\u00edm, tr\u00e1ven\u00edm \u010di r\u00f4znymi infekciami. V\u010faka modernej medic\u00edne a\u00a0starostlivosti v\u0161ak dok\u00e1\u017eeme skoro v\u0161etky tieto deti\u010dky zachr\u00e1ni\u0165 a\u00a0ako to my hovor\u00edme \u201evypipla\u0165\u201c,\u201c uviedla prim\u00e1rka novorodeneck\u00e9ho oddelenia \u017eilinskej nemocnice Katar\u00edna Jackuliakov\u00e1 s\u00a0t\u00fdm, \u017ee \u017eilinsk\u00e1 neonatol\u00f3gia v\u00a0spolupr\u00e1ci s\u00a0oddelen\u00edm gynekol\u00f3gie a\u00a0p\u00f4rodn\u00edctva priv\u00e1dza na svet deti u\u017e od 28. t\u00fd\u017ed\u0148a tehotnosti.Rekordmankou \u017eilinskej nemocnice bola mal\u00e1 bojovn\u00ed\u010dka, ktor\u00e1 sa\u00a0 v\u00a0roku 1998 narodila s\u00a0v\u00e1hou 650 gramov. Vlani nav\u0161t\u00edvila nemocnicu aj dnes u\u017e\u00a021-ro\u010dn\u00e1 vysoko\u0161kol\u00e1\u010dka Nat\u00e1lka, ktor\u00e1 pri\u0161la na svet v \u017diline u\u017e v\u00a027. t\u00fd\u017edni tehotenstva ako 880-gramov\u00e9 b\u00e1b\u00e4tko.<\/p>\n<p>Pod\u013ea slov uzn\u00e1van\u00e9ho odborn\u00edka, dlhoro\u010dn\u00e9ho prim\u00e1ra novorodeneck\u00e9ho oddelenia v\u00a0\u017diline (v\u00a0rokoch 1986 \u2013 2013) Michala J\u00e1no\u0161a po\u010det pred\u010dasne naroden\u00fdch det\u00ed vzr\u00e1stol v\u00a0priebehu posledn\u00fdch 25 a\u017e 30 rokov takmer stopercentne. \u201eKe\u010f sme za\u010d\u00ednali na jednotke intenz\u00edvnej starostlivosti, \u0161tatisticky to vych\u00e1dzalo na 4,5 a\u017e 5 % z\u00a0celkov\u00e9ho po\u010dtu naroden\u00fdch det\u00ed, v\u00a0s\u00fa\u010dasnosti je to 8 a\u017e 10 %,\u201c pribl\u00ed\u017eil s\u00a0t\u00fdm, \u017ee za n\u00e1rastom mo\u017eno h\u013eada\u0165 i\u00a0\u017eivotn\u00fd \u0161t\u00fdl a\u00a0dobu, v\u00a0ktorej \u017eijeme. \u201eV pr\u00edpade rizika musia maminy dodr\u017eiava\u0165 k\u013eudov\u00fd re\u017eim, v\u00a0nemocnici le\u017ea\u0165 na posteli a\u00a0ni\u010d nerobi\u0165. \u010casto si hovoria \u2013 ve\u010f doma budem tie\u017e tak robi\u0165 \u2013 ale doma to nikdy nie je tak\u00e9. \u010eal\u0161ia vec je, \u017ee ve\u013emi \u010dasto maminy rodia alebo otehotnej\u00fa v\u00a0nie \u00faplne optim\u00e1lnom veku. S\u00a0t\u00fdm prich\u00e1dza dos\u0165 ve\u013ea zdravotn\u00fdch komplik\u00e1ci\u00ed. Preto by som len vyz\u00fdval \u017eeny, aby a\u017e tak ve\u013emi nev\u00e1hali s\u00a0otehotnen\u00edm, lebo si tro\u0161ku koleduj\u00fa o\u00a0rozli\u010dn\u00e9 zdravotn\u00e9 probl\u00e9my,\u201c zd\u00f4raznil M. J\u00e1no\u0161, ktor\u00fd svoj profesijn\u00fd \u017eivot zasv\u00e4til pr\u00e1ve pred\u010dasne naroden\u00fdm de\u0165om. Za jeho v\u00fdznamn\u00fa pr\u00e1cu a\u00a0starostlivos\u0165 mu vlani udelilo Ob\u010dianske zdru\u017eenie Mal\u00ed\u010dek pr\u00e1ve pri pr\u00edle\u017eitosti Svetov\u00e9ho d\u0148a pred\u010dasne naroden\u00fdch det\u00ed vz\u00e1cnu cenu \u2013 Purpurov\u00e9 srdce, ktor\u00e9 z\u00edskal na n\u00e1vrh novorodeneckej sekcie Slovenskej pediatrickej spolo\u010dnosti.<\/p>\n<p>Na podporu a\u00a0spolupatri\u010dnos\u0165 rodin\u00e1m s\u00a0pred\u010dasne naroden\u00fdmi de\u0165mi sa z\u00e1rove\u0148 po\u010das troch noc\u00ed od piatka<strong> 15. novembra <\/strong>do pondelka r\u00e1na<strong> 18. novembra rozsvieti na fialovo Budat\u00ednsky hrad <\/strong>v\u00a0spr\u00e1ve Pova\u017esk\u00e9ho m\u00fazea v\u00a0\u017diline. \u201ePri n\u00e1vrhu o spolupr\u00e1cu sme nev\u00e1hali a rozhodli sme sa do tohto projektu zapoji\u0165. Sme ve\u013emi radi, \u017ee tak m\u00f4\u017eeme prispie\u0165 k upozorneniu na Svetov\u00fd de\u0148 pred\u010dasne naroden\u00fdch det\u00ed,\u201c doplnil riadite\u013e Pova\u017esk\u00e9ho m\u00fazea v \u017diline Michal Jureck\u00fd.<\/p>\n<p>V\u00a0nede\u013eu 17. 11. 2019 odsl\u00fa\u017ei tie\u017e nemocni\u010dn\u00fd kapl\u00e1n Ivan \u0160p\u00e1nik sv\u00e4t\u00fa om\u0161u za pred\u010dasne naroden\u00e9 deti, ich rodiny a\u00a0zdravotn\u00edkov, ktor\u00ed sa o\u00a0tieto novorodeniatka staraj\u00fa. Om\u0161a sa uskuto\u010dn\u00ed o\u00a018.15 h v\u00a0nemocni\u010dnej kaplnke na pr\u00edzem\u00ed pavil\u00f3nu K (prechodov\u00e1 chodba v\u00a0smere z\u00a0polikliniky na intern\u00e9 oddelenie).<\/p>\n<p><img fetchpriority=\"high\" decoding=\"async\" class=\" wp-image-37243 alignleft\" src=\"https:\/\/pmza.sk\/wp-content\/uploads\/2019\/11\/FNsP-ZA_babatko-zmensene-540x360.jpg\" alt=\"\" width=\"465\" height=\"310\" srcset=\"https:\/\/pmza.sk\/wp-content\/uploads\/2019\/11\/FNsP-ZA_babatko-zmensene-540x360.jpg 540w, https:\/\/pmza.sk\/wp-content\/uploads\/2019\/11\/FNsP-ZA_babatko-zmensene-768x512.jpg 768w, https:\/\/pmza.sk\/wp-content\/uploads\/2019\/11\/FNsP-ZA_babatko-zmensene-600x400.jpg 600w, https:\/\/pmza.sk\/wp-content\/uploads\/2019\/11\/FNsP-ZA_babatko-zmensene.jpg 1024w\" sizes=\"(max-width: 465px) 100vw, 465px\" \/><\/p>\n<p>&nbsp;<\/p>\n<p>&nbsp;<\/p>\n","protected":false},"excerpt":{"rendered":"<p>Pova\u017esk\u00e9 m\u00fazeum v \u017diline sa zapoj\u00ed do iniciat\u00edvy Fakultnej nemocnice s poliklinikou v \u017diline a v r\u00e1mci Svetov\u00e9ho d\u0148a pred\u010dasne naroden\u00fdch det\u00ed bude od 15. 11. do 18.11 svieti\u0165 Budat\u00ednsky hrad na fialovo. Tla\u010dov\u00e1 spr\u00e1va FNsP V nede\u013eu 17. novembra si pripom\u00edname Svetov\u00fd de\u0148 pred\u010dasne naroden\u00fdch det\u00ed. Starostlivos\u0165 o\u00a0nedonosen\u00e9 b\u00e1b\u00e4tk\u00e1 patr\u00ed medzi jednu z\u00a0najn\u00e1ro\u010dnej\u0161\u00edch \u00faloh [&hellip;]<\/p>\n","protected":false},"author":2,"featured_media":37230,"comment_status":"closed","ping_status":"closed","sticky":false,"template":"","format":"standard","meta":{"site-sidebar-layout":"default","site-content-layout":"","ast-site-content-layout":"","site-content-style":"default","site-sidebar-style":"default","ast-global-header-display":"","ast-banner-title-visibility":"","ast-main-header-display":"","ast-hfb-above-header-display":"","ast-hfb-below-header-display":"","ast-hfb-mobile-header-display":"","site-post-title":"","ast-breadcrumbs-content":"","ast-featured-img":"","footer-sml-layout":"","theme-transparent-header-meta":"","adv-header-id-meta":"","stick-header-meta":"","header-above-stick-meta":"","header-main-stick-meta":"","header-below-stick-meta":"","astra-migrate-meta-layouts":"default","ast-page-background-enabled":"default","ast-page-background-meta":{"desktop":{"background-color":"var(--ast-global-color-4)","background-image":"","background-repeat":"repeat","background-position":"center center","background-size":"auto","background-attachment":"scroll","background-type":"","background-media":"","overlay-type":"","overlay-color":"","overlay-opacity":"","overlay-gradient":""},"tablet":{"background-color":"","background-image":"","background-repeat":"repeat","background-position":"center center","background-size":"auto","background-attachment":"scroll","background-type":"","background-media":"","overlay-type":"","overlay-color":"","overlay-opacity":"","overlay-gradient":""},"mobile":{"background-color":"","background-image":"","background-repeat":"repeat","background-position":"center center","background-size":"auto","background-attachment":"scroll","background-type":"","background-media":"","overlay-type":"","overlay-color":"","overlay-opacity":"","overlay-gradient":""}},"ast-content-background-meta":{"desktop":{"background-color":"var(--ast-global-color-5)","background-image":"","background-repeat":"repeat","background-position":"center center","background-size":"auto","background-attachment":"scroll","background-type":"","background-media":"","overlay-type":"","overlay-color":"","overlay-opacity":"","overlay-gradient":""},"tablet":{"background-color":"var(--ast-global-color-5)","background-image":"","background-repeat":"repeat","background-position":"center center","background-size":"auto","background-attachment":"scroll","background-type":"","background-media":"","overlay-type":"","overlay-color":"","overlay-opacity":"","overlay-gradient":""},"mobile":{"background-color":"var(--ast-global-color-5)","background-image":"","background-repeat":"repeat","background-position":"center center","background-size":"auto","background-attachment":"scroll","background-type":"","background-media":"","overlay-type":"","overlay-color":"","overlay-opacity":"","overlay-gradient":""}},"footnotes":""},"categories":[31],"tags":[],"class_list":["post-37229","post","type-post","status-publish","format-standard","has-post-thumbnail","hentry","category-aktuality"],"yoast_head":"<!-- This site is optimized with the Yoast SEO plugin v27.4 - https:\/\/yoast.com\/product\/yoast-seo-wordpress\/ -->\n<title>Budat\u00ednsky hrad bude svieti\u0165 na fialovo - Pova\u017esk\u00e9 m\u00fazeum<\/title>\n<meta name=\"robots\" content=\"index, follow, max-snippet:-1, max-image-preview:large, max-video-preview:-1\" \/>\n<link rel=\"canonical\" href=\"https:\/\/pmza.sk\/?p=37229\" \/>\n<meta property=\"og:locale\" content=\"sk_SK\" \/>\n<meta property=\"og:type\" content=\"article\" \/>\n<meta property=\"og:title\" content=\"Budat\u00ednsky hrad bude svieti\u0165 na fialovo - Pova\u017esk\u00e9 m\u00fazeum\" \/>\n<meta property=\"og:description\" content=\"Pova\u017esk\u00e9 m\u00fazeum v \u017diline sa zapoj\u00ed do iniciat\u00edvy Fakultnej nemocnice s poliklinikou v \u017diline a v r\u00e1mci Svetov\u00e9ho d\u0148a pred\u010dasne naroden\u00fdch det\u00ed bude od 15. 11. do 18.11 svieti\u0165 Budat\u00ednsky hrad na fialovo. Tla\u010dov\u00e1 spr\u00e1va FNsP V nede\u013eu 17. novembra si pripom\u00edname Svetov\u00fd de\u0148 pred\u010dasne naroden\u00fdch det\u00ed. Starostlivos\u0165 o\u00a0nedonosen\u00e9 b\u00e1b\u00e4tk\u00e1 patr\u00ed medzi jednu z\u00a0najn\u00e1ro\u010dnej\u0161\u00edch \u00faloh [&hellip;]\" \/>\n<meta property=\"og:url\" content=\"https:\/\/pmza.sk\/?p=37229\" \/>\n<meta property=\"og:site_name\" content=\"Pova\u017esk\u00e9 m\u00fazeum\" \/>\n<meta property=\"article:publisher\" content=\"https:\/\/www.facebook.com\/povazskemuzeum\" \/>\n<meta property=\"article:published_time\" content=\"2019-11-14T11:32:34+00:00\" \/>\n<meta property=\"og:image\" content=\"https:\/\/pmza.sk\/wp-content\/uploads\/2019\/11\/IMG_0694.jpg\" \/>\n\t<meta property=\"og:image:width\" content=\"683\" \/>\n\t<meta property=\"og:image:height\" content=\"1024\" \/>\n\t<meta property=\"og:image:type\" content=\"image\/jpeg\" \/>\n<meta name=\"author\" content=\"Pova\u017esk\u00e9 m\u00fazeum\" \/>\n<meta name=\"twitter:card\" content=\"summary_large_image\" \/>\n<meta name=\"twitter:label1\" content=\"Autor\" \/>\n\t<meta name=\"twitter:data1\" content=\"Pova\u017esk\u00e9 m\u00fazeum\" \/>\n\t<meta name=\"twitter:label2\" content=\"Predpokladan\u00fd \u010das \u010d\u00edtania\" \/>\n\t<meta name=\"twitter:data2\" content=\"4 min\u00faty\" \/>\n<script type=\"application\/ld+json\" class=\"yoast-schema-graph\">{\"@context\":\"https:\\\/\\\/schema.org\",\"@graph\":[{\"@type\":\"Article\",\"@id\":\"https:\\\/\\\/pmza.sk\\\/?p=37229#article\",\"isPartOf\":{\"@id\":\"https:\\\/\\\/pmza.sk\\\/?p=37229\"},\"author\":{\"name\":\"Pova\u017esk\u00e9 m\u00fazeum\",\"@id\":\"https:\\\/\\\/pmza.sk\\\/#\\\/schema\\\/person\\\/595e6a2ce731ea94dcd5d7f50a41ae33\"},\"headline\":\"Budat\u00ednsky hrad bude svieti\u0165 na fialovo\",\"datePublished\":\"2019-11-14T11:32:34+00:00\",\"mainEntityOfPage\":{\"@id\":\"https:\\\/\\\/pmza.sk\\\/?p=37229\"},\"wordCount\":777,\"publisher\":{\"@id\":\"https:\\\/\\\/pmza.sk\\\/#organization\"},\"image\":{\"@id\":\"https:\\\/\\\/pmza.sk\\\/?p=37229#primaryimage\"},\"thumbnailUrl\":\"https:\\\/\\\/pmza.sk\\\/wp-content\\\/uploads\\\/2019\\\/11\\\/IMG_0694.jpg\",\"articleSection\":[\"Aktuality\"],\"inLanguage\":\"sk-SK\"},{\"@type\":\"WebPage\",\"@id\":\"https:\\\/\\\/pmza.sk\\\/?p=37229\",\"url\":\"https:\\\/\\\/pmza.sk\\\/?p=37229\",\"name\":\"Budat\u00ednsky hrad bude svieti\u0165 na fialovo - Pova\u017esk\u00e9 m\u00fazeum\",\"isPartOf\":{\"@id\":\"https:\\\/\\\/pmza.sk\\\/#website\"},\"primaryImageOfPage\":{\"@id\":\"https:\\\/\\\/pmza.sk\\\/?p=37229#primaryimage\"},\"image\":{\"@id\":\"https:\\\/\\\/pmza.sk\\\/?p=37229#primaryimage\"},\"thumbnailUrl\":\"https:\\\/\\\/pmza.sk\\\/wp-content\\\/uploads\\\/2019\\\/11\\\/IMG_0694.jpg\",\"datePublished\":\"2019-11-14T11:32:34+00:00\",\"breadcrumb\":{\"@id\":\"https:\\\/\\\/pmza.sk\\\/?p=37229#breadcrumb\"},\"inLanguage\":\"sk-SK\",\"potentialAction\":[{\"@type\":\"ReadAction\",\"target\":[\"https:\\\/\\\/pmza.sk\\\/?p=37229\"]}]},{\"@type\":\"ImageObject\",\"inLanguage\":\"sk-SK\",\"@id\":\"https:\\\/\\\/pmza.sk\\\/?p=37229#primaryimage\",\"url\":\"https:\\\/\\\/pmza.sk\\\/wp-content\\\/uploads\\\/2019\\\/11\\\/IMG_0694.jpg\",\"contentUrl\":\"https:\\\/\\\/pmza.sk\\\/wp-content\\\/uploads\\\/2019\\\/11\\\/IMG_0694.jpg\",\"width\":683,\"height\":1024},{\"@type\":\"BreadcrumbList\",\"@id\":\"https:\\\/\\\/pmza.sk\\\/?p=37229#breadcrumb\",\"itemListElement\":[{\"@type\":\"ListItem\",\"position\":1,\"name\":\"Domovsk\u00e1 str\u00e1nka\",\"item\":\"https:\\\/\\\/pmza.sk\\\/\"},{\"@type\":\"ListItem\",\"position\":2,\"name\":\"Budat\u00ednsky hrad bude svieti\u0165 na fialovo\"}]},{\"@type\":\"WebSite\",\"@id\":\"https:\\\/\\\/pmza.sk\\\/#website\",\"url\":\"https:\\\/\\\/pmza.sk\\\/\",\"name\":\"Pova\u017esk\u00e9 m\u00fazeum\",\"description\":\"Pova\u017esk\u00e9 m\u00fazeum v \u017diline je region\u00e1lne m\u00fazeum so s\u00eddlom v Budat\u00edne. Jeho expoz\u00edcie s\u00fa zameran\u00e9 na dejiny slovensk\u00e9ho umenia, kult\u00fary a dopravy.\",\"publisher\":{\"@id\":\"https:\\\/\\\/pmza.sk\\\/#organization\"},\"potentialAction\":[{\"@type\":\"SearchAction\",\"target\":{\"@type\":\"EntryPoint\",\"urlTemplate\":\"https:\\\/\\\/pmza.sk\\\/?s={search_term_string}\"},\"query-input\":{\"@type\":\"PropertyValueSpecification\",\"valueRequired\":true,\"valueName\":\"search_term_string\"}}],\"inLanguage\":\"sk-SK\"},{\"@type\":\"Organization\",\"@id\":\"https:\\\/\\\/pmza.sk\\\/#organization\",\"name\":\"Pova\u017esk\u00e9 m\u00fazeum\",\"url\":\"https:\\\/\\\/pmza.sk\\\/\",\"logo\":{\"@type\":\"ImageObject\",\"inLanguage\":\"sk-SK\",\"@id\":\"https:\\\/\\\/pmza.sk\\\/#\\\/schema\\\/logo\\\/image\\\/\",\"url\":\"https:\\\/\\\/pmza.sk\\\/wp-content\\\/uploads\\\/2022\\\/01\\\/logo_PM_horizontal.jpg\",\"contentUrl\":\"https:\\\/\\\/pmza.sk\\\/wp-content\\\/uploads\\\/2022\\\/01\\\/logo_PM_horizontal.jpg\",\"width\":231,\"height\":142,\"caption\":\"Pova\u017esk\u00e9 m\u00fazeum\"},\"image\":{\"@id\":\"https:\\\/\\\/pmza.sk\\\/#\\\/schema\\\/logo\\\/image\\\/\"},\"sameAs\":[\"https:\\\/\\\/www.facebook.com\\\/povazskemuzeum\",\"https:\\\/\\\/www.instagram.com\\\/povazskemuzeum\\\/\"]},{\"@type\":\"Person\",\"@id\":\"https:\\\/\\\/pmza.sk\\\/#\\\/schema\\\/person\\\/595e6a2ce731ea94dcd5d7f50a41ae33\",\"name\":\"Pova\u017esk\u00e9 m\u00fazeum\",\"image\":{\"@type\":\"ImageObject\",\"inLanguage\":\"sk-SK\",\"@id\":\"https:\\\/\\\/secure.gravatar.com\\\/avatar\\\/2bb7f1561282132fb5826dfeccc66c7996d11ee392ac6aaf7ced8a1c2027fbb2?s=96&d=mm&r=g\",\"url\":\"https:\\\/\\\/secure.gravatar.com\\\/avatar\\\/2bb7f1561282132fb5826dfeccc66c7996d11ee392ac6aaf7ced8a1c2027fbb2?s=96&d=mm&r=g\",\"contentUrl\":\"https:\\\/\\\/secure.gravatar.com\\\/avatar\\\/2bb7f1561282132fb5826dfeccc66c7996d11ee392ac6aaf7ced8a1c2027fbb2?s=96&d=mm&r=g\",\"caption\":\"Pova\u017esk\u00e9 m\u00fazeum\"}}]}<\/script>\n<!-- \/ Yoast SEO plugin. -->","yoast_head_json":{"title":"Budat\u00ednsky hrad bude svieti\u0165 na fialovo - Pova\u017esk\u00e9 m\u00fazeum","robots":{"index":"index","follow":"follow","max-snippet":"max-snippet:-1","max-image-preview":"max-image-preview:large","max-video-preview":"max-video-preview:-1"},"canonical":"https:\/\/pmza.sk\/?p=37229","og_locale":"sk_SK","og_type":"article","og_title":"Budat\u00ednsky hrad bude svieti\u0165 na fialovo - Pova\u017esk\u00e9 m\u00fazeum","og_description":"Pova\u017esk\u00e9 m\u00fazeum v \u017diline sa zapoj\u00ed do iniciat\u00edvy Fakultnej nemocnice s poliklinikou v \u017diline a v r\u00e1mci Svetov\u00e9ho d\u0148a pred\u010dasne naroden\u00fdch det\u00ed bude od 15. 11. do 18.11 svieti\u0165 Budat\u00ednsky hrad na fialovo. Tla\u010dov\u00e1 spr\u00e1va FNsP V nede\u013eu 17. novembra si pripom\u00edname Svetov\u00fd de\u0148 pred\u010dasne naroden\u00fdch det\u00ed. Starostlivos\u0165 o\u00a0nedonosen\u00e9 b\u00e1b\u00e4tk\u00e1 patr\u00ed medzi jednu z\u00a0najn\u00e1ro\u010dnej\u0161\u00edch \u00faloh [&hellip;]","og_url":"https:\/\/pmza.sk\/?p=37229","og_site_name":"Pova\u017esk\u00e9 m\u00fazeum","article_publisher":"https:\/\/www.facebook.com\/povazskemuzeum","article_published_time":"2019-11-14T11:32:34+00:00","og_image":[{"width":683,"height":1024,"url":"https:\/\/pmza.sk\/wp-content\/uploads\/2019\/11\/IMG_0694.jpg","type":"image\/jpeg"}],"author":"Pova\u017esk\u00e9 m\u00fazeum","twitter_card":"summary_large_image","twitter_misc":{"Autor":"Pova\u017esk\u00e9 m\u00fazeum","Predpokladan\u00fd \u010das \u010d\u00edtania":"4 min\u00faty"},"schema":{"@context":"https:\/\/schema.org","@graph":[{"@type":"Article","@id":"https:\/\/pmza.sk\/?p=37229#article","isPartOf":{"@id":"https:\/\/pmza.sk\/?p=37229"},"author":{"name":"Pova\u017esk\u00e9 m\u00fazeum","@id":"https:\/\/pmza.sk\/#\/schema\/person\/595e6a2ce731ea94dcd5d7f50a41ae33"},"headline":"Budat\u00ednsky hrad bude svieti\u0165 na fialovo","datePublished":"2019-11-14T11:32:34+00:00","mainEntityOfPage":{"@id":"https:\/\/pmza.sk\/?p=37229"},"wordCount":777,"publisher":{"@id":"https:\/\/pmza.sk\/#organization"},"image":{"@id":"https:\/\/pmza.sk\/?p=37229#primaryimage"},"thumbnailUrl":"https:\/\/pmza.sk\/wp-content\/uploads\/2019\/11\/IMG_0694.jpg","articleSection":["Aktuality"],"inLanguage":"sk-SK"},{"@type":"WebPage","@id":"https:\/\/pmza.sk\/?p=37229","url":"https:\/\/pmza.sk\/?p=37229","name":"Budat\u00ednsky hrad bude svieti\u0165 na fialovo - Pova\u017esk\u00e9 m\u00fazeum","isPartOf":{"@id":"https:\/\/pmza.sk\/#website"},"primaryImageOfPage":{"@id":"https:\/\/pmza.sk\/?p=37229#primaryimage"},"image":{"@id":"https:\/\/pmza.sk\/?p=37229#primaryimage"},"thumbnailUrl":"https:\/\/pmza.sk\/wp-content\/uploads\/2019\/11\/IMG_0694.jpg","datePublished":"2019-11-14T11:32:34+00:00","breadcrumb":{"@id":"https:\/\/pmza.sk\/?p=37229#breadcrumb"},"inLanguage":"sk-SK","potentialAction":[{"@type":"ReadAction","target":["https:\/\/pmza.sk\/?p=37229"]}]},{"@type":"ImageObject","inLanguage":"sk-SK","@id":"https:\/\/pmza.sk\/?p=37229#primaryimage","url":"https:\/\/pmza.sk\/wp-content\/uploads\/2019\/11\/IMG_0694.jpg","contentUrl":"https:\/\/pmza.sk\/wp-content\/uploads\/2019\/11\/IMG_0694.jpg","width":683,"height":1024},{"@type":"BreadcrumbList","@id":"https:\/\/pmza.sk\/?p=37229#breadcrumb","itemListElement":[{"@type":"ListItem","position":1,"name":"Domovsk\u00e1 str\u00e1nka","item":"https:\/\/pmza.sk\/"},{"@type":"ListItem","position":2,"name":"Budat\u00ednsky hrad bude svieti\u0165 na fialovo"}]},{"@type":"WebSite","@id":"https:\/\/pmza.sk\/#website","url":"https:\/\/pmza.sk\/","name":"Pova\u017esk\u00e9 m\u00fazeum","description":"Pova\u017esk\u00e9 m\u00fazeum v \u017diline je region\u00e1lne m\u00fazeum so s\u00eddlom v Budat\u00edne. Jeho expoz\u00edcie s\u00fa zameran\u00e9 na dejiny slovensk\u00e9ho umenia, kult\u00fary a dopravy.","publisher":{"@id":"https:\/\/pmza.sk\/#organization"},"potentialAction":[{"@type":"SearchAction","target":{"@type":"EntryPoint","urlTemplate":"https:\/\/pmza.sk\/?s={search_term_string}"},"query-input":{"@type":"PropertyValueSpecification","valueRequired":true,"valueName":"search_term_string"}}],"inLanguage":"sk-SK"},{"@type":"Organization","@id":"https:\/\/pmza.sk\/#organization","name":"Pova\u017esk\u00e9 m\u00fazeum","url":"https:\/\/pmza.sk\/","logo":{"@type":"ImageObject","inLanguage":"sk-SK","@id":"https:\/\/pmza.sk\/#\/schema\/logo\/image\/","url":"https:\/\/pmza.sk\/wp-content\/uploads\/2022\/01\/logo_PM_horizontal.jpg","contentUrl":"https:\/\/pmza.sk\/wp-content\/uploads\/2022\/01\/logo_PM_horizontal.jpg","width":231,"height":142,"caption":"Pova\u017esk\u00e9 m\u00fazeum"},"image":{"@id":"https:\/\/pmza.sk\/#\/schema\/logo\/image\/"},"sameAs":["https:\/\/www.facebook.com\/povazskemuzeum","https:\/\/www.instagram.com\/povazskemuzeum\/"]},{"@type":"Person","@id":"https:\/\/pmza.sk\/#\/schema\/person\/595e6a2ce731ea94dcd5d7f50a41ae33","name":"Pova\u017esk\u00e9 m\u00fazeum","image":{"@type":"ImageObject","inLanguage":"sk-SK","@id":"https:\/\/secure.gravatar.com\/avatar\/2bb7f1561282132fb5826dfeccc66c7996d11ee392ac6aaf7ced8a1c2027fbb2?s=96&d=mm&r=g","url":"https:\/\/secure.gravatar.com\/avatar\/2bb7f1561282132fb5826dfeccc66c7996d11ee392ac6aaf7ced8a1c2027fbb2?s=96&d=mm&r=g","contentUrl":"https:\/\/secure.gravatar.com\/avatar\/2bb7f1561282132fb5826dfeccc66c7996d11ee392ac6aaf7ced8a1c2027fbb2?s=96&d=mm&r=g","caption":"Pova\u017esk\u00e9 m\u00fazeum"}}]}},"_links":{"self":[{"href":"https:\/\/pmza.sk\/index.php?rest_route=\/wp\/v2\/posts\/37229","targetHints":{"allow":["GET"]}}],"collection":[{"href":"https:\/\/pmza.sk\/index.php?rest_route=\/wp\/v2\/posts"}],"about":[{"href":"https:\/\/pmza.sk\/index.php?rest_route=\/wp\/v2\/types\/post"}],"author":[{"embeddable":true,"href":"https:\/\/pmza.sk\/index.php?rest_route=\/wp\/v2\/users\/2"}],"replies":[{"embeddable":true,"href":"https:\/\/pmza.sk\/index.php?rest_route=%2Fwp%2Fv2%2Fcomments&post=37229"}],"version-history":[{"count":0,"href":"https:\/\/pmza.sk\/index.php?rest_route=\/wp\/v2\/posts\/37229\/revisions"}],"wp:featuredmedia":[{"embeddable":true,"href":"https:\/\/pmza.sk\/index.php?rest_route=\/wp\/v2\/media\/37230"}],"wp:attachment":[{"href":"https:\/\/pmza.sk\/index.php?rest_route=%2Fwp%2Fv2%2Fmedia&parent=37229"}],"wp:term":[{"taxonomy":"category","embeddable":true,"href":"https:\/\/pmza.sk\/index.php?rest_route=%2Fwp%2Fv2%2Fcategories&post=37229"},{"taxonomy":"post_tag","embeddable":true,"href":"https:\/\/pmza.sk\/index.php?rest_route=%2Fwp%2Fv2%2Ftags&post=37229"}],"curies":[{"name":"wp","href":"https:\/\/api.w.org\/{rel}","templated":true}]}}