{"id":37297,"date":"2019-11-19T07:42:45","date_gmt":"2019-11-19T06:42:45","guid":{"rendered":"https:\/\/pmza.sk\/?p=37297"},"modified":"2019-11-19T07:42:45","modified_gmt":"2019-11-19T06:42:45","slug":"expozicia-drotarstva-obohatena-o-nove-repliky","status":"publish","type":"post","link":"https:\/\/pmza.sk\/?p=37297","title":{"rendered":"Expoz\u00edcia drot\u00e1rstva obohaten\u00e1 o nov\u00e9 expon\u00e1ty"},"content":{"rendered":"<p>Celkov\u00fd kolorit Budat\u00ednskeho hradu v s\u00fa\u010dasnosti dotv\u00e1ra aj zrekon\u0161truovan\u00e1 hospod\u00e1rska budova, ktor\u00fa odovzdal \u017dilinsk\u00fd samospr\u00e1vny kraj do spr\u00e1vy Pova\u017esk\u00e9ho m\u00fazea v\u00a0\u017diline v\u00a0okt\u00f3bri 2018. Cie\u013eom rekon\u0161trukcie bolo vytvori\u0165 samostatn\u00fd a\u00a0d\u00f4stojn\u00fd priestor pre prezent\u00e1ciu drot\u00e1rskeho remesla, na ktor\u00e9 sa m\u00fazeum \u0161pecializuje od svojho vzniku a\u00a0jeho s\u00fa\u010das\u0165ou bola v\u017edy aj expoz\u00edcia drot\u00e1rstva. Tzv. drot\u00e1rsky pavil\u00f3n sa u\u017e v\u00a0prv\u00fdch mesiacoch stal miestom pre realiz\u00e1ciu kr\u00e1tkodob\u00fdch v\u00fdstav a\u00a0na za\u010diatku j\u00fala 2019 tu m\u00fazeum otvorilo st\u00e1lu drot\u00e1rsku expoz\u00edciu. Vznikla tak prvotn\u00e1 verzia novej prezent\u00e1cie, nie v\u0161ak kone\u010dn\u00e1. S\u00fa\u010dasn\u00e1 expoz\u00edcia bola do pavil\u00f3nu pres\u0165ahovan\u00e1 z\u00a0Budat\u00ednskeho hradu, kde\u00a0 mala svoje miesto nieko\u013eko rokov.\u00a0Dostala v\u0161ak nov\u00fd vzh\u013ead a\u00a0bola\u00a0prisp\u00f4soben\u00e1 netradi\u010dn\u00e9mu priestoru. Z\u00a0d\u00f4vodu finan\u010dnej n\u00e1ro\u010dnosti nebolo mo\u017en\u00e9 zrealizova\u0165 nov\u00fa expoz\u00edciu pod\u013ea p\u00f4vodn\u00fdch pl\u00e1nov a\u00a0m\u00fazeum sa ju rozhodlo budova\u0165 na etapy. V\u00a0s\u00fa\u010dasnosti prebieha snaha da\u0165 jej najm\u00e4 interakt\u00edvnu a\u00a0modern\u00fa podobu, aby podliehala dne\u0161n\u00fdm trendom v\u00a0m\u00fazejn\u00edctve. Expoz\u00edcia by mala by\u0165 \u00faplne dokon\u010den\u00e1 a\u00a0verejnosti spr\u00edstupnen\u00e1 v\u00a0roku 2021. T\u00e1 teraj\u0161ia predstavuje drot\u00e1rstvo po str\u00e1nke historickej,\u00a0umeleckej a\u00a0od okt\u00f3bra tohto roku aj\u00a0etnografickej. V\u010faka projektu, ktor\u00fd z\u00a0verejn\u00fdch zdrojov podporil <em>Fond na podporu umenia <\/em>boli do pavil\u00f3nu zak\u00fapen\u00e9 flexibiln\u00e9 figur\u00edny, zhotoven\u00fd dobov\u00fd odev a\u00a0repliky vz\u00e1cnych expon\u00e1tov\u00a0\u2013 s\u00fa\u010dasti v\u00fdstroja drot\u00e1rov.<\/p>\n<p>Napriek dlhoro\u010dn\u00fdm zberate\u013esk\u00fdm snah\u00e1m pracovn\u00edkov m\u00fazea zbierkov\u00fd fond drot\u00e1rstva neobsahuje p\u00f4vodn\u00fd odev drot\u00e1rov, vych\u00e1dzaj\u00faci z\u00a0tradi\u010dn\u00e9ho vala\u0161sk\u00e9ho kroja, ktor\u00fd zanikol u\u017e koncom 19. storo\u010dia. To bol hlavn\u00fd d\u00f4vod na oslovenie \u013eudovoumeleck\u00fdch v\u00fdrobcov, ktor\u00ed projekt v\u00fdroby zastre\u0161ili. Tradi\u010dn\u00e9 oble\u010denie drot\u00e1rov zhotovil Juraj Jakub\u00edk z\u00a0Hvozdnice pri Byt\u010di. Je zn\u00e1mym propag\u00e1torom folkl\u00f3ru zo \u0161tiavnickej doliny, pr\u00edle\u017eitostne sa venuje rezb\u00e1rstvu a\u00a0v\u00fdrobe pastierskych hudobn\u00fdch n\u00e1strojov. Zbiera \u013eudov\u00e9 piesne, zvyky, kroje a\u00a0sna\u017e\u00ed sa o\u00a0ich rekon\u0161trukciu. \u0160ije krojov\u00e9 s\u00fa\u010dasti s\u00a0pou\u017eit\u00edm tradi\u010dn\u00fdch materi\u00e1lov pri zachovan\u00ed \u010do najv\u00e4\u010d\u0161ej autenticity. Podklady k\u00a0v\u00fdrobe predmetn\u00fdch odevov z\u00edskal najm\u00e4 vlastn\u00fdm v\u00fdskumom, v\u00fdskumom pracovn\u00edkov drot\u00e1rskeho oddelenia a\u00a0na z\u00e1klade dostupn\u00fdch p\u00edsomn\u00fdch a\u00a0obrazov\u00fdch dokladov. V\u00a0priebehu nieko\u013ek\u00fdch mesiacov rekon\u0161trukciou vyrobil kompletn\u00fd chlap\u010densk\u00fd odev (odev drot\u00e1rskeho u\u010d\u0148a d\u017earka) z\u00a0obce Kol\u00e1rovice a\u00a0dva mu\u017esk\u00e9 charakteristick\u00e9 pre \u0160tiavnik a\u00a0Ve\u013ek\u00e9 Rovn\u00e9. V\u0161etky tri lokality patria k\u00a0najv\u00fdznamnej\u0161\u00edm drot\u00e1rskym centr\u00e1m. Jednotliv\u00e9 krojov\u00e9 s\u00fa\u010dasti \u0161il z\u00a0tradi\u010dn\u00fdch materi\u00e1lov, preva\u017ene\u00a0ru\u010dne.<\/p>\n<p>S\u00fa\u010das\u0165ou projektu bola aj v\u00fdroba repl\u00edk vz\u00e1cnych expon\u00e1tov \u2013 ko\u017eenej kapsy na nosenie z\u00e1kladn\u00fdch n\u00e1strojov \u010di dokladov a\u00a0ko\u017een\u00e9ho reme\u0148a s\u00a0n\u00e1bo\u017eensk\u00fdmi symbolmi na hotov\u00e9 v\u00fdrobky. Obidva predmety patrili k\u00a0typick\u00fdm \u010drt\u00e1m drot\u00e1rov. Zhotovil ich rod\u00e1k zo \u017diliny, Tibor Mah\u00fat. Je zn\u00e1mym hudobn\u00edkom, tane\u010dn\u00edkom a\u00a0propag\u00e1torom folkl\u00f3ru z\u00a0terchovskej doliny. V\u00a0minulosti bol choreografom viacer\u00fdch s\u00faborov v\u00a0regi\u00f3ne a\u00a0aj dnes spolupracuje s nieko\u013ek\u00fdmi folkl\u00f3rnymi zoskupeniami. Vyr\u00e1ba krojov\u00e9 doplnky, \u00fa\u017eitkov\u00e9 a\u00a0dekorat\u00edvne predmety z\u00a0ko\u017ee, kovu a\u00a0dreva. Vo svojej tvorbe \u010derp\u00e1 n\u00e1mety najm\u00e4 zo\u00a0\u017eivota \u013eud\u00ed v\u00a0minulosti. Ko\u017een\u00fa kapsu a\u00a0reme\u0148 zhotovil pod\u013ea origin\u00e1lnych predl\u00f4h, poch\u00e1dzaj\u00facich z\u00a02. polovice 19. storo\u010dia, ktor\u00e9 patria medzi najvz\u00e1cnej\u0161ie expon\u00e1ty,\u00a0v\u00a0zbierkovom fonde drot\u00e1rstva zast\u00fapen\u00e9 v\u00a0jedinom exempl\u00e1ri. Hodnovernos\u0165 k\u00f3pi\u00ed dosiahol aj pou\u017eit\u00edm tradi\u010dn\u00fdch techn\u00edk. Ozdobn\u00e9 prvky kapsy aj reme\u0148a vyrobil ich odlievan\u00edm do formy \u010di razen\u00edm. \u00a0N\u00e1ro\u010dn\u00fd plastick\u00fd dek\u00f3r kapsy v\u00a0podobe uhorsk\u00e9ho \u0161t\u00e1tneho znaku zhotovil otla\u010den\u00edm vlastnoru\u010dne vyrezanej drevenej formy pod tlakom do mokrej ko\u017ee.<\/p>\n<p>Figur\u00edny s\u00fa v\u00a0expoz\u00edcii \u0161tylizovan\u00e9 tak, aby n\u00e1v\u0161tevn\u00edkom pribl\u00ed\u017eili jednu zo \u0161pecifick\u00fdch zvykoslovn\u00fdch \u010dinnost\u00ed drot\u00e1rov, najm\u00e4 z\u00a0obce Kol\u00e1rovice, viano\u010dn\u00e9 obch\u00f4dzky s\u00a0betlehemom. Ich in\u0161tal\u00e1ciou verejnos\u0165 z\u00edska ucelen\u00fd obraz o\u00a0charakteristickom a\u00a0nezamenite\u013enom v\u00fdzore drot\u00e1rov. Zhotoven\u00e9 expon\u00e1ty orient\u00e1ciou na samotn\u00e9ho nosite\u013ea remesla vhodne dop\u013a\u0148aj\u00fa, roz\u0161iruj\u00fa a\u00a0najm\u00e4 prehlbuj\u00fa poznatky pribli\u017euj\u00face dejiny remesla.<\/p>\n<p>Katar\u00edna Kendrov\u00e1, Pova\u017esk\u00e9 m\u00fazeum v\u00a0\u017diline<\/p>\n<p><em>Projekt z\u00a0verejn\u00fdch zdrojov podporil Fond na podporu umenia. <\/em><\/p>\n<p><img decoding=\"async\" class=\" wp-image-37298 alignleft\" src=\"https:\/\/pmza.sk\/wp-content\/uploads\/2019\/11\/FPU_logo1_modre-1-480x360.jpg\" alt=\"\" width=\"240\" height=\"180\" \/><\/p>\n<p><em>\u00a0<\/em><\/p>\n<p>&nbsp;<\/p>\n<p>&nbsp;<\/p>\n<p>&nbsp;<\/p>\n<p>&nbsp;<\/p>\n<p><img fetchpriority=\"high\" decoding=\"async\" class=\"size-medium wp-image-37300 alignleft\" src=\"https:\/\/pmza.sk\/wp-content\/uploads\/2019\/11\/IMG_1495-540x360.jpg\" alt=\"\" width=\"540\" height=\"360\" srcset=\"https:\/\/pmza.sk\/wp-content\/uploads\/2019\/11\/IMG_1495-540x360.jpg 540w, https:\/\/pmza.sk\/wp-content\/uploads\/2019\/11\/IMG_1495-768x512.jpg 768w, https:\/\/pmza.sk\/wp-content\/uploads\/2019\/11\/IMG_1495-600x400.jpg 600w, https:\/\/pmza.sk\/wp-content\/uploads\/2019\/11\/IMG_1495.jpg 1024w\" sizes=\"(max-width: 540px) 100vw, 540px\" \/> <img decoding=\"async\" class=\"size-medium wp-image-37301 alignleft\" src=\"https:\/\/pmza.sk\/wp-content\/uploads\/2019\/11\/IMG_1498-540x360.jpg\" alt=\"\" width=\"540\" height=\"360\" srcset=\"https:\/\/pmza.sk\/wp-content\/uploads\/2019\/11\/IMG_1498-540x360.jpg 540w, https:\/\/pmza.sk\/wp-content\/uploads\/2019\/11\/IMG_1498-768x512.jpg 768w, https:\/\/pmza.sk\/wp-content\/uploads\/2019\/11\/IMG_1498-600x400.jpg 600w, https:\/\/pmza.sk\/wp-content\/uploads\/2019\/11\/IMG_1498.jpg 1024w\" sizes=\"(max-width: 540px) 100vw, 540px\" \/><\/p>\n","protected":false},"excerpt":{"rendered":"<p>Celkov\u00fd kolorit Budat\u00ednskeho hradu v s\u00fa\u010dasnosti dotv\u00e1ra aj zrekon\u0161truovan\u00e1 hospod\u00e1rska budova, ktor\u00fa odovzdal \u017dilinsk\u00fd samospr\u00e1vny kraj do spr\u00e1vy Pova\u017esk\u00e9ho m\u00fazea v\u00a0\u017diline v\u00a0okt\u00f3bri 2018. Cie\u013eom rekon\u0161trukcie bolo vytvori\u0165 samostatn\u00fd a\u00a0d\u00f4stojn\u00fd priestor pre prezent\u00e1ciu drot\u00e1rskeho remesla, na ktor\u00e9 sa m\u00fazeum \u0161pecializuje od svojho vzniku a\u00a0jeho s\u00fa\u010das\u0165ou bola v\u017edy aj expoz\u00edcia drot\u00e1rstva. Tzv. drot\u00e1rsky pavil\u00f3n sa u\u017e v\u00a0prv\u00fdch [&hellip;]<\/p>\n","protected":false},"author":2,"featured_media":37299,"comment_status":"closed","ping_status":"closed","sticky":false,"template":"","format":"standard","meta":{"site-sidebar-layout":"default","site-content-layout":"","ast-site-content-layout":"","site-content-style":"default","site-sidebar-style":"default","ast-global-header-display":"","ast-banner-title-visibility":"","ast-main-header-display":"","ast-hfb-above-header-display":"","ast-hfb-below-header-display":"","ast-hfb-mobile-header-display":"","site-post-title":"","ast-breadcrumbs-content":"","ast-featured-img":"","footer-sml-layout":"","theme-transparent-header-meta":"","adv-header-id-meta":"","stick-header-meta":"","header-above-stick-meta":"","header-main-stick-meta":"","header-below-stick-meta":"","astra-migrate-meta-layouts":"default","ast-page-background-enabled":"default","ast-page-background-meta":{"desktop":{"background-color":"var(--ast-global-color-4)","background-image":"","background-repeat":"repeat","background-position":"center center","background-size":"auto","background-attachment":"scroll","background-type":"","background-media":"","overlay-type":"","overlay-color":"","overlay-opacity":"","overlay-gradient":""},"tablet":{"background-color":"","background-image":"","background-repeat":"repeat","background-position":"center center","background-size":"auto","background-attachment":"scroll","background-type":"","background-media":"","overlay-type":"","overlay-color":"","overlay-opacity":"","overlay-gradient":""},"mobile":{"background-color":"","background-image":"","background-repeat":"repeat","background-position":"center center","background-size":"auto","background-attachment":"scroll","background-type":"","background-media":"","overlay-type":"","overlay-color":"","overlay-opacity":"","overlay-gradient":""}},"ast-content-background-meta":{"desktop":{"background-color":"var(--ast-global-color-5)","background-image":"","background-repeat":"repeat","background-position":"center center","background-size":"auto","background-attachment":"scroll","background-type":"","background-media":"","overlay-type":"","overlay-color":"","overlay-opacity":"","overlay-gradient":""},"tablet":{"background-color":"var(--ast-global-color-5)","background-image":"","background-repeat":"repeat","background-position":"center center","background-size":"auto","background-attachment":"scroll","background-type":"","background-media":"","overlay-type":"","overlay-color":"","overlay-opacity":"","overlay-gradient":""},"mobile":{"background-color":"var(--ast-global-color-5)","background-image":"","background-repeat":"repeat","background-position":"center center","background-size":"auto","background-attachment":"scroll","background-type":"","background-media":"","overlay-type":"","overlay-color":"","overlay-opacity":"","overlay-gradient":""}},"footnotes":""},"categories":[31],"tags":[],"class_list":["post-37297","post","type-post","status-publish","format-standard","has-post-thumbnail","hentry","category-aktuality"],"yoast_head":"<!-- This site is optimized with the Yoast SEO plugin v27.4 - https:\/\/yoast.com\/product\/yoast-seo-wordpress\/ -->\n<title>Expoz\u00edcia drot\u00e1rstva obohaten\u00e1 o nov\u00e9 expon\u00e1ty - Pova\u017esk\u00e9 m\u00fazeum<\/title>\n<meta name=\"robots\" content=\"index, follow, max-snippet:-1, max-image-preview:large, max-video-preview:-1\" \/>\n<link rel=\"canonical\" href=\"https:\/\/pmza.sk\/?p=37297\" \/>\n<meta property=\"og:locale\" content=\"sk_SK\" \/>\n<meta property=\"og:type\" content=\"article\" \/>\n<meta property=\"og:title\" content=\"Expoz\u00edcia drot\u00e1rstva obohaten\u00e1 o nov\u00e9 expon\u00e1ty - Pova\u017esk\u00e9 m\u00fazeum\" \/>\n<meta property=\"og:description\" content=\"Celkov\u00fd kolorit Budat\u00ednskeho hradu v s\u00fa\u010dasnosti dotv\u00e1ra aj zrekon\u0161truovan\u00e1 hospod\u00e1rska budova, ktor\u00fa odovzdal \u017dilinsk\u00fd samospr\u00e1vny kraj do spr\u00e1vy Pova\u017esk\u00e9ho m\u00fazea v\u00a0\u017diline v\u00a0okt\u00f3bri 2018. Cie\u013eom rekon\u0161trukcie bolo vytvori\u0165 samostatn\u00fd a\u00a0d\u00f4stojn\u00fd priestor pre prezent\u00e1ciu drot\u00e1rskeho remesla, na ktor\u00e9 sa m\u00fazeum \u0161pecializuje od svojho vzniku a\u00a0jeho s\u00fa\u010das\u0165ou bola v\u017edy aj expoz\u00edcia drot\u00e1rstva. Tzv. drot\u00e1rsky pavil\u00f3n sa u\u017e v\u00a0prv\u00fdch [&hellip;]\" \/>\n<meta property=\"og:url\" content=\"https:\/\/pmza.sk\/?p=37297\" \/>\n<meta property=\"og:site_name\" content=\"Pova\u017esk\u00e9 m\u00fazeum\" \/>\n<meta property=\"article:publisher\" content=\"https:\/\/www.facebook.com\/povazskemuzeum\" \/>\n<meta property=\"article:published_time\" content=\"2019-11-19T06:42:45+00:00\" \/>\n<meta property=\"og:image\" content=\"https:\/\/pmza.sk\/wp-content\/uploads\/2019\/11\/IMG_1490.jpg\" \/>\n\t<meta property=\"og:image:width\" content=\"1024\" \/>\n\t<meta property=\"og:image:height\" content=\"683\" \/>\n\t<meta property=\"og:image:type\" content=\"image\/jpeg\" \/>\n<meta name=\"author\" content=\"Pova\u017esk\u00e9 m\u00fazeum\" \/>\n<meta name=\"twitter:card\" content=\"summary_large_image\" \/>\n<meta name=\"twitter:label1\" content=\"Autor\" \/>\n\t<meta name=\"twitter:data1\" content=\"Pova\u017esk\u00e9 m\u00fazeum\" \/>\n\t<meta name=\"twitter:label2\" content=\"Predpokladan\u00fd \u010das \u010d\u00edtania\" \/>\n\t<meta name=\"twitter:data2\" content=\"4 min\u00faty\" \/>\n<script type=\"application\/ld+json\" class=\"yoast-schema-graph\">{\"@context\":\"https:\\\/\\\/schema.org\",\"@graph\":[{\"@type\":\"Article\",\"@id\":\"https:\\\/\\\/pmza.sk\\\/?p=37297#article\",\"isPartOf\":{\"@id\":\"https:\\\/\\\/pmza.sk\\\/?p=37297\"},\"author\":{\"name\":\"Pova\u017esk\u00e9 m\u00fazeum\",\"@id\":\"https:\\\/\\\/pmza.sk\\\/#\\\/schema\\\/person\\\/595e6a2ce731ea94dcd5d7f50a41ae33\"},\"headline\":\"Expoz\u00edcia drot\u00e1rstva obohaten\u00e1 o nov\u00e9 expon\u00e1ty\",\"datePublished\":\"2019-11-19T06:42:45+00:00\",\"mainEntityOfPage\":{\"@id\":\"https:\\\/\\\/pmza.sk\\\/?p=37297\"},\"wordCount\":838,\"publisher\":{\"@id\":\"https:\\\/\\\/pmza.sk\\\/#organization\"},\"image\":{\"@id\":\"https:\\\/\\\/pmza.sk\\\/?p=37297#primaryimage\"},\"thumbnailUrl\":\"https:\\\/\\\/pmza.sk\\\/wp-content\\\/uploads\\\/2019\\\/11\\\/IMG_1490.jpg\",\"articleSection\":[\"Aktuality\"],\"inLanguage\":\"sk-SK\"},{\"@type\":\"WebPage\",\"@id\":\"https:\\\/\\\/pmza.sk\\\/?p=37297\",\"url\":\"https:\\\/\\\/pmza.sk\\\/?p=37297\",\"name\":\"Expoz\u00edcia drot\u00e1rstva obohaten\u00e1 o nov\u00e9 expon\u00e1ty - Pova\u017esk\u00e9 m\u00fazeum\",\"isPartOf\":{\"@id\":\"https:\\\/\\\/pmza.sk\\\/#website\"},\"primaryImageOfPage\":{\"@id\":\"https:\\\/\\\/pmza.sk\\\/?p=37297#primaryimage\"},\"image\":{\"@id\":\"https:\\\/\\\/pmza.sk\\\/?p=37297#primaryimage\"},\"thumbnailUrl\":\"https:\\\/\\\/pmza.sk\\\/wp-content\\\/uploads\\\/2019\\\/11\\\/IMG_1490.jpg\",\"datePublished\":\"2019-11-19T06:42:45+00:00\",\"breadcrumb\":{\"@id\":\"https:\\\/\\\/pmza.sk\\\/?p=37297#breadcrumb\"},\"inLanguage\":\"sk-SK\",\"potentialAction\":[{\"@type\":\"ReadAction\",\"target\":[\"https:\\\/\\\/pmza.sk\\\/?p=37297\"]}]},{\"@type\":\"ImageObject\",\"inLanguage\":\"sk-SK\",\"@id\":\"https:\\\/\\\/pmza.sk\\\/?p=37297#primaryimage\",\"url\":\"https:\\\/\\\/pmza.sk\\\/wp-content\\\/uploads\\\/2019\\\/11\\\/IMG_1490.jpg\",\"contentUrl\":\"https:\\\/\\\/pmza.sk\\\/wp-content\\\/uploads\\\/2019\\\/11\\\/IMG_1490.jpg\",\"width\":1024,\"height\":683},{\"@type\":\"BreadcrumbList\",\"@id\":\"https:\\\/\\\/pmza.sk\\\/?p=37297#breadcrumb\",\"itemListElement\":[{\"@type\":\"ListItem\",\"position\":1,\"name\":\"Domovsk\u00e1 str\u00e1nka\",\"item\":\"https:\\\/\\\/pmza.sk\\\/\"},{\"@type\":\"ListItem\",\"position\":2,\"name\":\"Expoz\u00edcia drot\u00e1rstva obohaten\u00e1 o nov\u00e9 expon\u00e1ty\"}]},{\"@type\":\"WebSite\",\"@id\":\"https:\\\/\\\/pmza.sk\\\/#website\",\"url\":\"https:\\\/\\\/pmza.sk\\\/\",\"name\":\"Pova\u017esk\u00e9 m\u00fazeum\",\"description\":\"Pova\u017esk\u00e9 m\u00fazeum v \u017diline je region\u00e1lne m\u00fazeum so s\u00eddlom v Budat\u00edne. Jeho expoz\u00edcie s\u00fa zameran\u00e9 na dejiny slovensk\u00e9ho umenia, kult\u00fary a dopravy.\",\"publisher\":{\"@id\":\"https:\\\/\\\/pmza.sk\\\/#organization\"},\"potentialAction\":[{\"@type\":\"SearchAction\",\"target\":{\"@type\":\"EntryPoint\",\"urlTemplate\":\"https:\\\/\\\/pmza.sk\\\/?s={search_term_string}\"},\"query-input\":{\"@type\":\"PropertyValueSpecification\",\"valueRequired\":true,\"valueName\":\"search_term_string\"}}],\"inLanguage\":\"sk-SK\"},{\"@type\":\"Organization\",\"@id\":\"https:\\\/\\\/pmza.sk\\\/#organization\",\"name\":\"Pova\u017esk\u00e9 m\u00fazeum\",\"url\":\"https:\\\/\\\/pmza.sk\\\/\",\"logo\":{\"@type\":\"ImageObject\",\"inLanguage\":\"sk-SK\",\"@id\":\"https:\\\/\\\/pmza.sk\\\/#\\\/schema\\\/logo\\\/image\\\/\",\"url\":\"https:\\\/\\\/pmza.sk\\\/wp-content\\\/uploads\\\/2022\\\/01\\\/logo_PM_horizontal.jpg\",\"contentUrl\":\"https:\\\/\\\/pmza.sk\\\/wp-content\\\/uploads\\\/2022\\\/01\\\/logo_PM_horizontal.jpg\",\"width\":231,\"height\":142,\"caption\":\"Pova\u017esk\u00e9 m\u00fazeum\"},\"image\":{\"@id\":\"https:\\\/\\\/pmza.sk\\\/#\\\/schema\\\/logo\\\/image\\\/\"},\"sameAs\":[\"https:\\\/\\\/www.facebook.com\\\/povazskemuzeum\",\"https:\\\/\\\/www.instagram.com\\\/povazskemuzeum\\\/\"]},{\"@type\":\"Person\",\"@id\":\"https:\\\/\\\/pmza.sk\\\/#\\\/schema\\\/person\\\/595e6a2ce731ea94dcd5d7f50a41ae33\",\"name\":\"Pova\u017esk\u00e9 m\u00fazeum\",\"image\":{\"@type\":\"ImageObject\",\"inLanguage\":\"sk-SK\",\"@id\":\"https:\\\/\\\/secure.gravatar.com\\\/avatar\\\/2bb7f1561282132fb5826dfeccc66c7996d11ee392ac6aaf7ced8a1c2027fbb2?s=96&d=mm&r=g\",\"url\":\"https:\\\/\\\/secure.gravatar.com\\\/avatar\\\/2bb7f1561282132fb5826dfeccc66c7996d11ee392ac6aaf7ced8a1c2027fbb2?s=96&d=mm&r=g\",\"contentUrl\":\"https:\\\/\\\/secure.gravatar.com\\\/avatar\\\/2bb7f1561282132fb5826dfeccc66c7996d11ee392ac6aaf7ced8a1c2027fbb2?s=96&d=mm&r=g\",\"caption\":\"Pova\u017esk\u00e9 m\u00fazeum\"}}]}<\/script>\n<!-- \/ Yoast SEO plugin. -->","yoast_head_json":{"title":"Expoz\u00edcia drot\u00e1rstva obohaten\u00e1 o nov\u00e9 expon\u00e1ty - Pova\u017esk\u00e9 m\u00fazeum","robots":{"index":"index","follow":"follow","max-snippet":"max-snippet:-1","max-image-preview":"max-image-preview:large","max-video-preview":"max-video-preview:-1"},"canonical":"https:\/\/pmza.sk\/?p=37297","og_locale":"sk_SK","og_type":"article","og_title":"Expoz\u00edcia drot\u00e1rstva obohaten\u00e1 o nov\u00e9 expon\u00e1ty - Pova\u017esk\u00e9 m\u00fazeum","og_description":"Celkov\u00fd kolorit Budat\u00ednskeho hradu v s\u00fa\u010dasnosti dotv\u00e1ra aj zrekon\u0161truovan\u00e1 hospod\u00e1rska budova, ktor\u00fa odovzdal \u017dilinsk\u00fd samospr\u00e1vny kraj do spr\u00e1vy Pova\u017esk\u00e9ho m\u00fazea v\u00a0\u017diline v\u00a0okt\u00f3bri 2018. Cie\u013eom rekon\u0161trukcie bolo vytvori\u0165 samostatn\u00fd a\u00a0d\u00f4stojn\u00fd priestor pre prezent\u00e1ciu drot\u00e1rskeho remesla, na ktor\u00e9 sa m\u00fazeum \u0161pecializuje od svojho vzniku a\u00a0jeho s\u00fa\u010das\u0165ou bola v\u017edy aj expoz\u00edcia drot\u00e1rstva. Tzv. drot\u00e1rsky pavil\u00f3n sa u\u017e v\u00a0prv\u00fdch [&hellip;]","og_url":"https:\/\/pmza.sk\/?p=37297","og_site_name":"Pova\u017esk\u00e9 m\u00fazeum","article_publisher":"https:\/\/www.facebook.com\/povazskemuzeum","article_published_time":"2019-11-19T06:42:45+00:00","og_image":[{"width":1024,"height":683,"url":"https:\/\/pmza.sk\/wp-content\/uploads\/2019\/11\/IMG_1490.jpg","type":"image\/jpeg"}],"author":"Pova\u017esk\u00e9 m\u00fazeum","twitter_card":"summary_large_image","twitter_misc":{"Autor":"Pova\u017esk\u00e9 m\u00fazeum","Predpokladan\u00fd \u010das \u010d\u00edtania":"4 min\u00faty"},"schema":{"@context":"https:\/\/schema.org","@graph":[{"@type":"Article","@id":"https:\/\/pmza.sk\/?p=37297#article","isPartOf":{"@id":"https:\/\/pmza.sk\/?p=37297"},"author":{"name":"Pova\u017esk\u00e9 m\u00fazeum","@id":"https:\/\/pmza.sk\/#\/schema\/person\/595e6a2ce731ea94dcd5d7f50a41ae33"},"headline":"Expoz\u00edcia drot\u00e1rstva obohaten\u00e1 o nov\u00e9 expon\u00e1ty","datePublished":"2019-11-19T06:42:45+00:00","mainEntityOfPage":{"@id":"https:\/\/pmza.sk\/?p=37297"},"wordCount":838,"publisher":{"@id":"https:\/\/pmza.sk\/#organization"},"image":{"@id":"https:\/\/pmza.sk\/?p=37297#primaryimage"},"thumbnailUrl":"https:\/\/pmza.sk\/wp-content\/uploads\/2019\/11\/IMG_1490.jpg","articleSection":["Aktuality"],"inLanguage":"sk-SK"},{"@type":"WebPage","@id":"https:\/\/pmza.sk\/?p=37297","url":"https:\/\/pmza.sk\/?p=37297","name":"Expoz\u00edcia drot\u00e1rstva obohaten\u00e1 o nov\u00e9 expon\u00e1ty - Pova\u017esk\u00e9 m\u00fazeum","isPartOf":{"@id":"https:\/\/pmza.sk\/#website"},"primaryImageOfPage":{"@id":"https:\/\/pmza.sk\/?p=37297#primaryimage"},"image":{"@id":"https:\/\/pmza.sk\/?p=37297#primaryimage"},"thumbnailUrl":"https:\/\/pmza.sk\/wp-content\/uploads\/2019\/11\/IMG_1490.jpg","datePublished":"2019-11-19T06:42:45+00:00","breadcrumb":{"@id":"https:\/\/pmza.sk\/?p=37297#breadcrumb"},"inLanguage":"sk-SK","potentialAction":[{"@type":"ReadAction","target":["https:\/\/pmza.sk\/?p=37297"]}]},{"@type":"ImageObject","inLanguage":"sk-SK","@id":"https:\/\/pmza.sk\/?p=37297#primaryimage","url":"https:\/\/pmza.sk\/wp-content\/uploads\/2019\/11\/IMG_1490.jpg","contentUrl":"https:\/\/pmza.sk\/wp-content\/uploads\/2019\/11\/IMG_1490.jpg","width":1024,"height":683},{"@type":"BreadcrumbList","@id":"https:\/\/pmza.sk\/?p=37297#breadcrumb","itemListElement":[{"@type":"ListItem","position":1,"name":"Domovsk\u00e1 str\u00e1nka","item":"https:\/\/pmza.sk\/"},{"@type":"ListItem","position":2,"name":"Expoz\u00edcia drot\u00e1rstva obohaten\u00e1 o nov\u00e9 expon\u00e1ty"}]},{"@type":"WebSite","@id":"https:\/\/pmza.sk\/#website","url":"https:\/\/pmza.sk\/","name":"Pova\u017esk\u00e9 m\u00fazeum","description":"Pova\u017esk\u00e9 m\u00fazeum v \u017diline je region\u00e1lne m\u00fazeum so s\u00eddlom v Budat\u00edne. Jeho expoz\u00edcie s\u00fa zameran\u00e9 na dejiny slovensk\u00e9ho umenia, kult\u00fary a dopravy.","publisher":{"@id":"https:\/\/pmza.sk\/#organization"},"potentialAction":[{"@type":"SearchAction","target":{"@type":"EntryPoint","urlTemplate":"https:\/\/pmza.sk\/?s={search_term_string}"},"query-input":{"@type":"PropertyValueSpecification","valueRequired":true,"valueName":"search_term_string"}}],"inLanguage":"sk-SK"},{"@type":"Organization","@id":"https:\/\/pmza.sk\/#organization","name":"Pova\u017esk\u00e9 m\u00fazeum","url":"https:\/\/pmza.sk\/","logo":{"@type":"ImageObject","inLanguage":"sk-SK","@id":"https:\/\/pmza.sk\/#\/schema\/logo\/image\/","url":"https:\/\/pmza.sk\/wp-content\/uploads\/2022\/01\/logo_PM_horizontal.jpg","contentUrl":"https:\/\/pmza.sk\/wp-content\/uploads\/2022\/01\/logo_PM_horizontal.jpg","width":231,"height":142,"caption":"Pova\u017esk\u00e9 m\u00fazeum"},"image":{"@id":"https:\/\/pmza.sk\/#\/schema\/logo\/image\/"},"sameAs":["https:\/\/www.facebook.com\/povazskemuzeum","https:\/\/www.instagram.com\/povazskemuzeum\/"]},{"@type":"Person","@id":"https:\/\/pmza.sk\/#\/schema\/person\/595e6a2ce731ea94dcd5d7f50a41ae33","name":"Pova\u017esk\u00e9 m\u00fazeum","image":{"@type":"ImageObject","inLanguage":"sk-SK","@id":"https:\/\/secure.gravatar.com\/avatar\/2bb7f1561282132fb5826dfeccc66c7996d11ee392ac6aaf7ced8a1c2027fbb2?s=96&d=mm&r=g","url":"https:\/\/secure.gravatar.com\/avatar\/2bb7f1561282132fb5826dfeccc66c7996d11ee392ac6aaf7ced8a1c2027fbb2?s=96&d=mm&r=g","contentUrl":"https:\/\/secure.gravatar.com\/avatar\/2bb7f1561282132fb5826dfeccc66c7996d11ee392ac6aaf7ced8a1c2027fbb2?s=96&d=mm&r=g","caption":"Pova\u017esk\u00e9 m\u00fazeum"}}]}},"_links":{"self":[{"href":"https:\/\/pmza.sk\/index.php?rest_route=\/wp\/v2\/posts\/37297","targetHints":{"allow":["GET"]}}],"collection":[{"href":"https:\/\/pmza.sk\/index.php?rest_route=\/wp\/v2\/posts"}],"about":[{"href":"https:\/\/pmza.sk\/index.php?rest_route=\/wp\/v2\/types\/post"}],"author":[{"embeddable":true,"href":"https:\/\/pmza.sk\/index.php?rest_route=\/wp\/v2\/users\/2"}],"replies":[{"embeddable":true,"href":"https:\/\/pmza.sk\/index.php?rest_route=%2Fwp%2Fv2%2Fcomments&post=37297"}],"version-history":[{"count":0,"href":"https:\/\/pmza.sk\/index.php?rest_route=\/wp\/v2\/posts\/37297\/revisions"}],"wp:featuredmedia":[{"embeddable":true,"href":"https:\/\/pmza.sk\/index.php?rest_route=\/wp\/v2\/media\/37299"}],"wp:attachment":[{"href":"https:\/\/pmza.sk\/index.php?rest_route=%2Fwp%2Fv2%2Fmedia&parent=37297"}],"wp:term":[{"taxonomy":"category","embeddable":true,"href":"https:\/\/pmza.sk\/index.php?rest_route=%2Fwp%2Fv2%2Fcategories&post=37297"},{"taxonomy":"post_tag","embeddable":true,"href":"https:\/\/pmza.sk\/index.php?rest_route=%2Fwp%2Fv2%2Ftags&post=37297"}],"curies":[{"name":"wp","href":"https:\/\/api.w.org\/{rel}","templated":true}]}}