{"id":37305,"date":"2019-11-20T07:36:19","date_gmt":"2019-11-20T06:36:19","guid":{"rendered":"https:\/\/pmza.sk\/?p=37305"},"modified":"2019-11-20T07:36:19","modified_gmt":"2019-11-20T06:36:19","slug":"vystava-v-sieti","status":"publish","type":"post","link":"https:\/\/pmza.sk\/?p=37305","title":{"rendered":"V\u00fdstava &#8222;V sieti&#8230;&#8220;"},"content":{"rendered":"<p>Priestory Drot\u00e1rskeho pavil\u00f3nu na tri mesiace obohatia diela \u017eilinskej umeleckej drot\u00e1rky M\u00e1rie Porub\u010danskej. V\u00fdstava s\u00a0n\u00e1zvom \u201eV sieti&#8230;\u201c mapuje jej dvadsa\u0165ro\u010dn\u00fa tvorbu. B\u00fdvalej ekon\u00f3mke sa drot\u00e1rstvo stalo celo\u017eivotn\u00fdm kon\u00ed\u010dkom. Jej z\u00e1\u013euba sa preh\u013abila pr\u00e1cou v\u00a0Pova\u017eskom m\u00fazeu v\u00a0\u017diline, kde sa ako lektorka hlb\u0161ie zozn\u00e1mila s\u00a0hist\u00f3riou remesla a\u00a0stala sa jeho nad\u0161enou propag\u00e1torku. Ke\u010f\u017ee ru\u010dn\u00e9 pr\u00e1ce jej boli bl\u00edzke, za\u010dala dr\u00f4t spracov\u00e1va\u0165 technikou \u0161itej \u010dipky a\u00a0vytvorila si svoj vlastn\u00fd v\u00fdtvarn\u00fd rukopis. Jeho z\u00e1kladom s\u00fa jemn\u00e9 dr\u00f4ten\u00e9 siete z\u00a0drobn\u00fdch slu\u010diek. Kombin\u00e1ciou o\u010diek r\u00f4znych ve\u013ekost\u00ed vytv\u00e1ra pravideln\u00e9 dierovan\u00e9 dekorat\u00edvne vzory pripom\u00ednaj\u00face \u010dipku.<\/p>\n<p>M\u00e1ria Porub\u010dansk\u00e1 m\u00e1 \u0161irok\u00fd a\u00a0r\u00f4znorod\u00fd autorsk\u00fd z\u00e1ber. <em>\u201e<\/em><em>Prim\u00e1rne tvor\u00ed dr\u00f4ten\u00fa bi\u017eut\u00e9riu, oplet\u00e1 v\u0161ak aj keramiku a\u00a0sklo a vyr\u00e1ba dekor\u00e1cie na r\u00f4zne pr\u00edle\u017eitosti. In\u0161piruje ju pr\u00edroda, \u010dlovek, \u013eudov\u00e1 kult\u00fara, ob\u013eubuje aj duchovn\u00e9 a ezoterick\u00e9 n\u00e1mety. Pracuje s ve\u013emi jemn\u00fdm materi\u00e1lom, naj\u010dastej\u0161ie s meden\u00fdm dr\u00f4tom v r\u00f4znych farebn\u00fdch povrchov\u00fdch \u00faprav\u00e1ch. Na \u0161perky pou\u017e\u00edva postriebren\u00fd a strieborn\u00fd dr\u00f4t, ktor\u00fd kombinuje s polodrahokamami a perlami. Pr\u00e1ce M\u00e1rie Porub\u010danskej s\u00fa odrazom jej otvorenej a optimistickej povahy \u2013 hrav\u00e9, pln\u00e9 detailov a \u010dasto aj farieb. S\u00fa vyjadren\u00edm jej t\u00fa\u017eby po harm\u00f3nii a potrebe dobra, l\u00e1sky a porozumenia medzi \u013eu\u010fmi. Symbolicky zamotan\u00e1 v\u00a0dr\u00f4tenej sieti tak svojou tvorbou rozd\u00e1va rados\u0165 v\u0161etk\u00fdm naokolo.\u201c <\/em>doplnila kur\u00e1torka v\u00fdstavy \u2013 histori\u010dka drot\u00e1rstva Pova\u017esk\u00e9ho m\u00fazea v\u00a0\u017diline Katar\u00edna Hallonov\u00e1.<\/p>\n<p>Autorka rada predv\u00e1dza pr\u00e1cu s dr\u00f4tom na r\u00f4znych podujatiach a ochotne odovzd\u00e1va svoje zru\u010dnosti dospel\u00fdm i de\u0165om, \u010dasto tie\u017e s telesn\u00fdm \u010di du\u0161evn\u00fdm postihnut\u00edm. Mnoh\u00e9 jej diela u\u017e boli prezentovan\u00e9\u00a0 v r\u00e1mci drot\u00e1rskych v\u00fdstav na Slovensku i\u00a0v zahrani\u010d\u00ed. N\u00e1v\u0161tevn\u00edci Drot\u00e1rskeho pavil\u00f3nu pri Budat\u00ednskom hrade ich uvidia od 5. decembra 2019 do 29. febru\u00e1ra 2020 ka\u017ed\u00fd de\u0148 okrem pondelka od 9.00 do 16.45. Vernis\u00e1\u017e v\u00fdstavy \u201eV sieti&#8230;\u201c bude 4. decembra o\u00a016.00.<\/p>\n<p><img fetchpriority=\"high\" decoding=\"async\" class=\"size-medium wp-image-37307 alignleft\" src=\"https:\/\/pmza.sk\/wp-content\/uploads\/2019\/11\/D4754-552x360.jpg\" alt=\"\" width=\"552\" height=\"360\" srcset=\"https:\/\/pmza.sk\/wp-content\/uploads\/2019\/11\/D4754-552x360.jpg 552w, https:\/\/pmza.sk\/wp-content\/uploads\/2019\/11\/D4754-768x501.jpg 768w, https:\/\/pmza.sk\/wp-content\/uploads\/2019\/11\/D4754-600x391.jpg 600w, https:\/\/pmza.sk\/wp-content\/uploads\/2019\/11\/D4754.jpg 1024w\" sizes=\"(max-width: 552px) 100vw, 552px\" \/><img decoding=\"async\" class=\"size-medium wp-image-37308 alignleft\" src=\"https:\/\/pmza.sk\/wp-content\/uploads\/2019\/11\/IMG_1712-260x360.jpg\" alt=\"\" width=\"260\" height=\"360\" srcset=\"https:\/\/pmza.sk\/wp-content\/uploads\/2019\/11\/IMG_1712-260x360.jpg 260w, https:\/\/pmza.sk\/wp-content\/uploads\/2019\/11\/IMG_1712-532x736.jpg 532w, https:\/\/pmza.sk\/wp-content\/uploads\/2019\/11\/IMG_1712-600x830.jpg 600w, https:\/\/pmza.sk\/wp-content\/uploads\/2019\/11\/IMG_1712.jpg 740w\" sizes=\"(max-width: 260px) 100vw, 260px\" \/><\/p>\n<p>&nbsp;<\/p>\n<p>&nbsp;<\/p>\n<p>&nbsp;<\/p>\n<p>&nbsp;<\/p>\n<p>&nbsp;<\/p>\n<p>&nbsp;<\/p>\n<p>&nbsp;<\/p>\n<p>&nbsp;<\/p>\n<p>&nbsp;<\/p>\n<p>&nbsp;<\/p>\n<p><img decoding=\"async\" class=\"size-medium wp-image-37310 alignleft\" src=\"https:\/\/pmza.sk\/wp-content\/uploads\/2019\/11\/IMG_1705-270x360.jpg\" alt=\"\" width=\"270\" height=\"360\" srcset=\"https:\/\/pmza.sk\/wp-content\/uploads\/2019\/11\/IMG_1705-270x360.jpg 270w, https:\/\/pmza.sk\/wp-content\/uploads\/2019\/11\/IMG_1705-552x736.jpg 552w, https:\/\/pmza.sk\/wp-content\/uploads\/2019\/11\/IMG_1705-600x800.jpg 600w, https:\/\/pmza.sk\/wp-content\/uploads\/2019\/11\/IMG_1705.jpg 768w\" sizes=\"(max-width: 270px) 100vw, 270px\" \/><\/p>\n<p><img loading=\"lazy\" decoding=\"async\" class=\"size-medium wp-image-37309 alignleft\" src=\"https:\/\/pmza.sk\/wp-content\/uploads\/2019\/11\/IMG_1700-270x360.jpg\" alt=\"\" width=\"270\" height=\"360\" srcset=\"https:\/\/pmza.sk\/wp-content\/uploads\/2019\/11\/IMG_1700-270x360.jpg 270w, https:\/\/pmza.sk\/wp-content\/uploads\/2019\/11\/IMG_1700-552x736.jpg 552w, https:\/\/pmza.sk\/wp-content\/uploads\/2019\/11\/IMG_1700-600x800.jpg 600w, https:\/\/pmza.sk\/wp-content\/uploads\/2019\/11\/IMG_1700.jpg 768w\" sizes=\"(max-width: 270px) 100vw, 270px\" \/><\/p>\n","protected":false},"excerpt":{"rendered":"<p>Priestory Drot\u00e1rskeho pavil\u00f3nu na tri mesiace obohatia diela \u017eilinskej umeleckej drot\u00e1rky M\u00e1rie Porub\u010danskej. V\u00fdstava s\u00a0n\u00e1zvom \u201eV sieti&#8230;\u201c mapuje jej dvadsa\u0165ro\u010dn\u00fa tvorbu. B\u00fdvalej ekon\u00f3mke sa drot\u00e1rstvo stalo celo\u017eivotn\u00fdm kon\u00ed\u010dkom. Jej z\u00e1\u013euba sa preh\u013abila pr\u00e1cou v\u00a0Pova\u017eskom m\u00fazeu v\u00a0\u017diline, kde sa ako lektorka hlb\u0161ie zozn\u00e1mila s\u00a0hist\u00f3riou remesla a\u00a0stala sa jeho nad\u0161enou propag\u00e1torku. Ke\u010f\u017ee ru\u010dn\u00e9 pr\u00e1ce jej boli bl\u00edzke, [&hellip;]<\/p>\n","protected":false},"author":2,"featured_media":37679,"comment_status":"closed","ping_status":"closed","sticky":false,"template":"","format":"standard","meta":{"site-sidebar-layout":"default","site-content-layout":"","ast-site-content-layout":"","site-content-style":"default","site-sidebar-style":"default","ast-global-header-display":"","ast-banner-title-visibility":"","ast-main-header-display":"","ast-hfb-above-header-display":"","ast-hfb-below-header-display":"","ast-hfb-mobile-header-display":"","site-post-title":"","ast-breadcrumbs-content":"","ast-featured-img":"","footer-sml-layout":"","theme-transparent-header-meta":"","adv-header-id-meta":"","stick-header-meta":"","header-above-stick-meta":"","header-main-stick-meta":"","header-below-stick-meta":"","astra-migrate-meta-layouts":"default","ast-page-background-enabled":"default","ast-page-background-meta":{"desktop":{"background-color":"var(--ast-global-color-4)","background-image":"","background-repeat":"repeat","background-position":"center center","background-size":"auto","background-attachment":"scroll","background-type":"","background-media":"","overlay-type":"","overlay-color":"","overlay-opacity":"","overlay-gradient":""},"tablet":{"background-color":"","background-image":"","background-repeat":"repeat","background-position":"center center","background-size":"auto","background-attachment":"scroll","background-type":"","background-media":"","overlay-type":"","overlay-color":"","overlay-opacity":"","overlay-gradient":""},"mobile":{"background-color":"","background-image":"","background-repeat":"repeat","background-position":"center center","background-size":"auto","background-attachment":"scroll","background-type":"","background-media":"","overlay-type":"","overlay-color":"","overlay-opacity":"","overlay-gradient":""}},"ast-content-background-meta":{"desktop":{"background-color":"var(--ast-global-color-5)","background-image":"","background-repeat":"repeat","background-position":"center center","background-size":"auto","background-attachment":"scroll","background-type":"","background-media":"","overlay-type":"","overlay-color":"","overlay-opacity":"","overlay-gradient":""},"tablet":{"background-color":"var(--ast-global-color-5)","background-image":"","background-repeat":"repeat","background-position":"center center","background-size":"auto","background-attachment":"scroll","background-type":"","background-media":"","overlay-type":"","overlay-color":"","overlay-opacity":"","overlay-gradient":""},"mobile":{"background-color":"var(--ast-global-color-5)","background-image":"","background-repeat":"repeat","background-position":"center center","background-size":"auto","background-attachment":"scroll","background-type":"","background-media":"","overlay-type":"","overlay-color":"","overlay-opacity":"","overlay-gradient":""}},"footnotes":""},"categories":[31],"tags":[],"class_list":["post-37305","post","type-post","status-publish","format-standard","has-post-thumbnail","hentry","category-aktuality"],"yoast_head":"<!-- This site is optimized with the Yoast SEO plugin v27.4 - https:\/\/yoast.com\/product\/yoast-seo-wordpress\/ -->\n<title>V\u00fdstava &quot;V sieti...&quot; - Pova\u017esk\u00e9 m\u00fazeum<\/title>\n<meta name=\"robots\" content=\"index, follow, max-snippet:-1, max-image-preview:large, max-video-preview:-1\" \/>\n<link rel=\"canonical\" href=\"https:\/\/pmza.sk\/?p=37305\" \/>\n<meta property=\"og:locale\" content=\"sk_SK\" \/>\n<meta property=\"og:type\" content=\"article\" \/>\n<meta property=\"og:title\" content=\"V\u00fdstava &quot;V sieti...&quot; - Pova\u017esk\u00e9 m\u00fazeum\" \/>\n<meta property=\"og:description\" content=\"Priestory Drot\u00e1rskeho pavil\u00f3nu na tri mesiace obohatia diela \u017eilinskej umeleckej drot\u00e1rky M\u00e1rie Porub\u010danskej. V\u00fdstava s\u00a0n\u00e1zvom \u201eV sieti&#8230;\u201c mapuje jej dvadsa\u0165ro\u010dn\u00fa tvorbu. B\u00fdvalej ekon\u00f3mke sa drot\u00e1rstvo stalo celo\u017eivotn\u00fdm kon\u00ed\u010dkom. Jej z\u00e1\u013euba sa preh\u013abila pr\u00e1cou v\u00a0Pova\u017eskom m\u00fazeu v\u00a0\u017diline, kde sa ako lektorka hlb\u0161ie zozn\u00e1mila s\u00a0hist\u00f3riou remesla a\u00a0stala sa jeho nad\u0161enou propag\u00e1torku. Ke\u010f\u017ee ru\u010dn\u00e9 pr\u00e1ce jej boli bl\u00edzke, [&hellip;]\" \/>\n<meta property=\"og:url\" content=\"https:\/\/pmza.sk\/?p=37305\" \/>\n<meta property=\"og:site_name\" content=\"Pova\u017esk\u00e9 m\u00fazeum\" \/>\n<meta property=\"article:publisher\" content=\"https:\/\/www.facebook.com\/povazskemuzeum\" \/>\n<meta property=\"article:published_time\" content=\"2019-11-20T06:36:19+00:00\" \/>\n<meta property=\"og:image\" content=\"https:\/\/pmza.sk\/wp-content\/uploads\/2019\/11\/vystava_v_sieti-\u2013-www.jpg\" \/>\n\t<meta property=\"og:image:width\" content=\"726\" \/>\n\t<meta property=\"og:image:height\" content=\"1024\" \/>\n\t<meta property=\"og:image:type\" content=\"image\/jpeg\" \/>\n<meta name=\"author\" content=\"Pova\u017esk\u00e9 m\u00fazeum\" \/>\n<meta name=\"twitter:card\" content=\"summary_large_image\" \/>\n<meta name=\"twitter:label1\" content=\"Autor\" \/>\n\t<meta name=\"twitter:data1\" content=\"Pova\u017esk\u00e9 m\u00fazeum\" \/>\n\t<meta name=\"twitter:label2\" content=\"Predpokladan\u00fd \u010das \u010d\u00edtania\" \/>\n\t<meta name=\"twitter:data2\" content=\"2 min\u00faty\" \/>\n<script type=\"application\/ld+json\" class=\"yoast-schema-graph\">{\"@context\":\"https:\\\/\\\/schema.org\",\"@graph\":[{\"@type\":\"Article\",\"@id\":\"https:\\\/\\\/pmza.sk\\\/?p=37305#article\",\"isPartOf\":{\"@id\":\"https:\\\/\\\/pmza.sk\\\/?p=37305\"},\"author\":{\"name\":\"Pova\u017esk\u00e9 m\u00fazeum\",\"@id\":\"https:\\\/\\\/pmza.sk\\\/#\\\/schema\\\/person\\\/595e6a2ce731ea94dcd5d7f50a41ae33\"},\"headline\":\"V\u00fdstava &#8222;V sieti&#8230;&#8220;\",\"datePublished\":\"2019-11-20T06:36:19+00:00\",\"mainEntityOfPage\":{\"@id\":\"https:\\\/\\\/pmza.sk\\\/?p=37305\"},\"wordCount\":409,\"publisher\":{\"@id\":\"https:\\\/\\\/pmza.sk\\\/#organization\"},\"image\":{\"@id\":\"https:\\\/\\\/pmza.sk\\\/?p=37305#primaryimage\"},\"thumbnailUrl\":\"https:\\\/\\\/pmza.sk\\\/wp-content\\\/uploads\\\/2019\\\/11\\\/vystava_v_sieti-\u2013-www.jpg\",\"articleSection\":[\"Aktuality\"],\"inLanguage\":\"sk-SK\"},{\"@type\":\"WebPage\",\"@id\":\"https:\\\/\\\/pmza.sk\\\/?p=37305\",\"url\":\"https:\\\/\\\/pmza.sk\\\/?p=37305\",\"name\":\"V\u00fdstava \\\"V sieti...\\\" - Pova\u017esk\u00e9 m\u00fazeum\",\"isPartOf\":{\"@id\":\"https:\\\/\\\/pmza.sk\\\/#website\"},\"primaryImageOfPage\":{\"@id\":\"https:\\\/\\\/pmza.sk\\\/?p=37305#primaryimage\"},\"image\":{\"@id\":\"https:\\\/\\\/pmza.sk\\\/?p=37305#primaryimage\"},\"thumbnailUrl\":\"https:\\\/\\\/pmza.sk\\\/wp-content\\\/uploads\\\/2019\\\/11\\\/vystava_v_sieti-\u2013-www.jpg\",\"datePublished\":\"2019-11-20T06:36:19+00:00\",\"breadcrumb\":{\"@id\":\"https:\\\/\\\/pmza.sk\\\/?p=37305#breadcrumb\"},\"inLanguage\":\"sk-SK\",\"potentialAction\":[{\"@type\":\"ReadAction\",\"target\":[\"https:\\\/\\\/pmza.sk\\\/?p=37305\"]}]},{\"@type\":\"ImageObject\",\"inLanguage\":\"sk-SK\",\"@id\":\"https:\\\/\\\/pmza.sk\\\/?p=37305#primaryimage\",\"url\":\"https:\\\/\\\/pmza.sk\\\/wp-content\\\/uploads\\\/2019\\\/11\\\/vystava_v_sieti-\u2013-www.jpg\",\"contentUrl\":\"https:\\\/\\\/pmza.sk\\\/wp-content\\\/uploads\\\/2019\\\/11\\\/vystava_v_sieti-\u2013-www.jpg\",\"width\":726,\"height\":1024},{\"@type\":\"BreadcrumbList\",\"@id\":\"https:\\\/\\\/pmza.sk\\\/?p=37305#breadcrumb\",\"itemListElement\":[{\"@type\":\"ListItem\",\"position\":1,\"name\":\"Domovsk\u00e1 str\u00e1nka\",\"item\":\"https:\\\/\\\/pmza.sk\\\/\"},{\"@type\":\"ListItem\",\"position\":2,\"name\":\"V\u00fdstava &#8222;V sieti&#8230;&#8220;\"}]},{\"@type\":\"WebSite\",\"@id\":\"https:\\\/\\\/pmza.sk\\\/#website\",\"url\":\"https:\\\/\\\/pmza.sk\\\/\",\"name\":\"Pova\u017esk\u00e9 m\u00fazeum\",\"description\":\"Pova\u017esk\u00e9 m\u00fazeum v \u017diline je region\u00e1lne m\u00fazeum so s\u00eddlom v Budat\u00edne. Jeho expoz\u00edcie s\u00fa zameran\u00e9 na dejiny slovensk\u00e9ho umenia, kult\u00fary a dopravy.\",\"publisher\":{\"@id\":\"https:\\\/\\\/pmza.sk\\\/#organization\"},\"potentialAction\":[{\"@type\":\"SearchAction\",\"target\":{\"@type\":\"EntryPoint\",\"urlTemplate\":\"https:\\\/\\\/pmza.sk\\\/?s={search_term_string}\"},\"query-input\":{\"@type\":\"PropertyValueSpecification\",\"valueRequired\":true,\"valueName\":\"search_term_string\"}}],\"inLanguage\":\"sk-SK\"},{\"@type\":\"Organization\",\"@id\":\"https:\\\/\\\/pmza.sk\\\/#organization\",\"name\":\"Pova\u017esk\u00e9 m\u00fazeum\",\"url\":\"https:\\\/\\\/pmza.sk\\\/\",\"logo\":{\"@type\":\"ImageObject\",\"inLanguage\":\"sk-SK\",\"@id\":\"https:\\\/\\\/pmza.sk\\\/#\\\/schema\\\/logo\\\/image\\\/\",\"url\":\"https:\\\/\\\/pmza.sk\\\/wp-content\\\/uploads\\\/2022\\\/01\\\/logo_PM_horizontal.jpg\",\"contentUrl\":\"https:\\\/\\\/pmza.sk\\\/wp-content\\\/uploads\\\/2022\\\/01\\\/logo_PM_horizontal.jpg\",\"width\":231,\"height\":142,\"caption\":\"Pova\u017esk\u00e9 m\u00fazeum\"},\"image\":{\"@id\":\"https:\\\/\\\/pmza.sk\\\/#\\\/schema\\\/logo\\\/image\\\/\"},\"sameAs\":[\"https:\\\/\\\/www.facebook.com\\\/povazskemuzeum\",\"https:\\\/\\\/www.instagram.com\\\/povazskemuzeum\\\/\"]},{\"@type\":\"Person\",\"@id\":\"https:\\\/\\\/pmza.sk\\\/#\\\/schema\\\/person\\\/595e6a2ce731ea94dcd5d7f50a41ae33\",\"name\":\"Pova\u017esk\u00e9 m\u00fazeum\",\"image\":{\"@type\":\"ImageObject\",\"inLanguage\":\"sk-SK\",\"@id\":\"https:\\\/\\\/secure.gravatar.com\\\/avatar\\\/2bb7f1561282132fb5826dfeccc66c7996d11ee392ac6aaf7ced8a1c2027fbb2?s=96&d=mm&r=g\",\"url\":\"https:\\\/\\\/secure.gravatar.com\\\/avatar\\\/2bb7f1561282132fb5826dfeccc66c7996d11ee392ac6aaf7ced8a1c2027fbb2?s=96&d=mm&r=g\",\"contentUrl\":\"https:\\\/\\\/secure.gravatar.com\\\/avatar\\\/2bb7f1561282132fb5826dfeccc66c7996d11ee392ac6aaf7ced8a1c2027fbb2?s=96&d=mm&r=g\",\"caption\":\"Pova\u017esk\u00e9 m\u00fazeum\"}}]}<\/script>\n<!-- \/ Yoast SEO plugin. -->","yoast_head_json":{"title":"V\u00fdstava \"V sieti...\" - Pova\u017esk\u00e9 m\u00fazeum","robots":{"index":"index","follow":"follow","max-snippet":"max-snippet:-1","max-image-preview":"max-image-preview:large","max-video-preview":"max-video-preview:-1"},"canonical":"https:\/\/pmza.sk\/?p=37305","og_locale":"sk_SK","og_type":"article","og_title":"V\u00fdstava \"V sieti...\" - Pova\u017esk\u00e9 m\u00fazeum","og_description":"Priestory Drot\u00e1rskeho pavil\u00f3nu na tri mesiace obohatia diela \u017eilinskej umeleckej drot\u00e1rky M\u00e1rie Porub\u010danskej. V\u00fdstava s\u00a0n\u00e1zvom \u201eV sieti&#8230;\u201c mapuje jej dvadsa\u0165ro\u010dn\u00fa tvorbu. B\u00fdvalej ekon\u00f3mke sa drot\u00e1rstvo stalo celo\u017eivotn\u00fdm kon\u00ed\u010dkom. Jej z\u00e1\u013euba sa preh\u013abila pr\u00e1cou v\u00a0Pova\u017eskom m\u00fazeu v\u00a0\u017diline, kde sa ako lektorka hlb\u0161ie zozn\u00e1mila s\u00a0hist\u00f3riou remesla a\u00a0stala sa jeho nad\u0161enou propag\u00e1torku. Ke\u010f\u017ee ru\u010dn\u00e9 pr\u00e1ce jej boli bl\u00edzke, [&hellip;]","og_url":"https:\/\/pmza.sk\/?p=37305","og_site_name":"Pova\u017esk\u00e9 m\u00fazeum","article_publisher":"https:\/\/www.facebook.com\/povazskemuzeum","article_published_time":"2019-11-20T06:36:19+00:00","og_image":[{"width":726,"height":1024,"url":"https:\/\/pmza.sk\/wp-content\/uploads\/2019\/11\/vystava_v_sieti-\u2013-www.jpg","type":"image\/jpeg"}],"author":"Pova\u017esk\u00e9 m\u00fazeum","twitter_card":"summary_large_image","twitter_misc":{"Autor":"Pova\u017esk\u00e9 m\u00fazeum","Predpokladan\u00fd \u010das \u010d\u00edtania":"2 min\u00faty"},"schema":{"@context":"https:\/\/schema.org","@graph":[{"@type":"Article","@id":"https:\/\/pmza.sk\/?p=37305#article","isPartOf":{"@id":"https:\/\/pmza.sk\/?p=37305"},"author":{"name":"Pova\u017esk\u00e9 m\u00fazeum","@id":"https:\/\/pmza.sk\/#\/schema\/person\/595e6a2ce731ea94dcd5d7f50a41ae33"},"headline":"V\u00fdstava &#8222;V sieti&#8230;&#8220;","datePublished":"2019-11-20T06:36:19+00:00","mainEntityOfPage":{"@id":"https:\/\/pmza.sk\/?p=37305"},"wordCount":409,"publisher":{"@id":"https:\/\/pmza.sk\/#organization"},"image":{"@id":"https:\/\/pmza.sk\/?p=37305#primaryimage"},"thumbnailUrl":"https:\/\/pmza.sk\/wp-content\/uploads\/2019\/11\/vystava_v_sieti-\u2013-www.jpg","articleSection":["Aktuality"],"inLanguage":"sk-SK"},{"@type":"WebPage","@id":"https:\/\/pmza.sk\/?p=37305","url":"https:\/\/pmza.sk\/?p=37305","name":"V\u00fdstava \"V sieti...\" - Pova\u017esk\u00e9 m\u00fazeum","isPartOf":{"@id":"https:\/\/pmza.sk\/#website"},"primaryImageOfPage":{"@id":"https:\/\/pmza.sk\/?p=37305#primaryimage"},"image":{"@id":"https:\/\/pmza.sk\/?p=37305#primaryimage"},"thumbnailUrl":"https:\/\/pmza.sk\/wp-content\/uploads\/2019\/11\/vystava_v_sieti-\u2013-www.jpg","datePublished":"2019-11-20T06:36:19+00:00","breadcrumb":{"@id":"https:\/\/pmza.sk\/?p=37305#breadcrumb"},"inLanguage":"sk-SK","potentialAction":[{"@type":"ReadAction","target":["https:\/\/pmza.sk\/?p=37305"]}]},{"@type":"ImageObject","inLanguage":"sk-SK","@id":"https:\/\/pmza.sk\/?p=37305#primaryimage","url":"https:\/\/pmza.sk\/wp-content\/uploads\/2019\/11\/vystava_v_sieti-\u2013-www.jpg","contentUrl":"https:\/\/pmza.sk\/wp-content\/uploads\/2019\/11\/vystava_v_sieti-\u2013-www.jpg","width":726,"height":1024},{"@type":"BreadcrumbList","@id":"https:\/\/pmza.sk\/?p=37305#breadcrumb","itemListElement":[{"@type":"ListItem","position":1,"name":"Domovsk\u00e1 str\u00e1nka","item":"https:\/\/pmza.sk\/"},{"@type":"ListItem","position":2,"name":"V\u00fdstava &#8222;V sieti&#8230;&#8220;"}]},{"@type":"WebSite","@id":"https:\/\/pmza.sk\/#website","url":"https:\/\/pmza.sk\/","name":"Pova\u017esk\u00e9 m\u00fazeum","description":"Pova\u017esk\u00e9 m\u00fazeum v \u017diline je region\u00e1lne m\u00fazeum so s\u00eddlom v Budat\u00edne. Jeho expoz\u00edcie s\u00fa zameran\u00e9 na dejiny slovensk\u00e9ho umenia, kult\u00fary a dopravy.","publisher":{"@id":"https:\/\/pmza.sk\/#organization"},"potentialAction":[{"@type":"SearchAction","target":{"@type":"EntryPoint","urlTemplate":"https:\/\/pmza.sk\/?s={search_term_string}"},"query-input":{"@type":"PropertyValueSpecification","valueRequired":true,"valueName":"search_term_string"}}],"inLanguage":"sk-SK"},{"@type":"Organization","@id":"https:\/\/pmza.sk\/#organization","name":"Pova\u017esk\u00e9 m\u00fazeum","url":"https:\/\/pmza.sk\/","logo":{"@type":"ImageObject","inLanguage":"sk-SK","@id":"https:\/\/pmza.sk\/#\/schema\/logo\/image\/","url":"https:\/\/pmza.sk\/wp-content\/uploads\/2022\/01\/logo_PM_horizontal.jpg","contentUrl":"https:\/\/pmza.sk\/wp-content\/uploads\/2022\/01\/logo_PM_horizontal.jpg","width":231,"height":142,"caption":"Pova\u017esk\u00e9 m\u00fazeum"},"image":{"@id":"https:\/\/pmza.sk\/#\/schema\/logo\/image\/"},"sameAs":["https:\/\/www.facebook.com\/povazskemuzeum","https:\/\/www.instagram.com\/povazskemuzeum\/"]},{"@type":"Person","@id":"https:\/\/pmza.sk\/#\/schema\/person\/595e6a2ce731ea94dcd5d7f50a41ae33","name":"Pova\u017esk\u00e9 m\u00fazeum","image":{"@type":"ImageObject","inLanguage":"sk-SK","@id":"https:\/\/secure.gravatar.com\/avatar\/2bb7f1561282132fb5826dfeccc66c7996d11ee392ac6aaf7ced8a1c2027fbb2?s=96&d=mm&r=g","url":"https:\/\/secure.gravatar.com\/avatar\/2bb7f1561282132fb5826dfeccc66c7996d11ee392ac6aaf7ced8a1c2027fbb2?s=96&d=mm&r=g","contentUrl":"https:\/\/secure.gravatar.com\/avatar\/2bb7f1561282132fb5826dfeccc66c7996d11ee392ac6aaf7ced8a1c2027fbb2?s=96&d=mm&r=g","caption":"Pova\u017esk\u00e9 m\u00fazeum"}}]}},"_links":{"self":[{"href":"https:\/\/pmza.sk\/index.php?rest_route=\/wp\/v2\/posts\/37305","targetHints":{"allow":["GET"]}}],"collection":[{"href":"https:\/\/pmza.sk\/index.php?rest_route=\/wp\/v2\/posts"}],"about":[{"href":"https:\/\/pmza.sk\/index.php?rest_route=\/wp\/v2\/types\/post"}],"author":[{"embeddable":true,"href":"https:\/\/pmza.sk\/index.php?rest_route=\/wp\/v2\/users\/2"}],"replies":[{"embeddable":true,"href":"https:\/\/pmza.sk\/index.php?rest_route=%2Fwp%2Fv2%2Fcomments&post=37305"}],"version-history":[{"count":0,"href":"https:\/\/pmza.sk\/index.php?rest_route=\/wp\/v2\/posts\/37305\/revisions"}],"wp:featuredmedia":[{"embeddable":true,"href":"https:\/\/pmza.sk\/index.php?rest_route=\/wp\/v2\/media\/37679"}],"wp:attachment":[{"href":"https:\/\/pmza.sk\/index.php?rest_route=%2Fwp%2Fv2%2Fmedia&parent=37305"}],"wp:term":[{"taxonomy":"category","embeddable":true,"href":"https:\/\/pmza.sk\/index.php?rest_route=%2Fwp%2Fv2%2Fcategories&post=37305"},{"taxonomy":"post_tag","embeddable":true,"href":"https:\/\/pmza.sk\/index.php?rest_route=%2Fwp%2Fv2%2Ftags&post=37305"}],"curies":[{"name":"wp","href":"https:\/\/api.w.org\/{rel}","templated":true}]}}