{"id":37586,"date":"2019-12-06T09:27:57","date_gmt":"2019-12-06T08:27:57","guid":{"rendered":"https:\/\/pmza.sk\/?p=37586"},"modified":"2019-12-06T09:27:57","modified_gmt":"2019-12-06T08:27:57","slug":"drotarstvo-motivom-postovej-znamky-vianoce-2019","status":"publish","type":"post","link":"https:\/\/pmza.sk\/?p=37586","title":{"rendered":"Drot\u00e1rstvo mot\u00edvom po\u0161tovej zn\u00e1mky Vianoce 2019"},"content":{"rendered":"<p>Slovensk\u00e1 po\u0161ta, a. s., vydala v novembri 2019 po\u0161tov\u00fa zn\u00e1mku \u201eVianoce 2019: Tradi\u010dn\u00e9 slovensk\u00e9 drot\u00e1rstvo\u201c, so \u0161pecifick\u00fdm symbolom T2 50g. Ozna\u010denie zodpoved\u00e1 cene, ktor\u00e1 sa zhoduje s v\u00fd\u0161kou po\u0161tovej sadzby za list 2. triedy do hmotnosti 50 g vo vn\u00fatro\u0161t\u00e1tnom styku, polo\u017eka L. 2. 01 Tarify SP, a. s. Po\u0161tov\u00e1 zn\u00e1mka rozmerov 33,9 \u00d7 26,5 mm, vr\u00e1tane perfor\u00e1cie, vych\u00e1dza vo forme tla\u010dov\u00e9ho listu s\u00a050 zn\u00e1mkami. Zn\u00e1mku vytla\u010dila\u00a0 technikou ofsetu spolo\u010dnos\u0165 Tisk\u00e1rna Hradi\u0161tko, s.r.o.<\/p>\n<p>Mot\u00edvom po\u0161tovej zn\u00e1mky je ve\u0161iak v\u00a0tvare srdca vyroben\u00fd z\u00a0dr\u00f4tu zo zbierkov\u00e9ho fondu Pova\u017esk\u00e9ho m\u00fazea v\u00a0\u017diline a in\u0161pirovan\u00fd tradi\u010dn\u00fdmi vzormi ho vyrobil umeleck\u00fd drot\u00e1r Peter Hlavatovi\u010d. S\u00fa\u010dasne s\u00a0po\u0161tovou zn\u00e1mkou bola vydan\u00e1 ob\u00e1lka prv\u00e9ho d\u0148a s\u00a0pe\u010diatkou FDC s\u00a0d\u00e1tumom 8. 11. 2019 a\u00a0domicilom mesta Bratislava. Mot\u00edvom pr\u00edtla\u010de FDC ob\u00e1lky je drot\u00e1rske dielo \u201eJablko \u017eivota\u201c od Ing. arch. M\u00e1rie Kraj\u010dovej, viano\u010dn\u00fd strom\u010dek od tej istej autorky sa stal \u00a0mot\u00edvom FDC pe\u010diatky. FDC vytla\u010dila technikou ofsetu BB PRINT, s.r.o. Autorom grafickej \u00fapravy po\u0161tovej zn\u00e1mky, FDC a\u00a0autorom FDC pe\u010diatky je akad. mal. Vladislav Rostoka. Na celinovej poh\u013eadnici je mot\u00edv anjela taktie\u017e od Ing. arch. M\u00e1rie Kraj\u010dovej. <\/p>\n<p>Drot\u00e1rsky mot\u00edv bol pou\u017eit\u00fd aj na po\u0161tovej zn\u00e1mke \u201eVe\u013ek\u00e1 noc 2019: Tradi\u010dn\u00e9 slovensk\u00e9 drot\u00e1rstvo\u201c. I\u0161lo o\u00a0vt\u00e1\u010dika, ktor\u00e9ho zhotovila umeleck\u00e1 drot\u00e1rka a \u0161perk\u00e1rka Lucia \u010cert\u00edkov\u00e1. Autorkou ve\u013ekono\u010dn\u00fdch vaj\u00ed\u010dok zobrazen\u00fdch na celinovej poh\u013eadnici je umeleck\u00e1 drot\u00e1rka \u013dubica Kullov\u00e1. V\u0161etci drot\u00e1ri, ktor\u00fdch diela boli mot\u00edvom na po\u0161tov\u00fdch zn\u00e1mkach v\u00a0roku 2019 s\u00fa spolupracovn\u00edkmi Pova\u017esk\u00e9ho m\u00fazea v\u00a0\u017diline. Navy\u0161e, zn\u00e1mky boli symbolicky vydan\u00e9 v\u00a0roku, ke\u010f drot\u00e1rstvo \u010dak\u00e1 na z\u00e1pis do Zoznamu svetov\u00e9ho dedi\u010dstva UNESCO. Do Reprezentat\u00edvneho zoznamu nehmotn\u00e9ho kult\u00farneho dedi\u010dstva Slovenska bolo zap\u00edsan\u00e9 v\u00a0roku 2017.<\/p>\n<p>\u00a0Drot\u00e1rstvo predstavuje unik\u00e1tny v\u00fdrobno-technick\u00fd i umeleck\u00fd fenom\u00e9n, ktor\u00e9mu v dejin\u00e1ch svetovej materi\u00e1lnej kult\u00fary patr\u00ed jedine\u010dn\u00e9 miesto. Hoci dr\u00f4t ako polotovar vyu\u017e\u00edvali remeseln\u00edci v mnoh\u00fdch v\u00fdrobn\u00fdch odvetviach na celom svete, slovensk\u00ed drot\u00e1ri k jeho spracovaniu prist\u00fapili origin\u00e1lnym sp\u00f4sobom a posunuli ho do oblasti \u00fa\u017eitkovej v\u00fdroby.<em> Vyvinuli \u0161pecifick\u00e9, zdanlivo primit\u00edvne, ale d\u00f4myseln\u00e9 a efekt\u00edvne sp\u00f4soby pr\u00e1ce, nen\u00e1ro\u010dn\u00e9 na pracovn\u00e9 podmienky, n\u00e1stroje a vybavenie. V z\u00e1vislosti od krajiny, v ktorej slovensk\u00ed drot\u00e1ri p\u00f4sobili, produkovali neuverite\u013ene \u0161irok\u00fd sortiment tovaru od kuchynsk\u00e9ho n\u00e1radia, cez potreby pre vin\u00e1rov, po\u013enohospod\u00e1rov, kvetin\u00e1rov, v\u010del\u00e1rov a ryb\u00e1rov, doplnky do bytov, re\u0161taur\u00e1ci\u00ed, obchodov i v\u00fdrobn\u00fdch prev\u00e1dzok, a\u017e po detsk\u00e9 hra\u010dky a z\u00e1hradn\u00fd n\u00e1bytok.<\/em> <em>Dr\u00f4t umo\u017e\u0148oval pou\u017eitie mno\u017estva ozdobn\u00fdch prvkov, ktor\u00e9 vych\u00e1dzali nielen z archaick\u00fdch foriem, ale aj zo slovenskej ornamentiky, a ru\u010dn\u00e1 v\u00fdroba im vtla\u010dila pe\u010da\u0165 individuality i insitn\u00fd p\u00f4vab.\u201c <\/em>pribl\u00ed\u017eila histori\u010dka drot\u00e1rstva Katar\u00edna Hallonov\u00e1 z\u00a0Pova\u017esk\u00e9ho m\u00fazea v\u00a0\u017diline. Dnes patria v\u00fdrobky z\u00a0dr\u00f4tu k najtypickej\u0161\u00edm slovensk\u00fdm remeseln\u00fdm a umeleck\u00fdm produktom a s\u00fa in\u0161pir\u00e1ciou pre s\u00fa\u010dasn\u00e9 umenie, remeslo a\u00a0dizajn vych\u00e1dzaj\u00faci z n\u00e1rodn\u00fdch prvkov.<\/p>\n<p><img fetchpriority=\"high\" decoding=\"async\" class=\" wp-image-37588 alignleft\" src=\"https:\/\/pmza.sk\/wp-content\/uploads\/2019\/12\/znamka-Vianoce-2019-1-285x360.png\" alt=\"\" width=\"259\" height=\"328\" srcset=\"https:\/\/pmza.sk\/wp-content\/uploads\/2019\/12\/znamka-Vianoce-2019-1-285x360.png 285w, https:\/\/pmza.sk\/wp-content\/uploads\/2019\/12\/znamka-Vianoce-2019-1.png 359w\" sizes=\"(max-width: 259px) 100vw, 259px\" \/><\/p>\n<p><img decoding=\"async\" class=\" wp-image-37590 alignleft\" src=\"https:\/\/pmza.sk\/wp-content\/uploads\/2019\/12\/FDC-Vianoce-2019-498x360.png\" alt=\"\" width=\"458\" height=\"331\" srcset=\"https:\/\/pmza.sk\/wp-content\/uploads\/2019\/12\/FDC-Vianoce-2019-498x360.png 498w, https:\/\/pmza.sk\/wp-content\/uploads\/2019\/12\/FDC-Vianoce-2019-768x555.png 768w, https:\/\/pmza.sk\/wp-content\/uploads\/2019\/12\/FDC-Vianoce-2019-600x433.png 600w, https:\/\/pmza.sk\/wp-content\/uploads\/2019\/12\/FDC-Vianoce-2019.png 810w\" sizes=\"(max-width: 458px) 100vw, 458px\" \/><\/p>\n<p><img decoding=\"async\" class=\" wp-image-37589 alignleft\" src=\"https:\/\/pmza.sk\/wp-content\/uploads\/2019\/12\/5db2995749c8a32e7c0091bc_medium-356x360.png\" alt=\"\" width=\"332\" height=\"336\" srcset=\"https:\/\/pmza.sk\/wp-content\/uploads\/2019\/12\/5db2995749c8a32e7c0091bc_medium-356x360.png 356w, https:\/\/pmza.sk\/wp-content\/uploads\/2019\/12\/5db2995749c8a32e7c0091bc_medium-100x100.png 100w, https:\/\/pmza.sk\/wp-content\/uploads\/2019\/12\/5db2995749c8a32e7c0091bc_medium.png 382w\" sizes=\"(max-width: 332px) 100vw, 332px\" \/><img loading=\"lazy\" decoding=\"async\" class=\" wp-image-37591 alignleft\" src=\"https:\/\/pmza.sk\/wp-content\/uploads\/2019\/12\/5dba919949c8a32f1c03f6c4_medium.png\" alt=\"\" width=\"407\" height=\"296\" \/><img loading=\"lazy\" decoding=\"async\" class=\" wp-image-37592 alignleft\" src=\"https:\/\/pmza.sk\/wp-content\/uploads\/2019\/12\/5c78f2b349c8a3479b015f49_medium.png\" alt=\"\" width=\"370\" height=\"293\" \/> <img loading=\"lazy\" decoding=\"async\" class=\"wp-image-37593 alignleft\" src=\"https:\/\/pmza.sk\/wp-content\/uploads\/2019\/12\/5c78f20b49c8a347e3015f27_medium-389x360.png\" alt=\"\" width=\"316\" height=\"292\" srcset=\"https:\/\/pmza.sk\/wp-content\/uploads\/2019\/12\/5c78f20b49c8a347e3015f27_medium-389x360.png 389w, https:\/\/pmza.sk\/wp-content\/uploads\/2019\/12\/5c78f20b49c8a347e3015f27_medium.png 417w\" sizes=\"(max-width: 316px) 100vw, 316px\" \/><\/p>\n<p><img loading=\"lazy\" decoding=\"async\" class=\"wp-image-37594 alignleft\" src=\"https:\/\/pmza.sk\/wp-content\/uploads\/2019\/12\/5c7d270849c8a3485e030634_medium.png\" alt=\"\" width=\"420\" height=\"308\" \/><img loading=\"lazy\" decoding=\"async\" class=\" wp-image-37595 alignleft\" src=\"https:\/\/pmza.sk\/wp-content\/uploads\/2019\/12\/5c7e318449c8a34820036441_medium-262x360.png\" alt=\"\" width=\"241\" height=\"331\" srcset=\"https:\/\/pmza.sk\/wp-content\/uploads\/2019\/12\/5c7e318449c8a34820036441_medium-262x360.png 262w, https:\/\/pmza.sk\/wp-content\/uploads\/2019\/12\/5c7e318449c8a34820036441_medium.png 281w\" sizes=\"(max-width: 241px) 100vw, 241px\" \/><\/p>\n","protected":false},"excerpt":{"rendered":"<p>Slovensk\u00e1 po\u0161ta, a. s., vydala v novembri 2019 po\u0161tov\u00fa zn\u00e1mku \u201eVianoce 2019: Tradi\u010dn\u00e9 slovensk\u00e9 drot\u00e1rstvo\u201c, so \u0161pecifick\u00fdm symbolom T2 50g. Ozna\u010denie zodpoved\u00e1 cene, ktor\u00e1 sa zhoduje s v\u00fd\u0161kou po\u0161tovej sadzby za list 2. triedy do hmotnosti 50 g vo vn\u00fatro\u0161t\u00e1tnom styku, polo\u017eka L. 2. 01 Tarify SP, a. s. Po\u0161tov\u00e1 zn\u00e1mka rozmerov 33,9 \u00d7 26,5 [&hellip;]<\/p>\n","protected":false},"author":2,"featured_media":37587,"comment_status":"closed","ping_status":"closed","sticky":false,"template":"","format":"standard","meta":{"site-sidebar-layout":"default","site-content-layout":"","ast-site-content-layout":"","site-content-style":"default","site-sidebar-style":"default","ast-global-header-display":"","ast-banner-title-visibility":"","ast-main-header-display":"","ast-hfb-above-header-display":"","ast-hfb-below-header-display":"","ast-hfb-mobile-header-display":"","site-post-title":"","ast-breadcrumbs-content":"","ast-featured-img":"","footer-sml-layout":"","theme-transparent-header-meta":"","adv-header-id-meta":"","stick-header-meta":"","header-above-stick-meta":"","header-main-stick-meta":"","header-below-stick-meta":"","astra-migrate-meta-layouts":"default","ast-page-background-enabled":"default","ast-page-background-meta":{"desktop":{"background-color":"var(--ast-global-color-4)","background-image":"","background-repeat":"repeat","background-position":"center center","background-size":"auto","background-attachment":"scroll","background-type":"","background-media":"","overlay-type":"","overlay-color":"","overlay-opacity":"","overlay-gradient":""},"tablet":{"background-color":"","background-image":"","background-repeat":"repeat","background-position":"center center","background-size":"auto","background-attachment":"scroll","background-type":"","background-media":"","overlay-type":"","overlay-color":"","overlay-opacity":"","overlay-gradient":""},"mobile":{"background-color":"","background-image":"","background-repeat":"repeat","background-position":"center center","background-size":"auto","background-attachment":"scroll","background-type":"","background-media":"","overlay-type":"","overlay-color":"","overlay-opacity":"","overlay-gradient":""}},"ast-content-background-meta":{"desktop":{"background-color":"var(--ast-global-color-5)","background-image":"","background-repeat":"repeat","background-position":"center center","background-size":"auto","background-attachment":"scroll","background-type":"","background-media":"","overlay-type":"","overlay-color":"","overlay-opacity":"","overlay-gradient":""},"tablet":{"background-color":"var(--ast-global-color-5)","background-image":"","background-repeat":"repeat","background-position":"center center","background-size":"auto","background-attachment":"scroll","background-type":"","background-media":"","overlay-type":"","overlay-color":"","overlay-opacity":"","overlay-gradient":""},"mobile":{"background-color":"var(--ast-global-color-5)","background-image":"","background-repeat":"repeat","background-position":"center center","background-size":"auto","background-attachment":"scroll","background-type":"","background-media":"","overlay-type":"","overlay-color":"","overlay-opacity":"","overlay-gradient":""}},"footnotes":""},"categories":[31],"tags":[],"class_list":["post-37586","post","type-post","status-publish","format-standard","has-post-thumbnail","hentry","category-aktuality"],"yoast_head":"<!-- This site is optimized with the Yoast SEO plugin v27.4 - https:\/\/yoast.com\/product\/yoast-seo-wordpress\/ -->\n<title>Drot\u00e1rstvo mot\u00edvom po\u0161tovej zn\u00e1mky Vianoce 2019 - Pova\u017esk\u00e9 m\u00fazeum<\/title>\n<meta name=\"robots\" content=\"index, follow, max-snippet:-1, max-image-preview:large, max-video-preview:-1\" \/>\n<link rel=\"canonical\" href=\"https:\/\/pmza.sk\/?p=37586\" \/>\n<meta property=\"og:locale\" content=\"sk_SK\" \/>\n<meta property=\"og:type\" content=\"article\" \/>\n<meta property=\"og:title\" content=\"Drot\u00e1rstvo mot\u00edvom po\u0161tovej zn\u00e1mky Vianoce 2019 - Pova\u017esk\u00e9 m\u00fazeum\" \/>\n<meta property=\"og:description\" content=\"Slovensk\u00e1 po\u0161ta, a. s., vydala v novembri 2019 po\u0161tov\u00fa zn\u00e1mku \u201eVianoce 2019: Tradi\u010dn\u00e9 slovensk\u00e9 drot\u00e1rstvo\u201c, so \u0161pecifick\u00fdm symbolom T2 50g. Ozna\u010denie zodpoved\u00e1 cene, ktor\u00e1 sa zhoduje s v\u00fd\u0161kou po\u0161tovej sadzby za list 2. triedy do hmotnosti 50 g vo vn\u00fatro\u0161t\u00e1tnom styku, polo\u017eka L. 2. 01 Tarify SP, a. s. Po\u0161tov\u00e1 zn\u00e1mka rozmerov 33,9 \u00d7 26,5 [&hellip;]\" \/>\n<meta property=\"og:url\" content=\"https:\/\/pmza.sk\/?p=37586\" \/>\n<meta property=\"og:site_name\" content=\"Pova\u017esk\u00e9 m\u00fazeum\" \/>\n<meta property=\"article:publisher\" content=\"https:\/\/www.facebook.com\/povazskemuzeum\" \/>\n<meta property=\"article:published_time\" content=\"2019-12-06T08:27:57+00:00\" \/>\n<meta property=\"og:image\" content=\"https:\/\/pmza.sk\/wp-content\/uploads\/2019\/12\/znamka-Vianoce-2019.png\" \/>\n\t<meta property=\"og:image:width\" content=\"359\" \/>\n\t<meta property=\"og:image:height\" content=\"454\" \/>\n\t<meta property=\"og:image:type\" content=\"image\/png\" \/>\n<meta name=\"author\" content=\"Pova\u017esk\u00e9 m\u00fazeum\" \/>\n<meta name=\"twitter:card\" content=\"summary_large_image\" \/>\n<meta name=\"twitter:label1\" content=\"Autor\" \/>\n\t<meta name=\"twitter:data1\" content=\"Pova\u017esk\u00e9 m\u00fazeum\" \/>\n\t<meta name=\"twitter:label2\" content=\"Predpokladan\u00fd \u010das \u010d\u00edtania\" \/>\n\t<meta name=\"twitter:data2\" content=\"3 min\u00faty\" \/>\n<script type=\"application\/ld+json\" class=\"yoast-schema-graph\">{\"@context\":\"https:\\\/\\\/schema.org\",\"@graph\":[{\"@type\":\"Article\",\"@id\":\"https:\\\/\\\/pmza.sk\\\/?p=37586#article\",\"isPartOf\":{\"@id\":\"https:\\\/\\\/pmza.sk\\\/?p=37586\"},\"author\":{\"name\":\"Pova\u017esk\u00e9 m\u00fazeum\",\"@id\":\"https:\\\/\\\/pmza.sk\\\/#\\\/schema\\\/person\\\/595e6a2ce731ea94dcd5d7f50a41ae33\"},\"headline\":\"Drot\u00e1rstvo mot\u00edvom po\u0161tovej zn\u00e1mky Vianoce 2019\",\"datePublished\":\"2019-12-06T08:27:57+00:00\",\"mainEntityOfPage\":{\"@id\":\"https:\\\/\\\/pmza.sk\\\/?p=37586\"},\"wordCount\":617,\"publisher\":{\"@id\":\"https:\\\/\\\/pmza.sk\\\/#organization\"},\"image\":{\"@id\":\"https:\\\/\\\/pmza.sk\\\/?p=37586#primaryimage\"},\"thumbnailUrl\":\"https:\\\/\\\/pmza.sk\\\/wp-content\\\/uploads\\\/2019\\\/12\\\/znamka-Vianoce-2019.png\",\"articleSection\":[\"Aktuality\"],\"inLanguage\":\"sk-SK\"},{\"@type\":\"WebPage\",\"@id\":\"https:\\\/\\\/pmza.sk\\\/?p=37586\",\"url\":\"https:\\\/\\\/pmza.sk\\\/?p=37586\",\"name\":\"Drot\u00e1rstvo mot\u00edvom po\u0161tovej zn\u00e1mky Vianoce 2019 - Pova\u017esk\u00e9 m\u00fazeum\",\"isPartOf\":{\"@id\":\"https:\\\/\\\/pmza.sk\\\/#website\"},\"primaryImageOfPage\":{\"@id\":\"https:\\\/\\\/pmza.sk\\\/?p=37586#primaryimage\"},\"image\":{\"@id\":\"https:\\\/\\\/pmza.sk\\\/?p=37586#primaryimage\"},\"thumbnailUrl\":\"https:\\\/\\\/pmza.sk\\\/wp-content\\\/uploads\\\/2019\\\/12\\\/znamka-Vianoce-2019.png\",\"datePublished\":\"2019-12-06T08:27:57+00:00\",\"breadcrumb\":{\"@id\":\"https:\\\/\\\/pmza.sk\\\/?p=37586#breadcrumb\"},\"inLanguage\":\"sk-SK\",\"potentialAction\":[{\"@type\":\"ReadAction\",\"target\":[\"https:\\\/\\\/pmza.sk\\\/?p=37586\"]}]},{\"@type\":\"ImageObject\",\"inLanguage\":\"sk-SK\",\"@id\":\"https:\\\/\\\/pmza.sk\\\/?p=37586#primaryimage\",\"url\":\"https:\\\/\\\/pmza.sk\\\/wp-content\\\/uploads\\\/2019\\\/12\\\/znamka-Vianoce-2019.png\",\"contentUrl\":\"https:\\\/\\\/pmza.sk\\\/wp-content\\\/uploads\\\/2019\\\/12\\\/znamka-Vianoce-2019.png\",\"width\":359,\"height\":454},{\"@type\":\"BreadcrumbList\",\"@id\":\"https:\\\/\\\/pmza.sk\\\/?p=37586#breadcrumb\",\"itemListElement\":[{\"@type\":\"ListItem\",\"position\":1,\"name\":\"Domovsk\u00e1 str\u00e1nka\",\"item\":\"https:\\\/\\\/pmza.sk\\\/\"},{\"@type\":\"ListItem\",\"position\":2,\"name\":\"Drot\u00e1rstvo mot\u00edvom po\u0161tovej zn\u00e1mky Vianoce 2019\"}]},{\"@type\":\"WebSite\",\"@id\":\"https:\\\/\\\/pmza.sk\\\/#website\",\"url\":\"https:\\\/\\\/pmza.sk\\\/\",\"name\":\"Pova\u017esk\u00e9 m\u00fazeum\",\"description\":\"Pova\u017esk\u00e9 m\u00fazeum v \u017diline je region\u00e1lne m\u00fazeum so s\u00eddlom v Budat\u00edne. Jeho expoz\u00edcie s\u00fa zameran\u00e9 na dejiny slovensk\u00e9ho umenia, kult\u00fary a dopravy.\",\"publisher\":{\"@id\":\"https:\\\/\\\/pmza.sk\\\/#organization\"},\"potentialAction\":[{\"@type\":\"SearchAction\",\"target\":{\"@type\":\"EntryPoint\",\"urlTemplate\":\"https:\\\/\\\/pmza.sk\\\/?s={search_term_string}\"},\"query-input\":{\"@type\":\"PropertyValueSpecification\",\"valueRequired\":true,\"valueName\":\"search_term_string\"}}],\"inLanguage\":\"sk-SK\"},{\"@type\":\"Organization\",\"@id\":\"https:\\\/\\\/pmza.sk\\\/#organization\",\"name\":\"Pova\u017esk\u00e9 m\u00fazeum\",\"url\":\"https:\\\/\\\/pmza.sk\\\/\",\"logo\":{\"@type\":\"ImageObject\",\"inLanguage\":\"sk-SK\",\"@id\":\"https:\\\/\\\/pmza.sk\\\/#\\\/schema\\\/logo\\\/image\\\/\",\"url\":\"https:\\\/\\\/pmza.sk\\\/wp-content\\\/uploads\\\/2022\\\/01\\\/logo_PM_horizontal.jpg\",\"contentUrl\":\"https:\\\/\\\/pmza.sk\\\/wp-content\\\/uploads\\\/2022\\\/01\\\/logo_PM_horizontal.jpg\",\"width\":231,\"height\":142,\"caption\":\"Pova\u017esk\u00e9 m\u00fazeum\"},\"image\":{\"@id\":\"https:\\\/\\\/pmza.sk\\\/#\\\/schema\\\/logo\\\/image\\\/\"},\"sameAs\":[\"https:\\\/\\\/www.facebook.com\\\/povazskemuzeum\",\"https:\\\/\\\/www.instagram.com\\\/povazskemuzeum\\\/\"]},{\"@type\":\"Person\",\"@id\":\"https:\\\/\\\/pmza.sk\\\/#\\\/schema\\\/person\\\/595e6a2ce731ea94dcd5d7f50a41ae33\",\"name\":\"Pova\u017esk\u00e9 m\u00fazeum\",\"image\":{\"@type\":\"ImageObject\",\"inLanguage\":\"sk-SK\",\"@id\":\"https:\\\/\\\/secure.gravatar.com\\\/avatar\\\/2bb7f1561282132fb5826dfeccc66c7996d11ee392ac6aaf7ced8a1c2027fbb2?s=96&d=mm&r=g\",\"url\":\"https:\\\/\\\/secure.gravatar.com\\\/avatar\\\/2bb7f1561282132fb5826dfeccc66c7996d11ee392ac6aaf7ced8a1c2027fbb2?s=96&d=mm&r=g\",\"contentUrl\":\"https:\\\/\\\/secure.gravatar.com\\\/avatar\\\/2bb7f1561282132fb5826dfeccc66c7996d11ee392ac6aaf7ced8a1c2027fbb2?s=96&d=mm&r=g\",\"caption\":\"Pova\u017esk\u00e9 m\u00fazeum\"}}]}<\/script>\n<!-- \/ Yoast SEO plugin. -->","yoast_head_json":{"title":"Drot\u00e1rstvo mot\u00edvom po\u0161tovej zn\u00e1mky Vianoce 2019 - Pova\u017esk\u00e9 m\u00fazeum","robots":{"index":"index","follow":"follow","max-snippet":"max-snippet:-1","max-image-preview":"max-image-preview:large","max-video-preview":"max-video-preview:-1"},"canonical":"https:\/\/pmza.sk\/?p=37586","og_locale":"sk_SK","og_type":"article","og_title":"Drot\u00e1rstvo mot\u00edvom po\u0161tovej zn\u00e1mky Vianoce 2019 - Pova\u017esk\u00e9 m\u00fazeum","og_description":"Slovensk\u00e1 po\u0161ta, a. s., vydala v novembri 2019 po\u0161tov\u00fa zn\u00e1mku \u201eVianoce 2019: Tradi\u010dn\u00e9 slovensk\u00e9 drot\u00e1rstvo\u201c, so \u0161pecifick\u00fdm symbolom T2 50g. Ozna\u010denie zodpoved\u00e1 cene, ktor\u00e1 sa zhoduje s v\u00fd\u0161kou po\u0161tovej sadzby za list 2. triedy do hmotnosti 50 g vo vn\u00fatro\u0161t\u00e1tnom styku, polo\u017eka L. 2. 01 Tarify SP, a. s. Po\u0161tov\u00e1 zn\u00e1mka rozmerov 33,9 \u00d7 26,5 [&hellip;]","og_url":"https:\/\/pmza.sk\/?p=37586","og_site_name":"Pova\u017esk\u00e9 m\u00fazeum","article_publisher":"https:\/\/www.facebook.com\/povazskemuzeum","article_published_time":"2019-12-06T08:27:57+00:00","og_image":[{"width":359,"height":454,"url":"https:\/\/pmza.sk\/wp-content\/uploads\/2019\/12\/znamka-Vianoce-2019.png","type":"image\/png"}],"author":"Pova\u017esk\u00e9 m\u00fazeum","twitter_card":"summary_large_image","twitter_misc":{"Autor":"Pova\u017esk\u00e9 m\u00fazeum","Predpokladan\u00fd \u010das \u010d\u00edtania":"3 min\u00faty"},"schema":{"@context":"https:\/\/schema.org","@graph":[{"@type":"Article","@id":"https:\/\/pmza.sk\/?p=37586#article","isPartOf":{"@id":"https:\/\/pmza.sk\/?p=37586"},"author":{"name":"Pova\u017esk\u00e9 m\u00fazeum","@id":"https:\/\/pmza.sk\/#\/schema\/person\/595e6a2ce731ea94dcd5d7f50a41ae33"},"headline":"Drot\u00e1rstvo mot\u00edvom po\u0161tovej zn\u00e1mky Vianoce 2019","datePublished":"2019-12-06T08:27:57+00:00","mainEntityOfPage":{"@id":"https:\/\/pmza.sk\/?p=37586"},"wordCount":617,"publisher":{"@id":"https:\/\/pmza.sk\/#organization"},"image":{"@id":"https:\/\/pmza.sk\/?p=37586#primaryimage"},"thumbnailUrl":"https:\/\/pmza.sk\/wp-content\/uploads\/2019\/12\/znamka-Vianoce-2019.png","articleSection":["Aktuality"],"inLanguage":"sk-SK"},{"@type":"WebPage","@id":"https:\/\/pmza.sk\/?p=37586","url":"https:\/\/pmza.sk\/?p=37586","name":"Drot\u00e1rstvo mot\u00edvom po\u0161tovej zn\u00e1mky Vianoce 2019 - Pova\u017esk\u00e9 m\u00fazeum","isPartOf":{"@id":"https:\/\/pmza.sk\/#website"},"primaryImageOfPage":{"@id":"https:\/\/pmza.sk\/?p=37586#primaryimage"},"image":{"@id":"https:\/\/pmza.sk\/?p=37586#primaryimage"},"thumbnailUrl":"https:\/\/pmza.sk\/wp-content\/uploads\/2019\/12\/znamka-Vianoce-2019.png","datePublished":"2019-12-06T08:27:57+00:00","breadcrumb":{"@id":"https:\/\/pmza.sk\/?p=37586#breadcrumb"},"inLanguage":"sk-SK","potentialAction":[{"@type":"ReadAction","target":["https:\/\/pmza.sk\/?p=37586"]}]},{"@type":"ImageObject","inLanguage":"sk-SK","@id":"https:\/\/pmza.sk\/?p=37586#primaryimage","url":"https:\/\/pmza.sk\/wp-content\/uploads\/2019\/12\/znamka-Vianoce-2019.png","contentUrl":"https:\/\/pmza.sk\/wp-content\/uploads\/2019\/12\/znamka-Vianoce-2019.png","width":359,"height":454},{"@type":"BreadcrumbList","@id":"https:\/\/pmza.sk\/?p=37586#breadcrumb","itemListElement":[{"@type":"ListItem","position":1,"name":"Domovsk\u00e1 str\u00e1nka","item":"https:\/\/pmza.sk\/"},{"@type":"ListItem","position":2,"name":"Drot\u00e1rstvo mot\u00edvom po\u0161tovej zn\u00e1mky Vianoce 2019"}]},{"@type":"WebSite","@id":"https:\/\/pmza.sk\/#website","url":"https:\/\/pmza.sk\/","name":"Pova\u017esk\u00e9 m\u00fazeum","description":"Pova\u017esk\u00e9 m\u00fazeum v \u017diline je region\u00e1lne m\u00fazeum so s\u00eddlom v Budat\u00edne. Jeho expoz\u00edcie s\u00fa zameran\u00e9 na dejiny slovensk\u00e9ho umenia, kult\u00fary a dopravy.","publisher":{"@id":"https:\/\/pmza.sk\/#organization"},"potentialAction":[{"@type":"SearchAction","target":{"@type":"EntryPoint","urlTemplate":"https:\/\/pmza.sk\/?s={search_term_string}"},"query-input":{"@type":"PropertyValueSpecification","valueRequired":true,"valueName":"search_term_string"}}],"inLanguage":"sk-SK"},{"@type":"Organization","@id":"https:\/\/pmza.sk\/#organization","name":"Pova\u017esk\u00e9 m\u00fazeum","url":"https:\/\/pmza.sk\/","logo":{"@type":"ImageObject","inLanguage":"sk-SK","@id":"https:\/\/pmza.sk\/#\/schema\/logo\/image\/","url":"https:\/\/pmza.sk\/wp-content\/uploads\/2022\/01\/logo_PM_horizontal.jpg","contentUrl":"https:\/\/pmza.sk\/wp-content\/uploads\/2022\/01\/logo_PM_horizontal.jpg","width":231,"height":142,"caption":"Pova\u017esk\u00e9 m\u00fazeum"},"image":{"@id":"https:\/\/pmza.sk\/#\/schema\/logo\/image\/"},"sameAs":["https:\/\/www.facebook.com\/povazskemuzeum","https:\/\/www.instagram.com\/povazskemuzeum\/"]},{"@type":"Person","@id":"https:\/\/pmza.sk\/#\/schema\/person\/595e6a2ce731ea94dcd5d7f50a41ae33","name":"Pova\u017esk\u00e9 m\u00fazeum","image":{"@type":"ImageObject","inLanguage":"sk-SK","@id":"https:\/\/secure.gravatar.com\/avatar\/2bb7f1561282132fb5826dfeccc66c7996d11ee392ac6aaf7ced8a1c2027fbb2?s=96&d=mm&r=g","url":"https:\/\/secure.gravatar.com\/avatar\/2bb7f1561282132fb5826dfeccc66c7996d11ee392ac6aaf7ced8a1c2027fbb2?s=96&d=mm&r=g","contentUrl":"https:\/\/secure.gravatar.com\/avatar\/2bb7f1561282132fb5826dfeccc66c7996d11ee392ac6aaf7ced8a1c2027fbb2?s=96&d=mm&r=g","caption":"Pova\u017esk\u00e9 m\u00fazeum"}}]}},"_links":{"self":[{"href":"https:\/\/pmza.sk\/index.php?rest_route=\/wp\/v2\/posts\/37586","targetHints":{"allow":["GET"]}}],"collection":[{"href":"https:\/\/pmza.sk\/index.php?rest_route=\/wp\/v2\/posts"}],"about":[{"href":"https:\/\/pmza.sk\/index.php?rest_route=\/wp\/v2\/types\/post"}],"author":[{"embeddable":true,"href":"https:\/\/pmza.sk\/index.php?rest_route=\/wp\/v2\/users\/2"}],"replies":[{"embeddable":true,"href":"https:\/\/pmza.sk\/index.php?rest_route=%2Fwp%2Fv2%2Fcomments&post=37586"}],"version-history":[{"count":0,"href":"https:\/\/pmza.sk\/index.php?rest_route=\/wp\/v2\/posts\/37586\/revisions"}],"wp:featuredmedia":[{"embeddable":true,"href":"https:\/\/pmza.sk\/index.php?rest_route=\/wp\/v2\/media\/37587"}],"wp:attachment":[{"href":"https:\/\/pmza.sk\/index.php?rest_route=%2Fwp%2Fv2%2Fmedia&parent=37586"}],"wp:term":[{"taxonomy":"category","embeddable":true,"href":"https:\/\/pmza.sk\/index.php?rest_route=%2Fwp%2Fv2%2Fcategories&post=37586"},{"taxonomy":"post_tag","embeddable":true,"href":"https:\/\/pmza.sk\/index.php?rest_route=%2Fwp%2Fv2%2Ftags&post=37586"}],"curies":[{"name":"wp","href":"https:\/\/api.w.org\/{rel}","templated":true}]}}