{"id":3759,"date":"2011-08-18T13:08:21","date_gmt":"2011-08-18T11:08:21","guid":{"rendered":"https:\/\/pmza.sk.sk\/?p=3759"},"modified":"2011-08-18T13:08:21","modified_gmt":"2011-08-18T11:08:21","slug":"kysucke-premeny-stanislava-mikovcaka","status":"publish","type":"post","link":"https:\/\/pmza.sk\/?p=3759","title":{"rendered":"Kysuck\u00e9 premeny Stanislava Mikov\u010d\u00e1ka"},"content":{"rendered":"<p><a href=\"https:\/\/pmza.sk\/wp-content\/uploads\/2011\/08\/pod-kridlami.jpg\"><img fetchpriority=\"high\" decoding=\"async\" class=\"alignleft size-medium wp-image-3761\" style=\"margin: 4px; border: 2px solid black;\" title=\"pod kridlami\" src=\"https:\/\/pmza.sk.sk\/wp-content\/uploads\/2011\/08\/pod-kridlami-199x300.jpg\" alt=\"\" width=\"199\" height=\"300\" \/><\/a>\u010eal\u0161ia v\u00fdstava z\u00a0cyklu <strong>Umenie na hrade<\/strong> u\u017e \u010doskoro pon\u00fakne n\u00e1v\u0161tevn\u00edkom hradu Stre\u010dno diela kysuck\u00e9ho v\u00fdtvarn\u00edka Stanislava Mikov\u010d\u00e1ka. S\u00faborom kovan\u00fdch s\u00f4ch a\u00a0objektov, v \u00a0ktor\u00fdch s\u00fa zauj\u00edmavo zakomponovan\u00e9 star\u00e9 kovan\u00e9 predmety, \u00a0sa autor sna\u017e\u00ed pribli\u017ei\u0165 a sprostredkova\u0165 svoje rodn\u00e9 Kysuce v\u00a0origin\u00e1lnych podob\u00e1ch. \u201e<em>Pre svoju tvoriv\u00fa pr\u00e1cu pou\u017e\u00edva Stano Mikov\u010d\u00e1k veci n\u00e1jden\u00e9, napr\u00edklad star\u00e9 kovania a\u00a0tieto veci, tak ako s\u00fa, o\u017eivuje, d\u00e1va im nov\u00fd estetick\u00fd zmysel. Je v\u00f4bec zauj\u00edmav\u00e9, ko\u013eko variant svojich objektov dok\u00e1\u017ee vytvori\u0165, v\u017edy ale d\u00e1va prednos\u0165 prirodzen\u00e9mu tvaru a\u00a0farbe, nem\u00e1 potrebu umelej polychr\u00f3mie alebo \u010fal\u0161\u00edch z\u00e1sahov do svojho tvoriv\u00e9ho celku. V\u00a0jednom zo svojich najzn\u00e1mej\u0161\u00edch objektov nech\u00e1va prehovori\u0165 drevo, jeho st\u00e1ro\u010dn\u00e9 \u0161trukt\u00fary a\u00a0r\u00f4zne odtiene farieb. Odvek\u00fd vz\u00e1jomn\u00fd dial\u00f3g kovu a\u00a0dreva je tu uveden\u00fd vo svojej dokonalosti. V\u0161etky tak\u00e9to kompoz\u00edcie, maxim\u00e1lne autentick\u00e9, osobit\u00e9, dosved\u010duj\u00fa mnohostrannos\u0165 autorovho v\u00fdtvarn\u00e9ho vyjadrenia. V\u00fdtvarn\u00edk je v\u00a0nich svoj\u00edm sp\u00f4sobom jedin\u00fd a\u00a0jedine\u010dn\u00fd,<\/em>\u201c povedal Milan Maz\u00far, kur\u00e1tor v\u00fdstavy.<!--more--><br \/>\nStanislav Mikov\u010d\u00e1k sa narodil v\u00a0Turzovke. Po \u0161t\u00fadi\u00e1ch na Gymn\u00e1ziu v\u00a0\u010cadci absolvoval v\u00a0roku 1988 Stavebn\u00fa fakultu Slovenskej vysokej \u0161koly technickej v\u00a0Bratislave , na ktorej po \u0161t\u00fadi\u00e1ch p\u00f4sobil ako odborn\u00fd asistent. V\u00a0s\u00fa\u010dasnosti pracuje ako projektant a\u00a0venuje sa v\u00fdtvarn\u00e9mu umeniu. V\u00fdznamne sa pri\u010dinil\u00a0 o\u00a0rozvoj exteri\u00e9rovej soch\u00e1rskej expoz\u00edcie na Javorn\u00edkoch, a\u00a0taktie\u017e sa \u00a0autorsky podie\u013eal na\u00a0 v\u00fdstavbe a\u00a0architekt\u00fare turistick\u00fdch rozh\u013eadn\u00ed na Javorn\u00edkoch.\u00a0 Zn\u00e1ma je jeho rozh\u013ead\u0148a na Kamenitom, ktor\u00fa postavil so svojimi synmi Viktorom a\u00a0Martinom.<\/p>\n<p>Stanislav Mikov\u010d\u00e1k \u00a0v s\u00fa\u010dasnosti vystavuje svoje kovan\u00e9 diela v\u00a0rodnej Turzovke a \u00a0v\u00a0po\u013eskom Bialsko Biala. Severn\u00fd pal\u00e1c hradu Stre\u010dno je \u010fal\u0161\u00edm miestom prezent\u00e1cie jeho v\u00fdtvarnej pr\u00e1ce. Vernis\u00e1\u017e v\u00fdstavy sa <strong>Kysuck\u00e9 premeny<\/strong> sa uskuto\u010dn\u00ed <strong>v\u00a0piatok 26. augusta 2011 o\u00a018,00h na hrade Stre\u010dno. <\/strong>V\u00fdstava bude spr\u00edstupnen\u00e1 verejnosti do 21. septembra 2011. Organiz\u00e1torom je \u017dilinsk\u00fd samospr\u00e1vny kraj a\u00a0Pova\u017esk\u00e9 m\u00fazeum v\u00a0\u017diline.<\/p>\n","protected":false},"excerpt":{"rendered":"<p>\u010eal\u0161ia v\u00fdstava z\u00a0cyklu Umenie na hrade u\u017e \u010doskoro pon\u00fakne n\u00e1v\u0161tevn\u00edkom hradu Stre\u010dno diela kysuck\u00e9ho v\u00fdtvarn\u00edka Stanislava Mikov\u010d\u00e1ka. S\u00faborom kovan\u00fdch s\u00f4ch a\u00a0objektov, v \u00a0ktor\u00fdch s\u00fa zauj\u00edmavo zakomponovan\u00e9 star\u00e9 kovan\u00e9 predmety, \u00a0sa autor sna\u017e\u00ed pribli\u017ei\u0165 a sprostredkova\u0165 svoje rodn\u00e9 Kysuce v\u00a0origin\u00e1lnych podob\u00e1ch. \u201ePre svoju tvoriv\u00fa pr\u00e1cu pou\u017e\u00edva Stano Mikov\u010d\u00e1k veci n\u00e1jden\u00e9, napr\u00edklad star\u00e9 kovania a\u00a0tieto veci, tak [&hellip;]<\/p>\n","protected":false},"author":1,"featured_media":0,"comment_status":"closed","ping_status":"closed","sticky":false,"template":"","format":"standard","meta":{"site-sidebar-layout":"default","site-content-layout":"","ast-site-content-layout":"","site-content-style":"default","site-sidebar-style":"default","ast-global-header-display":"","ast-banner-title-visibility":"","ast-main-header-display":"","ast-hfb-above-header-display":"","ast-hfb-below-header-display":"","ast-hfb-mobile-header-display":"","site-post-title":"","ast-breadcrumbs-content":"","ast-featured-img":"","footer-sml-layout":"","theme-transparent-header-meta":"","adv-header-id-meta":"","stick-header-meta":"","header-above-stick-meta":"","header-main-stick-meta":"","header-below-stick-meta":"","astra-migrate-meta-layouts":"default","ast-page-background-enabled":"default","ast-page-background-meta":{"desktop":{"background-color":"var(--ast-global-color-4)","background-image":"","background-repeat":"repeat","background-position":"center center","background-size":"auto","background-attachment":"scroll","background-type":"","background-media":"","overlay-type":"","overlay-color":"","overlay-opacity":"","overlay-gradient":""},"tablet":{"background-color":"","background-image":"","background-repeat":"repeat","background-position":"center center","background-size":"auto","background-attachment":"scroll","background-type":"","background-media":"","overlay-type":"","overlay-color":"","overlay-opacity":"","overlay-gradient":""},"mobile":{"background-color":"","background-image":"","background-repeat":"repeat","background-position":"center center","background-size":"auto","background-attachment":"scroll","background-type":"","background-media":"","overlay-type":"","overlay-color":"","overlay-opacity":"","overlay-gradient":""}},"ast-content-background-meta":{"desktop":{"background-color":"var(--ast-global-color-5)","background-image":"","background-repeat":"repeat","background-position":"center center","background-size":"auto","background-attachment":"scroll","background-type":"","background-media":"","overlay-type":"","overlay-color":"","overlay-opacity":"","overlay-gradient":""},"tablet":{"background-color":"var(--ast-global-color-5)","background-image":"","background-repeat":"repeat","background-position":"center center","background-size":"auto","background-attachment":"scroll","background-type":"","background-media":"","overlay-type":"","overlay-color":"","overlay-opacity":"","overlay-gradient":""},"mobile":{"background-color":"var(--ast-global-color-5)","background-image":"","background-repeat":"repeat","background-position":"center center","background-size":"auto","background-attachment":"scroll","background-type":"","background-media":"","overlay-type":"","overlay-color":"","overlay-opacity":"","overlay-gradient":""}},"footnotes":""},"categories":[30],"tags":[],"class_list":["post-3759","post","type-post","status-publish","format-standard","hentry","category-archiv-2011"],"yoast_head":"<!-- This site is optimized with the Yoast SEO plugin v27.4 - https:\/\/yoast.com\/product\/yoast-seo-wordpress\/ -->\n<title>Kysuck\u00e9 premeny Stanislava Mikov\u010d\u00e1ka - Pova\u017esk\u00e9 m\u00fazeum<\/title>\n<meta name=\"robots\" content=\"index, follow, max-snippet:-1, max-image-preview:large, max-video-preview:-1\" \/>\n<link rel=\"canonical\" href=\"https:\/\/pmza.sk\/?p=3759\" \/>\n<meta property=\"og:locale\" content=\"sk_SK\" \/>\n<meta property=\"og:type\" content=\"article\" \/>\n<meta property=\"og:title\" content=\"Kysuck\u00e9 premeny Stanislava Mikov\u010d\u00e1ka - Pova\u017esk\u00e9 m\u00fazeum\" \/>\n<meta property=\"og:description\" content=\"\u010eal\u0161ia v\u00fdstava z\u00a0cyklu Umenie na hrade u\u017e \u010doskoro pon\u00fakne n\u00e1v\u0161tevn\u00edkom hradu Stre\u010dno diela kysuck\u00e9ho v\u00fdtvarn\u00edka Stanislava Mikov\u010d\u00e1ka. S\u00faborom kovan\u00fdch s\u00f4ch a\u00a0objektov, v \u00a0ktor\u00fdch s\u00fa zauj\u00edmavo zakomponovan\u00e9 star\u00e9 kovan\u00e9 predmety, \u00a0sa autor sna\u017e\u00ed pribli\u017ei\u0165 a sprostredkova\u0165 svoje rodn\u00e9 Kysuce v\u00a0origin\u00e1lnych podob\u00e1ch. \u201ePre svoju tvoriv\u00fa pr\u00e1cu pou\u017e\u00edva Stano Mikov\u010d\u00e1k veci n\u00e1jden\u00e9, napr\u00edklad star\u00e9 kovania a\u00a0tieto veci, tak [&hellip;]\" \/>\n<meta property=\"og:url\" content=\"https:\/\/pmza.sk\/?p=3759\" \/>\n<meta property=\"og:site_name\" content=\"Pova\u017esk\u00e9 m\u00fazeum\" \/>\n<meta property=\"article:publisher\" content=\"https:\/\/www.facebook.com\/povazskemuzeum\" \/>\n<meta property=\"article:published_time\" content=\"2011-08-18T11:08:21+00:00\" \/>\n<meta property=\"og:image\" content=\"https:\/\/pmza.sk.sk\/wp-content\/uploads\/2011\/08\/pod-kridlami-199x300.jpg\" \/>\n<meta name=\"author\" content=\"libor\" \/>\n<meta name=\"twitter:card\" content=\"summary_large_image\" \/>\n<meta name=\"twitter:label1\" content=\"Autor\" \/>\n\t<meta name=\"twitter:data1\" content=\"libor\" \/>\n\t<meta name=\"twitter:label2\" content=\"Predpokladan\u00fd \u010das \u010d\u00edtania\" \/>\n\t<meta name=\"twitter:data2\" content=\"2 min\u00faty\" \/>\n<script type=\"application\/ld+json\" class=\"yoast-schema-graph\">{\"@context\":\"https:\\\/\\\/schema.org\",\"@graph\":[{\"@type\":\"Article\",\"@id\":\"https:\\\/\\\/pmza.sk\\\/?p=3759#article\",\"isPartOf\":{\"@id\":\"https:\\\/\\\/pmza.sk\\\/?p=3759\"},\"author\":{\"name\":\"libor\",\"@id\":\"https:\\\/\\\/pmza.sk\\\/#\\\/schema\\\/person\\\/f0b923a9aa8e1f67feef0d7cd9afde35\"},\"headline\":\"Kysuck\u00e9 premeny Stanislava Mikov\u010d\u00e1ka\",\"datePublished\":\"2011-08-18T11:08:21+00:00\",\"mainEntityOfPage\":{\"@id\":\"https:\\\/\\\/pmza.sk\\\/?p=3759\"},\"wordCount\":393,\"publisher\":{\"@id\":\"https:\\\/\\\/pmza.sk\\\/#organization\"},\"image\":{\"@id\":\"https:\\\/\\\/pmza.sk\\\/?p=3759#primaryimage\"},\"thumbnailUrl\":\"http:\\\/\\\/pmza.sk.sk\\\/wp-content\\\/uploads\\\/2011\\\/08\\\/pod-kridlami-199x300.jpg\",\"articleSection\":[\"Arch\u00edv 2011\"],\"inLanguage\":\"sk-SK\"},{\"@type\":\"WebPage\",\"@id\":\"https:\\\/\\\/pmza.sk\\\/?p=3759\",\"url\":\"https:\\\/\\\/pmza.sk\\\/?p=3759\",\"name\":\"Kysuck\u00e9 premeny Stanislava Mikov\u010d\u00e1ka - Pova\u017esk\u00e9 m\u00fazeum\",\"isPartOf\":{\"@id\":\"https:\\\/\\\/pmza.sk\\\/#website\"},\"primaryImageOfPage\":{\"@id\":\"https:\\\/\\\/pmza.sk\\\/?p=3759#primaryimage\"},\"image\":{\"@id\":\"https:\\\/\\\/pmza.sk\\\/?p=3759#primaryimage\"},\"thumbnailUrl\":\"http:\\\/\\\/pmza.sk.sk\\\/wp-content\\\/uploads\\\/2011\\\/08\\\/pod-kridlami-199x300.jpg\",\"datePublished\":\"2011-08-18T11:08:21+00:00\",\"breadcrumb\":{\"@id\":\"https:\\\/\\\/pmza.sk\\\/?p=3759#breadcrumb\"},\"inLanguage\":\"sk-SK\",\"potentialAction\":[{\"@type\":\"ReadAction\",\"target\":[\"https:\\\/\\\/pmza.sk\\\/?p=3759\"]}]},{\"@type\":\"ImageObject\",\"inLanguage\":\"sk-SK\",\"@id\":\"https:\\\/\\\/pmza.sk\\\/?p=3759#primaryimage\",\"url\":\"http:\\\/\\\/pmza.sk.sk\\\/wp-content\\\/uploads\\\/2011\\\/08\\\/pod-kridlami-199x300.jpg\",\"contentUrl\":\"http:\\\/\\\/pmza.sk.sk\\\/wp-content\\\/uploads\\\/2011\\\/08\\\/pod-kridlami-199x300.jpg\"},{\"@type\":\"BreadcrumbList\",\"@id\":\"https:\\\/\\\/pmza.sk\\\/?p=3759#breadcrumb\",\"itemListElement\":[{\"@type\":\"ListItem\",\"position\":1,\"name\":\"Domovsk\u00e1 str\u00e1nka\",\"item\":\"https:\\\/\\\/pmza.sk\\\/\"},{\"@type\":\"ListItem\",\"position\":2,\"name\":\"Kysuck\u00e9 premeny Stanislava Mikov\u010d\u00e1ka\"}]},{\"@type\":\"WebSite\",\"@id\":\"https:\\\/\\\/pmza.sk\\\/#website\",\"url\":\"https:\\\/\\\/pmza.sk\\\/\",\"name\":\"Pova\u017esk\u00e9 m\u00fazeum\",\"description\":\"Pova\u017esk\u00e9 m\u00fazeum v \u017diline je region\u00e1lne m\u00fazeum so s\u00eddlom v Budat\u00edne. Jeho expoz\u00edcie s\u00fa zameran\u00e9 na dejiny slovensk\u00e9ho umenia, kult\u00fary a dopravy.\",\"publisher\":{\"@id\":\"https:\\\/\\\/pmza.sk\\\/#organization\"},\"potentialAction\":[{\"@type\":\"SearchAction\",\"target\":{\"@type\":\"EntryPoint\",\"urlTemplate\":\"https:\\\/\\\/pmza.sk\\\/?s={search_term_string}\"},\"query-input\":{\"@type\":\"PropertyValueSpecification\",\"valueRequired\":true,\"valueName\":\"search_term_string\"}}],\"inLanguage\":\"sk-SK\"},{\"@type\":\"Organization\",\"@id\":\"https:\\\/\\\/pmza.sk\\\/#organization\",\"name\":\"Pova\u017esk\u00e9 m\u00fazeum\",\"url\":\"https:\\\/\\\/pmza.sk\\\/\",\"logo\":{\"@type\":\"ImageObject\",\"inLanguage\":\"sk-SK\",\"@id\":\"https:\\\/\\\/pmza.sk\\\/#\\\/schema\\\/logo\\\/image\\\/\",\"url\":\"https:\\\/\\\/pmza.sk\\\/wp-content\\\/uploads\\\/2022\\\/01\\\/logo_PM_horizontal.jpg\",\"contentUrl\":\"https:\\\/\\\/pmza.sk\\\/wp-content\\\/uploads\\\/2022\\\/01\\\/logo_PM_horizontal.jpg\",\"width\":231,\"height\":142,\"caption\":\"Pova\u017esk\u00e9 m\u00fazeum\"},\"image\":{\"@id\":\"https:\\\/\\\/pmza.sk\\\/#\\\/schema\\\/logo\\\/image\\\/\"},\"sameAs\":[\"https:\\\/\\\/www.facebook.com\\\/povazskemuzeum\",\"https:\\\/\\\/www.instagram.com\\\/povazskemuzeum\\\/\"]},{\"@type\":\"Person\",\"@id\":\"https:\\\/\\\/pmza.sk\\\/#\\\/schema\\\/person\\\/f0b923a9aa8e1f67feef0d7cd9afde35\",\"name\":\"libor\",\"image\":{\"@type\":\"ImageObject\",\"inLanguage\":\"sk-SK\",\"@id\":\"https:\\\/\\\/secure.gravatar.com\\\/avatar\\\/c583dbc698e594aacced1589eb8cf1673bd41d461e8b2ab635484ffc26fee7b0?s=96&d=mm&r=g\",\"url\":\"https:\\\/\\\/secure.gravatar.com\\\/avatar\\\/c583dbc698e594aacced1589eb8cf1673bd41d461e8b2ab635484ffc26fee7b0?s=96&d=mm&r=g\",\"contentUrl\":\"https:\\\/\\\/secure.gravatar.com\\\/avatar\\\/c583dbc698e594aacced1589eb8cf1673bd41d461e8b2ab635484ffc26fee7b0?s=96&d=mm&r=g\",\"caption\":\"libor\"}}]}<\/script>\n<!-- \/ Yoast SEO plugin. -->","yoast_head_json":{"title":"Kysuck\u00e9 premeny Stanislava Mikov\u010d\u00e1ka - Pova\u017esk\u00e9 m\u00fazeum","robots":{"index":"index","follow":"follow","max-snippet":"max-snippet:-1","max-image-preview":"max-image-preview:large","max-video-preview":"max-video-preview:-1"},"canonical":"https:\/\/pmza.sk\/?p=3759","og_locale":"sk_SK","og_type":"article","og_title":"Kysuck\u00e9 premeny Stanislava Mikov\u010d\u00e1ka - Pova\u017esk\u00e9 m\u00fazeum","og_description":"\u010eal\u0161ia v\u00fdstava z\u00a0cyklu Umenie na hrade u\u017e \u010doskoro pon\u00fakne n\u00e1v\u0161tevn\u00edkom hradu Stre\u010dno diela kysuck\u00e9ho v\u00fdtvarn\u00edka Stanislava Mikov\u010d\u00e1ka. S\u00faborom kovan\u00fdch s\u00f4ch a\u00a0objektov, v \u00a0ktor\u00fdch s\u00fa zauj\u00edmavo zakomponovan\u00e9 star\u00e9 kovan\u00e9 predmety, \u00a0sa autor sna\u017e\u00ed pribli\u017ei\u0165 a sprostredkova\u0165 svoje rodn\u00e9 Kysuce v\u00a0origin\u00e1lnych podob\u00e1ch. \u201ePre svoju tvoriv\u00fa pr\u00e1cu pou\u017e\u00edva Stano Mikov\u010d\u00e1k veci n\u00e1jden\u00e9, napr\u00edklad star\u00e9 kovania a\u00a0tieto veci, tak [&hellip;]","og_url":"https:\/\/pmza.sk\/?p=3759","og_site_name":"Pova\u017esk\u00e9 m\u00fazeum","article_publisher":"https:\/\/www.facebook.com\/povazskemuzeum","article_published_time":"2011-08-18T11:08:21+00:00","og_image":[{"url":"https:\/\/pmza.sk.sk\/wp-content\/uploads\/2011\/08\/pod-kridlami-199x300.jpg","type":"","width":"","height":""}],"author":"libor","twitter_card":"summary_large_image","twitter_misc":{"Autor":"libor","Predpokladan\u00fd \u010das \u010d\u00edtania":"2 min\u00faty"},"schema":{"@context":"https:\/\/schema.org","@graph":[{"@type":"Article","@id":"https:\/\/pmza.sk\/?p=3759#article","isPartOf":{"@id":"https:\/\/pmza.sk\/?p=3759"},"author":{"name":"libor","@id":"https:\/\/pmza.sk\/#\/schema\/person\/f0b923a9aa8e1f67feef0d7cd9afde35"},"headline":"Kysuck\u00e9 premeny Stanislava Mikov\u010d\u00e1ka","datePublished":"2011-08-18T11:08:21+00:00","mainEntityOfPage":{"@id":"https:\/\/pmza.sk\/?p=3759"},"wordCount":393,"publisher":{"@id":"https:\/\/pmza.sk\/#organization"},"image":{"@id":"https:\/\/pmza.sk\/?p=3759#primaryimage"},"thumbnailUrl":"https:\/\/pmza.sk.sk\/wp-content\/uploads\/2011\/08\/pod-kridlami-199x300.jpg","articleSection":["Arch\u00edv 2011"],"inLanguage":"sk-SK"},{"@type":"WebPage","@id":"https:\/\/pmza.sk\/?p=3759","url":"https:\/\/pmza.sk\/?p=3759","name":"Kysuck\u00e9 premeny Stanislava Mikov\u010d\u00e1ka - Pova\u017esk\u00e9 m\u00fazeum","isPartOf":{"@id":"https:\/\/pmza.sk\/#website"},"primaryImageOfPage":{"@id":"https:\/\/pmza.sk\/?p=3759#primaryimage"},"image":{"@id":"https:\/\/pmza.sk\/?p=3759#primaryimage"},"thumbnailUrl":"https:\/\/pmza.sk.sk\/wp-content\/uploads\/2011\/08\/pod-kridlami-199x300.jpg","datePublished":"2011-08-18T11:08:21+00:00","breadcrumb":{"@id":"https:\/\/pmza.sk\/?p=3759#breadcrumb"},"inLanguage":"sk-SK","potentialAction":[{"@type":"ReadAction","target":["https:\/\/pmza.sk\/?p=3759"]}]},{"@type":"ImageObject","inLanguage":"sk-SK","@id":"https:\/\/pmza.sk\/?p=3759#primaryimage","url":"https:\/\/pmza.sk.sk\/wp-content\/uploads\/2011\/08\/pod-kridlami-199x300.jpg","contentUrl":"https:\/\/pmza.sk.sk\/wp-content\/uploads\/2011\/08\/pod-kridlami-199x300.jpg"},{"@type":"BreadcrumbList","@id":"https:\/\/pmza.sk\/?p=3759#breadcrumb","itemListElement":[{"@type":"ListItem","position":1,"name":"Domovsk\u00e1 str\u00e1nka","item":"https:\/\/pmza.sk\/"},{"@type":"ListItem","position":2,"name":"Kysuck\u00e9 premeny Stanislava Mikov\u010d\u00e1ka"}]},{"@type":"WebSite","@id":"https:\/\/pmza.sk\/#website","url":"https:\/\/pmza.sk\/","name":"Pova\u017esk\u00e9 m\u00fazeum","description":"Pova\u017esk\u00e9 m\u00fazeum v \u017diline je region\u00e1lne m\u00fazeum so s\u00eddlom v Budat\u00edne. Jeho expoz\u00edcie s\u00fa zameran\u00e9 na dejiny slovensk\u00e9ho umenia, kult\u00fary a dopravy.","publisher":{"@id":"https:\/\/pmza.sk\/#organization"},"potentialAction":[{"@type":"SearchAction","target":{"@type":"EntryPoint","urlTemplate":"https:\/\/pmza.sk\/?s={search_term_string}"},"query-input":{"@type":"PropertyValueSpecification","valueRequired":true,"valueName":"search_term_string"}}],"inLanguage":"sk-SK"},{"@type":"Organization","@id":"https:\/\/pmza.sk\/#organization","name":"Pova\u017esk\u00e9 m\u00fazeum","url":"https:\/\/pmza.sk\/","logo":{"@type":"ImageObject","inLanguage":"sk-SK","@id":"https:\/\/pmza.sk\/#\/schema\/logo\/image\/","url":"https:\/\/pmza.sk\/wp-content\/uploads\/2022\/01\/logo_PM_horizontal.jpg","contentUrl":"https:\/\/pmza.sk\/wp-content\/uploads\/2022\/01\/logo_PM_horizontal.jpg","width":231,"height":142,"caption":"Pova\u017esk\u00e9 m\u00fazeum"},"image":{"@id":"https:\/\/pmza.sk\/#\/schema\/logo\/image\/"},"sameAs":["https:\/\/www.facebook.com\/povazskemuzeum","https:\/\/www.instagram.com\/povazskemuzeum\/"]},{"@type":"Person","@id":"https:\/\/pmza.sk\/#\/schema\/person\/f0b923a9aa8e1f67feef0d7cd9afde35","name":"libor","image":{"@type":"ImageObject","inLanguage":"sk-SK","@id":"https:\/\/secure.gravatar.com\/avatar\/c583dbc698e594aacced1589eb8cf1673bd41d461e8b2ab635484ffc26fee7b0?s=96&d=mm&r=g","url":"https:\/\/secure.gravatar.com\/avatar\/c583dbc698e594aacced1589eb8cf1673bd41d461e8b2ab635484ffc26fee7b0?s=96&d=mm&r=g","contentUrl":"https:\/\/secure.gravatar.com\/avatar\/c583dbc698e594aacced1589eb8cf1673bd41d461e8b2ab635484ffc26fee7b0?s=96&d=mm&r=g","caption":"libor"}}]}},"_links":{"self":[{"href":"https:\/\/pmza.sk\/index.php?rest_route=\/wp\/v2\/posts\/3759","targetHints":{"allow":["GET"]}}],"collection":[{"href":"https:\/\/pmza.sk\/index.php?rest_route=\/wp\/v2\/posts"}],"about":[{"href":"https:\/\/pmza.sk\/index.php?rest_route=\/wp\/v2\/types\/post"}],"author":[{"embeddable":true,"href":"https:\/\/pmza.sk\/index.php?rest_route=\/wp\/v2\/users\/1"}],"replies":[{"embeddable":true,"href":"https:\/\/pmza.sk\/index.php?rest_route=%2Fwp%2Fv2%2Fcomments&post=3759"}],"version-history":[{"count":0,"href":"https:\/\/pmza.sk\/index.php?rest_route=\/wp\/v2\/posts\/3759\/revisions"}],"wp:attachment":[{"href":"https:\/\/pmza.sk\/index.php?rest_route=%2Fwp%2Fv2%2Fmedia&parent=3759"}],"wp:term":[{"taxonomy":"category","embeddable":true,"href":"https:\/\/pmza.sk\/index.php?rest_route=%2Fwp%2Fv2%2Fcategories&post=3759"},{"taxonomy":"post_tag","embeddable":true,"href":"https:\/\/pmza.sk\/index.php?rest_route=%2Fwp%2Fv2%2Ftags&post=3759"}],"curies":[{"name":"wp","href":"https:\/\/api.w.org\/{rel}","templated":true}]}}