{"id":37746,"date":"2019-12-16T11:55:35","date_gmt":"2019-12-16T10:55:35","guid":{"rendered":"https:\/\/pmza.sk\/?p=37746"},"modified":"2019-12-16T11:55:35","modified_gmt":"2019-12-16T10:55:35","slug":"drotarstvo-v-zozname-unesco","status":"publish","type":"post","link":"https:\/\/pmza.sk\/?p=37746","title":{"rendered":"Drot\u00e1rstvo v zozname UNESCO"},"content":{"rendered":"<p>Prvok drot\u00e1rstva bol zap\u00edsan\u00fd do\u00a0Reprezentat\u00edvneho zoznamu nehmotn\u00e9ho kult\u00farneho dedi\u010dstva \u013eudstva UNESCO. Stalo sa tak 12. decembra v\u00a0Bogote na\u00a014. zasadnut\u00ed Medzivl\u00e1dneho v\u00fdboru Dohovoru na\u00a0ochranu nehmotn\u00e9ho kult\u00farneho dedi\u010dstva. O\u00a0\u00faspe\u0161n\u00fd z\u00e1pis sa zasl\u00fa\u017eil kolekt\u00edv expertov z\u00a0Centra pre tradi\u010dn\u00fa \u013eudov\u00fa kult\u00faru pri S\u013dUK-u, \u00da\u013dUV-u, Ministerstva kult\u00fary SR a\u00a0Pova\u017esk\u00e9ho m\u00fazea v\u00a0\u017diline.<\/p>\n<p>Drot\u00e1rstvo predstavuje \u0161pecifick\u00fd druh \u013eudovej v\u00fdroby na Slovensku. Po\u010das svojho v\u00fdvoja pre\u0161lo mnoh\u00fdmi zmenami, no na\u010falej predstavuje d\u00f4le\u017eit\u00fa s\u00fa\u010das\u0165 kult\u00fary a\u00a0soci\u00e1lnych dej\u00edn Slovenska. Drot\u00e1rstvu ako remeslu a\u00a0umeniu dal meno z\u00e1kladn\u00fd materi\u00e1l \u2013 dr\u00f4t. Drot\u00e1ri objavili a\u00a0vyvinuli jednoduch\u00fa technol\u00f3giu, zalo\u017een\u00fa na ru\u010dnom oh\u00fdban\u00ed, viazan\u00ed a\u00a0spletan\u00ed kovov\u00fdch vl\u00e1kien bez zv\u00e1rania \u010di sp\u00e1jkovania, ktorou sa pracuje dodnes.<\/p>\n<p>Pova\u017esk\u00e9 m\u00fazeum v\u00a0\u017diline v\u00a0p\u00f4sobnosti \u017dilinsk\u00e9ho samospr\u00e1vneho kraja je jedin\u00e9 \u0161pecializovan\u00e9 m\u00fazeum na Slovensku, ktor\u00e9 disponuje expoz\u00edciou drot\u00e1rstva a\u00a0vo svojej zbierke m\u00e1 pribli\u017ene 6\u00a0500 expon\u00e1tov z\u00a0tejto oblasti. Vzniklo v\u00a0roku 1942 ako mestsk\u00e9 m\u00fazeum, ktor\u00e9 sa zameriavalo na dokument\u00e1ciu a\u00a0v\u00fdskum drot\u00e1rstva. K\u00a0svojmu p\u00f4vodn\u00e9mu ur\u010deniu sa vr\u00e1tilo po roku 1989 a\u00a0za 20 rokov sa toto remeslo op\u00e4\u0165 dostalo do povedomia spolo\u010dnosti. Do Reprezentat\u00edvneho zoznamu nehmotn\u00e9ho kult\u00farneho dedi\u010dstva Slovenskej republiky bolo zap\u00edsan\u00e9 v\u00a0roku 2017. O\u00a0rok nesk\u00f4r bola zrekon\u0161truovan\u00e1 hospod\u00e1rska budova v\u00a0are\u00e1li Budat\u00ednskeho hradu, kde vznikol Drot\u00e1rsky pavil\u00f3n. V\u00a0jeho priestoroch sa nach\u00e1dza expoz\u00edcia venovan\u00e1 hist\u00f3rii drot\u00e1rstva a\u00a0m\u00fazeum tam ka\u017edoro\u010dne organizuje nieko\u013eko v\u00fdstav a\u00a0podujat\u00ed. \u201e<em>Najzn\u00e1mej\u0161ie z\u00a0nich je Stretnutie drot\u00e1rskych majstrov, ktor\u00e9 je ur\u010den\u00e9 predov\u0161etk\u00fdm pre drot\u00e1rov. Ob\u013e\u00faben\u00e9 s\u00fa aj predn\u00e1\u0161ky a\u00a0tvoriv\u00e9 dielne, ktor\u00fdch cie\u013eom je spopularizovanie pr\u00e1ce s dr\u00f4tom a\u00a0roz\u0161\u00edrenie t\u00fdchto \u00a0zru\u010dnost\u00ed medzi be\u017en\u00fdch \u013eud\u00ed.\u201c<\/em> doplnila histori\u010dka drot\u00e1rstva PMZA Katar\u00edna Hallonov\u00e1. \u00a0<\/p>\n<p>Pova\u017esk\u00e9 m\u00fazeum v \u017diline vyvinulo pri z\u00e1pise drot\u00e1rstva do UNESCA ve\u013ea \u00fasilia a akt\u00edvne sa podie\u013ealo na poskytovan\u00ed dokumentov a\u00a0vypracovan\u00ed Nomina\u010dn\u00e9ho listu. <em>\u201eZ\u00e1pis pova\u017eujeme za ocenenie v\u0161etk\u00fdch, ktor\u00ed prispeli k\u00a0udr\u017eaniu unik\u00e1tnej \u017eivej trad\u00edcie, akou drot\u00e1rstvo rozhodne je a\u00a0ktor\u00e1 nem\u00e1 vo svete obdobu.\u201c <\/em>uviedla Hallonov\u00e1. V\u00fdnimo\u010dn\u00e1 udalos\u0165 priniesla do m\u00fazea ve\u013ea radosti, ale aj zodpovednosti. <em>\u201eJe to pre n\u00e1s z\u00e1v\u00e4zok do bud\u00facich rokov, aby sme neust\u00e1le zlep\u0161ovali kvalitu na\u0161ich podujat\u00ed, nako\u013eko drot\u00e1rstvo je oblas\u0165, ktor\u00e1 n\u00e1s odli\u0161uje od in\u00fdch m\u00faze\u00ed na Slovensku. Budeme preto na\u010falej organizova\u0165 aktivity pre odborn\u00fa i\u00a0\u0161irok\u00fa verejnos\u0165. Okrem toho v\u00a0Drot\u00e1rskom pavil\u00f3ne pripravujeme nov\u00fa modern\u00fa expoz\u00edciu.\u201c<\/em> doplnil riadite\u013e PMZA Michal Jureck\u00fd. V\u00a0tomto roku videlo expoz\u00edciu drot\u00e1rstva v\u00a0zrekon\u0161truovan\u00fdch priestoroch pribli\u017ene 10 000 n\u00e1v\u0161tevn\u00edkov. Z\u00e1pisom drot\u00e1rstva do zoznamu UNESCO ich po\u010det ur\u010dite st\u00fapne.<img fetchpriority=\"high\" decoding=\"async\" class=\"size-medium wp-image-37750 alignleft\" src=\"https:\/\/pmza.sk\/wp-content\/uploads\/2019\/12\/drot\u00e1rska-expoz\u00edcia-2-540x360.jpg\" alt=\"\" width=\"540\" height=\"360\" \/><img decoding=\"async\" class=\"size-medium wp-image-37751 alignleft\" src=\"https:\/\/pmza.sk\/wp-content\/uploads\/2019\/12\/IMG_4203-231x360.jpg\" alt=\"\" width=\"231\" height=\"360\" srcset=\"https:\/\/pmza.sk\/wp-content\/uploads\/2019\/12\/IMG_4203-231x360.jpg 231w, https:\/\/pmza.sk\/wp-content\/uploads\/2019\/12\/IMG_4203-472x736.jpg 472w, https:\/\/pmza.sk\/wp-content\/uploads\/2019\/12\/IMG_4203.jpg 598w\" sizes=\"(max-width: 231px) 100vw, 231px\" \/><\/p>\n<p><img decoding=\"async\" class=\"size-medium wp-image-37748 alignleft\" src=\"https:\/\/pmza.sk\/wp-content\/uploads\/2019\/12\/Drotarsky-pavilon-540x360.jpg\" alt=\"\" width=\"540\" height=\"360\" srcset=\"https:\/\/pmza.sk\/wp-content\/uploads\/2019\/12\/Drotarsky-pavilon-540x360.jpg 540w, https:\/\/pmza.sk\/wp-content\/uploads\/2019\/12\/Drotarsky-pavilon-768x512.jpg 768w, https:\/\/pmza.sk\/wp-content\/uploads\/2019\/12\/Drotarsky-pavilon-600x400.jpg 600w, https:\/\/pmza.sk\/wp-content\/uploads\/2019\/12\/Drotarsky-pavilon.jpg 1024w\" sizes=\"(max-width: 540px) 100vw, 540px\" \/>\u00a0\u00a0<img loading=\"lazy\" decoding=\"async\" class=\"size-medium wp-image-37749 alignleft\" src=\"https:\/\/pmza.sk\/wp-content\/uploads\/2019\/12\/drotarska-expozicia-1-480x360.jpg\" alt=\"\" width=\"480\" height=\"360\" srcset=\"https:\/\/pmza.sk\/wp-content\/uploads\/2019\/12\/drotarska-expozicia-1-480x360.jpg 480w, https:\/\/pmza.sk\/wp-content\/uploads\/2019\/12\/drotarska-expozicia-1-981x736.jpg 981w, https:\/\/pmza.sk\/wp-content\/uploads\/2019\/12\/drotarska-expozicia-1-768x576.jpg 768w, https:\/\/pmza.sk\/wp-content\/uploads\/2019\/12\/drotarska-expozicia-1-600x450.jpg 600w, https:\/\/pmza.sk\/wp-content\/uploads\/2019\/12\/drotarska-expozicia-1.jpg 1024w\" sizes=\"(max-width: 480px) 100vw, 480px\" \/><\/p>\n","protected":false},"excerpt":{"rendered":"<p>Prvok drot\u00e1rstva bol zap\u00edsan\u00fd do\u00a0Reprezentat\u00edvneho zoznamu nehmotn\u00e9ho kult\u00farneho dedi\u010dstva \u013eudstva UNESCO. Stalo sa tak 12. decembra v\u00a0Bogote na\u00a014. zasadnut\u00ed Medzivl\u00e1dneho v\u00fdboru Dohovoru na\u00a0ochranu nehmotn\u00e9ho kult\u00farneho dedi\u010dstva. O\u00a0\u00faspe\u0161n\u00fd z\u00e1pis sa zasl\u00fa\u017eil kolekt\u00edv expertov z\u00a0Centra pre tradi\u010dn\u00fa \u013eudov\u00fa kult\u00faru pri S\u013dUK-u, \u00da\u013dUV-u, Ministerstva kult\u00fary SR a\u00a0Pova\u017esk\u00e9ho m\u00fazea v\u00a0\u017diline. Drot\u00e1rstvo predstavuje \u0161pecifick\u00fd druh \u013eudovej v\u00fdroby na Slovensku. Po\u010das [&hellip;]<\/p>\n","protected":false},"author":2,"featured_media":37747,"comment_status":"closed","ping_status":"closed","sticky":false,"template":"","format":"standard","meta":{"site-sidebar-layout":"default","site-content-layout":"","ast-site-content-layout":"","site-content-style":"default","site-sidebar-style":"default","ast-global-header-display":"","ast-banner-title-visibility":"","ast-main-header-display":"","ast-hfb-above-header-display":"","ast-hfb-below-header-display":"","ast-hfb-mobile-header-display":"","site-post-title":"","ast-breadcrumbs-content":"","ast-featured-img":"","footer-sml-layout":"","theme-transparent-header-meta":"","adv-header-id-meta":"","stick-header-meta":"","header-above-stick-meta":"","header-main-stick-meta":"","header-below-stick-meta":"","astra-migrate-meta-layouts":"default","ast-page-background-enabled":"default","ast-page-background-meta":{"desktop":{"background-color":"var(--ast-global-color-4)","background-image":"","background-repeat":"repeat","background-position":"center center","background-size":"auto","background-attachment":"scroll","background-type":"","background-media":"","overlay-type":"","overlay-color":"","overlay-opacity":"","overlay-gradient":""},"tablet":{"background-color":"","background-image":"","background-repeat":"repeat","background-position":"center center","background-size":"auto","background-attachment":"scroll","background-type":"","background-media":"","overlay-type":"","overlay-color":"","overlay-opacity":"","overlay-gradient":""},"mobile":{"background-color":"","background-image":"","background-repeat":"repeat","background-position":"center center","background-size":"auto","background-attachment":"scroll","background-type":"","background-media":"","overlay-type":"","overlay-color":"","overlay-opacity":"","overlay-gradient":""}},"ast-content-background-meta":{"desktop":{"background-color":"var(--ast-global-color-5)","background-image":"","background-repeat":"repeat","background-position":"center center","background-size":"auto","background-attachment":"scroll","background-type":"","background-media":"","overlay-type":"","overlay-color":"","overlay-opacity":"","overlay-gradient":""},"tablet":{"background-color":"var(--ast-global-color-5)","background-image":"","background-repeat":"repeat","background-position":"center center","background-size":"auto","background-attachment":"scroll","background-type":"","background-media":"","overlay-type":"","overlay-color":"","overlay-opacity":"","overlay-gradient":""},"mobile":{"background-color":"var(--ast-global-color-5)","background-image":"","background-repeat":"repeat","background-position":"center center","background-size":"auto","background-attachment":"scroll","background-type":"","background-media":"","overlay-type":"","overlay-color":"","overlay-opacity":"","overlay-gradient":""}},"footnotes":""},"categories":[31],"tags":[],"class_list":["post-37746","post","type-post","status-publish","format-standard","has-post-thumbnail","hentry","category-aktuality"],"yoast_head":"<!-- This site is optimized with the Yoast SEO plugin v27.4 - https:\/\/yoast.com\/product\/yoast-seo-wordpress\/ -->\n<title>Drot\u00e1rstvo v zozname UNESCO - Pova\u017esk\u00e9 m\u00fazeum<\/title>\n<meta name=\"robots\" content=\"index, follow, max-snippet:-1, max-image-preview:large, max-video-preview:-1\" \/>\n<link rel=\"canonical\" href=\"https:\/\/pmza.sk\/?p=37746\" \/>\n<meta property=\"og:locale\" content=\"sk_SK\" \/>\n<meta property=\"og:type\" content=\"article\" \/>\n<meta property=\"og:title\" content=\"Drot\u00e1rstvo v zozname UNESCO - Pova\u017esk\u00e9 m\u00fazeum\" \/>\n<meta property=\"og:description\" content=\"Prvok drot\u00e1rstva bol zap\u00edsan\u00fd do\u00a0Reprezentat\u00edvneho zoznamu nehmotn\u00e9ho kult\u00farneho dedi\u010dstva \u013eudstva UNESCO. Stalo sa tak 12. decembra v\u00a0Bogote na\u00a014. zasadnut\u00ed Medzivl\u00e1dneho v\u00fdboru Dohovoru na\u00a0ochranu nehmotn\u00e9ho kult\u00farneho dedi\u010dstva. O\u00a0\u00faspe\u0161n\u00fd z\u00e1pis sa zasl\u00fa\u017eil kolekt\u00edv expertov z\u00a0Centra pre tradi\u010dn\u00fa \u013eudov\u00fa kult\u00faru pri S\u013dUK-u, \u00da\u013dUV-u, Ministerstva kult\u00fary SR a\u00a0Pova\u017esk\u00e9ho m\u00fazea v\u00a0\u017diline. Drot\u00e1rstvo predstavuje \u0161pecifick\u00fd druh \u013eudovej v\u00fdroby na Slovensku. Po\u010das [&hellip;]\" \/>\n<meta property=\"og:url\" content=\"https:\/\/pmza.sk\/?p=37746\" \/>\n<meta property=\"og:site_name\" content=\"Pova\u017esk\u00e9 m\u00fazeum\" \/>\n<meta property=\"article:publisher\" content=\"https:\/\/www.facebook.com\/povazskemuzeum\" \/>\n<meta property=\"article:published_time\" content=\"2019-12-16T10:55:35+00:00\" \/>\n<meta property=\"og:image\" content=\"https:\/\/pmza.sk\/wp-content\/uploads\/2019\/12\/drotarsto-detail.jpg\" \/>\n\t<meta property=\"og:image:width\" content=\"1024\" \/>\n\t<meta property=\"og:image:height\" content=\"683\" \/>\n\t<meta property=\"og:image:type\" content=\"image\/jpeg\" \/>\n<meta name=\"author\" content=\"Pova\u017esk\u00e9 m\u00fazeum\" \/>\n<meta name=\"twitter:card\" content=\"summary_large_image\" \/>\n<meta name=\"twitter:label1\" content=\"Autor\" \/>\n\t<meta name=\"twitter:data1\" content=\"Pova\u017esk\u00e9 m\u00fazeum\" \/>\n\t<meta name=\"twitter:label2\" content=\"Predpokladan\u00fd \u010das \u010d\u00edtania\" \/>\n\t<meta name=\"twitter:data2\" content=\"3 min\u00faty\" \/>\n<script type=\"application\/ld+json\" class=\"yoast-schema-graph\">{\"@context\":\"https:\\\/\\\/schema.org\",\"@graph\":[{\"@type\":\"Article\",\"@id\":\"https:\\\/\\\/pmza.sk\\\/?p=37746#article\",\"isPartOf\":{\"@id\":\"https:\\\/\\\/pmza.sk\\\/?p=37746\"},\"author\":{\"name\":\"Pova\u017esk\u00e9 m\u00fazeum\",\"@id\":\"https:\\\/\\\/pmza.sk\\\/#\\\/schema\\\/person\\\/595e6a2ce731ea94dcd5d7f50a41ae33\"},\"headline\":\"Drot\u00e1rstvo v zozname UNESCO\",\"datePublished\":\"2019-12-16T10:55:35+00:00\",\"mainEntityOfPage\":{\"@id\":\"https:\\\/\\\/pmza.sk\\\/?p=37746\"},\"wordCount\":549,\"publisher\":{\"@id\":\"https:\\\/\\\/pmza.sk\\\/#organization\"},\"image\":{\"@id\":\"https:\\\/\\\/pmza.sk\\\/?p=37746#primaryimage\"},\"thumbnailUrl\":\"https:\\\/\\\/pmza.sk\\\/wp-content\\\/uploads\\\/2019\\\/12\\\/drotarsto-detail.jpg\",\"articleSection\":[\"Aktuality\"],\"inLanguage\":\"sk-SK\"},{\"@type\":\"WebPage\",\"@id\":\"https:\\\/\\\/pmza.sk\\\/?p=37746\",\"url\":\"https:\\\/\\\/pmza.sk\\\/?p=37746\",\"name\":\"Drot\u00e1rstvo v zozname UNESCO - Pova\u017esk\u00e9 m\u00fazeum\",\"isPartOf\":{\"@id\":\"https:\\\/\\\/pmza.sk\\\/#website\"},\"primaryImageOfPage\":{\"@id\":\"https:\\\/\\\/pmza.sk\\\/?p=37746#primaryimage\"},\"image\":{\"@id\":\"https:\\\/\\\/pmza.sk\\\/?p=37746#primaryimage\"},\"thumbnailUrl\":\"https:\\\/\\\/pmza.sk\\\/wp-content\\\/uploads\\\/2019\\\/12\\\/drotarsto-detail.jpg\",\"datePublished\":\"2019-12-16T10:55:35+00:00\",\"breadcrumb\":{\"@id\":\"https:\\\/\\\/pmza.sk\\\/?p=37746#breadcrumb\"},\"inLanguage\":\"sk-SK\",\"potentialAction\":[{\"@type\":\"ReadAction\",\"target\":[\"https:\\\/\\\/pmza.sk\\\/?p=37746\"]}]},{\"@type\":\"ImageObject\",\"inLanguage\":\"sk-SK\",\"@id\":\"https:\\\/\\\/pmza.sk\\\/?p=37746#primaryimage\",\"url\":\"https:\\\/\\\/pmza.sk\\\/wp-content\\\/uploads\\\/2019\\\/12\\\/drotarsto-detail.jpg\",\"contentUrl\":\"https:\\\/\\\/pmza.sk\\\/wp-content\\\/uploads\\\/2019\\\/12\\\/drotarsto-detail.jpg\",\"width\":1024,\"height\":683},{\"@type\":\"BreadcrumbList\",\"@id\":\"https:\\\/\\\/pmza.sk\\\/?p=37746#breadcrumb\",\"itemListElement\":[{\"@type\":\"ListItem\",\"position\":1,\"name\":\"Domovsk\u00e1 str\u00e1nka\",\"item\":\"https:\\\/\\\/pmza.sk\\\/\"},{\"@type\":\"ListItem\",\"position\":2,\"name\":\"Drot\u00e1rstvo v zozname UNESCO\"}]},{\"@type\":\"WebSite\",\"@id\":\"https:\\\/\\\/pmza.sk\\\/#website\",\"url\":\"https:\\\/\\\/pmza.sk\\\/\",\"name\":\"Pova\u017esk\u00e9 m\u00fazeum\",\"description\":\"Pova\u017esk\u00e9 m\u00fazeum v \u017diline je region\u00e1lne m\u00fazeum so s\u00eddlom v Budat\u00edne. Jeho expoz\u00edcie s\u00fa zameran\u00e9 na dejiny slovensk\u00e9ho umenia, kult\u00fary a dopravy.\",\"publisher\":{\"@id\":\"https:\\\/\\\/pmza.sk\\\/#organization\"},\"potentialAction\":[{\"@type\":\"SearchAction\",\"target\":{\"@type\":\"EntryPoint\",\"urlTemplate\":\"https:\\\/\\\/pmza.sk\\\/?s={search_term_string}\"},\"query-input\":{\"@type\":\"PropertyValueSpecification\",\"valueRequired\":true,\"valueName\":\"search_term_string\"}}],\"inLanguage\":\"sk-SK\"},{\"@type\":\"Organization\",\"@id\":\"https:\\\/\\\/pmza.sk\\\/#organization\",\"name\":\"Pova\u017esk\u00e9 m\u00fazeum\",\"url\":\"https:\\\/\\\/pmza.sk\\\/\",\"logo\":{\"@type\":\"ImageObject\",\"inLanguage\":\"sk-SK\",\"@id\":\"https:\\\/\\\/pmza.sk\\\/#\\\/schema\\\/logo\\\/image\\\/\",\"url\":\"https:\\\/\\\/pmza.sk\\\/wp-content\\\/uploads\\\/2022\\\/01\\\/logo_PM_horizontal.jpg\",\"contentUrl\":\"https:\\\/\\\/pmza.sk\\\/wp-content\\\/uploads\\\/2022\\\/01\\\/logo_PM_horizontal.jpg\",\"width\":231,\"height\":142,\"caption\":\"Pova\u017esk\u00e9 m\u00fazeum\"},\"image\":{\"@id\":\"https:\\\/\\\/pmza.sk\\\/#\\\/schema\\\/logo\\\/image\\\/\"},\"sameAs\":[\"https:\\\/\\\/www.facebook.com\\\/povazskemuzeum\",\"https:\\\/\\\/www.instagram.com\\\/povazskemuzeum\\\/\"]},{\"@type\":\"Person\",\"@id\":\"https:\\\/\\\/pmza.sk\\\/#\\\/schema\\\/person\\\/595e6a2ce731ea94dcd5d7f50a41ae33\",\"name\":\"Pova\u017esk\u00e9 m\u00fazeum\",\"image\":{\"@type\":\"ImageObject\",\"inLanguage\":\"sk-SK\",\"@id\":\"https:\\\/\\\/secure.gravatar.com\\\/avatar\\\/2bb7f1561282132fb5826dfeccc66c7996d11ee392ac6aaf7ced8a1c2027fbb2?s=96&d=mm&r=g\",\"url\":\"https:\\\/\\\/secure.gravatar.com\\\/avatar\\\/2bb7f1561282132fb5826dfeccc66c7996d11ee392ac6aaf7ced8a1c2027fbb2?s=96&d=mm&r=g\",\"contentUrl\":\"https:\\\/\\\/secure.gravatar.com\\\/avatar\\\/2bb7f1561282132fb5826dfeccc66c7996d11ee392ac6aaf7ced8a1c2027fbb2?s=96&d=mm&r=g\",\"caption\":\"Pova\u017esk\u00e9 m\u00fazeum\"}}]}<\/script>\n<!-- \/ Yoast SEO plugin. -->","yoast_head_json":{"title":"Drot\u00e1rstvo v zozname UNESCO - Pova\u017esk\u00e9 m\u00fazeum","robots":{"index":"index","follow":"follow","max-snippet":"max-snippet:-1","max-image-preview":"max-image-preview:large","max-video-preview":"max-video-preview:-1"},"canonical":"https:\/\/pmza.sk\/?p=37746","og_locale":"sk_SK","og_type":"article","og_title":"Drot\u00e1rstvo v zozname UNESCO - Pova\u017esk\u00e9 m\u00fazeum","og_description":"Prvok drot\u00e1rstva bol zap\u00edsan\u00fd do\u00a0Reprezentat\u00edvneho zoznamu nehmotn\u00e9ho kult\u00farneho dedi\u010dstva \u013eudstva UNESCO. Stalo sa tak 12. decembra v\u00a0Bogote na\u00a014. zasadnut\u00ed Medzivl\u00e1dneho v\u00fdboru Dohovoru na\u00a0ochranu nehmotn\u00e9ho kult\u00farneho dedi\u010dstva. O\u00a0\u00faspe\u0161n\u00fd z\u00e1pis sa zasl\u00fa\u017eil kolekt\u00edv expertov z\u00a0Centra pre tradi\u010dn\u00fa \u013eudov\u00fa kult\u00faru pri S\u013dUK-u, \u00da\u013dUV-u, Ministerstva kult\u00fary SR a\u00a0Pova\u017esk\u00e9ho m\u00fazea v\u00a0\u017diline. Drot\u00e1rstvo predstavuje \u0161pecifick\u00fd druh \u013eudovej v\u00fdroby na Slovensku. Po\u010das [&hellip;]","og_url":"https:\/\/pmza.sk\/?p=37746","og_site_name":"Pova\u017esk\u00e9 m\u00fazeum","article_publisher":"https:\/\/www.facebook.com\/povazskemuzeum","article_published_time":"2019-12-16T10:55:35+00:00","og_image":[{"width":1024,"height":683,"url":"https:\/\/pmza.sk\/wp-content\/uploads\/2019\/12\/drotarsto-detail.jpg","type":"image\/jpeg"}],"author":"Pova\u017esk\u00e9 m\u00fazeum","twitter_card":"summary_large_image","twitter_misc":{"Autor":"Pova\u017esk\u00e9 m\u00fazeum","Predpokladan\u00fd \u010das \u010d\u00edtania":"3 min\u00faty"},"schema":{"@context":"https:\/\/schema.org","@graph":[{"@type":"Article","@id":"https:\/\/pmza.sk\/?p=37746#article","isPartOf":{"@id":"https:\/\/pmza.sk\/?p=37746"},"author":{"name":"Pova\u017esk\u00e9 m\u00fazeum","@id":"https:\/\/pmza.sk\/#\/schema\/person\/595e6a2ce731ea94dcd5d7f50a41ae33"},"headline":"Drot\u00e1rstvo v zozname UNESCO","datePublished":"2019-12-16T10:55:35+00:00","mainEntityOfPage":{"@id":"https:\/\/pmza.sk\/?p=37746"},"wordCount":549,"publisher":{"@id":"https:\/\/pmza.sk\/#organization"},"image":{"@id":"https:\/\/pmza.sk\/?p=37746#primaryimage"},"thumbnailUrl":"https:\/\/pmza.sk\/wp-content\/uploads\/2019\/12\/drotarsto-detail.jpg","articleSection":["Aktuality"],"inLanguage":"sk-SK"},{"@type":"WebPage","@id":"https:\/\/pmza.sk\/?p=37746","url":"https:\/\/pmza.sk\/?p=37746","name":"Drot\u00e1rstvo v zozname UNESCO - Pova\u017esk\u00e9 m\u00fazeum","isPartOf":{"@id":"https:\/\/pmza.sk\/#website"},"primaryImageOfPage":{"@id":"https:\/\/pmza.sk\/?p=37746#primaryimage"},"image":{"@id":"https:\/\/pmza.sk\/?p=37746#primaryimage"},"thumbnailUrl":"https:\/\/pmza.sk\/wp-content\/uploads\/2019\/12\/drotarsto-detail.jpg","datePublished":"2019-12-16T10:55:35+00:00","breadcrumb":{"@id":"https:\/\/pmza.sk\/?p=37746#breadcrumb"},"inLanguage":"sk-SK","potentialAction":[{"@type":"ReadAction","target":["https:\/\/pmza.sk\/?p=37746"]}]},{"@type":"ImageObject","inLanguage":"sk-SK","@id":"https:\/\/pmza.sk\/?p=37746#primaryimage","url":"https:\/\/pmza.sk\/wp-content\/uploads\/2019\/12\/drotarsto-detail.jpg","contentUrl":"https:\/\/pmza.sk\/wp-content\/uploads\/2019\/12\/drotarsto-detail.jpg","width":1024,"height":683},{"@type":"BreadcrumbList","@id":"https:\/\/pmza.sk\/?p=37746#breadcrumb","itemListElement":[{"@type":"ListItem","position":1,"name":"Domovsk\u00e1 str\u00e1nka","item":"https:\/\/pmza.sk\/"},{"@type":"ListItem","position":2,"name":"Drot\u00e1rstvo v zozname UNESCO"}]},{"@type":"WebSite","@id":"https:\/\/pmza.sk\/#website","url":"https:\/\/pmza.sk\/","name":"Pova\u017esk\u00e9 m\u00fazeum","description":"Pova\u017esk\u00e9 m\u00fazeum v \u017diline je region\u00e1lne m\u00fazeum so s\u00eddlom v Budat\u00edne. Jeho expoz\u00edcie s\u00fa zameran\u00e9 na dejiny slovensk\u00e9ho umenia, kult\u00fary a dopravy.","publisher":{"@id":"https:\/\/pmza.sk\/#organization"},"potentialAction":[{"@type":"SearchAction","target":{"@type":"EntryPoint","urlTemplate":"https:\/\/pmza.sk\/?s={search_term_string}"},"query-input":{"@type":"PropertyValueSpecification","valueRequired":true,"valueName":"search_term_string"}}],"inLanguage":"sk-SK"},{"@type":"Organization","@id":"https:\/\/pmza.sk\/#organization","name":"Pova\u017esk\u00e9 m\u00fazeum","url":"https:\/\/pmza.sk\/","logo":{"@type":"ImageObject","inLanguage":"sk-SK","@id":"https:\/\/pmza.sk\/#\/schema\/logo\/image\/","url":"https:\/\/pmza.sk\/wp-content\/uploads\/2022\/01\/logo_PM_horizontal.jpg","contentUrl":"https:\/\/pmza.sk\/wp-content\/uploads\/2022\/01\/logo_PM_horizontal.jpg","width":231,"height":142,"caption":"Pova\u017esk\u00e9 m\u00fazeum"},"image":{"@id":"https:\/\/pmza.sk\/#\/schema\/logo\/image\/"},"sameAs":["https:\/\/www.facebook.com\/povazskemuzeum","https:\/\/www.instagram.com\/povazskemuzeum\/"]},{"@type":"Person","@id":"https:\/\/pmza.sk\/#\/schema\/person\/595e6a2ce731ea94dcd5d7f50a41ae33","name":"Pova\u017esk\u00e9 m\u00fazeum","image":{"@type":"ImageObject","inLanguage":"sk-SK","@id":"https:\/\/secure.gravatar.com\/avatar\/2bb7f1561282132fb5826dfeccc66c7996d11ee392ac6aaf7ced8a1c2027fbb2?s=96&d=mm&r=g","url":"https:\/\/secure.gravatar.com\/avatar\/2bb7f1561282132fb5826dfeccc66c7996d11ee392ac6aaf7ced8a1c2027fbb2?s=96&d=mm&r=g","contentUrl":"https:\/\/secure.gravatar.com\/avatar\/2bb7f1561282132fb5826dfeccc66c7996d11ee392ac6aaf7ced8a1c2027fbb2?s=96&d=mm&r=g","caption":"Pova\u017esk\u00e9 m\u00fazeum"}}]}},"_links":{"self":[{"href":"https:\/\/pmza.sk\/index.php?rest_route=\/wp\/v2\/posts\/37746","targetHints":{"allow":["GET"]}}],"collection":[{"href":"https:\/\/pmza.sk\/index.php?rest_route=\/wp\/v2\/posts"}],"about":[{"href":"https:\/\/pmza.sk\/index.php?rest_route=\/wp\/v2\/types\/post"}],"author":[{"embeddable":true,"href":"https:\/\/pmza.sk\/index.php?rest_route=\/wp\/v2\/users\/2"}],"replies":[{"embeddable":true,"href":"https:\/\/pmza.sk\/index.php?rest_route=%2Fwp%2Fv2%2Fcomments&post=37746"}],"version-history":[{"count":0,"href":"https:\/\/pmza.sk\/index.php?rest_route=\/wp\/v2\/posts\/37746\/revisions"}],"wp:featuredmedia":[{"embeddable":true,"href":"https:\/\/pmza.sk\/index.php?rest_route=\/wp\/v2\/media\/37747"}],"wp:attachment":[{"href":"https:\/\/pmza.sk\/index.php?rest_route=%2Fwp%2Fv2%2Fmedia&parent=37746"}],"wp:term":[{"taxonomy":"category","embeddable":true,"href":"https:\/\/pmza.sk\/index.php?rest_route=%2Fwp%2Fv2%2Fcategories&post=37746"},{"taxonomy":"post_tag","embeddable":true,"href":"https:\/\/pmza.sk\/index.php?rest_route=%2Fwp%2Fv2%2Ftags&post=37746"}],"curies":[{"name":"wp","href":"https:\/\/api.w.org\/{rel}","templated":true}]}}