{"id":3775,"date":"2011-08-19T10:30:53","date_gmt":"2011-08-19T08:30:53","guid":{"rendered":"https:\/\/pmza.sk.sk\/?p=3775"},"modified":"2011-08-19T10:30:53","modified_gmt":"2011-08-19T08:30:53","slug":"prazdninova-rozlucka-nielen-s-duchmi-elfmi-a-strecnianskym-desom","status":"publish","type":"post","link":"https:\/\/pmza.sk\/?p=3775","title":{"rendered":"Pr\u00e1zdninov\u00e1 rozl\u00fa\u010dka nielen  s duchmi, elfmi a stre\u010dnianskym desom"},"content":{"rendered":"<p><a href=\"https:\/\/pmza.sk\/wp-content\/uploads\/2011\/08\/IMG_4357.jpg\"><img fetchpriority=\"high\" decoding=\"async\" class=\"alignleft size-medium wp-image-3776\" style=\"margin: 4px; border: 2px solid black;\" title=\"IMG_4357\" src=\"https:\/\/pmza.sk.sk\/wp-content\/uploads\/2011\/08\/IMG_4357-300x200.jpg\" alt=\"\" width=\"300\" height=\"200\" \/><\/a>Pova\u017esk\u00e9 m\u00fazeum v\u00a0\u017diline op\u00e4\u0165 pon\u00faka v\u00a0posledn\u00fd pr\u00e1zdninov\u00fd t\u00fd\u017ede\u0148 v\u0161etk\u00fdm de\u0165om do 15 rokov bezplatn\u00fa nav\u0161tevu svojich expoz\u00edcii.<br \/>\n,,<em>M\u00fazeum sa u\u017e\u00a0 nieko\u013eko rokov sna\u017e\u00ed spr\u00edjemni\u0165 \u0161kol\u00e1kom koniec letn\u00fdch pr\u00e1zdnin akciou Rozl\u00fa\u010dka s\u00a0pr\u00e1zdninami. Po\u010das nej maj\u00fa \u00a0deti\u00a0do 15 rokov sprievode rodi\u010da do are\u00e1lu Budat\u00ednskeho hradu, hradu Stre\u010dno, Objektov \u013eudovej architekt\u00fary v\u00a0\u010ci\u010dmanoch a J\u00e1no\u0161\u00edkovej expoz\u00edcie v\u00a0Terchovej, vstup zdarma.\u00a0 V\u00a0tomto roku sa \u00a0t\u00e1to zuj\u00edmav\u00e1 akcia uskuto\u010dn\u00ed v\u00a0d\u0148och 26. a 27. augusta 2011<\/em>,\u201cpovedal Boris Schubert, riadite\u013e Pova\u017esk\u00e9ho m\u00fazea v\u00a0\u017diline.<!--more--><\/p>\n<p>Rozl\u00fa\u010di\u0165 sa s\u00a0pr\u00e1zdninami bude \u00a0mo\u017en\u00e9 v\u00a0Budat\u00edne prostredn\u00edctvom div\u00e1cky ve\u013emi \u00faspe\u0161nej v\u00fdstavu Ke\u010f sa drot\u00e1r narodil, ktor\u00e1 dokumentuje zvyky a oby\u010daje drot\u00e1rov. V\u00a0\u010ci\u010dmanoch je\u00a0 op\u00e4tovne spr\u00edstupnen\u00fd dom \u010d. 42, na ktorom takmer pol roka prebiehali stavebn\u00e9 \u00fapravy ineri\u00e9rov a exteri\u00e9rov. N\u00e1v\u0161tevn\u00edkov \u010dak\u00e1 okrem\u00a0 zrevitalizovanej expoz\u00edcie \u013dudov\u00e9 obydlie modern\u00e1 prezent\u00e1cia \u010di\u010dmianskych mot\u00edvov talentovanej absolventky V\u0160VU v\u00a0Bratislave Moniky Hane\u010dkovej. Terchov\u00e1 l\u00e1ka\u00a0 expoz\u00edciou venovanej J\u00e1no\u0161\u00edkovi, \u010falej v\u00fdstavou o \u0161pecifik\u00e1ch Terchovskej doliny a nakoniec v\u00fdstavou terchovsk\u00e9ho umeleck\u00e9ho rezb\u00e1ra J\u00e1na Marto\u0161a.<\/p>\n<p>Po\u010das tohoto akciov\u00e9ho v\u00edkendu sa na hrade Stre\u010dno uskuto\u010dn\u00ed posledn\u00e9 no\u010dn\u00e9 stretnutie so stra\u0161idlami hradu Stre\u010dno. Popul\u00e1rne podujatie <strong>Duchovia, elfovia, stre\u010dniansky<\/strong> <strong>des<\/strong> v\u00a0sobotu 27. augusta od 20,00h do 23,00h s\u013eubuje trochu strachu , ve\u013ea z\u00e1bavy ale aj pozorovanie hviezdnej oblohy v\u00a0spolupr\u00e1ci s\u00a0 Pova\u017eskou hvezd\u00e1r\u0148ou v\u00a0\u017diline.<\/p>\n<p>Pova\u017esk\u00e9 m\u00fazeum v\u00a0\u017diline \u017eel\u00e1 v\u0161etk\u00fdm \u0161kol\u00e1kom a ich rodi\u010dom pr\u00edjemn\u00fd pobyt v\u00a0jeho expoz\u00edci\u00e1ch <strong>26. a<\/strong><strong> 27. augusta 2011 a z\u00e1rove\u0148 \u00faspe\u0161n\u00fd \u0161tart do nov\u00e9ho \u0161kolsk\u00e9ho roku.<\/strong><\/p>\n<p>Organiz\u00e1torom Rozl\u00fa\u010dky s\u00a0pr\u00e1zdninami v\u00a0Pova\u017eskom m\u00fazeu v\u00a0\u017diline \u00a0a podujatia Duchovia, elfovia, stre\u010dnianskz des je \u0179ilinsk\u00fd samospr\u00e1vny kraj, Pova\u017esk\u00e9 m\u00fazeum v \u017diline a Pova\u017esk\u00e1 hvezd\u00e1re\u0148 v \u017diline<\/p>\n","protected":false},"excerpt":{"rendered":"<p>Pova\u017esk\u00e9 m\u00fazeum v\u00a0\u017diline op\u00e4\u0165 pon\u00faka v\u00a0posledn\u00fd pr\u00e1zdninov\u00fd t\u00fd\u017ede\u0148 v\u0161etk\u00fdm de\u0165om do 15 rokov bezplatn\u00fa nav\u0161tevu svojich expoz\u00edcii. ,,M\u00fazeum sa u\u017e\u00a0 nieko\u013eko rokov sna\u017e\u00ed spr\u00edjemni\u0165 \u0161kol\u00e1kom koniec letn\u00fdch pr\u00e1zdnin akciou Rozl\u00fa\u010dka s\u00a0pr\u00e1zdninami. Po\u010das nej maj\u00fa \u00a0deti\u00a0do 15 rokov sprievode rodi\u010da do are\u00e1lu Budat\u00ednskeho hradu, hradu Stre\u010dno, Objektov \u013eudovej architekt\u00fary v\u00a0\u010ci\u010dmanoch a J\u00e1no\u0161\u00edkovej expoz\u00edcie v\u00a0Terchovej, vstup zdarma.\u00a0 [&hellip;]<\/p>\n","protected":false},"author":1,"featured_media":0,"comment_status":"closed","ping_status":"closed","sticky":false,"template":"","format":"standard","meta":{"site-sidebar-layout":"default","site-content-layout":"","ast-site-content-layout":"","site-content-style":"default","site-sidebar-style":"default","ast-global-header-display":"","ast-banner-title-visibility":"","ast-main-header-display":"","ast-hfb-above-header-display":"","ast-hfb-below-header-display":"","ast-hfb-mobile-header-display":"","site-post-title":"","ast-breadcrumbs-content":"","ast-featured-img":"","footer-sml-layout":"","theme-transparent-header-meta":"","adv-header-id-meta":"","stick-header-meta":"","header-above-stick-meta":"","header-main-stick-meta":"","header-below-stick-meta":"","astra-migrate-meta-layouts":"default","ast-page-background-enabled":"default","ast-page-background-meta":{"desktop":{"background-color":"var(--ast-global-color-4)","background-image":"","background-repeat":"repeat","background-position":"center center","background-size":"auto","background-attachment":"scroll","background-type":"","background-media":"","overlay-type":"","overlay-color":"","overlay-opacity":"","overlay-gradient":""},"tablet":{"background-color":"","background-image":"","background-repeat":"repeat","background-position":"center center","background-size":"auto","background-attachment":"scroll","background-type":"","background-media":"","overlay-type":"","overlay-color":"","overlay-opacity":"","overlay-gradient":""},"mobile":{"background-color":"","background-image":"","background-repeat":"repeat","background-position":"center center","background-size":"auto","background-attachment":"scroll","background-type":"","background-media":"","overlay-type":"","overlay-color":"","overlay-opacity":"","overlay-gradient":""}},"ast-content-background-meta":{"desktop":{"background-color":"var(--ast-global-color-5)","background-image":"","background-repeat":"repeat","background-position":"center center","background-size":"auto","background-attachment":"scroll","background-type":"","background-media":"","overlay-type":"","overlay-color":"","overlay-opacity":"","overlay-gradient":""},"tablet":{"background-color":"var(--ast-global-color-5)","background-image":"","background-repeat":"repeat","background-position":"center center","background-size":"auto","background-attachment":"scroll","background-type":"","background-media":"","overlay-type":"","overlay-color":"","overlay-opacity":"","overlay-gradient":""},"mobile":{"background-color":"var(--ast-global-color-5)","background-image":"","background-repeat":"repeat","background-position":"center center","background-size":"auto","background-attachment":"scroll","background-type":"","background-media":"","overlay-type":"","overlay-color":"","overlay-opacity":"","overlay-gradient":""}},"footnotes":""},"categories":[30],"tags":[],"class_list":["post-3775","post","type-post","status-publish","format-standard","hentry","category-archiv-2011"],"yoast_head":"<!-- This site is optimized with the Yoast SEO plugin v27.4 - https:\/\/yoast.com\/product\/yoast-seo-wordpress\/ -->\n<title>Pr\u00e1zdninov\u00e1 rozl\u00fa\u010dka nielen s duchmi, elfmi a stre\u010dnianskym desom - Pova\u017esk\u00e9 m\u00fazeum<\/title>\n<meta name=\"robots\" content=\"index, follow, max-snippet:-1, max-image-preview:large, max-video-preview:-1\" \/>\n<link rel=\"canonical\" href=\"https:\/\/pmza.sk\/?p=3775\" \/>\n<meta property=\"og:locale\" content=\"sk_SK\" \/>\n<meta property=\"og:type\" content=\"article\" \/>\n<meta property=\"og:title\" content=\"Pr\u00e1zdninov\u00e1 rozl\u00fa\u010dka nielen s duchmi, elfmi a stre\u010dnianskym desom - Pova\u017esk\u00e9 m\u00fazeum\" \/>\n<meta property=\"og:description\" content=\"Pova\u017esk\u00e9 m\u00fazeum v\u00a0\u017diline op\u00e4\u0165 pon\u00faka v\u00a0posledn\u00fd pr\u00e1zdninov\u00fd t\u00fd\u017ede\u0148 v\u0161etk\u00fdm de\u0165om do 15 rokov bezplatn\u00fa nav\u0161tevu svojich expoz\u00edcii. ,,M\u00fazeum sa u\u017e\u00a0 nieko\u013eko rokov sna\u017e\u00ed spr\u00edjemni\u0165 \u0161kol\u00e1kom koniec letn\u00fdch pr\u00e1zdnin akciou Rozl\u00fa\u010dka s\u00a0pr\u00e1zdninami. Po\u010das nej maj\u00fa \u00a0deti\u00a0do 15 rokov sprievode rodi\u010da do are\u00e1lu Budat\u00ednskeho hradu, hradu Stre\u010dno, Objektov \u013eudovej architekt\u00fary v\u00a0\u010ci\u010dmanoch a J\u00e1no\u0161\u00edkovej expoz\u00edcie v\u00a0Terchovej, vstup zdarma.\u00a0 [&hellip;]\" \/>\n<meta property=\"og:url\" content=\"https:\/\/pmza.sk\/?p=3775\" \/>\n<meta property=\"og:site_name\" content=\"Pova\u017esk\u00e9 m\u00fazeum\" \/>\n<meta property=\"article:publisher\" content=\"https:\/\/www.facebook.com\/povazskemuzeum\" \/>\n<meta property=\"article:published_time\" content=\"2011-08-19T08:30:53+00:00\" \/>\n<meta property=\"og:image\" content=\"https:\/\/pmza.sk.sk\/wp-content\/uploads\/2011\/08\/IMG_4357-300x200.jpg\" \/>\n<meta name=\"author\" content=\"libor\" \/>\n<meta name=\"twitter:card\" content=\"summary_large_image\" \/>\n<meta name=\"twitter:label1\" content=\"Autor\" \/>\n\t<meta name=\"twitter:data1\" content=\"libor\" \/>\n\t<meta name=\"twitter:label2\" content=\"Predpokladan\u00fd \u010das \u010d\u00edtania\" \/>\n\t<meta name=\"twitter:data2\" content=\"2 min\u00faty\" \/>\n<script type=\"application\/ld+json\" class=\"yoast-schema-graph\">{\"@context\":\"https:\\\/\\\/schema.org\",\"@graph\":[{\"@type\":\"Article\",\"@id\":\"https:\\\/\\\/pmza.sk\\\/?p=3775#article\",\"isPartOf\":{\"@id\":\"https:\\\/\\\/pmza.sk\\\/?p=3775\"},\"author\":{\"name\":\"libor\",\"@id\":\"https:\\\/\\\/pmza.sk\\\/#\\\/schema\\\/person\\\/f0b923a9aa8e1f67feef0d7cd9afde35\"},\"headline\":\"Pr\u00e1zdninov\u00e1 rozl\u00fa\u010dka nielen s duchmi, elfmi a stre\u010dnianskym desom\",\"datePublished\":\"2011-08-19T08:30:53+00:00\",\"mainEntityOfPage\":{\"@id\":\"https:\\\/\\\/pmza.sk\\\/?p=3775\"},\"wordCount\":381,\"publisher\":{\"@id\":\"https:\\\/\\\/pmza.sk\\\/#organization\"},\"image\":{\"@id\":\"https:\\\/\\\/pmza.sk\\\/?p=3775#primaryimage\"},\"thumbnailUrl\":\"http:\\\/\\\/pmza.sk.sk\\\/wp-content\\\/uploads\\\/2011\\\/08\\\/IMG_4357-300x200.jpg\",\"articleSection\":[\"Arch\u00edv 2011\"],\"inLanguage\":\"sk-SK\"},{\"@type\":\"WebPage\",\"@id\":\"https:\\\/\\\/pmza.sk\\\/?p=3775\",\"url\":\"https:\\\/\\\/pmza.sk\\\/?p=3775\",\"name\":\"Pr\u00e1zdninov\u00e1 rozl\u00fa\u010dka nielen s duchmi, elfmi a stre\u010dnianskym desom - Pova\u017esk\u00e9 m\u00fazeum\",\"isPartOf\":{\"@id\":\"https:\\\/\\\/pmza.sk\\\/#website\"},\"primaryImageOfPage\":{\"@id\":\"https:\\\/\\\/pmza.sk\\\/?p=3775#primaryimage\"},\"image\":{\"@id\":\"https:\\\/\\\/pmza.sk\\\/?p=3775#primaryimage\"},\"thumbnailUrl\":\"http:\\\/\\\/pmza.sk.sk\\\/wp-content\\\/uploads\\\/2011\\\/08\\\/IMG_4357-300x200.jpg\",\"datePublished\":\"2011-08-19T08:30:53+00:00\",\"breadcrumb\":{\"@id\":\"https:\\\/\\\/pmza.sk\\\/?p=3775#breadcrumb\"},\"inLanguage\":\"sk-SK\",\"potentialAction\":[{\"@type\":\"ReadAction\",\"target\":[\"https:\\\/\\\/pmza.sk\\\/?p=3775\"]}]},{\"@type\":\"ImageObject\",\"inLanguage\":\"sk-SK\",\"@id\":\"https:\\\/\\\/pmza.sk\\\/?p=3775#primaryimage\",\"url\":\"http:\\\/\\\/pmza.sk.sk\\\/wp-content\\\/uploads\\\/2011\\\/08\\\/IMG_4357-300x200.jpg\",\"contentUrl\":\"http:\\\/\\\/pmza.sk.sk\\\/wp-content\\\/uploads\\\/2011\\\/08\\\/IMG_4357-300x200.jpg\"},{\"@type\":\"BreadcrumbList\",\"@id\":\"https:\\\/\\\/pmza.sk\\\/?p=3775#breadcrumb\",\"itemListElement\":[{\"@type\":\"ListItem\",\"position\":1,\"name\":\"Domovsk\u00e1 str\u00e1nka\",\"item\":\"https:\\\/\\\/pmza.sk\\\/\"},{\"@type\":\"ListItem\",\"position\":2,\"name\":\"Pr\u00e1zdninov\u00e1 rozl\u00fa\u010dka nielen s duchmi, elfmi a stre\u010dnianskym desom\"}]},{\"@type\":\"WebSite\",\"@id\":\"https:\\\/\\\/pmza.sk\\\/#website\",\"url\":\"https:\\\/\\\/pmza.sk\\\/\",\"name\":\"Pova\u017esk\u00e9 m\u00fazeum\",\"description\":\"Pova\u017esk\u00e9 m\u00fazeum v \u017diline je region\u00e1lne m\u00fazeum so s\u00eddlom v Budat\u00edne. Jeho expoz\u00edcie s\u00fa zameran\u00e9 na dejiny slovensk\u00e9ho umenia, kult\u00fary a dopravy.\",\"publisher\":{\"@id\":\"https:\\\/\\\/pmza.sk\\\/#organization\"},\"potentialAction\":[{\"@type\":\"SearchAction\",\"target\":{\"@type\":\"EntryPoint\",\"urlTemplate\":\"https:\\\/\\\/pmza.sk\\\/?s={search_term_string}\"},\"query-input\":{\"@type\":\"PropertyValueSpecification\",\"valueRequired\":true,\"valueName\":\"search_term_string\"}}],\"inLanguage\":\"sk-SK\"},{\"@type\":\"Organization\",\"@id\":\"https:\\\/\\\/pmza.sk\\\/#organization\",\"name\":\"Pova\u017esk\u00e9 m\u00fazeum\",\"url\":\"https:\\\/\\\/pmza.sk\\\/\",\"logo\":{\"@type\":\"ImageObject\",\"inLanguage\":\"sk-SK\",\"@id\":\"https:\\\/\\\/pmza.sk\\\/#\\\/schema\\\/logo\\\/image\\\/\",\"url\":\"https:\\\/\\\/pmza.sk\\\/wp-content\\\/uploads\\\/2022\\\/01\\\/logo_PM_horizontal.jpg\",\"contentUrl\":\"https:\\\/\\\/pmza.sk\\\/wp-content\\\/uploads\\\/2022\\\/01\\\/logo_PM_horizontal.jpg\",\"width\":231,\"height\":142,\"caption\":\"Pova\u017esk\u00e9 m\u00fazeum\"},\"image\":{\"@id\":\"https:\\\/\\\/pmza.sk\\\/#\\\/schema\\\/logo\\\/image\\\/\"},\"sameAs\":[\"https:\\\/\\\/www.facebook.com\\\/povazskemuzeum\",\"https:\\\/\\\/www.instagram.com\\\/povazskemuzeum\\\/\"]},{\"@type\":\"Person\",\"@id\":\"https:\\\/\\\/pmza.sk\\\/#\\\/schema\\\/person\\\/f0b923a9aa8e1f67feef0d7cd9afde35\",\"name\":\"libor\",\"image\":{\"@type\":\"ImageObject\",\"inLanguage\":\"sk-SK\",\"@id\":\"https:\\\/\\\/secure.gravatar.com\\\/avatar\\\/c583dbc698e594aacced1589eb8cf1673bd41d461e8b2ab635484ffc26fee7b0?s=96&d=mm&r=g\",\"url\":\"https:\\\/\\\/secure.gravatar.com\\\/avatar\\\/c583dbc698e594aacced1589eb8cf1673bd41d461e8b2ab635484ffc26fee7b0?s=96&d=mm&r=g\",\"contentUrl\":\"https:\\\/\\\/secure.gravatar.com\\\/avatar\\\/c583dbc698e594aacced1589eb8cf1673bd41d461e8b2ab635484ffc26fee7b0?s=96&d=mm&r=g\",\"caption\":\"libor\"}}]}<\/script>\n<!-- \/ Yoast SEO plugin. -->","yoast_head_json":{"title":"Pr\u00e1zdninov\u00e1 rozl\u00fa\u010dka nielen s duchmi, elfmi a stre\u010dnianskym desom - Pova\u017esk\u00e9 m\u00fazeum","robots":{"index":"index","follow":"follow","max-snippet":"max-snippet:-1","max-image-preview":"max-image-preview:large","max-video-preview":"max-video-preview:-1"},"canonical":"https:\/\/pmza.sk\/?p=3775","og_locale":"sk_SK","og_type":"article","og_title":"Pr\u00e1zdninov\u00e1 rozl\u00fa\u010dka nielen s duchmi, elfmi a stre\u010dnianskym desom - Pova\u017esk\u00e9 m\u00fazeum","og_description":"Pova\u017esk\u00e9 m\u00fazeum v\u00a0\u017diline op\u00e4\u0165 pon\u00faka v\u00a0posledn\u00fd pr\u00e1zdninov\u00fd t\u00fd\u017ede\u0148 v\u0161etk\u00fdm de\u0165om do 15 rokov bezplatn\u00fa nav\u0161tevu svojich expoz\u00edcii. ,,M\u00fazeum sa u\u017e\u00a0 nieko\u013eko rokov sna\u017e\u00ed spr\u00edjemni\u0165 \u0161kol\u00e1kom koniec letn\u00fdch pr\u00e1zdnin akciou Rozl\u00fa\u010dka s\u00a0pr\u00e1zdninami. Po\u010das nej maj\u00fa \u00a0deti\u00a0do 15 rokov sprievode rodi\u010da do are\u00e1lu Budat\u00ednskeho hradu, hradu Stre\u010dno, Objektov \u013eudovej architekt\u00fary v\u00a0\u010ci\u010dmanoch a J\u00e1no\u0161\u00edkovej expoz\u00edcie v\u00a0Terchovej, vstup zdarma.\u00a0 [&hellip;]","og_url":"https:\/\/pmza.sk\/?p=3775","og_site_name":"Pova\u017esk\u00e9 m\u00fazeum","article_publisher":"https:\/\/www.facebook.com\/povazskemuzeum","article_published_time":"2011-08-19T08:30:53+00:00","og_image":[{"url":"https:\/\/pmza.sk.sk\/wp-content\/uploads\/2011\/08\/IMG_4357-300x200.jpg","type":"","width":"","height":""}],"author":"libor","twitter_card":"summary_large_image","twitter_misc":{"Autor":"libor","Predpokladan\u00fd \u010das \u010d\u00edtania":"2 min\u00faty"},"schema":{"@context":"https:\/\/schema.org","@graph":[{"@type":"Article","@id":"https:\/\/pmza.sk\/?p=3775#article","isPartOf":{"@id":"https:\/\/pmza.sk\/?p=3775"},"author":{"name":"libor","@id":"https:\/\/pmza.sk\/#\/schema\/person\/f0b923a9aa8e1f67feef0d7cd9afde35"},"headline":"Pr\u00e1zdninov\u00e1 rozl\u00fa\u010dka nielen s duchmi, elfmi a stre\u010dnianskym desom","datePublished":"2011-08-19T08:30:53+00:00","mainEntityOfPage":{"@id":"https:\/\/pmza.sk\/?p=3775"},"wordCount":381,"publisher":{"@id":"https:\/\/pmza.sk\/#organization"},"image":{"@id":"https:\/\/pmza.sk\/?p=3775#primaryimage"},"thumbnailUrl":"https:\/\/pmza.sk.sk\/wp-content\/uploads\/2011\/08\/IMG_4357-300x200.jpg","articleSection":["Arch\u00edv 2011"],"inLanguage":"sk-SK"},{"@type":"WebPage","@id":"https:\/\/pmza.sk\/?p=3775","url":"https:\/\/pmza.sk\/?p=3775","name":"Pr\u00e1zdninov\u00e1 rozl\u00fa\u010dka nielen s duchmi, elfmi a stre\u010dnianskym desom - Pova\u017esk\u00e9 m\u00fazeum","isPartOf":{"@id":"https:\/\/pmza.sk\/#website"},"primaryImageOfPage":{"@id":"https:\/\/pmza.sk\/?p=3775#primaryimage"},"image":{"@id":"https:\/\/pmza.sk\/?p=3775#primaryimage"},"thumbnailUrl":"https:\/\/pmza.sk.sk\/wp-content\/uploads\/2011\/08\/IMG_4357-300x200.jpg","datePublished":"2011-08-19T08:30:53+00:00","breadcrumb":{"@id":"https:\/\/pmza.sk\/?p=3775#breadcrumb"},"inLanguage":"sk-SK","potentialAction":[{"@type":"ReadAction","target":["https:\/\/pmza.sk\/?p=3775"]}]},{"@type":"ImageObject","inLanguage":"sk-SK","@id":"https:\/\/pmza.sk\/?p=3775#primaryimage","url":"https:\/\/pmza.sk.sk\/wp-content\/uploads\/2011\/08\/IMG_4357-300x200.jpg","contentUrl":"https:\/\/pmza.sk.sk\/wp-content\/uploads\/2011\/08\/IMG_4357-300x200.jpg"},{"@type":"BreadcrumbList","@id":"https:\/\/pmza.sk\/?p=3775#breadcrumb","itemListElement":[{"@type":"ListItem","position":1,"name":"Domovsk\u00e1 str\u00e1nka","item":"https:\/\/pmza.sk\/"},{"@type":"ListItem","position":2,"name":"Pr\u00e1zdninov\u00e1 rozl\u00fa\u010dka nielen s duchmi, elfmi a stre\u010dnianskym desom"}]},{"@type":"WebSite","@id":"https:\/\/pmza.sk\/#website","url":"https:\/\/pmza.sk\/","name":"Pova\u017esk\u00e9 m\u00fazeum","description":"Pova\u017esk\u00e9 m\u00fazeum v \u017diline je region\u00e1lne m\u00fazeum so s\u00eddlom v Budat\u00edne. Jeho expoz\u00edcie s\u00fa zameran\u00e9 na dejiny slovensk\u00e9ho umenia, kult\u00fary a dopravy.","publisher":{"@id":"https:\/\/pmza.sk\/#organization"},"potentialAction":[{"@type":"SearchAction","target":{"@type":"EntryPoint","urlTemplate":"https:\/\/pmza.sk\/?s={search_term_string}"},"query-input":{"@type":"PropertyValueSpecification","valueRequired":true,"valueName":"search_term_string"}}],"inLanguage":"sk-SK"},{"@type":"Organization","@id":"https:\/\/pmza.sk\/#organization","name":"Pova\u017esk\u00e9 m\u00fazeum","url":"https:\/\/pmza.sk\/","logo":{"@type":"ImageObject","inLanguage":"sk-SK","@id":"https:\/\/pmza.sk\/#\/schema\/logo\/image\/","url":"https:\/\/pmza.sk\/wp-content\/uploads\/2022\/01\/logo_PM_horizontal.jpg","contentUrl":"https:\/\/pmza.sk\/wp-content\/uploads\/2022\/01\/logo_PM_horizontal.jpg","width":231,"height":142,"caption":"Pova\u017esk\u00e9 m\u00fazeum"},"image":{"@id":"https:\/\/pmza.sk\/#\/schema\/logo\/image\/"},"sameAs":["https:\/\/www.facebook.com\/povazskemuzeum","https:\/\/www.instagram.com\/povazskemuzeum\/"]},{"@type":"Person","@id":"https:\/\/pmza.sk\/#\/schema\/person\/f0b923a9aa8e1f67feef0d7cd9afde35","name":"libor","image":{"@type":"ImageObject","inLanguage":"sk-SK","@id":"https:\/\/secure.gravatar.com\/avatar\/c583dbc698e594aacced1589eb8cf1673bd41d461e8b2ab635484ffc26fee7b0?s=96&d=mm&r=g","url":"https:\/\/secure.gravatar.com\/avatar\/c583dbc698e594aacced1589eb8cf1673bd41d461e8b2ab635484ffc26fee7b0?s=96&d=mm&r=g","contentUrl":"https:\/\/secure.gravatar.com\/avatar\/c583dbc698e594aacced1589eb8cf1673bd41d461e8b2ab635484ffc26fee7b0?s=96&d=mm&r=g","caption":"libor"}}]}},"_links":{"self":[{"href":"https:\/\/pmza.sk\/index.php?rest_route=\/wp\/v2\/posts\/3775","targetHints":{"allow":["GET"]}}],"collection":[{"href":"https:\/\/pmza.sk\/index.php?rest_route=\/wp\/v2\/posts"}],"about":[{"href":"https:\/\/pmza.sk\/index.php?rest_route=\/wp\/v2\/types\/post"}],"author":[{"embeddable":true,"href":"https:\/\/pmza.sk\/index.php?rest_route=\/wp\/v2\/users\/1"}],"replies":[{"embeddable":true,"href":"https:\/\/pmza.sk\/index.php?rest_route=%2Fwp%2Fv2%2Fcomments&post=3775"}],"version-history":[{"count":0,"href":"https:\/\/pmza.sk\/index.php?rest_route=\/wp\/v2\/posts\/3775\/revisions"}],"wp:attachment":[{"href":"https:\/\/pmza.sk\/index.php?rest_route=%2Fwp%2Fv2%2Fmedia&parent=3775"}],"wp:term":[{"taxonomy":"category","embeddable":true,"href":"https:\/\/pmza.sk\/index.php?rest_route=%2Fwp%2Fv2%2Fcategories&post=3775"},{"taxonomy":"post_tag","embeddable":true,"href":"https:\/\/pmza.sk\/index.php?rest_route=%2Fwp%2Fv2%2Ftags&post=3775"}],"curies":[{"name":"wp","href":"https:\/\/api.w.org\/{rel}","templated":true}]}}