{"id":3796,"date":"2011-08-22T18:08:48","date_gmt":"2011-08-22T16:08:48","guid":{"rendered":"https:\/\/pmza.sk.sk\/?p=3796"},"modified":"2011-08-22T18:08:48","modified_gmt":"2011-08-22T16:08:48","slug":"v-sobasnom-palaci-v-bytci-vystava-o-krasach-slovenskej-prirody","status":"publish","type":"post","link":"https:\/\/pmza.sk\/?p=3796","title":{"rendered":"V Sob\u00e1\u0161nom pal\u00e1ci v Byt\u010di v\u00fdstava o kr\u00e1sach slovenskej pr\u00edrody"},"content":{"rendered":"<p><strong><\/strong><a href=\"https:\/\/pmza.sk\/wp-content\/uploads\/2011\/08\/TS-vystava.jpg\"><img decoding=\"async\" class=\"alignleft size-medium wp-image-3797\" style=\"border: 2px solid black; margin-top: 2px; margin-bottom: 2px;\" title=\"TS vystava\" src=\"https:\/\/pmza.sk.sk\/wp-content\/uploads\/2011\/08\/TS-vystava-300x154.jpg\" alt=\"\" width=\"300\" height=\"154\" \/><\/a>Sob\u00e1\u0161ny pal\u00e1c v\u00a0Byt\u010di tento rok pon\u00fakol nieko\u013eko v\u00fdstav prezentuj\u00facich bohat\u00e9 pr\u00edrodn\u00e9 a\u00a0kult\u00farne dedi\u010dstvo byt\u010dianskeho regi\u00f3nu, ale aj\u00a0cel\u00e9ho Slovenska. Okrem st\u00e1lej v\u00fdstavy Pamiatky UNESCO na Slovensku to bola v\u00fdstava Byt\u010da a\u00a0okolie v\u00a0odkazoch archeol\u00f3gie, \u010di Fl\u00f3ra S\u00fa\u013eovsk\u00fdch sk\u00e1l. Na tieto tematicky nadv\u00e4zuje \u010fal\u0161ia, tentokr\u00e1t autorsk\u00e1 v\u00fdstava fotografa Matej \u017diaka pod n\u00e1zvom <strong>\u0160tyri ro\u010dn\u00e9 obdobia v\u00a0detailoch slovenskej<\/strong> <strong>pr\u00edrody<\/strong>. \u00a0<em>,,Pr\u00edroda sa po\u010das roka neust\u00e1le men\u00ed. Je to neust\u00e1ly kolobeh a interakcia. Len m\u00e1lo \u013eud\u00ed si dok\u00e1\u017ee v\u0161imn\u00fa\u0165 v tejto dynamike v\u0161edn\u00e9 a pri tom jedine\u010dn\u00e9 detaily. Ka\u017ed\u00e9 ro\u010dn\u00e9 obdobie m\u00e1 svoje charakteristick\u00e9 \u010drty, ktor\u00e9 m\u00f4\u017eu citliv\u00e9mu pozorovate\u013eovi ve\u013ea napoveda\u0165 aj o jeho vlastnej du\u0161i,\u201c <\/em>uviedol \u00a0na margo t\u00e9my v\u00fdstavy Matej \u017diak.<!--more-->V\u00fdstava pozost\u00e1va z\u00a0takmer \u0161tyridsiatich ve\u013ekoform\u00e1tov\u00fdch fotografi\u00ed detailov slovenskej pr\u00edrody pod\u013ea ro\u010dn\u00fdch obdob\u00ed. Fotografie dokumentuj\u00fa pr\u00edrodu najm\u00e4 z oblasti Podunajskej n\u00ed\u017einy, Mal\u00fd Karp\u00e1t, Malej a Ve\u013ekej Fatry, Roh\u00e1\u010dov, Vysok\u00fdch Tatier a Str\u00e1\u017eovsk\u00fdch vrchov. <em>,,Medzi moje\u00a0 najob\u013e\u00fabenej\u0161ie mot\u00edvy patria mal\u00e9 a \u00a0nen\u00e1padn\u00e9 objekty &#8211; detaily kvetov, h\u00fab, hmyzu, ale i ne\u017eivej pr\u00edrody. \u0160peci\u00e1lne ob\u013eubujem fotenie na\u0161ich druhov orchide\u00ed. A mojou chu\u0165ovkou je fotenie vodn\u00fdch bezstavovcov, \u201c <\/em>dodal autor.<em> <\/em><\/p>\n<p>Matej \u017diak, povolan\u00edm biol\u00f3g a\u00a0ekol\u00f3g, \u010dlen Slovensk\u00e9ho Klubu Fotografov Pr\u00edrody (SKFP), nieko\u013ekokr\u00e1t prezentoval svoje pr\u00e1ce na r\u00f4znych dom\u00e1cich i zahrani\u010dn\u00fdch v\u00fdstav\u00e1ch a podujatiach. Pravidelne prispieva svojimi fotografiami a \u010dl\u00e1nkami o fotografovan\u00ed do \u010dasopisu Po\u013eovn\u00edctvo a ryb\u00e1rstvo. Za svoj najv\u00e4\u010d\u0161\u00ed \u00faspech pova\u017euje vydanie autorsk\u00e9ho kalend\u00e1ru na rok 2011 s n\u00e1zvom Ro\u010dn\u00e9 obdobia v detaile a k tejto t\u00e9me prisl\u00fachaj\u00facu autorsk\u00fa v\u00fdstavu \u0160tyri ro\u010dn\u00e9 obdobia v detailoch slovenskej pr\u00edrody, ktor\u00fa bolo mo\u017en\u00e9 prv\u00fd kr\u00e1t vidie\u0165 v roku 2010 v Stredoslovenskom m\u00fazeu v Banskej Bystrici.<\/p>\n<p>V\u00a0Sob\u00e1\u0161nom pal\u00e1ci v\u00a0Byt\u010di bude v\u00fdstava spr\u00edstupnen\u00e1 verejnosti od 22. augusta do 11. septembra 2011. Organiz\u00e1torom v\u00fdstavy <strong>\u0160tyri ro\u010dn\u00e9 obdobia v\u00a0detailoch slovenskej pr\u00edrody<\/strong> je \u017dilinsk\u00fd samospr\u00e1vny kraj a\u00a0Pova\u017esk\u00e9 m\u00fazeum v\u00a0\u017diline.<\/p>\n","protected":false},"excerpt":{"rendered":"<p>Sob\u00e1\u0161ny pal\u00e1c v\u00a0Byt\u010di tento rok pon\u00fakol nieko\u013eko v\u00fdstav prezentuj\u00facich bohat\u00e9 pr\u00edrodn\u00e9 a\u00a0kult\u00farne dedi\u010dstvo byt\u010dianskeho regi\u00f3nu, ale aj\u00a0cel\u00e9ho Slovenska. Okrem st\u00e1lej v\u00fdstavy Pamiatky UNESCO na Slovensku to bola v\u00fdstava Byt\u010da a\u00a0okolie v\u00a0odkazoch archeol\u00f3gie, \u010di Fl\u00f3ra S\u00fa\u013eovsk\u00fdch sk\u00e1l. Na tieto tematicky nadv\u00e4zuje \u010fal\u0161ia, tentokr\u00e1t autorsk\u00e1 v\u00fdstava fotografa Matej \u017diaka pod n\u00e1zvom \u0160tyri ro\u010dn\u00e9 obdobia v\u00a0detailoch slovenskej pr\u00edrody. [&hellip;]<\/p>\n","protected":false},"author":1,"featured_media":0,"comment_status":"closed","ping_status":"closed","sticky":false,"template":"","format":"standard","meta":{"site-sidebar-layout":"default","site-content-layout":"","ast-site-content-layout":"","site-content-style":"default","site-sidebar-style":"default","ast-global-header-display":"","ast-banner-title-visibility":"","ast-main-header-display":"","ast-hfb-above-header-display":"","ast-hfb-below-header-display":"","ast-hfb-mobile-header-display":"","site-post-title":"","ast-breadcrumbs-content":"","ast-featured-img":"","footer-sml-layout":"","theme-transparent-header-meta":"","adv-header-id-meta":"","stick-header-meta":"","header-above-stick-meta":"","header-main-stick-meta":"","header-below-stick-meta":"","astra-migrate-meta-layouts":"default","ast-page-background-enabled":"default","ast-page-background-meta":{"desktop":{"background-color":"var(--ast-global-color-4)","background-image":"","background-repeat":"repeat","background-position":"center center","background-size":"auto","background-attachment":"scroll","background-type":"","background-media":"","overlay-type":"","overlay-color":"","overlay-opacity":"","overlay-gradient":""},"tablet":{"background-color":"","background-image":"","background-repeat":"repeat","background-position":"center center","background-size":"auto","background-attachment":"scroll","background-type":"","background-media":"","overlay-type":"","overlay-color":"","overlay-opacity":"","overlay-gradient":""},"mobile":{"background-color":"","background-image":"","background-repeat":"repeat","background-position":"center center","background-size":"auto","background-attachment":"scroll","background-type":"","background-media":"","overlay-type":"","overlay-color":"","overlay-opacity":"","overlay-gradient":""}},"ast-content-background-meta":{"desktop":{"background-color":"var(--ast-global-color-5)","background-image":"","background-repeat":"repeat","background-position":"center center","background-size":"auto","background-attachment":"scroll","background-type":"","background-media":"","overlay-type":"","overlay-color":"","overlay-opacity":"","overlay-gradient":""},"tablet":{"background-color":"var(--ast-global-color-5)","background-image":"","background-repeat":"repeat","background-position":"center center","background-size":"auto","background-attachment":"scroll","background-type":"","background-media":"","overlay-type":"","overlay-color":"","overlay-opacity":"","overlay-gradient":""},"mobile":{"background-color":"var(--ast-global-color-5)","background-image":"","background-repeat":"repeat","background-position":"center center","background-size":"auto","background-attachment":"scroll","background-type":"","background-media":"","overlay-type":"","overlay-color":"","overlay-opacity":"","overlay-gradient":""}},"footnotes":""},"categories":[30],"tags":[],"class_list":["post-3796","post","type-post","status-publish","format-standard","hentry","category-archiv-2011"],"yoast_head":"<!-- This site is optimized with the Yoast SEO plugin v27.4 - https:\/\/yoast.com\/product\/yoast-seo-wordpress\/ -->\n<title>V Sob\u00e1\u0161nom pal\u00e1ci v Byt\u010di v\u00fdstava o kr\u00e1sach slovenskej pr\u00edrody - Pova\u017esk\u00e9 m\u00fazeum<\/title>\n<meta name=\"robots\" content=\"index, follow, max-snippet:-1, max-image-preview:large, max-video-preview:-1\" \/>\n<link rel=\"canonical\" href=\"https:\/\/pmza.sk\/?p=3796\" \/>\n<meta property=\"og:locale\" content=\"sk_SK\" \/>\n<meta property=\"og:type\" content=\"article\" \/>\n<meta property=\"og:title\" content=\"V Sob\u00e1\u0161nom pal\u00e1ci v Byt\u010di v\u00fdstava o kr\u00e1sach slovenskej pr\u00edrody - Pova\u017esk\u00e9 m\u00fazeum\" \/>\n<meta property=\"og:description\" content=\"Sob\u00e1\u0161ny pal\u00e1c v\u00a0Byt\u010di tento rok pon\u00fakol nieko\u013eko v\u00fdstav prezentuj\u00facich bohat\u00e9 pr\u00edrodn\u00e9 a\u00a0kult\u00farne dedi\u010dstvo byt\u010dianskeho regi\u00f3nu, ale aj\u00a0cel\u00e9ho Slovenska. Okrem st\u00e1lej v\u00fdstavy Pamiatky UNESCO na Slovensku to bola v\u00fdstava Byt\u010da a\u00a0okolie v\u00a0odkazoch archeol\u00f3gie, \u010di Fl\u00f3ra S\u00fa\u013eovsk\u00fdch sk\u00e1l. Na tieto tematicky nadv\u00e4zuje \u010fal\u0161ia, tentokr\u00e1t autorsk\u00e1 v\u00fdstava fotografa Matej \u017diaka pod n\u00e1zvom \u0160tyri ro\u010dn\u00e9 obdobia v\u00a0detailoch slovenskej pr\u00edrody. [&hellip;]\" \/>\n<meta property=\"og:url\" content=\"https:\/\/pmza.sk\/?p=3796\" \/>\n<meta property=\"og:site_name\" content=\"Pova\u017esk\u00e9 m\u00fazeum\" \/>\n<meta property=\"article:publisher\" content=\"https:\/\/www.facebook.com\/povazskemuzeum\" \/>\n<meta property=\"article:published_time\" content=\"2011-08-22T16:08:48+00:00\" \/>\n<meta property=\"og:image\" content=\"https:\/\/pmza.sk.sk\/wp-content\/uploads\/2011\/08\/TS-vystava-300x154.jpg\" \/>\n<meta name=\"author\" content=\"libor\" \/>\n<meta name=\"twitter:card\" content=\"summary_large_image\" \/>\n<meta name=\"twitter:label1\" content=\"Autor\" \/>\n\t<meta name=\"twitter:data1\" content=\"libor\" \/>\n\t<meta name=\"twitter:label2\" content=\"Predpokladan\u00fd \u010das \u010d\u00edtania\" \/>\n\t<meta name=\"twitter:data2\" content=\"2 min\u00faty\" \/>\n<script type=\"application\/ld+json\" class=\"yoast-schema-graph\">{\"@context\":\"https:\\\/\\\/schema.org\",\"@graph\":[{\"@type\":\"Article\",\"@id\":\"https:\\\/\\\/pmza.sk\\\/?p=3796#article\",\"isPartOf\":{\"@id\":\"https:\\\/\\\/pmza.sk\\\/?p=3796\"},\"author\":{\"name\":\"libor\",\"@id\":\"https:\\\/\\\/pmza.sk\\\/#\\\/schema\\\/person\\\/f0b923a9aa8e1f67feef0d7cd9afde35\"},\"headline\":\"V Sob\u00e1\u0161nom pal\u00e1ci v Byt\u010di v\u00fdstava o kr\u00e1sach slovenskej pr\u00edrody\",\"datePublished\":\"2011-08-22T16:08:48+00:00\",\"mainEntityOfPage\":{\"@id\":\"https:\\\/\\\/pmza.sk\\\/?p=3796\"},\"wordCount\":427,\"publisher\":{\"@id\":\"https:\\\/\\\/pmza.sk\\\/#organization\"},\"image\":{\"@id\":\"https:\\\/\\\/pmza.sk\\\/?p=3796#primaryimage\"},\"thumbnailUrl\":\"http:\\\/\\\/pmza.sk.sk\\\/wp-content\\\/uploads\\\/2011\\\/08\\\/TS-vystava-300x154.jpg\",\"articleSection\":[\"Arch\u00edv 2011\"],\"inLanguage\":\"sk-SK\"},{\"@type\":\"WebPage\",\"@id\":\"https:\\\/\\\/pmza.sk\\\/?p=3796\",\"url\":\"https:\\\/\\\/pmza.sk\\\/?p=3796\",\"name\":\"V Sob\u00e1\u0161nom pal\u00e1ci v Byt\u010di v\u00fdstava o kr\u00e1sach slovenskej pr\u00edrody - Pova\u017esk\u00e9 m\u00fazeum\",\"isPartOf\":{\"@id\":\"https:\\\/\\\/pmza.sk\\\/#website\"},\"primaryImageOfPage\":{\"@id\":\"https:\\\/\\\/pmza.sk\\\/?p=3796#primaryimage\"},\"image\":{\"@id\":\"https:\\\/\\\/pmza.sk\\\/?p=3796#primaryimage\"},\"thumbnailUrl\":\"http:\\\/\\\/pmza.sk.sk\\\/wp-content\\\/uploads\\\/2011\\\/08\\\/TS-vystava-300x154.jpg\",\"datePublished\":\"2011-08-22T16:08:48+00:00\",\"breadcrumb\":{\"@id\":\"https:\\\/\\\/pmza.sk\\\/?p=3796#breadcrumb\"},\"inLanguage\":\"sk-SK\",\"potentialAction\":[{\"@type\":\"ReadAction\",\"target\":[\"https:\\\/\\\/pmza.sk\\\/?p=3796\"]}]},{\"@type\":\"ImageObject\",\"inLanguage\":\"sk-SK\",\"@id\":\"https:\\\/\\\/pmza.sk\\\/?p=3796#primaryimage\",\"url\":\"http:\\\/\\\/pmza.sk.sk\\\/wp-content\\\/uploads\\\/2011\\\/08\\\/TS-vystava-300x154.jpg\",\"contentUrl\":\"http:\\\/\\\/pmza.sk.sk\\\/wp-content\\\/uploads\\\/2011\\\/08\\\/TS-vystava-300x154.jpg\"},{\"@type\":\"BreadcrumbList\",\"@id\":\"https:\\\/\\\/pmza.sk\\\/?p=3796#breadcrumb\",\"itemListElement\":[{\"@type\":\"ListItem\",\"position\":1,\"name\":\"Domovsk\u00e1 str\u00e1nka\",\"item\":\"https:\\\/\\\/pmza.sk\\\/\"},{\"@type\":\"ListItem\",\"position\":2,\"name\":\"V Sob\u00e1\u0161nom pal\u00e1ci v Byt\u010di v\u00fdstava o kr\u00e1sach slovenskej pr\u00edrody\"}]},{\"@type\":\"WebSite\",\"@id\":\"https:\\\/\\\/pmza.sk\\\/#website\",\"url\":\"https:\\\/\\\/pmza.sk\\\/\",\"name\":\"Pova\u017esk\u00e9 m\u00fazeum\",\"description\":\"Pova\u017esk\u00e9 m\u00fazeum v \u017diline je region\u00e1lne m\u00fazeum so s\u00eddlom v Budat\u00edne. Jeho expoz\u00edcie s\u00fa zameran\u00e9 na dejiny slovensk\u00e9ho umenia, kult\u00fary a dopravy.\",\"publisher\":{\"@id\":\"https:\\\/\\\/pmza.sk\\\/#organization\"},\"potentialAction\":[{\"@type\":\"SearchAction\",\"target\":{\"@type\":\"EntryPoint\",\"urlTemplate\":\"https:\\\/\\\/pmza.sk\\\/?s={search_term_string}\"},\"query-input\":{\"@type\":\"PropertyValueSpecification\",\"valueRequired\":true,\"valueName\":\"search_term_string\"}}],\"inLanguage\":\"sk-SK\"},{\"@type\":\"Organization\",\"@id\":\"https:\\\/\\\/pmza.sk\\\/#organization\",\"name\":\"Pova\u017esk\u00e9 m\u00fazeum\",\"url\":\"https:\\\/\\\/pmza.sk\\\/\",\"logo\":{\"@type\":\"ImageObject\",\"inLanguage\":\"sk-SK\",\"@id\":\"https:\\\/\\\/pmza.sk\\\/#\\\/schema\\\/logo\\\/image\\\/\",\"url\":\"https:\\\/\\\/pmza.sk\\\/wp-content\\\/uploads\\\/2022\\\/01\\\/logo_PM_horizontal.jpg\",\"contentUrl\":\"https:\\\/\\\/pmza.sk\\\/wp-content\\\/uploads\\\/2022\\\/01\\\/logo_PM_horizontal.jpg\",\"width\":231,\"height\":142,\"caption\":\"Pova\u017esk\u00e9 m\u00fazeum\"},\"image\":{\"@id\":\"https:\\\/\\\/pmza.sk\\\/#\\\/schema\\\/logo\\\/image\\\/\"},\"sameAs\":[\"https:\\\/\\\/www.facebook.com\\\/povazskemuzeum\",\"https:\\\/\\\/www.instagram.com\\\/povazskemuzeum\\\/\"]},{\"@type\":\"Person\",\"@id\":\"https:\\\/\\\/pmza.sk\\\/#\\\/schema\\\/person\\\/f0b923a9aa8e1f67feef0d7cd9afde35\",\"name\":\"libor\",\"image\":{\"@type\":\"ImageObject\",\"inLanguage\":\"sk-SK\",\"@id\":\"https:\\\/\\\/secure.gravatar.com\\\/avatar\\\/c583dbc698e594aacced1589eb8cf1673bd41d461e8b2ab635484ffc26fee7b0?s=96&d=mm&r=g\",\"url\":\"https:\\\/\\\/secure.gravatar.com\\\/avatar\\\/c583dbc698e594aacced1589eb8cf1673bd41d461e8b2ab635484ffc26fee7b0?s=96&d=mm&r=g\",\"contentUrl\":\"https:\\\/\\\/secure.gravatar.com\\\/avatar\\\/c583dbc698e594aacced1589eb8cf1673bd41d461e8b2ab635484ffc26fee7b0?s=96&d=mm&r=g\",\"caption\":\"libor\"}}]}<\/script>\n<!-- \/ Yoast SEO plugin. -->","yoast_head_json":{"title":"V Sob\u00e1\u0161nom pal\u00e1ci v Byt\u010di v\u00fdstava o kr\u00e1sach slovenskej pr\u00edrody - Pova\u017esk\u00e9 m\u00fazeum","robots":{"index":"index","follow":"follow","max-snippet":"max-snippet:-1","max-image-preview":"max-image-preview:large","max-video-preview":"max-video-preview:-1"},"canonical":"https:\/\/pmza.sk\/?p=3796","og_locale":"sk_SK","og_type":"article","og_title":"V Sob\u00e1\u0161nom pal\u00e1ci v Byt\u010di v\u00fdstava o kr\u00e1sach slovenskej pr\u00edrody - Pova\u017esk\u00e9 m\u00fazeum","og_description":"Sob\u00e1\u0161ny pal\u00e1c v\u00a0Byt\u010di tento rok pon\u00fakol nieko\u013eko v\u00fdstav prezentuj\u00facich bohat\u00e9 pr\u00edrodn\u00e9 a\u00a0kult\u00farne dedi\u010dstvo byt\u010dianskeho regi\u00f3nu, ale aj\u00a0cel\u00e9ho Slovenska. Okrem st\u00e1lej v\u00fdstavy Pamiatky UNESCO na Slovensku to bola v\u00fdstava Byt\u010da a\u00a0okolie v\u00a0odkazoch archeol\u00f3gie, \u010di Fl\u00f3ra S\u00fa\u013eovsk\u00fdch sk\u00e1l. Na tieto tematicky nadv\u00e4zuje \u010fal\u0161ia, tentokr\u00e1t autorsk\u00e1 v\u00fdstava fotografa Matej \u017diaka pod n\u00e1zvom \u0160tyri ro\u010dn\u00e9 obdobia v\u00a0detailoch slovenskej pr\u00edrody. [&hellip;]","og_url":"https:\/\/pmza.sk\/?p=3796","og_site_name":"Pova\u017esk\u00e9 m\u00fazeum","article_publisher":"https:\/\/www.facebook.com\/povazskemuzeum","article_published_time":"2011-08-22T16:08:48+00:00","og_image":[{"url":"https:\/\/pmza.sk.sk\/wp-content\/uploads\/2011\/08\/TS-vystava-300x154.jpg","type":"","width":"","height":""}],"author":"libor","twitter_card":"summary_large_image","twitter_misc":{"Autor":"libor","Predpokladan\u00fd \u010das \u010d\u00edtania":"2 min\u00faty"},"schema":{"@context":"https:\/\/schema.org","@graph":[{"@type":"Article","@id":"https:\/\/pmza.sk\/?p=3796#article","isPartOf":{"@id":"https:\/\/pmza.sk\/?p=3796"},"author":{"name":"libor","@id":"https:\/\/pmza.sk\/#\/schema\/person\/f0b923a9aa8e1f67feef0d7cd9afde35"},"headline":"V Sob\u00e1\u0161nom pal\u00e1ci v Byt\u010di v\u00fdstava o kr\u00e1sach slovenskej pr\u00edrody","datePublished":"2011-08-22T16:08:48+00:00","mainEntityOfPage":{"@id":"https:\/\/pmza.sk\/?p=3796"},"wordCount":427,"publisher":{"@id":"https:\/\/pmza.sk\/#organization"},"image":{"@id":"https:\/\/pmza.sk\/?p=3796#primaryimage"},"thumbnailUrl":"https:\/\/pmza.sk.sk\/wp-content\/uploads\/2011\/08\/TS-vystava-300x154.jpg","articleSection":["Arch\u00edv 2011"],"inLanguage":"sk-SK"},{"@type":"WebPage","@id":"https:\/\/pmza.sk\/?p=3796","url":"https:\/\/pmza.sk\/?p=3796","name":"V Sob\u00e1\u0161nom pal\u00e1ci v Byt\u010di v\u00fdstava o kr\u00e1sach slovenskej pr\u00edrody - Pova\u017esk\u00e9 m\u00fazeum","isPartOf":{"@id":"https:\/\/pmza.sk\/#website"},"primaryImageOfPage":{"@id":"https:\/\/pmza.sk\/?p=3796#primaryimage"},"image":{"@id":"https:\/\/pmza.sk\/?p=3796#primaryimage"},"thumbnailUrl":"https:\/\/pmza.sk.sk\/wp-content\/uploads\/2011\/08\/TS-vystava-300x154.jpg","datePublished":"2011-08-22T16:08:48+00:00","breadcrumb":{"@id":"https:\/\/pmza.sk\/?p=3796#breadcrumb"},"inLanguage":"sk-SK","potentialAction":[{"@type":"ReadAction","target":["https:\/\/pmza.sk\/?p=3796"]}]},{"@type":"ImageObject","inLanguage":"sk-SK","@id":"https:\/\/pmza.sk\/?p=3796#primaryimage","url":"https:\/\/pmza.sk.sk\/wp-content\/uploads\/2011\/08\/TS-vystava-300x154.jpg","contentUrl":"https:\/\/pmza.sk.sk\/wp-content\/uploads\/2011\/08\/TS-vystava-300x154.jpg"},{"@type":"BreadcrumbList","@id":"https:\/\/pmza.sk\/?p=3796#breadcrumb","itemListElement":[{"@type":"ListItem","position":1,"name":"Domovsk\u00e1 str\u00e1nka","item":"https:\/\/pmza.sk\/"},{"@type":"ListItem","position":2,"name":"V Sob\u00e1\u0161nom pal\u00e1ci v Byt\u010di v\u00fdstava o kr\u00e1sach slovenskej pr\u00edrody"}]},{"@type":"WebSite","@id":"https:\/\/pmza.sk\/#website","url":"https:\/\/pmza.sk\/","name":"Pova\u017esk\u00e9 m\u00fazeum","description":"Pova\u017esk\u00e9 m\u00fazeum v \u017diline je region\u00e1lne m\u00fazeum so s\u00eddlom v Budat\u00edne. Jeho expoz\u00edcie s\u00fa zameran\u00e9 na dejiny slovensk\u00e9ho umenia, kult\u00fary a dopravy.","publisher":{"@id":"https:\/\/pmza.sk\/#organization"},"potentialAction":[{"@type":"SearchAction","target":{"@type":"EntryPoint","urlTemplate":"https:\/\/pmza.sk\/?s={search_term_string}"},"query-input":{"@type":"PropertyValueSpecification","valueRequired":true,"valueName":"search_term_string"}}],"inLanguage":"sk-SK"},{"@type":"Organization","@id":"https:\/\/pmza.sk\/#organization","name":"Pova\u017esk\u00e9 m\u00fazeum","url":"https:\/\/pmza.sk\/","logo":{"@type":"ImageObject","inLanguage":"sk-SK","@id":"https:\/\/pmza.sk\/#\/schema\/logo\/image\/","url":"https:\/\/pmza.sk\/wp-content\/uploads\/2022\/01\/logo_PM_horizontal.jpg","contentUrl":"https:\/\/pmza.sk\/wp-content\/uploads\/2022\/01\/logo_PM_horizontal.jpg","width":231,"height":142,"caption":"Pova\u017esk\u00e9 m\u00fazeum"},"image":{"@id":"https:\/\/pmza.sk\/#\/schema\/logo\/image\/"},"sameAs":["https:\/\/www.facebook.com\/povazskemuzeum","https:\/\/www.instagram.com\/povazskemuzeum\/"]},{"@type":"Person","@id":"https:\/\/pmza.sk\/#\/schema\/person\/f0b923a9aa8e1f67feef0d7cd9afde35","name":"libor","image":{"@type":"ImageObject","inLanguage":"sk-SK","@id":"https:\/\/secure.gravatar.com\/avatar\/c583dbc698e594aacced1589eb8cf1673bd41d461e8b2ab635484ffc26fee7b0?s=96&d=mm&r=g","url":"https:\/\/secure.gravatar.com\/avatar\/c583dbc698e594aacced1589eb8cf1673bd41d461e8b2ab635484ffc26fee7b0?s=96&d=mm&r=g","contentUrl":"https:\/\/secure.gravatar.com\/avatar\/c583dbc698e594aacced1589eb8cf1673bd41d461e8b2ab635484ffc26fee7b0?s=96&d=mm&r=g","caption":"libor"}}]}},"_links":{"self":[{"href":"https:\/\/pmza.sk\/index.php?rest_route=\/wp\/v2\/posts\/3796","targetHints":{"allow":["GET"]}}],"collection":[{"href":"https:\/\/pmza.sk\/index.php?rest_route=\/wp\/v2\/posts"}],"about":[{"href":"https:\/\/pmza.sk\/index.php?rest_route=\/wp\/v2\/types\/post"}],"author":[{"embeddable":true,"href":"https:\/\/pmza.sk\/index.php?rest_route=\/wp\/v2\/users\/1"}],"replies":[{"embeddable":true,"href":"https:\/\/pmza.sk\/index.php?rest_route=%2Fwp%2Fv2%2Fcomments&post=3796"}],"version-history":[{"count":0,"href":"https:\/\/pmza.sk\/index.php?rest_route=\/wp\/v2\/posts\/3796\/revisions"}],"wp:attachment":[{"href":"https:\/\/pmza.sk\/index.php?rest_route=%2Fwp%2Fv2%2Fmedia&parent=3796"}],"wp:term":[{"taxonomy":"category","embeddable":true,"href":"https:\/\/pmza.sk\/index.php?rest_route=%2Fwp%2Fv2%2Fcategories&post=3796"},{"taxonomy":"post_tag","embeddable":true,"href":"https:\/\/pmza.sk\/index.php?rest_route=%2Fwp%2Fv2%2Ftags&post=3796"}],"curies":[{"name":"wp","href":"https:\/\/api.w.org\/{rel}","templated":true}]}}