{"id":38314,"date":"2020-01-31T13:32:18","date_gmt":"2020-01-31T12:32:18","guid":{"rendered":"https:\/\/pmza.sk\/?p=38314"},"modified":"2020-01-31T13:32:18","modified_gmt":"2020-01-31T12:32:18","slug":"predmet-mesiaca-februar-imelo-a-imelovec","status":"publish","type":"post","link":"https:\/\/pmza.sk\/?p=38314","title":{"rendered":"Predmet mesiaca febru\u00e1r: imelo a imelovec"},"content":{"rendered":"<p><strong>Imelo a\u00a0imelovec<\/strong><\/p>\n<p>Dve vzh\u013eadom podobn\u00e9 rastliny sp\u00e1ja zauj\u00edmav\u00e1 \u017eivotn\u00e1 strat\u00e9gia vyu\u017e\u00edva\u0165 koruny stromov k\u00a0dobr\u00e9mu pr\u00edstupu k\u00a0slne\u010dn\u00e9mu svitu a\u00a0z\u00e1rove\u0148 zjednodu\u0161i\u0165 si pr\u00edsun \u017eiv\u00edn \u010diasto\u010dnou parazit\u00e1ciou na svojom stromovom hostite\u013eovi. Imelo biele a\u00a0imelovec eur\u00f3psky mo\u017eno dobre rozl\u00ed\u0161i\u0165 najm\u00e4 v\u00a0zime, preto\u017ee imelo m\u00e1 listy trv\u00e1ce a\u00a0imelovec je opadav\u00fd. Obidva druhy sa prichyt\u00e1vaj\u00fa na kon\u00e1roch stromov kotvovit\u00fdm kore\u0148om a\u00a0pomocn\u00fdmi podk\u00f4rov\u00fdmi kore\u0148mi. Do dreva prenikaj\u00fa \u0161peci\u00e1lne adaptovan\u00e9 korene (haust\u00f3ria), ktor\u00e9 s\u00fa schopn\u00e9 napoji\u0165 sa na\u00a0vodiv\u00e9 pletiv\u00e1 hostite\u013ea.<\/p>\n<p><strong>Imelo biele (<em>Viscum album<\/em>) <\/strong><\/p>\n<p>Imelo biele je poloparazitick\u00fd ker, ktor\u00fd dosahuje ve\u013ekos\u0165 do jedn\u00e9ho metra. Listy m\u00e1 sediace, ko\u017eovit\u00e9, \u017eltozelenej farby. Kvitne vo febru\u00e1ri a\u017e apr\u00edli, kvietky m\u00e1 drobn\u00e9, sam\u010die intenz\u00edvne vo\u0148aj\u00fa, sami\u010die s\u00fa bez nekt\u00e1ru, ope\u013euj\u00fa ich najm\u00e4 muchy. Bobule maj\u00fa bielu alebo \u017eltkast\u00fa farbu. Obsahuj\u00fa lepkav\u00e9 semen\u00e1 a\u00a0sl\u00fa\u017eia ako potrava najm\u00e4 drozdovit\u00fdch vt\u00e1kov. Ich lepkav\u00fd trus sa n\u00e1sledne spolu so semenami dost\u00e1va na kon\u00e1re stromov, kde m\u00e1 kl\u00ed\u010diaca rastlinka ide\u00e1lne podmienky pre svoj rast. Rozli\u0161ujeme tri poddruhy, ktor\u00e9 sa l\u00ed\u0161ia druhmi hostite\u013esk\u00fdch stromov. Jeden rastie na listnat\u00fdch drevin\u00e1ch, druh\u00fd na jedli, tret\u00ed n\u00e1jdeme len na borovici alebo\u00a0smreku. Zriedkavo dok\u00e1\u017ee parazitova\u0165 aj na imelovci. Imelo obsahuje viacero\u00a0 lie\u010div\u00fdch l\u00e1tok, ktor\u00e9 sa vyu\u017e\u00edvaj\u00fa aj v\u00a0s\u00fa\u010dasnej medic\u00edne. V\u00a0\u013eudovej trad\u00edcii je pova\u017eovan\u00e9 za magick\u00fa rastlinu, dotkn\u00fa\u0165 sa imela predstavovalo privodi\u0165 si \u0161\u0165astie.<\/p>\n<p><strong>Imelovec eur\u00f3psky (<em>Loranthus europaeus<\/em>) \u00a0<\/strong><\/p>\n<p>Krehk\u00fd kr\u00edk gu\u013eovit\u00e9ho tvaru, ve\u013ek\u00fd maxim\u00e1lne 80 cm. Listy s\u00fa kr\u00e1tko stopkat\u00e9, tuh\u00e9, tmavozelen\u00e9. Kvitnutie prebieha od m\u00e1ja do j\u00fana a kvety s\u00fa usporiadan\u00e9 v\u00a0strapcoch alebo klasoch. Bobule maj\u00fa \u017elt\u00e9 sfarbenie, s\u00fa a\u017e 1 cm ve\u013ek\u00e9 a maj\u00fa lepkav\u00e9 oplodie. Z\u00a0bob\u00fa\u013e imelovca sa pripravovalo lepidlo, ktor\u00e9 sa pou\u017e\u00edvalo na chytanie vt\u00e1kov. Obsahuj\u00fa toti\u017e aj kau\u010duk a\u00a0preto lepidlo zost\u00e1valo funk\u010dn\u00e9 aj po zaschnut\u00ed. Imelovec rastie najm\u00e4 v\u00a0ju\u017enej polovici Slovenska. Hostite\u013esk\u00fdmi stromami s\u00fa najm\u00e4 duby, kde m\u00e1 ide\u00e1lne podmienky na tenk\u00fdch kon\u00e1rikoch. Pri premno\u017een\u00ed m\u00f4\u017ee sp\u00f4sobova\u0165 uschnutie hostite\u013ea.<\/p>\n<p><strong>Vystaven\u00e1 herb\u00e1rov\u00e1 polo\u017eka imelovca predstavuje zber z\u00a0roku 1995 z\u00a0Bielych Karp\u00e1t a zberate\u013ekou je Vikt\u00f3ria Urbanov\u00e1.<\/strong><\/p>\n<p>Botanick\u00fd zbierkov\u00fd fond Pova\u017esk\u00e9ho m\u00fazea tvoria herb\u00e1rov\u00e9 polo\u017eky rastl\u00edn. Aktu\u00e1lne ich herb\u00e1r obsahuje 17\u00a0280. Najstar\u0161ie zbery s\u00fa od Ladislava D\u00fdlika zo \u0161es\u0165desiatych rokov, od roku 1969 vytv\u00e1rala herb\u00e1r botani\u010dka Pova\u017esk\u00e9ho m\u00fazea RNDr. Vikt\u00f3ria Urbanov\u00e1, CSc. V\u00e4\u010d\u0161ina rastl\u00edn herb\u00e1ru je zo\u00a0severoz\u00e1padn\u00e9ho Slovenska. Botanick\u00fd fond dokladuje v\u00fdskyt konkr\u00e9tnych rastlinn\u00fdch tax\u00f3nov na dan\u00fdch lokalit\u00e1ch v\u00a0ur\u010ditom \u010dase. Dokladuj\u00fa sa v \u0148om druhy s\u00a0r\u00f4znou v\u00fdpovednou hodnotou: zriedkav\u00e9 i chr\u00e1nen\u00e9, s\u00a0jedinou alebo s m\u00e1lo lokalitami v\u00fdskytu, ale aj be\u017en\u00e9, hojne roz\u0161\u00edren\u00e9 p\u00f4vodn\u00e9 druhy \u010di inv\u00e1zne nep\u00f4vodn\u00e9 druhy. Zast\u00fapen\u00e9 s\u00fa i\u00a0druhy z\u00a0lokal\u00edt, ktor\u00e9 dnes u\u017e neexistuj\u00fa a\u00a0s\u00fa tak jedin\u00fdm dokladom o\u00a0ich v\u00fdskyte na danej lokalite v\u00a0na\u0161om regi\u00f3ne.<\/p>\n<p>Ing. Kv\u011bta Kickov\u00e1<\/p>\n<p>kur\u00e1torka herb\u00e1ra Pova\u017esk\u00e9ho m\u00fazea v \u017diline<\/p>\n","protected":false},"excerpt":{"rendered":"<p>Imelo a\u00a0imelovec Dve vzh\u013eadom podobn\u00e9 rastliny sp\u00e1ja zauj\u00edmav\u00e1 \u017eivotn\u00e1 strat\u00e9gia vyu\u017e\u00edva\u0165 koruny stromov k\u00a0dobr\u00e9mu pr\u00edstupu k\u00a0slne\u010dn\u00e9mu svitu a\u00a0z\u00e1rove\u0148 zjednodu\u0161i\u0165 si pr\u00edsun \u017eiv\u00edn \u010diasto\u010dnou parazit\u00e1ciou na svojom stromovom hostite\u013eovi. Imelo biele a\u00a0imelovec eur\u00f3psky mo\u017eno dobre rozl\u00ed\u0161i\u0165 najm\u00e4 v\u00a0zime, preto\u017ee imelo m\u00e1 listy trv\u00e1ce a\u00a0imelovec je opadav\u00fd. Obidva druhy sa prichyt\u00e1vaj\u00fa na kon\u00e1roch stromov kotvovit\u00fdm kore\u0148om a\u00a0pomocn\u00fdmi [&hellip;]<\/p>\n","protected":false},"author":2,"featured_media":38315,"comment_status":"closed","ping_status":"closed","sticky":false,"template":"","format":"standard","meta":{"site-sidebar-layout":"default","site-content-layout":"","ast-site-content-layout":"","site-content-style":"default","site-sidebar-style":"default","ast-global-header-display":"","ast-banner-title-visibility":"","ast-main-header-display":"","ast-hfb-above-header-display":"","ast-hfb-below-header-display":"","ast-hfb-mobile-header-display":"","site-post-title":"","ast-breadcrumbs-content":"","ast-featured-img":"","footer-sml-layout":"","theme-transparent-header-meta":"","adv-header-id-meta":"","stick-header-meta":"","header-above-stick-meta":"","header-main-stick-meta":"","header-below-stick-meta":"","astra-migrate-meta-layouts":"default","ast-page-background-enabled":"default","ast-page-background-meta":{"desktop":{"background-color":"var(--ast-global-color-4)","background-image":"","background-repeat":"repeat","background-position":"center center","background-size":"auto","background-attachment":"scroll","background-type":"","background-media":"","overlay-type":"","overlay-color":"","overlay-opacity":"","overlay-gradient":""},"tablet":{"background-color":"","background-image":"","background-repeat":"repeat","background-position":"center center","background-size":"auto","background-attachment":"scroll","background-type":"","background-media":"","overlay-type":"","overlay-color":"","overlay-opacity":"","overlay-gradient":""},"mobile":{"background-color":"","background-image":"","background-repeat":"repeat","background-position":"center center","background-size":"auto","background-attachment":"scroll","background-type":"","background-media":"","overlay-type":"","overlay-color":"","overlay-opacity":"","overlay-gradient":""}},"ast-content-background-meta":{"desktop":{"background-color":"var(--ast-global-color-5)","background-image":"","background-repeat":"repeat","background-position":"center center","background-size":"auto","background-attachment":"scroll","background-type":"","background-media":"","overlay-type":"","overlay-color":"","overlay-opacity":"","overlay-gradient":""},"tablet":{"background-color":"var(--ast-global-color-5)","background-image":"","background-repeat":"repeat","background-position":"center center","background-size":"auto","background-attachment":"scroll","background-type":"","background-media":"","overlay-type":"","overlay-color":"","overlay-opacity":"","overlay-gradient":""},"mobile":{"background-color":"var(--ast-global-color-5)","background-image":"","background-repeat":"repeat","background-position":"center center","background-size":"auto","background-attachment":"scroll","background-type":"","background-media":"","overlay-type":"","overlay-color":"","overlay-opacity":"","overlay-gradient":""}},"footnotes":""},"categories":[31],"tags":[],"class_list":["post-38314","post","type-post","status-publish","format-standard","has-post-thumbnail","hentry","category-aktuality"],"yoast_head":"<!-- This site is optimized with the Yoast SEO plugin v27.4 - https:\/\/yoast.com\/product\/yoast-seo-wordpress\/ -->\n<title>Predmet mesiaca febru\u00e1r: imelo a imelovec - Pova\u017esk\u00e9 m\u00fazeum<\/title>\n<meta name=\"robots\" content=\"index, follow, max-snippet:-1, max-image-preview:large, max-video-preview:-1\" \/>\n<link rel=\"canonical\" href=\"https:\/\/pmza.sk\/?p=38314\" \/>\n<meta property=\"og:locale\" content=\"sk_SK\" \/>\n<meta property=\"og:type\" content=\"article\" \/>\n<meta property=\"og:title\" content=\"Predmet mesiaca febru\u00e1r: imelo a imelovec - Pova\u017esk\u00e9 m\u00fazeum\" \/>\n<meta property=\"og:description\" content=\"Imelo a\u00a0imelovec Dve vzh\u013eadom podobn\u00e9 rastliny sp\u00e1ja zauj\u00edmav\u00e1 \u017eivotn\u00e1 strat\u00e9gia vyu\u017e\u00edva\u0165 koruny stromov k\u00a0dobr\u00e9mu pr\u00edstupu k\u00a0slne\u010dn\u00e9mu svitu a\u00a0z\u00e1rove\u0148 zjednodu\u0161i\u0165 si pr\u00edsun \u017eiv\u00edn \u010diasto\u010dnou parazit\u00e1ciou na svojom stromovom hostite\u013eovi. Imelo biele a\u00a0imelovec eur\u00f3psky mo\u017eno dobre rozl\u00ed\u0161i\u0165 najm\u00e4 v\u00a0zime, preto\u017ee imelo m\u00e1 listy trv\u00e1ce a\u00a0imelovec je opadav\u00fd. Obidva druhy sa prichyt\u00e1vaj\u00fa na kon\u00e1roch stromov kotvovit\u00fdm kore\u0148om a\u00a0pomocn\u00fdmi [&hellip;]\" \/>\n<meta property=\"og:url\" content=\"https:\/\/pmza.sk\/?p=38314\" \/>\n<meta property=\"og:site_name\" content=\"Pova\u017esk\u00e9 m\u00fazeum\" \/>\n<meta property=\"article:publisher\" content=\"https:\/\/www.facebook.com\/povazskemuzeum\" \/>\n<meta property=\"article:published_time\" content=\"2020-01-31T12:32:18+00:00\" \/>\n<meta property=\"og:image\" content=\"https:\/\/pmza.sk\/wp-content\/uploads\/2020\/01\/imelo_foto.jpg\" \/>\n\t<meta property=\"og:image:width\" content=\"800\" \/>\n\t<meta property=\"og:image:height\" content=\"370\" \/>\n\t<meta property=\"og:image:type\" content=\"image\/jpeg\" \/>\n<meta name=\"author\" content=\"Pova\u017esk\u00e9 m\u00fazeum\" \/>\n<meta name=\"twitter:card\" content=\"summary_large_image\" \/>\n<meta name=\"twitter:label1\" content=\"Autor\" \/>\n\t<meta name=\"twitter:data1\" content=\"Pova\u017esk\u00e9 m\u00fazeum\" \/>\n\t<meta name=\"twitter:label2\" content=\"Predpokladan\u00fd \u010das \u010d\u00edtania\" \/>\n\t<meta name=\"twitter:data2\" content=\"3 min\u00faty\" \/>\n<script type=\"application\/ld+json\" class=\"yoast-schema-graph\">{\"@context\":\"https:\\\/\\\/schema.org\",\"@graph\":[{\"@type\":\"Article\",\"@id\":\"https:\\\/\\\/pmza.sk\\\/?p=38314#article\",\"isPartOf\":{\"@id\":\"https:\\\/\\\/pmza.sk\\\/?p=38314\"},\"author\":{\"name\":\"Pova\u017esk\u00e9 m\u00fazeum\",\"@id\":\"https:\\\/\\\/pmza.sk\\\/#\\\/schema\\\/person\\\/595e6a2ce731ea94dcd5d7f50a41ae33\"},\"headline\":\"Predmet mesiaca febru\u00e1r: imelo a imelovec\",\"datePublished\":\"2020-01-31T12:32:18+00:00\",\"mainEntityOfPage\":{\"@id\":\"https:\\\/\\\/pmza.sk\\\/?p=38314\"},\"wordCount\":595,\"publisher\":{\"@id\":\"https:\\\/\\\/pmza.sk\\\/#organization\"},\"image\":{\"@id\":\"https:\\\/\\\/pmza.sk\\\/?p=38314#primaryimage\"},\"thumbnailUrl\":\"https:\\\/\\\/pmza.sk\\\/wp-content\\\/uploads\\\/2020\\\/01\\\/imelo_foto.jpg\",\"articleSection\":[\"Aktuality\"],\"inLanguage\":\"sk-SK\"},{\"@type\":\"WebPage\",\"@id\":\"https:\\\/\\\/pmza.sk\\\/?p=38314\",\"url\":\"https:\\\/\\\/pmza.sk\\\/?p=38314\",\"name\":\"Predmet mesiaca febru\u00e1r: imelo a imelovec - Pova\u017esk\u00e9 m\u00fazeum\",\"isPartOf\":{\"@id\":\"https:\\\/\\\/pmza.sk\\\/#website\"},\"primaryImageOfPage\":{\"@id\":\"https:\\\/\\\/pmza.sk\\\/?p=38314#primaryimage\"},\"image\":{\"@id\":\"https:\\\/\\\/pmza.sk\\\/?p=38314#primaryimage\"},\"thumbnailUrl\":\"https:\\\/\\\/pmza.sk\\\/wp-content\\\/uploads\\\/2020\\\/01\\\/imelo_foto.jpg\",\"datePublished\":\"2020-01-31T12:32:18+00:00\",\"breadcrumb\":{\"@id\":\"https:\\\/\\\/pmza.sk\\\/?p=38314#breadcrumb\"},\"inLanguage\":\"sk-SK\",\"potentialAction\":[{\"@type\":\"ReadAction\",\"target\":[\"https:\\\/\\\/pmza.sk\\\/?p=38314\"]}]},{\"@type\":\"ImageObject\",\"inLanguage\":\"sk-SK\",\"@id\":\"https:\\\/\\\/pmza.sk\\\/?p=38314#primaryimage\",\"url\":\"https:\\\/\\\/pmza.sk\\\/wp-content\\\/uploads\\\/2020\\\/01\\\/imelo_foto.jpg\",\"contentUrl\":\"https:\\\/\\\/pmza.sk\\\/wp-content\\\/uploads\\\/2020\\\/01\\\/imelo_foto.jpg\",\"width\":800,\"height\":370},{\"@type\":\"BreadcrumbList\",\"@id\":\"https:\\\/\\\/pmza.sk\\\/?p=38314#breadcrumb\",\"itemListElement\":[{\"@type\":\"ListItem\",\"position\":1,\"name\":\"Domovsk\u00e1 str\u00e1nka\",\"item\":\"https:\\\/\\\/pmza.sk\\\/\"},{\"@type\":\"ListItem\",\"position\":2,\"name\":\"Predmet mesiaca febru\u00e1r: imelo a imelovec\"}]},{\"@type\":\"WebSite\",\"@id\":\"https:\\\/\\\/pmza.sk\\\/#website\",\"url\":\"https:\\\/\\\/pmza.sk\\\/\",\"name\":\"Pova\u017esk\u00e9 m\u00fazeum\",\"description\":\"Pova\u017esk\u00e9 m\u00fazeum v \u017diline je region\u00e1lne m\u00fazeum so s\u00eddlom v Budat\u00edne. Jeho expoz\u00edcie s\u00fa zameran\u00e9 na dejiny slovensk\u00e9ho umenia, kult\u00fary a dopravy.\",\"publisher\":{\"@id\":\"https:\\\/\\\/pmza.sk\\\/#organization\"},\"potentialAction\":[{\"@type\":\"SearchAction\",\"target\":{\"@type\":\"EntryPoint\",\"urlTemplate\":\"https:\\\/\\\/pmza.sk\\\/?s={search_term_string}\"},\"query-input\":{\"@type\":\"PropertyValueSpecification\",\"valueRequired\":true,\"valueName\":\"search_term_string\"}}],\"inLanguage\":\"sk-SK\"},{\"@type\":\"Organization\",\"@id\":\"https:\\\/\\\/pmza.sk\\\/#organization\",\"name\":\"Pova\u017esk\u00e9 m\u00fazeum\",\"url\":\"https:\\\/\\\/pmza.sk\\\/\",\"logo\":{\"@type\":\"ImageObject\",\"inLanguage\":\"sk-SK\",\"@id\":\"https:\\\/\\\/pmza.sk\\\/#\\\/schema\\\/logo\\\/image\\\/\",\"url\":\"https:\\\/\\\/pmza.sk\\\/wp-content\\\/uploads\\\/2022\\\/01\\\/logo_PM_horizontal.jpg\",\"contentUrl\":\"https:\\\/\\\/pmza.sk\\\/wp-content\\\/uploads\\\/2022\\\/01\\\/logo_PM_horizontal.jpg\",\"width\":231,\"height\":142,\"caption\":\"Pova\u017esk\u00e9 m\u00fazeum\"},\"image\":{\"@id\":\"https:\\\/\\\/pmza.sk\\\/#\\\/schema\\\/logo\\\/image\\\/\"},\"sameAs\":[\"https:\\\/\\\/www.facebook.com\\\/povazskemuzeum\",\"https:\\\/\\\/www.instagram.com\\\/povazskemuzeum\\\/\"]},{\"@type\":\"Person\",\"@id\":\"https:\\\/\\\/pmza.sk\\\/#\\\/schema\\\/person\\\/595e6a2ce731ea94dcd5d7f50a41ae33\",\"name\":\"Pova\u017esk\u00e9 m\u00fazeum\",\"image\":{\"@type\":\"ImageObject\",\"inLanguage\":\"sk-SK\",\"@id\":\"https:\\\/\\\/secure.gravatar.com\\\/avatar\\\/2bb7f1561282132fb5826dfeccc66c7996d11ee392ac6aaf7ced8a1c2027fbb2?s=96&d=mm&r=g\",\"url\":\"https:\\\/\\\/secure.gravatar.com\\\/avatar\\\/2bb7f1561282132fb5826dfeccc66c7996d11ee392ac6aaf7ced8a1c2027fbb2?s=96&d=mm&r=g\",\"contentUrl\":\"https:\\\/\\\/secure.gravatar.com\\\/avatar\\\/2bb7f1561282132fb5826dfeccc66c7996d11ee392ac6aaf7ced8a1c2027fbb2?s=96&d=mm&r=g\",\"caption\":\"Pova\u017esk\u00e9 m\u00fazeum\"}}]}<\/script>\n<!-- \/ Yoast SEO plugin. -->","yoast_head_json":{"title":"Predmet mesiaca febru\u00e1r: imelo a imelovec - Pova\u017esk\u00e9 m\u00fazeum","robots":{"index":"index","follow":"follow","max-snippet":"max-snippet:-1","max-image-preview":"max-image-preview:large","max-video-preview":"max-video-preview:-1"},"canonical":"https:\/\/pmza.sk\/?p=38314","og_locale":"sk_SK","og_type":"article","og_title":"Predmet mesiaca febru\u00e1r: imelo a imelovec - Pova\u017esk\u00e9 m\u00fazeum","og_description":"Imelo a\u00a0imelovec Dve vzh\u013eadom podobn\u00e9 rastliny sp\u00e1ja zauj\u00edmav\u00e1 \u017eivotn\u00e1 strat\u00e9gia vyu\u017e\u00edva\u0165 koruny stromov k\u00a0dobr\u00e9mu pr\u00edstupu k\u00a0slne\u010dn\u00e9mu svitu a\u00a0z\u00e1rove\u0148 zjednodu\u0161i\u0165 si pr\u00edsun \u017eiv\u00edn \u010diasto\u010dnou parazit\u00e1ciou na svojom stromovom hostite\u013eovi. Imelo biele a\u00a0imelovec eur\u00f3psky mo\u017eno dobre rozl\u00ed\u0161i\u0165 najm\u00e4 v\u00a0zime, preto\u017ee imelo m\u00e1 listy trv\u00e1ce a\u00a0imelovec je opadav\u00fd. Obidva druhy sa prichyt\u00e1vaj\u00fa na kon\u00e1roch stromov kotvovit\u00fdm kore\u0148om a\u00a0pomocn\u00fdmi [&hellip;]","og_url":"https:\/\/pmza.sk\/?p=38314","og_site_name":"Pova\u017esk\u00e9 m\u00fazeum","article_publisher":"https:\/\/www.facebook.com\/povazskemuzeum","article_published_time":"2020-01-31T12:32:18+00:00","og_image":[{"width":800,"height":370,"url":"https:\/\/pmza.sk\/wp-content\/uploads\/2020\/01\/imelo_foto.jpg","type":"image\/jpeg"}],"author":"Pova\u017esk\u00e9 m\u00fazeum","twitter_card":"summary_large_image","twitter_misc":{"Autor":"Pova\u017esk\u00e9 m\u00fazeum","Predpokladan\u00fd \u010das \u010d\u00edtania":"3 min\u00faty"},"schema":{"@context":"https:\/\/schema.org","@graph":[{"@type":"Article","@id":"https:\/\/pmza.sk\/?p=38314#article","isPartOf":{"@id":"https:\/\/pmza.sk\/?p=38314"},"author":{"name":"Pova\u017esk\u00e9 m\u00fazeum","@id":"https:\/\/pmza.sk\/#\/schema\/person\/595e6a2ce731ea94dcd5d7f50a41ae33"},"headline":"Predmet mesiaca febru\u00e1r: imelo a imelovec","datePublished":"2020-01-31T12:32:18+00:00","mainEntityOfPage":{"@id":"https:\/\/pmza.sk\/?p=38314"},"wordCount":595,"publisher":{"@id":"https:\/\/pmza.sk\/#organization"},"image":{"@id":"https:\/\/pmza.sk\/?p=38314#primaryimage"},"thumbnailUrl":"https:\/\/pmza.sk\/wp-content\/uploads\/2020\/01\/imelo_foto.jpg","articleSection":["Aktuality"],"inLanguage":"sk-SK"},{"@type":"WebPage","@id":"https:\/\/pmza.sk\/?p=38314","url":"https:\/\/pmza.sk\/?p=38314","name":"Predmet mesiaca febru\u00e1r: imelo a imelovec - Pova\u017esk\u00e9 m\u00fazeum","isPartOf":{"@id":"https:\/\/pmza.sk\/#website"},"primaryImageOfPage":{"@id":"https:\/\/pmza.sk\/?p=38314#primaryimage"},"image":{"@id":"https:\/\/pmza.sk\/?p=38314#primaryimage"},"thumbnailUrl":"https:\/\/pmza.sk\/wp-content\/uploads\/2020\/01\/imelo_foto.jpg","datePublished":"2020-01-31T12:32:18+00:00","breadcrumb":{"@id":"https:\/\/pmza.sk\/?p=38314#breadcrumb"},"inLanguage":"sk-SK","potentialAction":[{"@type":"ReadAction","target":["https:\/\/pmza.sk\/?p=38314"]}]},{"@type":"ImageObject","inLanguage":"sk-SK","@id":"https:\/\/pmza.sk\/?p=38314#primaryimage","url":"https:\/\/pmza.sk\/wp-content\/uploads\/2020\/01\/imelo_foto.jpg","contentUrl":"https:\/\/pmza.sk\/wp-content\/uploads\/2020\/01\/imelo_foto.jpg","width":800,"height":370},{"@type":"BreadcrumbList","@id":"https:\/\/pmza.sk\/?p=38314#breadcrumb","itemListElement":[{"@type":"ListItem","position":1,"name":"Domovsk\u00e1 str\u00e1nka","item":"https:\/\/pmza.sk\/"},{"@type":"ListItem","position":2,"name":"Predmet mesiaca febru\u00e1r: imelo a imelovec"}]},{"@type":"WebSite","@id":"https:\/\/pmza.sk\/#website","url":"https:\/\/pmza.sk\/","name":"Pova\u017esk\u00e9 m\u00fazeum","description":"Pova\u017esk\u00e9 m\u00fazeum v \u017diline je region\u00e1lne m\u00fazeum so s\u00eddlom v Budat\u00edne. Jeho expoz\u00edcie s\u00fa zameran\u00e9 na dejiny slovensk\u00e9ho umenia, kult\u00fary a dopravy.","publisher":{"@id":"https:\/\/pmza.sk\/#organization"},"potentialAction":[{"@type":"SearchAction","target":{"@type":"EntryPoint","urlTemplate":"https:\/\/pmza.sk\/?s={search_term_string}"},"query-input":{"@type":"PropertyValueSpecification","valueRequired":true,"valueName":"search_term_string"}}],"inLanguage":"sk-SK"},{"@type":"Organization","@id":"https:\/\/pmza.sk\/#organization","name":"Pova\u017esk\u00e9 m\u00fazeum","url":"https:\/\/pmza.sk\/","logo":{"@type":"ImageObject","inLanguage":"sk-SK","@id":"https:\/\/pmza.sk\/#\/schema\/logo\/image\/","url":"https:\/\/pmza.sk\/wp-content\/uploads\/2022\/01\/logo_PM_horizontal.jpg","contentUrl":"https:\/\/pmza.sk\/wp-content\/uploads\/2022\/01\/logo_PM_horizontal.jpg","width":231,"height":142,"caption":"Pova\u017esk\u00e9 m\u00fazeum"},"image":{"@id":"https:\/\/pmza.sk\/#\/schema\/logo\/image\/"},"sameAs":["https:\/\/www.facebook.com\/povazskemuzeum","https:\/\/www.instagram.com\/povazskemuzeum\/"]},{"@type":"Person","@id":"https:\/\/pmza.sk\/#\/schema\/person\/595e6a2ce731ea94dcd5d7f50a41ae33","name":"Pova\u017esk\u00e9 m\u00fazeum","image":{"@type":"ImageObject","inLanguage":"sk-SK","@id":"https:\/\/secure.gravatar.com\/avatar\/2bb7f1561282132fb5826dfeccc66c7996d11ee392ac6aaf7ced8a1c2027fbb2?s=96&d=mm&r=g","url":"https:\/\/secure.gravatar.com\/avatar\/2bb7f1561282132fb5826dfeccc66c7996d11ee392ac6aaf7ced8a1c2027fbb2?s=96&d=mm&r=g","contentUrl":"https:\/\/secure.gravatar.com\/avatar\/2bb7f1561282132fb5826dfeccc66c7996d11ee392ac6aaf7ced8a1c2027fbb2?s=96&d=mm&r=g","caption":"Pova\u017esk\u00e9 m\u00fazeum"}}]}},"_links":{"self":[{"href":"https:\/\/pmza.sk\/index.php?rest_route=\/wp\/v2\/posts\/38314","targetHints":{"allow":["GET"]}}],"collection":[{"href":"https:\/\/pmza.sk\/index.php?rest_route=\/wp\/v2\/posts"}],"about":[{"href":"https:\/\/pmza.sk\/index.php?rest_route=\/wp\/v2\/types\/post"}],"author":[{"embeddable":true,"href":"https:\/\/pmza.sk\/index.php?rest_route=\/wp\/v2\/users\/2"}],"replies":[{"embeddable":true,"href":"https:\/\/pmza.sk\/index.php?rest_route=%2Fwp%2Fv2%2Fcomments&post=38314"}],"version-history":[{"count":0,"href":"https:\/\/pmza.sk\/index.php?rest_route=\/wp\/v2\/posts\/38314\/revisions"}],"wp:featuredmedia":[{"embeddable":true,"href":"https:\/\/pmza.sk\/index.php?rest_route=\/wp\/v2\/media\/38315"}],"wp:attachment":[{"href":"https:\/\/pmza.sk\/index.php?rest_route=%2Fwp%2Fv2%2Fmedia&parent=38314"}],"wp:term":[{"taxonomy":"category","embeddable":true,"href":"https:\/\/pmza.sk\/index.php?rest_route=%2Fwp%2Fv2%2Fcategories&post=38314"},{"taxonomy":"post_tag","embeddable":true,"href":"https:\/\/pmza.sk\/index.php?rest_route=%2Fwp%2Fv2%2Ftags&post=38314"}],"curies":[{"name":"wp","href":"https:\/\/api.w.org\/{rel}","templated":true}]}}