{"id":38467,"date":"2020-02-13T12:10:31","date_gmt":"2020-02-13T11:10:31","guid":{"rendered":"https:\/\/pmza.sk\/?p=38467"},"modified":"2020-02-13T12:10:31","modified_gmt":"2020-02-13T11:10:31","slug":"mestska-truhlica-spat-na-budatinskom-hrade","status":"publish","type":"post","link":"https:\/\/pmza.sk\/?p=38467","title":{"rendered":"Mestsk\u00e1 truhlica sp\u00e4\u0165 na Budat\u00ednskom hrade"},"content":{"rendered":"<p>V\u00a0stredu 12. febru\u00e1ra sa do expoz\u00edcie Dejiny \u017diliny na Budat\u00ednskom hrade op\u00e4\u0165 vr\u00e1tila vz\u00e1cna mestsk\u00e1 truhlica. Od konca augusta 2019 bola toti\u017e s\u00fa\u010das\u0165ou medzin\u00e1rodnej v\u00fdstavy<em> Faszination Stadt. Die Urbanisierung Europas im Mittelalter und das Magdeburger Recht. <\/em>v\u00a0Kult\u00farnohistorickom m\u00fazeu v\u00a0Magdeburgu.<\/p>\n<p>Na ploche viac ako\u00a0 1\u00a0200 m<sup>2\u00a0 <\/sup>sa nach\u00e1dzalo mno\u017estvo \u00a0jedine\u010dn\u00fdch expon\u00e1tov. Na jednom mieste n\u00e1v\u0161tevn\u00edci videli stovky origin\u00e1lov z\u00a0takmer 10 kraj\u00edn Eur\u00f3py, ktor\u00e9 s\u00fa spojen\u00e9 s\u00a0Magdebursk\u00fdm pr\u00e1vom. Toto najd\u00f4le\u017eitej\u0161ie a\u00a0najzauj\u00edmavej\u0161ie mestsk\u00e9 pr\u00e1vo platilo v\u00a0stredoveku na \u00fazem\u00ed dne\u0161n\u00e9ho severov\u00fdchodn\u00e9ho Nemecka, Po\u013eska, severnej \u010dasti \u010ciech a\u00a0Moravy, Slovenska, Litvy, Bieloruska a Ukrajiny. Vych\u00e1dzalo zo stredovekej pr\u00e1vnej knihy zvanej Sachsen Spiegel, ktorej origin\u00e1l bol tie\u017e s\u00fa\u010das\u0165ou v\u00fdstavy. Pr\u00edtomn\u00ed mohli obdivova\u0165 r\u00f4zne obrazy, sochy, \u0161perky, zbrane, odevy, dobov\u00fd n\u00e1bytok , vz\u00e1cne rukopisy a\u00a0v\u00fdznamn\u00e9 dokumenty. Okrem Pova\u017esk\u00e9ho m\u00fazea v\u00a0\u017diline po\u017ei\u010dali zbierkov\u00e9 predmety na t\u00fato v\u00fdnimo\u010dn\u00fa v\u00fdstavu aj in\u00e9 m\u00faze\u00e1 zo Slovenska.<\/p>\n<p>Viac inform\u00e1ci\u00ed o\u00a0mestskej truhlici aj medzin\u00e1rodnej v\u00fdstave n\u00e1jdete na: <a href=\"https:\/\/pmza.sk\/aktuality\/truhlica-z-budatinskeho-hradu-sucastou-medzinarodnej-vystavy\/\">https:\/\/pmza.sk\/aktuality\/truhlica-z-budatinskeho-hradu-sucastou-medzinarodnej-vystavy\/<\/a><\/p>\n<p><a href=\"https:\/\/pmza.sk\/aktuality\/mestska-truhlica-spat-na-budatinskom-hrade\/attachment\/truhlica-3\/\" rel=\"attachment wp-att-38469\"><img fetchpriority=\"high\" decoding=\"async\" class=\"size-medium wp-image-38469 alignleft\" src=\"https:\/\/pmza.sk\/wp-content\/uploads\/2020\/02\/truhlica-540x360.jpg\" alt=\"\" width=\"540\" height=\"360\" srcset=\"https:\/\/pmza.sk\/wp-content\/uploads\/2020\/02\/truhlica-540x360.jpg 540w, https:\/\/pmza.sk\/wp-content\/uploads\/2020\/02\/truhlica-768x512.jpg 768w, https:\/\/pmza.sk\/wp-content\/uploads\/2020\/02\/truhlica-600x400.jpg 600w, https:\/\/pmza.sk\/wp-content\/uploads\/2020\/02\/truhlica.jpg 1024w\" sizes=\"(max-width: 540px) 100vw, 540px\" \/><\/a><\/p>\n<p><a href=\"https:\/\/pmza.sk\/aktuality\/mestska-truhlica-spat-na-budatinskom-hrade\/attachment\/img_7762-medium-2\/\" rel=\"attachment wp-att-38470\"><img decoding=\"async\" class=\"size-medium wp-image-38470 alignleft\" src=\"https:\/\/pmza.sk\/wp-content\/uploads\/2020\/02\/IMG_7762-Medium-540x360.jpg\" alt=\"\" width=\"540\" height=\"360\" srcset=\"https:\/\/pmza.sk\/wp-content\/uploads\/2020\/02\/IMG_7762-Medium-540x360.jpg 540w, https:\/\/pmza.sk\/wp-content\/uploads\/2020\/02\/IMG_7762-Medium-1104x736.jpg 1104w, https:\/\/pmza.sk\/wp-content\/uploads\/2020\/02\/IMG_7762-Medium-768x512.jpg 768w, https:\/\/pmza.sk\/wp-content\/uploads\/2020\/02\/IMG_7762-Medium-600x400.jpg 600w, https:\/\/pmza.sk\/wp-content\/uploads\/2020\/02\/IMG_7762-Medium.jpg 1152w\" sizes=\"(max-width: 540px) 100vw, 540px\" \/><\/a><\/p>\n<p><a href=\"https:\/\/pmza.sk\/aktuality\/mestska-truhlica-spat-na-budatinskom-hrade\/attachment\/img_4958\/\" rel=\"attachment wp-att-38471\"><img decoding=\"async\" class=\"size-medium wp-image-38471 alignleft\" src=\"https:\/\/pmza.sk\/wp-content\/uploads\/2020\/02\/IMG_4958-540x360.jpg\" alt=\"\" width=\"540\" height=\"360\" srcset=\"https:\/\/pmza.sk\/wp-content\/uploads\/2020\/02\/IMG_4958-540x360.jpg 540w, https:\/\/pmza.sk\/wp-content\/uploads\/2020\/02\/IMG_4958-768x512.jpg 768w, https:\/\/pmza.sk\/wp-content\/uploads\/2020\/02\/IMG_4958-600x400.jpg 600w, https:\/\/pmza.sk\/wp-content\/uploads\/2020\/02\/IMG_4958.jpg 1024w\" sizes=\"(max-width: 540px) 100vw, 540px\" \/><\/a><\/p>\n<p>&nbsp;<\/p>\n<p>&nbsp;<\/p>\n<p>&nbsp;<\/p>\n<p>&nbsp;<\/p>\n<p>&nbsp;<\/p>\n<p>&nbsp;<\/p>\n<p>&nbsp;<\/p>\n<p>&nbsp;<\/p>\n<p><a href=\"https:\/\/pmza.sk\/aktuality\/mestska-truhlica-spat-na-budatinskom-hrade\/attachment\/img_4991\/\" rel=\"attachment wp-att-38472\"><img loading=\"lazy\" decoding=\"async\" class=\"size-medium wp-image-38472 alignleft\" src=\"https:\/\/pmza.sk\/wp-content\/uploads\/2020\/02\/IMG_4991-540x360.jpg\" alt=\"\" width=\"540\" height=\"360\" srcset=\"https:\/\/pmza.sk\/wp-content\/uploads\/2020\/02\/IMG_4991-540x360.jpg 540w, https:\/\/pmza.sk\/wp-content\/uploads\/2020\/02\/IMG_4991-768x512.jpg 768w, https:\/\/pmza.sk\/wp-content\/uploads\/2020\/02\/IMG_4991-600x400.jpg 600w, https:\/\/pmza.sk\/wp-content\/uploads\/2020\/02\/IMG_4991.jpg 1024w\" sizes=\"(max-width: 540px) 100vw, 540px\" \/><\/a><a href=\"https:\/\/pmza.sk\/aktuality\/mestska-truhlica-spat-na-budatinskom-hrade\/attachment\/img_5009\/\" rel=\"attachment wp-att-38473\"><img loading=\"lazy\" decoding=\"async\" class=\"size-medium wp-image-38473 alignleft\" src=\"https:\/\/pmza.sk\/wp-content\/uploads\/2020\/02\/IMG_5009-540x360.jpg\" alt=\"\" width=\"540\" height=\"360\" srcset=\"https:\/\/pmza.sk\/wp-content\/uploads\/2020\/02\/IMG_5009-540x360.jpg 540w, https:\/\/pmza.sk\/wp-content\/uploads\/2020\/02\/IMG_5009-768x512.jpg 768w, https:\/\/pmza.sk\/wp-content\/uploads\/2020\/02\/IMG_5009-600x400.jpg 600w, https:\/\/pmza.sk\/wp-content\/uploads\/2020\/02\/IMG_5009.jpg 1024w\" sizes=\"(max-width: 540px) 100vw, 540px\" \/><\/a><\/p>\n<p>&nbsp;<\/p>\n<p>&nbsp;<\/p>\n<p>&nbsp;<\/p>\n<p>&nbsp;<\/p>\n<p>&nbsp;<\/p>\n<p>&nbsp;<\/p>\n<p>&nbsp;<\/p>\n<p>&nbsp;<\/p>\n<p>&nbsp;<\/p>\n<p><a href=\"https:\/\/pmza.sk\/aktuality\/mestska-truhlica-spat-na-budatinskom-hrade\/attachment\/img_5020-3\/\" rel=\"attachment wp-att-38474\"><img loading=\"lazy\" decoding=\"async\" class=\"size-medium wp-image-38474 alignleft\" src=\"https:\/\/pmza.sk\/wp-content\/uploads\/2020\/02\/IMG_5020-540x360.jpg\" alt=\"\" width=\"540\" height=\"360\" srcset=\"https:\/\/pmza.sk\/wp-content\/uploads\/2020\/02\/IMG_5020-540x360.jpg 540w, https:\/\/pmza.sk\/wp-content\/uploads\/2020\/02\/IMG_5020-768x512.jpg 768w, https:\/\/pmza.sk\/wp-content\/uploads\/2020\/02\/IMG_5020-600x400.jpg 600w, https:\/\/pmza.sk\/wp-content\/uploads\/2020\/02\/IMG_5020.jpg 1024w\" sizes=\"(max-width: 540px) 100vw, 540px\" \/><\/a><\/p>\n<p>&nbsp;<\/p>\n<p>&nbsp;<\/p>\n<p>&nbsp;<\/p>\n<p>&nbsp;<\/p>\n<p>&nbsp;<\/p>\n<p>&nbsp;<\/p>\n<p><a href=\"https:\/\/pmza.sk\/aktuality\/mestska-truhlica-spat-na-budatinskom-hrade\/attachment\/img_5043\/\" rel=\"attachment wp-att-38475\"><img loading=\"lazy\" decoding=\"async\" class=\"size-medium wp-image-38475 alignleft\" src=\"https:\/\/pmza.sk\/wp-content\/uploads\/2020\/02\/IMG_5043-540x360.jpg\" alt=\"\" width=\"540\" height=\"360\" srcset=\"https:\/\/pmza.sk\/wp-content\/uploads\/2020\/02\/IMG_5043-540x360.jpg 540w, https:\/\/pmza.sk\/wp-content\/uploads\/2020\/02\/IMG_5043-768x512.jpg 768w, https:\/\/pmza.sk\/wp-content\/uploads\/2020\/02\/IMG_5043-600x400.jpg 600w, https:\/\/pmza.sk\/wp-content\/uploads\/2020\/02\/IMG_5043.jpg 1024w\" sizes=\"(max-width: 540px) 100vw, 540px\" \/><\/a><\/p>\n<p>&nbsp;<\/p>\n<p>&nbsp;<\/p>\n<p><a href=\"https:\/\/pmza.sk\/aktuality\/mestska-truhlica-spat-na-budatinskom-hrade\/attachment\/img_5046\/\" rel=\"attachment wp-att-38476\"><img loading=\"lazy\" decoding=\"async\" class=\"size-medium wp-image-38476 alignleft\" src=\"https:\/\/pmza.sk\/wp-content\/uploads\/2020\/02\/IMG_5046-540x360.jpg\" alt=\"\" width=\"540\" height=\"360\" srcset=\"https:\/\/pmza.sk\/wp-content\/uploads\/2020\/02\/IMG_5046-540x360.jpg 540w, https:\/\/pmza.sk\/wp-content\/uploads\/2020\/02\/IMG_5046-768x512.jpg 768w, https:\/\/pmza.sk\/wp-content\/uploads\/2020\/02\/IMG_5046-600x400.jpg 600w, https:\/\/pmza.sk\/wp-content\/uploads\/2020\/02\/IMG_5046.jpg 1024w\" sizes=\"(max-width: 540px) 100vw, 540px\" \/><\/a><\/p>\n","protected":false},"excerpt":{"rendered":"<p>V\u00a0stredu 12. febru\u00e1ra sa do expoz\u00edcie Dejiny \u017diliny na Budat\u00ednskom hrade op\u00e4\u0165 vr\u00e1tila vz\u00e1cna mestsk\u00e1 truhlica. Od konca augusta 2019 bola toti\u017e s\u00fa\u010das\u0165ou medzin\u00e1rodnej v\u00fdstavy Faszination Stadt. Die Urbanisierung Europas im Mittelalter und das Magdeburger Recht. v\u00a0Kult\u00farnohistorickom m\u00fazeu v\u00a0Magdeburgu. Na ploche viac ako\u00a0 1\u00a0200 m2\u00a0 sa nach\u00e1dzalo mno\u017estvo \u00a0jedine\u010dn\u00fdch expon\u00e1tov. Na jednom mieste n\u00e1v\u0161tevn\u00edci videli [&hellip;]<\/p>\n","protected":false},"author":2,"featured_media":38468,"comment_status":"closed","ping_status":"closed","sticky":false,"template":"","format":"standard","meta":{"site-sidebar-layout":"default","site-content-layout":"","ast-site-content-layout":"","site-content-style":"default","site-sidebar-style":"default","ast-global-header-display":"","ast-banner-title-visibility":"","ast-main-header-display":"","ast-hfb-above-header-display":"","ast-hfb-below-header-display":"","ast-hfb-mobile-header-display":"","site-post-title":"","ast-breadcrumbs-content":"","ast-featured-img":"","footer-sml-layout":"","theme-transparent-header-meta":"","adv-header-id-meta":"","stick-header-meta":"","header-above-stick-meta":"","header-main-stick-meta":"","header-below-stick-meta":"","astra-migrate-meta-layouts":"default","ast-page-background-enabled":"default","ast-page-background-meta":{"desktop":{"background-color":"var(--ast-global-color-4)","background-image":"","background-repeat":"repeat","background-position":"center center","background-size":"auto","background-attachment":"scroll","background-type":"","background-media":"","overlay-type":"","overlay-color":"","overlay-opacity":"","overlay-gradient":""},"tablet":{"background-color":"","background-image":"","background-repeat":"repeat","background-position":"center center","background-size":"auto","background-attachment":"scroll","background-type":"","background-media":"","overlay-type":"","overlay-color":"","overlay-opacity":"","overlay-gradient":""},"mobile":{"background-color":"","background-image":"","background-repeat":"repeat","background-position":"center center","background-size":"auto","background-attachment":"scroll","background-type":"","background-media":"","overlay-type":"","overlay-color":"","overlay-opacity":"","overlay-gradient":""}},"ast-content-background-meta":{"desktop":{"background-color":"var(--ast-global-color-5)","background-image":"","background-repeat":"repeat","background-position":"center center","background-size":"auto","background-attachment":"scroll","background-type":"","background-media":"","overlay-type":"","overlay-color":"","overlay-opacity":"","overlay-gradient":""},"tablet":{"background-color":"var(--ast-global-color-5)","background-image":"","background-repeat":"repeat","background-position":"center center","background-size":"auto","background-attachment":"scroll","background-type":"","background-media":"","overlay-type":"","overlay-color":"","overlay-opacity":"","overlay-gradient":""},"mobile":{"background-color":"var(--ast-global-color-5)","background-image":"","background-repeat":"repeat","background-position":"center center","background-size":"auto","background-attachment":"scroll","background-type":"","background-media":"","overlay-type":"","overlay-color":"","overlay-opacity":"","overlay-gradient":""}},"footnotes":""},"categories":[31],"tags":[],"class_list":["post-38467","post","type-post","status-publish","format-standard","has-post-thumbnail","hentry","category-aktuality"],"yoast_head":"<!-- This site is optimized with the Yoast SEO plugin v27.4 - https:\/\/yoast.com\/product\/yoast-seo-wordpress\/ -->\n<title>Mestsk\u00e1 truhlica sp\u00e4\u0165 na Budat\u00ednskom hrade - Pova\u017esk\u00e9 m\u00fazeum<\/title>\n<meta name=\"robots\" content=\"index, follow, max-snippet:-1, max-image-preview:large, max-video-preview:-1\" \/>\n<link rel=\"canonical\" href=\"https:\/\/pmza.sk\/?p=38467\" \/>\n<meta property=\"og:locale\" content=\"sk_SK\" \/>\n<meta property=\"og:type\" content=\"article\" \/>\n<meta property=\"og:title\" content=\"Mestsk\u00e1 truhlica sp\u00e4\u0165 na Budat\u00ednskom hrade - Pova\u017esk\u00e9 m\u00fazeum\" \/>\n<meta property=\"og:description\" content=\"V\u00a0stredu 12. febru\u00e1ra sa do expoz\u00edcie Dejiny \u017diliny na Budat\u00ednskom hrade op\u00e4\u0165 vr\u00e1tila vz\u00e1cna mestsk\u00e1 truhlica. Od konca augusta 2019 bola toti\u017e s\u00fa\u010das\u0165ou medzin\u00e1rodnej v\u00fdstavy Faszination Stadt. Die Urbanisierung Europas im Mittelalter und das Magdeburger Recht. v\u00a0Kult\u00farnohistorickom m\u00fazeu v\u00a0Magdeburgu. Na ploche viac ako\u00a0 1\u00a0200 m2\u00a0 sa nach\u00e1dzalo mno\u017estvo \u00a0jedine\u010dn\u00fdch expon\u00e1tov. Na jednom mieste n\u00e1v\u0161tevn\u00edci videli [&hellip;]\" \/>\n<meta property=\"og:url\" content=\"https:\/\/pmza.sk\/?p=38467\" \/>\n<meta property=\"og:site_name\" content=\"Pova\u017esk\u00e9 m\u00fazeum\" \/>\n<meta property=\"article:publisher\" content=\"https:\/\/www.facebook.com\/povazskemuzeum\" \/>\n<meta property=\"article:published_time\" content=\"2020-02-13T11:10:31+00:00\" \/>\n<meta property=\"og:image\" content=\"https:\/\/pmza.sk\/wp-content\/uploads\/2020\/02\/IMG_5047.jpg\" \/>\n\t<meta property=\"og:image:width\" content=\"1024\" \/>\n\t<meta property=\"og:image:height\" content=\"683\" \/>\n\t<meta property=\"og:image:type\" content=\"image\/jpeg\" \/>\n<meta name=\"author\" content=\"Pova\u017esk\u00e9 m\u00fazeum\" \/>\n<meta name=\"twitter:card\" content=\"summary_large_image\" \/>\n<meta name=\"twitter:label1\" content=\"Autor\" \/>\n\t<meta name=\"twitter:data1\" content=\"Pova\u017esk\u00e9 m\u00fazeum\" \/>\n\t<meta name=\"twitter:label2\" content=\"Predpokladan\u00fd \u010das \u010d\u00edtania\" \/>\n\t<meta name=\"twitter:data2\" content=\"1 min\u00fata\" \/>\n<script type=\"application\/ld+json\" class=\"yoast-schema-graph\">{\"@context\":\"https:\\\/\\\/schema.org\",\"@graph\":[{\"@type\":\"Article\",\"@id\":\"https:\\\/\\\/pmza.sk\\\/?p=38467#article\",\"isPartOf\":{\"@id\":\"https:\\\/\\\/pmza.sk\\\/?p=38467\"},\"author\":{\"name\":\"Pova\u017esk\u00e9 m\u00fazeum\",\"@id\":\"https:\\\/\\\/pmza.sk\\\/#\\\/schema\\\/person\\\/595e6a2ce731ea94dcd5d7f50a41ae33\"},\"headline\":\"Mestsk\u00e1 truhlica sp\u00e4\u0165 na Budat\u00ednskom hrade\",\"datePublished\":\"2020-02-13T11:10:31+00:00\",\"mainEntityOfPage\":{\"@id\":\"https:\\\/\\\/pmza.sk\\\/?p=38467\"},\"wordCount\":246,\"publisher\":{\"@id\":\"https:\\\/\\\/pmza.sk\\\/#organization\"},\"image\":{\"@id\":\"https:\\\/\\\/pmza.sk\\\/?p=38467#primaryimage\"},\"thumbnailUrl\":\"https:\\\/\\\/pmza.sk\\\/wp-content\\\/uploads\\\/2020\\\/02\\\/IMG_5047.jpg\",\"articleSection\":[\"Aktuality\"],\"inLanguage\":\"sk-SK\"},{\"@type\":\"WebPage\",\"@id\":\"https:\\\/\\\/pmza.sk\\\/?p=38467\",\"url\":\"https:\\\/\\\/pmza.sk\\\/?p=38467\",\"name\":\"Mestsk\u00e1 truhlica sp\u00e4\u0165 na Budat\u00ednskom hrade - Pova\u017esk\u00e9 m\u00fazeum\",\"isPartOf\":{\"@id\":\"https:\\\/\\\/pmza.sk\\\/#website\"},\"primaryImageOfPage\":{\"@id\":\"https:\\\/\\\/pmza.sk\\\/?p=38467#primaryimage\"},\"image\":{\"@id\":\"https:\\\/\\\/pmza.sk\\\/?p=38467#primaryimage\"},\"thumbnailUrl\":\"https:\\\/\\\/pmza.sk\\\/wp-content\\\/uploads\\\/2020\\\/02\\\/IMG_5047.jpg\",\"datePublished\":\"2020-02-13T11:10:31+00:00\",\"breadcrumb\":{\"@id\":\"https:\\\/\\\/pmza.sk\\\/?p=38467#breadcrumb\"},\"inLanguage\":\"sk-SK\",\"potentialAction\":[{\"@type\":\"ReadAction\",\"target\":[\"https:\\\/\\\/pmza.sk\\\/?p=38467\"]}]},{\"@type\":\"ImageObject\",\"inLanguage\":\"sk-SK\",\"@id\":\"https:\\\/\\\/pmza.sk\\\/?p=38467#primaryimage\",\"url\":\"https:\\\/\\\/pmza.sk\\\/wp-content\\\/uploads\\\/2020\\\/02\\\/IMG_5047.jpg\",\"contentUrl\":\"https:\\\/\\\/pmza.sk\\\/wp-content\\\/uploads\\\/2020\\\/02\\\/IMG_5047.jpg\",\"width\":1024,\"height\":683},{\"@type\":\"BreadcrumbList\",\"@id\":\"https:\\\/\\\/pmza.sk\\\/?p=38467#breadcrumb\",\"itemListElement\":[{\"@type\":\"ListItem\",\"position\":1,\"name\":\"Domovsk\u00e1 str\u00e1nka\",\"item\":\"https:\\\/\\\/pmza.sk\\\/\"},{\"@type\":\"ListItem\",\"position\":2,\"name\":\"Mestsk\u00e1 truhlica sp\u00e4\u0165 na Budat\u00ednskom hrade\"}]},{\"@type\":\"WebSite\",\"@id\":\"https:\\\/\\\/pmza.sk\\\/#website\",\"url\":\"https:\\\/\\\/pmza.sk\\\/\",\"name\":\"Pova\u017esk\u00e9 m\u00fazeum\",\"description\":\"Pova\u017esk\u00e9 m\u00fazeum v \u017diline je region\u00e1lne m\u00fazeum so s\u00eddlom v Budat\u00edne. Jeho expoz\u00edcie s\u00fa zameran\u00e9 na dejiny slovensk\u00e9ho umenia, kult\u00fary a dopravy.\",\"publisher\":{\"@id\":\"https:\\\/\\\/pmza.sk\\\/#organization\"},\"potentialAction\":[{\"@type\":\"SearchAction\",\"target\":{\"@type\":\"EntryPoint\",\"urlTemplate\":\"https:\\\/\\\/pmza.sk\\\/?s={search_term_string}\"},\"query-input\":{\"@type\":\"PropertyValueSpecification\",\"valueRequired\":true,\"valueName\":\"search_term_string\"}}],\"inLanguage\":\"sk-SK\"},{\"@type\":\"Organization\",\"@id\":\"https:\\\/\\\/pmza.sk\\\/#organization\",\"name\":\"Pova\u017esk\u00e9 m\u00fazeum\",\"url\":\"https:\\\/\\\/pmza.sk\\\/\",\"logo\":{\"@type\":\"ImageObject\",\"inLanguage\":\"sk-SK\",\"@id\":\"https:\\\/\\\/pmza.sk\\\/#\\\/schema\\\/logo\\\/image\\\/\",\"url\":\"https:\\\/\\\/pmza.sk\\\/wp-content\\\/uploads\\\/2022\\\/01\\\/logo_PM_horizontal.jpg\",\"contentUrl\":\"https:\\\/\\\/pmza.sk\\\/wp-content\\\/uploads\\\/2022\\\/01\\\/logo_PM_horizontal.jpg\",\"width\":231,\"height\":142,\"caption\":\"Pova\u017esk\u00e9 m\u00fazeum\"},\"image\":{\"@id\":\"https:\\\/\\\/pmza.sk\\\/#\\\/schema\\\/logo\\\/image\\\/\"},\"sameAs\":[\"https:\\\/\\\/www.facebook.com\\\/povazskemuzeum\",\"https:\\\/\\\/www.instagram.com\\\/povazskemuzeum\\\/\"]},{\"@type\":\"Person\",\"@id\":\"https:\\\/\\\/pmza.sk\\\/#\\\/schema\\\/person\\\/595e6a2ce731ea94dcd5d7f50a41ae33\",\"name\":\"Pova\u017esk\u00e9 m\u00fazeum\",\"image\":{\"@type\":\"ImageObject\",\"inLanguage\":\"sk-SK\",\"@id\":\"https:\\\/\\\/secure.gravatar.com\\\/avatar\\\/2bb7f1561282132fb5826dfeccc66c7996d11ee392ac6aaf7ced8a1c2027fbb2?s=96&d=mm&r=g\",\"url\":\"https:\\\/\\\/secure.gravatar.com\\\/avatar\\\/2bb7f1561282132fb5826dfeccc66c7996d11ee392ac6aaf7ced8a1c2027fbb2?s=96&d=mm&r=g\",\"contentUrl\":\"https:\\\/\\\/secure.gravatar.com\\\/avatar\\\/2bb7f1561282132fb5826dfeccc66c7996d11ee392ac6aaf7ced8a1c2027fbb2?s=96&d=mm&r=g\",\"caption\":\"Pova\u017esk\u00e9 m\u00fazeum\"}}]}<\/script>\n<!-- \/ Yoast SEO plugin. -->","yoast_head_json":{"title":"Mestsk\u00e1 truhlica sp\u00e4\u0165 na Budat\u00ednskom hrade - Pova\u017esk\u00e9 m\u00fazeum","robots":{"index":"index","follow":"follow","max-snippet":"max-snippet:-1","max-image-preview":"max-image-preview:large","max-video-preview":"max-video-preview:-1"},"canonical":"https:\/\/pmza.sk\/?p=38467","og_locale":"sk_SK","og_type":"article","og_title":"Mestsk\u00e1 truhlica sp\u00e4\u0165 na Budat\u00ednskom hrade - Pova\u017esk\u00e9 m\u00fazeum","og_description":"V\u00a0stredu 12. febru\u00e1ra sa do expoz\u00edcie Dejiny \u017diliny na Budat\u00ednskom hrade op\u00e4\u0165 vr\u00e1tila vz\u00e1cna mestsk\u00e1 truhlica. Od konca augusta 2019 bola toti\u017e s\u00fa\u010das\u0165ou medzin\u00e1rodnej v\u00fdstavy Faszination Stadt. Die Urbanisierung Europas im Mittelalter und das Magdeburger Recht. v\u00a0Kult\u00farnohistorickom m\u00fazeu v\u00a0Magdeburgu. Na ploche viac ako\u00a0 1\u00a0200 m2\u00a0 sa nach\u00e1dzalo mno\u017estvo \u00a0jedine\u010dn\u00fdch expon\u00e1tov. Na jednom mieste n\u00e1v\u0161tevn\u00edci videli [&hellip;]","og_url":"https:\/\/pmza.sk\/?p=38467","og_site_name":"Pova\u017esk\u00e9 m\u00fazeum","article_publisher":"https:\/\/www.facebook.com\/povazskemuzeum","article_published_time":"2020-02-13T11:10:31+00:00","og_image":[{"width":1024,"height":683,"url":"https:\/\/pmza.sk\/wp-content\/uploads\/2020\/02\/IMG_5047.jpg","type":"image\/jpeg"}],"author":"Pova\u017esk\u00e9 m\u00fazeum","twitter_card":"summary_large_image","twitter_misc":{"Autor":"Pova\u017esk\u00e9 m\u00fazeum","Predpokladan\u00fd \u010das \u010d\u00edtania":"1 min\u00fata"},"schema":{"@context":"https:\/\/schema.org","@graph":[{"@type":"Article","@id":"https:\/\/pmza.sk\/?p=38467#article","isPartOf":{"@id":"https:\/\/pmza.sk\/?p=38467"},"author":{"name":"Pova\u017esk\u00e9 m\u00fazeum","@id":"https:\/\/pmza.sk\/#\/schema\/person\/595e6a2ce731ea94dcd5d7f50a41ae33"},"headline":"Mestsk\u00e1 truhlica sp\u00e4\u0165 na Budat\u00ednskom hrade","datePublished":"2020-02-13T11:10:31+00:00","mainEntityOfPage":{"@id":"https:\/\/pmza.sk\/?p=38467"},"wordCount":246,"publisher":{"@id":"https:\/\/pmza.sk\/#organization"},"image":{"@id":"https:\/\/pmza.sk\/?p=38467#primaryimage"},"thumbnailUrl":"https:\/\/pmza.sk\/wp-content\/uploads\/2020\/02\/IMG_5047.jpg","articleSection":["Aktuality"],"inLanguage":"sk-SK"},{"@type":"WebPage","@id":"https:\/\/pmza.sk\/?p=38467","url":"https:\/\/pmza.sk\/?p=38467","name":"Mestsk\u00e1 truhlica sp\u00e4\u0165 na Budat\u00ednskom hrade - Pova\u017esk\u00e9 m\u00fazeum","isPartOf":{"@id":"https:\/\/pmza.sk\/#website"},"primaryImageOfPage":{"@id":"https:\/\/pmza.sk\/?p=38467#primaryimage"},"image":{"@id":"https:\/\/pmza.sk\/?p=38467#primaryimage"},"thumbnailUrl":"https:\/\/pmza.sk\/wp-content\/uploads\/2020\/02\/IMG_5047.jpg","datePublished":"2020-02-13T11:10:31+00:00","breadcrumb":{"@id":"https:\/\/pmza.sk\/?p=38467#breadcrumb"},"inLanguage":"sk-SK","potentialAction":[{"@type":"ReadAction","target":["https:\/\/pmza.sk\/?p=38467"]}]},{"@type":"ImageObject","inLanguage":"sk-SK","@id":"https:\/\/pmza.sk\/?p=38467#primaryimage","url":"https:\/\/pmza.sk\/wp-content\/uploads\/2020\/02\/IMG_5047.jpg","contentUrl":"https:\/\/pmza.sk\/wp-content\/uploads\/2020\/02\/IMG_5047.jpg","width":1024,"height":683},{"@type":"BreadcrumbList","@id":"https:\/\/pmza.sk\/?p=38467#breadcrumb","itemListElement":[{"@type":"ListItem","position":1,"name":"Domovsk\u00e1 str\u00e1nka","item":"https:\/\/pmza.sk\/"},{"@type":"ListItem","position":2,"name":"Mestsk\u00e1 truhlica sp\u00e4\u0165 na Budat\u00ednskom hrade"}]},{"@type":"WebSite","@id":"https:\/\/pmza.sk\/#website","url":"https:\/\/pmza.sk\/","name":"Pova\u017esk\u00e9 m\u00fazeum","description":"Pova\u017esk\u00e9 m\u00fazeum v \u017diline je region\u00e1lne m\u00fazeum so s\u00eddlom v Budat\u00edne. Jeho expoz\u00edcie s\u00fa zameran\u00e9 na dejiny slovensk\u00e9ho umenia, kult\u00fary a dopravy.","publisher":{"@id":"https:\/\/pmza.sk\/#organization"},"potentialAction":[{"@type":"SearchAction","target":{"@type":"EntryPoint","urlTemplate":"https:\/\/pmza.sk\/?s={search_term_string}"},"query-input":{"@type":"PropertyValueSpecification","valueRequired":true,"valueName":"search_term_string"}}],"inLanguage":"sk-SK"},{"@type":"Organization","@id":"https:\/\/pmza.sk\/#organization","name":"Pova\u017esk\u00e9 m\u00fazeum","url":"https:\/\/pmza.sk\/","logo":{"@type":"ImageObject","inLanguage":"sk-SK","@id":"https:\/\/pmza.sk\/#\/schema\/logo\/image\/","url":"https:\/\/pmza.sk\/wp-content\/uploads\/2022\/01\/logo_PM_horizontal.jpg","contentUrl":"https:\/\/pmza.sk\/wp-content\/uploads\/2022\/01\/logo_PM_horizontal.jpg","width":231,"height":142,"caption":"Pova\u017esk\u00e9 m\u00fazeum"},"image":{"@id":"https:\/\/pmza.sk\/#\/schema\/logo\/image\/"},"sameAs":["https:\/\/www.facebook.com\/povazskemuzeum","https:\/\/www.instagram.com\/povazskemuzeum\/"]},{"@type":"Person","@id":"https:\/\/pmza.sk\/#\/schema\/person\/595e6a2ce731ea94dcd5d7f50a41ae33","name":"Pova\u017esk\u00e9 m\u00fazeum","image":{"@type":"ImageObject","inLanguage":"sk-SK","@id":"https:\/\/secure.gravatar.com\/avatar\/2bb7f1561282132fb5826dfeccc66c7996d11ee392ac6aaf7ced8a1c2027fbb2?s=96&d=mm&r=g","url":"https:\/\/secure.gravatar.com\/avatar\/2bb7f1561282132fb5826dfeccc66c7996d11ee392ac6aaf7ced8a1c2027fbb2?s=96&d=mm&r=g","contentUrl":"https:\/\/secure.gravatar.com\/avatar\/2bb7f1561282132fb5826dfeccc66c7996d11ee392ac6aaf7ced8a1c2027fbb2?s=96&d=mm&r=g","caption":"Pova\u017esk\u00e9 m\u00fazeum"}}]}},"_links":{"self":[{"href":"https:\/\/pmza.sk\/index.php?rest_route=\/wp\/v2\/posts\/38467","targetHints":{"allow":["GET"]}}],"collection":[{"href":"https:\/\/pmza.sk\/index.php?rest_route=\/wp\/v2\/posts"}],"about":[{"href":"https:\/\/pmza.sk\/index.php?rest_route=\/wp\/v2\/types\/post"}],"author":[{"embeddable":true,"href":"https:\/\/pmza.sk\/index.php?rest_route=\/wp\/v2\/users\/2"}],"replies":[{"embeddable":true,"href":"https:\/\/pmza.sk\/index.php?rest_route=%2Fwp%2Fv2%2Fcomments&post=38467"}],"version-history":[{"count":0,"href":"https:\/\/pmza.sk\/index.php?rest_route=\/wp\/v2\/posts\/38467\/revisions"}],"wp:featuredmedia":[{"embeddable":true,"href":"https:\/\/pmza.sk\/index.php?rest_route=\/wp\/v2\/media\/38468"}],"wp:attachment":[{"href":"https:\/\/pmza.sk\/index.php?rest_route=%2Fwp%2Fv2%2Fmedia&parent=38467"}],"wp:term":[{"taxonomy":"category","embeddable":true,"href":"https:\/\/pmza.sk\/index.php?rest_route=%2Fwp%2Fv2%2Fcategories&post=38467"},{"taxonomy":"post_tag","embeddable":true,"href":"https:\/\/pmza.sk\/index.php?rest_route=%2Fwp%2Fv2%2Ftags&post=38467"}],"curies":[{"name":"wp","href":"https:\/\/api.w.org\/{rel}","templated":true}]}}