{"id":38517,"date":"2020-02-17T11:35:15","date_gmt":"2020-02-17T10:35:15","guid":{"rendered":"https:\/\/pmza.sk\/?p=38517"},"modified":"2020-02-17T11:35:15","modified_gmt":"2020-02-17T10:35:15","slug":"den-otvorenych-dveri-odbornej-kniznice-3","status":"publish","type":"post","link":"https:\/\/pmza.sk\/?p=38517","title":{"rendered":"De\u0148 otvoren\u00fdch dver\u00ed odbornej kni\u017enice"},"content":{"rendered":"<p>S\u00fa\u010das\u0165ou Pova\u017esk\u00e9ho m\u00fazea v\u00a0\u017diline, v\u00a0zria\u010fovate\u013eskej p\u00f4sobnosti \u017dilinsk\u00e9ho samospr\u00e1vneho kraja, je \u0161peci\u00e1lna prezen\u010dn\u00e1 odborn\u00e1 kni\u017enica s\u00a0bohat\u00fdm fondom viac ako 12\u00a0000 kni\u017eni\u010dn\u00fdch jednotiek, z\u00a0toho viac ako 300 star\u00fdch tla\u010d\u00ed do roku 1918. Kni\u017enica s\u00eddli v\u00a0are\u00e1li Budat\u00ednskeho hradu a\u00a0jej fond tvor\u00ed spolo\u010denskovedn\u00e1, pr\u00edrodovedn\u00e1 a\u00a0vlastivedn\u00e1 literat\u00fara. Disponuje mno\u017estvom zborn\u00edkov a\u00a0periodickej literat\u00fary z\u00a0hist\u00f3rie, archeol\u00f3gie, geol\u00f3gie, botaniky, zool\u00f3gie, dopravy, n\u00e1rodopisu a\u00a0budovan\u00fdm fondom z\u00a0drot\u00e1rstva a\u00a0dej\u00edn dopravy. Publik\u00e1cie poch\u00e1dzaj\u00fa z\u00a0dom\u00e1cej aj zahrani\u010dnej produkcie. Nach\u00e1dza sa v\u00a0nej napr\u00edklad katal\u00f3g k\u00a0medzin\u00e1rodnej v\u00fdstave \u201eFaszination Stadt. Die Urbanisierung Europas im Mittelalter und das Magdeburger Recht\u201c, ktorej s\u00fa\u010das\u0165ou bola aj mestsk\u00e1 truhlica z\u00a0Budat\u00ednskeho hradu.<\/p>\n<p>Zna\u010dn\u00fd z\u00e1ujem verejnosti je o\u00a0Vlastivedn\u00e9 zborn\u00edky Pova\u017eia, ktor\u00e9 vych\u00e1dzaj\u00fa z\u00a0edi\u010dnej \u010dinnosti m\u00fazea a\u00a0kni\u017enica disponuje kompletnou ed\u00edciou. <em>\u201eMo\u017eno v\u00a0nich n\u00e1js\u0165 odborn\u00e9 \u010dl\u00e1nky, ktor\u00e9 s\u00fa v\u00fdsledkami v\u00fdskumu z\u00a0oblasti spolo\u010densk\u00fdch a\u00a0pr\u00edrodn\u00fdch vied v\u00a0regi\u00f3ne Horn\u00e9ho Pova\u017eia. Zborn\u00edky maj\u00fa dlhoro\u010dn\u00fa trad\u00edciu, tento rok vy\u0161lo u\u017e 29. \u010d\u00edslo,\u201c<\/em> pribli\u017euje knihovn\u00ed\u010dka Janka Sakalov\u00e1. Kni\u017enicu vyu\u017e\u00edvaj\u00fa najm\u00e4 \u0161tudenti, ale tie\u017e odborn\u00e1 verejnos\u0165, preto\u017ee umo\u017e\u0148uje pr\u00edstup k\u00a0inform\u00e1ci\u00e1m s\u00a0komplexn\u00fdm poh\u013eadom na regi\u00f3n Horn\u00e9ho Pova\u017eia. N\u00e1v\u0161tevn\u00edci kni\u017enice maj\u00fa k\u00a0dispoz\u00edcii online katal\u00f3g, prostredn\u00edctvom ktor\u00e9ho m\u00f4\u017eu z\u00edska\u0165 potrebn\u00e9 inform\u00e1cie.<\/p>\n<p>V\u00a0r\u00e1mci T\u00fd\u017ed\u0148a slovensk\u00fdch kni\u017en\u00edc usporiada kni\u017enica v\u00a0stredu 4. marca 2020 De\u0148 otvoren\u00fdch dver\u00ed. Z\u00e1ujemcovia s\u00fa v\u00edtan\u00ed od 8.00 do 17.00. <em>\u201eV tomto \u010dase sa m\u00f4\u017eu bli\u017e\u0161ie obozn\u00e1mi\u0165 so \u0161pecifick\u00fdm typom kni\u017enice, v\u00fdnimo\u010dn\u00fdm kni\u017eni\u010dn\u00fdm fondom a\u00a0slu\u017ebami, ktor\u00e9 poskytujeme. Nahliadnu do star\u00fdch tla\u010d\u00ed zo 17. a\u00a018. storo\u010dia, uvidia vz\u00e1cne diela od Mateja Bela s\u00a0unik\u00e1tnymi ilustr\u00e1ciami a\u00a0odhalia tak tajomstv\u00e1, ktor\u00e9 skr\u00fdvaj\u00fa historick\u00e9 knihy. <\/em><em>Okrem toho bud\u00fa \u010ditatelia pri bezplatnej registr\u00e1cii odmenen\u00ed zauj\u00edmavou publik\u00e1ciou,\u201c <\/em>poz\u00fdva J. Sakalov\u00e1.<\/p>\n<p>&nbsp;<\/p>\n","protected":false},"excerpt":{"rendered":"<p>S\u00fa\u010das\u0165ou Pova\u017esk\u00e9ho m\u00fazea v\u00a0\u017diline, v\u00a0zria\u010fovate\u013eskej p\u00f4sobnosti \u017dilinsk\u00e9ho samospr\u00e1vneho kraja, je \u0161peci\u00e1lna prezen\u010dn\u00e1 odborn\u00e1 kni\u017enica s\u00a0bohat\u00fdm fondom viac ako 12\u00a0000 kni\u017eni\u010dn\u00fdch jednotiek, z\u00a0toho viac ako 300 star\u00fdch tla\u010d\u00ed do roku 1918. Kni\u017enica s\u00eddli v\u00a0are\u00e1li Budat\u00ednskeho hradu a\u00a0jej fond tvor\u00ed spolo\u010denskovedn\u00e1, pr\u00edrodovedn\u00e1 a\u00a0vlastivedn\u00e1 literat\u00fara. Disponuje mno\u017estvom zborn\u00edkov a\u00a0periodickej literat\u00fary z\u00a0hist\u00f3rie, archeol\u00f3gie, geol\u00f3gie, botaniky, zool\u00f3gie, dopravy, n\u00e1rodopisu a\u00a0budovan\u00fdm [&hellip;]<\/p>\n","protected":false},"author":2,"featured_media":38518,"comment_status":"closed","ping_status":"closed","sticky":false,"template":"","format":"standard","meta":{"site-sidebar-layout":"default","site-content-layout":"","ast-site-content-layout":"","site-content-style":"default","site-sidebar-style":"default","ast-global-header-display":"","ast-banner-title-visibility":"","ast-main-header-display":"","ast-hfb-above-header-display":"","ast-hfb-below-header-display":"","ast-hfb-mobile-header-display":"","site-post-title":"","ast-breadcrumbs-content":"","ast-featured-img":"","footer-sml-layout":"","theme-transparent-header-meta":"","adv-header-id-meta":"","stick-header-meta":"","header-above-stick-meta":"","header-main-stick-meta":"","header-below-stick-meta":"","astra-migrate-meta-layouts":"default","ast-page-background-enabled":"default","ast-page-background-meta":{"desktop":{"background-color":"var(--ast-global-color-4)","background-image":"","background-repeat":"repeat","background-position":"center center","background-size":"auto","background-attachment":"scroll","background-type":"","background-media":"","overlay-type":"","overlay-color":"","overlay-opacity":"","overlay-gradient":""},"tablet":{"background-color":"","background-image":"","background-repeat":"repeat","background-position":"center center","background-size":"auto","background-attachment":"scroll","background-type":"","background-media":"","overlay-type":"","overlay-color":"","overlay-opacity":"","overlay-gradient":""},"mobile":{"background-color":"","background-image":"","background-repeat":"repeat","background-position":"center center","background-size":"auto","background-attachment":"scroll","background-type":"","background-media":"","overlay-type":"","overlay-color":"","overlay-opacity":"","overlay-gradient":""}},"ast-content-background-meta":{"desktop":{"background-color":"var(--ast-global-color-5)","background-image":"","background-repeat":"repeat","background-position":"center center","background-size":"auto","background-attachment":"scroll","background-type":"","background-media":"","overlay-type":"","overlay-color":"","overlay-opacity":"","overlay-gradient":""},"tablet":{"background-color":"var(--ast-global-color-5)","background-image":"","background-repeat":"repeat","background-position":"center center","background-size":"auto","background-attachment":"scroll","background-type":"","background-media":"","overlay-type":"","overlay-color":"","overlay-opacity":"","overlay-gradient":""},"mobile":{"background-color":"var(--ast-global-color-5)","background-image":"","background-repeat":"repeat","background-position":"center center","background-size":"auto","background-attachment":"scroll","background-type":"","background-media":"","overlay-type":"","overlay-color":"","overlay-opacity":"","overlay-gradient":""}},"footnotes":""},"categories":[31],"tags":[],"class_list":["post-38517","post","type-post","status-publish","format-standard","has-post-thumbnail","hentry","category-aktuality"],"yoast_head":"<!-- This site is optimized with the Yoast SEO plugin v27.4 - https:\/\/yoast.com\/product\/yoast-seo-wordpress\/ -->\n<title>De\u0148 otvoren\u00fdch dver\u00ed odbornej kni\u017enice - Pova\u017esk\u00e9 m\u00fazeum<\/title>\n<meta name=\"robots\" content=\"index, follow, max-snippet:-1, max-image-preview:large, max-video-preview:-1\" \/>\n<link rel=\"canonical\" href=\"https:\/\/pmza.sk\/?p=38517\" \/>\n<meta property=\"og:locale\" content=\"sk_SK\" \/>\n<meta property=\"og:type\" content=\"article\" \/>\n<meta property=\"og:title\" content=\"De\u0148 otvoren\u00fdch dver\u00ed odbornej kni\u017enice - Pova\u017esk\u00e9 m\u00fazeum\" \/>\n<meta property=\"og:description\" content=\"S\u00fa\u010das\u0165ou Pova\u017esk\u00e9ho m\u00fazea v\u00a0\u017diline, v\u00a0zria\u010fovate\u013eskej p\u00f4sobnosti \u017dilinsk\u00e9ho samospr\u00e1vneho kraja, je \u0161peci\u00e1lna prezen\u010dn\u00e1 odborn\u00e1 kni\u017enica s\u00a0bohat\u00fdm fondom viac ako 12\u00a0000 kni\u017eni\u010dn\u00fdch jednotiek, z\u00a0toho viac ako 300 star\u00fdch tla\u010d\u00ed do roku 1918. Kni\u017enica s\u00eddli v\u00a0are\u00e1li Budat\u00ednskeho hradu a\u00a0jej fond tvor\u00ed spolo\u010denskovedn\u00e1, pr\u00edrodovedn\u00e1 a\u00a0vlastivedn\u00e1 literat\u00fara. Disponuje mno\u017estvom zborn\u00edkov a\u00a0periodickej literat\u00fary z\u00a0hist\u00f3rie, archeol\u00f3gie, geol\u00f3gie, botaniky, zool\u00f3gie, dopravy, n\u00e1rodopisu a\u00a0budovan\u00fdm [&hellip;]\" \/>\n<meta property=\"og:url\" content=\"https:\/\/pmza.sk\/?p=38517\" \/>\n<meta property=\"og:site_name\" content=\"Pova\u017esk\u00e9 m\u00fazeum\" \/>\n<meta property=\"article:publisher\" content=\"https:\/\/www.facebook.com\/povazskemuzeum\" \/>\n<meta property=\"article:published_time\" content=\"2020-02-17T10:35:15+00:00\" \/>\n<meta property=\"og:image\" content=\"https:\/\/pmza.sk\/wp-content\/uploads\/2020\/02\/16_kniznica_www.jpg\" \/>\n\t<meta property=\"og:image:width\" content=\"566\" \/>\n\t<meta property=\"og:image:height\" content=\"800\" \/>\n\t<meta property=\"og:image:type\" content=\"image\/jpeg\" \/>\n<meta name=\"author\" content=\"Pova\u017esk\u00e9 m\u00fazeum\" \/>\n<meta name=\"twitter:card\" content=\"summary_large_image\" \/>\n<meta name=\"twitter:label1\" content=\"Autor\" \/>\n\t<meta name=\"twitter:data1\" content=\"Pova\u017esk\u00e9 m\u00fazeum\" \/>\n\t<meta name=\"twitter:label2\" content=\"Predpokladan\u00fd \u010das \u010d\u00edtania\" \/>\n\t<meta name=\"twitter:data2\" content=\"2 min\u00faty\" \/>\n<script type=\"application\/ld+json\" class=\"yoast-schema-graph\">{\"@context\":\"https:\\\/\\\/schema.org\",\"@graph\":[{\"@type\":\"Article\",\"@id\":\"https:\\\/\\\/pmza.sk\\\/?p=38517#article\",\"isPartOf\":{\"@id\":\"https:\\\/\\\/pmza.sk\\\/?p=38517\"},\"author\":{\"name\":\"Pova\u017esk\u00e9 m\u00fazeum\",\"@id\":\"https:\\\/\\\/pmza.sk\\\/#\\\/schema\\\/person\\\/595e6a2ce731ea94dcd5d7f50a41ae33\"},\"headline\":\"De\u0148 otvoren\u00fdch dver\u00ed odbornej kni\u017enice\",\"datePublished\":\"2020-02-17T10:35:15+00:00\",\"mainEntityOfPage\":{\"@id\":\"https:\\\/\\\/pmza.sk\\\/?p=38517\"},\"wordCount\":400,\"publisher\":{\"@id\":\"https:\\\/\\\/pmza.sk\\\/#organization\"},\"image\":{\"@id\":\"https:\\\/\\\/pmza.sk\\\/?p=38517#primaryimage\"},\"thumbnailUrl\":\"https:\\\/\\\/pmza.sk\\\/wp-content\\\/uploads\\\/2020\\\/02\\\/16_kniznica_www.jpg\",\"articleSection\":[\"Aktuality\"],\"inLanguage\":\"sk-SK\"},{\"@type\":\"WebPage\",\"@id\":\"https:\\\/\\\/pmza.sk\\\/?p=38517\",\"url\":\"https:\\\/\\\/pmza.sk\\\/?p=38517\",\"name\":\"De\u0148 otvoren\u00fdch dver\u00ed odbornej kni\u017enice - Pova\u017esk\u00e9 m\u00fazeum\",\"isPartOf\":{\"@id\":\"https:\\\/\\\/pmza.sk\\\/#website\"},\"primaryImageOfPage\":{\"@id\":\"https:\\\/\\\/pmza.sk\\\/?p=38517#primaryimage\"},\"image\":{\"@id\":\"https:\\\/\\\/pmza.sk\\\/?p=38517#primaryimage\"},\"thumbnailUrl\":\"https:\\\/\\\/pmza.sk\\\/wp-content\\\/uploads\\\/2020\\\/02\\\/16_kniznica_www.jpg\",\"datePublished\":\"2020-02-17T10:35:15+00:00\",\"breadcrumb\":{\"@id\":\"https:\\\/\\\/pmza.sk\\\/?p=38517#breadcrumb\"},\"inLanguage\":\"sk-SK\",\"potentialAction\":[{\"@type\":\"ReadAction\",\"target\":[\"https:\\\/\\\/pmza.sk\\\/?p=38517\"]}]},{\"@type\":\"ImageObject\",\"inLanguage\":\"sk-SK\",\"@id\":\"https:\\\/\\\/pmza.sk\\\/?p=38517#primaryimage\",\"url\":\"https:\\\/\\\/pmza.sk\\\/wp-content\\\/uploads\\\/2020\\\/02\\\/16_kniznica_www.jpg\",\"contentUrl\":\"https:\\\/\\\/pmza.sk\\\/wp-content\\\/uploads\\\/2020\\\/02\\\/16_kniznica_www.jpg\",\"width\":566,\"height\":800},{\"@type\":\"BreadcrumbList\",\"@id\":\"https:\\\/\\\/pmza.sk\\\/?p=38517#breadcrumb\",\"itemListElement\":[{\"@type\":\"ListItem\",\"position\":1,\"name\":\"Domovsk\u00e1 str\u00e1nka\",\"item\":\"https:\\\/\\\/pmza.sk\\\/\"},{\"@type\":\"ListItem\",\"position\":2,\"name\":\"De\u0148 otvoren\u00fdch dver\u00ed odbornej kni\u017enice\"}]},{\"@type\":\"WebSite\",\"@id\":\"https:\\\/\\\/pmza.sk\\\/#website\",\"url\":\"https:\\\/\\\/pmza.sk\\\/\",\"name\":\"Pova\u017esk\u00e9 m\u00fazeum\",\"description\":\"Pova\u017esk\u00e9 m\u00fazeum v \u017diline je region\u00e1lne m\u00fazeum so s\u00eddlom v Budat\u00edne. Jeho expoz\u00edcie s\u00fa zameran\u00e9 na dejiny slovensk\u00e9ho umenia, kult\u00fary a dopravy.\",\"publisher\":{\"@id\":\"https:\\\/\\\/pmza.sk\\\/#organization\"},\"potentialAction\":[{\"@type\":\"SearchAction\",\"target\":{\"@type\":\"EntryPoint\",\"urlTemplate\":\"https:\\\/\\\/pmza.sk\\\/?s={search_term_string}\"},\"query-input\":{\"@type\":\"PropertyValueSpecification\",\"valueRequired\":true,\"valueName\":\"search_term_string\"}}],\"inLanguage\":\"sk-SK\"},{\"@type\":\"Organization\",\"@id\":\"https:\\\/\\\/pmza.sk\\\/#organization\",\"name\":\"Pova\u017esk\u00e9 m\u00fazeum\",\"url\":\"https:\\\/\\\/pmza.sk\\\/\",\"logo\":{\"@type\":\"ImageObject\",\"inLanguage\":\"sk-SK\",\"@id\":\"https:\\\/\\\/pmza.sk\\\/#\\\/schema\\\/logo\\\/image\\\/\",\"url\":\"https:\\\/\\\/pmza.sk\\\/wp-content\\\/uploads\\\/2022\\\/01\\\/logo_PM_horizontal.jpg\",\"contentUrl\":\"https:\\\/\\\/pmza.sk\\\/wp-content\\\/uploads\\\/2022\\\/01\\\/logo_PM_horizontal.jpg\",\"width\":231,\"height\":142,\"caption\":\"Pova\u017esk\u00e9 m\u00fazeum\"},\"image\":{\"@id\":\"https:\\\/\\\/pmza.sk\\\/#\\\/schema\\\/logo\\\/image\\\/\"},\"sameAs\":[\"https:\\\/\\\/www.facebook.com\\\/povazskemuzeum\",\"https:\\\/\\\/www.instagram.com\\\/povazskemuzeum\\\/\"]},{\"@type\":\"Person\",\"@id\":\"https:\\\/\\\/pmza.sk\\\/#\\\/schema\\\/person\\\/595e6a2ce731ea94dcd5d7f50a41ae33\",\"name\":\"Pova\u017esk\u00e9 m\u00fazeum\",\"image\":{\"@type\":\"ImageObject\",\"inLanguage\":\"sk-SK\",\"@id\":\"https:\\\/\\\/secure.gravatar.com\\\/avatar\\\/2bb7f1561282132fb5826dfeccc66c7996d11ee392ac6aaf7ced8a1c2027fbb2?s=96&d=mm&r=g\",\"url\":\"https:\\\/\\\/secure.gravatar.com\\\/avatar\\\/2bb7f1561282132fb5826dfeccc66c7996d11ee392ac6aaf7ced8a1c2027fbb2?s=96&d=mm&r=g\",\"contentUrl\":\"https:\\\/\\\/secure.gravatar.com\\\/avatar\\\/2bb7f1561282132fb5826dfeccc66c7996d11ee392ac6aaf7ced8a1c2027fbb2?s=96&d=mm&r=g\",\"caption\":\"Pova\u017esk\u00e9 m\u00fazeum\"}}]}<\/script>\n<!-- \/ Yoast SEO plugin. -->","yoast_head_json":{"title":"De\u0148 otvoren\u00fdch dver\u00ed odbornej kni\u017enice - Pova\u017esk\u00e9 m\u00fazeum","robots":{"index":"index","follow":"follow","max-snippet":"max-snippet:-1","max-image-preview":"max-image-preview:large","max-video-preview":"max-video-preview:-1"},"canonical":"https:\/\/pmza.sk\/?p=38517","og_locale":"sk_SK","og_type":"article","og_title":"De\u0148 otvoren\u00fdch dver\u00ed odbornej kni\u017enice - Pova\u017esk\u00e9 m\u00fazeum","og_description":"S\u00fa\u010das\u0165ou Pova\u017esk\u00e9ho m\u00fazea v\u00a0\u017diline, v\u00a0zria\u010fovate\u013eskej p\u00f4sobnosti \u017dilinsk\u00e9ho samospr\u00e1vneho kraja, je \u0161peci\u00e1lna prezen\u010dn\u00e1 odborn\u00e1 kni\u017enica s\u00a0bohat\u00fdm fondom viac ako 12\u00a0000 kni\u017eni\u010dn\u00fdch jednotiek, z\u00a0toho viac ako 300 star\u00fdch tla\u010d\u00ed do roku 1918. Kni\u017enica s\u00eddli v\u00a0are\u00e1li Budat\u00ednskeho hradu a\u00a0jej fond tvor\u00ed spolo\u010denskovedn\u00e1, pr\u00edrodovedn\u00e1 a\u00a0vlastivedn\u00e1 literat\u00fara. Disponuje mno\u017estvom zborn\u00edkov a\u00a0periodickej literat\u00fary z\u00a0hist\u00f3rie, archeol\u00f3gie, geol\u00f3gie, botaniky, zool\u00f3gie, dopravy, n\u00e1rodopisu a\u00a0budovan\u00fdm [&hellip;]","og_url":"https:\/\/pmza.sk\/?p=38517","og_site_name":"Pova\u017esk\u00e9 m\u00fazeum","article_publisher":"https:\/\/www.facebook.com\/povazskemuzeum","article_published_time":"2020-02-17T10:35:15+00:00","og_image":[{"width":566,"height":800,"url":"https:\/\/pmza.sk\/wp-content\/uploads\/2020\/02\/16_kniznica_www.jpg","type":"image\/jpeg"}],"author":"Pova\u017esk\u00e9 m\u00fazeum","twitter_card":"summary_large_image","twitter_misc":{"Autor":"Pova\u017esk\u00e9 m\u00fazeum","Predpokladan\u00fd \u010das \u010d\u00edtania":"2 min\u00faty"},"schema":{"@context":"https:\/\/schema.org","@graph":[{"@type":"Article","@id":"https:\/\/pmza.sk\/?p=38517#article","isPartOf":{"@id":"https:\/\/pmza.sk\/?p=38517"},"author":{"name":"Pova\u017esk\u00e9 m\u00fazeum","@id":"https:\/\/pmza.sk\/#\/schema\/person\/595e6a2ce731ea94dcd5d7f50a41ae33"},"headline":"De\u0148 otvoren\u00fdch dver\u00ed odbornej kni\u017enice","datePublished":"2020-02-17T10:35:15+00:00","mainEntityOfPage":{"@id":"https:\/\/pmza.sk\/?p=38517"},"wordCount":400,"publisher":{"@id":"https:\/\/pmza.sk\/#organization"},"image":{"@id":"https:\/\/pmza.sk\/?p=38517#primaryimage"},"thumbnailUrl":"https:\/\/pmza.sk\/wp-content\/uploads\/2020\/02\/16_kniznica_www.jpg","articleSection":["Aktuality"],"inLanguage":"sk-SK"},{"@type":"WebPage","@id":"https:\/\/pmza.sk\/?p=38517","url":"https:\/\/pmza.sk\/?p=38517","name":"De\u0148 otvoren\u00fdch dver\u00ed odbornej kni\u017enice - Pova\u017esk\u00e9 m\u00fazeum","isPartOf":{"@id":"https:\/\/pmza.sk\/#website"},"primaryImageOfPage":{"@id":"https:\/\/pmza.sk\/?p=38517#primaryimage"},"image":{"@id":"https:\/\/pmza.sk\/?p=38517#primaryimage"},"thumbnailUrl":"https:\/\/pmza.sk\/wp-content\/uploads\/2020\/02\/16_kniznica_www.jpg","datePublished":"2020-02-17T10:35:15+00:00","breadcrumb":{"@id":"https:\/\/pmza.sk\/?p=38517#breadcrumb"},"inLanguage":"sk-SK","potentialAction":[{"@type":"ReadAction","target":["https:\/\/pmza.sk\/?p=38517"]}]},{"@type":"ImageObject","inLanguage":"sk-SK","@id":"https:\/\/pmza.sk\/?p=38517#primaryimage","url":"https:\/\/pmza.sk\/wp-content\/uploads\/2020\/02\/16_kniznica_www.jpg","contentUrl":"https:\/\/pmza.sk\/wp-content\/uploads\/2020\/02\/16_kniznica_www.jpg","width":566,"height":800},{"@type":"BreadcrumbList","@id":"https:\/\/pmza.sk\/?p=38517#breadcrumb","itemListElement":[{"@type":"ListItem","position":1,"name":"Domovsk\u00e1 str\u00e1nka","item":"https:\/\/pmza.sk\/"},{"@type":"ListItem","position":2,"name":"De\u0148 otvoren\u00fdch dver\u00ed odbornej kni\u017enice"}]},{"@type":"WebSite","@id":"https:\/\/pmza.sk\/#website","url":"https:\/\/pmza.sk\/","name":"Pova\u017esk\u00e9 m\u00fazeum","description":"Pova\u017esk\u00e9 m\u00fazeum v \u017diline je region\u00e1lne m\u00fazeum so s\u00eddlom v Budat\u00edne. Jeho expoz\u00edcie s\u00fa zameran\u00e9 na dejiny slovensk\u00e9ho umenia, kult\u00fary a dopravy.","publisher":{"@id":"https:\/\/pmza.sk\/#organization"},"potentialAction":[{"@type":"SearchAction","target":{"@type":"EntryPoint","urlTemplate":"https:\/\/pmza.sk\/?s={search_term_string}"},"query-input":{"@type":"PropertyValueSpecification","valueRequired":true,"valueName":"search_term_string"}}],"inLanguage":"sk-SK"},{"@type":"Organization","@id":"https:\/\/pmza.sk\/#organization","name":"Pova\u017esk\u00e9 m\u00fazeum","url":"https:\/\/pmza.sk\/","logo":{"@type":"ImageObject","inLanguage":"sk-SK","@id":"https:\/\/pmza.sk\/#\/schema\/logo\/image\/","url":"https:\/\/pmza.sk\/wp-content\/uploads\/2022\/01\/logo_PM_horizontal.jpg","contentUrl":"https:\/\/pmza.sk\/wp-content\/uploads\/2022\/01\/logo_PM_horizontal.jpg","width":231,"height":142,"caption":"Pova\u017esk\u00e9 m\u00fazeum"},"image":{"@id":"https:\/\/pmza.sk\/#\/schema\/logo\/image\/"},"sameAs":["https:\/\/www.facebook.com\/povazskemuzeum","https:\/\/www.instagram.com\/povazskemuzeum\/"]},{"@type":"Person","@id":"https:\/\/pmza.sk\/#\/schema\/person\/595e6a2ce731ea94dcd5d7f50a41ae33","name":"Pova\u017esk\u00e9 m\u00fazeum","image":{"@type":"ImageObject","inLanguage":"sk-SK","@id":"https:\/\/secure.gravatar.com\/avatar\/2bb7f1561282132fb5826dfeccc66c7996d11ee392ac6aaf7ced8a1c2027fbb2?s=96&d=mm&r=g","url":"https:\/\/secure.gravatar.com\/avatar\/2bb7f1561282132fb5826dfeccc66c7996d11ee392ac6aaf7ced8a1c2027fbb2?s=96&d=mm&r=g","contentUrl":"https:\/\/secure.gravatar.com\/avatar\/2bb7f1561282132fb5826dfeccc66c7996d11ee392ac6aaf7ced8a1c2027fbb2?s=96&d=mm&r=g","caption":"Pova\u017esk\u00e9 m\u00fazeum"}}]}},"_links":{"self":[{"href":"https:\/\/pmza.sk\/index.php?rest_route=\/wp\/v2\/posts\/38517","targetHints":{"allow":["GET"]}}],"collection":[{"href":"https:\/\/pmza.sk\/index.php?rest_route=\/wp\/v2\/posts"}],"about":[{"href":"https:\/\/pmza.sk\/index.php?rest_route=\/wp\/v2\/types\/post"}],"author":[{"embeddable":true,"href":"https:\/\/pmza.sk\/index.php?rest_route=\/wp\/v2\/users\/2"}],"replies":[{"embeddable":true,"href":"https:\/\/pmza.sk\/index.php?rest_route=%2Fwp%2Fv2%2Fcomments&post=38517"}],"version-history":[{"count":0,"href":"https:\/\/pmza.sk\/index.php?rest_route=\/wp\/v2\/posts\/38517\/revisions"}],"wp:featuredmedia":[{"embeddable":true,"href":"https:\/\/pmza.sk\/index.php?rest_route=\/wp\/v2\/media\/38518"}],"wp:attachment":[{"href":"https:\/\/pmza.sk\/index.php?rest_route=%2Fwp%2Fv2%2Fmedia&parent=38517"}],"wp:term":[{"taxonomy":"category","embeddable":true,"href":"https:\/\/pmza.sk\/index.php?rest_route=%2Fwp%2Fv2%2Fcategories&post=38517"},{"taxonomy":"post_tag","embeddable":true,"href":"https:\/\/pmza.sk\/index.php?rest_route=%2Fwp%2Fv2%2Ftags&post=38517"}],"curies":[{"name":"wp","href":"https:\/\/api.w.org\/{rel}","templated":true}]}}