{"id":38858,"date":"2020-03-31T11:04:44","date_gmt":"2020-03-31T09:04:44","guid":{"rendered":"https:\/\/pmza.sk\/?p=38858"},"modified":"2020-03-31T11:04:44","modified_gmt":"2020-03-31T09:04:44","slug":"do-vtipne-verne-2","status":"publish","type":"post","link":"https:\/\/pmza.sk\/?p=38858","title":{"rendered":"D\u00f4 (vtipne) verne"},"content":{"rendered":"<p>Minul\u00fd rok sme boli za\u010diatkom apr\u00edla d\u00f4vtipn\u00ed a mo\u017eno v niektor\u00fdch pr\u00edpadoch aj d\u00f4vern\u00ed. Od 28. 3. do 11. 4. sa toti\u017e v priestoroch kaplnky nach\u00e1dzala v\u00fdstava s rovnomenn\u00fdm n\u00e1zvom D\u00f4 (vtipne) verne. N\u00e1v\u0161tevn\u00edkom pon\u00fakala diela troch autorov s\u00a0r\u00f4znymi sp\u00f4sobmi vyjadrenia, ktor\u00ed mali jednu vec spolo\u010dn\u00fa: netradi\u010dn\u00fd poh\u013ead na svet. Obrazy Michala Jureck\u00e9ho, fotografie a\u00a0b\u00e1sne Magdal\u00e9ny Lackovej a\u00a0dr\u00f4tovan\u00e9 drobnosti Jana Ve\u010de\u0159u zaujali a\u00a0pobavili z\u00e1rove\u0148. Dovolili nahliadnu\u0165 do d\u00f4verne zn\u00e1meho prostredia, ktor\u00e9 v\u010faka ich d\u00f4vtipu nadobudlo \u00faplne in\u00fd rozmer. V\u00fdstava tak bola d\u00f4kazom toho, \u017ee kult\u00fara m\u00f4\u017ee by\u0165 z\u00e1bavn\u00e1 a\u00a0aj za hradn\u00fdmi m\u00farmi pracuj\u00fa vn\u00edmav\u00e9 a\u00a0vtipn\u00e9 bytosti.<\/p>\n<p>Tro\u0161ku nadh\u013eadu v t\u00fdchto \u0165a\u017ek\u00fdch \u010dasoch n\u00e1m pom\u00f4\u017ee zabavi\u0165 sa a osta\u0165 nad vecou.<\/p>\n<p><a href=\"https:\/\/pmza.sk\/aktuality\/do-vtipne-verne-2\/attachment\/img_4649-4\/\" rel=\"attachment wp-att-38860\"><img fetchpriority=\"high\" decoding=\"async\" class=\"size-medium wp-image-38860 alignleft\" src=\"https:\/\/pmza.sk\/wp-content\/uploads\/2020\/03\/IMG_4649-540x360.jpg\" alt=\"\" width=\"540\" height=\"360\" srcset=\"https:\/\/pmza.sk\/wp-content\/uploads\/2020\/03\/IMG_4649-540x360.jpg 540w, https:\/\/pmza.sk\/wp-content\/uploads\/2020\/03\/IMG_4649-768x512.jpg 768w, https:\/\/pmza.sk\/wp-content\/uploads\/2020\/03\/IMG_4649-600x400.jpg 600w, https:\/\/pmza.sk\/wp-content\/uploads\/2020\/03\/IMG_4649.jpg 1024w\" sizes=\"(max-width: 540px) 100vw, 540px\" \/><\/a><a href=\"https:\/\/pmza.sk\/aktuality\/do-vtipne-verne-2\/attachment\/img_4658-2\/\" rel=\"attachment wp-att-38868\"><img decoding=\"async\" class=\"size-medium wp-image-38868 alignleft\" src=\"https:\/\/pmza.sk\/wp-content\/uploads\/2020\/03\/IMG_4658-540x360.jpg\" alt=\"\" width=\"540\" height=\"360\" srcset=\"https:\/\/pmza.sk\/wp-content\/uploads\/2020\/03\/IMG_4658-540x360.jpg 540w, https:\/\/pmza.sk\/wp-content\/uploads\/2020\/03\/IMG_4658-768x512.jpg 768w, https:\/\/pmza.sk\/wp-content\/uploads\/2020\/03\/IMG_4658-600x400.jpg 600w, https:\/\/pmza.sk\/wp-content\/uploads\/2020\/03\/IMG_4658.jpg 1024w\" sizes=\"(max-width: 540px) 100vw, 540px\" \/><\/a><\/p>\n<p>&nbsp;<\/p>\n<p>&nbsp;<\/p>\n<p>&nbsp;<\/p>\n<p>&nbsp;<\/p>\n<p>&nbsp;<\/p>\n<p>&nbsp;<\/p>\n<p>&nbsp;<\/p>\n<p>&nbsp;<\/p>\n<p>&nbsp;<\/p>\n<p><a href=\"https:\/\/pmza.sk\/aktuality\/do-vtipne-verne-2\/attachment\/img_4659\/\" rel=\"attachment wp-att-38869\"><img decoding=\"async\" class=\"size-medium wp-image-38869 alignleft\" src=\"https:\/\/pmza.sk\/wp-content\/uploads\/2020\/03\/IMG_4659-527x360.jpg\" alt=\"\" width=\"527\" height=\"360\" srcset=\"https:\/\/pmza.sk\/wp-content\/uploads\/2020\/03\/IMG_4659-527x360.jpg 527w, https:\/\/pmza.sk\/wp-content\/uploads\/2020\/03\/IMG_4659-768x524.jpg 768w, https:\/\/pmza.sk\/wp-content\/uploads\/2020\/03\/IMG_4659-600x410.jpg 600w, https:\/\/pmza.sk\/wp-content\/uploads\/2020\/03\/IMG_4659.jpg 1024w\" sizes=\"(max-width: 527px) 100vw, 527px\" \/><\/a><a href=\"https:\/\/pmza.sk\/aktuality\/do-vtipne-verne-2\/attachment\/img_4656-2\/\" rel=\"attachment wp-att-38866\"><img loading=\"lazy\" decoding=\"async\" class=\"size-medium wp-image-38866 alignleft\" src=\"https:\/\/pmza.sk\/wp-content\/uploads\/2020\/03\/IMG_4656-540x360.jpg\" alt=\"\" width=\"540\" height=\"360\" srcset=\"https:\/\/pmza.sk\/wp-content\/uploads\/2020\/03\/IMG_4656-540x360.jpg 540w, https:\/\/pmza.sk\/wp-content\/uploads\/2020\/03\/IMG_4656-768x512.jpg 768w, https:\/\/pmza.sk\/wp-content\/uploads\/2020\/03\/IMG_4656-600x400.jpg 600w, https:\/\/pmza.sk\/wp-content\/uploads\/2020\/03\/IMG_4656.jpg 1024w\" sizes=\"(max-width: 540px) 100vw, 540px\" \/><\/a><\/p>\n<p>&nbsp;<\/p>\n<p>&nbsp;<\/p>\n<p>&nbsp;<\/p>\n<p>&nbsp;<\/p>\n<p>&nbsp;<\/p>\n<p>&nbsp;<\/p>\n<p>&nbsp;<\/p>\n<p>&nbsp;<\/p>\n<p>&nbsp;<\/p>\n<p><a href=\"https:\/\/pmza.sk\/aktuality\/do-vtipne-verne-2\/attachment\/img_4664-3\/\" rel=\"attachment wp-att-38873\"><img loading=\"lazy\" decoding=\"async\" class=\"size-medium wp-image-38873 alignleft\" src=\"https:\/\/pmza.sk\/wp-content\/uploads\/2020\/03\/IMG_4664-540x360.jpg\" alt=\"\" width=\"540\" height=\"360\" srcset=\"https:\/\/pmza.sk\/wp-content\/uploads\/2020\/03\/IMG_4664-540x360.jpg 540w, https:\/\/pmza.sk\/wp-content\/uploads\/2020\/03\/IMG_4664-768x512.jpg 768w, https:\/\/pmza.sk\/wp-content\/uploads\/2020\/03\/IMG_4664-600x400.jpg 600w, https:\/\/pmza.sk\/wp-content\/uploads\/2020\/03\/IMG_4664.jpg 1024w\" sizes=\"(max-width: 540px) 100vw, 540px\" \/><\/a><a href=\"https:\/\/pmza.sk\/aktuality\/do-vtipne-verne-2\/attachment\/img_4697\/\" rel=\"attachment wp-att-38894\"><img loading=\"lazy\" decoding=\"async\" class=\"size-medium wp-image-38894 alignleft\" src=\"https:\/\/pmza.sk\/wp-content\/uploads\/2020\/03\/IMG_4697-480x360.jpg\" alt=\"\" width=\"480\" height=\"360\" srcset=\"https:\/\/pmza.sk\/wp-content\/uploads\/2020\/03\/IMG_4697-480x360.jpg 480w, https:\/\/pmza.sk\/wp-content\/uploads\/2020\/03\/IMG_4697-981x736.jpg 981w, https:\/\/pmza.sk\/wp-content\/uploads\/2020\/03\/IMG_4697-768x576.jpg 768w, https:\/\/pmza.sk\/wp-content\/uploads\/2020\/03\/IMG_4697-600x450.jpg 600w, https:\/\/pmza.sk\/wp-content\/uploads\/2020\/03\/IMG_4697.jpg 1024w\" sizes=\"(max-width: 480px) 100vw, 480px\" \/><\/a><\/p>\n<p>&nbsp;<\/p>\n<p>&nbsp;<\/p>\n<p>&nbsp;<\/p>\n<p>&nbsp;<\/p>\n<p>&nbsp;<\/p>\n<p>&nbsp;<\/p>\n<p>&nbsp;<\/p>\n<p>&nbsp;<\/p>\n<p>&nbsp;<\/p>\n<p><a href=\"https:\/\/pmza.sk\/aktuality\/do-vtipne-verne-2\/attachment\/img_4665\/\" rel=\"attachment wp-att-38874\"><img loading=\"lazy\" decoding=\"async\" class=\"size-medium wp-image-38874 alignleft\" src=\"https:\/\/pmza.sk\/wp-content\/uploads\/2020\/03\/IMG_4665-540x360.jpg\" alt=\"\" width=\"540\" height=\"360\" srcset=\"https:\/\/pmza.sk\/wp-content\/uploads\/2020\/03\/IMG_4665-540x360.jpg 540w, https:\/\/pmza.sk\/wp-content\/uploads\/2020\/03\/IMG_4665-768x512.jpg 768w, https:\/\/pmza.sk\/wp-content\/uploads\/2020\/03\/IMG_4665-600x400.jpg 600w, https:\/\/pmza.sk\/wp-content\/uploads\/2020\/03\/IMG_4665.jpg 1024w\" sizes=\"(max-width: 540px) 100vw, 540px\" \/><\/a><a href=\"https:\/\/pmza.sk\/aktuality\/do-vtipne-verne-2\/attachment\/img_4660-3\/\" rel=\"attachment wp-att-38870\"><img loading=\"lazy\" decoding=\"async\" class=\"size-medium wp-image-38870 alignleft\" src=\"https:\/\/pmza.sk\/wp-content\/uploads\/2020\/03\/IMG_4660-540x360.jpg\" alt=\"\" width=\"540\" height=\"360\" srcset=\"https:\/\/pmza.sk\/wp-content\/uploads\/2020\/03\/IMG_4660-540x360.jpg 540w, https:\/\/pmza.sk\/wp-content\/uploads\/2020\/03\/IMG_4660-768x512.jpg 768w, https:\/\/pmza.sk\/wp-content\/uploads\/2020\/03\/IMG_4660-600x400.jpg 600w, https:\/\/pmza.sk\/wp-content\/uploads\/2020\/03\/IMG_4660.jpg 1024w\" sizes=\"(max-width: 540px) 100vw, 540px\" \/><\/a><\/p>\n<p>&nbsp;<\/p>\n<p>&nbsp;<\/p>\n<p>&nbsp;<\/p>\n<p>&nbsp;<\/p>\n<p>&nbsp;<\/p>\n<p>&nbsp;<\/p>\n<p>&nbsp;<\/p>\n<p>&nbsp;<\/p>\n<p>&nbsp;<\/p>\n<p><a href=\"https:\/\/pmza.sk\/aktuality\/do-vtipne-verne-2\/attachment\/img_4692\/\" rel=\"attachment wp-att-38891\"><img loading=\"lazy\" decoding=\"async\" class=\"size-medium wp-image-38891 alignleft\" src=\"https:\/\/pmza.sk\/wp-content\/uploads\/2020\/03\/IMG_4692-270x360.jpg\" alt=\"\" width=\"270\" height=\"360\" srcset=\"https:\/\/pmza.sk\/wp-content\/uploads\/2020\/03\/IMG_4692-270x360.jpg 270w, https:\/\/pmza.sk\/wp-content\/uploads\/2020\/03\/IMG_4692-552x736.jpg 552w, https:\/\/pmza.sk\/wp-content\/uploads\/2020\/03\/IMG_4692-600x800.jpg 600w, https:\/\/pmza.sk\/wp-content\/uploads\/2020\/03\/IMG_4692.jpg 768w\" sizes=\"(max-width: 270px) 100vw, 270px\" \/><\/a><\/p>\n<p><a href=\"https:\/\/pmza.sk\/aktuality\/do-vtipne-verne-2\/attachment\/img_4693\/\" rel=\"attachment wp-att-38892\"><img loading=\"lazy\" decoding=\"async\" class=\"size-medium wp-image-38892 alignleft\" src=\"https:\/\/pmza.sk\/wp-content\/uploads\/2020\/03\/IMG_4693-270x360.jpg\" alt=\"\" width=\"270\" height=\"360\" srcset=\"https:\/\/pmza.sk\/wp-content\/uploads\/2020\/03\/IMG_4693-270x360.jpg 270w, https:\/\/pmza.sk\/wp-content\/uploads\/2020\/03\/IMG_4693-552x736.jpg 552w, https:\/\/pmza.sk\/wp-content\/uploads\/2020\/03\/IMG_4693-600x800.jpg 600w, https:\/\/pmza.sk\/wp-content\/uploads\/2020\/03\/IMG_4693.jpg 768w\" sizes=\"(max-width: 270px) 100vw, 270px\" \/><\/a><a href=\"https:\/\/pmza.sk\/aktuality\/do-vtipne-verne-2\/attachment\/img_4688\/\" rel=\"attachment wp-att-38888\"><img loading=\"lazy\" decoding=\"async\" class=\"size-medium wp-image-38888 alignleft\" src=\"https:\/\/pmza.sk\/wp-content\/uploads\/2020\/03\/IMG_4688-270x360.jpg\" alt=\"\" width=\"270\" height=\"360\" srcset=\"https:\/\/pmza.sk\/wp-content\/uploads\/2020\/03\/IMG_4688-270x360.jpg 270w, https:\/\/pmza.sk\/wp-content\/uploads\/2020\/03\/IMG_4688-552x736.jpg 552w, https:\/\/pmza.sk\/wp-content\/uploads\/2020\/03\/IMG_4688-600x800.jpg 600w, https:\/\/pmza.sk\/wp-content\/uploads\/2020\/03\/IMG_4688.jpg 768w\" sizes=\"(max-width: 270px) 100vw, 270px\" \/><\/a><!--more--><\/p>\n","protected":false},"excerpt":{"rendered":"<p>Minul\u00fd rok sme boli za\u010diatkom apr\u00edla d\u00f4vtipn\u00ed a mo\u017eno v niektor\u00fdch pr\u00edpadoch aj d\u00f4vern\u00ed. Od 28. 3. do 11. 4. sa toti\u017e v priestoroch kaplnky nach\u00e1dzala v\u00fdstava s rovnomenn\u00fdm n\u00e1zvom D\u00f4 (vtipne) verne. N\u00e1v\u0161tevn\u00edkom pon\u00fakala diela troch autorov s\u00a0r\u00f4znymi sp\u00f4sobmi vyjadrenia, ktor\u00ed mali jednu vec spolo\u010dn\u00fa: netradi\u010dn\u00fd poh\u013ead na svet. Obrazy Michala Jureck\u00e9ho, fotografie a\u00a0b\u00e1sne [&hellip;]<\/p>\n","protected":false},"author":2,"featured_media":38876,"comment_status":"closed","ping_status":"closed","sticky":false,"template":"","format":"standard","meta":{"site-sidebar-layout":"default","site-content-layout":"","ast-site-content-layout":"","site-content-style":"default","site-sidebar-style":"default","ast-global-header-display":"","ast-banner-title-visibility":"","ast-main-header-display":"","ast-hfb-above-header-display":"","ast-hfb-below-header-display":"","ast-hfb-mobile-header-display":"","site-post-title":"","ast-breadcrumbs-content":"","ast-featured-img":"","footer-sml-layout":"","theme-transparent-header-meta":"","adv-header-id-meta":"","stick-header-meta":"","header-above-stick-meta":"","header-main-stick-meta":"","header-below-stick-meta":"","astra-migrate-meta-layouts":"default","ast-page-background-enabled":"default","ast-page-background-meta":{"desktop":{"background-color":"var(--ast-global-color-4)","background-image":"","background-repeat":"repeat","background-position":"center center","background-size":"auto","background-attachment":"scroll","background-type":"","background-media":"","overlay-type":"","overlay-color":"","overlay-opacity":"","overlay-gradient":""},"tablet":{"background-color":"","background-image":"","background-repeat":"repeat","background-position":"center center","background-size":"auto","background-attachment":"scroll","background-type":"","background-media":"","overlay-type":"","overlay-color":"","overlay-opacity":"","overlay-gradient":""},"mobile":{"background-color":"","background-image":"","background-repeat":"repeat","background-position":"center center","background-size":"auto","background-attachment":"scroll","background-type":"","background-media":"","overlay-type":"","overlay-color":"","overlay-opacity":"","overlay-gradient":""}},"ast-content-background-meta":{"desktop":{"background-color":"var(--ast-global-color-5)","background-image":"","background-repeat":"repeat","background-position":"center center","background-size":"auto","background-attachment":"scroll","background-type":"","background-media":"","overlay-type":"","overlay-color":"","overlay-opacity":"","overlay-gradient":""},"tablet":{"background-color":"var(--ast-global-color-5)","background-image":"","background-repeat":"repeat","background-position":"center center","background-size":"auto","background-attachment":"scroll","background-type":"","background-media":"","overlay-type":"","overlay-color":"","overlay-opacity":"","overlay-gradient":""},"mobile":{"background-color":"var(--ast-global-color-5)","background-image":"","background-repeat":"repeat","background-position":"center center","background-size":"auto","background-attachment":"scroll","background-type":"","background-media":"","overlay-type":"","overlay-color":"","overlay-opacity":"","overlay-gradient":""}},"footnotes":""},"categories":[31],"tags":[],"class_list":["post-38858","post","type-post","status-publish","format-standard","has-post-thumbnail","hentry","category-aktuality"],"yoast_head":"<!-- This site is optimized with the Yoast SEO plugin v27.4 - https:\/\/yoast.com\/product\/yoast-seo-wordpress\/ -->\n<title>D\u00f4 (vtipne) verne - Pova\u017esk\u00e9 m\u00fazeum<\/title>\n<meta name=\"robots\" content=\"index, follow, max-snippet:-1, max-image-preview:large, max-video-preview:-1\" \/>\n<link rel=\"canonical\" href=\"https:\/\/pmza.sk\/?p=38858\" \/>\n<meta property=\"og:locale\" content=\"sk_SK\" \/>\n<meta property=\"og:type\" content=\"article\" \/>\n<meta property=\"og:title\" content=\"D\u00f4 (vtipne) verne - Pova\u017esk\u00e9 m\u00fazeum\" \/>\n<meta property=\"og:description\" content=\"Minul\u00fd rok sme boli za\u010diatkom apr\u00edla d\u00f4vtipn\u00ed a mo\u017eno v niektor\u00fdch pr\u00edpadoch aj d\u00f4vern\u00ed. Od 28. 3. do 11. 4. sa toti\u017e v priestoroch kaplnky nach\u00e1dzala v\u00fdstava s rovnomenn\u00fdm n\u00e1zvom D\u00f4 (vtipne) verne. N\u00e1v\u0161tevn\u00edkom pon\u00fakala diela troch autorov s\u00a0r\u00f4znymi sp\u00f4sobmi vyjadrenia, ktor\u00ed mali jednu vec spolo\u010dn\u00fa: netradi\u010dn\u00fd poh\u013ead na svet. Obrazy Michala Jureck\u00e9ho, fotografie a\u00a0b\u00e1sne [&hellip;]\" \/>\n<meta property=\"og:url\" content=\"https:\/\/pmza.sk\/?p=38858\" \/>\n<meta property=\"og:site_name\" content=\"Pova\u017esk\u00e9 m\u00fazeum\" \/>\n<meta property=\"article:publisher\" content=\"https:\/\/www.facebook.com\/povazskemuzeum\" \/>\n<meta property=\"article:published_time\" content=\"2020-03-31T09:04:44+00:00\" \/>\n<meta property=\"og:image\" content=\"https:\/\/pmza.sk\/wp-content\/uploads\/2020\/03\/IMG_4668.jpg\" \/>\n\t<meta property=\"og:image:width\" content=\"1024\" \/>\n\t<meta property=\"og:image:height\" content=\"683\" \/>\n\t<meta property=\"og:image:type\" content=\"image\/jpeg\" \/>\n<meta name=\"author\" content=\"Pova\u017esk\u00e9 m\u00fazeum\" \/>\n<meta name=\"twitter:card\" content=\"summary_large_image\" \/>\n<meta name=\"twitter:label1\" content=\"Autor\" \/>\n\t<meta name=\"twitter:data1\" content=\"Pova\u017esk\u00e9 m\u00fazeum\" \/>\n\t<meta name=\"twitter:label2\" content=\"Predpokladan\u00fd \u010das \u010d\u00edtania\" \/>\n\t<meta name=\"twitter:data2\" content=\"1 min\u00fata\" \/>\n<script type=\"application\/ld+json\" class=\"yoast-schema-graph\">{\"@context\":\"https:\\\/\\\/schema.org\",\"@graph\":[{\"@type\":\"Article\",\"@id\":\"https:\\\/\\\/pmza.sk\\\/?p=38858#article\",\"isPartOf\":{\"@id\":\"https:\\\/\\\/pmza.sk\\\/?p=38858\"},\"author\":{\"name\":\"Pova\u017esk\u00e9 m\u00fazeum\",\"@id\":\"https:\\\/\\\/pmza.sk\\\/#\\\/schema\\\/person\\\/595e6a2ce731ea94dcd5d7f50a41ae33\"},\"headline\":\"D\u00f4 (vtipne) verne\",\"datePublished\":\"2020-03-31T09:04:44+00:00\",\"mainEntityOfPage\":{\"@id\":\"https:\\\/\\\/pmza.sk\\\/?p=38858\"},\"wordCount\":197,\"publisher\":{\"@id\":\"https:\\\/\\\/pmza.sk\\\/#organization\"},\"image\":{\"@id\":\"https:\\\/\\\/pmza.sk\\\/?p=38858#primaryimage\"},\"thumbnailUrl\":\"https:\\\/\\\/pmza.sk\\\/wp-content\\\/uploads\\\/2020\\\/03\\\/IMG_4668.jpg\",\"articleSection\":[\"Aktuality\"],\"inLanguage\":\"sk-SK\"},{\"@type\":\"WebPage\",\"@id\":\"https:\\\/\\\/pmza.sk\\\/?p=38858\",\"url\":\"https:\\\/\\\/pmza.sk\\\/?p=38858\",\"name\":\"D\u00f4 (vtipne) verne - Pova\u017esk\u00e9 m\u00fazeum\",\"isPartOf\":{\"@id\":\"https:\\\/\\\/pmza.sk\\\/#website\"},\"primaryImageOfPage\":{\"@id\":\"https:\\\/\\\/pmza.sk\\\/?p=38858#primaryimage\"},\"image\":{\"@id\":\"https:\\\/\\\/pmza.sk\\\/?p=38858#primaryimage\"},\"thumbnailUrl\":\"https:\\\/\\\/pmza.sk\\\/wp-content\\\/uploads\\\/2020\\\/03\\\/IMG_4668.jpg\",\"datePublished\":\"2020-03-31T09:04:44+00:00\",\"breadcrumb\":{\"@id\":\"https:\\\/\\\/pmza.sk\\\/?p=38858#breadcrumb\"},\"inLanguage\":\"sk-SK\",\"potentialAction\":[{\"@type\":\"ReadAction\",\"target\":[\"https:\\\/\\\/pmza.sk\\\/?p=38858\"]}]},{\"@type\":\"ImageObject\",\"inLanguage\":\"sk-SK\",\"@id\":\"https:\\\/\\\/pmza.sk\\\/?p=38858#primaryimage\",\"url\":\"https:\\\/\\\/pmza.sk\\\/wp-content\\\/uploads\\\/2020\\\/03\\\/IMG_4668.jpg\",\"contentUrl\":\"https:\\\/\\\/pmza.sk\\\/wp-content\\\/uploads\\\/2020\\\/03\\\/IMG_4668.jpg\",\"width\":1024,\"height\":683},{\"@type\":\"BreadcrumbList\",\"@id\":\"https:\\\/\\\/pmza.sk\\\/?p=38858#breadcrumb\",\"itemListElement\":[{\"@type\":\"ListItem\",\"position\":1,\"name\":\"Domovsk\u00e1 str\u00e1nka\",\"item\":\"https:\\\/\\\/pmza.sk\\\/\"},{\"@type\":\"ListItem\",\"position\":2,\"name\":\"D\u00f4 (vtipne) verne\"}]},{\"@type\":\"WebSite\",\"@id\":\"https:\\\/\\\/pmza.sk\\\/#website\",\"url\":\"https:\\\/\\\/pmza.sk\\\/\",\"name\":\"Pova\u017esk\u00e9 m\u00fazeum\",\"description\":\"Pova\u017esk\u00e9 m\u00fazeum v \u017diline je region\u00e1lne m\u00fazeum so s\u00eddlom v Budat\u00edne. Jeho expoz\u00edcie s\u00fa zameran\u00e9 na dejiny slovensk\u00e9ho umenia, kult\u00fary a dopravy.\",\"publisher\":{\"@id\":\"https:\\\/\\\/pmza.sk\\\/#organization\"},\"potentialAction\":[{\"@type\":\"SearchAction\",\"target\":{\"@type\":\"EntryPoint\",\"urlTemplate\":\"https:\\\/\\\/pmza.sk\\\/?s={search_term_string}\"},\"query-input\":{\"@type\":\"PropertyValueSpecification\",\"valueRequired\":true,\"valueName\":\"search_term_string\"}}],\"inLanguage\":\"sk-SK\"},{\"@type\":\"Organization\",\"@id\":\"https:\\\/\\\/pmza.sk\\\/#organization\",\"name\":\"Pova\u017esk\u00e9 m\u00fazeum\",\"url\":\"https:\\\/\\\/pmza.sk\\\/\",\"logo\":{\"@type\":\"ImageObject\",\"inLanguage\":\"sk-SK\",\"@id\":\"https:\\\/\\\/pmza.sk\\\/#\\\/schema\\\/logo\\\/image\\\/\",\"url\":\"https:\\\/\\\/pmza.sk\\\/wp-content\\\/uploads\\\/2022\\\/01\\\/logo_PM_horizontal.jpg\",\"contentUrl\":\"https:\\\/\\\/pmza.sk\\\/wp-content\\\/uploads\\\/2022\\\/01\\\/logo_PM_horizontal.jpg\",\"width\":231,\"height\":142,\"caption\":\"Pova\u017esk\u00e9 m\u00fazeum\"},\"image\":{\"@id\":\"https:\\\/\\\/pmza.sk\\\/#\\\/schema\\\/logo\\\/image\\\/\"},\"sameAs\":[\"https:\\\/\\\/www.facebook.com\\\/povazskemuzeum\",\"https:\\\/\\\/www.instagram.com\\\/povazskemuzeum\\\/\"]},{\"@type\":\"Person\",\"@id\":\"https:\\\/\\\/pmza.sk\\\/#\\\/schema\\\/person\\\/595e6a2ce731ea94dcd5d7f50a41ae33\",\"name\":\"Pova\u017esk\u00e9 m\u00fazeum\",\"image\":{\"@type\":\"ImageObject\",\"inLanguage\":\"sk-SK\",\"@id\":\"https:\\\/\\\/secure.gravatar.com\\\/avatar\\\/2bb7f1561282132fb5826dfeccc66c7996d11ee392ac6aaf7ced8a1c2027fbb2?s=96&d=mm&r=g\",\"url\":\"https:\\\/\\\/secure.gravatar.com\\\/avatar\\\/2bb7f1561282132fb5826dfeccc66c7996d11ee392ac6aaf7ced8a1c2027fbb2?s=96&d=mm&r=g\",\"contentUrl\":\"https:\\\/\\\/secure.gravatar.com\\\/avatar\\\/2bb7f1561282132fb5826dfeccc66c7996d11ee392ac6aaf7ced8a1c2027fbb2?s=96&d=mm&r=g\",\"caption\":\"Pova\u017esk\u00e9 m\u00fazeum\"}}]}<\/script>\n<!-- \/ Yoast SEO plugin. -->","yoast_head_json":{"title":"D\u00f4 (vtipne) verne - Pova\u017esk\u00e9 m\u00fazeum","robots":{"index":"index","follow":"follow","max-snippet":"max-snippet:-1","max-image-preview":"max-image-preview:large","max-video-preview":"max-video-preview:-1"},"canonical":"https:\/\/pmza.sk\/?p=38858","og_locale":"sk_SK","og_type":"article","og_title":"D\u00f4 (vtipne) verne - Pova\u017esk\u00e9 m\u00fazeum","og_description":"Minul\u00fd rok sme boli za\u010diatkom apr\u00edla d\u00f4vtipn\u00ed a mo\u017eno v niektor\u00fdch pr\u00edpadoch aj d\u00f4vern\u00ed. Od 28. 3. do 11. 4. sa toti\u017e v priestoroch kaplnky nach\u00e1dzala v\u00fdstava s rovnomenn\u00fdm n\u00e1zvom D\u00f4 (vtipne) verne. N\u00e1v\u0161tevn\u00edkom pon\u00fakala diela troch autorov s\u00a0r\u00f4znymi sp\u00f4sobmi vyjadrenia, ktor\u00ed mali jednu vec spolo\u010dn\u00fa: netradi\u010dn\u00fd poh\u013ead na svet. Obrazy Michala Jureck\u00e9ho, fotografie a\u00a0b\u00e1sne [&hellip;]","og_url":"https:\/\/pmza.sk\/?p=38858","og_site_name":"Pova\u017esk\u00e9 m\u00fazeum","article_publisher":"https:\/\/www.facebook.com\/povazskemuzeum","article_published_time":"2020-03-31T09:04:44+00:00","og_image":[{"width":1024,"height":683,"url":"https:\/\/pmza.sk\/wp-content\/uploads\/2020\/03\/IMG_4668.jpg","type":"image\/jpeg"}],"author":"Pova\u017esk\u00e9 m\u00fazeum","twitter_card":"summary_large_image","twitter_misc":{"Autor":"Pova\u017esk\u00e9 m\u00fazeum","Predpokladan\u00fd \u010das \u010d\u00edtania":"1 min\u00fata"},"schema":{"@context":"https:\/\/schema.org","@graph":[{"@type":"Article","@id":"https:\/\/pmza.sk\/?p=38858#article","isPartOf":{"@id":"https:\/\/pmza.sk\/?p=38858"},"author":{"name":"Pova\u017esk\u00e9 m\u00fazeum","@id":"https:\/\/pmza.sk\/#\/schema\/person\/595e6a2ce731ea94dcd5d7f50a41ae33"},"headline":"D\u00f4 (vtipne) verne","datePublished":"2020-03-31T09:04:44+00:00","mainEntityOfPage":{"@id":"https:\/\/pmza.sk\/?p=38858"},"wordCount":197,"publisher":{"@id":"https:\/\/pmza.sk\/#organization"},"image":{"@id":"https:\/\/pmza.sk\/?p=38858#primaryimage"},"thumbnailUrl":"https:\/\/pmza.sk\/wp-content\/uploads\/2020\/03\/IMG_4668.jpg","articleSection":["Aktuality"],"inLanguage":"sk-SK"},{"@type":"WebPage","@id":"https:\/\/pmza.sk\/?p=38858","url":"https:\/\/pmza.sk\/?p=38858","name":"D\u00f4 (vtipne) verne - Pova\u017esk\u00e9 m\u00fazeum","isPartOf":{"@id":"https:\/\/pmza.sk\/#website"},"primaryImageOfPage":{"@id":"https:\/\/pmza.sk\/?p=38858#primaryimage"},"image":{"@id":"https:\/\/pmza.sk\/?p=38858#primaryimage"},"thumbnailUrl":"https:\/\/pmza.sk\/wp-content\/uploads\/2020\/03\/IMG_4668.jpg","datePublished":"2020-03-31T09:04:44+00:00","breadcrumb":{"@id":"https:\/\/pmza.sk\/?p=38858#breadcrumb"},"inLanguage":"sk-SK","potentialAction":[{"@type":"ReadAction","target":["https:\/\/pmza.sk\/?p=38858"]}]},{"@type":"ImageObject","inLanguage":"sk-SK","@id":"https:\/\/pmza.sk\/?p=38858#primaryimage","url":"https:\/\/pmza.sk\/wp-content\/uploads\/2020\/03\/IMG_4668.jpg","contentUrl":"https:\/\/pmza.sk\/wp-content\/uploads\/2020\/03\/IMG_4668.jpg","width":1024,"height":683},{"@type":"BreadcrumbList","@id":"https:\/\/pmza.sk\/?p=38858#breadcrumb","itemListElement":[{"@type":"ListItem","position":1,"name":"Domovsk\u00e1 str\u00e1nka","item":"https:\/\/pmza.sk\/"},{"@type":"ListItem","position":2,"name":"D\u00f4 (vtipne) verne"}]},{"@type":"WebSite","@id":"https:\/\/pmza.sk\/#website","url":"https:\/\/pmza.sk\/","name":"Pova\u017esk\u00e9 m\u00fazeum","description":"Pova\u017esk\u00e9 m\u00fazeum v \u017diline je region\u00e1lne m\u00fazeum so s\u00eddlom v Budat\u00edne. Jeho expoz\u00edcie s\u00fa zameran\u00e9 na dejiny slovensk\u00e9ho umenia, kult\u00fary a dopravy.","publisher":{"@id":"https:\/\/pmza.sk\/#organization"},"potentialAction":[{"@type":"SearchAction","target":{"@type":"EntryPoint","urlTemplate":"https:\/\/pmza.sk\/?s={search_term_string}"},"query-input":{"@type":"PropertyValueSpecification","valueRequired":true,"valueName":"search_term_string"}}],"inLanguage":"sk-SK"},{"@type":"Organization","@id":"https:\/\/pmza.sk\/#organization","name":"Pova\u017esk\u00e9 m\u00fazeum","url":"https:\/\/pmza.sk\/","logo":{"@type":"ImageObject","inLanguage":"sk-SK","@id":"https:\/\/pmza.sk\/#\/schema\/logo\/image\/","url":"https:\/\/pmza.sk\/wp-content\/uploads\/2022\/01\/logo_PM_horizontal.jpg","contentUrl":"https:\/\/pmza.sk\/wp-content\/uploads\/2022\/01\/logo_PM_horizontal.jpg","width":231,"height":142,"caption":"Pova\u017esk\u00e9 m\u00fazeum"},"image":{"@id":"https:\/\/pmza.sk\/#\/schema\/logo\/image\/"},"sameAs":["https:\/\/www.facebook.com\/povazskemuzeum","https:\/\/www.instagram.com\/povazskemuzeum\/"]},{"@type":"Person","@id":"https:\/\/pmza.sk\/#\/schema\/person\/595e6a2ce731ea94dcd5d7f50a41ae33","name":"Pova\u017esk\u00e9 m\u00fazeum","image":{"@type":"ImageObject","inLanguage":"sk-SK","@id":"https:\/\/secure.gravatar.com\/avatar\/2bb7f1561282132fb5826dfeccc66c7996d11ee392ac6aaf7ced8a1c2027fbb2?s=96&d=mm&r=g","url":"https:\/\/secure.gravatar.com\/avatar\/2bb7f1561282132fb5826dfeccc66c7996d11ee392ac6aaf7ced8a1c2027fbb2?s=96&d=mm&r=g","contentUrl":"https:\/\/secure.gravatar.com\/avatar\/2bb7f1561282132fb5826dfeccc66c7996d11ee392ac6aaf7ced8a1c2027fbb2?s=96&d=mm&r=g","caption":"Pova\u017esk\u00e9 m\u00fazeum"}}]}},"_links":{"self":[{"href":"https:\/\/pmza.sk\/index.php?rest_route=\/wp\/v2\/posts\/38858","targetHints":{"allow":["GET"]}}],"collection":[{"href":"https:\/\/pmza.sk\/index.php?rest_route=\/wp\/v2\/posts"}],"about":[{"href":"https:\/\/pmza.sk\/index.php?rest_route=\/wp\/v2\/types\/post"}],"author":[{"embeddable":true,"href":"https:\/\/pmza.sk\/index.php?rest_route=\/wp\/v2\/users\/2"}],"replies":[{"embeddable":true,"href":"https:\/\/pmza.sk\/index.php?rest_route=%2Fwp%2Fv2%2Fcomments&post=38858"}],"version-history":[{"count":0,"href":"https:\/\/pmza.sk\/index.php?rest_route=\/wp\/v2\/posts\/38858\/revisions"}],"wp:featuredmedia":[{"embeddable":true,"href":"https:\/\/pmza.sk\/index.php?rest_route=\/wp\/v2\/media\/38876"}],"wp:attachment":[{"href":"https:\/\/pmza.sk\/index.php?rest_route=%2Fwp%2Fv2%2Fmedia&parent=38858"}],"wp:term":[{"taxonomy":"category","embeddable":true,"href":"https:\/\/pmza.sk\/index.php?rest_route=%2Fwp%2Fv2%2Fcategories&post=38858"},{"taxonomy":"post_tag","embeddable":true,"href":"https:\/\/pmza.sk\/index.php?rest_route=%2Fwp%2Fv2%2Ftags&post=38858"}],"curies":[{"name":"wp","href":"https:\/\/api.w.org\/{rel}","templated":true}]}}