{"id":38914,"date":"2020-04-01T10:53:12","date_gmt":"2020-04-01T08:53:12","guid":{"rendered":"https:\/\/pmza.sk\/?p=38914"},"modified":"2020-04-01T10:53:12","modified_gmt":"2020-04-01T08:53:12","slug":"sutazime-s-muzeom-vyhodnotenie","status":"publish","type":"post","link":"https:\/\/pmza.sk\/?p=38914","title":{"rendered":"S\u00fa\u0165a\u017e\u00edme s m\u00fazeom &#8211; vyhodnotenie"},"content":{"rendered":"<p>Ak ste nav\u0161t\u00edvili Budat\u00ednsky hrad od janu\u00e1ra do marca 2020 a\u00a0zapojili ste sa do <strong>S\u00fa\u0165a\u017e\u00edme s\u00a0m\u00fazeom<\/strong>,\u00a0 mali ste ve\u013ek\u00fa \u0161ancu vyhra\u0165 atrakt\u00edvne ceny.<\/p>\n<p>D\u0148a 1. apr\u00edla 2020 sme vy\u017erebovali \u00a011 \u0161\u0165astlivcov, ktor\u00ed z\u00edskaj\u00fa druh\u00e9 roz\u0161\u00edren\u00e9 vydanie monografie Budat\u00ednsky hrad \u010di vstupenky do expoz\u00edci\u00ed a\u00a0na podujatia\u00a0 Pova\u017esk\u00e9ho m\u00fazea v\u00a0\u017diline. Kv\u00f4li aktu\u00e1lnej situ\u00e1cii a\u00a0obmedzeniam spojen\u00fdm so \u0161\u00edren\u00edm COVID-19 (koronav\u00edrus) bud\u00fa vstupenky plati\u0165\u00a0 na cel\u00fa sez\u00f3nu 2021, aby v\u00fdhercovia nestratili mo\u017enos\u0165 z\u00fa\u010dastni\u0165 sa na akomko\u013evek vybranom podujat\u00ed.<\/p>\n<ol>\n<li><strong>Michal \u0160utek<\/strong> \u2013 monografia Budat\u00ednsky hrad + celoro\u010dn\u00e1 vstupenka pre 2 osoby do v\u0161etk\u00fdch expoz\u00edci\u00ed Pova\u017esk\u00e9ho m\u00fazea v\u00a0\u017eiline<\/li>\n<li><strong> M\u00e1ria J\u00edlkov\u00e1 <\/strong>\u2013 monografia Budat\u00ednsky hrad + celoro\u010dn\u00e1 vo\u013en\u00e1 vstupenka pre 2 osoby do Budat\u00ednskeho hradu vr\u00e1tane v\u0161etk\u00fdch podujat\u00ed<\/li>\n<li><strong>J\u00e1n Mockov\u010d\u00edk <\/strong>\u2013 monografia Budat\u00ednsky hrad + celoro\u010dn\u00e1 vo\u013en\u00e1 vstupenka pre 2 osoby na hrad Stre\u010dno vr\u00e1tane v\u0161etk\u00fdch podujat\u00ed<\/li>\n<li><strong>Mirka Mri\u0161ov\u00e1 <\/strong>\u2013 monografia Budat\u00ednsky hrad + celoro\u010dn\u00e1 vo\u013en\u00e1 vstupenka pre 2 osoby na z\u00e1\u017eitkov\u00e9 prehliadky na Budat\u00ednskom hrade<\/li>\n<li><strong>Jarka Nincovrov\u00e1 <\/strong>\u2013 monografia Budat\u00ednsky hrad + celoro\u010dn\u00e1 vo\u013en\u00e1 vstupenka pre 2 osoby na cyklus podujat\u00ed M\u00fazeum pre V\u00e1s<\/li>\n<li><strong>Laura Sidorov\u00e1 <\/strong>\u2013 monografia Budat\u00ednsky hrad + vo\u013en\u00e1 rodinn\u00e1 vstupenka na prehliadku ktorejko\u013evek expoz\u00edcie<\/li>\n<li><strong>Patrik Sk\u00e1la <\/strong>\u2013 monografia Budat\u00ednsky hrad + vo\u013en\u00e1 rodinn\u00e1 vstupenka na prehliadku ktorejko\u013evek expoz\u00edcie<\/li>\n<li><strong>Lesia Ma\u0161\u00e1nov\u00e1 <\/strong>\u2013 monografia Budat\u00ednsky hrad + vo\u013en\u00e1 rodinn\u00e1 vstupenka na prehliadku ktorejko\u013evek expoz\u00edcie<\/li>\n<li><strong>Milan Ol\u0161ovsk\u00fd <\/strong>\u2013 monografia Budat\u00ednsky hrad + vo\u013en\u00e1 rodinn\u00e1 vstupenka na prehliadku ktorejko\u013evek expoz\u00edcie<\/li>\n<li><strong>Stanislav Hreb\u00edk <\/strong>\u2013 monografia Budat\u00ednsky hrad + vo\u013en\u00e1 rodinn\u00e1 vstupenka na prehliadku ktorejko\u013evek expoz\u00edcie<\/li>\n<li><strong>Vladim\u00edr Koz\u00e1rik <\/strong>\u2013 monografia Budat\u00ednsky hrad<\/li>\n<\/ol>\n<p>V\u00fdhercom gratulujeme, budeme ich kontaktova\u0165 prostredn\u00edctvom \u00fadajov, ktor\u00e9 uviedli na prihl\u00e1\u0161ke. Vo\u013en\u00e9 vstupenky s\u00fa neprenosn\u00e9 a\u00a0platia iba na meno v\u00fdhercu a\u00a0jeho sprievodn\u00fa osobu, pr\u00edpadne rodinu.<\/p>\n<p>Ostatn\u00fdm \u010fakujeme, \u017ee sa zapojili do na\u0161ej s\u00fa\u0165a\u017ee a\u00a0ver\u00edme, \u017ee sa na nich \u0161\u0165astie usmeje na bud\u00face.<\/p>\n<p>Na v\u0161etk\u00fdch sa te\u0161\u00edme v\u00a0expoz\u00edci\u00e1ch alebo na podujatiach Pova\u017esk\u00e9ho m\u00fazea v\u00a0\u017diline.<\/p>\n<p>&nbsp;<\/p>\n","protected":false},"excerpt":{"rendered":"<p>Ak ste nav\u0161t\u00edvili Budat\u00ednsky hrad od janu\u00e1ra do marca 2020 a\u00a0zapojili ste sa do S\u00fa\u0165a\u017e\u00edme s\u00a0m\u00fazeom,\u00a0 mali ste ve\u013ek\u00fa \u0161ancu vyhra\u0165 atrakt\u00edvne ceny. D\u0148a 1. apr\u00edla 2020 sme vy\u017erebovali \u00a011 \u0161\u0165astlivcov, ktor\u00ed z\u00edskaj\u00fa druh\u00e9 roz\u0161\u00edren\u00e9 vydanie monografie Budat\u00ednsky hrad \u010di vstupenky do expoz\u00edci\u00ed a\u00a0na podujatia\u00a0 Pova\u017esk\u00e9ho m\u00fazea v\u00a0\u017diline. Kv\u00f4li aktu\u00e1lnej situ\u00e1cii a\u00a0obmedzeniam spojen\u00fdm so \u0161\u00edren\u00edm [&hellip;]<\/p>\n","protected":false},"author":2,"featured_media":37856,"comment_status":"closed","ping_status":"closed","sticky":false,"template":"","format":"standard","meta":{"site-sidebar-layout":"default","site-content-layout":"","ast-site-content-layout":"","site-content-style":"default","site-sidebar-style":"default","ast-global-header-display":"","ast-banner-title-visibility":"","ast-main-header-display":"","ast-hfb-above-header-display":"","ast-hfb-below-header-display":"","ast-hfb-mobile-header-display":"","site-post-title":"","ast-breadcrumbs-content":"","ast-featured-img":"","footer-sml-layout":"","theme-transparent-header-meta":"","adv-header-id-meta":"","stick-header-meta":"","header-above-stick-meta":"","header-main-stick-meta":"","header-below-stick-meta":"","astra-migrate-meta-layouts":"default","ast-page-background-enabled":"default","ast-page-background-meta":{"desktop":{"background-color":"var(--ast-global-color-4)","background-image":"","background-repeat":"repeat","background-position":"center center","background-size":"auto","background-attachment":"scroll","background-type":"","background-media":"","overlay-type":"","overlay-color":"","overlay-opacity":"","overlay-gradient":""},"tablet":{"background-color":"","background-image":"","background-repeat":"repeat","background-position":"center center","background-size":"auto","background-attachment":"scroll","background-type":"","background-media":"","overlay-type":"","overlay-color":"","overlay-opacity":"","overlay-gradient":""},"mobile":{"background-color":"","background-image":"","background-repeat":"repeat","background-position":"center center","background-size":"auto","background-attachment":"scroll","background-type":"","background-media":"","overlay-type":"","overlay-color":"","overlay-opacity":"","overlay-gradient":""}},"ast-content-background-meta":{"desktop":{"background-color":"var(--ast-global-color-5)","background-image":"","background-repeat":"repeat","background-position":"center center","background-size":"auto","background-attachment":"scroll","background-type":"","background-media":"","overlay-type":"","overlay-color":"","overlay-opacity":"","overlay-gradient":""},"tablet":{"background-color":"var(--ast-global-color-5)","background-image":"","background-repeat":"repeat","background-position":"center center","background-size":"auto","background-attachment":"scroll","background-type":"","background-media":"","overlay-type":"","overlay-color":"","overlay-opacity":"","overlay-gradient":""},"mobile":{"background-color":"var(--ast-global-color-5)","background-image":"","background-repeat":"repeat","background-position":"center center","background-size":"auto","background-attachment":"scroll","background-type":"","background-media":"","overlay-type":"","overlay-color":"","overlay-opacity":"","overlay-gradient":""}},"footnotes":""},"categories":[31],"tags":[],"class_list":["post-38914","post","type-post","status-publish","format-standard","has-post-thumbnail","hentry","category-aktuality"],"yoast_head":"<!-- This site is optimized with the Yoast SEO plugin v27.4 - https:\/\/yoast.com\/product\/yoast-seo-wordpress\/ -->\n<title>S\u00fa\u0165a\u017e\u00edme s m\u00fazeom - vyhodnotenie - Pova\u017esk\u00e9 m\u00fazeum<\/title>\n<meta name=\"robots\" content=\"index, follow, max-snippet:-1, max-image-preview:large, max-video-preview:-1\" \/>\n<link rel=\"canonical\" href=\"https:\/\/pmza.sk\/?p=38914\" \/>\n<meta property=\"og:locale\" content=\"sk_SK\" \/>\n<meta property=\"og:type\" content=\"article\" \/>\n<meta property=\"og:title\" content=\"S\u00fa\u0165a\u017e\u00edme s m\u00fazeom - vyhodnotenie - Pova\u017esk\u00e9 m\u00fazeum\" \/>\n<meta property=\"og:description\" content=\"Ak ste nav\u0161t\u00edvili Budat\u00ednsky hrad od janu\u00e1ra do marca 2020 a\u00a0zapojili ste sa do S\u00fa\u0165a\u017e\u00edme s\u00a0m\u00fazeom,\u00a0 mali ste ve\u013ek\u00fa \u0161ancu vyhra\u0165 atrakt\u00edvne ceny. D\u0148a 1. apr\u00edla 2020 sme vy\u017erebovali \u00a011 \u0161\u0165astlivcov, ktor\u00ed z\u00edskaj\u00fa druh\u00e9 roz\u0161\u00edren\u00e9 vydanie monografie Budat\u00ednsky hrad \u010di vstupenky do expoz\u00edci\u00ed a\u00a0na podujatia\u00a0 Pova\u017esk\u00e9ho m\u00fazea v\u00a0\u017diline. Kv\u00f4li aktu\u00e1lnej situ\u00e1cii a\u00a0obmedzeniam spojen\u00fdm so \u0161\u00edren\u00edm [&hellip;]\" \/>\n<meta property=\"og:url\" content=\"https:\/\/pmza.sk\/?p=38914\" \/>\n<meta property=\"og:site_name\" content=\"Pova\u017esk\u00e9 m\u00fazeum\" \/>\n<meta property=\"article:publisher\" content=\"https:\/\/www.facebook.com\/povazskemuzeum\" \/>\n<meta property=\"article:published_time\" content=\"2020-04-01T08:53:12+00:00\" \/>\n<meta property=\"og:image\" content=\"https:\/\/pmza.sk\/wp-content\/uploads\/2019\/12\/01_sutazime_smuzeom_www.jpg\" \/>\n\t<meta property=\"og:image:width\" content=\"800\" \/>\n\t<meta property=\"og:image:height\" content=\"566\" \/>\n\t<meta property=\"og:image:type\" content=\"image\/jpeg\" \/>\n<meta name=\"author\" content=\"Pova\u017esk\u00e9 m\u00fazeum\" \/>\n<meta name=\"twitter:card\" content=\"summary_large_image\" \/>\n<meta name=\"twitter:label1\" content=\"Autor\" \/>\n\t<meta name=\"twitter:data1\" content=\"Pova\u017esk\u00e9 m\u00fazeum\" \/>\n\t<meta name=\"twitter:label2\" content=\"Predpokladan\u00fd \u010das \u010d\u00edtania\" \/>\n\t<meta name=\"twitter:data2\" content=\"2 min\u00faty\" \/>\n<script type=\"application\/ld+json\" class=\"yoast-schema-graph\">{\"@context\":\"https:\\\/\\\/schema.org\",\"@graph\":[{\"@type\":\"Article\",\"@id\":\"https:\\\/\\\/pmza.sk\\\/?p=38914#article\",\"isPartOf\":{\"@id\":\"https:\\\/\\\/pmza.sk\\\/?p=38914\"},\"author\":{\"name\":\"Pova\u017esk\u00e9 m\u00fazeum\",\"@id\":\"https:\\\/\\\/pmza.sk\\\/#\\\/schema\\\/person\\\/595e6a2ce731ea94dcd5d7f50a41ae33\"},\"headline\":\"S\u00fa\u0165a\u017e\u00edme s m\u00fazeom &#8211; vyhodnotenie\",\"datePublished\":\"2020-04-01T08:53:12+00:00\",\"mainEntityOfPage\":{\"@id\":\"https:\\\/\\\/pmza.sk\\\/?p=38914\"},\"wordCount\":400,\"publisher\":{\"@id\":\"https:\\\/\\\/pmza.sk\\\/#organization\"},\"image\":{\"@id\":\"https:\\\/\\\/pmza.sk\\\/?p=38914#primaryimage\"},\"thumbnailUrl\":\"https:\\\/\\\/pmza.sk\\\/wp-content\\\/uploads\\\/2019\\\/12\\\/01_sutazime_smuzeom_www.jpg\",\"articleSection\":[\"Aktuality\"],\"inLanguage\":\"sk-SK\"},{\"@type\":\"WebPage\",\"@id\":\"https:\\\/\\\/pmza.sk\\\/?p=38914\",\"url\":\"https:\\\/\\\/pmza.sk\\\/?p=38914\",\"name\":\"S\u00fa\u0165a\u017e\u00edme s m\u00fazeom - vyhodnotenie - Pova\u017esk\u00e9 m\u00fazeum\",\"isPartOf\":{\"@id\":\"https:\\\/\\\/pmza.sk\\\/#website\"},\"primaryImageOfPage\":{\"@id\":\"https:\\\/\\\/pmza.sk\\\/?p=38914#primaryimage\"},\"image\":{\"@id\":\"https:\\\/\\\/pmza.sk\\\/?p=38914#primaryimage\"},\"thumbnailUrl\":\"https:\\\/\\\/pmza.sk\\\/wp-content\\\/uploads\\\/2019\\\/12\\\/01_sutazime_smuzeom_www.jpg\",\"datePublished\":\"2020-04-01T08:53:12+00:00\",\"breadcrumb\":{\"@id\":\"https:\\\/\\\/pmza.sk\\\/?p=38914#breadcrumb\"},\"inLanguage\":\"sk-SK\",\"potentialAction\":[{\"@type\":\"ReadAction\",\"target\":[\"https:\\\/\\\/pmza.sk\\\/?p=38914\"]}]},{\"@type\":\"ImageObject\",\"inLanguage\":\"sk-SK\",\"@id\":\"https:\\\/\\\/pmza.sk\\\/?p=38914#primaryimage\",\"url\":\"https:\\\/\\\/pmza.sk\\\/wp-content\\\/uploads\\\/2019\\\/12\\\/01_sutazime_smuzeom_www.jpg\",\"contentUrl\":\"https:\\\/\\\/pmza.sk\\\/wp-content\\\/uploads\\\/2019\\\/12\\\/01_sutazime_smuzeom_www.jpg\",\"width\":800,\"height\":566},{\"@type\":\"BreadcrumbList\",\"@id\":\"https:\\\/\\\/pmza.sk\\\/?p=38914#breadcrumb\",\"itemListElement\":[{\"@type\":\"ListItem\",\"position\":1,\"name\":\"Domovsk\u00e1 str\u00e1nka\",\"item\":\"https:\\\/\\\/pmza.sk\\\/\"},{\"@type\":\"ListItem\",\"position\":2,\"name\":\"S\u00fa\u0165a\u017e\u00edme s m\u00fazeom &#8211; vyhodnotenie\"}]},{\"@type\":\"WebSite\",\"@id\":\"https:\\\/\\\/pmza.sk\\\/#website\",\"url\":\"https:\\\/\\\/pmza.sk\\\/\",\"name\":\"Pova\u017esk\u00e9 m\u00fazeum\",\"description\":\"Pova\u017esk\u00e9 m\u00fazeum v \u017diline je region\u00e1lne m\u00fazeum so s\u00eddlom v Budat\u00edne. Jeho expoz\u00edcie s\u00fa zameran\u00e9 na dejiny slovensk\u00e9ho umenia, kult\u00fary a dopravy.\",\"publisher\":{\"@id\":\"https:\\\/\\\/pmza.sk\\\/#organization\"},\"potentialAction\":[{\"@type\":\"SearchAction\",\"target\":{\"@type\":\"EntryPoint\",\"urlTemplate\":\"https:\\\/\\\/pmza.sk\\\/?s={search_term_string}\"},\"query-input\":{\"@type\":\"PropertyValueSpecification\",\"valueRequired\":true,\"valueName\":\"search_term_string\"}}],\"inLanguage\":\"sk-SK\"},{\"@type\":\"Organization\",\"@id\":\"https:\\\/\\\/pmza.sk\\\/#organization\",\"name\":\"Pova\u017esk\u00e9 m\u00fazeum\",\"url\":\"https:\\\/\\\/pmza.sk\\\/\",\"logo\":{\"@type\":\"ImageObject\",\"inLanguage\":\"sk-SK\",\"@id\":\"https:\\\/\\\/pmza.sk\\\/#\\\/schema\\\/logo\\\/image\\\/\",\"url\":\"https:\\\/\\\/pmza.sk\\\/wp-content\\\/uploads\\\/2022\\\/01\\\/logo_PM_horizontal.jpg\",\"contentUrl\":\"https:\\\/\\\/pmza.sk\\\/wp-content\\\/uploads\\\/2022\\\/01\\\/logo_PM_horizontal.jpg\",\"width\":231,\"height\":142,\"caption\":\"Pova\u017esk\u00e9 m\u00fazeum\"},\"image\":{\"@id\":\"https:\\\/\\\/pmza.sk\\\/#\\\/schema\\\/logo\\\/image\\\/\"},\"sameAs\":[\"https:\\\/\\\/www.facebook.com\\\/povazskemuzeum\",\"https:\\\/\\\/www.instagram.com\\\/povazskemuzeum\\\/\"]},{\"@type\":\"Person\",\"@id\":\"https:\\\/\\\/pmza.sk\\\/#\\\/schema\\\/person\\\/595e6a2ce731ea94dcd5d7f50a41ae33\",\"name\":\"Pova\u017esk\u00e9 m\u00fazeum\",\"image\":{\"@type\":\"ImageObject\",\"inLanguage\":\"sk-SK\",\"@id\":\"https:\\\/\\\/secure.gravatar.com\\\/avatar\\\/2bb7f1561282132fb5826dfeccc66c7996d11ee392ac6aaf7ced8a1c2027fbb2?s=96&d=mm&r=g\",\"url\":\"https:\\\/\\\/secure.gravatar.com\\\/avatar\\\/2bb7f1561282132fb5826dfeccc66c7996d11ee392ac6aaf7ced8a1c2027fbb2?s=96&d=mm&r=g\",\"contentUrl\":\"https:\\\/\\\/secure.gravatar.com\\\/avatar\\\/2bb7f1561282132fb5826dfeccc66c7996d11ee392ac6aaf7ced8a1c2027fbb2?s=96&d=mm&r=g\",\"caption\":\"Pova\u017esk\u00e9 m\u00fazeum\"}}]}<\/script>\n<!-- \/ Yoast SEO plugin. -->","yoast_head_json":{"title":"S\u00fa\u0165a\u017e\u00edme s m\u00fazeom - vyhodnotenie - Pova\u017esk\u00e9 m\u00fazeum","robots":{"index":"index","follow":"follow","max-snippet":"max-snippet:-1","max-image-preview":"max-image-preview:large","max-video-preview":"max-video-preview:-1"},"canonical":"https:\/\/pmza.sk\/?p=38914","og_locale":"sk_SK","og_type":"article","og_title":"S\u00fa\u0165a\u017e\u00edme s m\u00fazeom - vyhodnotenie - Pova\u017esk\u00e9 m\u00fazeum","og_description":"Ak ste nav\u0161t\u00edvili Budat\u00ednsky hrad od janu\u00e1ra do marca 2020 a\u00a0zapojili ste sa do S\u00fa\u0165a\u017e\u00edme s\u00a0m\u00fazeom,\u00a0 mali ste ve\u013ek\u00fa \u0161ancu vyhra\u0165 atrakt\u00edvne ceny. D\u0148a 1. apr\u00edla 2020 sme vy\u017erebovali \u00a011 \u0161\u0165astlivcov, ktor\u00ed z\u00edskaj\u00fa druh\u00e9 roz\u0161\u00edren\u00e9 vydanie monografie Budat\u00ednsky hrad \u010di vstupenky do expoz\u00edci\u00ed a\u00a0na podujatia\u00a0 Pova\u017esk\u00e9ho m\u00fazea v\u00a0\u017diline. Kv\u00f4li aktu\u00e1lnej situ\u00e1cii a\u00a0obmedzeniam spojen\u00fdm so \u0161\u00edren\u00edm [&hellip;]","og_url":"https:\/\/pmza.sk\/?p=38914","og_site_name":"Pova\u017esk\u00e9 m\u00fazeum","article_publisher":"https:\/\/www.facebook.com\/povazskemuzeum","article_published_time":"2020-04-01T08:53:12+00:00","og_image":[{"width":800,"height":566,"url":"https:\/\/pmza.sk\/wp-content\/uploads\/2019\/12\/01_sutazime_smuzeom_www.jpg","type":"image\/jpeg"}],"author":"Pova\u017esk\u00e9 m\u00fazeum","twitter_card":"summary_large_image","twitter_misc":{"Autor":"Pova\u017esk\u00e9 m\u00fazeum","Predpokladan\u00fd \u010das \u010d\u00edtania":"2 min\u00faty"},"schema":{"@context":"https:\/\/schema.org","@graph":[{"@type":"Article","@id":"https:\/\/pmza.sk\/?p=38914#article","isPartOf":{"@id":"https:\/\/pmza.sk\/?p=38914"},"author":{"name":"Pova\u017esk\u00e9 m\u00fazeum","@id":"https:\/\/pmza.sk\/#\/schema\/person\/595e6a2ce731ea94dcd5d7f50a41ae33"},"headline":"S\u00fa\u0165a\u017e\u00edme s m\u00fazeom &#8211; vyhodnotenie","datePublished":"2020-04-01T08:53:12+00:00","mainEntityOfPage":{"@id":"https:\/\/pmza.sk\/?p=38914"},"wordCount":400,"publisher":{"@id":"https:\/\/pmza.sk\/#organization"},"image":{"@id":"https:\/\/pmza.sk\/?p=38914#primaryimage"},"thumbnailUrl":"https:\/\/pmza.sk\/wp-content\/uploads\/2019\/12\/01_sutazime_smuzeom_www.jpg","articleSection":["Aktuality"],"inLanguage":"sk-SK"},{"@type":"WebPage","@id":"https:\/\/pmza.sk\/?p=38914","url":"https:\/\/pmza.sk\/?p=38914","name":"S\u00fa\u0165a\u017e\u00edme s m\u00fazeom - vyhodnotenie - Pova\u017esk\u00e9 m\u00fazeum","isPartOf":{"@id":"https:\/\/pmza.sk\/#website"},"primaryImageOfPage":{"@id":"https:\/\/pmza.sk\/?p=38914#primaryimage"},"image":{"@id":"https:\/\/pmza.sk\/?p=38914#primaryimage"},"thumbnailUrl":"https:\/\/pmza.sk\/wp-content\/uploads\/2019\/12\/01_sutazime_smuzeom_www.jpg","datePublished":"2020-04-01T08:53:12+00:00","breadcrumb":{"@id":"https:\/\/pmza.sk\/?p=38914#breadcrumb"},"inLanguage":"sk-SK","potentialAction":[{"@type":"ReadAction","target":["https:\/\/pmza.sk\/?p=38914"]}]},{"@type":"ImageObject","inLanguage":"sk-SK","@id":"https:\/\/pmza.sk\/?p=38914#primaryimage","url":"https:\/\/pmza.sk\/wp-content\/uploads\/2019\/12\/01_sutazime_smuzeom_www.jpg","contentUrl":"https:\/\/pmza.sk\/wp-content\/uploads\/2019\/12\/01_sutazime_smuzeom_www.jpg","width":800,"height":566},{"@type":"BreadcrumbList","@id":"https:\/\/pmza.sk\/?p=38914#breadcrumb","itemListElement":[{"@type":"ListItem","position":1,"name":"Domovsk\u00e1 str\u00e1nka","item":"https:\/\/pmza.sk\/"},{"@type":"ListItem","position":2,"name":"S\u00fa\u0165a\u017e\u00edme s m\u00fazeom &#8211; vyhodnotenie"}]},{"@type":"WebSite","@id":"https:\/\/pmza.sk\/#website","url":"https:\/\/pmza.sk\/","name":"Pova\u017esk\u00e9 m\u00fazeum","description":"Pova\u017esk\u00e9 m\u00fazeum v \u017diline je region\u00e1lne m\u00fazeum so s\u00eddlom v Budat\u00edne. Jeho expoz\u00edcie s\u00fa zameran\u00e9 na dejiny slovensk\u00e9ho umenia, kult\u00fary a dopravy.","publisher":{"@id":"https:\/\/pmza.sk\/#organization"},"potentialAction":[{"@type":"SearchAction","target":{"@type":"EntryPoint","urlTemplate":"https:\/\/pmza.sk\/?s={search_term_string}"},"query-input":{"@type":"PropertyValueSpecification","valueRequired":true,"valueName":"search_term_string"}}],"inLanguage":"sk-SK"},{"@type":"Organization","@id":"https:\/\/pmza.sk\/#organization","name":"Pova\u017esk\u00e9 m\u00fazeum","url":"https:\/\/pmza.sk\/","logo":{"@type":"ImageObject","inLanguage":"sk-SK","@id":"https:\/\/pmza.sk\/#\/schema\/logo\/image\/","url":"https:\/\/pmza.sk\/wp-content\/uploads\/2022\/01\/logo_PM_horizontal.jpg","contentUrl":"https:\/\/pmza.sk\/wp-content\/uploads\/2022\/01\/logo_PM_horizontal.jpg","width":231,"height":142,"caption":"Pova\u017esk\u00e9 m\u00fazeum"},"image":{"@id":"https:\/\/pmza.sk\/#\/schema\/logo\/image\/"},"sameAs":["https:\/\/www.facebook.com\/povazskemuzeum","https:\/\/www.instagram.com\/povazskemuzeum\/"]},{"@type":"Person","@id":"https:\/\/pmza.sk\/#\/schema\/person\/595e6a2ce731ea94dcd5d7f50a41ae33","name":"Pova\u017esk\u00e9 m\u00fazeum","image":{"@type":"ImageObject","inLanguage":"sk-SK","@id":"https:\/\/secure.gravatar.com\/avatar\/2bb7f1561282132fb5826dfeccc66c7996d11ee392ac6aaf7ced8a1c2027fbb2?s=96&d=mm&r=g","url":"https:\/\/secure.gravatar.com\/avatar\/2bb7f1561282132fb5826dfeccc66c7996d11ee392ac6aaf7ced8a1c2027fbb2?s=96&d=mm&r=g","contentUrl":"https:\/\/secure.gravatar.com\/avatar\/2bb7f1561282132fb5826dfeccc66c7996d11ee392ac6aaf7ced8a1c2027fbb2?s=96&d=mm&r=g","caption":"Pova\u017esk\u00e9 m\u00fazeum"}}]}},"_links":{"self":[{"href":"https:\/\/pmza.sk\/index.php?rest_route=\/wp\/v2\/posts\/38914","targetHints":{"allow":["GET"]}}],"collection":[{"href":"https:\/\/pmza.sk\/index.php?rest_route=\/wp\/v2\/posts"}],"about":[{"href":"https:\/\/pmza.sk\/index.php?rest_route=\/wp\/v2\/types\/post"}],"author":[{"embeddable":true,"href":"https:\/\/pmza.sk\/index.php?rest_route=\/wp\/v2\/users\/2"}],"replies":[{"embeddable":true,"href":"https:\/\/pmza.sk\/index.php?rest_route=%2Fwp%2Fv2%2Fcomments&post=38914"}],"version-history":[{"count":0,"href":"https:\/\/pmza.sk\/index.php?rest_route=\/wp\/v2\/posts\/38914\/revisions"}],"wp:featuredmedia":[{"embeddable":true,"href":"https:\/\/pmza.sk\/index.php?rest_route=\/wp\/v2\/media\/37856"}],"wp:attachment":[{"href":"https:\/\/pmza.sk\/index.php?rest_route=%2Fwp%2Fv2%2Fmedia&parent=38914"}],"wp:term":[{"taxonomy":"category","embeddable":true,"href":"https:\/\/pmza.sk\/index.php?rest_route=%2Fwp%2Fv2%2Fcategories&post=38914"},{"taxonomy":"post_tag","embeddable":true,"href":"https:\/\/pmza.sk\/index.php?rest_route=%2Fwp%2Fv2%2Ftags&post=38914"}],"curies":[{"name":"wp","href":"https:\/\/api.w.org\/{rel}","templated":true}]}}