{"id":38984,"date":"2020-04-06T09:21:38","date_gmt":"2020-04-06T07:21:38","guid":{"rendered":"https:\/\/pmza.sk\/?p=38984"},"modified":"2020-04-06T09:21:38","modified_gmt":"2020-04-06T07:21:38","slug":"velkonocne-zvyky","status":"publish","type":"post","link":"https:\/\/pmza.sk\/?p=38984","title":{"rendered":"Ve\u013ekono\u010dn\u00e9 zvyky"},"content":{"rendered":"<p>Ve\u013ekono\u010dn\u00e9 obdobie so svojimi zvykmi patr\u00ed ku jarn\u00fdm kalend\u00e1rnym oby\u010dajom.<\/p>\n<p>T\u00fd\u017ede\u0148 pred Ve\u013ekou nocou, naz\u00fdvan\u00fd aj Ve\u013ek\u00fd alebo Ve\u013ekono\u010dn\u00fd t\u00fd\u017ede\u0148, za\u010d\u00edna <strong>Kvetnou nede\u013eou.<\/strong> Po\u010das tohto d\u0148a je zvykom sv\u00e4ti\u0165 pri bohoslu\u017eb\u00e1ch v\u0155bov\u00e9 pr\u00faty \u2013 bahniatka. Veriaci si ich nosia domov a sl\u00fa\u017eia im ako ochrana domu. Sv\u00e4tenie bahniatok sa vysvet\u013euje pod\u013ea toho, \u017ee v tento de\u0148 vst\u00fapil Je\u017ei\u0161 Kristus do Jeruzalema v\u00edtan\u00fd palmov\u00fdmi listami. S Kvetnou nede\u013eou sa sp\u00e1jalo mno\u017estvo poverov\u00fdch predst\u00e1v, napr\u00edklad, \u017ee sa otv\u00e1ra zem alebo ke\u010f matka prinesie mal\u00e9 die\u0165a do kostola, za\u010dne sk\u00f4r hovori\u0165. V tento de\u0148 sa jedli najm\u00e4 cestoviny posypan\u00e9 makom, aby nar\u00e1stli dlh\u00e9 klasy s mno\u017estvom zrna.<\/p>\n<p>Term\u00edn sl\u00e1venia Ve\u013ekej noci je pohybliv\u00fd, z\u00e1vis\u00ed od lun\u00e1rneho cyklu. Ve\u013ekono\u010dn\u00e1 nede\u013ea je prvou nede\u013eou po splne Mesiaca, ktor\u00fd nasleduje po dni jarnej rovnodennosti. Pre kres\u0165anov je to najd\u00f4le\u017eitej\u0161\u00ed sviatok cirkevn\u00e9ho roka, kedy sl\u00e1via zm\u0155tvychvstanie Je\u017ei\u0161a Krista. V tradi\u010dnej kult\u00fare sa s Ve\u013ekou nocou sp\u00e1jali aj zvyky spojen\u00e9 so za\u010diatkom jari a po\u013enohospod\u00e1rskych pr\u00e1c.<\/p>\n<p><strong>Sviatky Ve\u013ekej noci <\/strong><\/p>\n<p>Posledn\u00e9 dni ve\u013ekono\u010dn\u00e9ho alebo aj Ve\u013ek\u00e9ho t\u00fd\u017ed\u0148a mali d\u00f4le\u017eit\u00fa funkciu.<\/p>\n<p><strong>Zelen\u00fd \u0161tvrtok<\/strong> je ch\u00e1pan\u00fd ako spomienka na sl\u00e1venie poslednej ve\u010dere Je\u017ei\u0161a a apo\u0161tolov. Ozna\u010denie \u201ezelen\u00fd\u201c m\u00e1 pod\u013ea Getsemanskej z\u00e1hrady, kde sa Je\u017ei\u0161 modlil. Druh\u00e9 vysvetlenie hovor\u00ed, \u017ee n\u00e1zov poch\u00e1dza z germ\u00e1nskeho slova greinen \u2013 narieka\u0165. V starej cirkvi sa toti\u017e v tento de\u0148 konalo zmierenie kaj\u00facnikov. Po\u010das sl\u00e1venia om\u0161e sa \u201ezaviazali zvony\u201c a a\u017e do Bielej soboty sa pou\u017e\u00edvali rapk\u00e1\u010de. Niekedy sa s nimi chodilo po dedine, aby hlukom odstra\u0161ili zl\u00e9 sily. Mno\u017estvo \u00fakonov sa t\u00fdkalo zabezpe\u010denia zdravia \u013eud\u00ed a zvierat. Um\u00fdvanie sa v potoku pred v\u00fdchodom Slnka malo prinies\u0165 \u010dloveku zdravie, kr\u00e1su a silu. Chlapcom na Zelen\u00fd \u0161tvrtok strihali vlasy, aby ich mali pekn\u00e9, hust\u00e9 a aby im skoro ne\u0161ediveli. S\u00fa\u010das\u0165ou d\u0148a bolo varenie p\u00f4stnych zeleninov\u00fdch zelen\u00fdch jed\u00e1l \u2013 \u0161pen\u00e1t, \u0161\u0165avel, \u017eih\u013eava.<\/p>\n<p><strong>Ve\u013ek\u00fd piatok<\/strong> je sm\u00fato\u010dn\u00fdm d\u0148om ve\u013ekono\u010dn\u00e9ho t\u00fd\u017ed\u0148a, kedy sa sl\u00e1vi ukri\u017eovanie Je\u017ei\u0161a Krista. V \u013eudovej kult\u00fare sa v tento de\u0148 konali oby\u010daje, ktor\u00e9 nadv\u00e4zovali na oby\u010daje Zelen\u00e9ho \u0161tvrtka. Diev\u010dat\u00e1 si pri potoku pod v\u0155bami \u010desali vlasy, aby ich mali hust\u00e9 a dlh\u00e9. Kto sa chcel zbavi\u0165 chor\u00f4b mal sko\u010di\u0165 do potoka, aby sa choroba na\u013eakala a u\u0161la. V tento de\u0148 sa pod\u013ea predst\u00e1v \u013eud\u00ed \u013eah\u0161ie a r\u00fdchlej\u0161ie hoja rany. Gazdovia preto zna\u010dkovali zvierat\u00e1 \u010di kastrovali baranov. Ak sa nedodr\u017eiaval \u00fapln\u00fd p\u00f4st, pripravovali sa len p\u00f4stne jedl\u00e1 \u2013 strukoviny, zemiakov\u00e9 \u0161\u00fa\u013eance s makom. Konzumovali sa aj \u00faden\u00e9 ryby, zemiaky a voda z kyslej kapusty.<\/p>\n<p><strong>Biela sobota \u00a0<\/strong>je cirkevn\u00fdm sviatkom a sm\u00fato\u010dn\u00fdm d\u0148om. N\u00e1zov dostala pod\u013ea bielej farby r\u00facha, ktor\u00e9 sa v tento de\u0148 odovzd\u00e1va dospel\u00fdm, ktor\u00ed sa obr\u00e1tili na kres\u0165ansk\u00fa vieru. Katechumeni, ako sa im hovor\u00ed, prij\u00edmaj\u00fa na Bielu sobotu hne\u010f tri sviatosti \u2013 krst, prv\u00e9 sv\u00e4t\u00e9 prij\u00edmanie aj birmovku. Cirkevn\u00e9 obrady sa na Bielu sobotu za\u010d\u00ednali a\u017e po zotmen\u00ed. D\u00f4le\u017eit\u00fdm \u00fakonom bolo rozv\u00e4zovanie zvonov a pr\u00edprava na oslavu zm\u0155tvychvstania Je\u017ei\u0161a Krista. Pred kostolom sa p\u00e1lil ohe\u0148, kde sa spa\u013eovali zvy\u0161ky posv\u00e4tn\u00fdch predmetov \u2013 star\u00e9ho pa\u0161k\u00e1lu a oleja. Ohe\u0148 bol posv\u00e4ten\u00fd k\u0148azom a zapa\u013eovala sa n\u00edm hlavn\u00e1 svie\u010dka pa\u0161k\u00e1l. Uhl\u00edkom z pahreby kedysi \u013eudia pripisovali magick\u00e9 vlastnosti \u2013 vraj dok\u00e1\u017eu ochr\u00e1ni\u0165 dom pred po\u017eiarom a d\u00e1vali sa aj na polia. Bohat\u00fa \u00farodu ovocia malo zabezpe\u010di\u0165 trasenie stromov. Pripravovali sa obradov\u00e9 jedl\u00e1, ktor\u00e9 sa na druh\u00fd de\u0148 sv\u00e4tili \u2013 \u0161unka, klob\u00e1sa, vaj\u00ed\u010dka.<\/p>\n<p><strong>Ve\u013ekono\u010dn\u00e1 nede\u013ea <\/strong>\u00a0je vyvrcholen\u00edm ve\u013ekono\u010dn\u00e9ho t\u00fd\u017ed\u0148a a Ve\u013ekej noci. V tento de\u0148 je ukon\u010denie ve\u013ek\u00e9ho 40-d\u0148ov\u00e9ho p\u00f4stu. Na rann\u00fa om\u0161u sa nosili sv\u00e4ti\u0165 jedl\u00e1. Najv\u00fdznamnej\u0161\u00edm jedlom boli vaj\u00ed\u010dka. Hojnos\u0165 jed\u00e1l mala zabezpe\u010di\u0165 s\u00fdtos\u0165 v\u0161etk\u00fdch \u010dlenov rodiny po cel\u00fd rok. Obradn\u00e1 bola konzum\u00e1cia prv\u00e9ho vaj\u00ed\u010dka, ktor\u00e9 sa rozdelilo medzi v\u0161etk\u00fdch \u010dlenov rodiny, aby na seba nezabudli\u00a0 a aby sa zabezpe\u010dila ich s\u00fadr\u017enos\u0165. Ve\u013ek\u00fd v\u00fdznam \u013eudia pripisovali n\u00e1vratu z nede\u013enej bohoslu\u017eby \u2013 kto vraj prv\u00fd dobehne domov, tomu prv\u00e9mu dozrie \u00faroda a ako prv\u00fd skon\u010d\u00ed s pr\u00e1cami na poli. \u017deny a diev\u010dat\u00e1 po\u010das nedele zdobili vaj\u00ed\u010dka a ml\u00e1denci z v\u0155bov\u00fdch pr\u00fatov plietli korb\u00e1\u010de.<\/p>\n<p><strong>Ve\u013ekono\u010dn\u00fd pondelok <\/strong>\u00a0je posledn\u00fdm d\u0148om sviatkov Ve\u013ekej noci. V tradi\u010dnej \u013eudovej kult\u00fare sa s n\u00edm sp\u00e1jaj\u00fa oby\u010daje \u0161ibania a oblievania diev\u010dat a \u017eien ve\u013ekono\u010dn\u00fdm korb\u00e1\u010dom. Tento korb\u00e1\u010d je upleten\u00fd z \u010derstv\u00fdch, naj\u010dastej\u0161ie v\u0155bov\u00fdch pr\u00fatov. K\u00fapa\u010dky a \u0161iba\u010dky za\u010d\u00ednali kedysi hne\u010f po polnoci alebo skoro r\u00e1no. Skupinky ml\u00e1dencov chodili po dedine a nav\u0161tevovali domy, kde mali dospel\u00e9 dievky. Diev\u010dat\u00e1 sa d\u00e1vali \u0161iba\u0165, lebo sa verilo, \u017ee im to zabezpe\u010d\u00ed kr\u00e1su a zdravie. V dom\u00e1cnosti \u0161iba\u010dom za odmenu pon\u00fakli vaj\u00ed\u010dka, kol\u00e1\u010de, v\u00edno alebo p\u00e1lenku. Surov\u00e9 vaj\u00ed\u010dka boli odmenou dospelej ml\u00e1de\u017ee a symbolizovali plodnos\u0165. Ve\u010der usporiadali ml\u00e1denci z\u00e1bavu, na ktor\u00fa pozvali aj dospel\u00e9 diev\u010dat\u00e1. Men\u0161\u00ed chlapci chodili na \u0161iba\u010dku doobeda a odmenou im boli kraslice a cukrovinky, v s\u00fa\u010dasnosti s\u00fa to aj peniaze.<\/p>\n<p><strong>Zbierkov\u00fd predmet z\u00a0m\u00fazea <\/strong><\/p>\n<p>Pova\u017esk\u00e9 m\u00fazeum v \u017diline pripravilo vo ve\u013ekono\u010dnom obdob\u00ed zbierkov\u00fd predmet mesiaca apr\u00edl tematicky zameran\u00fd na ve\u013ekono\u010dn\u00e9 obdobie. S\u00fa n\u00edm <strong>dreven\u00e9 strieka\u010de a korb\u00e1\u010d.<\/strong>Ve\u013ekono\u010dn\u00fd pondelok sa nezaobi\u0161iel bez \u0161iba\u010dky a oblieva\u010dky. Nebolo tomu inak ani v obci Divinka, odkia\u013e vystaven\u00e9 zbierkov\u00e9 predmety poch\u00e1dzaj\u00fa. Korb\u00e1\u010d je upleten\u00fd z v\u0155bov\u00e9ho pr\u00fatia s ozdobne vypletanou r\u00fa\u010dkou. Dreven\u00e9 strieka\u010de s\u00fa z bazov\u00e9ho dreva.Voda a oblievanie bolo prostriedkom o\u010disty \u010dloveka. Aj po\u010das ve\u013ekono\u010dn\u00e9ho t\u00fd\u017ed\u0148a sa \u013eudia d\u00f4kladne um\u00fdvali. Ve\u013ekono\u010dn\u00e1 oblieva\u010dka mala prinies\u0165 zdravie a kr\u00e1su. Zele\u0148 mlad\u00fdch pr\u00fatikov vo forme ve\u013ekono\u010dn\u00fdch korb\u00e1\u010dov symbolizovala silu, zdravie a svie\u017eos\u0165.<\/p>\n<p>Text: Adriana B\u00e1rdyov\u00e1, Pova\u017esk\u00e9 m\u00fazeum v\u00a0\u017diline<\/p>\n<p>Foto: arch\u00edv PMZA<\/p>\n<p><a href=\"https:\/\/pmza.sk\/aktuality\/velkonocne-zvyky\/attachment\/img_5571-2\/\" rel=\"attachment wp-att-38986\"><img fetchpriority=\"high\" decoding=\"async\" class=\"size-medium wp-image-38986 alignleft\" src=\"https:\/\/pmza.sk\/wp-content\/uploads\/2020\/04\/IMG_5571-480x360.jpg\" alt=\"\" width=\"480\" height=\"360\" srcset=\"https:\/\/pmza.sk\/wp-content\/uploads\/2020\/04\/IMG_5571-480x360.jpg 480w, https:\/\/pmza.sk\/wp-content\/uploads\/2020\/04\/IMG_5571-981x736.jpg 981w, https:\/\/pmza.sk\/wp-content\/uploads\/2020\/04\/IMG_5571-768x576.jpg 768w, https:\/\/pmza.sk\/wp-content\/uploads\/2020\/04\/IMG_5571-600x450.jpg 600w, https:\/\/pmza.sk\/wp-content\/uploads\/2020\/04\/IMG_5571.jpg 1000w\" sizes=\"(max-width: 480px) 100vw, 480px\" \/><\/a><a href=\"https:\/\/pmza.sk\/aktuality\/velkonocne-zvyky\/attachment\/img_5574\/\" rel=\"attachment wp-att-38987\"><img decoding=\"async\" class=\"size-medium wp-image-38987 alignleft\" src=\"https:\/\/pmza.sk\/wp-content\/uploads\/2020\/04\/IMG_5574-480x360.jpg\" alt=\"\" width=\"480\" height=\"360\" srcset=\"https:\/\/pmza.sk\/wp-content\/uploads\/2020\/04\/IMG_5574-480x360.jpg 480w, https:\/\/pmza.sk\/wp-content\/uploads\/2020\/04\/IMG_5574-981x736.jpg 981w, https:\/\/pmza.sk\/wp-content\/uploads\/2020\/04\/IMG_5574-768x576.jpg 768w, https:\/\/pmza.sk\/wp-content\/uploads\/2020\/04\/IMG_5574-600x450.jpg 600w, https:\/\/pmza.sk\/wp-content\/uploads\/2020\/04\/IMG_5574.jpg 1000w\" sizes=\"(max-width: 480px) 100vw, 480px\" \/><\/a><\/p>\n<p>&nbsp;<\/p>\n<p>&nbsp;<\/p>\n<p><em>\u00a0<\/em><\/p>\n","protected":false},"excerpt":{"rendered":"<p>Ve\u013ekono\u010dn\u00e9 obdobie so svojimi zvykmi patr\u00ed ku jarn\u00fdm kalend\u00e1rnym oby\u010dajom. T\u00fd\u017ede\u0148 pred Ve\u013ekou nocou, naz\u00fdvan\u00fd aj Ve\u013ek\u00fd alebo Ve\u013ekono\u010dn\u00fd t\u00fd\u017ede\u0148, za\u010d\u00edna Kvetnou nede\u013eou. Po\u010das tohto d\u0148a je zvykom sv\u00e4ti\u0165 pri bohoslu\u017eb\u00e1ch v\u0155bov\u00e9 pr\u00faty \u2013 bahniatka. Veriaci si ich nosia domov a sl\u00fa\u017eia im ako ochrana domu. Sv\u00e4tenie bahniatok sa vysvet\u013euje pod\u013ea toho, \u017ee v tento [&hellip;]<\/p>\n","protected":false},"author":2,"featured_media":38985,"comment_status":"closed","ping_status":"closed","sticky":false,"template":"","format":"standard","meta":{"site-sidebar-layout":"default","site-content-layout":"","ast-site-content-layout":"","site-content-style":"default","site-sidebar-style":"default","ast-global-header-display":"","ast-banner-title-visibility":"","ast-main-header-display":"","ast-hfb-above-header-display":"","ast-hfb-below-header-display":"","ast-hfb-mobile-header-display":"","site-post-title":"","ast-breadcrumbs-content":"","ast-featured-img":"","footer-sml-layout":"","theme-transparent-header-meta":"","adv-header-id-meta":"","stick-header-meta":"","header-above-stick-meta":"","header-main-stick-meta":"","header-below-stick-meta":"","astra-migrate-meta-layouts":"default","ast-page-background-enabled":"default","ast-page-background-meta":{"desktop":{"background-color":"var(--ast-global-color-4)","background-image":"","background-repeat":"repeat","background-position":"center center","background-size":"auto","background-attachment":"scroll","background-type":"","background-media":"","overlay-type":"","overlay-color":"","overlay-opacity":"","overlay-gradient":""},"tablet":{"background-color":"","background-image":"","background-repeat":"repeat","background-position":"center center","background-size":"auto","background-attachment":"scroll","background-type":"","background-media":"","overlay-type":"","overlay-color":"","overlay-opacity":"","overlay-gradient":""},"mobile":{"background-color":"","background-image":"","background-repeat":"repeat","background-position":"center center","background-size":"auto","background-attachment":"scroll","background-type":"","background-media":"","overlay-type":"","overlay-color":"","overlay-opacity":"","overlay-gradient":""}},"ast-content-background-meta":{"desktop":{"background-color":"var(--ast-global-color-5)","background-image":"","background-repeat":"repeat","background-position":"center center","background-size":"auto","background-attachment":"scroll","background-type":"","background-media":"","overlay-type":"","overlay-color":"","overlay-opacity":"","overlay-gradient":""},"tablet":{"background-color":"var(--ast-global-color-5)","background-image":"","background-repeat":"repeat","background-position":"center center","background-size":"auto","background-attachment":"scroll","background-type":"","background-media":"","overlay-type":"","overlay-color":"","overlay-opacity":"","overlay-gradient":""},"mobile":{"background-color":"var(--ast-global-color-5)","background-image":"","background-repeat":"repeat","background-position":"center center","background-size":"auto","background-attachment":"scroll","background-type":"","background-media":"","overlay-type":"","overlay-color":"","overlay-opacity":"","overlay-gradient":""}},"footnotes":""},"categories":[31],"tags":[],"class_list":["post-38984","post","type-post","status-publish","format-standard","has-post-thumbnail","hentry","category-aktuality"],"yoast_head":"<!-- This site is optimized with the Yoast SEO plugin v27.4 - https:\/\/yoast.com\/product\/yoast-seo-wordpress\/ -->\n<title>Ve\u013ekono\u010dn\u00e9 zvyky - Pova\u017esk\u00e9 m\u00fazeum<\/title>\n<meta name=\"robots\" content=\"index, follow, max-snippet:-1, max-image-preview:large, max-video-preview:-1\" \/>\n<link rel=\"canonical\" href=\"https:\/\/pmza.sk\/?p=38984\" \/>\n<meta property=\"og:locale\" content=\"sk_SK\" \/>\n<meta property=\"og:type\" content=\"article\" \/>\n<meta property=\"og:title\" content=\"Ve\u013ekono\u010dn\u00e9 zvyky - Pova\u017esk\u00e9 m\u00fazeum\" \/>\n<meta property=\"og:description\" content=\"Ve\u013ekono\u010dn\u00e9 obdobie so svojimi zvykmi patr\u00ed ku jarn\u00fdm kalend\u00e1rnym oby\u010dajom. T\u00fd\u017ede\u0148 pred Ve\u013ekou nocou, naz\u00fdvan\u00fd aj Ve\u013ek\u00fd alebo Ve\u013ekono\u010dn\u00fd t\u00fd\u017ede\u0148, za\u010d\u00edna Kvetnou nede\u013eou. Po\u010das tohto d\u0148a je zvykom sv\u00e4ti\u0165 pri bohoslu\u017eb\u00e1ch v\u0155bov\u00e9 pr\u00faty \u2013 bahniatka. Veriaci si ich nosia domov a sl\u00fa\u017eia im ako ochrana domu. Sv\u00e4tenie bahniatok sa vysvet\u013euje pod\u013ea toho, \u017ee v tento [&hellip;]\" \/>\n<meta property=\"og:url\" content=\"https:\/\/pmza.sk\/?p=38984\" \/>\n<meta property=\"og:site_name\" content=\"Pova\u017esk\u00e9 m\u00fazeum\" \/>\n<meta property=\"article:publisher\" content=\"https:\/\/www.facebook.com\/povazskemuzeum\" \/>\n<meta property=\"article:published_time\" content=\"2020-04-06T07:21:38+00:00\" \/>\n<meta property=\"og:image\" content=\"https:\/\/pmza.sk\/wp-content\/uploads\/2020\/04\/Em-4220.jpg\" \/>\n\t<meta property=\"og:image:width\" content=\"940\" \/>\n\t<meta property=\"og:image:height\" content=\"1000\" \/>\n\t<meta property=\"og:image:type\" content=\"image\/jpeg\" \/>\n<meta name=\"author\" content=\"Pova\u017esk\u00e9 m\u00fazeum\" \/>\n<meta name=\"twitter:card\" content=\"summary_large_image\" \/>\n<meta name=\"twitter:label1\" content=\"Autor\" \/>\n\t<meta name=\"twitter:data1\" content=\"Pova\u017esk\u00e9 m\u00fazeum\" \/>\n\t<meta name=\"twitter:label2\" content=\"Predpokladan\u00fd \u010das \u010d\u00edtania\" \/>\n\t<meta name=\"twitter:data2\" content=\"6 min\u00fat\" \/>\n<script type=\"application\/ld+json\" class=\"yoast-schema-graph\">{\"@context\":\"https:\\\/\\\/schema.org\",\"@graph\":[{\"@type\":\"Article\",\"@id\":\"https:\\\/\\\/pmza.sk\\\/?p=38984#article\",\"isPartOf\":{\"@id\":\"https:\\\/\\\/pmza.sk\\\/?p=38984\"},\"author\":{\"name\":\"Pova\u017esk\u00e9 m\u00fazeum\",\"@id\":\"https:\\\/\\\/pmza.sk\\\/#\\\/schema\\\/person\\\/595e6a2ce731ea94dcd5d7f50a41ae33\"},\"headline\":\"Ve\u013ekono\u010dn\u00e9 zvyky\",\"datePublished\":\"2020-04-06T07:21:38+00:00\",\"mainEntityOfPage\":{\"@id\":\"https:\\\/\\\/pmza.sk\\\/?p=38984\"},\"wordCount\":1195,\"publisher\":{\"@id\":\"https:\\\/\\\/pmza.sk\\\/#organization\"},\"image\":{\"@id\":\"https:\\\/\\\/pmza.sk\\\/?p=38984#primaryimage\"},\"thumbnailUrl\":\"https:\\\/\\\/pmza.sk\\\/wp-content\\\/uploads\\\/2020\\\/04\\\/Em-4220.jpg\",\"articleSection\":[\"Aktuality\"],\"inLanguage\":\"sk-SK\"},{\"@type\":\"WebPage\",\"@id\":\"https:\\\/\\\/pmza.sk\\\/?p=38984\",\"url\":\"https:\\\/\\\/pmza.sk\\\/?p=38984\",\"name\":\"Ve\u013ekono\u010dn\u00e9 zvyky - Pova\u017esk\u00e9 m\u00fazeum\",\"isPartOf\":{\"@id\":\"https:\\\/\\\/pmza.sk\\\/#website\"},\"primaryImageOfPage\":{\"@id\":\"https:\\\/\\\/pmza.sk\\\/?p=38984#primaryimage\"},\"image\":{\"@id\":\"https:\\\/\\\/pmza.sk\\\/?p=38984#primaryimage\"},\"thumbnailUrl\":\"https:\\\/\\\/pmza.sk\\\/wp-content\\\/uploads\\\/2020\\\/04\\\/Em-4220.jpg\",\"datePublished\":\"2020-04-06T07:21:38+00:00\",\"breadcrumb\":{\"@id\":\"https:\\\/\\\/pmza.sk\\\/?p=38984#breadcrumb\"},\"inLanguage\":\"sk-SK\",\"potentialAction\":[{\"@type\":\"ReadAction\",\"target\":[\"https:\\\/\\\/pmza.sk\\\/?p=38984\"]}]},{\"@type\":\"ImageObject\",\"inLanguage\":\"sk-SK\",\"@id\":\"https:\\\/\\\/pmza.sk\\\/?p=38984#primaryimage\",\"url\":\"https:\\\/\\\/pmza.sk\\\/wp-content\\\/uploads\\\/2020\\\/04\\\/Em-4220.jpg\",\"contentUrl\":\"https:\\\/\\\/pmza.sk\\\/wp-content\\\/uploads\\\/2020\\\/04\\\/Em-4220.jpg\",\"width\":940,\"height\":1000},{\"@type\":\"BreadcrumbList\",\"@id\":\"https:\\\/\\\/pmza.sk\\\/?p=38984#breadcrumb\",\"itemListElement\":[{\"@type\":\"ListItem\",\"position\":1,\"name\":\"Domovsk\u00e1 str\u00e1nka\",\"item\":\"https:\\\/\\\/pmza.sk\\\/\"},{\"@type\":\"ListItem\",\"position\":2,\"name\":\"Ve\u013ekono\u010dn\u00e9 zvyky\"}]},{\"@type\":\"WebSite\",\"@id\":\"https:\\\/\\\/pmza.sk\\\/#website\",\"url\":\"https:\\\/\\\/pmza.sk\\\/\",\"name\":\"Pova\u017esk\u00e9 m\u00fazeum\",\"description\":\"Pova\u017esk\u00e9 m\u00fazeum v \u017diline je region\u00e1lne m\u00fazeum so s\u00eddlom v Budat\u00edne. Jeho expoz\u00edcie s\u00fa zameran\u00e9 na dejiny slovensk\u00e9ho umenia, kult\u00fary a dopravy.\",\"publisher\":{\"@id\":\"https:\\\/\\\/pmza.sk\\\/#organization\"},\"potentialAction\":[{\"@type\":\"SearchAction\",\"target\":{\"@type\":\"EntryPoint\",\"urlTemplate\":\"https:\\\/\\\/pmza.sk\\\/?s={search_term_string}\"},\"query-input\":{\"@type\":\"PropertyValueSpecification\",\"valueRequired\":true,\"valueName\":\"search_term_string\"}}],\"inLanguage\":\"sk-SK\"},{\"@type\":\"Organization\",\"@id\":\"https:\\\/\\\/pmza.sk\\\/#organization\",\"name\":\"Pova\u017esk\u00e9 m\u00fazeum\",\"url\":\"https:\\\/\\\/pmza.sk\\\/\",\"logo\":{\"@type\":\"ImageObject\",\"inLanguage\":\"sk-SK\",\"@id\":\"https:\\\/\\\/pmza.sk\\\/#\\\/schema\\\/logo\\\/image\\\/\",\"url\":\"https:\\\/\\\/pmza.sk\\\/wp-content\\\/uploads\\\/2022\\\/01\\\/logo_PM_horizontal.jpg\",\"contentUrl\":\"https:\\\/\\\/pmza.sk\\\/wp-content\\\/uploads\\\/2022\\\/01\\\/logo_PM_horizontal.jpg\",\"width\":231,\"height\":142,\"caption\":\"Pova\u017esk\u00e9 m\u00fazeum\"},\"image\":{\"@id\":\"https:\\\/\\\/pmza.sk\\\/#\\\/schema\\\/logo\\\/image\\\/\"},\"sameAs\":[\"https:\\\/\\\/www.facebook.com\\\/povazskemuzeum\",\"https:\\\/\\\/www.instagram.com\\\/povazskemuzeum\\\/\"]},{\"@type\":\"Person\",\"@id\":\"https:\\\/\\\/pmza.sk\\\/#\\\/schema\\\/person\\\/595e6a2ce731ea94dcd5d7f50a41ae33\",\"name\":\"Pova\u017esk\u00e9 m\u00fazeum\",\"image\":{\"@type\":\"ImageObject\",\"inLanguage\":\"sk-SK\",\"@id\":\"https:\\\/\\\/secure.gravatar.com\\\/avatar\\\/2bb7f1561282132fb5826dfeccc66c7996d11ee392ac6aaf7ced8a1c2027fbb2?s=96&d=mm&r=g\",\"url\":\"https:\\\/\\\/secure.gravatar.com\\\/avatar\\\/2bb7f1561282132fb5826dfeccc66c7996d11ee392ac6aaf7ced8a1c2027fbb2?s=96&d=mm&r=g\",\"contentUrl\":\"https:\\\/\\\/secure.gravatar.com\\\/avatar\\\/2bb7f1561282132fb5826dfeccc66c7996d11ee392ac6aaf7ced8a1c2027fbb2?s=96&d=mm&r=g\",\"caption\":\"Pova\u017esk\u00e9 m\u00fazeum\"}}]}<\/script>\n<!-- \/ Yoast SEO plugin. -->","yoast_head_json":{"title":"Ve\u013ekono\u010dn\u00e9 zvyky - Pova\u017esk\u00e9 m\u00fazeum","robots":{"index":"index","follow":"follow","max-snippet":"max-snippet:-1","max-image-preview":"max-image-preview:large","max-video-preview":"max-video-preview:-1"},"canonical":"https:\/\/pmza.sk\/?p=38984","og_locale":"sk_SK","og_type":"article","og_title":"Ve\u013ekono\u010dn\u00e9 zvyky - Pova\u017esk\u00e9 m\u00fazeum","og_description":"Ve\u013ekono\u010dn\u00e9 obdobie so svojimi zvykmi patr\u00ed ku jarn\u00fdm kalend\u00e1rnym oby\u010dajom. T\u00fd\u017ede\u0148 pred Ve\u013ekou nocou, naz\u00fdvan\u00fd aj Ve\u013ek\u00fd alebo Ve\u013ekono\u010dn\u00fd t\u00fd\u017ede\u0148, za\u010d\u00edna Kvetnou nede\u013eou. Po\u010das tohto d\u0148a je zvykom sv\u00e4ti\u0165 pri bohoslu\u017eb\u00e1ch v\u0155bov\u00e9 pr\u00faty \u2013 bahniatka. Veriaci si ich nosia domov a sl\u00fa\u017eia im ako ochrana domu. Sv\u00e4tenie bahniatok sa vysvet\u013euje pod\u013ea toho, \u017ee v tento [&hellip;]","og_url":"https:\/\/pmza.sk\/?p=38984","og_site_name":"Pova\u017esk\u00e9 m\u00fazeum","article_publisher":"https:\/\/www.facebook.com\/povazskemuzeum","article_published_time":"2020-04-06T07:21:38+00:00","og_image":[{"width":940,"height":1000,"url":"https:\/\/pmza.sk\/wp-content\/uploads\/2020\/04\/Em-4220.jpg","type":"image\/jpeg"}],"author":"Pova\u017esk\u00e9 m\u00fazeum","twitter_card":"summary_large_image","twitter_misc":{"Autor":"Pova\u017esk\u00e9 m\u00fazeum","Predpokladan\u00fd \u010das \u010d\u00edtania":"6 min\u00fat"},"schema":{"@context":"https:\/\/schema.org","@graph":[{"@type":"Article","@id":"https:\/\/pmza.sk\/?p=38984#article","isPartOf":{"@id":"https:\/\/pmza.sk\/?p=38984"},"author":{"name":"Pova\u017esk\u00e9 m\u00fazeum","@id":"https:\/\/pmza.sk\/#\/schema\/person\/595e6a2ce731ea94dcd5d7f50a41ae33"},"headline":"Ve\u013ekono\u010dn\u00e9 zvyky","datePublished":"2020-04-06T07:21:38+00:00","mainEntityOfPage":{"@id":"https:\/\/pmza.sk\/?p=38984"},"wordCount":1195,"publisher":{"@id":"https:\/\/pmza.sk\/#organization"},"image":{"@id":"https:\/\/pmza.sk\/?p=38984#primaryimage"},"thumbnailUrl":"https:\/\/pmza.sk\/wp-content\/uploads\/2020\/04\/Em-4220.jpg","articleSection":["Aktuality"],"inLanguage":"sk-SK"},{"@type":"WebPage","@id":"https:\/\/pmza.sk\/?p=38984","url":"https:\/\/pmza.sk\/?p=38984","name":"Ve\u013ekono\u010dn\u00e9 zvyky - Pova\u017esk\u00e9 m\u00fazeum","isPartOf":{"@id":"https:\/\/pmza.sk\/#website"},"primaryImageOfPage":{"@id":"https:\/\/pmza.sk\/?p=38984#primaryimage"},"image":{"@id":"https:\/\/pmza.sk\/?p=38984#primaryimage"},"thumbnailUrl":"https:\/\/pmza.sk\/wp-content\/uploads\/2020\/04\/Em-4220.jpg","datePublished":"2020-04-06T07:21:38+00:00","breadcrumb":{"@id":"https:\/\/pmza.sk\/?p=38984#breadcrumb"},"inLanguage":"sk-SK","potentialAction":[{"@type":"ReadAction","target":["https:\/\/pmza.sk\/?p=38984"]}]},{"@type":"ImageObject","inLanguage":"sk-SK","@id":"https:\/\/pmza.sk\/?p=38984#primaryimage","url":"https:\/\/pmza.sk\/wp-content\/uploads\/2020\/04\/Em-4220.jpg","contentUrl":"https:\/\/pmza.sk\/wp-content\/uploads\/2020\/04\/Em-4220.jpg","width":940,"height":1000},{"@type":"BreadcrumbList","@id":"https:\/\/pmza.sk\/?p=38984#breadcrumb","itemListElement":[{"@type":"ListItem","position":1,"name":"Domovsk\u00e1 str\u00e1nka","item":"https:\/\/pmza.sk\/"},{"@type":"ListItem","position":2,"name":"Ve\u013ekono\u010dn\u00e9 zvyky"}]},{"@type":"WebSite","@id":"https:\/\/pmza.sk\/#website","url":"https:\/\/pmza.sk\/","name":"Pova\u017esk\u00e9 m\u00fazeum","description":"Pova\u017esk\u00e9 m\u00fazeum v \u017diline je region\u00e1lne m\u00fazeum so s\u00eddlom v Budat\u00edne. Jeho expoz\u00edcie s\u00fa zameran\u00e9 na dejiny slovensk\u00e9ho umenia, kult\u00fary a dopravy.","publisher":{"@id":"https:\/\/pmza.sk\/#organization"},"potentialAction":[{"@type":"SearchAction","target":{"@type":"EntryPoint","urlTemplate":"https:\/\/pmza.sk\/?s={search_term_string}"},"query-input":{"@type":"PropertyValueSpecification","valueRequired":true,"valueName":"search_term_string"}}],"inLanguage":"sk-SK"},{"@type":"Organization","@id":"https:\/\/pmza.sk\/#organization","name":"Pova\u017esk\u00e9 m\u00fazeum","url":"https:\/\/pmza.sk\/","logo":{"@type":"ImageObject","inLanguage":"sk-SK","@id":"https:\/\/pmza.sk\/#\/schema\/logo\/image\/","url":"https:\/\/pmza.sk\/wp-content\/uploads\/2022\/01\/logo_PM_horizontal.jpg","contentUrl":"https:\/\/pmza.sk\/wp-content\/uploads\/2022\/01\/logo_PM_horizontal.jpg","width":231,"height":142,"caption":"Pova\u017esk\u00e9 m\u00fazeum"},"image":{"@id":"https:\/\/pmza.sk\/#\/schema\/logo\/image\/"},"sameAs":["https:\/\/www.facebook.com\/povazskemuzeum","https:\/\/www.instagram.com\/povazskemuzeum\/"]},{"@type":"Person","@id":"https:\/\/pmza.sk\/#\/schema\/person\/595e6a2ce731ea94dcd5d7f50a41ae33","name":"Pova\u017esk\u00e9 m\u00fazeum","image":{"@type":"ImageObject","inLanguage":"sk-SK","@id":"https:\/\/secure.gravatar.com\/avatar\/2bb7f1561282132fb5826dfeccc66c7996d11ee392ac6aaf7ced8a1c2027fbb2?s=96&d=mm&r=g","url":"https:\/\/secure.gravatar.com\/avatar\/2bb7f1561282132fb5826dfeccc66c7996d11ee392ac6aaf7ced8a1c2027fbb2?s=96&d=mm&r=g","contentUrl":"https:\/\/secure.gravatar.com\/avatar\/2bb7f1561282132fb5826dfeccc66c7996d11ee392ac6aaf7ced8a1c2027fbb2?s=96&d=mm&r=g","caption":"Pova\u017esk\u00e9 m\u00fazeum"}}]}},"_links":{"self":[{"href":"https:\/\/pmza.sk\/index.php?rest_route=\/wp\/v2\/posts\/38984","targetHints":{"allow":["GET"]}}],"collection":[{"href":"https:\/\/pmza.sk\/index.php?rest_route=\/wp\/v2\/posts"}],"about":[{"href":"https:\/\/pmza.sk\/index.php?rest_route=\/wp\/v2\/types\/post"}],"author":[{"embeddable":true,"href":"https:\/\/pmza.sk\/index.php?rest_route=\/wp\/v2\/users\/2"}],"replies":[{"embeddable":true,"href":"https:\/\/pmza.sk\/index.php?rest_route=%2Fwp%2Fv2%2Fcomments&post=38984"}],"version-history":[{"count":0,"href":"https:\/\/pmza.sk\/index.php?rest_route=\/wp\/v2\/posts\/38984\/revisions"}],"wp:featuredmedia":[{"embeddable":true,"href":"https:\/\/pmza.sk\/index.php?rest_route=\/wp\/v2\/media\/38985"}],"wp:attachment":[{"href":"https:\/\/pmza.sk\/index.php?rest_route=%2Fwp%2Fv2%2Fmedia&parent=38984"}],"wp:term":[{"taxonomy":"category","embeddable":true,"href":"https:\/\/pmza.sk\/index.php?rest_route=%2Fwp%2Fv2%2Fcategories&post=38984"},{"taxonomy":"post_tag","embeddable":true,"href":"https:\/\/pmza.sk\/index.php?rest_route=%2Fwp%2Fv2%2Ftags&post=38984"}],"curies":[{"name":"wp","href":"https:\/\/api.w.org\/{rel}","templated":true}]}}