{"id":3899,"date":"2011-09-14T14:23:19","date_gmt":"2011-09-14T12:23:19","guid":{"rendered":"https:\/\/pmza.sk.sk\/?p=3899"},"modified":"2011-09-14T14:23:19","modified_gmt":"2011-09-14T12:23:19","slug":"gastronomicky-den-na-hrade-strecno-s-vonou-moravskej-kuchyne","status":"publish","type":"post","link":"https:\/\/pmza.sk\/?p=3899","title":{"rendered":"Gastronomick\u00fd de\u0148 na hrade Stre\u010dno s v\u00f4\u0148ou moravskej kuchyne"},"content":{"rendered":"<p><a href=\"https:\/\/pmza.sk\/wp-content\/uploads\/2011\/09\/medz.den-CR-2009.jpg\"><img fetchpriority=\"high\" decoding=\"async\" class=\"alignleft size-medium wp-image-3900\" style=\"margin: 4px; border: 2px solid black;\" title=\"medz.den CR 2009\" src=\"https:\/\/pmza.sk.sk\/wp-content\/uploads\/2011\/09\/medz.den-CR-2009-300x199.jpg\" alt=\"\" width=\"300\" height=\"199\" \/><\/a>Oslavy Medzin\u00e1rodn\u00e9ho\u00a0 d\u0148a cestovn\u00e9ho ruchu maj\u00fa na hrade Stre\u010dno nieko\u013ekoro\u010dn\u00fa trad\u00edciu. V sobotu 24. septembra 2011 op\u00e4tovne \u010dak\u00e1 n\u00e1v\u0161tevn\u00edkov hradu bohat\u00fd a\u00a0zauj\u00edmav\u00fd program, v\u00a0ktorom sa predstav\u00ed skupina historick\u00e9ho \u0161ermu a\u00a0historick\u00e9 hudobn\u00e9 zoskupenie z\u00a0Moravy. \u201e<strong><em>\u010cesko \u2013 slovensk\u00fd a\u00a0gastronomick\u00fd de\u0148 <\/em><\/strong><em>Pova\u017esk\u00e9 m\u00fazeum v\u00a0\u017diline pripravilo v\u00a0spolupr\u00e1ci s\u00a0Fondom Jan\u00e1\u010dkovy Hukvaldy v\u00a0kontexte projektu cezhrani\u010dej spolupr\u00e1ce \u010cR \u2013 SR 2007 \u2013 2013. Po v\u00fdstave vz\u00e1cnych zbierok prezentuj\u00facich\u00a0hist\u00f3riu regi\u00f3nu\u00a0 Hukv\u00e1ld, zapo\u017ei\u010danej z\u00a0fr\u00fddeckom\u00edsteck\u00e9ho m\u00fazea, ktor\u00e1 bola spr\u00edstupnen\u00e1 v\u00a0apr\u00edli tohto roku na hrade Stre\u010dno,\u00a0 je to na\u0161a \u010fal\u0161ia spolo\u010dn\u00e1 aktivita, hlavn\u00fdm cie\u013eom ktorej je sprostredkova\u0165 kult\u00farne dedi\u010dstvo Moravy na Slovensku<\/em>,\u201c povedala Katar\u00edna Rep\u00e1\u0148ov\u00e1, spr\u00e1vky\u0148a hradu Stre\u010dno.<!--more--><\/p>\n<p>Na hrade Stre\u010dno sa predstav\u00ed Skupina historick\u00e9ho \u0161ermu pod n\u00e1zvom Ryt\u00ed\u0159i z\u00a0H\u0171ckeswagen s\u00a0poves\u0165ou hradu Hukvaldy \u201eO zazd\u011bn\u00e9m preclik\u00e1\u0159i\u201c, okorenen\u00e9so historick\u00fdmi tancami a\u00a0 rytierskymi s\u00fabojmi. Program \u010cesko-slovensk\u00e9ho a\u00a0gastronomick\u00e9ho d\u0148a spestr\u00ed aj moravsk\u00e1 hudobn\u00e1 skupina Rabussa s\u00a0hudbou obdobioa rytierskych turnajov a\u00a0bujar\u00fdch stredovek\u00fdch host\u00edn a pitiek. Po\u010das cel\u00e9ho d\u0148a bud\u00fa m\u00f4c\u0165 n\u00e1v\u0161tevn\u00edci hradu Stre\u010dno ochutna\u0165 si \u0161peciality moravskej kuchyne. \u201e <em>T\u00fdmto podujat\u00edm \u0161tartujeme jese\u0148 sez\u00f3ny 2011 na hrade. U\u017e v\u00a0septembri bud\u00fa m\u00f4c\u0165 n\u00e1v\u0161tevn\u00edci obdivova\u0165 skl\u00e1rske umenie Spolo\u010dnosti priate\u013eov skla prostredn\u00edctvom v\u00fdstavy Tril\u00f3gia jedn\u00e9ho sna. Nesklameme ani priaznivcov stra\u0161ideln\u00fdch no\u010dn\u00fdch prehliadok. Pr\u00e1ve koncom okt\u00f3bra sa uskuto\u010dn\u00ed posledn\u00e1 rozl\u00fa\u010dka so stre\u010dnianskymi stra\u0161idlam<\/em>i,\u201c dodal Boris Schubert, riadite\u013e Pova\u017esk\u00e9ho m\u00fazea v\u00a0\u017diline.<\/p>\n<p>Organiz\u00e1torom <strong><em>\u010cesko \u2013 slovensk\u00e9ho a\u00a0gastronomick\u00e9ho d\u0148a v\u00a0sobotu 24. septembra 2011 od 9,00h do 18,00h<\/em><\/strong> je \u017dilinsk\u00fd samospr\u00e1vny kraj , Pova\u017esk\u00e9 m\u00fazeum v\u00a0\u017diline a\u00a0Fond Jan\u00e1\u010dkovy Hukvaldy, o.z.<\/p>\n","protected":false},"excerpt":{"rendered":"<p>Oslavy Medzin\u00e1rodn\u00e9ho\u00a0 d\u0148a cestovn\u00e9ho ruchu maj\u00fa na hrade Stre\u010dno nieko\u013ekoro\u010dn\u00fa trad\u00edciu. V sobotu 24. septembra 2011 op\u00e4tovne \u010dak\u00e1 n\u00e1v\u0161tevn\u00edkov hradu bohat\u00fd a\u00a0zauj\u00edmav\u00fd program, v\u00a0ktorom sa predstav\u00ed skupina historick\u00e9ho \u0161ermu a\u00a0historick\u00e9 hudobn\u00e9 zoskupenie z\u00a0Moravy. \u201e\u010cesko \u2013 slovensk\u00fd a\u00a0gastronomick\u00fd de\u0148 Pova\u017esk\u00e9 m\u00fazeum v\u00a0\u017diline pripravilo v\u00a0spolupr\u00e1ci s\u00a0Fondom Jan\u00e1\u010dkovy Hukvaldy v\u00a0kontexte projektu cezhrani\u010dej spolupr\u00e1ce \u010cR \u2013 SR 2007 \u2013 [&hellip;]<\/p>\n","protected":false},"author":1,"featured_media":0,"comment_status":"closed","ping_status":"closed","sticky":false,"template":"","format":"standard","meta":{"site-sidebar-layout":"default","site-content-layout":"","ast-site-content-layout":"","site-content-style":"default","site-sidebar-style":"default","ast-global-header-display":"","ast-banner-title-visibility":"","ast-main-header-display":"","ast-hfb-above-header-display":"","ast-hfb-below-header-display":"","ast-hfb-mobile-header-display":"","site-post-title":"","ast-breadcrumbs-content":"","ast-featured-img":"","footer-sml-layout":"","theme-transparent-header-meta":"","adv-header-id-meta":"","stick-header-meta":"","header-above-stick-meta":"","header-main-stick-meta":"","header-below-stick-meta":"","astra-migrate-meta-layouts":"default","ast-page-background-enabled":"default","ast-page-background-meta":{"desktop":{"background-color":"var(--ast-global-color-4)","background-image":"","background-repeat":"repeat","background-position":"center center","background-size":"auto","background-attachment":"scroll","background-type":"","background-media":"","overlay-type":"","overlay-color":"","overlay-opacity":"","overlay-gradient":""},"tablet":{"background-color":"","background-image":"","background-repeat":"repeat","background-position":"center center","background-size":"auto","background-attachment":"scroll","background-type":"","background-media":"","overlay-type":"","overlay-color":"","overlay-opacity":"","overlay-gradient":""},"mobile":{"background-color":"","background-image":"","background-repeat":"repeat","background-position":"center center","background-size":"auto","background-attachment":"scroll","background-type":"","background-media":"","overlay-type":"","overlay-color":"","overlay-opacity":"","overlay-gradient":""}},"ast-content-background-meta":{"desktop":{"background-color":"var(--ast-global-color-5)","background-image":"","background-repeat":"repeat","background-position":"center center","background-size":"auto","background-attachment":"scroll","background-type":"","background-media":"","overlay-type":"","overlay-color":"","overlay-opacity":"","overlay-gradient":""},"tablet":{"background-color":"var(--ast-global-color-5)","background-image":"","background-repeat":"repeat","background-position":"center center","background-size":"auto","background-attachment":"scroll","background-type":"","background-media":"","overlay-type":"","overlay-color":"","overlay-opacity":"","overlay-gradient":""},"mobile":{"background-color":"var(--ast-global-color-5)","background-image":"","background-repeat":"repeat","background-position":"center center","background-size":"auto","background-attachment":"scroll","background-type":"","background-media":"","overlay-type":"","overlay-color":"","overlay-opacity":"","overlay-gradient":""}},"footnotes":""},"categories":[30],"tags":[],"class_list":["post-3899","post","type-post","status-publish","format-standard","hentry","category-archiv-2011"],"yoast_head":"<!-- This site is optimized with the Yoast SEO plugin v27.4 - https:\/\/yoast.com\/product\/yoast-seo-wordpress\/ -->\n<title>Gastronomick\u00fd de\u0148 na hrade Stre\u010dno s v\u00f4\u0148ou moravskej kuchyne - Pova\u017esk\u00e9 m\u00fazeum<\/title>\n<meta name=\"robots\" content=\"index, follow, max-snippet:-1, max-image-preview:large, max-video-preview:-1\" \/>\n<link rel=\"canonical\" href=\"https:\/\/pmza.sk\/?p=3899\" \/>\n<meta property=\"og:locale\" content=\"sk_SK\" \/>\n<meta property=\"og:type\" content=\"article\" \/>\n<meta property=\"og:title\" content=\"Gastronomick\u00fd de\u0148 na hrade Stre\u010dno s v\u00f4\u0148ou moravskej kuchyne - Pova\u017esk\u00e9 m\u00fazeum\" \/>\n<meta property=\"og:description\" content=\"Oslavy Medzin\u00e1rodn\u00e9ho\u00a0 d\u0148a cestovn\u00e9ho ruchu maj\u00fa na hrade Stre\u010dno nieko\u013ekoro\u010dn\u00fa trad\u00edciu. V sobotu 24. septembra 2011 op\u00e4tovne \u010dak\u00e1 n\u00e1v\u0161tevn\u00edkov hradu bohat\u00fd a\u00a0zauj\u00edmav\u00fd program, v\u00a0ktorom sa predstav\u00ed skupina historick\u00e9ho \u0161ermu a\u00a0historick\u00e9 hudobn\u00e9 zoskupenie z\u00a0Moravy. \u201e\u010cesko \u2013 slovensk\u00fd a\u00a0gastronomick\u00fd de\u0148 Pova\u017esk\u00e9 m\u00fazeum v\u00a0\u017diline pripravilo v\u00a0spolupr\u00e1ci s\u00a0Fondom Jan\u00e1\u010dkovy Hukvaldy v\u00a0kontexte projektu cezhrani\u010dej spolupr\u00e1ce \u010cR \u2013 SR 2007 \u2013 [&hellip;]\" \/>\n<meta property=\"og:url\" content=\"https:\/\/pmza.sk\/?p=3899\" \/>\n<meta property=\"og:site_name\" content=\"Pova\u017esk\u00e9 m\u00fazeum\" \/>\n<meta property=\"article:publisher\" content=\"https:\/\/www.facebook.com\/povazskemuzeum\" \/>\n<meta property=\"article:published_time\" content=\"2011-09-14T12:23:19+00:00\" \/>\n<meta property=\"og:image\" content=\"https:\/\/pmza.sk.sk\/wp-content\/uploads\/2011\/09\/medz.den-CR-2009-300x199.jpg\" \/>\n<meta name=\"author\" content=\"libor\" \/>\n<meta name=\"twitter:card\" content=\"summary_large_image\" \/>\n<meta name=\"twitter:label1\" content=\"Autor\" \/>\n\t<meta name=\"twitter:data1\" content=\"libor\" \/>\n\t<meta name=\"twitter:label2\" content=\"Predpokladan\u00fd \u010das \u010d\u00edtania\" \/>\n\t<meta name=\"twitter:data2\" content=\"2 min\u00faty\" \/>\n<script type=\"application\/ld+json\" class=\"yoast-schema-graph\">{\"@context\":\"https:\\\/\\\/schema.org\",\"@graph\":[{\"@type\":\"Article\",\"@id\":\"https:\\\/\\\/pmza.sk\\\/?p=3899#article\",\"isPartOf\":{\"@id\":\"https:\\\/\\\/pmza.sk\\\/?p=3899\"},\"author\":{\"name\":\"libor\",\"@id\":\"https:\\\/\\\/pmza.sk\\\/#\\\/schema\\\/person\\\/f0b923a9aa8e1f67feef0d7cd9afde35\"},\"headline\":\"Gastronomick\u00fd de\u0148 na hrade Stre\u010dno s v\u00f4\u0148ou moravskej kuchyne\",\"datePublished\":\"2011-09-14T12:23:19+00:00\",\"mainEntityOfPage\":{\"@id\":\"https:\\\/\\\/pmza.sk\\\/?p=3899\"},\"wordCount\":357,\"publisher\":{\"@id\":\"https:\\\/\\\/pmza.sk\\\/#organization\"},\"image\":{\"@id\":\"https:\\\/\\\/pmza.sk\\\/?p=3899#primaryimage\"},\"thumbnailUrl\":\"http:\\\/\\\/pmza.sk.sk\\\/wp-content\\\/uploads\\\/2011\\\/09\\\/medz.den-CR-2009-300x199.jpg\",\"articleSection\":[\"Arch\u00edv 2011\"],\"inLanguage\":\"sk-SK\"},{\"@type\":\"WebPage\",\"@id\":\"https:\\\/\\\/pmza.sk\\\/?p=3899\",\"url\":\"https:\\\/\\\/pmza.sk\\\/?p=3899\",\"name\":\"Gastronomick\u00fd de\u0148 na hrade Stre\u010dno s v\u00f4\u0148ou moravskej kuchyne - Pova\u017esk\u00e9 m\u00fazeum\",\"isPartOf\":{\"@id\":\"https:\\\/\\\/pmza.sk\\\/#website\"},\"primaryImageOfPage\":{\"@id\":\"https:\\\/\\\/pmza.sk\\\/?p=3899#primaryimage\"},\"image\":{\"@id\":\"https:\\\/\\\/pmza.sk\\\/?p=3899#primaryimage\"},\"thumbnailUrl\":\"http:\\\/\\\/pmza.sk.sk\\\/wp-content\\\/uploads\\\/2011\\\/09\\\/medz.den-CR-2009-300x199.jpg\",\"datePublished\":\"2011-09-14T12:23:19+00:00\",\"breadcrumb\":{\"@id\":\"https:\\\/\\\/pmza.sk\\\/?p=3899#breadcrumb\"},\"inLanguage\":\"sk-SK\",\"potentialAction\":[{\"@type\":\"ReadAction\",\"target\":[\"https:\\\/\\\/pmza.sk\\\/?p=3899\"]}]},{\"@type\":\"ImageObject\",\"inLanguage\":\"sk-SK\",\"@id\":\"https:\\\/\\\/pmza.sk\\\/?p=3899#primaryimage\",\"url\":\"http:\\\/\\\/pmza.sk.sk\\\/wp-content\\\/uploads\\\/2011\\\/09\\\/medz.den-CR-2009-300x199.jpg\",\"contentUrl\":\"http:\\\/\\\/pmza.sk.sk\\\/wp-content\\\/uploads\\\/2011\\\/09\\\/medz.den-CR-2009-300x199.jpg\"},{\"@type\":\"BreadcrumbList\",\"@id\":\"https:\\\/\\\/pmza.sk\\\/?p=3899#breadcrumb\",\"itemListElement\":[{\"@type\":\"ListItem\",\"position\":1,\"name\":\"Domovsk\u00e1 str\u00e1nka\",\"item\":\"https:\\\/\\\/pmza.sk\\\/\"},{\"@type\":\"ListItem\",\"position\":2,\"name\":\"Gastronomick\u00fd de\u0148 na hrade Stre\u010dno s v\u00f4\u0148ou moravskej kuchyne\"}]},{\"@type\":\"WebSite\",\"@id\":\"https:\\\/\\\/pmza.sk\\\/#website\",\"url\":\"https:\\\/\\\/pmza.sk\\\/\",\"name\":\"Pova\u017esk\u00e9 m\u00fazeum\",\"description\":\"Pova\u017esk\u00e9 m\u00fazeum v \u017diline je region\u00e1lne m\u00fazeum so s\u00eddlom v Budat\u00edne. Jeho expoz\u00edcie s\u00fa zameran\u00e9 na dejiny slovensk\u00e9ho umenia, kult\u00fary a dopravy.\",\"publisher\":{\"@id\":\"https:\\\/\\\/pmza.sk\\\/#organization\"},\"potentialAction\":[{\"@type\":\"SearchAction\",\"target\":{\"@type\":\"EntryPoint\",\"urlTemplate\":\"https:\\\/\\\/pmza.sk\\\/?s={search_term_string}\"},\"query-input\":{\"@type\":\"PropertyValueSpecification\",\"valueRequired\":true,\"valueName\":\"search_term_string\"}}],\"inLanguage\":\"sk-SK\"},{\"@type\":\"Organization\",\"@id\":\"https:\\\/\\\/pmza.sk\\\/#organization\",\"name\":\"Pova\u017esk\u00e9 m\u00fazeum\",\"url\":\"https:\\\/\\\/pmza.sk\\\/\",\"logo\":{\"@type\":\"ImageObject\",\"inLanguage\":\"sk-SK\",\"@id\":\"https:\\\/\\\/pmza.sk\\\/#\\\/schema\\\/logo\\\/image\\\/\",\"url\":\"https:\\\/\\\/pmza.sk\\\/wp-content\\\/uploads\\\/2022\\\/01\\\/logo_PM_horizontal.jpg\",\"contentUrl\":\"https:\\\/\\\/pmza.sk\\\/wp-content\\\/uploads\\\/2022\\\/01\\\/logo_PM_horizontal.jpg\",\"width\":231,\"height\":142,\"caption\":\"Pova\u017esk\u00e9 m\u00fazeum\"},\"image\":{\"@id\":\"https:\\\/\\\/pmza.sk\\\/#\\\/schema\\\/logo\\\/image\\\/\"},\"sameAs\":[\"https:\\\/\\\/www.facebook.com\\\/povazskemuzeum\",\"https:\\\/\\\/www.instagram.com\\\/povazskemuzeum\\\/\"]},{\"@type\":\"Person\",\"@id\":\"https:\\\/\\\/pmza.sk\\\/#\\\/schema\\\/person\\\/f0b923a9aa8e1f67feef0d7cd9afde35\",\"name\":\"libor\",\"image\":{\"@type\":\"ImageObject\",\"inLanguage\":\"sk-SK\",\"@id\":\"https:\\\/\\\/secure.gravatar.com\\\/avatar\\\/c583dbc698e594aacced1589eb8cf1673bd41d461e8b2ab635484ffc26fee7b0?s=96&d=mm&r=g\",\"url\":\"https:\\\/\\\/secure.gravatar.com\\\/avatar\\\/c583dbc698e594aacced1589eb8cf1673bd41d461e8b2ab635484ffc26fee7b0?s=96&d=mm&r=g\",\"contentUrl\":\"https:\\\/\\\/secure.gravatar.com\\\/avatar\\\/c583dbc698e594aacced1589eb8cf1673bd41d461e8b2ab635484ffc26fee7b0?s=96&d=mm&r=g\",\"caption\":\"libor\"}}]}<\/script>\n<!-- \/ Yoast SEO plugin. -->","yoast_head_json":{"title":"Gastronomick\u00fd de\u0148 na hrade Stre\u010dno s v\u00f4\u0148ou moravskej kuchyne - Pova\u017esk\u00e9 m\u00fazeum","robots":{"index":"index","follow":"follow","max-snippet":"max-snippet:-1","max-image-preview":"max-image-preview:large","max-video-preview":"max-video-preview:-1"},"canonical":"https:\/\/pmza.sk\/?p=3899","og_locale":"sk_SK","og_type":"article","og_title":"Gastronomick\u00fd de\u0148 na hrade Stre\u010dno s v\u00f4\u0148ou moravskej kuchyne - Pova\u017esk\u00e9 m\u00fazeum","og_description":"Oslavy Medzin\u00e1rodn\u00e9ho\u00a0 d\u0148a cestovn\u00e9ho ruchu maj\u00fa na hrade Stre\u010dno nieko\u013ekoro\u010dn\u00fa trad\u00edciu. V sobotu 24. septembra 2011 op\u00e4tovne \u010dak\u00e1 n\u00e1v\u0161tevn\u00edkov hradu bohat\u00fd a\u00a0zauj\u00edmav\u00fd program, v\u00a0ktorom sa predstav\u00ed skupina historick\u00e9ho \u0161ermu a\u00a0historick\u00e9 hudobn\u00e9 zoskupenie z\u00a0Moravy. \u201e\u010cesko \u2013 slovensk\u00fd a\u00a0gastronomick\u00fd de\u0148 Pova\u017esk\u00e9 m\u00fazeum v\u00a0\u017diline pripravilo v\u00a0spolupr\u00e1ci s\u00a0Fondom Jan\u00e1\u010dkovy Hukvaldy v\u00a0kontexte projektu cezhrani\u010dej spolupr\u00e1ce \u010cR \u2013 SR 2007 \u2013 [&hellip;]","og_url":"https:\/\/pmza.sk\/?p=3899","og_site_name":"Pova\u017esk\u00e9 m\u00fazeum","article_publisher":"https:\/\/www.facebook.com\/povazskemuzeum","article_published_time":"2011-09-14T12:23:19+00:00","og_image":[{"url":"https:\/\/pmza.sk.sk\/wp-content\/uploads\/2011\/09\/medz.den-CR-2009-300x199.jpg","type":"","width":"","height":""}],"author":"libor","twitter_card":"summary_large_image","twitter_misc":{"Autor":"libor","Predpokladan\u00fd \u010das \u010d\u00edtania":"2 min\u00faty"},"schema":{"@context":"https:\/\/schema.org","@graph":[{"@type":"Article","@id":"https:\/\/pmza.sk\/?p=3899#article","isPartOf":{"@id":"https:\/\/pmza.sk\/?p=3899"},"author":{"name":"libor","@id":"https:\/\/pmza.sk\/#\/schema\/person\/f0b923a9aa8e1f67feef0d7cd9afde35"},"headline":"Gastronomick\u00fd de\u0148 na hrade Stre\u010dno s v\u00f4\u0148ou moravskej kuchyne","datePublished":"2011-09-14T12:23:19+00:00","mainEntityOfPage":{"@id":"https:\/\/pmza.sk\/?p=3899"},"wordCount":357,"publisher":{"@id":"https:\/\/pmza.sk\/#organization"},"image":{"@id":"https:\/\/pmza.sk\/?p=3899#primaryimage"},"thumbnailUrl":"https:\/\/pmza.sk.sk\/wp-content\/uploads\/2011\/09\/medz.den-CR-2009-300x199.jpg","articleSection":["Arch\u00edv 2011"],"inLanguage":"sk-SK"},{"@type":"WebPage","@id":"https:\/\/pmza.sk\/?p=3899","url":"https:\/\/pmza.sk\/?p=3899","name":"Gastronomick\u00fd de\u0148 na hrade Stre\u010dno s v\u00f4\u0148ou moravskej kuchyne - Pova\u017esk\u00e9 m\u00fazeum","isPartOf":{"@id":"https:\/\/pmza.sk\/#website"},"primaryImageOfPage":{"@id":"https:\/\/pmza.sk\/?p=3899#primaryimage"},"image":{"@id":"https:\/\/pmza.sk\/?p=3899#primaryimage"},"thumbnailUrl":"https:\/\/pmza.sk.sk\/wp-content\/uploads\/2011\/09\/medz.den-CR-2009-300x199.jpg","datePublished":"2011-09-14T12:23:19+00:00","breadcrumb":{"@id":"https:\/\/pmza.sk\/?p=3899#breadcrumb"},"inLanguage":"sk-SK","potentialAction":[{"@type":"ReadAction","target":["https:\/\/pmza.sk\/?p=3899"]}]},{"@type":"ImageObject","inLanguage":"sk-SK","@id":"https:\/\/pmza.sk\/?p=3899#primaryimage","url":"https:\/\/pmza.sk.sk\/wp-content\/uploads\/2011\/09\/medz.den-CR-2009-300x199.jpg","contentUrl":"https:\/\/pmza.sk.sk\/wp-content\/uploads\/2011\/09\/medz.den-CR-2009-300x199.jpg"},{"@type":"BreadcrumbList","@id":"https:\/\/pmza.sk\/?p=3899#breadcrumb","itemListElement":[{"@type":"ListItem","position":1,"name":"Domovsk\u00e1 str\u00e1nka","item":"https:\/\/pmza.sk\/"},{"@type":"ListItem","position":2,"name":"Gastronomick\u00fd de\u0148 na hrade Stre\u010dno s v\u00f4\u0148ou moravskej kuchyne"}]},{"@type":"WebSite","@id":"https:\/\/pmza.sk\/#website","url":"https:\/\/pmza.sk\/","name":"Pova\u017esk\u00e9 m\u00fazeum","description":"Pova\u017esk\u00e9 m\u00fazeum v \u017diline je region\u00e1lne m\u00fazeum so s\u00eddlom v Budat\u00edne. Jeho expoz\u00edcie s\u00fa zameran\u00e9 na dejiny slovensk\u00e9ho umenia, kult\u00fary a dopravy.","publisher":{"@id":"https:\/\/pmza.sk\/#organization"},"potentialAction":[{"@type":"SearchAction","target":{"@type":"EntryPoint","urlTemplate":"https:\/\/pmza.sk\/?s={search_term_string}"},"query-input":{"@type":"PropertyValueSpecification","valueRequired":true,"valueName":"search_term_string"}}],"inLanguage":"sk-SK"},{"@type":"Organization","@id":"https:\/\/pmza.sk\/#organization","name":"Pova\u017esk\u00e9 m\u00fazeum","url":"https:\/\/pmza.sk\/","logo":{"@type":"ImageObject","inLanguage":"sk-SK","@id":"https:\/\/pmza.sk\/#\/schema\/logo\/image\/","url":"https:\/\/pmza.sk\/wp-content\/uploads\/2022\/01\/logo_PM_horizontal.jpg","contentUrl":"https:\/\/pmza.sk\/wp-content\/uploads\/2022\/01\/logo_PM_horizontal.jpg","width":231,"height":142,"caption":"Pova\u017esk\u00e9 m\u00fazeum"},"image":{"@id":"https:\/\/pmza.sk\/#\/schema\/logo\/image\/"},"sameAs":["https:\/\/www.facebook.com\/povazskemuzeum","https:\/\/www.instagram.com\/povazskemuzeum\/"]},{"@type":"Person","@id":"https:\/\/pmza.sk\/#\/schema\/person\/f0b923a9aa8e1f67feef0d7cd9afde35","name":"libor","image":{"@type":"ImageObject","inLanguage":"sk-SK","@id":"https:\/\/secure.gravatar.com\/avatar\/c583dbc698e594aacced1589eb8cf1673bd41d461e8b2ab635484ffc26fee7b0?s=96&d=mm&r=g","url":"https:\/\/secure.gravatar.com\/avatar\/c583dbc698e594aacced1589eb8cf1673bd41d461e8b2ab635484ffc26fee7b0?s=96&d=mm&r=g","contentUrl":"https:\/\/secure.gravatar.com\/avatar\/c583dbc698e594aacced1589eb8cf1673bd41d461e8b2ab635484ffc26fee7b0?s=96&d=mm&r=g","caption":"libor"}}]}},"_links":{"self":[{"href":"https:\/\/pmza.sk\/index.php?rest_route=\/wp\/v2\/posts\/3899","targetHints":{"allow":["GET"]}}],"collection":[{"href":"https:\/\/pmza.sk\/index.php?rest_route=\/wp\/v2\/posts"}],"about":[{"href":"https:\/\/pmza.sk\/index.php?rest_route=\/wp\/v2\/types\/post"}],"author":[{"embeddable":true,"href":"https:\/\/pmza.sk\/index.php?rest_route=\/wp\/v2\/users\/1"}],"replies":[{"embeddable":true,"href":"https:\/\/pmza.sk\/index.php?rest_route=%2Fwp%2Fv2%2Fcomments&post=3899"}],"version-history":[{"count":0,"href":"https:\/\/pmza.sk\/index.php?rest_route=\/wp\/v2\/posts\/3899\/revisions"}],"wp:attachment":[{"href":"https:\/\/pmza.sk\/index.php?rest_route=%2Fwp%2Fv2%2Fmedia&parent=3899"}],"wp:term":[{"taxonomy":"category","embeddable":true,"href":"https:\/\/pmza.sk\/index.php?rest_route=%2Fwp%2Fv2%2Fcategories&post=3899"},{"taxonomy":"post_tag","embeddable":true,"href":"https:\/\/pmza.sk\/index.php?rest_route=%2Fwp%2Fv2%2Ftags&post=3899"}],"curies":[{"name":"wp","href":"https:\/\/api.w.org\/{rel}","templated":true}]}}