{"id":39038,"date":"2020-04-08T19:46:00","date_gmt":"2020-04-08T17:46:00","guid":{"rendered":"https:\/\/pmza.sk\/?p=39038"},"modified":"2020-04-08T19:46:00","modified_gmt":"2020-04-08T17:46:00","slug":"drotene-kraslice","status":"publish","type":"post","link":"https:\/\/pmza.sk\/?p=39038","title":{"rendered":"Dr\u00f4ten\u00e9 kraslice"},"content":{"rendered":"<p><strong>V\u00fdstava \u201eVe\u013ek\u00e1 noc ide&#8230;\u201c <\/strong><\/p>\n<p>K\u00a0jarn\u00e9mu obdobiu neodmyslite\u013ene patria zdoben\u00e9 vaj\u00ed\u010dka \u2013 kraslice, ktor\u00e9 v\u00a0s\u00fa\u010dasnosti plnia predov\u0161etk\u00fdm estetick\u00fa funkciu. S\u00fa nielen pekn\u00fdm symbolom jari, ale aj d\u00f4kazom \u0161ikovnosti r\u00fak ich tvorcov a\u00a0v\u00fdtvarn\u00e9ho nadania. Na Slovensku pozn\u00e1me nieko\u013eko sp\u00f4sobov ich v\u00fdzdoby, \u010di u\u017e je to jednoduch\u00e9 farbenie, voskovanie, leptanie kyselinou, obliepanie slamou a\u00a0mnoho \u010fal\u0161\u00edch. Medzi najn\u00e1ro\u010dnej\u0161ie a\u00a0bezpochyby aj umelecky najp\u00f4sobivej\u0161ie patria\u00a0 kraslice odr\u00f4tovan\u00e9. S\u00fa jedine\u010dn\u00fdm fenom\u00e9nom Slovenska a\u00a0s\u00favisia s\u00a0existenciou drot\u00e1rskeho remesla, ktor\u00e9 vzniklo v\u00a0severoz\u00e1padnej \u010dasti tejto krajiny.<\/p>\n<p>Vznik vaj\u00ed\u010dok \u201ema\u013eovan\u00fdch dr\u00f4tom\u201c a\u00a0p\u00f4vodn\u00e9 vzory s\u00fa tak trochu tajomstvom. Jedin\u00fdm hodnovern\u00fdm d\u00f4kazom ich existencie v\u00a0minulosti je fotografia z\u00a0v\u00fdstavy drot\u00e1rstva v\u00a0roku 1940 v\u00a0Dlhom Poli. V\u00fdznamn\u00fdm medzn\u00edkom v\u00a0rozvoji drot\u00e1rskej ozdobnej techniky na Slovensku bola v\u00fdstava krasl\u00edc Petra Musila a\u00a0jeho \u017eiakov na Budat\u00ednskom hrade v\u00a0roku 1993. O\u00a010 rokov nesk\u00f4r bolo Pova\u017esk\u00e9 m\u00fazeum v\u00a0\u017diline dokonca zap\u00edsan\u00e9 do Guinessovej knihy rekordov ako m\u00fazeum s\u00a0najv\u00e4\u010d\u0161\u00edm po\u010dtom zozbieran\u00fdch odr\u00f4tovan\u00fdch krasl\u00edc. U\u017e vtedy ich bolo viac ako 400.<\/p>\n<p>V\u00fdstava \u201e\u2026Ve\u013ek\u00e1 noc ide\u2026\u201c, ktor\u00e1 bola pre verejnos\u0165 pr\u00edstupn\u00e1 od 21. marca do 12. m\u00e1ja minul\u00e9ho roku v\u00a0Drot\u00e1rskom pavil\u00f3ne predstavovala kolekciu opletan\u00fdch vaj\u00ed\u010dok. V\u00fdstavu autorsky pripravili pracovn\u00ed\u010dky drot\u00e1rskeho oddelenia Mgr. Katar\u00edna Hallonov\u00e1 a\u00a0Mgr.\u00a0Katar\u00edna Kendrov\u00e1. \u00a0N\u00e1v\u0161tevn\u00edci videli takmer 360 zdoben\u00fdch krasl\u00edc od tridsiatky slovensk\u00fdch a\u00a0\u010desk\u00fdch autorov. Ich \u010das\u0165 poch\u00e1dza zo zbierkov\u00e9ho fondu drot\u00e1rstva a\u00a0\u010das\u0165 od s\u00fa\u010dasn\u00fdch autorov pracuj\u00facich s\u00a0dr\u00f4tom. <em>\u201ePreva\u017en\u00e1 \u010das\u0165 vaj\u00ed\u010dok je zdoben\u00e1 textiln\u00fdmi technikami. V\u00a0najv\u00e4\u010d\u0161om po\u010dte s\u00fa zast\u00fapen\u00e9 kraslice zhotoven\u00e9 slu\u010dkov\u00fdm v\u00fdpletom vych\u00e1dzaj\u00facim zo \u0161itej \u010dipky. Na in\u00fdch remeseln\u00edci uplatnili princ\u00edp pali\u010dkovania \u010di \u00a0h\u00e1\u010dkovania. Rovnako zauj\u00edmav\u00e9 s\u00fa aj vaj\u00ed\u010dka s\u00a0tradi\u010dn\u00fdmi\u00a0 sie\u0165ami so \u0161tvorcov\u00fdmi, \u010di koso\u0161tvorcov\u00fdmi okami, ale aj\u00a0 tie, ktor\u00e9 s\u00fa opletan\u00e9 n\u00e1ro\u010dnou ko\u0161ik\u00e1rskou technikou. Niektor\u00ed autori zasa pri ich zdoben\u00ed vyu\u017eili\u00a0 svoju fant\u00e1ziu a\u00a0do nezvy\u010dajn\u00fdch dr\u00f4ten\u00fdch v\u00fdpletov vlo\u017eili star\u00e9 drot\u00e1rske, ale aj modern\u00e9, abstraktn\u00e9 \u010di\u00a0figur\u00e1lne prvky,\u201c<\/em> pribl\u00ed\u017eila etnologi\u010dka drot\u00e1rstva Katar\u00edna Kendrov\u00e1.\u00a0<\/p>\n<p><em><a href=\"https:\/\/pmza.sk\/aktuality\/drotene-kraslice\/attachment\/blazena-krivakova-medium\/\" rel=\"attachment wp-att-39041\"><img fetchpriority=\"high\" decoding=\"async\" class=\"size-medium wp-image-39041 alignleft\" src=\"https:\/\/pmza.sk\/wp-content\/uploads\/2020\/04\/Blazena-Krivakova-Medium-480x360.jpg\" alt=\"\" width=\"480\" height=\"360\" srcset=\"https:\/\/pmza.sk\/wp-content\/uploads\/2020\/04\/Blazena-Krivakova-Medium-480x360.jpg 480w, https:\/\/pmza.sk\/wp-content\/uploads\/2020\/04\/Blazena-Krivakova-Medium-981x736.jpg 981w, https:\/\/pmza.sk\/wp-content\/uploads\/2020\/04\/Blazena-Krivakova-Medium-768x576.jpg 768w, https:\/\/pmza.sk\/wp-content\/uploads\/2020\/04\/Blazena-Krivakova-Medium-600x450.jpg 600w, https:\/\/pmza.sk\/wp-content\/uploads\/2020\/04\/Blazena-Krivakova-Medium.jpg 1024w\" sizes=\"(max-width: 480px) 100vw, 480px\" \/><\/a>\u00a0 \u00a0 <a href=\"https:\/\/pmza.sk\/aktuality\/drotene-kraslice\/attachment\/valeria-pavelova-medium\/\" rel=\"attachment wp-att-39040\"><img decoding=\"async\" class=\"size-medium wp-image-39040 alignleft\" src=\"https:\/\/pmza.sk\/wp-content\/uploads\/2020\/04\/Valeria-Pavelova-Medium-480x360.jpg\" alt=\"\" width=\"480\" height=\"360\" srcset=\"https:\/\/pmza.sk\/wp-content\/uploads\/2020\/04\/Valeria-Pavelova-Medium-480x360.jpg 480w, https:\/\/pmza.sk\/wp-content\/uploads\/2020\/04\/Valeria-Pavelova-Medium-981x736.jpg 981w, https:\/\/pmza.sk\/wp-content\/uploads\/2020\/04\/Valeria-Pavelova-Medium-768x576.jpg 768w, https:\/\/pmza.sk\/wp-content\/uploads\/2020\/04\/Valeria-Pavelova-Medium-600x450.jpg 600w, https:\/\/pmza.sk\/wp-content\/uploads\/2020\/04\/Valeria-Pavelova-Medium.jpg 1024w\" sizes=\"(max-width: 480px) 100vw, 480px\" \/><\/a>\u00a0 \u00a0 \u00a0 \u00a0 \u00a0 \u00a0 \u00a0 \u00a0 \u00a0 \u00a0 \u00a0 \u00a0 \u00a0 \u00a0 \u00a0 \u00a0 \u00a0 \u00a0 \u00a0 \u00a0 \u00a0 \u00a0 \u00a0 \u00a0 \u00a0 \u00a0 \u00a0 \u00a0 \u00a0 \u00a0 \u00a0 \u00a0 \u00a0 \u00a0 \u00a0 \u00a0 \u00a0\u00a0\u00a0<\/em><em>\u00a0\u00a0\u00a0\u00a0\u00a0\u00a0\u00a0\u00a0\u00a0\u00a0\u00a0\u00a0\u00a0\u00a0\u00a0\u00a0\u00a0\u00a0\u00a0\u00a0\u00a0\u00a0\u00a0\u00a0\u00a0\u00a0\u00a0\u00a0\u00a0\u00a0\u00a0\u00a0\u00a0\u00a0\u00a0\u00a0\u00a0\u00a0\u00a0\u00a0\u00a0\u00a0\u00a0\u00a0\u00a0\u00a0\u00a0\u00a0\u00a0\u00a0\u00a0\u00a0\u00a0\u00a0\u00a0\u00a0\u00a0\u00a0\u00a0\u00a0\u00a0\u00a0\u00a0\u00a0\u00a0\u00a0<\/em><em>\u00a0\u00a0\u00a0\u00a0\u00a0\u00a0\u00a0\u00a0\u00a0\u00a0\u00a0\u00a0\u00a0\u00a0\u00a0\u00a0\u00a0\u00a0\u00a0\u00a0\u00a0\u00a0\u00a0 <\/em><\/p>\n<p>&nbsp;<\/p>\n<p>&nbsp;<\/p>\n<p>&nbsp;<\/p>\n<p>&nbsp;<\/p>\n<p>&nbsp;<\/p>\n<p>&nbsp;<\/p>\n<p>&nbsp;<\/p>\n<p>&nbsp;<\/p>\n<p><a href=\"https:\/\/pmza.sk\/aktuality\/drotene-kraslice\/attachment\/miroslav-kalman-medium\/\" rel=\"attachment wp-att-39042\"><img decoding=\"async\" class=\"size-medium wp-image-39042 alignleft\" src=\"https:\/\/pmza.sk\/wp-content\/uploads\/2020\/04\/Miroslav-Kalman-Medium-480x360.jpg\" alt=\"\" width=\"480\" height=\"360\" srcset=\"https:\/\/pmza.sk\/wp-content\/uploads\/2020\/04\/Miroslav-Kalman-Medium-480x360.jpg 480w, https:\/\/pmza.sk\/wp-content\/uploads\/2020\/04\/Miroslav-Kalman-Medium-981x736.jpg 981w, https:\/\/pmza.sk\/wp-content\/uploads\/2020\/04\/Miroslav-Kalman-Medium-768x576.jpg 768w, https:\/\/pmza.sk\/wp-content\/uploads\/2020\/04\/Miroslav-Kalman-Medium-600x450.jpg 600w, https:\/\/pmza.sk\/wp-content\/uploads\/2020\/04\/Miroslav-Kalman-Medium.jpg 1024w\" sizes=\"(max-width: 480px) 100vw, 480px\" \/><\/a><a href=\"https:\/\/pmza.sk\/aktuality\/drotene-kraslice\/attachment\/lubica-kullova-medium\/\" rel=\"attachment wp-att-39043\"><img loading=\"lazy\" decoding=\"async\" class=\"size-medium wp-image-39043 alignleft\" src=\"https:\/\/pmza.sk\/wp-content\/uploads\/2020\/04\/Lubica-Kullova-Medium-480x360.jpg\" alt=\"\" width=\"480\" height=\"360\" srcset=\"https:\/\/pmza.sk\/wp-content\/uploads\/2020\/04\/Lubica-Kullova-Medium-480x360.jpg 480w, https:\/\/pmza.sk\/wp-content\/uploads\/2020\/04\/Lubica-Kullova-Medium-981x736.jpg 981w, https:\/\/pmza.sk\/wp-content\/uploads\/2020\/04\/Lubica-Kullova-Medium-768x576.jpg 768w, https:\/\/pmza.sk\/wp-content\/uploads\/2020\/04\/Lubica-Kullova-Medium-600x450.jpg 600w, https:\/\/pmza.sk\/wp-content\/uploads\/2020\/04\/Lubica-Kullova-Medium.jpg 1024w\" sizes=\"(max-width: 480px) 100vw, 480px\" \/><\/a><\/p>\n<p>&nbsp;<\/p>\n<p>&nbsp;<\/p>\n<p>&nbsp;<\/p>\n<p>&nbsp;<\/p>\n<p>&nbsp;<\/p>\n<p>&nbsp;<\/p>\n<p>&nbsp;<\/p>\n<p>&nbsp;<\/p>\n<p><a href=\"https:\/\/pmza.sk\/aktuality\/drotene-kraslice\/attachment\/erika-majerska\/\" rel=\"attachment wp-att-39044\"><img loading=\"lazy\" decoding=\"async\" class=\"size-medium wp-image-39044 alignnone\" src=\"https:\/\/pmza.sk\/wp-content\/uploads\/2020\/04\/Erika-Majerska-480x360.jpg\" alt=\"\" width=\"480\" height=\"360\" srcset=\"https:\/\/pmza.sk\/wp-content\/uploads\/2020\/04\/Erika-Majerska-480x360.jpg 480w, https:\/\/pmza.sk\/wp-content\/uploads\/2020\/04\/Erika-Majerska-768x576.jpg 768w, https:\/\/pmza.sk\/wp-content\/uploads\/2020\/04\/Erika-Majerska-600x450.jpg 600w, https:\/\/pmza.sk\/wp-content\/uploads\/2020\/04\/Erika-Majerska.jpg 804w\" sizes=\"(max-width: 480px) 100vw, 480px\" \/><\/a><a href=\"https:\/\/pmza.sk\/aktuality\/drotene-kraslice\/attachment\/maria-porubcanska-medium\/\" rel=\"attachment wp-att-39045\"><img loading=\"lazy\" decoding=\"async\" class=\"size-medium wp-image-39045 alignleft\" src=\"https:\/\/pmza.sk\/wp-content\/uploads\/2020\/04\/Maria-Porubcanska-Medium-480x360.jpg\" alt=\"\" width=\"480\" height=\"360\" srcset=\"https:\/\/pmza.sk\/wp-content\/uploads\/2020\/04\/Maria-Porubcanska-Medium-480x360.jpg 480w, https:\/\/pmza.sk\/wp-content\/uploads\/2020\/04\/Maria-Porubcanska-Medium-981x736.jpg 981w, https:\/\/pmza.sk\/wp-content\/uploads\/2020\/04\/Maria-Porubcanska-Medium-768x576.jpg 768w, https:\/\/pmza.sk\/wp-content\/uploads\/2020\/04\/Maria-Porubcanska-Medium-600x450.jpg 600w, https:\/\/pmza.sk\/wp-content\/uploads\/2020\/04\/Maria-Porubcanska-Medium.jpg 1024w\" sizes=\"(max-width: 480px) 100vw, 480px\" \/><\/a><\/p>\n<p>Na fotografi\u00e1ch s\u00fa diela: Petra Musila, Bla\u017eeny Kriv\u00e1kovej, Val\u00e9rie Pavelovej, Miroslava Kalmana, \u013dubice Kullovej, M\u00e1rie Porub\u010danskej a Eriky Majerskej<\/p>\n<p><a href=\"https:\/\/pmza.sk\/aktuality\/drotene-kraslice\/attachment\/img_4204-3\/\" rel=\"attachment wp-att-39048\"><img loading=\"lazy\" decoding=\"async\" class=\" wp-image-39048 alignleft\" src=\"https:\/\/pmza.sk\/wp-content\/uploads\/2020\/04\/IMG_4204-480x360.jpg\" alt=\"\" width=\"524\" height=\"393\" srcset=\"https:\/\/pmza.sk\/wp-content\/uploads\/2020\/04\/IMG_4204-480x360.jpg 480w, https:\/\/pmza.sk\/wp-content\/uploads\/2020\/04\/IMG_4204-981x736.jpg 981w, https:\/\/pmza.sk\/wp-content\/uploads\/2020\/04\/IMG_4204-768x576.jpg 768w, https:\/\/pmza.sk\/wp-content\/uploads\/2020\/04\/IMG_4204-600x450.jpg 600w, https:\/\/pmza.sk\/wp-content\/uploads\/2020\/04\/IMG_4204.jpg 1024w\" sizes=\"(max-width: 524px) 100vw, 524px\" \/><\/a><a href=\"https:\/\/pmza.sk\/aktuality\/drotene-kraslice\/attachment\/img_3685\/\" rel=\"attachment wp-att-39047\"><img loading=\"lazy\" decoding=\"async\" class=\" wp-image-39047 alignleft\" src=\"https:\/\/pmza.sk\/wp-content\/uploads\/2020\/04\/IMG_3685-540x360.jpg\" alt=\"\" width=\"588\" height=\"392\" srcset=\"https:\/\/pmza.sk\/wp-content\/uploads\/2020\/04\/IMG_3685-540x360.jpg 540w, https:\/\/pmza.sk\/wp-content\/uploads\/2020\/04\/IMG_3685-768x512.jpg 768w, https:\/\/pmza.sk\/wp-content\/uploads\/2020\/04\/IMG_3685-600x400.jpg 600w, https:\/\/pmza.sk\/wp-content\/uploads\/2020\/04\/IMG_3685.jpg 1024w\" sizes=\"(max-width: 588px) 100vw, 588px\" \/><\/a><\/p>\n<p>&nbsp;<\/p>\n<p>&nbsp;<\/p>\n<p>&nbsp;<\/p>\n<p>&nbsp;<\/p>\n<p><strong>\u00a0<\/strong><\/p>\n<p>&nbsp;<\/p>\n<p>&nbsp;<\/p>\n<p>&nbsp;<\/p>\n<p>&nbsp;<\/p>\n<p>&nbsp;<\/p>\n<p><strong>Sprievodn\u00e9 aktivity <\/strong><\/p>\n<p>V\u00fdstavu sprev\u00e1dzali r\u00f4zne predn\u00e1\u0161ky a\u00a0tvoriv\u00e9 dielne pre \u0161koly i\u00a0verejnos\u0165. E\u0161te v\u00a0marci sa v\u00a0tomto duchu konalo podujatie z\u00a0cyklu M\u00fazeum pre v\u00e1s, na ktorom sa stretli priaznivci etnol\u00f3gie a\u00a0drot\u00e1rskeho remesla. Najsk\u00f4r si vypo\u010duli predn\u00e1\u0161ku histori\u010dky drot\u00e1rstva Katar\u00edny Hallonovej venovan\u00fa ozdoben\u00fdm vaj\u00ed\u010dkam a\u00a0obdivovali spom\u00ednan\u00fa v\u00fdstavu. Po te\u00f3rii pri\u0161la na rad prax a\u00a0\u00fa\u010dastn\u00edci si sami vysk\u00fa\u0161ali odr\u00f4tova\u0165 vaj\u00ed\u010dko. Okrem pracovn\u00edkov z\u00a0drot\u00e1rskeho oddelenia Pova\u017esk\u00e9ho m\u00fazea v\u00a0\u017diline im pom\u00e1hala aj drot\u00e1rka Helena \u0160utekov\u00e1. Na za\u010diatku apr\u00edla si dr\u00f4tovanie vysk\u00fa\u0161ali \u017eiaci z\u00e1kladn\u00fdch \u0161k\u00f4l, ktor\u00ed sa najsk\u00f4r obozn\u00e1mili so zvykmi a\u00a0trad\u00edciami Ve\u013ekej noci. Predn\u00e1\u0161ku aj tvoriv\u00fa diel\u0148u viedla etnologi\u010dka Katar\u00edna Kendrov\u00e1. Zauj\u00edmav\u00fd sp\u00f4sob v\u00fdzdoby krasl\u00edc si tak vysk\u00fa\u0161ali v\u0161etky vekov\u00e9 kateg\u00f3rie. Ver\u00edme, \u017ee sa im tak\u00fdto druh aktivity p\u00e1\u010dil a\u00a0mo\u017eno niekomu z\u00a0nich robia dr\u00f4tovan\u00e9 vaj\u00ed\u010dka rados\u0165 aj t\u00fato Ve\u013ek\u00fa noc.<\/p>\n<p><a href=\"https:\/\/pmza.sk\/aktuality\/drotene-kraslice\/attachment\/img_4229-2\/\" rel=\"attachment wp-att-39049\"><img loading=\"lazy\" decoding=\"async\" class=\" wp-image-39049 alignleft\" src=\"https:\/\/pmza.sk\/wp-content\/uploads\/2020\/04\/IMG_4229-540x360.jpg\" alt=\"\" width=\"536\" height=\"358\" srcset=\"https:\/\/pmza.sk\/wp-content\/uploads\/2020\/04\/IMG_4229-540x360.jpg 540w, https:\/\/pmza.sk\/wp-content\/uploads\/2020\/04\/IMG_4229-768x512.jpg 768w, https:\/\/pmza.sk\/wp-content\/uploads\/2020\/04\/IMG_4229-600x400.jpg 600w, https:\/\/pmza.sk\/wp-content\/uploads\/2020\/04\/IMG_4229.jpg 1024w\" sizes=\"(max-width: 536px) 100vw, 536px\" \/><\/a><a href=\"https:\/\/pmza.sk\/aktuality\/drotene-kraslice\/attachment\/img_4260-2\/\" rel=\"attachment wp-att-39050\"><img loading=\"lazy\" decoding=\"async\" class=\" wp-image-39050 alignleft\" src=\"https:\/\/pmza.sk\/wp-content\/uploads\/2020\/04\/IMG_4260-540x360.jpg\" alt=\"\" width=\"533\" height=\"356\" srcset=\"https:\/\/pmza.sk\/wp-content\/uploads\/2020\/04\/IMG_4260-540x360.jpg 540w, https:\/\/pmza.sk\/wp-content\/uploads\/2020\/04\/IMG_4260-768x512.jpg 768w, https:\/\/pmza.sk\/wp-content\/uploads\/2020\/04\/IMG_4260-600x400.jpg 600w, https:\/\/pmza.sk\/wp-content\/uploads\/2020\/04\/IMG_4260.jpg 1024w\" sizes=\"(max-width: 533px) 100vw, 533px\" \/><\/a><\/p>\n<p>&nbsp;<\/p>\n<p>&nbsp;<\/p>\n<p>&nbsp;<\/p>\n<p>&nbsp;<\/p>\n<p>&nbsp;<\/p>\n<p>&nbsp;<\/p>\n<p>&nbsp;<\/p>\n<p>&nbsp;<\/p>\n<p><strong><a href=\"https:\/\/pmza.sk\/aktuality\/drotene-kraslice\/attachment\/img_4885-3\/\" rel=\"attachment wp-att-39053\"><img loading=\"lazy\" decoding=\"async\" class=\"size-medium wp-image-39053 alignleft\" src=\"https:\/\/pmza.sk\/wp-content\/uploads\/2020\/04\/IMG_4885-540x360.jpg\" alt=\"\" width=\"540\" height=\"360\" srcset=\"https:\/\/pmza.sk\/wp-content\/uploads\/2020\/04\/IMG_4885-540x360.jpg 540w, https:\/\/pmza.sk\/wp-content\/uploads\/2020\/04\/IMG_4885-768x512.jpg 768w, https:\/\/pmza.sk\/wp-content\/uploads\/2020\/04\/IMG_4885-600x400.jpg 600w, https:\/\/pmza.sk\/wp-content\/uploads\/2020\/04\/IMG_4885.jpg 1024w\" sizes=\"(max-width: 540px) 100vw, 540px\" \/><\/a><a href=\"https:\/\/pmza.sk\/aktuality\/drotene-kraslice\/attachment\/img_4874-3\/\" rel=\"attachment wp-att-39052\"><img loading=\"lazy\" decoding=\"async\" class=\"size-medium wp-image-39052 alignleft\" src=\"https:\/\/pmza.sk\/wp-content\/uploads\/2020\/04\/IMG_4874-540x360.jpg\" alt=\"\" width=\"540\" height=\"360\" \/><\/a><\/strong><\/p>\n","protected":false},"excerpt":{"rendered":"<p>V\u00fdstava \u201eVe\u013ek\u00e1 noc ide&#8230;\u201c K\u00a0jarn\u00e9mu obdobiu neodmyslite\u013ene patria zdoben\u00e9 vaj\u00ed\u010dka \u2013 kraslice, ktor\u00e9 v\u00a0s\u00fa\u010dasnosti plnia predov\u0161etk\u00fdm estetick\u00fa funkciu. S\u00fa nielen pekn\u00fdm symbolom jari, ale aj d\u00f4kazom \u0161ikovnosti r\u00fak ich tvorcov a\u00a0v\u00fdtvarn\u00e9ho nadania. Na Slovensku pozn\u00e1me nieko\u013eko sp\u00f4sobov ich v\u00fdzdoby, \u010di u\u017e je to jednoduch\u00e9 farbenie, voskovanie, leptanie kyselinou, obliepanie slamou a\u00a0mnoho \u010fal\u0161\u00edch. Medzi najn\u00e1ro\u010dnej\u0161ie a\u00a0bezpochyby [&hellip;]<\/p>\n","protected":false},"author":2,"featured_media":39039,"comment_status":"closed","ping_status":"closed","sticky":false,"template":"","format":"standard","meta":{"site-sidebar-layout":"default","site-content-layout":"","ast-site-content-layout":"","site-content-style":"default","site-sidebar-style":"default","ast-global-header-display":"","ast-banner-title-visibility":"","ast-main-header-display":"","ast-hfb-above-header-display":"","ast-hfb-below-header-display":"","ast-hfb-mobile-header-display":"","site-post-title":"","ast-breadcrumbs-content":"","ast-featured-img":"","footer-sml-layout":"","theme-transparent-header-meta":"","adv-header-id-meta":"","stick-header-meta":"","header-above-stick-meta":"","header-main-stick-meta":"","header-below-stick-meta":"","astra-migrate-meta-layouts":"default","ast-page-background-enabled":"default","ast-page-background-meta":{"desktop":{"background-color":"var(--ast-global-color-4)","background-image":"","background-repeat":"repeat","background-position":"center center","background-size":"auto","background-attachment":"scroll","background-type":"","background-media":"","overlay-type":"","overlay-color":"","overlay-opacity":"","overlay-gradient":""},"tablet":{"background-color":"","background-image":"","background-repeat":"repeat","background-position":"center center","background-size":"auto","background-attachment":"scroll","background-type":"","background-media":"","overlay-type":"","overlay-color":"","overlay-opacity":"","overlay-gradient":""},"mobile":{"background-color":"","background-image":"","background-repeat":"repeat","background-position":"center center","background-size":"auto","background-attachment":"scroll","background-type":"","background-media":"","overlay-type":"","overlay-color":"","overlay-opacity":"","overlay-gradient":""}},"ast-content-background-meta":{"desktop":{"background-color":"var(--ast-global-color-5)","background-image":"","background-repeat":"repeat","background-position":"center center","background-size":"auto","background-attachment":"scroll","background-type":"","background-media":"","overlay-type":"","overlay-color":"","overlay-opacity":"","overlay-gradient":""},"tablet":{"background-color":"var(--ast-global-color-5)","background-image":"","background-repeat":"repeat","background-position":"center center","background-size":"auto","background-attachment":"scroll","background-type":"","background-media":"","overlay-type":"","overlay-color":"","overlay-opacity":"","overlay-gradient":""},"mobile":{"background-color":"var(--ast-global-color-5)","background-image":"","background-repeat":"repeat","background-position":"center center","background-size":"auto","background-attachment":"scroll","background-type":"","background-media":"","overlay-type":"","overlay-color":"","overlay-opacity":"","overlay-gradient":""}},"footnotes":""},"categories":[31],"tags":[],"class_list":["post-39038","post","type-post","status-publish","format-standard","has-post-thumbnail","hentry","category-aktuality"],"yoast_head":"<!-- This site is optimized with the Yoast SEO plugin v27.4 - https:\/\/yoast.com\/product\/yoast-seo-wordpress\/ -->\n<title>Dr\u00f4ten\u00e9 kraslice - Pova\u017esk\u00e9 m\u00fazeum<\/title>\n<meta name=\"robots\" content=\"index, follow, max-snippet:-1, max-image-preview:large, max-video-preview:-1\" \/>\n<link rel=\"canonical\" href=\"https:\/\/pmza.sk\/?p=39038\" \/>\n<meta property=\"og:locale\" content=\"sk_SK\" \/>\n<meta property=\"og:type\" content=\"article\" \/>\n<meta property=\"og:title\" content=\"Dr\u00f4ten\u00e9 kraslice - Pova\u017esk\u00e9 m\u00fazeum\" \/>\n<meta property=\"og:description\" content=\"V\u00fdstava \u201eVe\u013ek\u00e1 noc ide&#8230;\u201c K\u00a0jarn\u00e9mu obdobiu neodmyslite\u013ene patria zdoben\u00e9 vaj\u00ed\u010dka \u2013 kraslice, ktor\u00e9 v\u00a0s\u00fa\u010dasnosti plnia predov\u0161etk\u00fdm estetick\u00fa funkciu. S\u00fa nielen pekn\u00fdm symbolom jari, ale aj d\u00f4kazom \u0161ikovnosti r\u00fak ich tvorcov a\u00a0v\u00fdtvarn\u00e9ho nadania. Na Slovensku pozn\u00e1me nieko\u013eko sp\u00f4sobov ich v\u00fdzdoby, \u010di u\u017e je to jednoduch\u00e9 farbenie, voskovanie, leptanie kyselinou, obliepanie slamou a\u00a0mnoho \u010fal\u0161\u00edch. Medzi najn\u00e1ro\u010dnej\u0161ie a\u00a0bezpochyby [&hellip;]\" \/>\n<meta property=\"og:url\" content=\"https:\/\/pmza.sk\/?p=39038\" \/>\n<meta property=\"og:site_name\" content=\"Pova\u017esk\u00e9 m\u00fazeum\" \/>\n<meta property=\"article:publisher\" content=\"https:\/\/www.facebook.com\/povazskemuzeum\" \/>\n<meta property=\"article:published_time\" content=\"2020-04-08T17:46:00+00:00\" \/>\n<meta property=\"og:image\" content=\"https:\/\/pmza.sk\/wp-content\/uploads\/2020\/04\/Kraslice-Petra-Musila-Medium.jpg\" \/>\n\t<meta property=\"og:image:width\" content=\"1152\" \/>\n\t<meta property=\"og:image:height\" content=\"768\" \/>\n\t<meta property=\"og:image:type\" content=\"image\/jpeg\" \/>\n<meta name=\"author\" content=\"Pova\u017esk\u00e9 m\u00fazeum\" \/>\n<meta name=\"twitter:card\" content=\"summary_large_image\" \/>\n<meta name=\"twitter:label1\" content=\"Autor\" \/>\n\t<meta name=\"twitter:data1\" content=\"Pova\u017esk\u00e9 m\u00fazeum\" \/>\n\t<meta name=\"twitter:label2\" content=\"Predpokladan\u00fd \u010das \u010d\u00edtania\" \/>\n\t<meta name=\"twitter:data2\" content=\"3 min\u00faty\" \/>\n<script type=\"application\/ld+json\" class=\"yoast-schema-graph\">{\"@context\":\"https:\\\/\\\/schema.org\",\"@graph\":[{\"@type\":\"Article\",\"@id\":\"https:\\\/\\\/pmza.sk\\\/?p=39038#article\",\"isPartOf\":{\"@id\":\"https:\\\/\\\/pmza.sk\\\/?p=39038\"},\"author\":{\"name\":\"Pova\u017esk\u00e9 m\u00fazeum\",\"@id\":\"https:\\\/\\\/pmza.sk\\\/#\\\/schema\\\/person\\\/595e6a2ce731ea94dcd5d7f50a41ae33\"},\"headline\":\"Dr\u00f4ten\u00e9 kraslice\",\"datePublished\":\"2020-04-08T17:46:00+00:00\",\"mainEntityOfPage\":{\"@id\":\"https:\\\/\\\/pmza.sk\\\/?p=39038\"},\"wordCount\":688,\"publisher\":{\"@id\":\"https:\\\/\\\/pmza.sk\\\/#organization\"},\"image\":{\"@id\":\"https:\\\/\\\/pmza.sk\\\/?p=39038#primaryimage\"},\"thumbnailUrl\":\"https:\\\/\\\/pmza.sk\\\/wp-content\\\/uploads\\\/2020\\\/04\\\/Kraslice-Petra-Musila-Medium.jpg\",\"articleSection\":[\"Aktuality\"],\"inLanguage\":\"sk-SK\"},{\"@type\":\"WebPage\",\"@id\":\"https:\\\/\\\/pmza.sk\\\/?p=39038\",\"url\":\"https:\\\/\\\/pmza.sk\\\/?p=39038\",\"name\":\"Dr\u00f4ten\u00e9 kraslice - Pova\u017esk\u00e9 m\u00fazeum\",\"isPartOf\":{\"@id\":\"https:\\\/\\\/pmza.sk\\\/#website\"},\"primaryImageOfPage\":{\"@id\":\"https:\\\/\\\/pmza.sk\\\/?p=39038#primaryimage\"},\"image\":{\"@id\":\"https:\\\/\\\/pmza.sk\\\/?p=39038#primaryimage\"},\"thumbnailUrl\":\"https:\\\/\\\/pmza.sk\\\/wp-content\\\/uploads\\\/2020\\\/04\\\/Kraslice-Petra-Musila-Medium.jpg\",\"datePublished\":\"2020-04-08T17:46:00+00:00\",\"breadcrumb\":{\"@id\":\"https:\\\/\\\/pmza.sk\\\/?p=39038#breadcrumb\"},\"inLanguage\":\"sk-SK\",\"potentialAction\":[{\"@type\":\"ReadAction\",\"target\":[\"https:\\\/\\\/pmza.sk\\\/?p=39038\"]}]},{\"@type\":\"ImageObject\",\"inLanguage\":\"sk-SK\",\"@id\":\"https:\\\/\\\/pmza.sk\\\/?p=39038#primaryimage\",\"url\":\"https:\\\/\\\/pmza.sk\\\/wp-content\\\/uploads\\\/2020\\\/04\\\/Kraslice-Petra-Musila-Medium.jpg\",\"contentUrl\":\"https:\\\/\\\/pmza.sk\\\/wp-content\\\/uploads\\\/2020\\\/04\\\/Kraslice-Petra-Musila-Medium.jpg\",\"width\":1152,\"height\":768},{\"@type\":\"BreadcrumbList\",\"@id\":\"https:\\\/\\\/pmza.sk\\\/?p=39038#breadcrumb\",\"itemListElement\":[{\"@type\":\"ListItem\",\"position\":1,\"name\":\"Domovsk\u00e1 str\u00e1nka\",\"item\":\"https:\\\/\\\/pmza.sk\\\/\"},{\"@type\":\"ListItem\",\"position\":2,\"name\":\"Dr\u00f4ten\u00e9 kraslice\"}]},{\"@type\":\"WebSite\",\"@id\":\"https:\\\/\\\/pmza.sk\\\/#website\",\"url\":\"https:\\\/\\\/pmza.sk\\\/\",\"name\":\"Pova\u017esk\u00e9 m\u00fazeum\",\"description\":\"Pova\u017esk\u00e9 m\u00fazeum v \u017diline je region\u00e1lne m\u00fazeum so s\u00eddlom v Budat\u00edne. Jeho expoz\u00edcie s\u00fa zameran\u00e9 na dejiny slovensk\u00e9ho umenia, kult\u00fary a dopravy.\",\"publisher\":{\"@id\":\"https:\\\/\\\/pmza.sk\\\/#organization\"},\"potentialAction\":[{\"@type\":\"SearchAction\",\"target\":{\"@type\":\"EntryPoint\",\"urlTemplate\":\"https:\\\/\\\/pmza.sk\\\/?s={search_term_string}\"},\"query-input\":{\"@type\":\"PropertyValueSpecification\",\"valueRequired\":true,\"valueName\":\"search_term_string\"}}],\"inLanguage\":\"sk-SK\"},{\"@type\":\"Organization\",\"@id\":\"https:\\\/\\\/pmza.sk\\\/#organization\",\"name\":\"Pova\u017esk\u00e9 m\u00fazeum\",\"url\":\"https:\\\/\\\/pmza.sk\\\/\",\"logo\":{\"@type\":\"ImageObject\",\"inLanguage\":\"sk-SK\",\"@id\":\"https:\\\/\\\/pmza.sk\\\/#\\\/schema\\\/logo\\\/image\\\/\",\"url\":\"https:\\\/\\\/pmza.sk\\\/wp-content\\\/uploads\\\/2022\\\/01\\\/logo_PM_horizontal.jpg\",\"contentUrl\":\"https:\\\/\\\/pmza.sk\\\/wp-content\\\/uploads\\\/2022\\\/01\\\/logo_PM_horizontal.jpg\",\"width\":231,\"height\":142,\"caption\":\"Pova\u017esk\u00e9 m\u00fazeum\"},\"image\":{\"@id\":\"https:\\\/\\\/pmza.sk\\\/#\\\/schema\\\/logo\\\/image\\\/\"},\"sameAs\":[\"https:\\\/\\\/www.facebook.com\\\/povazskemuzeum\",\"https:\\\/\\\/www.instagram.com\\\/povazskemuzeum\\\/\"]},{\"@type\":\"Person\",\"@id\":\"https:\\\/\\\/pmza.sk\\\/#\\\/schema\\\/person\\\/595e6a2ce731ea94dcd5d7f50a41ae33\",\"name\":\"Pova\u017esk\u00e9 m\u00fazeum\",\"image\":{\"@type\":\"ImageObject\",\"inLanguage\":\"sk-SK\",\"@id\":\"https:\\\/\\\/secure.gravatar.com\\\/avatar\\\/2bb7f1561282132fb5826dfeccc66c7996d11ee392ac6aaf7ced8a1c2027fbb2?s=96&d=mm&r=g\",\"url\":\"https:\\\/\\\/secure.gravatar.com\\\/avatar\\\/2bb7f1561282132fb5826dfeccc66c7996d11ee392ac6aaf7ced8a1c2027fbb2?s=96&d=mm&r=g\",\"contentUrl\":\"https:\\\/\\\/secure.gravatar.com\\\/avatar\\\/2bb7f1561282132fb5826dfeccc66c7996d11ee392ac6aaf7ced8a1c2027fbb2?s=96&d=mm&r=g\",\"caption\":\"Pova\u017esk\u00e9 m\u00fazeum\"}}]}<\/script>\n<!-- \/ Yoast SEO plugin. -->","yoast_head_json":{"title":"Dr\u00f4ten\u00e9 kraslice - Pova\u017esk\u00e9 m\u00fazeum","robots":{"index":"index","follow":"follow","max-snippet":"max-snippet:-1","max-image-preview":"max-image-preview:large","max-video-preview":"max-video-preview:-1"},"canonical":"https:\/\/pmza.sk\/?p=39038","og_locale":"sk_SK","og_type":"article","og_title":"Dr\u00f4ten\u00e9 kraslice - Pova\u017esk\u00e9 m\u00fazeum","og_description":"V\u00fdstava \u201eVe\u013ek\u00e1 noc ide&#8230;\u201c K\u00a0jarn\u00e9mu obdobiu neodmyslite\u013ene patria zdoben\u00e9 vaj\u00ed\u010dka \u2013 kraslice, ktor\u00e9 v\u00a0s\u00fa\u010dasnosti plnia predov\u0161etk\u00fdm estetick\u00fa funkciu. S\u00fa nielen pekn\u00fdm symbolom jari, ale aj d\u00f4kazom \u0161ikovnosti r\u00fak ich tvorcov a\u00a0v\u00fdtvarn\u00e9ho nadania. Na Slovensku pozn\u00e1me nieko\u013eko sp\u00f4sobov ich v\u00fdzdoby, \u010di u\u017e je to jednoduch\u00e9 farbenie, voskovanie, leptanie kyselinou, obliepanie slamou a\u00a0mnoho \u010fal\u0161\u00edch. Medzi najn\u00e1ro\u010dnej\u0161ie a\u00a0bezpochyby [&hellip;]","og_url":"https:\/\/pmza.sk\/?p=39038","og_site_name":"Pova\u017esk\u00e9 m\u00fazeum","article_publisher":"https:\/\/www.facebook.com\/povazskemuzeum","article_published_time":"2020-04-08T17:46:00+00:00","og_image":[{"width":1152,"height":768,"url":"https:\/\/pmza.sk\/wp-content\/uploads\/2020\/04\/Kraslice-Petra-Musila-Medium.jpg","type":"image\/jpeg"}],"author":"Pova\u017esk\u00e9 m\u00fazeum","twitter_card":"summary_large_image","twitter_misc":{"Autor":"Pova\u017esk\u00e9 m\u00fazeum","Predpokladan\u00fd \u010das \u010d\u00edtania":"3 min\u00faty"},"schema":{"@context":"https:\/\/schema.org","@graph":[{"@type":"Article","@id":"https:\/\/pmza.sk\/?p=39038#article","isPartOf":{"@id":"https:\/\/pmza.sk\/?p=39038"},"author":{"name":"Pova\u017esk\u00e9 m\u00fazeum","@id":"https:\/\/pmza.sk\/#\/schema\/person\/595e6a2ce731ea94dcd5d7f50a41ae33"},"headline":"Dr\u00f4ten\u00e9 kraslice","datePublished":"2020-04-08T17:46:00+00:00","mainEntityOfPage":{"@id":"https:\/\/pmza.sk\/?p=39038"},"wordCount":688,"publisher":{"@id":"https:\/\/pmza.sk\/#organization"},"image":{"@id":"https:\/\/pmza.sk\/?p=39038#primaryimage"},"thumbnailUrl":"https:\/\/pmza.sk\/wp-content\/uploads\/2020\/04\/Kraslice-Petra-Musila-Medium.jpg","articleSection":["Aktuality"],"inLanguage":"sk-SK"},{"@type":"WebPage","@id":"https:\/\/pmza.sk\/?p=39038","url":"https:\/\/pmza.sk\/?p=39038","name":"Dr\u00f4ten\u00e9 kraslice - Pova\u017esk\u00e9 m\u00fazeum","isPartOf":{"@id":"https:\/\/pmza.sk\/#website"},"primaryImageOfPage":{"@id":"https:\/\/pmza.sk\/?p=39038#primaryimage"},"image":{"@id":"https:\/\/pmza.sk\/?p=39038#primaryimage"},"thumbnailUrl":"https:\/\/pmza.sk\/wp-content\/uploads\/2020\/04\/Kraslice-Petra-Musila-Medium.jpg","datePublished":"2020-04-08T17:46:00+00:00","breadcrumb":{"@id":"https:\/\/pmza.sk\/?p=39038#breadcrumb"},"inLanguage":"sk-SK","potentialAction":[{"@type":"ReadAction","target":["https:\/\/pmza.sk\/?p=39038"]}]},{"@type":"ImageObject","inLanguage":"sk-SK","@id":"https:\/\/pmza.sk\/?p=39038#primaryimage","url":"https:\/\/pmza.sk\/wp-content\/uploads\/2020\/04\/Kraslice-Petra-Musila-Medium.jpg","contentUrl":"https:\/\/pmza.sk\/wp-content\/uploads\/2020\/04\/Kraslice-Petra-Musila-Medium.jpg","width":1152,"height":768},{"@type":"BreadcrumbList","@id":"https:\/\/pmza.sk\/?p=39038#breadcrumb","itemListElement":[{"@type":"ListItem","position":1,"name":"Domovsk\u00e1 str\u00e1nka","item":"https:\/\/pmza.sk\/"},{"@type":"ListItem","position":2,"name":"Dr\u00f4ten\u00e9 kraslice"}]},{"@type":"WebSite","@id":"https:\/\/pmza.sk\/#website","url":"https:\/\/pmza.sk\/","name":"Pova\u017esk\u00e9 m\u00fazeum","description":"Pova\u017esk\u00e9 m\u00fazeum v \u017diline je region\u00e1lne m\u00fazeum so s\u00eddlom v Budat\u00edne. Jeho expoz\u00edcie s\u00fa zameran\u00e9 na dejiny slovensk\u00e9ho umenia, kult\u00fary a dopravy.","publisher":{"@id":"https:\/\/pmza.sk\/#organization"},"potentialAction":[{"@type":"SearchAction","target":{"@type":"EntryPoint","urlTemplate":"https:\/\/pmza.sk\/?s={search_term_string}"},"query-input":{"@type":"PropertyValueSpecification","valueRequired":true,"valueName":"search_term_string"}}],"inLanguage":"sk-SK"},{"@type":"Organization","@id":"https:\/\/pmza.sk\/#organization","name":"Pova\u017esk\u00e9 m\u00fazeum","url":"https:\/\/pmza.sk\/","logo":{"@type":"ImageObject","inLanguage":"sk-SK","@id":"https:\/\/pmza.sk\/#\/schema\/logo\/image\/","url":"https:\/\/pmza.sk\/wp-content\/uploads\/2022\/01\/logo_PM_horizontal.jpg","contentUrl":"https:\/\/pmza.sk\/wp-content\/uploads\/2022\/01\/logo_PM_horizontal.jpg","width":231,"height":142,"caption":"Pova\u017esk\u00e9 m\u00fazeum"},"image":{"@id":"https:\/\/pmza.sk\/#\/schema\/logo\/image\/"},"sameAs":["https:\/\/www.facebook.com\/povazskemuzeum","https:\/\/www.instagram.com\/povazskemuzeum\/"]},{"@type":"Person","@id":"https:\/\/pmza.sk\/#\/schema\/person\/595e6a2ce731ea94dcd5d7f50a41ae33","name":"Pova\u017esk\u00e9 m\u00fazeum","image":{"@type":"ImageObject","inLanguage":"sk-SK","@id":"https:\/\/secure.gravatar.com\/avatar\/2bb7f1561282132fb5826dfeccc66c7996d11ee392ac6aaf7ced8a1c2027fbb2?s=96&d=mm&r=g","url":"https:\/\/secure.gravatar.com\/avatar\/2bb7f1561282132fb5826dfeccc66c7996d11ee392ac6aaf7ced8a1c2027fbb2?s=96&d=mm&r=g","contentUrl":"https:\/\/secure.gravatar.com\/avatar\/2bb7f1561282132fb5826dfeccc66c7996d11ee392ac6aaf7ced8a1c2027fbb2?s=96&d=mm&r=g","caption":"Pova\u017esk\u00e9 m\u00fazeum"}}]}},"_links":{"self":[{"href":"https:\/\/pmza.sk\/index.php?rest_route=\/wp\/v2\/posts\/39038","targetHints":{"allow":["GET"]}}],"collection":[{"href":"https:\/\/pmza.sk\/index.php?rest_route=\/wp\/v2\/posts"}],"about":[{"href":"https:\/\/pmza.sk\/index.php?rest_route=\/wp\/v2\/types\/post"}],"author":[{"embeddable":true,"href":"https:\/\/pmza.sk\/index.php?rest_route=\/wp\/v2\/users\/2"}],"replies":[{"embeddable":true,"href":"https:\/\/pmza.sk\/index.php?rest_route=%2Fwp%2Fv2%2Fcomments&post=39038"}],"version-history":[{"count":0,"href":"https:\/\/pmza.sk\/index.php?rest_route=\/wp\/v2\/posts\/39038\/revisions"}],"wp:featuredmedia":[{"embeddable":true,"href":"https:\/\/pmza.sk\/index.php?rest_route=\/wp\/v2\/media\/39039"}],"wp:attachment":[{"href":"https:\/\/pmza.sk\/index.php?rest_route=%2Fwp%2Fv2%2Fmedia&parent=39038"}],"wp:term":[{"taxonomy":"category","embeddable":true,"href":"https:\/\/pmza.sk\/index.php?rest_route=%2Fwp%2Fv2%2Fcategories&post=39038"},{"taxonomy":"post_tag","embeddable":true,"href":"https:\/\/pmza.sk\/index.php?rest_route=%2Fwp%2Fv2%2Ftags&post=39038"}],"curies":[{"name":"wp","href":"https:\/\/api.w.org\/{rel}","templated":true}]}}