{"id":39070,"date":"2020-04-14T10:01:34","date_gmt":"2020-04-14T08:01:34","guid":{"rendered":"https:\/\/pmza.sk\/?p=39070"},"modified":"2020-04-14T10:01:34","modified_gmt":"2020-04-14T08:01:34","slug":"muzeum-v-cislach","status":"publish","type":"post","link":"https:\/\/pmza.sk\/?p=39070","title":{"rendered":"M\u00fazeum v \u010d\u00edslach"},"content":{"rendered":"<p>Tohtoro\u010dn\u00e1 sez\u00f3na Pova\u017esk\u00e9ho m\u00fazea v\u00a0\u017diline sa e\u0161te ani poriadne nerozbehla a\u00a0u\u017e sme museli na\u0161e expoz\u00edcie zatvori\u0165. Po\u010fme si teda pripomen\u00fa\u0165, ako vyzerala t\u00e1 minuloro\u010dn\u00e1. V\u00a0mnoh\u00fdch oh\u013eadoch bola toti\u017e pestr\u00e1 i\u00a0\u00faspe\u0161n\u00e1. Okrem r\u00f4znych v\u00fdstav, podujat\u00ed a\u00a0in\u00fdch aktiv\u00edt, ktor\u00e9 s\u00fa l\u00e1kadlom pre verejnos\u0165 a\u00a0s\u00fa aj najviac vidite\u013en\u00e9, m\u00fazeum pln\u00ed ve\u013ea odborn\u00fdch \u00faloh. Jeho hlavn\u00fdm poslan\u00edm je zhroma\u017e\u010fova\u0165, uchov\u00e1va\u0165 a\u00a0odborne spracov\u00e1va\u0165 predmety kult\u00farnej hodnoty ako doklady o\u00a0v\u00fdvoji spolo\u010dnosti a\u00a0pr\u00edrody. O\u0161etruje ich, chr\u00e1ni pre bud\u00face gener\u00e1cie a\u00a0prostredn\u00edctvom r\u00f4znych vzdel\u00e1vac\u00edch a\u00a0prezenta\u010dn\u00fdch aktiv\u00edt spr\u00edstup\u0148uje n\u00e1v\u0161tevn\u00edkom. Jednou z\u00a0najd\u00f4le\u017eitej\u0161\u00edch \u010dinnost\u00ed je tzv. akvizi\u010dn\u00e1 alebo zbierkotvorn\u00e1 \u010dinnos\u0165. \u201e<em>V\u00a0roku 2019 sme fondy v\u00a0m\u00fazeu obohatili o\u00a01\u00a0761 nov\u00fdch kusov zbierkov\u00fdch predmetov. V\u00a0s\u00fa\u010dasnosti ich teda m\u00e1me 154\u00a0440,\u201c<\/em> pribli\u017euje dokument\u00e1torka Margita Lehotsk\u00e1. Bezprostredne na to nadv\u00e4zuje evidencia zbierkov\u00fdch predmetov. Podstatou pr\u00e1ce dokument\u00e1torov je, \u017ee spracov\u00e1vaj\u00fa z\u00e1kladn\u00fa alebo prvostup\u0148ov\u00fa evidenciu do knihy pr\u00edrastkov ru\u010dne dokumenta\u010dn\u00fdm atramentom. Kur\u00e1tori spravuj\u00fa zbierkov\u00e9 fondy a\u00a0z\u00edskan\u00e9 artefakty musia odborne ur\u010di\u0165 a\u00a0elektronicky zaevidova\u0165. <em>V\u00a0minulom roku tak\u00fdmto sp\u00f4sobom spracovali 993 kusov zbierkov\u00fdch predmetov, \u010do spolu predstavuje 153\u00a0158 skatalogizovan\u00fdch expon\u00e1tov,\u201c <\/em>pokra\u010duje Lehotsk\u00e1. V\u0161etky nadobudnut\u00e9 zbierkov\u00e9 predmety s\u00fa ulo\u017een\u00e9 v\u00a0depozit\u00e1roch \u2013 v\u00a0\u0161pecifick\u00fdch priestoroch, ktor\u00e9 musia sp\u013a\u0148a\u0165 osobitn\u00e9 podmienky. Spravuj\u00fa ich kur\u00e1tori alebo kust\u00f3di v\u00a0spolupr\u00e1ci s\u00a0odborn\u00fdmi pracovn\u00edkmi z\u00a0oddelenia starostlivosti o\u00a0zbierky. Konzerv\u00e1tori a\u00a0prepar\u00e1tor posudzuj\u00fa stav jednotliv\u00fdch predmetov a\u00a0staraj\u00fa sa o\u00a0ich \u00fadr\u017ebu. \u010cisten\u00edm, konzervovan\u00edm, preparovan\u00edm a\u00a0re\u0161taurovan\u00edm sa tak v\u00a0roku 2019 o\u0161etrilo 675 kusov expon\u00e1tov. K\u00a0d\u00f4le\u017eit\u00fdm odborn\u00fdm \u010dinnostiam patr\u00ed aj fotodokument\u00e1cia. <em>V\u00a0minulosti sa sn\u00edmky realizovali na klasick\u00e9 filmy alebo diapozit\u00edvy. Dnes ide len o\u00a0digit\u00e1lne z\u00e1znamy, ktor\u00fdch za minul\u00fd rok pribudlo\u00a09\u00a0560. V\u00a0prvom rade s\u00fa to fotografie zbierkov\u00fdch predmetov, ale taktie\u017e fotografie kult\u00farnych podujat\u00ed, osobnost\u00ed zo zbernej oblasti m\u00fazea \u010di premeny samotn\u00e9ho regi\u00f3nu v\u00a0\u010dase.\u201c <\/em>doplnila Lehotsk\u00e1.<\/p>\n<p>Odborn\u00ed vedeck\u00ed pracovn\u00edci sa v\u00a0r\u00e1mci svojej \u0161pecializ\u00e1cie intenz\u00edvne venuj\u00fa aj vedecko-v\u00fdskumnej \u010dinnosti. Dokazuje to aj fakt, \u017ee za posledn\u00fd rok rie\u0161ili 44 \u00faloh. V\u00fdsledky v\u00fdskumov zverej\u0148uj\u00fa v\u00a0\u010dl\u00e1nkoch, \u0161t\u00fadi\u00e1ch, publik\u00e1ci\u00e1ch a\u00a0monografi\u00e1ch, ktor\u00fdch bolo v\u00a0minulom roku 54. Spome\u0148me napr\u00edklad Monografiu Budat\u00ednsky hrad \u2013 druh\u00e9 vydanie, publik\u00e1ciu \u010carovn\u00e9 \u010ci\u010dmany \u010di \u010fal\u0161ie \u010d\u00edslo Vlastivedn\u00e9ho zborn\u00edka Pova\u017eia. <em>Okrem ve\u013ek\u00fdch publik\u00e1ci\u00ed v\u00a0spolupr\u00e1ci s oddelen\u00edm pr\u00e1ce s\u00a0verejnos\u0165ou pravidelne realizuj\u00fa aj men\u0161ie tla\u010doviny ako pozv\u00e1nky, plag\u00e1ty, sklada\u010dky k\u00a0v\u00fdstav\u00e1m, expoz\u00edci\u00e1m i\u00a0samotn\u00fdm objektom v\u00a0spr\u00e1ve m\u00fazea. V\u00a0minulom roku ich bolo 101,\u201c <\/em>pripom\u00edna dokument\u00e1torka. Najpr\u00edstupnej\u0161ou formou, ktorou odborn\u00ed pracovn\u00edci pribli\u017euj\u00fa nov\u00e9 poznatky \u0161irokej verejnosti s\u00fa expoz\u00edcie a\u00a0kr\u00e1tke tematick\u00e9 v\u00fdstavy. Pova\u017esk\u00e9 m\u00fazeum v\u00a0\u017diline m\u00e1 vo svojej spr\u00e1ve 6 expoz\u00edci\u00ed (Budat\u00ednsky hrad, hrad Stre\u010dno, Sob\u00e1\u0161ny pal\u00e1c v\u00a0Byt\u010di, Objekty \u013eudovej architekt\u00fary v\u00a0\u010ci\u010dmanoch, Expoz\u00edciu J\u00e1no\u0161\u00edk a\u00a0Terchov\u00e1 a\u00a0M\u00fazeum dopravy v\u00a0Rajeck\u00fdch Tepliciach). <em>V\u00a0roku 2019 bola na Budat\u00ednskom hrade v\u010faka cezhrani\u010dnej spolupr\u00e1ci s\u00a0\u010ceskou republikou otvoren\u00e1 \u00a0nov\u00e1 archeologick\u00e1 expoz\u00edcia s\u00a0n\u00e1zvom \u201ePred hradbami, za hradbami.\u201c V\u00a0priestoroch m\u00fazea i\u00a0in\u00fdch kult\u00farnych in\u0161tit\u00faci\u00ed na Slovensku aj v\u00a0zahrani\u010d\u00ed sa realizovalo 33 autorsk\u00fdch alebo spoluautorsk\u00fdch v\u00fdstav.<\/em> <em>Okrem toho odborn\u00ed pracovn\u00edci s\u00a0podporou oddelenia pr\u00e1ce s\u00a0verejnos\u0165ou m\u00fazea popularizuj\u00fa z\u00edskan\u00e9 poznatky o\u00a0pr\u00edrode a\u00a0dejin\u00e1ch regi\u00f3nu aj formou kult\u00farno-vzdel\u00e1vacej \u010dinnosti. Tu m\u00f4\u017eeme zahrn\u00fa\u0165 predn\u00e1\u0161ky, besedy, tvoriv\u00e9 dielne a workshopy \u00a0najr\u00f4znej\u0161ieho charakteru. V\u00a0minulom roku sa v\u00a0m\u00fazeu uskuto\u010dnilo 247 tak\u00fdchto akci\u00ed s\u00a0\u00fa\u010das\u0165ou 28\u00a0803 n\u00e1v\u0161tevn\u00edkov. \u00daspe\u0161n\u00ed sme boli aj v\u00a0projektoch. Schv\u00e1len\u00fdch a\u00a0realizovan\u00fdch bolo spolu 14 \u017eiadost\u00ed na r\u00f4zne \u010dinnosti spojen\u00e9 s\u00a0hlavn\u00fdm poslan\u00edm m\u00fazea.\u201c <\/em>vysvetlila M. Lehotsk\u00e1. Do kni\u017enice pribudlo 78 nov\u00fdch titulov a\u00a0celkovo nav\u0161t\u00edvilo expoz\u00edcie Pova\u017esk\u00e9ho m\u00fazea v\u00a0\u017diline 316\u00a0935 \u013eud\u00ed.\u00a0 Dne\u0161n\u00e1 situ\u00e1cia n\u00e1m s\u00edce nedovo\u013euje pokra\u010dova\u0165 v\u00a0pr\u00e1ci obvykl\u00fdm sp\u00f4sobom a\u00a0spr\u00edstupni\u0165 v\u00fdsledky n\u00e1\u0161ho \u00fasilia formou n\u00e1v\u0161tevy expoz\u00edci\u00ed, ale v\u00a0pohodl\u00ed svojho domova m\u00f4\u017eete sledova\u0165 na\u0161u webov\u00fa str\u00e1nku, kde n\u00e1jdete ve\u013ea zauj\u00edmav\u00fdch \u010dl\u00e1nkov zo v\u0161etk\u00fdch odborov. Te\u0161\u00edme sa na Va\u0161u n\u00e1v\u0161tevu!<\/p>\n<p>&nbsp;<\/p>\n","protected":false},"excerpt":{"rendered":"<p>Tohtoro\u010dn\u00e1 sez\u00f3na Pova\u017esk\u00e9ho m\u00fazea v\u00a0\u017diline sa e\u0161te ani poriadne nerozbehla a\u00a0u\u017e sme museli na\u0161e expoz\u00edcie zatvori\u0165. Po\u010fme si teda pripomen\u00fa\u0165, ako vyzerala t\u00e1 minuloro\u010dn\u00e1. V\u00a0mnoh\u00fdch oh\u013eadoch bola toti\u017e pestr\u00e1 i\u00a0\u00faspe\u0161n\u00e1. Okrem r\u00f4znych v\u00fdstav, podujat\u00ed a\u00a0in\u00fdch aktiv\u00edt, ktor\u00e9 s\u00fa l\u00e1kadlom pre verejnos\u0165 a\u00a0s\u00fa aj najviac vidite\u013en\u00e9, m\u00fazeum pln\u00ed ve\u013ea odborn\u00fdch \u00faloh. Jeho hlavn\u00fdm poslan\u00edm je zhroma\u017e\u010fova\u0165, [&hellip;]<\/p>\n","protected":false},"author":2,"featured_media":39071,"comment_status":"closed","ping_status":"closed","sticky":false,"template":"","format":"standard","meta":{"site-sidebar-layout":"default","site-content-layout":"","ast-site-content-layout":"","site-content-style":"default","site-sidebar-style":"default","ast-global-header-display":"","ast-banner-title-visibility":"","ast-main-header-display":"","ast-hfb-above-header-display":"","ast-hfb-below-header-display":"","ast-hfb-mobile-header-display":"","site-post-title":"","ast-breadcrumbs-content":"","ast-featured-img":"","footer-sml-layout":"","theme-transparent-header-meta":"","adv-header-id-meta":"","stick-header-meta":"","header-above-stick-meta":"","header-main-stick-meta":"","header-below-stick-meta":"","astra-migrate-meta-layouts":"default","ast-page-background-enabled":"default","ast-page-background-meta":{"desktop":{"background-color":"var(--ast-global-color-4)","background-image":"","background-repeat":"repeat","background-position":"center center","background-size":"auto","background-attachment":"scroll","background-type":"","background-media":"","overlay-type":"","overlay-color":"","overlay-opacity":"","overlay-gradient":""},"tablet":{"background-color":"","background-image":"","background-repeat":"repeat","background-position":"center center","background-size":"auto","background-attachment":"scroll","background-type":"","background-media":"","overlay-type":"","overlay-color":"","overlay-opacity":"","overlay-gradient":""},"mobile":{"background-color":"","background-image":"","background-repeat":"repeat","background-position":"center center","background-size":"auto","background-attachment":"scroll","background-type":"","background-media":"","overlay-type":"","overlay-color":"","overlay-opacity":"","overlay-gradient":""}},"ast-content-background-meta":{"desktop":{"background-color":"var(--ast-global-color-5)","background-image":"","background-repeat":"repeat","background-position":"center center","background-size":"auto","background-attachment":"scroll","background-type":"","background-media":"","overlay-type":"","overlay-color":"","overlay-opacity":"","overlay-gradient":""},"tablet":{"background-color":"var(--ast-global-color-5)","background-image":"","background-repeat":"repeat","background-position":"center center","background-size":"auto","background-attachment":"scroll","background-type":"","background-media":"","overlay-type":"","overlay-color":"","overlay-opacity":"","overlay-gradient":""},"mobile":{"background-color":"var(--ast-global-color-5)","background-image":"","background-repeat":"repeat","background-position":"center center","background-size":"auto","background-attachment":"scroll","background-type":"","background-media":"","overlay-type":"","overlay-color":"","overlay-opacity":"","overlay-gradient":""}},"footnotes":""},"categories":[31],"tags":[],"class_list":["post-39070","post","type-post","status-publish","format-standard","has-post-thumbnail","hentry","category-aktuality"],"yoast_head":"<!-- This site is optimized with the Yoast SEO plugin v27.4 - https:\/\/yoast.com\/product\/yoast-seo-wordpress\/ -->\n<title>M\u00fazeum v \u010d\u00edslach - Pova\u017esk\u00e9 m\u00fazeum<\/title>\n<meta name=\"robots\" content=\"index, follow, max-snippet:-1, max-image-preview:large, max-video-preview:-1\" \/>\n<link rel=\"canonical\" href=\"https:\/\/pmza.sk\/?p=39070\" \/>\n<meta property=\"og:locale\" content=\"sk_SK\" \/>\n<meta property=\"og:type\" content=\"article\" \/>\n<meta property=\"og:title\" content=\"M\u00fazeum v \u010d\u00edslach - Pova\u017esk\u00e9 m\u00fazeum\" \/>\n<meta property=\"og:description\" content=\"Tohtoro\u010dn\u00e1 sez\u00f3na Pova\u017esk\u00e9ho m\u00fazea v\u00a0\u017diline sa e\u0161te ani poriadne nerozbehla a\u00a0u\u017e sme museli na\u0161e expoz\u00edcie zatvori\u0165. Po\u010fme si teda pripomen\u00fa\u0165, ako vyzerala t\u00e1 minuloro\u010dn\u00e1. V\u00a0mnoh\u00fdch oh\u013eadoch bola toti\u017e pestr\u00e1 i\u00a0\u00faspe\u0161n\u00e1. Okrem r\u00f4znych v\u00fdstav, podujat\u00ed a\u00a0in\u00fdch aktiv\u00edt, ktor\u00e9 s\u00fa l\u00e1kadlom pre verejnos\u0165 a\u00a0s\u00fa aj najviac vidite\u013en\u00e9, m\u00fazeum pln\u00ed ve\u013ea odborn\u00fdch \u00faloh. Jeho hlavn\u00fdm poslan\u00edm je zhroma\u017e\u010fova\u0165, [&hellip;]\" \/>\n<meta property=\"og:url\" content=\"https:\/\/pmza.sk\/?p=39070\" \/>\n<meta property=\"og:site_name\" content=\"Pova\u017esk\u00e9 m\u00fazeum\" \/>\n<meta property=\"article:publisher\" content=\"https:\/\/www.facebook.com\/povazskemuzeum\" \/>\n<meta property=\"article:published_time\" content=\"2020-04-14T08:01:34+00:00\" \/>\n<meta property=\"og:image\" content=\"https:\/\/pmza.sk\/wp-content\/uploads\/2020\/04\/DSC0535.jpg\" \/>\n\t<meta property=\"og:image:width\" content=\"850\" \/>\n\t<meta property=\"og:image:height\" content=\"567\" \/>\n\t<meta property=\"og:image:type\" content=\"image\/jpeg\" \/>\n<meta name=\"author\" content=\"Pova\u017esk\u00e9 m\u00fazeum\" \/>\n<meta name=\"twitter:card\" content=\"summary_large_image\" \/>\n<meta name=\"twitter:label1\" content=\"Autor\" \/>\n\t<meta name=\"twitter:data1\" content=\"Pova\u017esk\u00e9 m\u00fazeum\" \/>\n\t<meta name=\"twitter:label2\" content=\"Predpokladan\u00fd \u010das \u010d\u00edtania\" \/>\n\t<meta name=\"twitter:data2\" content=\"4 min\u00faty\" \/>\n<script type=\"application\/ld+json\" class=\"yoast-schema-graph\">{\"@context\":\"https:\\\/\\\/schema.org\",\"@graph\":[{\"@type\":\"Article\",\"@id\":\"https:\\\/\\\/pmza.sk\\\/?p=39070#article\",\"isPartOf\":{\"@id\":\"https:\\\/\\\/pmza.sk\\\/?p=39070\"},\"author\":{\"name\":\"Pova\u017esk\u00e9 m\u00fazeum\",\"@id\":\"https:\\\/\\\/pmza.sk\\\/#\\\/schema\\\/person\\\/595e6a2ce731ea94dcd5d7f50a41ae33\"},\"headline\":\"M\u00fazeum v \u010d\u00edslach\",\"datePublished\":\"2020-04-14T08:01:34+00:00\",\"mainEntityOfPage\":{\"@id\":\"https:\\\/\\\/pmza.sk\\\/?p=39070\"},\"wordCount\":851,\"publisher\":{\"@id\":\"https:\\\/\\\/pmza.sk\\\/#organization\"},\"image\":{\"@id\":\"https:\\\/\\\/pmza.sk\\\/?p=39070#primaryimage\"},\"thumbnailUrl\":\"https:\\\/\\\/pmza.sk\\\/wp-content\\\/uploads\\\/2020\\\/04\\\/DSC0535.jpg\",\"articleSection\":[\"Aktuality\"],\"inLanguage\":\"sk-SK\"},{\"@type\":\"WebPage\",\"@id\":\"https:\\\/\\\/pmza.sk\\\/?p=39070\",\"url\":\"https:\\\/\\\/pmza.sk\\\/?p=39070\",\"name\":\"M\u00fazeum v \u010d\u00edslach - Pova\u017esk\u00e9 m\u00fazeum\",\"isPartOf\":{\"@id\":\"https:\\\/\\\/pmza.sk\\\/#website\"},\"primaryImageOfPage\":{\"@id\":\"https:\\\/\\\/pmza.sk\\\/?p=39070#primaryimage\"},\"image\":{\"@id\":\"https:\\\/\\\/pmza.sk\\\/?p=39070#primaryimage\"},\"thumbnailUrl\":\"https:\\\/\\\/pmza.sk\\\/wp-content\\\/uploads\\\/2020\\\/04\\\/DSC0535.jpg\",\"datePublished\":\"2020-04-14T08:01:34+00:00\",\"breadcrumb\":{\"@id\":\"https:\\\/\\\/pmza.sk\\\/?p=39070#breadcrumb\"},\"inLanguage\":\"sk-SK\",\"potentialAction\":[{\"@type\":\"ReadAction\",\"target\":[\"https:\\\/\\\/pmza.sk\\\/?p=39070\"]}]},{\"@type\":\"ImageObject\",\"inLanguage\":\"sk-SK\",\"@id\":\"https:\\\/\\\/pmza.sk\\\/?p=39070#primaryimage\",\"url\":\"https:\\\/\\\/pmza.sk\\\/wp-content\\\/uploads\\\/2020\\\/04\\\/DSC0535.jpg\",\"contentUrl\":\"https:\\\/\\\/pmza.sk\\\/wp-content\\\/uploads\\\/2020\\\/04\\\/DSC0535.jpg\",\"width\":850,\"height\":567},{\"@type\":\"BreadcrumbList\",\"@id\":\"https:\\\/\\\/pmza.sk\\\/?p=39070#breadcrumb\",\"itemListElement\":[{\"@type\":\"ListItem\",\"position\":1,\"name\":\"Domovsk\u00e1 str\u00e1nka\",\"item\":\"https:\\\/\\\/pmza.sk\\\/\"},{\"@type\":\"ListItem\",\"position\":2,\"name\":\"M\u00fazeum v \u010d\u00edslach\"}]},{\"@type\":\"WebSite\",\"@id\":\"https:\\\/\\\/pmza.sk\\\/#website\",\"url\":\"https:\\\/\\\/pmza.sk\\\/\",\"name\":\"Pova\u017esk\u00e9 m\u00fazeum\",\"description\":\"Pova\u017esk\u00e9 m\u00fazeum v \u017diline je region\u00e1lne m\u00fazeum so s\u00eddlom v Budat\u00edne. Jeho expoz\u00edcie s\u00fa zameran\u00e9 na dejiny slovensk\u00e9ho umenia, kult\u00fary a dopravy.\",\"publisher\":{\"@id\":\"https:\\\/\\\/pmza.sk\\\/#organization\"},\"potentialAction\":[{\"@type\":\"SearchAction\",\"target\":{\"@type\":\"EntryPoint\",\"urlTemplate\":\"https:\\\/\\\/pmza.sk\\\/?s={search_term_string}\"},\"query-input\":{\"@type\":\"PropertyValueSpecification\",\"valueRequired\":true,\"valueName\":\"search_term_string\"}}],\"inLanguage\":\"sk-SK\"},{\"@type\":\"Organization\",\"@id\":\"https:\\\/\\\/pmza.sk\\\/#organization\",\"name\":\"Pova\u017esk\u00e9 m\u00fazeum\",\"url\":\"https:\\\/\\\/pmza.sk\\\/\",\"logo\":{\"@type\":\"ImageObject\",\"inLanguage\":\"sk-SK\",\"@id\":\"https:\\\/\\\/pmza.sk\\\/#\\\/schema\\\/logo\\\/image\\\/\",\"url\":\"https:\\\/\\\/pmza.sk\\\/wp-content\\\/uploads\\\/2022\\\/01\\\/logo_PM_horizontal.jpg\",\"contentUrl\":\"https:\\\/\\\/pmza.sk\\\/wp-content\\\/uploads\\\/2022\\\/01\\\/logo_PM_horizontal.jpg\",\"width\":231,\"height\":142,\"caption\":\"Pova\u017esk\u00e9 m\u00fazeum\"},\"image\":{\"@id\":\"https:\\\/\\\/pmza.sk\\\/#\\\/schema\\\/logo\\\/image\\\/\"},\"sameAs\":[\"https:\\\/\\\/www.facebook.com\\\/povazskemuzeum\",\"https:\\\/\\\/www.instagram.com\\\/povazskemuzeum\\\/\"]},{\"@type\":\"Person\",\"@id\":\"https:\\\/\\\/pmza.sk\\\/#\\\/schema\\\/person\\\/595e6a2ce731ea94dcd5d7f50a41ae33\",\"name\":\"Pova\u017esk\u00e9 m\u00fazeum\",\"image\":{\"@type\":\"ImageObject\",\"inLanguage\":\"sk-SK\",\"@id\":\"https:\\\/\\\/secure.gravatar.com\\\/avatar\\\/2bb7f1561282132fb5826dfeccc66c7996d11ee392ac6aaf7ced8a1c2027fbb2?s=96&d=mm&r=g\",\"url\":\"https:\\\/\\\/secure.gravatar.com\\\/avatar\\\/2bb7f1561282132fb5826dfeccc66c7996d11ee392ac6aaf7ced8a1c2027fbb2?s=96&d=mm&r=g\",\"contentUrl\":\"https:\\\/\\\/secure.gravatar.com\\\/avatar\\\/2bb7f1561282132fb5826dfeccc66c7996d11ee392ac6aaf7ced8a1c2027fbb2?s=96&d=mm&r=g\",\"caption\":\"Pova\u017esk\u00e9 m\u00fazeum\"}}]}<\/script>\n<!-- \/ Yoast SEO plugin. -->","yoast_head_json":{"title":"M\u00fazeum v \u010d\u00edslach - Pova\u017esk\u00e9 m\u00fazeum","robots":{"index":"index","follow":"follow","max-snippet":"max-snippet:-1","max-image-preview":"max-image-preview:large","max-video-preview":"max-video-preview:-1"},"canonical":"https:\/\/pmza.sk\/?p=39070","og_locale":"sk_SK","og_type":"article","og_title":"M\u00fazeum v \u010d\u00edslach - Pova\u017esk\u00e9 m\u00fazeum","og_description":"Tohtoro\u010dn\u00e1 sez\u00f3na Pova\u017esk\u00e9ho m\u00fazea v\u00a0\u017diline sa e\u0161te ani poriadne nerozbehla a\u00a0u\u017e sme museli na\u0161e expoz\u00edcie zatvori\u0165. Po\u010fme si teda pripomen\u00fa\u0165, ako vyzerala t\u00e1 minuloro\u010dn\u00e1. V\u00a0mnoh\u00fdch oh\u013eadoch bola toti\u017e pestr\u00e1 i\u00a0\u00faspe\u0161n\u00e1. Okrem r\u00f4znych v\u00fdstav, podujat\u00ed a\u00a0in\u00fdch aktiv\u00edt, ktor\u00e9 s\u00fa l\u00e1kadlom pre verejnos\u0165 a\u00a0s\u00fa aj najviac vidite\u013en\u00e9, m\u00fazeum pln\u00ed ve\u013ea odborn\u00fdch \u00faloh. Jeho hlavn\u00fdm poslan\u00edm je zhroma\u017e\u010fova\u0165, [&hellip;]","og_url":"https:\/\/pmza.sk\/?p=39070","og_site_name":"Pova\u017esk\u00e9 m\u00fazeum","article_publisher":"https:\/\/www.facebook.com\/povazskemuzeum","article_published_time":"2020-04-14T08:01:34+00:00","og_image":[{"width":850,"height":567,"url":"https:\/\/pmza.sk\/wp-content\/uploads\/2020\/04\/DSC0535.jpg","type":"image\/jpeg"}],"author":"Pova\u017esk\u00e9 m\u00fazeum","twitter_card":"summary_large_image","twitter_misc":{"Autor":"Pova\u017esk\u00e9 m\u00fazeum","Predpokladan\u00fd \u010das \u010d\u00edtania":"4 min\u00faty"},"schema":{"@context":"https:\/\/schema.org","@graph":[{"@type":"Article","@id":"https:\/\/pmza.sk\/?p=39070#article","isPartOf":{"@id":"https:\/\/pmza.sk\/?p=39070"},"author":{"name":"Pova\u017esk\u00e9 m\u00fazeum","@id":"https:\/\/pmza.sk\/#\/schema\/person\/595e6a2ce731ea94dcd5d7f50a41ae33"},"headline":"M\u00fazeum v \u010d\u00edslach","datePublished":"2020-04-14T08:01:34+00:00","mainEntityOfPage":{"@id":"https:\/\/pmza.sk\/?p=39070"},"wordCount":851,"publisher":{"@id":"https:\/\/pmza.sk\/#organization"},"image":{"@id":"https:\/\/pmza.sk\/?p=39070#primaryimage"},"thumbnailUrl":"https:\/\/pmza.sk\/wp-content\/uploads\/2020\/04\/DSC0535.jpg","articleSection":["Aktuality"],"inLanguage":"sk-SK"},{"@type":"WebPage","@id":"https:\/\/pmza.sk\/?p=39070","url":"https:\/\/pmza.sk\/?p=39070","name":"M\u00fazeum v \u010d\u00edslach - Pova\u017esk\u00e9 m\u00fazeum","isPartOf":{"@id":"https:\/\/pmza.sk\/#website"},"primaryImageOfPage":{"@id":"https:\/\/pmza.sk\/?p=39070#primaryimage"},"image":{"@id":"https:\/\/pmza.sk\/?p=39070#primaryimage"},"thumbnailUrl":"https:\/\/pmza.sk\/wp-content\/uploads\/2020\/04\/DSC0535.jpg","datePublished":"2020-04-14T08:01:34+00:00","breadcrumb":{"@id":"https:\/\/pmza.sk\/?p=39070#breadcrumb"},"inLanguage":"sk-SK","potentialAction":[{"@type":"ReadAction","target":["https:\/\/pmza.sk\/?p=39070"]}]},{"@type":"ImageObject","inLanguage":"sk-SK","@id":"https:\/\/pmza.sk\/?p=39070#primaryimage","url":"https:\/\/pmza.sk\/wp-content\/uploads\/2020\/04\/DSC0535.jpg","contentUrl":"https:\/\/pmza.sk\/wp-content\/uploads\/2020\/04\/DSC0535.jpg","width":850,"height":567},{"@type":"BreadcrumbList","@id":"https:\/\/pmza.sk\/?p=39070#breadcrumb","itemListElement":[{"@type":"ListItem","position":1,"name":"Domovsk\u00e1 str\u00e1nka","item":"https:\/\/pmza.sk\/"},{"@type":"ListItem","position":2,"name":"M\u00fazeum v \u010d\u00edslach"}]},{"@type":"WebSite","@id":"https:\/\/pmza.sk\/#website","url":"https:\/\/pmza.sk\/","name":"Pova\u017esk\u00e9 m\u00fazeum","description":"Pova\u017esk\u00e9 m\u00fazeum v \u017diline je region\u00e1lne m\u00fazeum so s\u00eddlom v Budat\u00edne. Jeho expoz\u00edcie s\u00fa zameran\u00e9 na dejiny slovensk\u00e9ho umenia, kult\u00fary a dopravy.","publisher":{"@id":"https:\/\/pmza.sk\/#organization"},"potentialAction":[{"@type":"SearchAction","target":{"@type":"EntryPoint","urlTemplate":"https:\/\/pmza.sk\/?s={search_term_string}"},"query-input":{"@type":"PropertyValueSpecification","valueRequired":true,"valueName":"search_term_string"}}],"inLanguage":"sk-SK"},{"@type":"Organization","@id":"https:\/\/pmza.sk\/#organization","name":"Pova\u017esk\u00e9 m\u00fazeum","url":"https:\/\/pmza.sk\/","logo":{"@type":"ImageObject","inLanguage":"sk-SK","@id":"https:\/\/pmza.sk\/#\/schema\/logo\/image\/","url":"https:\/\/pmza.sk\/wp-content\/uploads\/2022\/01\/logo_PM_horizontal.jpg","contentUrl":"https:\/\/pmza.sk\/wp-content\/uploads\/2022\/01\/logo_PM_horizontal.jpg","width":231,"height":142,"caption":"Pova\u017esk\u00e9 m\u00fazeum"},"image":{"@id":"https:\/\/pmza.sk\/#\/schema\/logo\/image\/"},"sameAs":["https:\/\/www.facebook.com\/povazskemuzeum","https:\/\/www.instagram.com\/povazskemuzeum\/"]},{"@type":"Person","@id":"https:\/\/pmza.sk\/#\/schema\/person\/595e6a2ce731ea94dcd5d7f50a41ae33","name":"Pova\u017esk\u00e9 m\u00fazeum","image":{"@type":"ImageObject","inLanguage":"sk-SK","@id":"https:\/\/secure.gravatar.com\/avatar\/2bb7f1561282132fb5826dfeccc66c7996d11ee392ac6aaf7ced8a1c2027fbb2?s=96&d=mm&r=g","url":"https:\/\/secure.gravatar.com\/avatar\/2bb7f1561282132fb5826dfeccc66c7996d11ee392ac6aaf7ced8a1c2027fbb2?s=96&d=mm&r=g","contentUrl":"https:\/\/secure.gravatar.com\/avatar\/2bb7f1561282132fb5826dfeccc66c7996d11ee392ac6aaf7ced8a1c2027fbb2?s=96&d=mm&r=g","caption":"Pova\u017esk\u00e9 m\u00fazeum"}}]}},"_links":{"self":[{"href":"https:\/\/pmza.sk\/index.php?rest_route=\/wp\/v2\/posts\/39070","targetHints":{"allow":["GET"]}}],"collection":[{"href":"https:\/\/pmza.sk\/index.php?rest_route=\/wp\/v2\/posts"}],"about":[{"href":"https:\/\/pmza.sk\/index.php?rest_route=\/wp\/v2\/types\/post"}],"author":[{"embeddable":true,"href":"https:\/\/pmza.sk\/index.php?rest_route=\/wp\/v2\/users\/2"}],"replies":[{"embeddable":true,"href":"https:\/\/pmza.sk\/index.php?rest_route=%2Fwp%2Fv2%2Fcomments&post=39070"}],"version-history":[{"count":0,"href":"https:\/\/pmza.sk\/index.php?rest_route=\/wp\/v2\/posts\/39070\/revisions"}],"wp:featuredmedia":[{"embeddable":true,"href":"https:\/\/pmza.sk\/index.php?rest_route=\/wp\/v2\/media\/39071"}],"wp:attachment":[{"href":"https:\/\/pmza.sk\/index.php?rest_route=%2Fwp%2Fv2%2Fmedia&parent=39070"}],"wp:term":[{"taxonomy":"category","embeddable":true,"href":"https:\/\/pmza.sk\/index.php?rest_route=%2Fwp%2Fv2%2Fcategories&post=39070"},{"taxonomy":"post_tag","embeddable":true,"href":"https:\/\/pmza.sk\/index.php?rest_route=%2Fwp%2Fv2%2Ftags&post=39070"}],"curies":[{"name":"wp","href":"https:\/\/api.w.org\/{rel}","templated":true}]}}