{"id":39162,"date":"2020-04-27T09:23:30","date_gmt":"2020-04-27T07:23:30","guid":{"rendered":"https:\/\/pmza.sk\/?p=39162"},"modified":"2020-04-27T09:23:30","modified_gmt":"2020-04-27T07:23:30","slug":"hrad-strecno-smuti-za-navstevnikmi","status":"publish","type":"post","link":"https:\/\/pmza.sk\/?p=39162","title":{"rendered":"Hrad Stre\u010dno sm\u00fati za n\u00e1v\u0161tevn\u00edkmi"},"content":{"rendered":"<p>Pln\u00e9 n\u00e1dvorie, pestr\u00fd program, v\u00fdborn\u00e1 kuchy\u0148a a\u00a0hlasn\u00e9 v\u00fdstrely z\u00a0dela. Takto nejako by to pravdepodobne vyzeralo na sl\u00e1vnostnom otvoren\u00ed hradu Stre\u010dno. Za\u010d\u00ednala by \u010fal\u0161ia podujatiami nabit\u00e1 sez\u00f3na a\u00a0hrad na brale by otvorenou br\u00e1nou v\u00edtal tis\u00edce n\u00e1v\u0161tevn\u00edkov. Ve\u010f na t\u00fato pr\u00edle\u017eitos\u0165 \u010dakal cel\u00fa zimu. V\u00a0dne\u0161nej situ\u00e1cii ni\u010d z\u00a0toho nie je mo\u017en\u00e9. Pracovn\u00edci Pova\u017esk\u00e9ho m\u00fazea v\u00a0\u017diline napriek tomu upravuj\u00fa okolie, dop\u013a\u0148aj\u00fa expoz\u00edciu a\u00a0chystaj\u00fa sa na moment, ke\u010f bude v\u00a0hrade aj celom are\u00e1li op\u00e4\u0165 hlasn\u00e1 vrava a\u00a0detsk\u00fd d\u017eavot. <em>\u201e\u013dudia n\u00e1m ch\u00fdbaj\u00fa, radi by sme op\u00e4\u0165 priv\u00edtali vesel\u00e9 rodinky i\u00a0nad\u0161en\u00fdch jednotlivcov. Tento \u010das teda vyu\u017e\u00edvame na to, aby sme \u010do najlep\u0161ie upravili okolie hradu. Natierame z\u00e1bradlie, hradn\u00e9 m\u00fary striekame proti burine, upratujeme a\u00a0\u010dist\u00edme v\u00a0r\u00e1mci mo\u017enost\u00ed tak, aby n\u00e1v\u0161tevn\u00edci pri\u0161li do pekn\u00fdch priestorov a\u00a0mali z\u00a0v\u00fdletu a\u00a0prehliadky dobr\u00fd pocit,\u201c <\/em>pribli\u017euje spr\u00e1vky\u0148a hradu Stre\u010dno Katar\u00edna Rep\u00e1\u0148ov\u00e1.<\/p>\n<p>Novinky \u010dakaj\u00fa aj st\u00e1lu expoz\u00edciu na hrade. <em>\u201eV minulom roku sme dop\u013a\u0148ali archeologick\u00fa expoz\u00edciu, kde pribudli hlinen\u00e9 n\u00e1doby, amfory, misky z\u00a0praveku, z obdobia\u00a0lu\u017eickej kult\u00fary. Pribudli tie\u017e kachlice z\u00a0p\u00f4vodn\u00fdch pec\u00ed zo 17. \u2013 18. storo\u010dia. V\u00a0sakristii sme s\u00a0kolegy\u0148ou \u2013 histori\u010dkou Martinou Bern\u00e1tovou vystavili dva bannery venovan\u00e9\u00a0hradnej studni a\u00a0taktie\u017e kamenn\u00e9 fragmenty z\u00a0n\u00e1hrobnej platne \u017dofie Bosniakovej. V\u00a0tomto roku by sme chceli vystavi\u0165 \u010fal\u0161ie fragmenty z\u00a0pravdepodobne z\u00a0tej istej platne, ktor\u00e9 sa na\u0161li pri \u010distiacich pr\u00e1cach na hrade v\u00a0rokoch 1988 a\u017e 1992. M\u00e1me v\u00a0pl\u00e1ne verejnosti uk\u00e1za\u0165 aj n\u00e1stroje, ktor\u00fdmi sa h\u013abila stud\u0148a. Konkr\u00e9tne ide o \u017eelezn\u00fa motyku, sek\u00e1\u010d a\u00a0ban\u00edcke kladivko. Ver\u00edme, \u017ee v\u00a0bud\u00facnosti sa zrealizuje aj projekt interakt\u00edvnej expoz\u00edcie, ktor\u00fd e\u0161te viac zatrakt\u00edvni tento kr\u00e1sny stredovek\u00fd hrad,\u201c <\/em>vysvet\u013euje archeologi\u010dka Pova\u017esk\u00e9ho m\u00fazea v\u00a0\u017diline Andrea Slan\u00e1.<\/p>\n<p><a href=\"https:\/\/pmza.sk\/aktuality\/hrad-strecno-smuti-za-navstevnikmi\/attachment\/p1260967-medium\/\" rel=\"attachment wp-att-39164\"><img fetchpriority=\"high\" decoding=\"async\" class=\" wp-image-39164 alignleft\" src=\"https:\/\/pmza.sk\/wp-content\/uploads\/2020\/04\/P1260967-Medium-570x321.jpg\" alt=\"\" width=\"536\" height=\"302\" srcset=\"https:\/\/pmza.sk\/wp-content\/uploads\/2020\/04\/P1260967-Medium-570x321.jpg 570w, https:\/\/pmza.sk\/wp-content\/uploads\/2020\/04\/P1260967-Medium-1170x658.jpg 1170w, https:\/\/pmza.sk\/wp-content\/uploads\/2020\/04\/P1260967-Medium-768x432.jpg 768w, https:\/\/pmza.sk\/wp-content\/uploads\/2020\/04\/P1260967-Medium-600x338.jpg 600w, https:\/\/pmza.sk\/wp-content\/uploads\/2020\/04\/P1260967-Medium.jpg 1365w\" sizes=\"(max-width: 536px) 100vw, 536px\" \/><\/a><a href=\"https:\/\/pmza.sk\/aktuality\/hrad-strecno-smuti-za-navstevnikmi\/attachment\/nastroje-pouzite-pri-hlbeni-hradnej-studne-medium\/\" rel=\"attachment wp-att-39165\"><img decoding=\"async\" class=\" wp-image-39165 alignleft\" src=\"https:\/\/pmza.sk\/wp-content\/uploads\/2020\/04\/Nastroje-pouzite-pri-hlbeni-hradnej-studne-Medium-540x360.jpg\" alt=\"\" width=\"455\" height=\"303\" srcset=\"https:\/\/pmza.sk\/wp-content\/uploads\/2020\/04\/Nastroje-pouzite-pri-hlbeni-hradnej-studne-Medium-540x360.jpg 540w, https:\/\/pmza.sk\/wp-content\/uploads\/2020\/04\/Nastroje-pouzite-pri-hlbeni-hradnej-studne-Medium-1104x736.jpg 1104w, https:\/\/pmza.sk\/wp-content\/uploads\/2020\/04\/Nastroje-pouzite-pri-hlbeni-hradnej-studne-Medium-768x512.jpg 768w, https:\/\/pmza.sk\/wp-content\/uploads\/2020\/04\/Nastroje-pouzite-pri-hlbeni-hradnej-studne-Medium-600x400.jpg 600w, https:\/\/pmza.sk\/wp-content\/uploads\/2020\/04\/Nastroje-pouzite-pri-hlbeni-hradnej-studne-Medium.jpg 1152w\" sizes=\"(max-width: 455px) 100vw, 455px\" \/><\/a><\/p>\n<p>&nbsp;<\/p>\n<p>&nbsp;<\/p>\n<p>&nbsp;<\/p>\n<p>&nbsp;<\/p>\n<p>&nbsp;<\/p>\n<p>&nbsp;<\/p>\n<p>&nbsp;<\/p>\n<p>Na hrade to minul\u00fd rok skuto\u010dne \u017eilo, \u010do sa prejavilo aj rekordnou n\u00e1v\u0161tevnos\u0165ou. Okrem desiatky ob\u013e\u00faben\u00fdch podujat\u00ed, l\u00e1kal hrad aj zre\u0161taurovanou kaplnkou, kde sa pri pr\u00edle\u017eitosti 375. v\u00fdro\u010dia smrti a\u00a0410. v\u00fdro\u010dia narodenia \u017dofie Bosniakovej konal koncert Od \u00faskalia do kr\u00fat\u0148avy. V\u00a0priestoroch hradu mohli n\u00e1v\u0161tevn\u00edci obdivova\u0165 viacero v\u00fdstav, napr\u00edklad Zrod \u017eivota z\u00a0oh\u0148a a\u00a0\u017eeleza, ktor\u00e1 zachyt\u00e1vala tvoriv\u00fa \u010dinnos\u0165 \u017eiakov a\u00a0pedag\u00f3gov zo Strednej odbornej \u0161koly strojn\u00edckej alebo Obraz mojej du\u0161e v\u00a0podan\u00ed v\u00fdtvarn\u00edka Vladim\u00edra Mi\u010dienku. V\u0161etci pracovn\u00edci veria, \u017ee hrad sa \u010doskoro op\u00e4\u0165 otvor\u00ed a\u00a0bude ob\u013e\u00faben\u00fdm miestom v\u00fdletov a\u00a0exkurzi\u00ed.<\/p>\n<p><a href=\"https:\/\/pmza.sk\/aktuality\/hrad-strecno-smuti-za-navstevnikmi\/attachment\/kaplnka-medium\/\" rel=\"attachment wp-att-39166\"><img decoding=\"async\" class=\" wp-image-39166 alignleft\" src=\"https:\/\/pmza.sk\/wp-content\/uploads\/2020\/04\/kaplnka-Medium-203x360.jpg\" alt=\"\" width=\"214\" height=\"380\" \/><\/a><a href=\"https:\/\/pmza.sk\/aktuality\/hrad-strecno-smuti-za-navstevnikmi\/attachment\/kaplnka-2-medium\/\" rel=\"attachment wp-att-39167\"><img loading=\"lazy\" decoding=\"async\" class=\" wp-image-39167 alignleft\" src=\"https:\/\/pmza.sk\/wp-content\/uploads\/2020\/04\/kaplnka-2-Medium-203x360.jpg\" alt=\"\" width=\"215\" height=\"381\" \/><\/a><\/p>\n<p>&nbsp;<\/p>\n<p>&nbsp;<\/p>\n<p>&nbsp;<\/p>\n<p>&nbsp;<\/p>\n<p>&nbsp;<\/p>\n<p>&nbsp;<\/p>\n<p>&nbsp;<\/p>\n<p>&nbsp;<\/p>\n<p>&nbsp;<\/p>\n<p>Fotografie z minuloro\u010dn\u00e9ho sl\u00e1vnostn\u00e9ho otvorenia hradu Stre\u010dno si m\u00f4\u017eete pozrie\u0165 <a href=\"https:\/\/pmza.sk\/fotogaleria\/gallery\/slavnostne-otvorenie-hradu-strecno\/\">TU<\/a><\/p>\n<p>&nbsp;<\/p>\n","protected":false},"excerpt":{"rendered":"<p>Pln\u00e9 n\u00e1dvorie, pestr\u00fd program, v\u00fdborn\u00e1 kuchy\u0148a a\u00a0hlasn\u00e9 v\u00fdstrely z\u00a0dela. Takto nejako by to pravdepodobne vyzeralo na sl\u00e1vnostnom otvoren\u00ed hradu Stre\u010dno. Za\u010d\u00ednala by \u010fal\u0161ia podujatiami nabit\u00e1 sez\u00f3na a\u00a0hrad na brale by otvorenou br\u00e1nou v\u00edtal tis\u00edce n\u00e1v\u0161tevn\u00edkov. Ve\u010f na t\u00fato pr\u00edle\u017eitos\u0165 \u010dakal cel\u00fa zimu. V\u00a0dne\u0161nej situ\u00e1cii ni\u010d z\u00a0toho nie je mo\u017en\u00e9. Pracovn\u00edci Pova\u017esk\u00e9ho m\u00fazea v\u00a0\u017diline napriek tomu [&hellip;]<\/p>\n","protected":false},"author":2,"featured_media":39168,"comment_status":"closed","ping_status":"closed","sticky":false,"template":"","format":"standard","meta":{"site-sidebar-layout":"default","site-content-layout":"","ast-site-content-layout":"","site-content-style":"default","site-sidebar-style":"default","ast-global-header-display":"","ast-banner-title-visibility":"","ast-main-header-display":"","ast-hfb-above-header-display":"","ast-hfb-below-header-display":"","ast-hfb-mobile-header-display":"","site-post-title":"","ast-breadcrumbs-content":"","ast-featured-img":"","footer-sml-layout":"","theme-transparent-header-meta":"","adv-header-id-meta":"","stick-header-meta":"","header-above-stick-meta":"","header-main-stick-meta":"","header-below-stick-meta":"","astra-migrate-meta-layouts":"default","ast-page-background-enabled":"default","ast-page-background-meta":{"desktop":{"background-color":"var(--ast-global-color-4)","background-image":"","background-repeat":"repeat","background-position":"center center","background-size":"auto","background-attachment":"scroll","background-type":"","background-media":"","overlay-type":"","overlay-color":"","overlay-opacity":"","overlay-gradient":""},"tablet":{"background-color":"","background-image":"","background-repeat":"repeat","background-position":"center center","background-size":"auto","background-attachment":"scroll","background-type":"","background-media":"","overlay-type":"","overlay-color":"","overlay-opacity":"","overlay-gradient":""},"mobile":{"background-color":"","background-image":"","background-repeat":"repeat","background-position":"center center","background-size":"auto","background-attachment":"scroll","background-type":"","background-media":"","overlay-type":"","overlay-color":"","overlay-opacity":"","overlay-gradient":""}},"ast-content-background-meta":{"desktop":{"background-color":"var(--ast-global-color-5)","background-image":"","background-repeat":"repeat","background-position":"center center","background-size":"auto","background-attachment":"scroll","background-type":"","background-media":"","overlay-type":"","overlay-color":"","overlay-opacity":"","overlay-gradient":""},"tablet":{"background-color":"var(--ast-global-color-5)","background-image":"","background-repeat":"repeat","background-position":"center center","background-size":"auto","background-attachment":"scroll","background-type":"","background-media":"","overlay-type":"","overlay-color":"","overlay-opacity":"","overlay-gradient":""},"mobile":{"background-color":"var(--ast-global-color-5)","background-image":"","background-repeat":"repeat","background-position":"center center","background-size":"auto","background-attachment":"scroll","background-type":"","background-media":"","overlay-type":"","overlay-color":"","overlay-opacity":"","overlay-gradient":""}},"footnotes":""},"categories":[31],"tags":[],"class_list":["post-39162","post","type-post","status-publish","format-standard","has-post-thumbnail","hentry","category-aktuality"],"yoast_head":"<!-- This site is optimized with the Yoast SEO plugin v27.4 - https:\/\/yoast.com\/product\/yoast-seo-wordpress\/ -->\n<title>Hrad Stre\u010dno sm\u00fati za n\u00e1v\u0161tevn\u00edkmi - Pova\u017esk\u00e9 m\u00fazeum<\/title>\n<meta name=\"robots\" content=\"index, follow, max-snippet:-1, max-image-preview:large, max-video-preview:-1\" \/>\n<link rel=\"canonical\" href=\"https:\/\/pmza.sk\/?p=39162\" \/>\n<meta property=\"og:locale\" content=\"sk_SK\" \/>\n<meta property=\"og:type\" content=\"article\" \/>\n<meta property=\"og:title\" content=\"Hrad Stre\u010dno sm\u00fati za n\u00e1v\u0161tevn\u00edkmi - Pova\u017esk\u00e9 m\u00fazeum\" \/>\n<meta property=\"og:description\" content=\"Pln\u00e9 n\u00e1dvorie, pestr\u00fd program, v\u00fdborn\u00e1 kuchy\u0148a a\u00a0hlasn\u00e9 v\u00fdstrely z\u00a0dela. Takto nejako by to pravdepodobne vyzeralo na sl\u00e1vnostnom otvoren\u00ed hradu Stre\u010dno. Za\u010d\u00ednala by \u010fal\u0161ia podujatiami nabit\u00e1 sez\u00f3na a\u00a0hrad na brale by otvorenou br\u00e1nou v\u00edtal tis\u00edce n\u00e1v\u0161tevn\u00edkov. Ve\u010f na t\u00fato pr\u00edle\u017eitos\u0165 \u010dakal cel\u00fa zimu. V\u00a0dne\u0161nej situ\u00e1cii ni\u010d z\u00a0toho nie je mo\u017en\u00e9. Pracovn\u00edci Pova\u017esk\u00e9ho m\u00fazea v\u00a0\u017diline napriek tomu [&hellip;]\" \/>\n<meta property=\"og:url\" content=\"https:\/\/pmza.sk\/?p=39162\" \/>\n<meta property=\"og:site_name\" content=\"Pova\u017esk\u00e9 m\u00fazeum\" \/>\n<meta property=\"article:publisher\" content=\"https:\/\/www.facebook.com\/povazskemuzeum\" \/>\n<meta property=\"article:published_time\" content=\"2020-04-27T07:23:30+00:00\" \/>\n<meta property=\"og:image\" content=\"https:\/\/pmza.sk\/wp-content\/uploads\/2020\/04\/hrad-Strecno.jpg\" \/>\n\t<meta property=\"og:image:width\" content=\"1152\" \/>\n\t<meta property=\"og:image:height\" content=\"768\" \/>\n\t<meta property=\"og:image:type\" content=\"image\/jpeg\" \/>\n<meta name=\"author\" content=\"Pova\u017esk\u00e9 m\u00fazeum\" \/>\n<meta name=\"twitter:card\" content=\"summary_large_image\" \/>\n<meta name=\"twitter:label1\" content=\"Autor\" \/>\n\t<meta name=\"twitter:data1\" content=\"Pova\u017esk\u00e9 m\u00fazeum\" \/>\n\t<meta name=\"twitter:label2\" content=\"Predpokladan\u00fd \u010das \u010d\u00edtania\" \/>\n\t<meta name=\"twitter:data2\" content=\"3 min\u00faty\" \/>\n<script type=\"application\/ld+json\" class=\"yoast-schema-graph\">{\"@context\":\"https:\\\/\\\/schema.org\",\"@graph\":[{\"@type\":\"Article\",\"@id\":\"https:\\\/\\\/pmza.sk\\\/?p=39162#article\",\"isPartOf\":{\"@id\":\"https:\\\/\\\/pmza.sk\\\/?p=39162\"},\"author\":{\"name\":\"Pova\u017esk\u00e9 m\u00fazeum\",\"@id\":\"https:\\\/\\\/pmza.sk\\\/#\\\/schema\\\/person\\\/595e6a2ce731ea94dcd5d7f50a41ae33\"},\"headline\":\"Hrad Stre\u010dno sm\u00fati za n\u00e1v\u0161tevn\u00edkmi\",\"datePublished\":\"2020-04-27T07:23:30+00:00\",\"mainEntityOfPage\":{\"@id\":\"https:\\\/\\\/pmza.sk\\\/?p=39162\"},\"wordCount\":533,\"publisher\":{\"@id\":\"https:\\\/\\\/pmza.sk\\\/#organization\"},\"image\":{\"@id\":\"https:\\\/\\\/pmza.sk\\\/?p=39162#primaryimage\"},\"thumbnailUrl\":\"https:\\\/\\\/pmza.sk\\\/wp-content\\\/uploads\\\/2020\\\/04\\\/hrad-Strecno.jpg\",\"articleSection\":[\"Aktuality\"],\"inLanguage\":\"sk-SK\"},{\"@type\":\"WebPage\",\"@id\":\"https:\\\/\\\/pmza.sk\\\/?p=39162\",\"url\":\"https:\\\/\\\/pmza.sk\\\/?p=39162\",\"name\":\"Hrad Stre\u010dno sm\u00fati za n\u00e1v\u0161tevn\u00edkmi - Pova\u017esk\u00e9 m\u00fazeum\",\"isPartOf\":{\"@id\":\"https:\\\/\\\/pmza.sk\\\/#website\"},\"primaryImageOfPage\":{\"@id\":\"https:\\\/\\\/pmza.sk\\\/?p=39162#primaryimage\"},\"image\":{\"@id\":\"https:\\\/\\\/pmza.sk\\\/?p=39162#primaryimage\"},\"thumbnailUrl\":\"https:\\\/\\\/pmza.sk\\\/wp-content\\\/uploads\\\/2020\\\/04\\\/hrad-Strecno.jpg\",\"datePublished\":\"2020-04-27T07:23:30+00:00\",\"breadcrumb\":{\"@id\":\"https:\\\/\\\/pmza.sk\\\/?p=39162#breadcrumb\"},\"inLanguage\":\"sk-SK\",\"potentialAction\":[{\"@type\":\"ReadAction\",\"target\":[\"https:\\\/\\\/pmza.sk\\\/?p=39162\"]}]},{\"@type\":\"ImageObject\",\"inLanguage\":\"sk-SK\",\"@id\":\"https:\\\/\\\/pmza.sk\\\/?p=39162#primaryimage\",\"url\":\"https:\\\/\\\/pmza.sk\\\/wp-content\\\/uploads\\\/2020\\\/04\\\/hrad-Strecno.jpg\",\"contentUrl\":\"https:\\\/\\\/pmza.sk\\\/wp-content\\\/uploads\\\/2020\\\/04\\\/hrad-Strecno.jpg\",\"width\":1152,\"height\":768},{\"@type\":\"BreadcrumbList\",\"@id\":\"https:\\\/\\\/pmza.sk\\\/?p=39162#breadcrumb\",\"itemListElement\":[{\"@type\":\"ListItem\",\"position\":1,\"name\":\"Domovsk\u00e1 str\u00e1nka\",\"item\":\"https:\\\/\\\/pmza.sk\\\/\"},{\"@type\":\"ListItem\",\"position\":2,\"name\":\"Hrad Stre\u010dno sm\u00fati za n\u00e1v\u0161tevn\u00edkmi\"}]},{\"@type\":\"WebSite\",\"@id\":\"https:\\\/\\\/pmza.sk\\\/#website\",\"url\":\"https:\\\/\\\/pmza.sk\\\/\",\"name\":\"Pova\u017esk\u00e9 m\u00fazeum\",\"description\":\"Pova\u017esk\u00e9 m\u00fazeum v \u017diline je region\u00e1lne m\u00fazeum so s\u00eddlom v Budat\u00edne. Jeho expoz\u00edcie s\u00fa zameran\u00e9 na dejiny slovensk\u00e9ho umenia, kult\u00fary a dopravy.\",\"publisher\":{\"@id\":\"https:\\\/\\\/pmza.sk\\\/#organization\"},\"potentialAction\":[{\"@type\":\"SearchAction\",\"target\":{\"@type\":\"EntryPoint\",\"urlTemplate\":\"https:\\\/\\\/pmza.sk\\\/?s={search_term_string}\"},\"query-input\":{\"@type\":\"PropertyValueSpecification\",\"valueRequired\":true,\"valueName\":\"search_term_string\"}}],\"inLanguage\":\"sk-SK\"},{\"@type\":\"Organization\",\"@id\":\"https:\\\/\\\/pmza.sk\\\/#organization\",\"name\":\"Pova\u017esk\u00e9 m\u00fazeum\",\"url\":\"https:\\\/\\\/pmza.sk\\\/\",\"logo\":{\"@type\":\"ImageObject\",\"inLanguage\":\"sk-SK\",\"@id\":\"https:\\\/\\\/pmza.sk\\\/#\\\/schema\\\/logo\\\/image\\\/\",\"url\":\"https:\\\/\\\/pmza.sk\\\/wp-content\\\/uploads\\\/2022\\\/01\\\/logo_PM_horizontal.jpg\",\"contentUrl\":\"https:\\\/\\\/pmza.sk\\\/wp-content\\\/uploads\\\/2022\\\/01\\\/logo_PM_horizontal.jpg\",\"width\":231,\"height\":142,\"caption\":\"Pova\u017esk\u00e9 m\u00fazeum\"},\"image\":{\"@id\":\"https:\\\/\\\/pmza.sk\\\/#\\\/schema\\\/logo\\\/image\\\/\"},\"sameAs\":[\"https:\\\/\\\/www.facebook.com\\\/povazskemuzeum\",\"https:\\\/\\\/www.instagram.com\\\/povazskemuzeum\\\/\"]},{\"@type\":\"Person\",\"@id\":\"https:\\\/\\\/pmza.sk\\\/#\\\/schema\\\/person\\\/595e6a2ce731ea94dcd5d7f50a41ae33\",\"name\":\"Pova\u017esk\u00e9 m\u00fazeum\",\"image\":{\"@type\":\"ImageObject\",\"inLanguage\":\"sk-SK\",\"@id\":\"https:\\\/\\\/secure.gravatar.com\\\/avatar\\\/2bb7f1561282132fb5826dfeccc66c7996d11ee392ac6aaf7ced8a1c2027fbb2?s=96&d=mm&r=g\",\"url\":\"https:\\\/\\\/secure.gravatar.com\\\/avatar\\\/2bb7f1561282132fb5826dfeccc66c7996d11ee392ac6aaf7ced8a1c2027fbb2?s=96&d=mm&r=g\",\"contentUrl\":\"https:\\\/\\\/secure.gravatar.com\\\/avatar\\\/2bb7f1561282132fb5826dfeccc66c7996d11ee392ac6aaf7ced8a1c2027fbb2?s=96&d=mm&r=g\",\"caption\":\"Pova\u017esk\u00e9 m\u00fazeum\"}}]}<\/script>\n<!-- \/ Yoast SEO plugin. -->","yoast_head_json":{"title":"Hrad Stre\u010dno sm\u00fati za n\u00e1v\u0161tevn\u00edkmi - Pova\u017esk\u00e9 m\u00fazeum","robots":{"index":"index","follow":"follow","max-snippet":"max-snippet:-1","max-image-preview":"max-image-preview:large","max-video-preview":"max-video-preview:-1"},"canonical":"https:\/\/pmza.sk\/?p=39162","og_locale":"sk_SK","og_type":"article","og_title":"Hrad Stre\u010dno sm\u00fati za n\u00e1v\u0161tevn\u00edkmi - Pova\u017esk\u00e9 m\u00fazeum","og_description":"Pln\u00e9 n\u00e1dvorie, pestr\u00fd program, v\u00fdborn\u00e1 kuchy\u0148a a\u00a0hlasn\u00e9 v\u00fdstrely z\u00a0dela. Takto nejako by to pravdepodobne vyzeralo na sl\u00e1vnostnom otvoren\u00ed hradu Stre\u010dno. Za\u010d\u00ednala by \u010fal\u0161ia podujatiami nabit\u00e1 sez\u00f3na a\u00a0hrad na brale by otvorenou br\u00e1nou v\u00edtal tis\u00edce n\u00e1v\u0161tevn\u00edkov. Ve\u010f na t\u00fato pr\u00edle\u017eitos\u0165 \u010dakal cel\u00fa zimu. V\u00a0dne\u0161nej situ\u00e1cii ni\u010d z\u00a0toho nie je mo\u017en\u00e9. Pracovn\u00edci Pova\u017esk\u00e9ho m\u00fazea v\u00a0\u017diline napriek tomu [&hellip;]","og_url":"https:\/\/pmza.sk\/?p=39162","og_site_name":"Pova\u017esk\u00e9 m\u00fazeum","article_publisher":"https:\/\/www.facebook.com\/povazskemuzeum","article_published_time":"2020-04-27T07:23:30+00:00","og_image":[{"width":1152,"height":768,"url":"https:\/\/pmza.sk\/wp-content\/uploads\/2020\/04\/hrad-Strecno.jpg","type":"image\/jpeg"}],"author":"Pova\u017esk\u00e9 m\u00fazeum","twitter_card":"summary_large_image","twitter_misc":{"Autor":"Pova\u017esk\u00e9 m\u00fazeum","Predpokladan\u00fd \u010das \u010d\u00edtania":"3 min\u00faty"},"schema":{"@context":"https:\/\/schema.org","@graph":[{"@type":"Article","@id":"https:\/\/pmza.sk\/?p=39162#article","isPartOf":{"@id":"https:\/\/pmza.sk\/?p=39162"},"author":{"name":"Pova\u017esk\u00e9 m\u00fazeum","@id":"https:\/\/pmza.sk\/#\/schema\/person\/595e6a2ce731ea94dcd5d7f50a41ae33"},"headline":"Hrad Stre\u010dno sm\u00fati za n\u00e1v\u0161tevn\u00edkmi","datePublished":"2020-04-27T07:23:30+00:00","mainEntityOfPage":{"@id":"https:\/\/pmza.sk\/?p=39162"},"wordCount":533,"publisher":{"@id":"https:\/\/pmza.sk\/#organization"},"image":{"@id":"https:\/\/pmza.sk\/?p=39162#primaryimage"},"thumbnailUrl":"https:\/\/pmza.sk\/wp-content\/uploads\/2020\/04\/hrad-Strecno.jpg","articleSection":["Aktuality"],"inLanguage":"sk-SK"},{"@type":"WebPage","@id":"https:\/\/pmza.sk\/?p=39162","url":"https:\/\/pmza.sk\/?p=39162","name":"Hrad Stre\u010dno sm\u00fati za n\u00e1v\u0161tevn\u00edkmi - Pova\u017esk\u00e9 m\u00fazeum","isPartOf":{"@id":"https:\/\/pmza.sk\/#website"},"primaryImageOfPage":{"@id":"https:\/\/pmza.sk\/?p=39162#primaryimage"},"image":{"@id":"https:\/\/pmza.sk\/?p=39162#primaryimage"},"thumbnailUrl":"https:\/\/pmza.sk\/wp-content\/uploads\/2020\/04\/hrad-Strecno.jpg","datePublished":"2020-04-27T07:23:30+00:00","breadcrumb":{"@id":"https:\/\/pmza.sk\/?p=39162#breadcrumb"},"inLanguage":"sk-SK","potentialAction":[{"@type":"ReadAction","target":["https:\/\/pmza.sk\/?p=39162"]}]},{"@type":"ImageObject","inLanguage":"sk-SK","@id":"https:\/\/pmza.sk\/?p=39162#primaryimage","url":"https:\/\/pmza.sk\/wp-content\/uploads\/2020\/04\/hrad-Strecno.jpg","contentUrl":"https:\/\/pmza.sk\/wp-content\/uploads\/2020\/04\/hrad-Strecno.jpg","width":1152,"height":768},{"@type":"BreadcrumbList","@id":"https:\/\/pmza.sk\/?p=39162#breadcrumb","itemListElement":[{"@type":"ListItem","position":1,"name":"Domovsk\u00e1 str\u00e1nka","item":"https:\/\/pmza.sk\/"},{"@type":"ListItem","position":2,"name":"Hrad Stre\u010dno sm\u00fati za n\u00e1v\u0161tevn\u00edkmi"}]},{"@type":"WebSite","@id":"https:\/\/pmza.sk\/#website","url":"https:\/\/pmza.sk\/","name":"Pova\u017esk\u00e9 m\u00fazeum","description":"Pova\u017esk\u00e9 m\u00fazeum v \u017diline je region\u00e1lne m\u00fazeum so s\u00eddlom v Budat\u00edne. Jeho expoz\u00edcie s\u00fa zameran\u00e9 na dejiny slovensk\u00e9ho umenia, kult\u00fary a dopravy.","publisher":{"@id":"https:\/\/pmza.sk\/#organization"},"potentialAction":[{"@type":"SearchAction","target":{"@type":"EntryPoint","urlTemplate":"https:\/\/pmza.sk\/?s={search_term_string}"},"query-input":{"@type":"PropertyValueSpecification","valueRequired":true,"valueName":"search_term_string"}}],"inLanguage":"sk-SK"},{"@type":"Organization","@id":"https:\/\/pmza.sk\/#organization","name":"Pova\u017esk\u00e9 m\u00fazeum","url":"https:\/\/pmza.sk\/","logo":{"@type":"ImageObject","inLanguage":"sk-SK","@id":"https:\/\/pmza.sk\/#\/schema\/logo\/image\/","url":"https:\/\/pmza.sk\/wp-content\/uploads\/2022\/01\/logo_PM_horizontal.jpg","contentUrl":"https:\/\/pmza.sk\/wp-content\/uploads\/2022\/01\/logo_PM_horizontal.jpg","width":231,"height":142,"caption":"Pova\u017esk\u00e9 m\u00fazeum"},"image":{"@id":"https:\/\/pmza.sk\/#\/schema\/logo\/image\/"},"sameAs":["https:\/\/www.facebook.com\/povazskemuzeum","https:\/\/www.instagram.com\/povazskemuzeum\/"]},{"@type":"Person","@id":"https:\/\/pmza.sk\/#\/schema\/person\/595e6a2ce731ea94dcd5d7f50a41ae33","name":"Pova\u017esk\u00e9 m\u00fazeum","image":{"@type":"ImageObject","inLanguage":"sk-SK","@id":"https:\/\/secure.gravatar.com\/avatar\/2bb7f1561282132fb5826dfeccc66c7996d11ee392ac6aaf7ced8a1c2027fbb2?s=96&d=mm&r=g","url":"https:\/\/secure.gravatar.com\/avatar\/2bb7f1561282132fb5826dfeccc66c7996d11ee392ac6aaf7ced8a1c2027fbb2?s=96&d=mm&r=g","contentUrl":"https:\/\/secure.gravatar.com\/avatar\/2bb7f1561282132fb5826dfeccc66c7996d11ee392ac6aaf7ced8a1c2027fbb2?s=96&d=mm&r=g","caption":"Pova\u017esk\u00e9 m\u00fazeum"}}]}},"_links":{"self":[{"href":"https:\/\/pmza.sk\/index.php?rest_route=\/wp\/v2\/posts\/39162","targetHints":{"allow":["GET"]}}],"collection":[{"href":"https:\/\/pmza.sk\/index.php?rest_route=\/wp\/v2\/posts"}],"about":[{"href":"https:\/\/pmza.sk\/index.php?rest_route=\/wp\/v2\/types\/post"}],"author":[{"embeddable":true,"href":"https:\/\/pmza.sk\/index.php?rest_route=\/wp\/v2\/users\/2"}],"replies":[{"embeddable":true,"href":"https:\/\/pmza.sk\/index.php?rest_route=%2Fwp%2Fv2%2Fcomments&post=39162"}],"version-history":[{"count":0,"href":"https:\/\/pmza.sk\/index.php?rest_route=\/wp\/v2\/posts\/39162\/revisions"}],"wp:featuredmedia":[{"embeddable":true,"href":"https:\/\/pmza.sk\/index.php?rest_route=\/wp\/v2\/media\/39168"}],"wp:attachment":[{"href":"https:\/\/pmza.sk\/index.php?rest_route=%2Fwp%2Fv2%2Fmedia&parent=39162"}],"wp:term":[{"taxonomy":"category","embeddable":true,"href":"https:\/\/pmza.sk\/index.php?rest_route=%2Fwp%2Fv2%2Fcategories&post=39162"},{"taxonomy":"post_tag","embeddable":true,"href":"https:\/\/pmza.sk\/index.php?rest_route=%2Fwp%2Fv2%2Ftags&post=39162"}],"curies":[{"name":"wp","href":"https:\/\/api.w.org\/{rel}","templated":true}]}}