{"id":3919,"date":"2011-09-20T08:56:16","date_gmt":"2011-09-20T06:56:16","guid":{"rendered":"https:\/\/pmza.sk.sk\/?p=3919"},"modified":"2011-09-20T08:56:16","modified_gmt":"2011-09-20T06:56:16","slug":"medzi-nami","status":"publish","type":"post","link":"https:\/\/pmza.sk\/?p=3919","title":{"rendered":"Medzi nami"},"content":{"rendered":"<p><strong><\/strong><a href=\"https:\/\/pmza.sk\/wp-content\/uploads\/2011\/09\/mhuljak.jpg\"><img fetchpriority=\"high\" decoding=\"async\" class=\"alignleft size-medium wp-image-3920\" style=\"margin: 4px; border: 2px solid black;\" title=\"mhuljak\" src=\"https:\/\/pmza.sk.sk\/wp-content\/uploads\/2011\/09\/mhuljak-199x300.jpg\" alt=\"\" width=\"199\" height=\"300\" \/><\/a><span style=\"color: #ff0000;\"><strong>Miesto:<\/strong> Sob\u00e1\u0161ny pal\u00e1c v Byt\u010di<\/span><br \/>\n<span style=\"color: #ff0000;\"><strong>D\u00e1tum:<\/strong> 22. 09. 2011 &#8211; 18. 11. 2011<\/span><br \/>\n<span style=\"color: #ff0000;\"><strong>\u010cas:<\/strong> 9.00 &#8211; 17.00 hod.<\/span><\/p>\n<p>Medzi nami je n\u00e1zov v\u00fdstavy mlad\u00fdch byt\u010dianskych v\u00fdtvarn\u00edkov Evy Ciesar\u00edkovej a\u00a0Marcela Huljaka, ktor\u00e1 bude nain\u0161talovan\u00e1 v\u00a0Sob\u00e1\u0161nom pal\u00e1ci v\u00a0Byt\u010di od 22. septembra do 18. novembra 2011. Obaja autori maj\u00fa za sebou nieko\u013eko spolo\u010dn\u00fdch projektov. Pred desiatimi rokmi vystavovali aj v\u00a0Sob\u00e1\u0161nom pal\u00e1ci v\u00a0Byt\u010di, no nesk\u00f4r sa ich cesty rozi\u0161li. Novou v\u00fdstavou <strong>Medzi nami<\/strong> prezentuj\u00fa autori spolo\u010dn\u00e9 my\u0161lienky na umenie ako i\u00a0na \u00a0svet prostredn\u00edctvom svojich fotografi\u00ed, malieb, graf\u00edk a\u00a0kresieb.<!--more--><\/p>\n<p><strong>Eva Ciesar\u00edkov\u00e1,<\/strong> absolventka \u0160koly \u00fa\u017eitkov\u00e9ho v\u00fdtvarn\u00edctva v\u00a0Lednick\u00fdch Rovniach \u2013 odbor ma\u013eovanie a\u00a0leptanie skla, sa predstav\u00ed svojimi fantazijn\u00fdmi ma\u013ebami, vytvoren\u00fdmi akrylom a\u00a0tu\u0161om. \u201e<em>Vo svojej tvorbe som sa viac ako desa\u0165 rokov venovala preva\u017ene kresbe a\u00a0ma\u013ebe. V\u00a0Sob\u00e1\u0161nom pal\u00e1ci v\u00a0Byt\u010di \u00a0budem prv\u00fdkr\u00e1t prezentova\u0165 aj fotografie, ktor\u00e9 s\u00fa tematicky zameran\u00e9 na umeleck\u00e9 stv\u00e1rnenie tunelov z\u00a0r\u00f4znych mojich ciest,\u201c<\/em> povedala Eva Ciesar\u00edkov\u00e1.<\/p>\n<p><strong>Marcel Huljak,<\/strong> popri \u0161t\u00fadiu na Strednej umeleckej \u0161kole sc\u00e9nick\u00e9ho v\u00fdtvarn\u00edctva v\u00a0Bratislave &#8211; odbor Umelecko-remeseln\u00e9 sprac\u00favanie dreva a\u00a0rezb\u00e1rstvo, za\u010dal experimentova\u0165 aj s\u00a0fotografiou a\u00a0fotografick\u00fdmi technikami. \u201eO<em>krem v\u00fdberu graf\u00edk a\u00a0kresieb z\u00a0obdobia 2002 a\u017e 2011 si bud\u00fa m\u00f4c\u0165 n\u00e1v\u0161tevn\u00edci pal\u00e1ca pozrie\u0165 viacero fotografick\u00fdch momentov z p\u00e4\u0165ro\u010dnej tvorby dokument\u00e1rnej fotografie, ktor\u00e1 mapuje tane\u010dn\u00e9 vyst\u00fapenia \u017eiakov ZU\u0160 Byt\u010da<\/em>,\u201c dodal Marcel Huljak.<\/p>\n<p>Vernis\u00e1\u017e v\u00fdstavy <strong>Medzi nami<\/strong> vo \u0161tvrtok 22. septembra 2011 o\u00a018,00h bude spojen\u00e1 s\u00a0 vyst\u00fapen\u00edm \u017eilinsk\u00e9ho hudobn\u00edka Mat\u00fa\u0161a Dobe\u0161a\u00a0 a\u00a0tane\u010dn\u00e9ho s\u00faboru ZU\u0160 Byt\u010da pod veden\u00edm Marty Bu\u0161fy. V\u00fdstava bude spr\u00edstupnen\u00e1 verejnosti do 18. novembra 2011. Organiz\u00e1torom v\u00fdstavy je \u017dilinsk\u00fd samospr\u00e1vny kraj a\u00a0Pova\u017esk\u00e9 m\u00fazeum v\u00a0\u017diline.<\/p>\n","protected":false},"excerpt":{"rendered":"<p>Miesto: Sob\u00e1\u0161ny pal\u00e1c v Byt\u010di D\u00e1tum: 22. 09. 2011 &#8211; 18. 11. 2011 \u010cas: 9.00 &#8211; 17.00 hod. Medzi nami je n\u00e1zov v\u00fdstavy mlad\u00fdch byt\u010dianskych v\u00fdtvarn\u00edkov Evy Ciesar\u00edkovej a\u00a0Marcela Huljaka, ktor\u00e1 bude nain\u0161talovan\u00e1 v\u00a0Sob\u00e1\u0161nom pal\u00e1ci v\u00a0Byt\u010di od 22. septembra do 18. novembra 2011. Obaja autori maj\u00fa za sebou nieko\u013eko spolo\u010dn\u00fdch projektov. Pred desiatimi rokmi vystavovali [&hellip;]<\/p>\n","protected":false},"author":1,"featured_media":0,"comment_status":"closed","ping_status":"closed","sticky":false,"template":"","format":"standard","meta":{"site-sidebar-layout":"default","site-content-layout":"","ast-site-content-layout":"","site-content-style":"default","site-sidebar-style":"default","ast-global-header-display":"","ast-banner-title-visibility":"","ast-main-header-display":"","ast-hfb-above-header-display":"","ast-hfb-below-header-display":"","ast-hfb-mobile-header-display":"","site-post-title":"","ast-breadcrumbs-content":"","ast-featured-img":"","footer-sml-layout":"","theme-transparent-header-meta":"","adv-header-id-meta":"","stick-header-meta":"","header-above-stick-meta":"","header-main-stick-meta":"","header-below-stick-meta":"","astra-migrate-meta-layouts":"default","ast-page-background-enabled":"default","ast-page-background-meta":{"desktop":{"background-color":"var(--ast-global-color-4)","background-image":"","background-repeat":"repeat","background-position":"center center","background-size":"auto","background-attachment":"scroll","background-type":"","background-media":"","overlay-type":"","overlay-color":"","overlay-opacity":"","overlay-gradient":""},"tablet":{"background-color":"","background-image":"","background-repeat":"repeat","background-position":"center center","background-size":"auto","background-attachment":"scroll","background-type":"","background-media":"","overlay-type":"","overlay-color":"","overlay-opacity":"","overlay-gradient":""},"mobile":{"background-color":"","background-image":"","background-repeat":"repeat","background-position":"center center","background-size":"auto","background-attachment":"scroll","background-type":"","background-media":"","overlay-type":"","overlay-color":"","overlay-opacity":"","overlay-gradient":""}},"ast-content-background-meta":{"desktop":{"background-color":"var(--ast-global-color-5)","background-image":"","background-repeat":"repeat","background-position":"center center","background-size":"auto","background-attachment":"scroll","background-type":"","background-media":"","overlay-type":"","overlay-color":"","overlay-opacity":"","overlay-gradient":""},"tablet":{"background-color":"var(--ast-global-color-5)","background-image":"","background-repeat":"repeat","background-position":"center center","background-size":"auto","background-attachment":"scroll","background-type":"","background-media":"","overlay-type":"","overlay-color":"","overlay-opacity":"","overlay-gradient":""},"mobile":{"background-color":"var(--ast-global-color-5)","background-image":"","background-repeat":"repeat","background-position":"center center","background-size":"auto","background-attachment":"scroll","background-type":"","background-media":"","overlay-type":"","overlay-color":"","overlay-opacity":"","overlay-gradient":""}},"footnotes":""},"categories":[30],"tags":[],"class_list":["post-3919","post","type-post","status-publish","format-standard","hentry","category-archiv-2011"],"yoast_head":"<!-- This site is optimized with the Yoast SEO plugin v27.4 - https:\/\/yoast.com\/product\/yoast-seo-wordpress\/ -->\n<title>Medzi nami - Pova\u017esk\u00e9 m\u00fazeum<\/title>\n<meta name=\"robots\" content=\"index, follow, max-snippet:-1, max-image-preview:large, max-video-preview:-1\" \/>\n<link rel=\"canonical\" href=\"https:\/\/pmza.sk\/?p=3919\" \/>\n<meta property=\"og:locale\" content=\"sk_SK\" \/>\n<meta property=\"og:type\" content=\"article\" \/>\n<meta property=\"og:title\" content=\"Medzi nami - Pova\u017esk\u00e9 m\u00fazeum\" \/>\n<meta property=\"og:description\" content=\"Miesto: Sob\u00e1\u0161ny pal\u00e1c v Byt\u010di D\u00e1tum: 22. 09. 2011 &#8211; 18. 11. 2011 \u010cas: 9.00 &#8211; 17.00 hod. Medzi nami je n\u00e1zov v\u00fdstavy mlad\u00fdch byt\u010dianskych v\u00fdtvarn\u00edkov Evy Ciesar\u00edkovej a\u00a0Marcela Huljaka, ktor\u00e1 bude nain\u0161talovan\u00e1 v\u00a0Sob\u00e1\u0161nom pal\u00e1ci v\u00a0Byt\u010di od 22. septembra do 18. novembra 2011. Obaja autori maj\u00fa za sebou nieko\u013eko spolo\u010dn\u00fdch projektov. Pred desiatimi rokmi vystavovali [&hellip;]\" \/>\n<meta property=\"og:url\" content=\"https:\/\/pmza.sk\/?p=3919\" \/>\n<meta property=\"og:site_name\" content=\"Pova\u017esk\u00e9 m\u00fazeum\" \/>\n<meta property=\"article:publisher\" content=\"https:\/\/www.facebook.com\/povazskemuzeum\" \/>\n<meta property=\"article:published_time\" content=\"2011-09-20T06:56:16+00:00\" \/>\n<meta property=\"og:image\" content=\"https:\/\/pmza.sk.sk\/wp-content\/uploads\/2011\/09\/mhuljak-199x300.jpg\" \/>\n<meta name=\"author\" content=\"libor\" \/>\n<meta name=\"twitter:card\" content=\"summary_large_image\" \/>\n<meta name=\"twitter:label1\" content=\"Autor\" \/>\n\t<meta name=\"twitter:data1\" content=\"libor\" \/>\n\t<meta name=\"twitter:label2\" content=\"Predpokladan\u00fd \u010das \u010d\u00edtania\" \/>\n\t<meta name=\"twitter:data2\" content=\"2 min\u00faty\" \/>\n<script type=\"application\/ld+json\" class=\"yoast-schema-graph\">{\"@context\":\"https:\\\/\\\/schema.org\",\"@graph\":[{\"@type\":\"Article\",\"@id\":\"https:\\\/\\\/pmza.sk\\\/?p=3919#article\",\"isPartOf\":{\"@id\":\"https:\\\/\\\/pmza.sk\\\/?p=3919\"},\"author\":{\"name\":\"libor\",\"@id\":\"https:\\\/\\\/pmza.sk\\\/#\\\/schema\\\/person\\\/f0b923a9aa8e1f67feef0d7cd9afde35\"},\"headline\":\"Medzi nami\",\"datePublished\":\"2011-09-20T06:56:16+00:00\",\"mainEntityOfPage\":{\"@id\":\"https:\\\/\\\/pmza.sk\\\/?p=3919\"},\"wordCount\":337,\"publisher\":{\"@id\":\"https:\\\/\\\/pmza.sk\\\/#organization\"},\"image\":{\"@id\":\"https:\\\/\\\/pmza.sk\\\/?p=3919#primaryimage\"},\"thumbnailUrl\":\"http:\\\/\\\/pmza.sk.sk\\\/wp-content\\\/uploads\\\/2011\\\/09\\\/mhuljak-199x300.jpg\",\"articleSection\":[\"Arch\u00edv 2011\"],\"inLanguage\":\"sk-SK\"},{\"@type\":\"WebPage\",\"@id\":\"https:\\\/\\\/pmza.sk\\\/?p=3919\",\"url\":\"https:\\\/\\\/pmza.sk\\\/?p=3919\",\"name\":\"Medzi nami - Pova\u017esk\u00e9 m\u00fazeum\",\"isPartOf\":{\"@id\":\"https:\\\/\\\/pmza.sk\\\/#website\"},\"primaryImageOfPage\":{\"@id\":\"https:\\\/\\\/pmza.sk\\\/?p=3919#primaryimage\"},\"image\":{\"@id\":\"https:\\\/\\\/pmza.sk\\\/?p=3919#primaryimage\"},\"thumbnailUrl\":\"http:\\\/\\\/pmza.sk.sk\\\/wp-content\\\/uploads\\\/2011\\\/09\\\/mhuljak-199x300.jpg\",\"datePublished\":\"2011-09-20T06:56:16+00:00\",\"breadcrumb\":{\"@id\":\"https:\\\/\\\/pmza.sk\\\/?p=3919#breadcrumb\"},\"inLanguage\":\"sk-SK\",\"potentialAction\":[{\"@type\":\"ReadAction\",\"target\":[\"https:\\\/\\\/pmza.sk\\\/?p=3919\"]}]},{\"@type\":\"ImageObject\",\"inLanguage\":\"sk-SK\",\"@id\":\"https:\\\/\\\/pmza.sk\\\/?p=3919#primaryimage\",\"url\":\"http:\\\/\\\/pmza.sk.sk\\\/wp-content\\\/uploads\\\/2011\\\/09\\\/mhuljak-199x300.jpg\",\"contentUrl\":\"http:\\\/\\\/pmza.sk.sk\\\/wp-content\\\/uploads\\\/2011\\\/09\\\/mhuljak-199x300.jpg\"},{\"@type\":\"BreadcrumbList\",\"@id\":\"https:\\\/\\\/pmza.sk\\\/?p=3919#breadcrumb\",\"itemListElement\":[{\"@type\":\"ListItem\",\"position\":1,\"name\":\"Domovsk\u00e1 str\u00e1nka\",\"item\":\"https:\\\/\\\/pmza.sk\\\/\"},{\"@type\":\"ListItem\",\"position\":2,\"name\":\"Medzi nami\"}]},{\"@type\":\"WebSite\",\"@id\":\"https:\\\/\\\/pmza.sk\\\/#website\",\"url\":\"https:\\\/\\\/pmza.sk\\\/\",\"name\":\"Pova\u017esk\u00e9 m\u00fazeum\",\"description\":\"Pova\u017esk\u00e9 m\u00fazeum v \u017diline je region\u00e1lne m\u00fazeum so s\u00eddlom v Budat\u00edne. Jeho expoz\u00edcie s\u00fa zameran\u00e9 na dejiny slovensk\u00e9ho umenia, kult\u00fary a dopravy.\",\"publisher\":{\"@id\":\"https:\\\/\\\/pmza.sk\\\/#organization\"},\"potentialAction\":[{\"@type\":\"SearchAction\",\"target\":{\"@type\":\"EntryPoint\",\"urlTemplate\":\"https:\\\/\\\/pmza.sk\\\/?s={search_term_string}\"},\"query-input\":{\"@type\":\"PropertyValueSpecification\",\"valueRequired\":true,\"valueName\":\"search_term_string\"}}],\"inLanguage\":\"sk-SK\"},{\"@type\":\"Organization\",\"@id\":\"https:\\\/\\\/pmza.sk\\\/#organization\",\"name\":\"Pova\u017esk\u00e9 m\u00fazeum\",\"url\":\"https:\\\/\\\/pmza.sk\\\/\",\"logo\":{\"@type\":\"ImageObject\",\"inLanguage\":\"sk-SK\",\"@id\":\"https:\\\/\\\/pmza.sk\\\/#\\\/schema\\\/logo\\\/image\\\/\",\"url\":\"https:\\\/\\\/pmza.sk\\\/wp-content\\\/uploads\\\/2022\\\/01\\\/logo_PM_horizontal.jpg\",\"contentUrl\":\"https:\\\/\\\/pmza.sk\\\/wp-content\\\/uploads\\\/2022\\\/01\\\/logo_PM_horizontal.jpg\",\"width\":231,\"height\":142,\"caption\":\"Pova\u017esk\u00e9 m\u00fazeum\"},\"image\":{\"@id\":\"https:\\\/\\\/pmza.sk\\\/#\\\/schema\\\/logo\\\/image\\\/\"},\"sameAs\":[\"https:\\\/\\\/www.facebook.com\\\/povazskemuzeum\",\"https:\\\/\\\/www.instagram.com\\\/povazskemuzeum\\\/\"]},{\"@type\":\"Person\",\"@id\":\"https:\\\/\\\/pmza.sk\\\/#\\\/schema\\\/person\\\/f0b923a9aa8e1f67feef0d7cd9afde35\",\"name\":\"libor\",\"image\":{\"@type\":\"ImageObject\",\"inLanguage\":\"sk-SK\",\"@id\":\"https:\\\/\\\/secure.gravatar.com\\\/avatar\\\/c583dbc698e594aacced1589eb8cf1673bd41d461e8b2ab635484ffc26fee7b0?s=96&d=mm&r=g\",\"url\":\"https:\\\/\\\/secure.gravatar.com\\\/avatar\\\/c583dbc698e594aacced1589eb8cf1673bd41d461e8b2ab635484ffc26fee7b0?s=96&d=mm&r=g\",\"contentUrl\":\"https:\\\/\\\/secure.gravatar.com\\\/avatar\\\/c583dbc698e594aacced1589eb8cf1673bd41d461e8b2ab635484ffc26fee7b0?s=96&d=mm&r=g\",\"caption\":\"libor\"}}]}<\/script>\n<!-- \/ Yoast SEO plugin. -->","yoast_head_json":{"title":"Medzi nami - Pova\u017esk\u00e9 m\u00fazeum","robots":{"index":"index","follow":"follow","max-snippet":"max-snippet:-1","max-image-preview":"max-image-preview:large","max-video-preview":"max-video-preview:-1"},"canonical":"https:\/\/pmza.sk\/?p=3919","og_locale":"sk_SK","og_type":"article","og_title":"Medzi nami - Pova\u017esk\u00e9 m\u00fazeum","og_description":"Miesto: Sob\u00e1\u0161ny pal\u00e1c v Byt\u010di D\u00e1tum: 22. 09. 2011 &#8211; 18. 11. 2011 \u010cas: 9.00 &#8211; 17.00 hod. Medzi nami je n\u00e1zov v\u00fdstavy mlad\u00fdch byt\u010dianskych v\u00fdtvarn\u00edkov Evy Ciesar\u00edkovej a\u00a0Marcela Huljaka, ktor\u00e1 bude nain\u0161talovan\u00e1 v\u00a0Sob\u00e1\u0161nom pal\u00e1ci v\u00a0Byt\u010di od 22. septembra do 18. novembra 2011. Obaja autori maj\u00fa za sebou nieko\u013eko spolo\u010dn\u00fdch projektov. Pred desiatimi rokmi vystavovali [&hellip;]","og_url":"https:\/\/pmza.sk\/?p=3919","og_site_name":"Pova\u017esk\u00e9 m\u00fazeum","article_publisher":"https:\/\/www.facebook.com\/povazskemuzeum","article_published_time":"2011-09-20T06:56:16+00:00","og_image":[{"url":"https:\/\/pmza.sk.sk\/wp-content\/uploads\/2011\/09\/mhuljak-199x300.jpg","type":"","width":"","height":""}],"author":"libor","twitter_card":"summary_large_image","twitter_misc":{"Autor":"libor","Predpokladan\u00fd \u010das \u010d\u00edtania":"2 min\u00faty"},"schema":{"@context":"https:\/\/schema.org","@graph":[{"@type":"Article","@id":"https:\/\/pmza.sk\/?p=3919#article","isPartOf":{"@id":"https:\/\/pmza.sk\/?p=3919"},"author":{"name":"libor","@id":"https:\/\/pmza.sk\/#\/schema\/person\/f0b923a9aa8e1f67feef0d7cd9afde35"},"headline":"Medzi nami","datePublished":"2011-09-20T06:56:16+00:00","mainEntityOfPage":{"@id":"https:\/\/pmza.sk\/?p=3919"},"wordCount":337,"publisher":{"@id":"https:\/\/pmza.sk\/#organization"},"image":{"@id":"https:\/\/pmza.sk\/?p=3919#primaryimage"},"thumbnailUrl":"https:\/\/pmza.sk.sk\/wp-content\/uploads\/2011\/09\/mhuljak-199x300.jpg","articleSection":["Arch\u00edv 2011"],"inLanguage":"sk-SK"},{"@type":"WebPage","@id":"https:\/\/pmza.sk\/?p=3919","url":"https:\/\/pmza.sk\/?p=3919","name":"Medzi nami - Pova\u017esk\u00e9 m\u00fazeum","isPartOf":{"@id":"https:\/\/pmza.sk\/#website"},"primaryImageOfPage":{"@id":"https:\/\/pmza.sk\/?p=3919#primaryimage"},"image":{"@id":"https:\/\/pmza.sk\/?p=3919#primaryimage"},"thumbnailUrl":"https:\/\/pmza.sk.sk\/wp-content\/uploads\/2011\/09\/mhuljak-199x300.jpg","datePublished":"2011-09-20T06:56:16+00:00","breadcrumb":{"@id":"https:\/\/pmza.sk\/?p=3919#breadcrumb"},"inLanguage":"sk-SK","potentialAction":[{"@type":"ReadAction","target":["https:\/\/pmza.sk\/?p=3919"]}]},{"@type":"ImageObject","inLanguage":"sk-SK","@id":"https:\/\/pmza.sk\/?p=3919#primaryimage","url":"https:\/\/pmza.sk.sk\/wp-content\/uploads\/2011\/09\/mhuljak-199x300.jpg","contentUrl":"https:\/\/pmza.sk.sk\/wp-content\/uploads\/2011\/09\/mhuljak-199x300.jpg"},{"@type":"BreadcrumbList","@id":"https:\/\/pmza.sk\/?p=3919#breadcrumb","itemListElement":[{"@type":"ListItem","position":1,"name":"Domovsk\u00e1 str\u00e1nka","item":"https:\/\/pmza.sk\/"},{"@type":"ListItem","position":2,"name":"Medzi nami"}]},{"@type":"WebSite","@id":"https:\/\/pmza.sk\/#website","url":"https:\/\/pmza.sk\/","name":"Pova\u017esk\u00e9 m\u00fazeum","description":"Pova\u017esk\u00e9 m\u00fazeum v \u017diline je region\u00e1lne m\u00fazeum so s\u00eddlom v Budat\u00edne. Jeho expoz\u00edcie s\u00fa zameran\u00e9 na dejiny slovensk\u00e9ho umenia, kult\u00fary a dopravy.","publisher":{"@id":"https:\/\/pmza.sk\/#organization"},"potentialAction":[{"@type":"SearchAction","target":{"@type":"EntryPoint","urlTemplate":"https:\/\/pmza.sk\/?s={search_term_string}"},"query-input":{"@type":"PropertyValueSpecification","valueRequired":true,"valueName":"search_term_string"}}],"inLanguage":"sk-SK"},{"@type":"Organization","@id":"https:\/\/pmza.sk\/#organization","name":"Pova\u017esk\u00e9 m\u00fazeum","url":"https:\/\/pmza.sk\/","logo":{"@type":"ImageObject","inLanguage":"sk-SK","@id":"https:\/\/pmza.sk\/#\/schema\/logo\/image\/","url":"https:\/\/pmza.sk\/wp-content\/uploads\/2022\/01\/logo_PM_horizontal.jpg","contentUrl":"https:\/\/pmza.sk\/wp-content\/uploads\/2022\/01\/logo_PM_horizontal.jpg","width":231,"height":142,"caption":"Pova\u017esk\u00e9 m\u00fazeum"},"image":{"@id":"https:\/\/pmza.sk\/#\/schema\/logo\/image\/"},"sameAs":["https:\/\/www.facebook.com\/povazskemuzeum","https:\/\/www.instagram.com\/povazskemuzeum\/"]},{"@type":"Person","@id":"https:\/\/pmza.sk\/#\/schema\/person\/f0b923a9aa8e1f67feef0d7cd9afde35","name":"libor","image":{"@type":"ImageObject","inLanguage":"sk-SK","@id":"https:\/\/secure.gravatar.com\/avatar\/c583dbc698e594aacced1589eb8cf1673bd41d461e8b2ab635484ffc26fee7b0?s=96&d=mm&r=g","url":"https:\/\/secure.gravatar.com\/avatar\/c583dbc698e594aacced1589eb8cf1673bd41d461e8b2ab635484ffc26fee7b0?s=96&d=mm&r=g","contentUrl":"https:\/\/secure.gravatar.com\/avatar\/c583dbc698e594aacced1589eb8cf1673bd41d461e8b2ab635484ffc26fee7b0?s=96&d=mm&r=g","caption":"libor"}}]}},"_links":{"self":[{"href":"https:\/\/pmza.sk\/index.php?rest_route=\/wp\/v2\/posts\/3919","targetHints":{"allow":["GET"]}}],"collection":[{"href":"https:\/\/pmza.sk\/index.php?rest_route=\/wp\/v2\/posts"}],"about":[{"href":"https:\/\/pmza.sk\/index.php?rest_route=\/wp\/v2\/types\/post"}],"author":[{"embeddable":true,"href":"https:\/\/pmza.sk\/index.php?rest_route=\/wp\/v2\/users\/1"}],"replies":[{"embeddable":true,"href":"https:\/\/pmza.sk\/index.php?rest_route=%2Fwp%2Fv2%2Fcomments&post=3919"}],"version-history":[{"count":0,"href":"https:\/\/pmza.sk\/index.php?rest_route=\/wp\/v2\/posts\/3919\/revisions"}],"wp:attachment":[{"href":"https:\/\/pmza.sk\/index.php?rest_route=%2Fwp%2Fv2%2Fmedia&parent=3919"}],"wp:term":[{"taxonomy":"category","embeddable":true,"href":"https:\/\/pmza.sk\/index.php?rest_route=%2Fwp%2Fv2%2Fcategories&post=3919"},{"taxonomy":"post_tag","embeddable":true,"href":"https:\/\/pmza.sk\/index.php?rest_route=%2Fwp%2Fv2%2Ftags&post=3919"}],"curies":[{"name":"wp","href":"https:\/\/api.w.org\/{rel}","templated":true}]}}