{"id":3922,"date":"2011-09-20T08:59:12","date_gmt":"2011-09-20T06:59:12","guid":{"rendered":"https:\/\/pmza.sk.sk\/?p=3922"},"modified":"2011-09-20T08:59:12","modified_gmt":"2011-09-20T06:59:12","slug":"trilogia-jedneho-sna","status":"publish","type":"post","link":"https:\/\/pmza.sk\/?p=3922","title":{"rendered":"Tril\u00f3gia jedn\u00e9ho sna"},"content":{"rendered":"<p><a href=\"https:\/\/pmza.sk\/wp-content\/uploads\/2011\/09\/Ursa-minor.jpg\"><img decoding=\"async\" class=\"alignleft size-medium wp-image-3923\" style=\"margin: 4px; border: 2px solid black;\" title=\"OLYMPUS DIGITAL CAMERA\" src=\"https:\/\/pmza.sk.sk\/wp-content\/uploads\/2011\/09\/Ursa-minor-144x300.jpg\" alt=\"\" width=\"144\" height=\"300\" \/><\/a>V\u00a0porad\u00ed XXVI. v\u00fdstava z popul\u00e1rneho cyklu Umenie na hrade Stre\u010dno predstav\u00ed prv\u00fa spolo\u010dn\u00fa v\u00fdstavu talentovan\u00fdch \u00a0skl\u00e1rskych v\u00fdtvarn\u00edkov z\u00a0Pova\u017eskej Bystrice, absolventov Strednej \u0161koly \u00fa\u017eitkov\u00e9ho v\u00fdtvarn\u00edctva v\u00a0Lednick\u00fdch Rovniach v\u00a0odbore br\u00fasenie skla. Pavol Poteck\u00fd, Andrej Bu\u0161ovsk\u00fd a\u00a0Vladim\u00edr Vakov od roku 2009 tvoria zoskupenie pod n\u00e1zvom Spolo\u010dnos\u0165 priate\u013eov skla, ktor\u00e1 sa venuje umeleck\u00e9mu a\u00a0\u00fa\u017eitkov\u00e9mu spracovaniu skla. Prv\u00fdm ve\u013ek\u00fdm projektom Spolo\u010dnosti priate\u013eov skla bola vitr\u00e1\u017e na mot\u00edvy Picassovej Guerniky, ktor\u00fa mohli vidie\u0165 n\u00e1v\u0161tevn\u00edci v\u00fdstavy Dal\u00ed, Mir\u00f3, Picasso v\u00a0are\u00e1li Budat\u00ednskeho hradu v\u00a0roku 2010.<\/p>\n<p><!--more-->Na hrade Stre\u010dno bud\u00fa vystaven\u00e9 obrazy a\u00a0objekty tvoren\u00e9 v\u00fdlu\u010dne Tiffany technikou.<\/p>\n<p>\u201e <em>Techniku spojovania mal\u00fdch \u010driepkov skla oby\u010dajn\u00fdm c\u00ednom objavil newyorsk\u00fd maliar a\u00a0n\u00e1vrh\u00e1r interi\u00e9rov Luis Comfort Tiffany. Jeho farebn\u00e9 lampy\u00a0 sa v\u00a0obdob\u00ed secesie stali ve\u013emi \u017eiadan\u00fdmi na celom svete a\u00a0vlastni\u0165 \u0161perky od Tiffanyho si v\u00a0tom \u010dase mohli dovoli\u0165 len t\u00ed najbohat\u0161\u00ed<\/em>,\u201c upozornil Andrej Bu\u0161ovsk\u00fd, jeden z\u00a0autorov v\u00fdstavy. Ka\u017ed\u00fd z\u00a0autorov Spolo\u010dnosti priate\u013eov skla spracoval touto technikou vlastn\u00fa t\u00e9mu, vniesol do nej \u0161pecifick\u00fd poh\u013ead, pri\u010dom v\u0161etci \u00a0boli spolo\u010dne in\u0161pirovan\u00ed pr\u00edrodou a\u00a0okolitou krajinou.<\/p>\n<p>\u201e <em>Tejto na\u0161ej prvej spolo\u010dnej v\u00fdstave sme dali n\u00e1zov \u00a0<strong>Tril\u00f3gia jedn\u00e9ho sna,<\/strong> kde chceme n\u00e1v\u0161tevn\u00edkom demon\u0161trova\u0165, \u017ee pr\u00e1ca so sklom je pre n\u00e1s ve\u013emi in\u0161piruj\u00faca a\u00a0podnetn\u00e1. V\u00a0podstate si \u0148ou nap\u013a\u0148ame jeden z\u00a0na\u0161ich snov<\/em>,\u201c povedal Vladim\u00edr Vakov, \u010fal\u0161\u00ed z\u00a0autorov.<br \/>\nVernis\u00e1\u017e v\u00fdstavy skla pod n\u00e1zvom \u00a0Tril\u00f3gia jedn\u00e9ho sna sa uskuto\u010dn\u00ed v\u00a0piatok 23. septembra 2011 o\u00a017,00h v\u00a0Severnom pal\u00e1ci hradu Stre\u010dno. Kur\u00e1torom v\u00fdstavy je doc. J\u00e1n Kudli\u010dka z Katedry v\u00fdtvarn\u00e9ho umenia Katol\u00edckej univerzity v Ru\u017eomberku, hudobn\u00fdm hos\u0165om vernis\u00e1\u017ee bude klavirista Vladim\u00edr Biz\u00edk. V\u00fdstava bude spr\u00edstupnen\u00e1 verejnosti do 1. novembra 2011. Organiz\u00e1torom v\u00fdstavy je \u017dilinsk\u00fd samospr\u00e1vny kraj a\u00a0Pova\u017esk\u00e9 m\u00fazeum v\u00a0\u017diline.<\/p>\n","protected":false},"excerpt":{"rendered":"<p>V\u00a0porad\u00ed XXVI. v\u00fdstava z popul\u00e1rneho cyklu Umenie na hrade Stre\u010dno predstav\u00ed prv\u00fa spolo\u010dn\u00fa v\u00fdstavu talentovan\u00fdch \u00a0skl\u00e1rskych v\u00fdtvarn\u00edkov z\u00a0Pova\u017eskej Bystrice, absolventov Strednej \u0161koly \u00fa\u017eitkov\u00e9ho v\u00fdtvarn\u00edctva v\u00a0Lednick\u00fdch Rovniach v\u00a0odbore br\u00fasenie skla. Pavol Poteck\u00fd, Andrej Bu\u0161ovsk\u00fd a\u00a0Vladim\u00edr Vakov od roku 2009 tvoria zoskupenie pod n\u00e1zvom Spolo\u010dnos\u0165 priate\u013eov skla, ktor\u00e1 sa venuje umeleck\u00e9mu a\u00a0\u00fa\u017eitkov\u00e9mu spracovaniu skla. Prv\u00fdm ve\u013ek\u00fdm projektom [&hellip;]<\/p>\n","protected":false},"author":1,"featured_media":0,"comment_status":"closed","ping_status":"closed","sticky":false,"template":"","format":"standard","meta":{"site-sidebar-layout":"default","site-content-layout":"","ast-site-content-layout":"","site-content-style":"default","site-sidebar-style":"default","ast-global-header-display":"","ast-banner-title-visibility":"","ast-main-header-display":"","ast-hfb-above-header-display":"","ast-hfb-below-header-display":"","ast-hfb-mobile-header-display":"","site-post-title":"","ast-breadcrumbs-content":"","ast-featured-img":"","footer-sml-layout":"","theme-transparent-header-meta":"","adv-header-id-meta":"","stick-header-meta":"","header-above-stick-meta":"","header-main-stick-meta":"","header-below-stick-meta":"","astra-migrate-meta-layouts":"default","ast-page-background-enabled":"default","ast-page-background-meta":{"desktop":{"background-color":"var(--ast-global-color-4)","background-image":"","background-repeat":"repeat","background-position":"center center","background-size":"auto","background-attachment":"scroll","background-type":"","background-media":"","overlay-type":"","overlay-color":"","overlay-opacity":"","overlay-gradient":""},"tablet":{"background-color":"","background-image":"","background-repeat":"repeat","background-position":"center center","background-size":"auto","background-attachment":"scroll","background-type":"","background-media":"","overlay-type":"","overlay-color":"","overlay-opacity":"","overlay-gradient":""},"mobile":{"background-color":"","background-image":"","background-repeat":"repeat","background-position":"center center","background-size":"auto","background-attachment":"scroll","background-type":"","background-media":"","overlay-type":"","overlay-color":"","overlay-opacity":"","overlay-gradient":""}},"ast-content-background-meta":{"desktop":{"background-color":"var(--ast-global-color-5)","background-image":"","background-repeat":"repeat","background-position":"center center","background-size":"auto","background-attachment":"scroll","background-type":"","background-media":"","overlay-type":"","overlay-color":"","overlay-opacity":"","overlay-gradient":""},"tablet":{"background-color":"var(--ast-global-color-5)","background-image":"","background-repeat":"repeat","background-position":"center center","background-size":"auto","background-attachment":"scroll","background-type":"","background-media":"","overlay-type":"","overlay-color":"","overlay-opacity":"","overlay-gradient":""},"mobile":{"background-color":"var(--ast-global-color-5)","background-image":"","background-repeat":"repeat","background-position":"center center","background-size":"auto","background-attachment":"scroll","background-type":"","background-media":"","overlay-type":"","overlay-color":"","overlay-opacity":"","overlay-gradient":""}},"footnotes":""},"categories":[30],"tags":[],"class_list":["post-3922","post","type-post","status-publish","format-standard","hentry","category-archiv-2011"],"yoast_head":"<!-- This site is optimized with the Yoast SEO plugin v27.4 - https:\/\/yoast.com\/product\/yoast-seo-wordpress\/ -->\n<title>Tril\u00f3gia jedn\u00e9ho sna - Pova\u017esk\u00e9 m\u00fazeum<\/title>\n<meta name=\"robots\" content=\"index, follow, max-snippet:-1, max-image-preview:large, max-video-preview:-1\" \/>\n<link rel=\"canonical\" href=\"https:\/\/pmza.sk\/?p=3922\" \/>\n<meta property=\"og:locale\" content=\"sk_SK\" \/>\n<meta property=\"og:type\" content=\"article\" \/>\n<meta property=\"og:title\" content=\"Tril\u00f3gia jedn\u00e9ho sna - Pova\u017esk\u00e9 m\u00fazeum\" \/>\n<meta property=\"og:description\" content=\"V\u00a0porad\u00ed XXVI. v\u00fdstava z popul\u00e1rneho cyklu Umenie na hrade Stre\u010dno predstav\u00ed prv\u00fa spolo\u010dn\u00fa v\u00fdstavu talentovan\u00fdch \u00a0skl\u00e1rskych v\u00fdtvarn\u00edkov z\u00a0Pova\u017eskej Bystrice, absolventov Strednej \u0161koly \u00fa\u017eitkov\u00e9ho v\u00fdtvarn\u00edctva v\u00a0Lednick\u00fdch Rovniach v\u00a0odbore br\u00fasenie skla. Pavol Poteck\u00fd, Andrej Bu\u0161ovsk\u00fd a\u00a0Vladim\u00edr Vakov od roku 2009 tvoria zoskupenie pod n\u00e1zvom Spolo\u010dnos\u0165 priate\u013eov skla, ktor\u00e1 sa venuje umeleck\u00e9mu a\u00a0\u00fa\u017eitkov\u00e9mu spracovaniu skla. Prv\u00fdm ve\u013ek\u00fdm projektom [&hellip;]\" \/>\n<meta property=\"og:url\" content=\"https:\/\/pmza.sk\/?p=3922\" \/>\n<meta property=\"og:site_name\" content=\"Pova\u017esk\u00e9 m\u00fazeum\" \/>\n<meta property=\"article:publisher\" content=\"https:\/\/www.facebook.com\/povazskemuzeum\" \/>\n<meta property=\"article:published_time\" content=\"2011-09-20T06:59:12+00:00\" \/>\n<meta property=\"og:image\" content=\"https:\/\/pmza.sk.sk\/wp-content\/uploads\/2011\/09\/Ursa-minor-144x300.jpg\" \/>\n<meta name=\"author\" content=\"libor\" \/>\n<meta name=\"twitter:card\" content=\"summary_large_image\" \/>\n<meta name=\"twitter:label1\" content=\"Autor\" \/>\n\t<meta name=\"twitter:data1\" content=\"libor\" \/>\n\t<meta name=\"twitter:label2\" content=\"Predpokladan\u00fd \u010das \u010d\u00edtania\" \/>\n\t<meta name=\"twitter:data2\" content=\"2 min\u00faty\" \/>\n<script type=\"application\/ld+json\" class=\"yoast-schema-graph\">{\"@context\":\"https:\\\/\\\/schema.org\",\"@graph\":[{\"@type\":\"Article\",\"@id\":\"https:\\\/\\\/pmza.sk\\\/?p=3922#article\",\"isPartOf\":{\"@id\":\"https:\\\/\\\/pmza.sk\\\/?p=3922\"},\"author\":{\"name\":\"libor\",\"@id\":\"https:\\\/\\\/pmza.sk\\\/#\\\/schema\\\/person\\\/f0b923a9aa8e1f67feef0d7cd9afde35\"},\"headline\":\"Tril\u00f3gia jedn\u00e9ho sna\",\"datePublished\":\"2011-09-20T06:59:12+00:00\",\"mainEntityOfPage\":{\"@id\":\"https:\\\/\\\/pmza.sk\\\/?p=3922\"},\"wordCount\":377,\"publisher\":{\"@id\":\"https:\\\/\\\/pmza.sk\\\/#organization\"},\"image\":{\"@id\":\"https:\\\/\\\/pmza.sk\\\/?p=3922#primaryimage\"},\"thumbnailUrl\":\"http:\\\/\\\/pmza.sk.sk\\\/wp-content\\\/uploads\\\/2011\\\/09\\\/Ursa-minor-144x300.jpg\",\"articleSection\":[\"Arch\u00edv 2011\"],\"inLanguage\":\"sk-SK\"},{\"@type\":\"WebPage\",\"@id\":\"https:\\\/\\\/pmza.sk\\\/?p=3922\",\"url\":\"https:\\\/\\\/pmza.sk\\\/?p=3922\",\"name\":\"Tril\u00f3gia jedn\u00e9ho sna - Pova\u017esk\u00e9 m\u00fazeum\",\"isPartOf\":{\"@id\":\"https:\\\/\\\/pmza.sk\\\/#website\"},\"primaryImageOfPage\":{\"@id\":\"https:\\\/\\\/pmza.sk\\\/?p=3922#primaryimage\"},\"image\":{\"@id\":\"https:\\\/\\\/pmza.sk\\\/?p=3922#primaryimage\"},\"thumbnailUrl\":\"http:\\\/\\\/pmza.sk.sk\\\/wp-content\\\/uploads\\\/2011\\\/09\\\/Ursa-minor-144x300.jpg\",\"datePublished\":\"2011-09-20T06:59:12+00:00\",\"breadcrumb\":{\"@id\":\"https:\\\/\\\/pmza.sk\\\/?p=3922#breadcrumb\"},\"inLanguage\":\"sk-SK\",\"potentialAction\":[{\"@type\":\"ReadAction\",\"target\":[\"https:\\\/\\\/pmza.sk\\\/?p=3922\"]}]},{\"@type\":\"ImageObject\",\"inLanguage\":\"sk-SK\",\"@id\":\"https:\\\/\\\/pmza.sk\\\/?p=3922#primaryimage\",\"url\":\"http:\\\/\\\/pmza.sk.sk\\\/wp-content\\\/uploads\\\/2011\\\/09\\\/Ursa-minor-144x300.jpg\",\"contentUrl\":\"http:\\\/\\\/pmza.sk.sk\\\/wp-content\\\/uploads\\\/2011\\\/09\\\/Ursa-minor-144x300.jpg\"},{\"@type\":\"BreadcrumbList\",\"@id\":\"https:\\\/\\\/pmza.sk\\\/?p=3922#breadcrumb\",\"itemListElement\":[{\"@type\":\"ListItem\",\"position\":1,\"name\":\"Domovsk\u00e1 str\u00e1nka\",\"item\":\"https:\\\/\\\/pmza.sk\\\/\"},{\"@type\":\"ListItem\",\"position\":2,\"name\":\"Tril\u00f3gia jedn\u00e9ho sna\"}]},{\"@type\":\"WebSite\",\"@id\":\"https:\\\/\\\/pmza.sk\\\/#website\",\"url\":\"https:\\\/\\\/pmza.sk\\\/\",\"name\":\"Pova\u017esk\u00e9 m\u00fazeum\",\"description\":\"Pova\u017esk\u00e9 m\u00fazeum v \u017diline je region\u00e1lne m\u00fazeum so s\u00eddlom v Budat\u00edne. Jeho expoz\u00edcie s\u00fa zameran\u00e9 na dejiny slovensk\u00e9ho umenia, kult\u00fary a dopravy.\",\"publisher\":{\"@id\":\"https:\\\/\\\/pmza.sk\\\/#organization\"},\"potentialAction\":[{\"@type\":\"SearchAction\",\"target\":{\"@type\":\"EntryPoint\",\"urlTemplate\":\"https:\\\/\\\/pmza.sk\\\/?s={search_term_string}\"},\"query-input\":{\"@type\":\"PropertyValueSpecification\",\"valueRequired\":true,\"valueName\":\"search_term_string\"}}],\"inLanguage\":\"sk-SK\"},{\"@type\":\"Organization\",\"@id\":\"https:\\\/\\\/pmza.sk\\\/#organization\",\"name\":\"Pova\u017esk\u00e9 m\u00fazeum\",\"url\":\"https:\\\/\\\/pmza.sk\\\/\",\"logo\":{\"@type\":\"ImageObject\",\"inLanguage\":\"sk-SK\",\"@id\":\"https:\\\/\\\/pmza.sk\\\/#\\\/schema\\\/logo\\\/image\\\/\",\"url\":\"https:\\\/\\\/pmza.sk\\\/wp-content\\\/uploads\\\/2022\\\/01\\\/logo_PM_horizontal.jpg\",\"contentUrl\":\"https:\\\/\\\/pmza.sk\\\/wp-content\\\/uploads\\\/2022\\\/01\\\/logo_PM_horizontal.jpg\",\"width\":231,\"height\":142,\"caption\":\"Pova\u017esk\u00e9 m\u00fazeum\"},\"image\":{\"@id\":\"https:\\\/\\\/pmza.sk\\\/#\\\/schema\\\/logo\\\/image\\\/\"},\"sameAs\":[\"https:\\\/\\\/www.facebook.com\\\/povazskemuzeum\",\"https:\\\/\\\/www.instagram.com\\\/povazskemuzeum\\\/\"]},{\"@type\":\"Person\",\"@id\":\"https:\\\/\\\/pmza.sk\\\/#\\\/schema\\\/person\\\/f0b923a9aa8e1f67feef0d7cd9afde35\",\"name\":\"libor\",\"image\":{\"@type\":\"ImageObject\",\"inLanguage\":\"sk-SK\",\"@id\":\"https:\\\/\\\/secure.gravatar.com\\\/avatar\\\/c583dbc698e594aacced1589eb8cf1673bd41d461e8b2ab635484ffc26fee7b0?s=96&d=mm&r=g\",\"url\":\"https:\\\/\\\/secure.gravatar.com\\\/avatar\\\/c583dbc698e594aacced1589eb8cf1673bd41d461e8b2ab635484ffc26fee7b0?s=96&d=mm&r=g\",\"contentUrl\":\"https:\\\/\\\/secure.gravatar.com\\\/avatar\\\/c583dbc698e594aacced1589eb8cf1673bd41d461e8b2ab635484ffc26fee7b0?s=96&d=mm&r=g\",\"caption\":\"libor\"}}]}<\/script>\n<!-- \/ Yoast SEO plugin. -->","yoast_head_json":{"title":"Tril\u00f3gia jedn\u00e9ho sna - Pova\u017esk\u00e9 m\u00fazeum","robots":{"index":"index","follow":"follow","max-snippet":"max-snippet:-1","max-image-preview":"max-image-preview:large","max-video-preview":"max-video-preview:-1"},"canonical":"https:\/\/pmza.sk\/?p=3922","og_locale":"sk_SK","og_type":"article","og_title":"Tril\u00f3gia jedn\u00e9ho sna - Pova\u017esk\u00e9 m\u00fazeum","og_description":"V\u00a0porad\u00ed XXVI. v\u00fdstava z popul\u00e1rneho cyklu Umenie na hrade Stre\u010dno predstav\u00ed prv\u00fa spolo\u010dn\u00fa v\u00fdstavu talentovan\u00fdch \u00a0skl\u00e1rskych v\u00fdtvarn\u00edkov z\u00a0Pova\u017eskej Bystrice, absolventov Strednej \u0161koly \u00fa\u017eitkov\u00e9ho v\u00fdtvarn\u00edctva v\u00a0Lednick\u00fdch Rovniach v\u00a0odbore br\u00fasenie skla. Pavol Poteck\u00fd, Andrej Bu\u0161ovsk\u00fd a\u00a0Vladim\u00edr Vakov od roku 2009 tvoria zoskupenie pod n\u00e1zvom Spolo\u010dnos\u0165 priate\u013eov skla, ktor\u00e1 sa venuje umeleck\u00e9mu a\u00a0\u00fa\u017eitkov\u00e9mu spracovaniu skla. Prv\u00fdm ve\u013ek\u00fdm projektom [&hellip;]","og_url":"https:\/\/pmza.sk\/?p=3922","og_site_name":"Pova\u017esk\u00e9 m\u00fazeum","article_publisher":"https:\/\/www.facebook.com\/povazskemuzeum","article_published_time":"2011-09-20T06:59:12+00:00","og_image":[{"url":"https:\/\/pmza.sk.sk\/wp-content\/uploads\/2011\/09\/Ursa-minor-144x300.jpg","type":"","width":"","height":""}],"author":"libor","twitter_card":"summary_large_image","twitter_misc":{"Autor":"libor","Predpokladan\u00fd \u010das \u010d\u00edtania":"2 min\u00faty"},"schema":{"@context":"https:\/\/schema.org","@graph":[{"@type":"Article","@id":"https:\/\/pmza.sk\/?p=3922#article","isPartOf":{"@id":"https:\/\/pmza.sk\/?p=3922"},"author":{"name":"libor","@id":"https:\/\/pmza.sk\/#\/schema\/person\/f0b923a9aa8e1f67feef0d7cd9afde35"},"headline":"Tril\u00f3gia jedn\u00e9ho sna","datePublished":"2011-09-20T06:59:12+00:00","mainEntityOfPage":{"@id":"https:\/\/pmza.sk\/?p=3922"},"wordCount":377,"publisher":{"@id":"https:\/\/pmza.sk\/#organization"},"image":{"@id":"https:\/\/pmza.sk\/?p=3922#primaryimage"},"thumbnailUrl":"https:\/\/pmza.sk.sk\/wp-content\/uploads\/2011\/09\/Ursa-minor-144x300.jpg","articleSection":["Arch\u00edv 2011"],"inLanguage":"sk-SK"},{"@type":"WebPage","@id":"https:\/\/pmza.sk\/?p=3922","url":"https:\/\/pmza.sk\/?p=3922","name":"Tril\u00f3gia jedn\u00e9ho sna - Pova\u017esk\u00e9 m\u00fazeum","isPartOf":{"@id":"https:\/\/pmza.sk\/#website"},"primaryImageOfPage":{"@id":"https:\/\/pmza.sk\/?p=3922#primaryimage"},"image":{"@id":"https:\/\/pmza.sk\/?p=3922#primaryimage"},"thumbnailUrl":"https:\/\/pmza.sk.sk\/wp-content\/uploads\/2011\/09\/Ursa-minor-144x300.jpg","datePublished":"2011-09-20T06:59:12+00:00","breadcrumb":{"@id":"https:\/\/pmza.sk\/?p=3922#breadcrumb"},"inLanguage":"sk-SK","potentialAction":[{"@type":"ReadAction","target":["https:\/\/pmza.sk\/?p=3922"]}]},{"@type":"ImageObject","inLanguage":"sk-SK","@id":"https:\/\/pmza.sk\/?p=3922#primaryimage","url":"https:\/\/pmza.sk.sk\/wp-content\/uploads\/2011\/09\/Ursa-minor-144x300.jpg","contentUrl":"https:\/\/pmza.sk.sk\/wp-content\/uploads\/2011\/09\/Ursa-minor-144x300.jpg"},{"@type":"BreadcrumbList","@id":"https:\/\/pmza.sk\/?p=3922#breadcrumb","itemListElement":[{"@type":"ListItem","position":1,"name":"Domovsk\u00e1 str\u00e1nka","item":"https:\/\/pmza.sk\/"},{"@type":"ListItem","position":2,"name":"Tril\u00f3gia jedn\u00e9ho sna"}]},{"@type":"WebSite","@id":"https:\/\/pmza.sk\/#website","url":"https:\/\/pmza.sk\/","name":"Pova\u017esk\u00e9 m\u00fazeum","description":"Pova\u017esk\u00e9 m\u00fazeum v \u017diline je region\u00e1lne m\u00fazeum so s\u00eddlom v Budat\u00edne. Jeho expoz\u00edcie s\u00fa zameran\u00e9 na dejiny slovensk\u00e9ho umenia, kult\u00fary a dopravy.","publisher":{"@id":"https:\/\/pmza.sk\/#organization"},"potentialAction":[{"@type":"SearchAction","target":{"@type":"EntryPoint","urlTemplate":"https:\/\/pmza.sk\/?s={search_term_string}"},"query-input":{"@type":"PropertyValueSpecification","valueRequired":true,"valueName":"search_term_string"}}],"inLanguage":"sk-SK"},{"@type":"Organization","@id":"https:\/\/pmza.sk\/#organization","name":"Pova\u017esk\u00e9 m\u00fazeum","url":"https:\/\/pmza.sk\/","logo":{"@type":"ImageObject","inLanguage":"sk-SK","@id":"https:\/\/pmza.sk\/#\/schema\/logo\/image\/","url":"https:\/\/pmza.sk\/wp-content\/uploads\/2022\/01\/logo_PM_horizontal.jpg","contentUrl":"https:\/\/pmza.sk\/wp-content\/uploads\/2022\/01\/logo_PM_horizontal.jpg","width":231,"height":142,"caption":"Pova\u017esk\u00e9 m\u00fazeum"},"image":{"@id":"https:\/\/pmza.sk\/#\/schema\/logo\/image\/"},"sameAs":["https:\/\/www.facebook.com\/povazskemuzeum","https:\/\/www.instagram.com\/povazskemuzeum\/"]},{"@type":"Person","@id":"https:\/\/pmza.sk\/#\/schema\/person\/f0b923a9aa8e1f67feef0d7cd9afde35","name":"libor","image":{"@type":"ImageObject","inLanguage":"sk-SK","@id":"https:\/\/secure.gravatar.com\/avatar\/c583dbc698e594aacced1589eb8cf1673bd41d461e8b2ab635484ffc26fee7b0?s=96&d=mm&r=g","url":"https:\/\/secure.gravatar.com\/avatar\/c583dbc698e594aacced1589eb8cf1673bd41d461e8b2ab635484ffc26fee7b0?s=96&d=mm&r=g","contentUrl":"https:\/\/secure.gravatar.com\/avatar\/c583dbc698e594aacced1589eb8cf1673bd41d461e8b2ab635484ffc26fee7b0?s=96&d=mm&r=g","caption":"libor"}}]}},"_links":{"self":[{"href":"https:\/\/pmza.sk\/index.php?rest_route=\/wp\/v2\/posts\/3922","targetHints":{"allow":["GET"]}}],"collection":[{"href":"https:\/\/pmza.sk\/index.php?rest_route=\/wp\/v2\/posts"}],"about":[{"href":"https:\/\/pmza.sk\/index.php?rest_route=\/wp\/v2\/types\/post"}],"author":[{"embeddable":true,"href":"https:\/\/pmza.sk\/index.php?rest_route=\/wp\/v2\/users\/1"}],"replies":[{"embeddable":true,"href":"https:\/\/pmza.sk\/index.php?rest_route=%2Fwp%2Fv2%2Fcomments&post=3922"}],"version-history":[{"count":0,"href":"https:\/\/pmza.sk\/index.php?rest_route=\/wp\/v2\/posts\/3922\/revisions"}],"wp:attachment":[{"href":"https:\/\/pmza.sk\/index.php?rest_route=%2Fwp%2Fv2%2Fmedia&parent=3922"}],"wp:term":[{"taxonomy":"category","embeddable":true,"href":"https:\/\/pmza.sk\/index.php?rest_route=%2Fwp%2Fv2%2Fcategories&post=3922"},{"taxonomy":"post_tag","embeddable":true,"href":"https:\/\/pmza.sk\/index.php?rest_route=%2Fwp%2Fv2%2Ftags&post=3922"}],"curies":[{"name":"wp","href":"https:\/\/api.w.org\/{rel}","templated":true}]}}