{"id":4013,"date":"2011-09-30T11:08:40","date_gmt":"2011-09-30T09:08:40","guid":{"rendered":"https:\/\/pmza.sk.sk\/?p=4013"},"modified":"2011-09-30T11:08:40","modified_gmt":"2011-09-30T09:08:40","slug":"vystava-k-140-vyrociu-kosicko-bohuminskej-zeleznice","status":"publish","type":"post","link":"https:\/\/pmza.sk\/?p=4013","title":{"rendered":"V\u00fdstava k 140. v\u00fdro\u010diu Ko\u0161icko-Bohum\u00ednskej \u017eeleznice"},"content":{"rendered":"<p><strong><\/strong><a href=\"https:\/\/pmza.sk\/wp-content\/uploads\/2011\/09\/zel.stanica-Lipt.-Hradok-1871.jpg\"><img fetchpriority=\"high\" decoding=\"async\" class=\"alignleft size-medium wp-image-4014\" style=\"margin: 4px; border: 2px solid black;\" title=\"zel.stanica Lipt. Hradok 1871\" src=\"https:\/\/pmza.sk.sk\/wp-content\/uploads\/2011\/09\/zel.stanica-Lipt.-Hradok-1871-300x201.jpg\" alt=\"\" width=\"300\" height=\"201\" \/><\/a><span style=\"color: #ff0000;\"><strong>Miesto:<\/strong> \u017eelezni\u010dn\u00e1 stanica \u017dilina,<br \/>\n<strong>d\u00e1tum: <\/strong> 26. 09. 2011 &#8211; 7. 11. 2011<\/span><br \/>\n<span style=\"color: #ff0000;\"><strong><\/strong><\/span><\/p>\n<p><span style=\"color: #ff0000;\"><strong>Miesto: <\/strong>\u017eelezni\u010dn\u00e1 stanica Vr\u00fatky,<br \/>\n<strong>d\u00e1tum:<\/strong> 07. 11. 2011 &#8211; 28. 11. 2011<\/span><br \/>\n<span style=\"color: #ff0000;\"><strong><\/strong><\/span><\/p>\n<p><span style=\"color: #ff0000;\"><strong>Miesto:<\/strong> \u017eelezni\u010dn\u00e1 stanica Kra\u013eovany,<br \/>\n<strong>d\u00e1tum: <\/strong>28. 11. 2011 &#8211; 19. 12. 2011<br \/>\n<\/span><strong style=\"color: #ff0000;\"><\/strong><\/p>\n<p><strong style=\"color: #ff0000;\">Miesto:<\/strong><span style=\"color: #ff0000;\"> \u017eelezni\u010dn\u00e1 stanica Liptovsk\u00fd Mikul\u00e1\u0161,<br \/>\n<\/span><strong style=\"color: #ff0000;\">d\u00e1tum: <\/strong><span style=\"color: #ff0000;\">19. 12. 2011 &#8211; 16. 1. 2012.<\/span><\/p>\n<p><!--more--><\/p>\n<p>Pova\u017esk\u00e9 m\u00fazeum v\u00a0\u017diline pripravilo na okt\u00f3ber 2011 so svojimi partnersk\u00fdmi organiz\u00e1ciami r\u00f4zne podujatia a\u00a0v\u00fdstavy pripom\u00ednaj\u00face v\u00fdro\u010dia dvoch v\u00fdznamn\u00fdch \u017eelezni\u010dn\u00fdch trat\u00ed. Region\u00e1lna tra\u0165 \u017dilina \u2013 Rajec bude druh\u00fd okt\u00f3brov\u00fd t\u00fd\u017ede\u0148 ve\u013ekolepo oslavova\u0165 prostredn\u00edctvom nostalgick\u00fdch j\u00e1zd.<br \/>\nV\u00a0spolupr\u00e1ci s\u00a0Kysuck\u00fdm m\u00fazeom v\u00a0\u010cadci, Liptovsk\u00fdm m\u00fazeom v\u00a0Ru\u017eomberku a\u00a0Oravsk\u00fdm m\u00fazeom v\u00a0Dolnom Kub\u00edne sa realizuje \u010fal\u0161\u00ed zauj\u00edmav\u00fd projekt, ktor\u00fd dokumentuje 140 rokov existencie dodnes jednej z najvyu\u017e\u00edvanej\u0161\u00edch trat\u00ed sp\u00e1jaj\u00facej Sliezsko a v\u00fdchodn\u00e9 Slovensko.<\/p>\n<p>\u201e<em>Ko\u0161icko-Bohum\u00ednska \u017eeleznica bola p\u00f4vodne najdlh\u0161ia tra\u0165 na \u00fazem\u00ed Slovenska naz\u00fdvan\u00e1 Hornouhorsk\u00e1 magistr\u00e1la a taktie\u017e je to jedna z najstar\u0161\u00edch slovensk\u00fdch trat\u00ed postaven\u00e1 na prelome 60. a 70. rokov 19. storo\u010dia.\u00a0 V\u00a0tomto roku si chceme pripomen\u00fa\u0165 140. v\u00fdro\u010die Ko\u0161icko-Bohum\u00ednskej \u017eeleznice, ke\u010f\u017ee hlavn\u00e9 \u00faseky trate ako Te\u0161\u00edn \u2013 Jablunkov \u2013 \u017dilina, \u017dilina \u2013 Poprad a Poprad \u2013 Spi\u0161sk\u00e1 Nov\u00e1 Ves boli postupne odovzd\u00e1van\u00e9 do prev\u00e1dzky v\u00a0roku 1871<\/em>,\u201c povedal Peter \u0160imko, historik dopravy Pova\u017esk\u00e9ho m\u00fazea v\u00a0\u017diline a\u00a0autor projektu.<\/p>\n<p>V\u00fdstava, ktor\u00e1 dokumentuje stav trate o\u010dami dvoch pe\u0161tianskych fotografov v\u00a0roku 1871, teda v\u00a0\u010dasoch kedy niektor\u00e9 \u00faseky u\u017e boli v\u00a0prev\u00e1dzke a\u00a0na in\u00fdch e\u0161te len prebiehali stavebn\u00e9 pr\u00e1ce, bude spr\u00edstupnen\u00e1 verejnosti na piatich \u017eelezni\u010dn\u00fdch staniciach \u017dilinsk\u00e9ho samospr\u00e1vneho kraja. U\u017e od 30. septembra a\u017e do 16. okt\u00f3bra 2011 ju m\u00f4\u017eu uvidie\u0165 cestuj\u00faci a\u00a0n\u00e1v\u0161tevn\u00edci \u017eilinskej stanice. \u010eal\u0161\u00edm prezenta\u010dn\u00fdm miestom bude \u017eelezni\u010dn\u00e1 stanica v\u00a0\u010cadci, nesk\u00f4r vo Vr\u00fatkach. Koncom roka ju bud\u00fa m\u00f4c\u0165 vidie\u0165 cestuj\u00faci \u010dakaj\u00faci na vlak v stanici Kra\u013eovany.\u00a0V\u00a0janu\u00e1ri 2012 bude ma\u0165 v\u00fdstava derni\u00e9ru na \u017eelezni\u010dnej stanici v\u00a0Liptovskom Mikul\u00e1\u0161i.<\/p>\n<p>\u201e<em>Pova\u017esk\u00e9 m\u00fazeum v\u00a0\u017diline je m\u00fazeom s\u00a0celoslovenskou \u0161pecializ\u00e1ciou pre oblas\u0165 dopravy. Okrem narodeninov\u00fdch osl\u00e1v Rajeckej An\u010de a\u00a0v\u00fdstavy 140. v\u00fdro\u010dia Ko\u0161icko-Bohum\u00ednskej \u017eeleznice na\u0161e \u00fasilie v\u00a0oblasti dopravy vyvrcholia koncom roka\u00a0 2011, kedy bude uveden\u00e1 do \u017eivota kniha historika dopravy m\u00fazea Petra \u0160imka \u2013 \u017deleznice na star\u00fdch poh\u013eadniciach<\/em>,\u201c dodal na z\u00e1ver Boris Schubert, riadite\u013e m\u00fazea.<\/p>\n","protected":false},"excerpt":{"rendered":"<p>Miesto: \u017eelezni\u010dn\u00e1 stanica \u017dilina, d\u00e1tum: 26. 09. 2011 &#8211; 7. 11. 2011 Miesto: \u017eelezni\u010dn\u00e1 stanica Vr\u00fatky, d\u00e1tum: 07. 11. 2011 &#8211; 28. 11. 2011 Miesto: \u017eelezni\u010dn\u00e1 stanica Kra\u013eovany, d\u00e1tum: 28. 11. 2011 &#8211; 19. 12. 2011 Miesto: \u017eelezni\u010dn\u00e1 stanica Liptovsk\u00fd Mikul\u00e1\u0161, d\u00e1tum: 19. 12. 2011 &#8211; 16. 1. 2012.<\/p>\n","protected":false},"author":1,"featured_media":0,"comment_status":"closed","ping_status":"closed","sticky":false,"template":"","format":"standard","meta":{"site-sidebar-layout":"default","site-content-layout":"","ast-site-content-layout":"","site-content-style":"default","site-sidebar-style":"default","ast-global-header-display":"","ast-banner-title-visibility":"","ast-main-header-display":"","ast-hfb-above-header-display":"","ast-hfb-below-header-display":"","ast-hfb-mobile-header-display":"","site-post-title":"","ast-breadcrumbs-content":"","ast-featured-img":"","footer-sml-layout":"","theme-transparent-header-meta":"","adv-header-id-meta":"","stick-header-meta":"","header-above-stick-meta":"","header-main-stick-meta":"","header-below-stick-meta":"","astra-migrate-meta-layouts":"default","ast-page-background-enabled":"default","ast-page-background-meta":{"desktop":{"background-color":"var(--ast-global-color-4)","background-image":"","background-repeat":"repeat","background-position":"center center","background-size":"auto","background-attachment":"scroll","background-type":"","background-media":"","overlay-type":"","overlay-color":"","overlay-opacity":"","overlay-gradient":""},"tablet":{"background-color":"","background-image":"","background-repeat":"repeat","background-position":"center center","background-size":"auto","background-attachment":"scroll","background-type":"","background-media":"","overlay-type":"","overlay-color":"","overlay-opacity":"","overlay-gradient":""},"mobile":{"background-color":"","background-image":"","background-repeat":"repeat","background-position":"center center","background-size":"auto","background-attachment":"scroll","background-type":"","background-media":"","overlay-type":"","overlay-color":"","overlay-opacity":"","overlay-gradient":""}},"ast-content-background-meta":{"desktop":{"background-color":"var(--ast-global-color-5)","background-image":"","background-repeat":"repeat","background-position":"center center","background-size":"auto","background-attachment":"scroll","background-type":"","background-media":"","overlay-type":"","overlay-color":"","overlay-opacity":"","overlay-gradient":""},"tablet":{"background-color":"var(--ast-global-color-5)","background-image":"","background-repeat":"repeat","background-position":"center center","background-size":"auto","background-attachment":"scroll","background-type":"","background-media":"","overlay-type":"","overlay-color":"","overlay-opacity":"","overlay-gradient":""},"mobile":{"background-color":"var(--ast-global-color-5)","background-image":"","background-repeat":"repeat","background-position":"center center","background-size":"auto","background-attachment":"scroll","background-type":"","background-media":"","overlay-type":"","overlay-color":"","overlay-opacity":"","overlay-gradient":""}},"footnotes":""},"categories":[30],"tags":[],"class_list":["post-4013","post","type-post","status-publish","format-standard","hentry","category-archiv-2011"],"yoast_head":"<!-- This site is optimized with the Yoast SEO plugin v27.4 - https:\/\/yoast.com\/product\/yoast-seo-wordpress\/ -->\n<title>V\u00fdstava k 140. v\u00fdro\u010diu Ko\u0161icko-Bohum\u00ednskej \u017eeleznice - Pova\u017esk\u00e9 m\u00fazeum<\/title>\n<meta name=\"robots\" content=\"index, follow, max-snippet:-1, max-image-preview:large, max-video-preview:-1\" \/>\n<link rel=\"canonical\" href=\"https:\/\/pmza.sk\/?p=4013\" \/>\n<meta property=\"og:locale\" content=\"sk_SK\" \/>\n<meta property=\"og:type\" content=\"article\" \/>\n<meta property=\"og:title\" content=\"V\u00fdstava k 140. v\u00fdro\u010diu Ko\u0161icko-Bohum\u00ednskej \u017eeleznice - Pova\u017esk\u00e9 m\u00fazeum\" \/>\n<meta property=\"og:description\" content=\"Miesto: \u017eelezni\u010dn\u00e1 stanica \u017dilina, d\u00e1tum: 26. 09. 2011 &#8211; 7. 11. 2011 Miesto: \u017eelezni\u010dn\u00e1 stanica Vr\u00fatky, d\u00e1tum: 07. 11. 2011 &#8211; 28. 11. 2011 Miesto: \u017eelezni\u010dn\u00e1 stanica Kra\u013eovany, d\u00e1tum: 28. 11. 2011 &#8211; 19. 12. 2011 Miesto: \u017eelezni\u010dn\u00e1 stanica Liptovsk\u00fd Mikul\u00e1\u0161, d\u00e1tum: 19. 12. 2011 &#8211; 16. 1. 2012.\" \/>\n<meta property=\"og:url\" content=\"https:\/\/pmza.sk\/?p=4013\" \/>\n<meta property=\"og:site_name\" content=\"Pova\u017esk\u00e9 m\u00fazeum\" \/>\n<meta property=\"article:publisher\" content=\"https:\/\/www.facebook.com\/povazskemuzeum\" \/>\n<meta property=\"article:published_time\" content=\"2011-09-30T09:08:40+00:00\" \/>\n<meta property=\"og:image\" content=\"https:\/\/pmza.sk.sk\/wp-content\/uploads\/2011\/09\/zel.stanica-Lipt.-Hradok-1871-300x201.jpg\" \/>\n<meta name=\"author\" content=\"libor\" \/>\n<meta name=\"twitter:card\" content=\"summary_large_image\" \/>\n<meta name=\"twitter:label1\" content=\"Autor\" \/>\n\t<meta name=\"twitter:data1\" content=\"libor\" \/>\n\t<meta name=\"twitter:label2\" content=\"Predpokladan\u00fd \u010das \u010d\u00edtania\" \/>\n\t<meta name=\"twitter:data2\" content=\"2 min\u00faty\" \/>\n<script type=\"application\/ld+json\" class=\"yoast-schema-graph\">{\"@context\":\"https:\\\/\\\/schema.org\",\"@graph\":[{\"@type\":\"Article\",\"@id\":\"https:\\\/\\\/pmza.sk\\\/?p=4013#article\",\"isPartOf\":{\"@id\":\"https:\\\/\\\/pmza.sk\\\/?p=4013\"},\"author\":{\"name\":\"libor\",\"@id\":\"https:\\\/\\\/pmza.sk\\\/#\\\/schema\\\/person\\\/f0b923a9aa8e1f67feef0d7cd9afde35\"},\"headline\":\"V\u00fdstava k 140. v\u00fdro\u010diu Ko\u0161icko-Bohum\u00ednskej \u017eeleznice\",\"datePublished\":\"2011-09-30T09:08:40+00:00\",\"mainEntityOfPage\":{\"@id\":\"https:\\\/\\\/pmza.sk\\\/?p=4013\"},\"wordCount\":435,\"publisher\":{\"@id\":\"https:\\\/\\\/pmza.sk\\\/#organization\"},\"image\":{\"@id\":\"https:\\\/\\\/pmza.sk\\\/?p=4013#primaryimage\"},\"thumbnailUrl\":\"http:\\\/\\\/pmza.sk.sk\\\/wp-content\\\/uploads\\\/2011\\\/09\\\/zel.stanica-Lipt.-Hradok-1871-300x201.jpg\",\"articleSection\":[\"Arch\u00edv 2011\"],\"inLanguage\":\"sk-SK\"},{\"@type\":\"WebPage\",\"@id\":\"https:\\\/\\\/pmza.sk\\\/?p=4013\",\"url\":\"https:\\\/\\\/pmza.sk\\\/?p=4013\",\"name\":\"V\u00fdstava k 140. v\u00fdro\u010diu Ko\u0161icko-Bohum\u00ednskej \u017eeleznice - Pova\u017esk\u00e9 m\u00fazeum\",\"isPartOf\":{\"@id\":\"https:\\\/\\\/pmza.sk\\\/#website\"},\"primaryImageOfPage\":{\"@id\":\"https:\\\/\\\/pmza.sk\\\/?p=4013#primaryimage\"},\"image\":{\"@id\":\"https:\\\/\\\/pmza.sk\\\/?p=4013#primaryimage\"},\"thumbnailUrl\":\"http:\\\/\\\/pmza.sk.sk\\\/wp-content\\\/uploads\\\/2011\\\/09\\\/zel.stanica-Lipt.-Hradok-1871-300x201.jpg\",\"datePublished\":\"2011-09-30T09:08:40+00:00\",\"breadcrumb\":{\"@id\":\"https:\\\/\\\/pmza.sk\\\/?p=4013#breadcrumb\"},\"inLanguage\":\"sk-SK\",\"potentialAction\":[{\"@type\":\"ReadAction\",\"target\":[\"https:\\\/\\\/pmza.sk\\\/?p=4013\"]}]},{\"@type\":\"ImageObject\",\"inLanguage\":\"sk-SK\",\"@id\":\"https:\\\/\\\/pmza.sk\\\/?p=4013#primaryimage\",\"url\":\"http:\\\/\\\/pmza.sk.sk\\\/wp-content\\\/uploads\\\/2011\\\/09\\\/zel.stanica-Lipt.-Hradok-1871-300x201.jpg\",\"contentUrl\":\"http:\\\/\\\/pmza.sk.sk\\\/wp-content\\\/uploads\\\/2011\\\/09\\\/zel.stanica-Lipt.-Hradok-1871-300x201.jpg\"},{\"@type\":\"BreadcrumbList\",\"@id\":\"https:\\\/\\\/pmza.sk\\\/?p=4013#breadcrumb\",\"itemListElement\":[{\"@type\":\"ListItem\",\"position\":1,\"name\":\"Domovsk\u00e1 str\u00e1nka\",\"item\":\"https:\\\/\\\/pmza.sk\\\/\"},{\"@type\":\"ListItem\",\"position\":2,\"name\":\"V\u00fdstava k 140. v\u00fdro\u010diu Ko\u0161icko-Bohum\u00ednskej \u017eeleznice\"}]},{\"@type\":\"WebSite\",\"@id\":\"https:\\\/\\\/pmza.sk\\\/#website\",\"url\":\"https:\\\/\\\/pmza.sk\\\/\",\"name\":\"Pova\u017esk\u00e9 m\u00fazeum\",\"description\":\"Pova\u017esk\u00e9 m\u00fazeum v \u017diline je region\u00e1lne m\u00fazeum so s\u00eddlom v Budat\u00edne. Jeho expoz\u00edcie s\u00fa zameran\u00e9 na dejiny slovensk\u00e9ho umenia, kult\u00fary a dopravy.\",\"publisher\":{\"@id\":\"https:\\\/\\\/pmza.sk\\\/#organization\"},\"potentialAction\":[{\"@type\":\"SearchAction\",\"target\":{\"@type\":\"EntryPoint\",\"urlTemplate\":\"https:\\\/\\\/pmza.sk\\\/?s={search_term_string}\"},\"query-input\":{\"@type\":\"PropertyValueSpecification\",\"valueRequired\":true,\"valueName\":\"search_term_string\"}}],\"inLanguage\":\"sk-SK\"},{\"@type\":\"Organization\",\"@id\":\"https:\\\/\\\/pmza.sk\\\/#organization\",\"name\":\"Pova\u017esk\u00e9 m\u00fazeum\",\"url\":\"https:\\\/\\\/pmza.sk\\\/\",\"logo\":{\"@type\":\"ImageObject\",\"inLanguage\":\"sk-SK\",\"@id\":\"https:\\\/\\\/pmza.sk\\\/#\\\/schema\\\/logo\\\/image\\\/\",\"url\":\"https:\\\/\\\/pmza.sk\\\/wp-content\\\/uploads\\\/2022\\\/01\\\/logo_PM_horizontal.jpg\",\"contentUrl\":\"https:\\\/\\\/pmza.sk\\\/wp-content\\\/uploads\\\/2022\\\/01\\\/logo_PM_horizontal.jpg\",\"width\":231,\"height\":142,\"caption\":\"Pova\u017esk\u00e9 m\u00fazeum\"},\"image\":{\"@id\":\"https:\\\/\\\/pmza.sk\\\/#\\\/schema\\\/logo\\\/image\\\/\"},\"sameAs\":[\"https:\\\/\\\/www.facebook.com\\\/povazskemuzeum\",\"https:\\\/\\\/www.instagram.com\\\/povazskemuzeum\\\/\"]},{\"@type\":\"Person\",\"@id\":\"https:\\\/\\\/pmza.sk\\\/#\\\/schema\\\/person\\\/f0b923a9aa8e1f67feef0d7cd9afde35\",\"name\":\"libor\",\"image\":{\"@type\":\"ImageObject\",\"inLanguage\":\"sk-SK\",\"@id\":\"https:\\\/\\\/secure.gravatar.com\\\/avatar\\\/c583dbc698e594aacced1589eb8cf1673bd41d461e8b2ab635484ffc26fee7b0?s=96&d=mm&r=g\",\"url\":\"https:\\\/\\\/secure.gravatar.com\\\/avatar\\\/c583dbc698e594aacced1589eb8cf1673bd41d461e8b2ab635484ffc26fee7b0?s=96&d=mm&r=g\",\"contentUrl\":\"https:\\\/\\\/secure.gravatar.com\\\/avatar\\\/c583dbc698e594aacced1589eb8cf1673bd41d461e8b2ab635484ffc26fee7b0?s=96&d=mm&r=g\",\"caption\":\"libor\"}}]}<\/script>\n<!-- \/ Yoast SEO plugin. -->","yoast_head_json":{"title":"V\u00fdstava k 140. v\u00fdro\u010diu Ko\u0161icko-Bohum\u00ednskej \u017eeleznice - Pova\u017esk\u00e9 m\u00fazeum","robots":{"index":"index","follow":"follow","max-snippet":"max-snippet:-1","max-image-preview":"max-image-preview:large","max-video-preview":"max-video-preview:-1"},"canonical":"https:\/\/pmza.sk\/?p=4013","og_locale":"sk_SK","og_type":"article","og_title":"V\u00fdstava k 140. v\u00fdro\u010diu Ko\u0161icko-Bohum\u00ednskej \u017eeleznice - Pova\u017esk\u00e9 m\u00fazeum","og_description":"Miesto: \u017eelezni\u010dn\u00e1 stanica \u017dilina, d\u00e1tum: 26. 09. 2011 &#8211; 7. 11. 2011 Miesto: \u017eelezni\u010dn\u00e1 stanica Vr\u00fatky, d\u00e1tum: 07. 11. 2011 &#8211; 28. 11. 2011 Miesto: \u017eelezni\u010dn\u00e1 stanica Kra\u013eovany, d\u00e1tum: 28. 11. 2011 &#8211; 19. 12. 2011 Miesto: \u017eelezni\u010dn\u00e1 stanica Liptovsk\u00fd Mikul\u00e1\u0161, d\u00e1tum: 19. 12. 2011 &#8211; 16. 1. 2012.","og_url":"https:\/\/pmza.sk\/?p=4013","og_site_name":"Pova\u017esk\u00e9 m\u00fazeum","article_publisher":"https:\/\/www.facebook.com\/povazskemuzeum","article_published_time":"2011-09-30T09:08:40+00:00","og_image":[{"url":"https:\/\/pmza.sk.sk\/wp-content\/uploads\/2011\/09\/zel.stanica-Lipt.-Hradok-1871-300x201.jpg","type":"","width":"","height":""}],"author":"libor","twitter_card":"summary_large_image","twitter_misc":{"Autor":"libor","Predpokladan\u00fd \u010das \u010d\u00edtania":"2 min\u00faty"},"schema":{"@context":"https:\/\/schema.org","@graph":[{"@type":"Article","@id":"https:\/\/pmza.sk\/?p=4013#article","isPartOf":{"@id":"https:\/\/pmza.sk\/?p=4013"},"author":{"name":"libor","@id":"https:\/\/pmza.sk\/#\/schema\/person\/f0b923a9aa8e1f67feef0d7cd9afde35"},"headline":"V\u00fdstava k 140. v\u00fdro\u010diu Ko\u0161icko-Bohum\u00ednskej \u017eeleznice","datePublished":"2011-09-30T09:08:40+00:00","mainEntityOfPage":{"@id":"https:\/\/pmza.sk\/?p=4013"},"wordCount":435,"publisher":{"@id":"https:\/\/pmza.sk\/#organization"},"image":{"@id":"https:\/\/pmza.sk\/?p=4013#primaryimage"},"thumbnailUrl":"https:\/\/pmza.sk.sk\/wp-content\/uploads\/2011\/09\/zel.stanica-Lipt.-Hradok-1871-300x201.jpg","articleSection":["Arch\u00edv 2011"],"inLanguage":"sk-SK"},{"@type":"WebPage","@id":"https:\/\/pmza.sk\/?p=4013","url":"https:\/\/pmza.sk\/?p=4013","name":"V\u00fdstava k 140. v\u00fdro\u010diu Ko\u0161icko-Bohum\u00ednskej \u017eeleznice - Pova\u017esk\u00e9 m\u00fazeum","isPartOf":{"@id":"https:\/\/pmza.sk\/#website"},"primaryImageOfPage":{"@id":"https:\/\/pmza.sk\/?p=4013#primaryimage"},"image":{"@id":"https:\/\/pmza.sk\/?p=4013#primaryimage"},"thumbnailUrl":"https:\/\/pmza.sk.sk\/wp-content\/uploads\/2011\/09\/zel.stanica-Lipt.-Hradok-1871-300x201.jpg","datePublished":"2011-09-30T09:08:40+00:00","breadcrumb":{"@id":"https:\/\/pmza.sk\/?p=4013#breadcrumb"},"inLanguage":"sk-SK","potentialAction":[{"@type":"ReadAction","target":["https:\/\/pmza.sk\/?p=4013"]}]},{"@type":"ImageObject","inLanguage":"sk-SK","@id":"https:\/\/pmza.sk\/?p=4013#primaryimage","url":"https:\/\/pmza.sk.sk\/wp-content\/uploads\/2011\/09\/zel.stanica-Lipt.-Hradok-1871-300x201.jpg","contentUrl":"https:\/\/pmza.sk.sk\/wp-content\/uploads\/2011\/09\/zel.stanica-Lipt.-Hradok-1871-300x201.jpg"},{"@type":"BreadcrumbList","@id":"https:\/\/pmza.sk\/?p=4013#breadcrumb","itemListElement":[{"@type":"ListItem","position":1,"name":"Domovsk\u00e1 str\u00e1nka","item":"https:\/\/pmza.sk\/"},{"@type":"ListItem","position":2,"name":"V\u00fdstava k 140. v\u00fdro\u010diu Ko\u0161icko-Bohum\u00ednskej \u017eeleznice"}]},{"@type":"WebSite","@id":"https:\/\/pmza.sk\/#website","url":"https:\/\/pmza.sk\/","name":"Pova\u017esk\u00e9 m\u00fazeum","description":"Pova\u017esk\u00e9 m\u00fazeum v \u017diline je region\u00e1lne m\u00fazeum so s\u00eddlom v Budat\u00edne. Jeho expoz\u00edcie s\u00fa zameran\u00e9 na dejiny slovensk\u00e9ho umenia, kult\u00fary a dopravy.","publisher":{"@id":"https:\/\/pmza.sk\/#organization"},"potentialAction":[{"@type":"SearchAction","target":{"@type":"EntryPoint","urlTemplate":"https:\/\/pmza.sk\/?s={search_term_string}"},"query-input":{"@type":"PropertyValueSpecification","valueRequired":true,"valueName":"search_term_string"}}],"inLanguage":"sk-SK"},{"@type":"Organization","@id":"https:\/\/pmza.sk\/#organization","name":"Pova\u017esk\u00e9 m\u00fazeum","url":"https:\/\/pmza.sk\/","logo":{"@type":"ImageObject","inLanguage":"sk-SK","@id":"https:\/\/pmza.sk\/#\/schema\/logo\/image\/","url":"https:\/\/pmza.sk\/wp-content\/uploads\/2022\/01\/logo_PM_horizontal.jpg","contentUrl":"https:\/\/pmza.sk\/wp-content\/uploads\/2022\/01\/logo_PM_horizontal.jpg","width":231,"height":142,"caption":"Pova\u017esk\u00e9 m\u00fazeum"},"image":{"@id":"https:\/\/pmza.sk\/#\/schema\/logo\/image\/"},"sameAs":["https:\/\/www.facebook.com\/povazskemuzeum","https:\/\/www.instagram.com\/povazskemuzeum\/"]},{"@type":"Person","@id":"https:\/\/pmza.sk\/#\/schema\/person\/f0b923a9aa8e1f67feef0d7cd9afde35","name":"libor","image":{"@type":"ImageObject","inLanguage":"sk-SK","@id":"https:\/\/secure.gravatar.com\/avatar\/c583dbc698e594aacced1589eb8cf1673bd41d461e8b2ab635484ffc26fee7b0?s=96&d=mm&r=g","url":"https:\/\/secure.gravatar.com\/avatar\/c583dbc698e594aacced1589eb8cf1673bd41d461e8b2ab635484ffc26fee7b0?s=96&d=mm&r=g","contentUrl":"https:\/\/secure.gravatar.com\/avatar\/c583dbc698e594aacced1589eb8cf1673bd41d461e8b2ab635484ffc26fee7b0?s=96&d=mm&r=g","caption":"libor"}}]}},"_links":{"self":[{"href":"https:\/\/pmza.sk\/index.php?rest_route=\/wp\/v2\/posts\/4013","targetHints":{"allow":["GET"]}}],"collection":[{"href":"https:\/\/pmza.sk\/index.php?rest_route=\/wp\/v2\/posts"}],"about":[{"href":"https:\/\/pmza.sk\/index.php?rest_route=\/wp\/v2\/types\/post"}],"author":[{"embeddable":true,"href":"https:\/\/pmza.sk\/index.php?rest_route=\/wp\/v2\/users\/1"}],"replies":[{"embeddable":true,"href":"https:\/\/pmza.sk\/index.php?rest_route=%2Fwp%2Fv2%2Fcomments&post=4013"}],"version-history":[{"count":0,"href":"https:\/\/pmza.sk\/index.php?rest_route=\/wp\/v2\/posts\/4013\/revisions"}],"wp:attachment":[{"href":"https:\/\/pmza.sk\/index.php?rest_route=%2Fwp%2Fv2%2Fmedia&parent=4013"}],"wp:term":[{"taxonomy":"category","embeddable":true,"href":"https:\/\/pmza.sk\/index.php?rest_route=%2Fwp%2Fv2%2Fcategories&post=4013"},{"taxonomy":"post_tag","embeddable":true,"href":"https:\/\/pmza.sk\/index.php?rest_route=%2Fwp%2Fv2%2Ftags&post=4013"}],"curies":[{"name":"wp","href":"https:\/\/api.w.org\/{rel}","templated":true}]}}