{"id":4023,"date":"2011-10-03T08:50:17","date_gmt":"2011-10-03T06:50:17","guid":{"rendered":"https:\/\/pmza.sk.sk\/?p=4023"},"modified":"2011-10-03T08:50:17","modified_gmt":"2011-10-03T06:50:17","slug":"rajecka-anca-opat-o-rok-starsia","status":"publish","type":"post","link":"https:\/\/pmza.sk\/?p=4023","title":{"rendered":"Rajeck\u00e1 An\u010da op\u00e4\u0165 o rok star\u0161ia"},"content":{"rendered":"<p><strong> <\/strong><\/p>\n<p><a href=\"https:\/\/pmza.sk\/wp-content\/uploads\/2011\/10\/oslavy-111.-rokov-Rajeckej-Ance.jpg\"><img fetchpriority=\"high\" decoding=\"async\" class=\"alignleft size-medium wp-image-4024\" style=\"margin: 4px; border: 2px solid black;\" title=\"oslavy 111. rokov Rajeckej Ance\" src=\"https:\/\/pmza.sk.sk\/wp-content\/uploads\/2011\/10\/oslavy-111.-rokov-Rajeckej-Ance-300x225.jpg\" alt=\"\" width=\"300\" height=\"225\" \/><\/a>Meno Rajeck\u00e1 An\u010da je pre Horn\u00e9 Pova\u017eie viac ako sto rokov spojen\u00e9 s\u00a0jedine\u010dn\u00fdm region\u00e1lnym vlakom prem\u00e1vaj\u00facim na trati \u017dilina \u2013 Rajec a\u00a0sp\u00e4\u0165. U\u017e tret\u00ed rok si Rajeck\u00e1 An\u010da pripomenie svoje narodeniny ve\u013ekolep\u00fdmi oslavami, ktor\u00e9 sa bud\u00fa kona\u0165 <strong>v\u00a0sobotu 8. okt\u00f3bra 2011.<\/strong> \u201e<em>V\u00a0roku 2009 sme za\u010dali trad\u00edciu narodeninov\u00fdch osl\u00e1v Rajeckej An\u010de v\u00a0s\u00favislosti so 110. v\u00fdro\u010d\u00edm jej existencie. Ke\u010f\u017ee sme sa stretli s\u00a0pr\u00edjemnou odozvou verejnosti, nasleduj\u00faci rok sme v\u00a0trad\u00edcii pokra\u010dovali. V\u00a0spolupr\u00e1ci so Stanicou \u017dilina-Z\u00e1rie\u010die, OZ Mulica, Spolo\u010dnos\u0165ou Pova\u017eskej dr\u00e1hy<\/em> <em>\u017dilina<\/em> sme <em>zorganizovali detsk\u00e9 jazdy, nostalgick\u00e9 jazdy, premietanie historick\u00fdch filmov, spr\u00edstupnili sme v\u00fdstavu o\u00a0hist\u00f3rii Rajeckej An\u010de, o\u00a0ktor\u00fa v\u00a0roku 2010 prejavili z\u00e1ujem aj m\u00faze\u00e1 na v\u00fdchodnom Slovensku,<\/em>\u201c uviedol Boris Schubert, riadite\u013e Pova\u017esk\u00e9ho m\u00fazea v\u00a0\u017diline.<!--more-->V\u00a0podobnom duchu sa bud\u00fa nies\u0165 aj sl\u00e1vnosti 112. v\u00fdro\u010dia , kedy op\u00e4tovne\u00a0bude jazdi\u0165 historick\u00fd vlak pozost\u00e1vaj\u00faci z\u00a0motorov\u00e9ho ru\u0161\u0148a Hurv\u00ednek z\u00a0roku 1955 a\u00a0pr\u00edpojn\u00e9ho voz\u0148a Blm z\u00a0roku 1948. <em>\u201eLen pre zauj\u00edmavos\u0165, voze\u0148 Blm sa za\u010diatkom roka 2011 podarilo zrekon\u0161truova\u0165 \u010dlenom Spolo\u010dnosti Pova\u017eskej dr\u00e1hy \u017dilina a\u00a0\u010fal\u0161\u00edm nad\u0161encom hist\u00f3rie dopravy. Pr\u00e1ve 8. okt\u00f3bra 2011 voze\u0148 za\u017eije svoju pilotn\u00fa jazdu na rajeckej trati,<\/em>\u201c povedal Lum\u00edr Kunc, predseda Spolo\u010dnosti Pova\u017eskej dr\u00e1hy \u017dilina. \u00a0\u00a0\u00a0Odchod doobed\u0148aj\u0161ej nostalgickej jazdy bude o\u00a010.00 hod. zo \u017eelezni\u010dnej stanice \u017dilina, spiato\u010dn\u00fd odchod zo \u017eelezni\u010dnej stanice Rajec je napl\u00e1novan\u00fd o\u00a011.30 hod. Hlavn\u00e9 oslavy m\u00f4\u017eu za\u017ei\u0165 cestuj\u00faci poobed\u0148aj\u0161ej nostalgickej jazdy s\u00a0odchodom zo \u017diliny o\u00a013.30 hod. po pr\u00edjazde do Rajca. Po\u010das jazdy bud\u00fa vo vlaku sprievodcovia v\u00a0dobov\u00fdch uniform\u00e1ch, retro lepenkov\u00e9 l\u00edstky a\u00a0nebude ch\u00fdba\u0165 ani \u017eiv\u00e1 hudba. \u201e<em>Po\u010das hodinovej prest\u00e1vky na stanici v\u00a0Rajci bude pripraven\u00fd kult\u00farny program, hry pre deti ako napr\u00edklad preteky s\u00a0vl\u00e1\u010dikmi, vydr\u00f4tuj si svoj vlak, spolo\u010densk\u00e1 hra pod n\u00e1zvom N\u00e1strahy pre cestuj\u00facich a\u00a0pocestn\u00fdch. Taktie\u017e bude po prv\u00fdkr\u00e1t verejnosti predstaven\u00e1 vizualiz\u00e1cia pl\u00e1novan\u00e9ho projektov\u00e9ho z\u00e1meru m\u00fazea \u2013 zriadenie Expoz\u00edcie dopravy na \u017eelezni\u010dnej stanici v\u00a0Rajeck\u00fdch Tepliciach. Vyvrcholen\u00edm osl\u00e1v bude kr\u00e1janie narodeninovej torty,<\/em>\u201c dodal Peter \u0160imko, historik dopravy m\u00fazea.<\/p>\n<p>Organiz\u00e1torom <strong>Osl\u00e1v 112. v\u00fdro\u010dia Rajeckej An\u010de<\/strong> je \u017dilinsk\u00fd samospr\u00e1vny kraj, Pova\u017esk\u00e9 m\u00fazeum v\u00a0\u017diline, Stanica \u017dilina-Z\u00e1rie\u010die, OZ Mulica, Spolo\u010dnos\u0165 Pova\u017eskej dr\u00e1hy \u017dilina<em>.<\/em><\/p>\n<p><em>&gt;<\/em><a href=\"https:\/\/pmza.sk\/wp-content\/uploads\/2011\/09\/Rajecka-Anca-2011-scaled-1.jpg\">Plag\u00e1t s cestovn\u00fdm poriadkom<\/a><em>&lt;<\/em><\/p>\n","protected":false},"excerpt":{"rendered":"<p>Meno Rajeck\u00e1 An\u010da je pre Horn\u00e9 Pova\u017eie viac ako sto rokov spojen\u00e9 s\u00a0jedine\u010dn\u00fdm region\u00e1lnym vlakom prem\u00e1vaj\u00facim na trati \u017dilina \u2013 Rajec a\u00a0sp\u00e4\u0165. U\u017e tret\u00ed rok si Rajeck\u00e1 An\u010da pripomenie svoje narodeniny ve\u013ekolep\u00fdmi oslavami, ktor\u00e9 sa bud\u00fa kona\u0165 v\u00a0sobotu 8. okt\u00f3bra 2011. \u201eV\u00a0roku 2009 sme za\u010dali trad\u00edciu narodeninov\u00fdch osl\u00e1v Rajeckej An\u010de v\u00a0s\u00favislosti so 110. v\u00fdro\u010d\u00edm jej [&hellip;]<\/p>\n","protected":false},"author":1,"featured_media":0,"comment_status":"closed","ping_status":"closed","sticky":false,"template":"","format":"standard","meta":{"site-sidebar-layout":"default","site-content-layout":"","ast-site-content-layout":"","site-content-style":"default","site-sidebar-style":"default","ast-global-header-display":"","ast-banner-title-visibility":"","ast-main-header-display":"","ast-hfb-above-header-display":"","ast-hfb-below-header-display":"","ast-hfb-mobile-header-display":"","site-post-title":"","ast-breadcrumbs-content":"","ast-featured-img":"","footer-sml-layout":"","theme-transparent-header-meta":"","adv-header-id-meta":"","stick-header-meta":"","header-above-stick-meta":"","header-main-stick-meta":"","header-below-stick-meta":"","astra-migrate-meta-layouts":"default","ast-page-background-enabled":"default","ast-page-background-meta":{"desktop":{"background-color":"var(--ast-global-color-4)","background-image":"","background-repeat":"repeat","background-position":"center center","background-size":"auto","background-attachment":"scroll","background-type":"","background-media":"","overlay-type":"","overlay-color":"","overlay-opacity":"","overlay-gradient":""},"tablet":{"background-color":"","background-image":"","background-repeat":"repeat","background-position":"center center","background-size":"auto","background-attachment":"scroll","background-type":"","background-media":"","overlay-type":"","overlay-color":"","overlay-opacity":"","overlay-gradient":""},"mobile":{"background-color":"","background-image":"","background-repeat":"repeat","background-position":"center center","background-size":"auto","background-attachment":"scroll","background-type":"","background-media":"","overlay-type":"","overlay-color":"","overlay-opacity":"","overlay-gradient":""}},"ast-content-background-meta":{"desktop":{"background-color":"var(--ast-global-color-5)","background-image":"","background-repeat":"repeat","background-position":"center center","background-size":"auto","background-attachment":"scroll","background-type":"","background-media":"","overlay-type":"","overlay-color":"","overlay-opacity":"","overlay-gradient":""},"tablet":{"background-color":"var(--ast-global-color-5)","background-image":"","background-repeat":"repeat","background-position":"center center","background-size":"auto","background-attachment":"scroll","background-type":"","background-media":"","overlay-type":"","overlay-color":"","overlay-opacity":"","overlay-gradient":""},"mobile":{"background-color":"var(--ast-global-color-5)","background-image":"","background-repeat":"repeat","background-position":"center center","background-size":"auto","background-attachment":"scroll","background-type":"","background-media":"","overlay-type":"","overlay-color":"","overlay-opacity":"","overlay-gradient":""}},"footnotes":""},"categories":[30],"tags":[],"class_list":["post-4023","post","type-post","status-publish","format-standard","hentry","category-archiv-2011"],"yoast_head":"<!-- This site is optimized with the Yoast SEO plugin v27.4 - https:\/\/yoast.com\/product\/yoast-seo-wordpress\/ -->\n<title>Rajeck\u00e1 An\u010da op\u00e4\u0165 o rok star\u0161ia - Pova\u017esk\u00e9 m\u00fazeum<\/title>\n<meta name=\"robots\" content=\"index, follow, max-snippet:-1, max-image-preview:large, max-video-preview:-1\" \/>\n<link rel=\"canonical\" href=\"https:\/\/pmza.sk\/?p=4023\" \/>\n<meta property=\"og:locale\" content=\"sk_SK\" \/>\n<meta property=\"og:type\" content=\"article\" \/>\n<meta property=\"og:title\" content=\"Rajeck\u00e1 An\u010da op\u00e4\u0165 o rok star\u0161ia - Pova\u017esk\u00e9 m\u00fazeum\" \/>\n<meta property=\"og:description\" content=\"Meno Rajeck\u00e1 An\u010da je pre Horn\u00e9 Pova\u017eie viac ako sto rokov spojen\u00e9 s\u00a0jedine\u010dn\u00fdm region\u00e1lnym vlakom prem\u00e1vaj\u00facim na trati \u017dilina \u2013 Rajec a\u00a0sp\u00e4\u0165. U\u017e tret\u00ed rok si Rajeck\u00e1 An\u010da pripomenie svoje narodeniny ve\u013ekolep\u00fdmi oslavami, ktor\u00e9 sa bud\u00fa kona\u0165 v\u00a0sobotu 8. okt\u00f3bra 2011. \u201eV\u00a0roku 2009 sme za\u010dali trad\u00edciu narodeninov\u00fdch osl\u00e1v Rajeckej An\u010de v\u00a0s\u00favislosti so 110. v\u00fdro\u010d\u00edm jej [&hellip;]\" \/>\n<meta property=\"og:url\" content=\"https:\/\/pmza.sk\/?p=4023\" \/>\n<meta property=\"og:site_name\" content=\"Pova\u017esk\u00e9 m\u00fazeum\" \/>\n<meta property=\"article:publisher\" content=\"https:\/\/www.facebook.com\/povazskemuzeum\" \/>\n<meta property=\"article:published_time\" content=\"2011-10-03T06:50:17+00:00\" \/>\n<meta property=\"og:image\" content=\"https:\/\/pmza.sk.sk\/wp-content\/uploads\/2011\/10\/oslavy-111.-rokov-Rajeckej-Ance-300x225.jpg\" \/>\n<meta name=\"author\" content=\"libor\" \/>\n<meta name=\"twitter:card\" content=\"summary_large_image\" \/>\n<meta name=\"twitter:label1\" content=\"Autor\" \/>\n\t<meta name=\"twitter:data1\" content=\"libor\" \/>\n\t<meta name=\"twitter:label2\" content=\"Predpokladan\u00fd \u010das \u010d\u00edtania\" \/>\n\t<meta name=\"twitter:data2\" content=\"2 min\u00faty\" \/>\n<script type=\"application\/ld+json\" class=\"yoast-schema-graph\">{\"@context\":\"https:\\\/\\\/schema.org\",\"@graph\":[{\"@type\":\"Article\",\"@id\":\"https:\\\/\\\/pmza.sk\\\/?p=4023#article\",\"isPartOf\":{\"@id\":\"https:\\\/\\\/pmza.sk\\\/?p=4023\"},\"author\":{\"name\":\"libor\",\"@id\":\"https:\\\/\\\/pmza.sk\\\/#\\\/schema\\\/person\\\/f0b923a9aa8e1f67feef0d7cd9afde35\"},\"headline\":\"Rajeck\u00e1 An\u010da op\u00e4\u0165 o rok star\u0161ia\",\"datePublished\":\"2011-10-03T06:50:17+00:00\",\"mainEntityOfPage\":{\"@id\":\"https:\\\/\\\/pmza.sk\\\/?p=4023\"},\"wordCount\":466,\"publisher\":{\"@id\":\"https:\\\/\\\/pmza.sk\\\/#organization\"},\"image\":{\"@id\":\"https:\\\/\\\/pmza.sk\\\/?p=4023#primaryimage\"},\"thumbnailUrl\":\"http:\\\/\\\/pmza.sk.sk\\\/wp-content\\\/uploads\\\/2011\\\/10\\\/oslavy-111.-rokov-Rajeckej-Ance-300x225.jpg\",\"articleSection\":[\"Arch\u00edv 2011\"],\"inLanguage\":\"sk-SK\"},{\"@type\":\"WebPage\",\"@id\":\"https:\\\/\\\/pmza.sk\\\/?p=4023\",\"url\":\"https:\\\/\\\/pmza.sk\\\/?p=4023\",\"name\":\"Rajeck\u00e1 An\u010da op\u00e4\u0165 o rok star\u0161ia - Pova\u017esk\u00e9 m\u00fazeum\",\"isPartOf\":{\"@id\":\"https:\\\/\\\/pmza.sk\\\/#website\"},\"primaryImageOfPage\":{\"@id\":\"https:\\\/\\\/pmza.sk\\\/?p=4023#primaryimage\"},\"image\":{\"@id\":\"https:\\\/\\\/pmza.sk\\\/?p=4023#primaryimage\"},\"thumbnailUrl\":\"http:\\\/\\\/pmza.sk.sk\\\/wp-content\\\/uploads\\\/2011\\\/10\\\/oslavy-111.-rokov-Rajeckej-Ance-300x225.jpg\",\"datePublished\":\"2011-10-03T06:50:17+00:00\",\"breadcrumb\":{\"@id\":\"https:\\\/\\\/pmza.sk\\\/?p=4023#breadcrumb\"},\"inLanguage\":\"sk-SK\",\"potentialAction\":[{\"@type\":\"ReadAction\",\"target\":[\"https:\\\/\\\/pmza.sk\\\/?p=4023\"]}]},{\"@type\":\"ImageObject\",\"inLanguage\":\"sk-SK\",\"@id\":\"https:\\\/\\\/pmza.sk\\\/?p=4023#primaryimage\",\"url\":\"http:\\\/\\\/pmza.sk.sk\\\/wp-content\\\/uploads\\\/2011\\\/10\\\/oslavy-111.-rokov-Rajeckej-Ance-300x225.jpg\",\"contentUrl\":\"http:\\\/\\\/pmza.sk.sk\\\/wp-content\\\/uploads\\\/2011\\\/10\\\/oslavy-111.-rokov-Rajeckej-Ance-300x225.jpg\"},{\"@type\":\"BreadcrumbList\",\"@id\":\"https:\\\/\\\/pmza.sk\\\/?p=4023#breadcrumb\",\"itemListElement\":[{\"@type\":\"ListItem\",\"position\":1,\"name\":\"Domovsk\u00e1 str\u00e1nka\",\"item\":\"https:\\\/\\\/pmza.sk\\\/\"},{\"@type\":\"ListItem\",\"position\":2,\"name\":\"Rajeck\u00e1 An\u010da op\u00e4\u0165 o rok star\u0161ia\"}]},{\"@type\":\"WebSite\",\"@id\":\"https:\\\/\\\/pmza.sk\\\/#website\",\"url\":\"https:\\\/\\\/pmza.sk\\\/\",\"name\":\"Pova\u017esk\u00e9 m\u00fazeum\",\"description\":\"Pova\u017esk\u00e9 m\u00fazeum v \u017diline je region\u00e1lne m\u00fazeum so s\u00eddlom v Budat\u00edne. Jeho expoz\u00edcie s\u00fa zameran\u00e9 na dejiny slovensk\u00e9ho umenia, kult\u00fary a dopravy.\",\"publisher\":{\"@id\":\"https:\\\/\\\/pmza.sk\\\/#organization\"},\"potentialAction\":[{\"@type\":\"SearchAction\",\"target\":{\"@type\":\"EntryPoint\",\"urlTemplate\":\"https:\\\/\\\/pmza.sk\\\/?s={search_term_string}\"},\"query-input\":{\"@type\":\"PropertyValueSpecification\",\"valueRequired\":true,\"valueName\":\"search_term_string\"}}],\"inLanguage\":\"sk-SK\"},{\"@type\":\"Organization\",\"@id\":\"https:\\\/\\\/pmza.sk\\\/#organization\",\"name\":\"Pova\u017esk\u00e9 m\u00fazeum\",\"url\":\"https:\\\/\\\/pmza.sk\\\/\",\"logo\":{\"@type\":\"ImageObject\",\"inLanguage\":\"sk-SK\",\"@id\":\"https:\\\/\\\/pmza.sk\\\/#\\\/schema\\\/logo\\\/image\\\/\",\"url\":\"https:\\\/\\\/pmza.sk\\\/wp-content\\\/uploads\\\/2022\\\/01\\\/logo_PM_horizontal.jpg\",\"contentUrl\":\"https:\\\/\\\/pmza.sk\\\/wp-content\\\/uploads\\\/2022\\\/01\\\/logo_PM_horizontal.jpg\",\"width\":231,\"height\":142,\"caption\":\"Pova\u017esk\u00e9 m\u00fazeum\"},\"image\":{\"@id\":\"https:\\\/\\\/pmza.sk\\\/#\\\/schema\\\/logo\\\/image\\\/\"},\"sameAs\":[\"https:\\\/\\\/www.facebook.com\\\/povazskemuzeum\",\"https:\\\/\\\/www.instagram.com\\\/povazskemuzeum\\\/\"]},{\"@type\":\"Person\",\"@id\":\"https:\\\/\\\/pmza.sk\\\/#\\\/schema\\\/person\\\/f0b923a9aa8e1f67feef0d7cd9afde35\",\"name\":\"libor\",\"image\":{\"@type\":\"ImageObject\",\"inLanguage\":\"sk-SK\",\"@id\":\"https:\\\/\\\/secure.gravatar.com\\\/avatar\\\/c583dbc698e594aacced1589eb8cf1673bd41d461e8b2ab635484ffc26fee7b0?s=96&d=mm&r=g\",\"url\":\"https:\\\/\\\/secure.gravatar.com\\\/avatar\\\/c583dbc698e594aacced1589eb8cf1673bd41d461e8b2ab635484ffc26fee7b0?s=96&d=mm&r=g\",\"contentUrl\":\"https:\\\/\\\/secure.gravatar.com\\\/avatar\\\/c583dbc698e594aacced1589eb8cf1673bd41d461e8b2ab635484ffc26fee7b0?s=96&d=mm&r=g\",\"caption\":\"libor\"}}]}<\/script>\n<!-- \/ Yoast SEO plugin. -->","yoast_head_json":{"title":"Rajeck\u00e1 An\u010da op\u00e4\u0165 o rok star\u0161ia - Pova\u017esk\u00e9 m\u00fazeum","robots":{"index":"index","follow":"follow","max-snippet":"max-snippet:-1","max-image-preview":"max-image-preview:large","max-video-preview":"max-video-preview:-1"},"canonical":"https:\/\/pmza.sk\/?p=4023","og_locale":"sk_SK","og_type":"article","og_title":"Rajeck\u00e1 An\u010da op\u00e4\u0165 o rok star\u0161ia - Pova\u017esk\u00e9 m\u00fazeum","og_description":"Meno Rajeck\u00e1 An\u010da je pre Horn\u00e9 Pova\u017eie viac ako sto rokov spojen\u00e9 s\u00a0jedine\u010dn\u00fdm region\u00e1lnym vlakom prem\u00e1vaj\u00facim na trati \u017dilina \u2013 Rajec a\u00a0sp\u00e4\u0165. U\u017e tret\u00ed rok si Rajeck\u00e1 An\u010da pripomenie svoje narodeniny ve\u013ekolep\u00fdmi oslavami, ktor\u00e9 sa bud\u00fa kona\u0165 v\u00a0sobotu 8. okt\u00f3bra 2011. \u201eV\u00a0roku 2009 sme za\u010dali trad\u00edciu narodeninov\u00fdch osl\u00e1v Rajeckej An\u010de v\u00a0s\u00favislosti so 110. v\u00fdro\u010d\u00edm jej [&hellip;]","og_url":"https:\/\/pmza.sk\/?p=4023","og_site_name":"Pova\u017esk\u00e9 m\u00fazeum","article_publisher":"https:\/\/www.facebook.com\/povazskemuzeum","article_published_time":"2011-10-03T06:50:17+00:00","og_image":[{"url":"https:\/\/pmza.sk.sk\/wp-content\/uploads\/2011\/10\/oslavy-111.-rokov-Rajeckej-Ance-300x225.jpg","type":"","width":"","height":""}],"author":"libor","twitter_card":"summary_large_image","twitter_misc":{"Autor":"libor","Predpokladan\u00fd \u010das \u010d\u00edtania":"2 min\u00faty"},"schema":{"@context":"https:\/\/schema.org","@graph":[{"@type":"Article","@id":"https:\/\/pmza.sk\/?p=4023#article","isPartOf":{"@id":"https:\/\/pmza.sk\/?p=4023"},"author":{"name":"libor","@id":"https:\/\/pmza.sk\/#\/schema\/person\/f0b923a9aa8e1f67feef0d7cd9afde35"},"headline":"Rajeck\u00e1 An\u010da op\u00e4\u0165 o rok star\u0161ia","datePublished":"2011-10-03T06:50:17+00:00","mainEntityOfPage":{"@id":"https:\/\/pmza.sk\/?p=4023"},"wordCount":466,"publisher":{"@id":"https:\/\/pmza.sk\/#organization"},"image":{"@id":"https:\/\/pmza.sk\/?p=4023#primaryimage"},"thumbnailUrl":"https:\/\/pmza.sk.sk\/wp-content\/uploads\/2011\/10\/oslavy-111.-rokov-Rajeckej-Ance-300x225.jpg","articleSection":["Arch\u00edv 2011"],"inLanguage":"sk-SK"},{"@type":"WebPage","@id":"https:\/\/pmza.sk\/?p=4023","url":"https:\/\/pmza.sk\/?p=4023","name":"Rajeck\u00e1 An\u010da op\u00e4\u0165 o rok star\u0161ia - Pova\u017esk\u00e9 m\u00fazeum","isPartOf":{"@id":"https:\/\/pmza.sk\/#website"},"primaryImageOfPage":{"@id":"https:\/\/pmza.sk\/?p=4023#primaryimage"},"image":{"@id":"https:\/\/pmza.sk\/?p=4023#primaryimage"},"thumbnailUrl":"https:\/\/pmza.sk.sk\/wp-content\/uploads\/2011\/10\/oslavy-111.-rokov-Rajeckej-Ance-300x225.jpg","datePublished":"2011-10-03T06:50:17+00:00","breadcrumb":{"@id":"https:\/\/pmza.sk\/?p=4023#breadcrumb"},"inLanguage":"sk-SK","potentialAction":[{"@type":"ReadAction","target":["https:\/\/pmza.sk\/?p=4023"]}]},{"@type":"ImageObject","inLanguage":"sk-SK","@id":"https:\/\/pmza.sk\/?p=4023#primaryimage","url":"https:\/\/pmza.sk.sk\/wp-content\/uploads\/2011\/10\/oslavy-111.-rokov-Rajeckej-Ance-300x225.jpg","contentUrl":"https:\/\/pmza.sk.sk\/wp-content\/uploads\/2011\/10\/oslavy-111.-rokov-Rajeckej-Ance-300x225.jpg"},{"@type":"BreadcrumbList","@id":"https:\/\/pmza.sk\/?p=4023#breadcrumb","itemListElement":[{"@type":"ListItem","position":1,"name":"Domovsk\u00e1 str\u00e1nka","item":"https:\/\/pmza.sk\/"},{"@type":"ListItem","position":2,"name":"Rajeck\u00e1 An\u010da op\u00e4\u0165 o rok star\u0161ia"}]},{"@type":"WebSite","@id":"https:\/\/pmza.sk\/#website","url":"https:\/\/pmza.sk\/","name":"Pova\u017esk\u00e9 m\u00fazeum","description":"Pova\u017esk\u00e9 m\u00fazeum v \u017diline je region\u00e1lne m\u00fazeum so s\u00eddlom v Budat\u00edne. Jeho expoz\u00edcie s\u00fa zameran\u00e9 na dejiny slovensk\u00e9ho umenia, kult\u00fary a dopravy.","publisher":{"@id":"https:\/\/pmza.sk\/#organization"},"potentialAction":[{"@type":"SearchAction","target":{"@type":"EntryPoint","urlTemplate":"https:\/\/pmza.sk\/?s={search_term_string}"},"query-input":{"@type":"PropertyValueSpecification","valueRequired":true,"valueName":"search_term_string"}}],"inLanguage":"sk-SK"},{"@type":"Organization","@id":"https:\/\/pmza.sk\/#organization","name":"Pova\u017esk\u00e9 m\u00fazeum","url":"https:\/\/pmza.sk\/","logo":{"@type":"ImageObject","inLanguage":"sk-SK","@id":"https:\/\/pmza.sk\/#\/schema\/logo\/image\/","url":"https:\/\/pmza.sk\/wp-content\/uploads\/2022\/01\/logo_PM_horizontal.jpg","contentUrl":"https:\/\/pmza.sk\/wp-content\/uploads\/2022\/01\/logo_PM_horizontal.jpg","width":231,"height":142,"caption":"Pova\u017esk\u00e9 m\u00fazeum"},"image":{"@id":"https:\/\/pmza.sk\/#\/schema\/logo\/image\/"},"sameAs":["https:\/\/www.facebook.com\/povazskemuzeum","https:\/\/www.instagram.com\/povazskemuzeum\/"]},{"@type":"Person","@id":"https:\/\/pmza.sk\/#\/schema\/person\/f0b923a9aa8e1f67feef0d7cd9afde35","name":"libor","image":{"@type":"ImageObject","inLanguage":"sk-SK","@id":"https:\/\/secure.gravatar.com\/avatar\/c583dbc698e594aacced1589eb8cf1673bd41d461e8b2ab635484ffc26fee7b0?s=96&d=mm&r=g","url":"https:\/\/secure.gravatar.com\/avatar\/c583dbc698e594aacced1589eb8cf1673bd41d461e8b2ab635484ffc26fee7b0?s=96&d=mm&r=g","contentUrl":"https:\/\/secure.gravatar.com\/avatar\/c583dbc698e594aacced1589eb8cf1673bd41d461e8b2ab635484ffc26fee7b0?s=96&d=mm&r=g","caption":"libor"}}]}},"_links":{"self":[{"href":"https:\/\/pmza.sk\/index.php?rest_route=\/wp\/v2\/posts\/4023","targetHints":{"allow":["GET"]}}],"collection":[{"href":"https:\/\/pmza.sk\/index.php?rest_route=\/wp\/v2\/posts"}],"about":[{"href":"https:\/\/pmza.sk\/index.php?rest_route=\/wp\/v2\/types\/post"}],"author":[{"embeddable":true,"href":"https:\/\/pmza.sk\/index.php?rest_route=\/wp\/v2\/users\/1"}],"replies":[{"embeddable":true,"href":"https:\/\/pmza.sk\/index.php?rest_route=%2Fwp%2Fv2%2Fcomments&post=4023"}],"version-history":[{"count":0,"href":"https:\/\/pmza.sk\/index.php?rest_route=\/wp\/v2\/posts\/4023\/revisions"}],"wp:attachment":[{"href":"https:\/\/pmza.sk\/index.php?rest_route=%2Fwp%2Fv2%2Fmedia&parent=4023"}],"wp:term":[{"taxonomy":"category","embeddable":true,"href":"https:\/\/pmza.sk\/index.php?rest_route=%2Fwp%2Fv2%2Fcategories&post=4023"},{"taxonomy":"post_tag","embeddable":true,"href":"https:\/\/pmza.sk\/index.php?rest_route=%2Fwp%2Fv2%2Ftags&post=4023"}],"curies":[{"name":"wp","href":"https:\/\/api.w.org\/{rel}","templated":true}]}}