{"id":4038,"date":"2011-10-06T12:12:35","date_gmt":"2011-10-06T10:12:35","guid":{"rendered":"https:\/\/pmza.sk.sk\/?p=4038"},"modified":"2011-10-06T12:12:35","modified_gmt":"2011-10-06T10:12:35","slug":"sobota-v-znameni-rekordov-v-budatinskom-parku-uz-onedlho","status":"publish","type":"post","link":"https:\/\/pmza.sk\/?p=4038","title":{"rendered":"Sobota v znamen\u00ed rekordov v Budat\u00ednskom parku u\u017e onedlho"},"content":{"rendered":"<p><a href=\"https:\/\/pmza.sk\/wp-content\/uploads\/2011\/10\/011_Don_Quichot_dela_Ancha_6_8_2011_DSC_7513.jpg\"><img fetchpriority=\"high\" decoding=\"async\" class=\"alignleft size-medium wp-image-4039\" style=\"margin: 4px; border: 2px solid black;\" title=\"011_Don_Quichot_dela_Ancha_6_8_2011_DSC_7513\" src=\"https:\/\/pmza.sk.sk\/wp-content\/uploads\/2011\/10\/011_Don_Quichot_dela_Ancha_6_8_2011_DSC_7513-300x196.jpg\" alt=\"\" width=\"300\" height=\"196\" \/><\/a>Budat\u00ednsky park v\u00a0\u017diline sa symbolicky rozl\u00fa\u010di s\u00a0\u00faspe\u0161nou sez\u00f3nou a\u00a0so svojimi n\u00e1v\u0161tevn\u00edkmi v sobotu 22. okt\u00f3bra 2011 na podujat\u00ed pod n\u00e1zvom <strong>Budat\u00ednsky r\u00ednok 2011.<\/strong><\/p>\n<p>\u201e <em>Sme ve\u013emi radi, \u017ee zrevitalizovan\u00fd park sa st\u00e1va ob\u013e\u00faben\u00fdm centrom rekrea\u010dn\u00e9ho \u00a0pobytu \u013eud\u00ed a\u00a0taktie\u017e vyh\u013ead\u00e1van\u00fdm miestom kult\u00farneho vy\u017eitia pri realiz\u00e1ci\u00ed r\u00f4znych podujat\u00ed. Z\u00a0tohto d\u00f4vodu sme sa v\u00a0spolupr\u00e1ci s\u00a0Mestom \u017dilina a\u00a0Villou Budat\u00edn rozhodli uskuto\u010dni\u0165 pilotn\u00fd ro\u010dn\u00edk rozl\u00fa\u010dky so sez\u00f3nou, ktor\u00e1 bude ur\u010dite zauj\u00edmav\u00e1 svojim atrakt\u00edvnym programom,<\/em>\u201c upozornil Boris Schubert, riadite\u013e Pova\u017esk\u00e9ho m\u00fazea v\u00a0\u017diline.<!--more-->Od doobed\u0148aj\u0161\u00edch hod\u00edn na hlavnom p\u00f3diu za\u010dne pestr\u00fd hudobn\u00fd a\u00a0divadlen\u00fd program. Folkl\u00f3rny s\u00fabor Rosutec, dychov\u00e1 hudba Fatranka, V8 band, rozpr\u00e1vka\u00a0 B\u00e1bkov\u00e9ho divadla v \u017diline, \u013dudov\u00e1 hudba Prostavb\u00e1r s\u013eubuj\u00fa spr\u00e1vne naladenie na gastronomick\u00fa \u010das\u0165 podujatia, preto\u017ee n\u00e1dvorie hradu bude u\u017e od r\u00e1na patri\u0165 ochutn\u00e1vkam v\u00edn a\u00a0syrov a\u00a0region\u00e1lnym \u0161pecialit\u00e1m. \u00a0\u201e <em>N\u00e1v\u0161tevn\u00edci podujatia Budat\u00ednsky r\u00ednok 2011 neostan\u00fa aj vzh\u013eadom na ich akt\u00edvne zapojenie sa do sprievodn\u00fdch programov s\u00a0hladn\u00fdm \u017eal\u00fadkom. Pripraven\u00e9 bud\u00fa dom\u00e1ce zab\u00edja\u010dkov\u00e9 poch\u00fa\u0165ky ako klob\u00e1sy, jaternice, tla\u010denka, \u010falej po\u013eovn\u00edcky jelen\u00ed gul\u00e1\u0161, tradi\u010dn\u00e9 sladk\u00e9 kol\u00e1\u010de a \u0161peci\u00e1lny jesenn\u00fd n\u00e1pojov\u00fd reperto\u00e1r ,<\/em>\u201c povedal Ladislav Boto\u0161, \u0161\u00e9fkuch\u00e1r Budat\u00ednskeho r\u00ednku 2011.<\/p>\n<p>Sprievodn\u00e9 atrakcie cel\u00e9ho d\u0148a spestria lukostrelci, \u0161ermiarske s\u00faboje, uk\u00e1\u017eky paln\u00fdch zbran\u00ed, v\u00fdcvikov z\u00e1chran\u00e1rskych psov, uk\u00e1\u017eky remeseln\u00edckej v\u00fdroby ale aj samotn\u00ed n\u00e1v\u0161tevn\u00edci. \u201e <em>V\u00edtame v\u0161etk\u00fdch dobrovo\u013en\u00edkov podujatia, ktor\u00ed sa zapoja do n\u00e1ro\u010dn\u00e9ho hrabania l\u00edstia v\u00a0na\u0161om takmer p\u00e4\u0165 hekt\u00e1rovom \u00a0parku. Z\u00a0\u010dasti l\u00edstia budeme n\u00e1sledne tvori\u0165 maxire\u0165az po obvode cel\u00e9ho parku, \u010d\u00edm sa pok\u00fasime o slovensk\u00fd rekord, ktor\u00fd bude post\u00fapen\u00fd na registr\u00e1ciu do Knihy slovensk\u00fdch rekordov<\/em>,\u201c dodal na z\u00e1ver Boris Schubert.<\/p>\n<p>Organiz\u00e1torom podujatia <strong>Budat\u00ednsky r\u00ednok 2011 v\u00a0sobotu 22. okt\u00f3bra 2011<\/strong> od 11,00 hod. a\u017e do neskor\u00fdch ve\u010dren\u00fdch hod\u00edn je \u017dilinsk\u00fd samospr\u00e1vny kraj, Pova\u017esk\u00e9 m\u00fazeum v\u00a0\u017diline, Mesto \u017dilina, Villa Budat\u00edn a\u00a0v\u0161etci dobrovo\u013en\u00edci, ktor\u00ed pom\u00f4\u017eu hraba\u0165 mno\u017estvo such\u00e9ho l\u00edstia.<\/p>\n","protected":false},"excerpt":{"rendered":"<p>Budat\u00ednsky park v\u00a0\u017diline sa symbolicky rozl\u00fa\u010di s\u00a0\u00faspe\u0161nou sez\u00f3nou a\u00a0so svojimi n\u00e1v\u0161tevn\u00edkmi v sobotu 22. okt\u00f3bra 2011 na podujat\u00ed pod n\u00e1zvom Budat\u00ednsky r\u00ednok 2011. \u201e Sme ve\u013emi radi, \u017ee zrevitalizovan\u00fd park sa st\u00e1va ob\u013e\u00faben\u00fdm centrom rekrea\u010dn\u00e9ho \u00a0pobytu \u013eud\u00ed a\u00a0taktie\u017e vyh\u013ead\u00e1van\u00fdm miestom kult\u00farneho vy\u017eitia pri realiz\u00e1ci\u00ed r\u00f4znych podujat\u00ed. Z\u00a0tohto d\u00f4vodu sme sa v\u00a0spolupr\u00e1ci s\u00a0Mestom \u017dilina a\u00a0Villou Budat\u00edn [&hellip;]<\/p>\n","protected":false},"author":1,"featured_media":0,"comment_status":"closed","ping_status":"closed","sticky":false,"template":"","format":"standard","meta":{"site-sidebar-layout":"default","site-content-layout":"","ast-site-content-layout":"","site-content-style":"default","site-sidebar-style":"default","ast-global-header-display":"","ast-banner-title-visibility":"","ast-main-header-display":"","ast-hfb-above-header-display":"","ast-hfb-below-header-display":"","ast-hfb-mobile-header-display":"","site-post-title":"","ast-breadcrumbs-content":"","ast-featured-img":"","footer-sml-layout":"","theme-transparent-header-meta":"","adv-header-id-meta":"","stick-header-meta":"","header-above-stick-meta":"","header-main-stick-meta":"","header-below-stick-meta":"","astra-migrate-meta-layouts":"default","ast-page-background-enabled":"default","ast-page-background-meta":{"desktop":{"background-color":"var(--ast-global-color-4)","background-image":"","background-repeat":"repeat","background-position":"center center","background-size":"auto","background-attachment":"scroll","background-type":"","background-media":"","overlay-type":"","overlay-color":"","overlay-opacity":"","overlay-gradient":""},"tablet":{"background-color":"","background-image":"","background-repeat":"repeat","background-position":"center center","background-size":"auto","background-attachment":"scroll","background-type":"","background-media":"","overlay-type":"","overlay-color":"","overlay-opacity":"","overlay-gradient":""},"mobile":{"background-color":"","background-image":"","background-repeat":"repeat","background-position":"center center","background-size":"auto","background-attachment":"scroll","background-type":"","background-media":"","overlay-type":"","overlay-color":"","overlay-opacity":"","overlay-gradient":""}},"ast-content-background-meta":{"desktop":{"background-color":"var(--ast-global-color-5)","background-image":"","background-repeat":"repeat","background-position":"center center","background-size":"auto","background-attachment":"scroll","background-type":"","background-media":"","overlay-type":"","overlay-color":"","overlay-opacity":"","overlay-gradient":""},"tablet":{"background-color":"var(--ast-global-color-5)","background-image":"","background-repeat":"repeat","background-position":"center center","background-size":"auto","background-attachment":"scroll","background-type":"","background-media":"","overlay-type":"","overlay-color":"","overlay-opacity":"","overlay-gradient":""},"mobile":{"background-color":"var(--ast-global-color-5)","background-image":"","background-repeat":"repeat","background-position":"center center","background-size":"auto","background-attachment":"scroll","background-type":"","background-media":"","overlay-type":"","overlay-color":"","overlay-opacity":"","overlay-gradient":""}},"footnotes":""},"categories":[30],"tags":[],"class_list":["post-4038","post","type-post","status-publish","format-standard","hentry","category-archiv-2011"],"yoast_head":"<!-- This site is optimized with the Yoast SEO plugin v27.4 - https:\/\/yoast.com\/product\/yoast-seo-wordpress\/ -->\n<title>Sobota v znamen\u00ed rekordov v Budat\u00ednskom parku u\u017e onedlho - Pova\u017esk\u00e9 m\u00fazeum<\/title>\n<meta name=\"robots\" content=\"index, follow, max-snippet:-1, max-image-preview:large, max-video-preview:-1\" \/>\n<link rel=\"canonical\" href=\"https:\/\/pmza.sk\/?p=4038\" \/>\n<meta property=\"og:locale\" content=\"sk_SK\" \/>\n<meta property=\"og:type\" content=\"article\" \/>\n<meta property=\"og:title\" content=\"Sobota v znamen\u00ed rekordov v Budat\u00ednskom parku u\u017e onedlho - Pova\u017esk\u00e9 m\u00fazeum\" \/>\n<meta property=\"og:description\" content=\"Budat\u00ednsky park v\u00a0\u017diline sa symbolicky rozl\u00fa\u010di s\u00a0\u00faspe\u0161nou sez\u00f3nou a\u00a0so svojimi n\u00e1v\u0161tevn\u00edkmi v sobotu 22. okt\u00f3bra 2011 na podujat\u00ed pod n\u00e1zvom Budat\u00ednsky r\u00ednok 2011. \u201e Sme ve\u013emi radi, \u017ee zrevitalizovan\u00fd park sa st\u00e1va ob\u013e\u00faben\u00fdm centrom rekrea\u010dn\u00e9ho \u00a0pobytu \u013eud\u00ed a\u00a0taktie\u017e vyh\u013ead\u00e1van\u00fdm miestom kult\u00farneho vy\u017eitia pri realiz\u00e1ci\u00ed r\u00f4znych podujat\u00ed. Z\u00a0tohto d\u00f4vodu sme sa v\u00a0spolupr\u00e1ci s\u00a0Mestom \u017dilina a\u00a0Villou Budat\u00edn [&hellip;]\" \/>\n<meta property=\"og:url\" content=\"https:\/\/pmza.sk\/?p=4038\" \/>\n<meta property=\"og:site_name\" content=\"Pova\u017esk\u00e9 m\u00fazeum\" \/>\n<meta property=\"article:publisher\" content=\"https:\/\/www.facebook.com\/povazskemuzeum\" \/>\n<meta property=\"article:published_time\" content=\"2011-10-06T10:12:35+00:00\" \/>\n<meta property=\"og:image\" content=\"https:\/\/pmza.sk.sk\/wp-content\/uploads\/2011\/10\/011_Don_Quichot_dela_Ancha_6_8_2011_DSC_7513-300x196.jpg\" \/>\n<meta name=\"author\" content=\"libor\" \/>\n<meta name=\"twitter:card\" content=\"summary_large_image\" \/>\n<meta name=\"twitter:label1\" content=\"Autor\" \/>\n\t<meta name=\"twitter:data1\" content=\"libor\" \/>\n\t<meta name=\"twitter:label2\" content=\"Predpokladan\u00fd \u010das \u010d\u00edtania\" \/>\n\t<meta name=\"twitter:data2\" content=\"2 min\u00faty\" \/>\n<script type=\"application\/ld+json\" class=\"yoast-schema-graph\">{\"@context\":\"https:\\\/\\\/schema.org\",\"@graph\":[{\"@type\":\"Article\",\"@id\":\"https:\\\/\\\/pmza.sk\\\/?p=4038#article\",\"isPartOf\":{\"@id\":\"https:\\\/\\\/pmza.sk\\\/?p=4038\"},\"author\":{\"name\":\"libor\",\"@id\":\"https:\\\/\\\/pmza.sk\\\/#\\\/schema\\\/person\\\/f0b923a9aa8e1f67feef0d7cd9afde35\"},\"headline\":\"Sobota v znamen\u00ed rekordov v Budat\u00ednskom parku u\u017e onedlho\",\"datePublished\":\"2011-10-06T10:12:35+00:00\",\"mainEntityOfPage\":{\"@id\":\"https:\\\/\\\/pmza.sk\\\/?p=4038\"},\"wordCount\":427,\"publisher\":{\"@id\":\"https:\\\/\\\/pmza.sk\\\/#organization\"},\"image\":{\"@id\":\"https:\\\/\\\/pmza.sk\\\/?p=4038#primaryimage\"},\"thumbnailUrl\":\"http:\\\/\\\/pmza.sk.sk\\\/wp-content\\\/uploads\\\/2011\\\/10\\\/011_Don_Quichot_dela_Ancha_6_8_2011_DSC_7513-300x196.jpg\",\"articleSection\":[\"Arch\u00edv 2011\"],\"inLanguage\":\"sk-SK\"},{\"@type\":\"WebPage\",\"@id\":\"https:\\\/\\\/pmza.sk\\\/?p=4038\",\"url\":\"https:\\\/\\\/pmza.sk\\\/?p=4038\",\"name\":\"Sobota v znamen\u00ed rekordov v Budat\u00ednskom parku u\u017e onedlho - Pova\u017esk\u00e9 m\u00fazeum\",\"isPartOf\":{\"@id\":\"https:\\\/\\\/pmza.sk\\\/#website\"},\"primaryImageOfPage\":{\"@id\":\"https:\\\/\\\/pmza.sk\\\/?p=4038#primaryimage\"},\"image\":{\"@id\":\"https:\\\/\\\/pmza.sk\\\/?p=4038#primaryimage\"},\"thumbnailUrl\":\"http:\\\/\\\/pmza.sk.sk\\\/wp-content\\\/uploads\\\/2011\\\/10\\\/011_Don_Quichot_dela_Ancha_6_8_2011_DSC_7513-300x196.jpg\",\"datePublished\":\"2011-10-06T10:12:35+00:00\",\"breadcrumb\":{\"@id\":\"https:\\\/\\\/pmza.sk\\\/?p=4038#breadcrumb\"},\"inLanguage\":\"sk-SK\",\"potentialAction\":[{\"@type\":\"ReadAction\",\"target\":[\"https:\\\/\\\/pmza.sk\\\/?p=4038\"]}]},{\"@type\":\"ImageObject\",\"inLanguage\":\"sk-SK\",\"@id\":\"https:\\\/\\\/pmza.sk\\\/?p=4038#primaryimage\",\"url\":\"http:\\\/\\\/pmza.sk.sk\\\/wp-content\\\/uploads\\\/2011\\\/10\\\/011_Don_Quichot_dela_Ancha_6_8_2011_DSC_7513-300x196.jpg\",\"contentUrl\":\"http:\\\/\\\/pmza.sk.sk\\\/wp-content\\\/uploads\\\/2011\\\/10\\\/011_Don_Quichot_dela_Ancha_6_8_2011_DSC_7513-300x196.jpg\"},{\"@type\":\"BreadcrumbList\",\"@id\":\"https:\\\/\\\/pmza.sk\\\/?p=4038#breadcrumb\",\"itemListElement\":[{\"@type\":\"ListItem\",\"position\":1,\"name\":\"Domovsk\u00e1 str\u00e1nka\",\"item\":\"https:\\\/\\\/pmza.sk\\\/\"},{\"@type\":\"ListItem\",\"position\":2,\"name\":\"Sobota v znamen\u00ed rekordov v Budat\u00ednskom parku u\u017e onedlho\"}]},{\"@type\":\"WebSite\",\"@id\":\"https:\\\/\\\/pmza.sk\\\/#website\",\"url\":\"https:\\\/\\\/pmza.sk\\\/\",\"name\":\"Pova\u017esk\u00e9 m\u00fazeum\",\"description\":\"Pova\u017esk\u00e9 m\u00fazeum v \u017diline je region\u00e1lne m\u00fazeum so s\u00eddlom v Budat\u00edne. Jeho expoz\u00edcie s\u00fa zameran\u00e9 na dejiny slovensk\u00e9ho umenia, kult\u00fary a dopravy.\",\"publisher\":{\"@id\":\"https:\\\/\\\/pmza.sk\\\/#organization\"},\"potentialAction\":[{\"@type\":\"SearchAction\",\"target\":{\"@type\":\"EntryPoint\",\"urlTemplate\":\"https:\\\/\\\/pmza.sk\\\/?s={search_term_string}\"},\"query-input\":{\"@type\":\"PropertyValueSpecification\",\"valueRequired\":true,\"valueName\":\"search_term_string\"}}],\"inLanguage\":\"sk-SK\"},{\"@type\":\"Organization\",\"@id\":\"https:\\\/\\\/pmza.sk\\\/#organization\",\"name\":\"Pova\u017esk\u00e9 m\u00fazeum\",\"url\":\"https:\\\/\\\/pmza.sk\\\/\",\"logo\":{\"@type\":\"ImageObject\",\"inLanguage\":\"sk-SK\",\"@id\":\"https:\\\/\\\/pmza.sk\\\/#\\\/schema\\\/logo\\\/image\\\/\",\"url\":\"https:\\\/\\\/pmza.sk\\\/wp-content\\\/uploads\\\/2022\\\/01\\\/logo_PM_horizontal.jpg\",\"contentUrl\":\"https:\\\/\\\/pmza.sk\\\/wp-content\\\/uploads\\\/2022\\\/01\\\/logo_PM_horizontal.jpg\",\"width\":231,\"height\":142,\"caption\":\"Pova\u017esk\u00e9 m\u00fazeum\"},\"image\":{\"@id\":\"https:\\\/\\\/pmza.sk\\\/#\\\/schema\\\/logo\\\/image\\\/\"},\"sameAs\":[\"https:\\\/\\\/www.facebook.com\\\/povazskemuzeum\",\"https:\\\/\\\/www.instagram.com\\\/povazskemuzeum\\\/\"]},{\"@type\":\"Person\",\"@id\":\"https:\\\/\\\/pmza.sk\\\/#\\\/schema\\\/person\\\/f0b923a9aa8e1f67feef0d7cd9afde35\",\"name\":\"libor\",\"image\":{\"@type\":\"ImageObject\",\"inLanguage\":\"sk-SK\",\"@id\":\"https:\\\/\\\/secure.gravatar.com\\\/avatar\\\/c583dbc698e594aacced1589eb8cf1673bd41d461e8b2ab635484ffc26fee7b0?s=96&d=mm&r=g\",\"url\":\"https:\\\/\\\/secure.gravatar.com\\\/avatar\\\/c583dbc698e594aacced1589eb8cf1673bd41d461e8b2ab635484ffc26fee7b0?s=96&d=mm&r=g\",\"contentUrl\":\"https:\\\/\\\/secure.gravatar.com\\\/avatar\\\/c583dbc698e594aacced1589eb8cf1673bd41d461e8b2ab635484ffc26fee7b0?s=96&d=mm&r=g\",\"caption\":\"libor\"}}]}<\/script>\n<!-- \/ Yoast SEO plugin. -->","yoast_head_json":{"title":"Sobota v znamen\u00ed rekordov v Budat\u00ednskom parku u\u017e onedlho - Pova\u017esk\u00e9 m\u00fazeum","robots":{"index":"index","follow":"follow","max-snippet":"max-snippet:-1","max-image-preview":"max-image-preview:large","max-video-preview":"max-video-preview:-1"},"canonical":"https:\/\/pmza.sk\/?p=4038","og_locale":"sk_SK","og_type":"article","og_title":"Sobota v znamen\u00ed rekordov v Budat\u00ednskom parku u\u017e onedlho - Pova\u017esk\u00e9 m\u00fazeum","og_description":"Budat\u00ednsky park v\u00a0\u017diline sa symbolicky rozl\u00fa\u010di s\u00a0\u00faspe\u0161nou sez\u00f3nou a\u00a0so svojimi n\u00e1v\u0161tevn\u00edkmi v sobotu 22. okt\u00f3bra 2011 na podujat\u00ed pod n\u00e1zvom Budat\u00ednsky r\u00ednok 2011. \u201e Sme ve\u013emi radi, \u017ee zrevitalizovan\u00fd park sa st\u00e1va ob\u013e\u00faben\u00fdm centrom rekrea\u010dn\u00e9ho \u00a0pobytu \u013eud\u00ed a\u00a0taktie\u017e vyh\u013ead\u00e1van\u00fdm miestom kult\u00farneho vy\u017eitia pri realiz\u00e1ci\u00ed r\u00f4znych podujat\u00ed. Z\u00a0tohto d\u00f4vodu sme sa v\u00a0spolupr\u00e1ci s\u00a0Mestom \u017dilina a\u00a0Villou Budat\u00edn [&hellip;]","og_url":"https:\/\/pmza.sk\/?p=4038","og_site_name":"Pova\u017esk\u00e9 m\u00fazeum","article_publisher":"https:\/\/www.facebook.com\/povazskemuzeum","article_published_time":"2011-10-06T10:12:35+00:00","og_image":[{"url":"https:\/\/pmza.sk.sk\/wp-content\/uploads\/2011\/10\/011_Don_Quichot_dela_Ancha_6_8_2011_DSC_7513-300x196.jpg","type":"","width":"","height":""}],"author":"libor","twitter_card":"summary_large_image","twitter_misc":{"Autor":"libor","Predpokladan\u00fd \u010das \u010d\u00edtania":"2 min\u00faty"},"schema":{"@context":"https:\/\/schema.org","@graph":[{"@type":"Article","@id":"https:\/\/pmza.sk\/?p=4038#article","isPartOf":{"@id":"https:\/\/pmza.sk\/?p=4038"},"author":{"name":"libor","@id":"https:\/\/pmza.sk\/#\/schema\/person\/f0b923a9aa8e1f67feef0d7cd9afde35"},"headline":"Sobota v znamen\u00ed rekordov v Budat\u00ednskom parku u\u017e onedlho","datePublished":"2011-10-06T10:12:35+00:00","mainEntityOfPage":{"@id":"https:\/\/pmza.sk\/?p=4038"},"wordCount":427,"publisher":{"@id":"https:\/\/pmza.sk\/#organization"},"image":{"@id":"https:\/\/pmza.sk\/?p=4038#primaryimage"},"thumbnailUrl":"https:\/\/pmza.sk.sk\/wp-content\/uploads\/2011\/10\/011_Don_Quichot_dela_Ancha_6_8_2011_DSC_7513-300x196.jpg","articleSection":["Arch\u00edv 2011"],"inLanguage":"sk-SK"},{"@type":"WebPage","@id":"https:\/\/pmza.sk\/?p=4038","url":"https:\/\/pmza.sk\/?p=4038","name":"Sobota v znamen\u00ed rekordov v Budat\u00ednskom parku u\u017e onedlho - Pova\u017esk\u00e9 m\u00fazeum","isPartOf":{"@id":"https:\/\/pmza.sk\/#website"},"primaryImageOfPage":{"@id":"https:\/\/pmza.sk\/?p=4038#primaryimage"},"image":{"@id":"https:\/\/pmza.sk\/?p=4038#primaryimage"},"thumbnailUrl":"https:\/\/pmza.sk.sk\/wp-content\/uploads\/2011\/10\/011_Don_Quichot_dela_Ancha_6_8_2011_DSC_7513-300x196.jpg","datePublished":"2011-10-06T10:12:35+00:00","breadcrumb":{"@id":"https:\/\/pmza.sk\/?p=4038#breadcrumb"},"inLanguage":"sk-SK","potentialAction":[{"@type":"ReadAction","target":["https:\/\/pmza.sk\/?p=4038"]}]},{"@type":"ImageObject","inLanguage":"sk-SK","@id":"https:\/\/pmza.sk\/?p=4038#primaryimage","url":"https:\/\/pmza.sk.sk\/wp-content\/uploads\/2011\/10\/011_Don_Quichot_dela_Ancha_6_8_2011_DSC_7513-300x196.jpg","contentUrl":"https:\/\/pmza.sk.sk\/wp-content\/uploads\/2011\/10\/011_Don_Quichot_dela_Ancha_6_8_2011_DSC_7513-300x196.jpg"},{"@type":"BreadcrumbList","@id":"https:\/\/pmza.sk\/?p=4038#breadcrumb","itemListElement":[{"@type":"ListItem","position":1,"name":"Domovsk\u00e1 str\u00e1nka","item":"https:\/\/pmza.sk\/"},{"@type":"ListItem","position":2,"name":"Sobota v znamen\u00ed rekordov v Budat\u00ednskom parku u\u017e onedlho"}]},{"@type":"WebSite","@id":"https:\/\/pmza.sk\/#website","url":"https:\/\/pmza.sk\/","name":"Pova\u017esk\u00e9 m\u00fazeum","description":"Pova\u017esk\u00e9 m\u00fazeum v \u017diline je region\u00e1lne m\u00fazeum so s\u00eddlom v Budat\u00edne. Jeho expoz\u00edcie s\u00fa zameran\u00e9 na dejiny slovensk\u00e9ho umenia, kult\u00fary a dopravy.","publisher":{"@id":"https:\/\/pmza.sk\/#organization"},"potentialAction":[{"@type":"SearchAction","target":{"@type":"EntryPoint","urlTemplate":"https:\/\/pmza.sk\/?s={search_term_string}"},"query-input":{"@type":"PropertyValueSpecification","valueRequired":true,"valueName":"search_term_string"}}],"inLanguage":"sk-SK"},{"@type":"Organization","@id":"https:\/\/pmza.sk\/#organization","name":"Pova\u017esk\u00e9 m\u00fazeum","url":"https:\/\/pmza.sk\/","logo":{"@type":"ImageObject","inLanguage":"sk-SK","@id":"https:\/\/pmza.sk\/#\/schema\/logo\/image\/","url":"https:\/\/pmza.sk\/wp-content\/uploads\/2022\/01\/logo_PM_horizontal.jpg","contentUrl":"https:\/\/pmza.sk\/wp-content\/uploads\/2022\/01\/logo_PM_horizontal.jpg","width":231,"height":142,"caption":"Pova\u017esk\u00e9 m\u00fazeum"},"image":{"@id":"https:\/\/pmza.sk\/#\/schema\/logo\/image\/"},"sameAs":["https:\/\/www.facebook.com\/povazskemuzeum","https:\/\/www.instagram.com\/povazskemuzeum\/"]},{"@type":"Person","@id":"https:\/\/pmza.sk\/#\/schema\/person\/f0b923a9aa8e1f67feef0d7cd9afde35","name":"libor","image":{"@type":"ImageObject","inLanguage":"sk-SK","@id":"https:\/\/secure.gravatar.com\/avatar\/c583dbc698e594aacced1589eb8cf1673bd41d461e8b2ab635484ffc26fee7b0?s=96&d=mm&r=g","url":"https:\/\/secure.gravatar.com\/avatar\/c583dbc698e594aacced1589eb8cf1673bd41d461e8b2ab635484ffc26fee7b0?s=96&d=mm&r=g","contentUrl":"https:\/\/secure.gravatar.com\/avatar\/c583dbc698e594aacced1589eb8cf1673bd41d461e8b2ab635484ffc26fee7b0?s=96&d=mm&r=g","caption":"libor"}}]}},"_links":{"self":[{"href":"https:\/\/pmza.sk\/index.php?rest_route=\/wp\/v2\/posts\/4038","targetHints":{"allow":["GET"]}}],"collection":[{"href":"https:\/\/pmza.sk\/index.php?rest_route=\/wp\/v2\/posts"}],"about":[{"href":"https:\/\/pmza.sk\/index.php?rest_route=\/wp\/v2\/types\/post"}],"author":[{"embeddable":true,"href":"https:\/\/pmza.sk\/index.php?rest_route=\/wp\/v2\/users\/1"}],"replies":[{"embeddable":true,"href":"https:\/\/pmza.sk\/index.php?rest_route=%2Fwp%2Fv2%2Fcomments&post=4038"}],"version-history":[{"count":0,"href":"https:\/\/pmza.sk\/index.php?rest_route=\/wp\/v2\/posts\/4038\/revisions"}],"wp:attachment":[{"href":"https:\/\/pmza.sk\/index.php?rest_route=%2Fwp%2Fv2%2Fmedia&parent=4038"}],"wp:term":[{"taxonomy":"category","embeddable":true,"href":"https:\/\/pmza.sk\/index.php?rest_route=%2Fwp%2Fv2%2Fcategories&post=4038"},{"taxonomy":"post_tag","embeddable":true,"href":"https:\/\/pmza.sk\/index.php?rest_route=%2Fwp%2Fv2%2Ftags&post=4038"}],"curies":[{"name":"wp","href":"https:\/\/api.w.org\/{rel}","templated":true}]}}