{"id":4041,"date":"2011-10-06T12:15:42","date_gmt":"2011-10-06T10:15:42","guid":{"rendered":"https:\/\/pmza.sk.sk\/?p=4041"},"modified":"2011-10-06T12:15:42","modified_gmt":"2011-10-06T10:15:42","slug":"vystava-lebky-aj-o-tom-preco-sa-medvedom-kazia-zuby","status":"publish","type":"post","link":"https:\/\/pmza.sk\/?p=4041","title":{"rendered":"V\u00fdstava Lebky aj o tom, pre\u010do sa medve\u010fom kazia zuby"},"content":{"rendered":"<p><a href=\"https:\/\/pmza.sk\/wp-content\/uploads\/2011\/10\/z-vystavy-Lebky.jpg\"><img fetchpriority=\"high\" decoding=\"async\" class=\"alignleft size-medium wp-image-4042\" style=\"margin: 4px; border: 2px solid black;\" title=\"z vystavy Lebky\" src=\"https:\/\/pmza.sk.sk\/wp-content\/uploads\/2011\/10\/z-vystavy-Lebky-300x200.jpg\" alt=\"\" width=\"300\" height=\"200\" \/><\/a><span style=\"color: #ff0000;\"><strong>Miesto:<\/strong> V\u00fdstavn\u00e1 miestnos\u0165 v Are\u00e1li hradu Budat\u00edn<\/span><br \/>\n<span style=\"color: #ff0000;\"><strong>D\u00e1tum: <\/strong>13. 10. 2011 &#8211; 13. 11. 2011<\/span><\/p>\n<p>Pova\u017esk\u00e9 m\u00fazeum v\u00a0\u017diline pripravilo na jese\u0148 2011 pre \u0161irok\u00fa verejnos\u0165 zauj\u00edmav\u00fa v\u00fdstavu pod n\u00e1zvom <strong>Lebky. <\/strong>Svojim obsahom a\u00a0rozsahom je prvou v\u00fdstavou svojho druhu v\u00a0takmer sedemdesiatro\u010dnej hist\u00f3rii m\u00fazea, zameranou na lebky vt\u00e1kov a\u00a0cicavcov, poch\u00e1dzaj\u00facich preva\u017ene z\u00a0bohat\u00e9ho zoologick\u00e9ho zbierkov\u00e9ho fondu m\u00fazea.<!--more--><\/p>\n<p>\u201e<em>Zoologick\u00e1 sekcia m\u00fazea v\u00a0s\u00fa\u010dasnosti obsahuje viac ako 67\u00a0000 zbierkov\u00fdch predmetov. N\u00e1v\u0161tevn\u00edci maj\u00fa po\u010das tejto v\u00fdstavy jedine\u010dn\u00fa mo\u017enos\u0165 vidie\u0165 lebky nieko\u013eko\u00fdch druhov vt\u00e1kov a\u00a0cicavcov a obdivova\u0165 nielen ich tvarov\u00fa a\u00a0ve\u013ekostn\u00fa rozmanitos\u0165, abnormality vo v\u00fdvine, ale aj medzidruhov\u00e9, medzipohlavn\u00e9 a\u00a0vekov\u00e9 rozdiely medzi nimi. Okrem in\u00e9ho sa m\u00f4\u017eu tie\u017e podrobne obozn\u00e1mi\u0165 s\u00a0anatomickou stavbou lebky,<\/em>\u201c uviedol Ladislav Hl\u00f4\u0161ka, jeden z\u00a0autorov v\u00fdstavy a zool\u00f3g Pova\u017esk\u00e9ho m\u00fazea v\u00a0\u017diline.<\/p>\n<p>Na v\u00fdstave Lebky je verejnosti prezentovan\u00fd nielen bohat\u00fd zooologick\u00fd fond m\u00fazea ale aj \u00a0n\u00e1ro\u010dn\u00e1 pr\u00e1ca prepar\u00e1tora.<\/p>\n<p>\u201e <em>Prim\u00e1rnou pr\u00e1cou prepar\u00e1tora je zachova\u0165 uhynut\u00e9 zviera ako dermoplastick\u00fd prepar\u00e1t. Na pr\u00edklade kostrov\u00e9ho prepar\u00e1tu orla skalnat\u00e9ho, ktor\u00fd na v\u00fdstavu zapo\u017ei\u010dala Rehabilita\u010dn\u00e1 stanica \u0160t\u00e1tnej ochrany pr\u00edrody v\u00a0Z\u00e1zrivej, m\u00f4\u017eu n\u00e1v\u0161tevn\u00edci vidie\u0165 prepar\u00e1torsku pr\u00e1cu na zvierati, ktor\u00e9 bolo nato\u013eko po\u0161koden\u00e9 z\u00e1sahom elektrick\u00e9ho nap\u00e4tia, \u017ee urobi\u0165 z\u00a0neho dermoplastick\u00fd prepar\u00e1t nebolo mo\u017en\u00e9. V technol\u00f3gii vyhotovenia kostrov\u00fdch prepar\u00e1tov pou\u017e\u00edvame \u00a0chrob\u00e1ky rodu Dermestes (ko\u017eiare), z\u00edskan\u00e9 z\u00a0Ju\u017enej Ameriky, ktor\u00e9 pracuj\u00fa na odstr\u00e1nen\u00ed m\u00e4kk\u00fdch tkan\u00edv<\/em>,\u201c povedal Fedor Sed\u00edlek, \u010fal\u0161\u00ed autor v\u00fdstavy a\u00a0prepar\u00e1tor m\u00fazea.<\/p>\n<p>R\u00f4zne ve\u013ekosti lebiek diviakov, mufl\u00f3nov, medve\u010fov, jele\u0148ovitej zveri poukazuj\u00fa na to, ako sa lebka vekom vyv\u00edja. Na pr\u00edklade lebky mufl\u00f3na a\u00a0barana dom\u00e1ceho n\u00e1v\u0161tevn\u00edci zase m\u00f4\u017eu porovna\u0165 spolo\u010dn\u00e9 a\u00a0odli\u0161n\u00e9 znaky t\u00fdchto najbli\u017e\u0161\u00edch pr\u00edbuzn\u00fdch \u017eivo\u010d\u00edchov. \u201e <em>Lebka je kostenn\u00fdm obalom, ktor\u00fd chr\u00e1ni mozog, zrakov\u00fd, sluchov\u00fd a\u00a0\u010duchov\u00fd zmysel. Okrem in\u00e9ho sa v\u00a0nej za\u010d\u00ednaj\u00fa tie\u017e tr\u00e1viace a\u00a0d\u00fdchacie cesty.<\/em><\/p>\n<p><em>V\u00a0lebke, presnej\u0161ie povedan\u00e9 v\u00a0\u010de\u013eustiach\u00a0 stavovcov, sa nach\u00e1dzaj\u00fa zuby, ktor\u00e9 s\u00fa najtvrd\u0161\u00edm \u017eivo\u010d\u00ed\u0161nym tkanivom v\u00f4bec a\u00a0navy\u0161e ich tvar ve\u013ea prezr\u00e1dza o\u00a0potrave, ktorou sa ur\u010dit\u00fd druh \u017eiv\u00ed. Preto napr\u00edklad medve\u010fom, ktor\u00e9 konzumuj\u00fa ve\u013ea vl\u00e1kniny a\u00a0cukru najm\u00e4 v\u00a0mede, to sp\u00f4sobuje nielen kazivos\u0165 chrupu, ale dokonca krat\u0161\u00ed \u017eivot<\/em>,\u201c dodal na z\u00e1ver Ladislav Hl\u00f4\u0161ka.<\/p>\n<p>V\u00fdstava <strong>Lebky <\/strong>bude verejnosti pr\u00edstupn\u00e1 do 13. novembra 2011 vo v\u00fdstavnej miestnosti \u00a0Are\u00e1lu Budat\u00ednskeho hradu v\u00a0\u017diline. Organiz\u00e1torom v\u00fdstavy je \u017dilinsk\u00fd samospr\u00e1vny kraj a\u00a0Pova\u017esk\u00e9 m\u00fazeum v\u00a0\u017diline.<\/p>\n","protected":false},"excerpt":{"rendered":"<p>Miesto: V\u00fdstavn\u00e1 miestnos\u0165 v Are\u00e1li hradu Budat\u00edn D\u00e1tum: 13. 10. 2011 &#8211; 13. 11. 2011 Pova\u017esk\u00e9 m\u00fazeum v\u00a0\u017diline pripravilo na jese\u0148 2011 pre \u0161irok\u00fa verejnos\u0165 zauj\u00edmav\u00fa v\u00fdstavu pod n\u00e1zvom Lebky. Svojim obsahom a\u00a0rozsahom je prvou v\u00fdstavou svojho druhu v\u00a0takmer sedemdesiatro\u010dnej hist\u00f3rii m\u00fazea, zameranou na lebky vt\u00e1kov a\u00a0cicavcov, poch\u00e1dzaj\u00facich preva\u017ene z\u00a0bohat\u00e9ho zoologick\u00e9ho zbierkov\u00e9ho fondu m\u00fazea.<\/p>\n","protected":false},"author":1,"featured_media":0,"comment_status":"closed","ping_status":"closed","sticky":false,"template":"","format":"standard","meta":{"site-sidebar-layout":"default","site-content-layout":"","ast-site-content-layout":"","site-content-style":"default","site-sidebar-style":"default","ast-global-header-display":"","ast-banner-title-visibility":"","ast-main-header-display":"","ast-hfb-above-header-display":"","ast-hfb-below-header-display":"","ast-hfb-mobile-header-display":"","site-post-title":"","ast-breadcrumbs-content":"","ast-featured-img":"","footer-sml-layout":"","theme-transparent-header-meta":"","adv-header-id-meta":"","stick-header-meta":"","header-above-stick-meta":"","header-main-stick-meta":"","header-below-stick-meta":"","astra-migrate-meta-layouts":"default","ast-page-background-enabled":"default","ast-page-background-meta":{"desktop":{"background-color":"var(--ast-global-color-4)","background-image":"","background-repeat":"repeat","background-position":"center center","background-size":"auto","background-attachment":"scroll","background-type":"","background-media":"","overlay-type":"","overlay-color":"","overlay-opacity":"","overlay-gradient":""},"tablet":{"background-color":"","background-image":"","background-repeat":"repeat","background-position":"center center","background-size":"auto","background-attachment":"scroll","background-type":"","background-media":"","overlay-type":"","overlay-color":"","overlay-opacity":"","overlay-gradient":""},"mobile":{"background-color":"","background-image":"","background-repeat":"repeat","background-position":"center center","background-size":"auto","background-attachment":"scroll","background-type":"","background-media":"","overlay-type":"","overlay-color":"","overlay-opacity":"","overlay-gradient":""}},"ast-content-background-meta":{"desktop":{"background-color":"var(--ast-global-color-5)","background-image":"","background-repeat":"repeat","background-position":"center center","background-size":"auto","background-attachment":"scroll","background-type":"","background-media":"","overlay-type":"","overlay-color":"","overlay-opacity":"","overlay-gradient":""},"tablet":{"background-color":"var(--ast-global-color-5)","background-image":"","background-repeat":"repeat","background-position":"center center","background-size":"auto","background-attachment":"scroll","background-type":"","background-media":"","overlay-type":"","overlay-color":"","overlay-opacity":"","overlay-gradient":""},"mobile":{"background-color":"var(--ast-global-color-5)","background-image":"","background-repeat":"repeat","background-position":"center center","background-size":"auto","background-attachment":"scroll","background-type":"","background-media":"","overlay-type":"","overlay-color":"","overlay-opacity":"","overlay-gradient":""}},"footnotes":""},"categories":[30],"tags":[],"class_list":["post-4041","post","type-post","status-publish","format-standard","hentry","category-archiv-2011"],"yoast_head":"<!-- This site is optimized with the Yoast SEO plugin v27.4 - https:\/\/yoast.com\/product\/yoast-seo-wordpress\/ -->\n<title>V\u00fdstava Lebky aj o tom, pre\u010do sa medve\u010fom kazia zuby - Pova\u017esk\u00e9 m\u00fazeum<\/title>\n<meta name=\"robots\" content=\"index, follow, max-snippet:-1, max-image-preview:large, max-video-preview:-1\" \/>\n<link rel=\"canonical\" href=\"https:\/\/pmza.sk\/?p=4041\" \/>\n<meta property=\"og:locale\" content=\"sk_SK\" \/>\n<meta property=\"og:type\" content=\"article\" \/>\n<meta property=\"og:title\" content=\"V\u00fdstava Lebky aj o tom, pre\u010do sa medve\u010fom kazia zuby - Pova\u017esk\u00e9 m\u00fazeum\" \/>\n<meta property=\"og:description\" content=\"Miesto: V\u00fdstavn\u00e1 miestnos\u0165 v Are\u00e1li hradu Budat\u00edn D\u00e1tum: 13. 10. 2011 &#8211; 13. 11. 2011 Pova\u017esk\u00e9 m\u00fazeum v\u00a0\u017diline pripravilo na jese\u0148 2011 pre \u0161irok\u00fa verejnos\u0165 zauj\u00edmav\u00fa v\u00fdstavu pod n\u00e1zvom Lebky. Svojim obsahom a\u00a0rozsahom je prvou v\u00fdstavou svojho druhu v\u00a0takmer sedemdesiatro\u010dnej hist\u00f3rii m\u00fazea, zameranou na lebky vt\u00e1kov a\u00a0cicavcov, poch\u00e1dzaj\u00facich preva\u017ene z\u00a0bohat\u00e9ho zoologick\u00e9ho zbierkov\u00e9ho fondu m\u00fazea.\" \/>\n<meta property=\"og:url\" content=\"https:\/\/pmza.sk\/?p=4041\" \/>\n<meta property=\"og:site_name\" content=\"Pova\u017esk\u00e9 m\u00fazeum\" \/>\n<meta property=\"article:publisher\" content=\"https:\/\/www.facebook.com\/povazskemuzeum\" \/>\n<meta property=\"article:published_time\" content=\"2011-10-06T10:15:42+00:00\" \/>\n<meta property=\"og:image\" content=\"https:\/\/pmza.sk.sk\/wp-content\/uploads\/2011\/10\/z-vystavy-Lebky-300x200.jpg\" \/>\n<meta name=\"author\" content=\"libor\" \/>\n<meta name=\"twitter:card\" content=\"summary_large_image\" \/>\n<meta name=\"twitter:label1\" content=\"Autor\" \/>\n\t<meta name=\"twitter:data1\" content=\"libor\" \/>\n\t<meta name=\"twitter:label2\" content=\"Predpokladan\u00fd \u010das \u010d\u00edtania\" \/>\n\t<meta name=\"twitter:data2\" content=\"3 min\u00faty\" \/>\n<script type=\"application\/ld+json\" class=\"yoast-schema-graph\">{\"@context\":\"https:\\\/\\\/schema.org\",\"@graph\":[{\"@type\":\"Article\",\"@id\":\"https:\\\/\\\/pmza.sk\\\/?p=4041#article\",\"isPartOf\":{\"@id\":\"https:\\\/\\\/pmza.sk\\\/?p=4041\"},\"author\":{\"name\":\"libor\",\"@id\":\"https:\\\/\\\/pmza.sk\\\/#\\\/schema\\\/person\\\/f0b923a9aa8e1f67feef0d7cd9afde35\"},\"headline\":\"V\u00fdstava Lebky aj o tom, pre\u010do sa medve\u010fom kazia zuby\",\"datePublished\":\"2011-10-06T10:15:42+00:00\",\"mainEntityOfPage\":{\"@id\":\"https:\\\/\\\/pmza.sk\\\/?p=4041\"},\"wordCount\":514,\"publisher\":{\"@id\":\"https:\\\/\\\/pmza.sk\\\/#organization\"},\"image\":{\"@id\":\"https:\\\/\\\/pmza.sk\\\/?p=4041#primaryimage\"},\"thumbnailUrl\":\"http:\\\/\\\/pmza.sk.sk\\\/wp-content\\\/uploads\\\/2011\\\/10\\\/z-vystavy-Lebky-300x200.jpg\",\"articleSection\":[\"Arch\u00edv 2011\"],\"inLanguage\":\"sk-SK\"},{\"@type\":\"WebPage\",\"@id\":\"https:\\\/\\\/pmza.sk\\\/?p=4041\",\"url\":\"https:\\\/\\\/pmza.sk\\\/?p=4041\",\"name\":\"V\u00fdstava Lebky aj o tom, pre\u010do sa medve\u010fom kazia zuby - Pova\u017esk\u00e9 m\u00fazeum\",\"isPartOf\":{\"@id\":\"https:\\\/\\\/pmza.sk\\\/#website\"},\"primaryImageOfPage\":{\"@id\":\"https:\\\/\\\/pmza.sk\\\/?p=4041#primaryimage\"},\"image\":{\"@id\":\"https:\\\/\\\/pmza.sk\\\/?p=4041#primaryimage\"},\"thumbnailUrl\":\"http:\\\/\\\/pmza.sk.sk\\\/wp-content\\\/uploads\\\/2011\\\/10\\\/z-vystavy-Lebky-300x200.jpg\",\"datePublished\":\"2011-10-06T10:15:42+00:00\",\"breadcrumb\":{\"@id\":\"https:\\\/\\\/pmza.sk\\\/?p=4041#breadcrumb\"},\"inLanguage\":\"sk-SK\",\"potentialAction\":[{\"@type\":\"ReadAction\",\"target\":[\"https:\\\/\\\/pmza.sk\\\/?p=4041\"]}]},{\"@type\":\"ImageObject\",\"inLanguage\":\"sk-SK\",\"@id\":\"https:\\\/\\\/pmza.sk\\\/?p=4041#primaryimage\",\"url\":\"http:\\\/\\\/pmza.sk.sk\\\/wp-content\\\/uploads\\\/2011\\\/10\\\/z-vystavy-Lebky-300x200.jpg\",\"contentUrl\":\"http:\\\/\\\/pmza.sk.sk\\\/wp-content\\\/uploads\\\/2011\\\/10\\\/z-vystavy-Lebky-300x200.jpg\"},{\"@type\":\"BreadcrumbList\",\"@id\":\"https:\\\/\\\/pmza.sk\\\/?p=4041#breadcrumb\",\"itemListElement\":[{\"@type\":\"ListItem\",\"position\":1,\"name\":\"Domovsk\u00e1 str\u00e1nka\",\"item\":\"https:\\\/\\\/pmza.sk\\\/\"},{\"@type\":\"ListItem\",\"position\":2,\"name\":\"V\u00fdstava Lebky aj o tom, pre\u010do sa medve\u010fom kazia zuby\"}]},{\"@type\":\"WebSite\",\"@id\":\"https:\\\/\\\/pmza.sk\\\/#website\",\"url\":\"https:\\\/\\\/pmza.sk\\\/\",\"name\":\"Pova\u017esk\u00e9 m\u00fazeum\",\"description\":\"Pova\u017esk\u00e9 m\u00fazeum v \u017diline je region\u00e1lne m\u00fazeum so s\u00eddlom v Budat\u00edne. Jeho expoz\u00edcie s\u00fa zameran\u00e9 na dejiny slovensk\u00e9ho umenia, kult\u00fary a dopravy.\",\"publisher\":{\"@id\":\"https:\\\/\\\/pmza.sk\\\/#organization\"},\"potentialAction\":[{\"@type\":\"SearchAction\",\"target\":{\"@type\":\"EntryPoint\",\"urlTemplate\":\"https:\\\/\\\/pmza.sk\\\/?s={search_term_string}\"},\"query-input\":{\"@type\":\"PropertyValueSpecification\",\"valueRequired\":true,\"valueName\":\"search_term_string\"}}],\"inLanguage\":\"sk-SK\"},{\"@type\":\"Organization\",\"@id\":\"https:\\\/\\\/pmza.sk\\\/#organization\",\"name\":\"Pova\u017esk\u00e9 m\u00fazeum\",\"url\":\"https:\\\/\\\/pmza.sk\\\/\",\"logo\":{\"@type\":\"ImageObject\",\"inLanguage\":\"sk-SK\",\"@id\":\"https:\\\/\\\/pmza.sk\\\/#\\\/schema\\\/logo\\\/image\\\/\",\"url\":\"https:\\\/\\\/pmza.sk\\\/wp-content\\\/uploads\\\/2022\\\/01\\\/logo_PM_horizontal.jpg\",\"contentUrl\":\"https:\\\/\\\/pmza.sk\\\/wp-content\\\/uploads\\\/2022\\\/01\\\/logo_PM_horizontal.jpg\",\"width\":231,\"height\":142,\"caption\":\"Pova\u017esk\u00e9 m\u00fazeum\"},\"image\":{\"@id\":\"https:\\\/\\\/pmza.sk\\\/#\\\/schema\\\/logo\\\/image\\\/\"},\"sameAs\":[\"https:\\\/\\\/www.facebook.com\\\/povazskemuzeum\",\"https:\\\/\\\/www.instagram.com\\\/povazskemuzeum\\\/\"]},{\"@type\":\"Person\",\"@id\":\"https:\\\/\\\/pmza.sk\\\/#\\\/schema\\\/person\\\/f0b923a9aa8e1f67feef0d7cd9afde35\",\"name\":\"libor\",\"image\":{\"@type\":\"ImageObject\",\"inLanguage\":\"sk-SK\",\"@id\":\"https:\\\/\\\/secure.gravatar.com\\\/avatar\\\/c583dbc698e594aacced1589eb8cf1673bd41d461e8b2ab635484ffc26fee7b0?s=96&d=mm&r=g\",\"url\":\"https:\\\/\\\/secure.gravatar.com\\\/avatar\\\/c583dbc698e594aacced1589eb8cf1673bd41d461e8b2ab635484ffc26fee7b0?s=96&d=mm&r=g\",\"contentUrl\":\"https:\\\/\\\/secure.gravatar.com\\\/avatar\\\/c583dbc698e594aacced1589eb8cf1673bd41d461e8b2ab635484ffc26fee7b0?s=96&d=mm&r=g\",\"caption\":\"libor\"}}]}<\/script>\n<!-- \/ Yoast SEO plugin. -->","yoast_head_json":{"title":"V\u00fdstava Lebky aj o tom, pre\u010do sa medve\u010fom kazia zuby - Pova\u017esk\u00e9 m\u00fazeum","robots":{"index":"index","follow":"follow","max-snippet":"max-snippet:-1","max-image-preview":"max-image-preview:large","max-video-preview":"max-video-preview:-1"},"canonical":"https:\/\/pmza.sk\/?p=4041","og_locale":"sk_SK","og_type":"article","og_title":"V\u00fdstava Lebky aj o tom, pre\u010do sa medve\u010fom kazia zuby - Pova\u017esk\u00e9 m\u00fazeum","og_description":"Miesto: V\u00fdstavn\u00e1 miestnos\u0165 v Are\u00e1li hradu Budat\u00edn D\u00e1tum: 13. 10. 2011 &#8211; 13. 11. 2011 Pova\u017esk\u00e9 m\u00fazeum v\u00a0\u017diline pripravilo na jese\u0148 2011 pre \u0161irok\u00fa verejnos\u0165 zauj\u00edmav\u00fa v\u00fdstavu pod n\u00e1zvom Lebky. Svojim obsahom a\u00a0rozsahom je prvou v\u00fdstavou svojho druhu v\u00a0takmer sedemdesiatro\u010dnej hist\u00f3rii m\u00fazea, zameranou na lebky vt\u00e1kov a\u00a0cicavcov, poch\u00e1dzaj\u00facich preva\u017ene z\u00a0bohat\u00e9ho zoologick\u00e9ho zbierkov\u00e9ho fondu m\u00fazea.","og_url":"https:\/\/pmza.sk\/?p=4041","og_site_name":"Pova\u017esk\u00e9 m\u00fazeum","article_publisher":"https:\/\/www.facebook.com\/povazskemuzeum","article_published_time":"2011-10-06T10:15:42+00:00","og_image":[{"url":"https:\/\/pmza.sk.sk\/wp-content\/uploads\/2011\/10\/z-vystavy-Lebky-300x200.jpg","type":"","width":"","height":""}],"author":"libor","twitter_card":"summary_large_image","twitter_misc":{"Autor":"libor","Predpokladan\u00fd \u010das \u010d\u00edtania":"3 min\u00faty"},"schema":{"@context":"https:\/\/schema.org","@graph":[{"@type":"Article","@id":"https:\/\/pmza.sk\/?p=4041#article","isPartOf":{"@id":"https:\/\/pmza.sk\/?p=4041"},"author":{"name":"libor","@id":"https:\/\/pmza.sk\/#\/schema\/person\/f0b923a9aa8e1f67feef0d7cd9afde35"},"headline":"V\u00fdstava Lebky aj o tom, pre\u010do sa medve\u010fom kazia zuby","datePublished":"2011-10-06T10:15:42+00:00","mainEntityOfPage":{"@id":"https:\/\/pmza.sk\/?p=4041"},"wordCount":514,"publisher":{"@id":"https:\/\/pmza.sk\/#organization"},"image":{"@id":"https:\/\/pmza.sk\/?p=4041#primaryimage"},"thumbnailUrl":"https:\/\/pmza.sk.sk\/wp-content\/uploads\/2011\/10\/z-vystavy-Lebky-300x200.jpg","articleSection":["Arch\u00edv 2011"],"inLanguage":"sk-SK"},{"@type":"WebPage","@id":"https:\/\/pmza.sk\/?p=4041","url":"https:\/\/pmza.sk\/?p=4041","name":"V\u00fdstava Lebky aj o tom, pre\u010do sa medve\u010fom kazia zuby - Pova\u017esk\u00e9 m\u00fazeum","isPartOf":{"@id":"https:\/\/pmza.sk\/#website"},"primaryImageOfPage":{"@id":"https:\/\/pmza.sk\/?p=4041#primaryimage"},"image":{"@id":"https:\/\/pmza.sk\/?p=4041#primaryimage"},"thumbnailUrl":"https:\/\/pmza.sk.sk\/wp-content\/uploads\/2011\/10\/z-vystavy-Lebky-300x200.jpg","datePublished":"2011-10-06T10:15:42+00:00","breadcrumb":{"@id":"https:\/\/pmza.sk\/?p=4041#breadcrumb"},"inLanguage":"sk-SK","potentialAction":[{"@type":"ReadAction","target":["https:\/\/pmza.sk\/?p=4041"]}]},{"@type":"ImageObject","inLanguage":"sk-SK","@id":"https:\/\/pmza.sk\/?p=4041#primaryimage","url":"https:\/\/pmza.sk.sk\/wp-content\/uploads\/2011\/10\/z-vystavy-Lebky-300x200.jpg","contentUrl":"https:\/\/pmza.sk.sk\/wp-content\/uploads\/2011\/10\/z-vystavy-Lebky-300x200.jpg"},{"@type":"BreadcrumbList","@id":"https:\/\/pmza.sk\/?p=4041#breadcrumb","itemListElement":[{"@type":"ListItem","position":1,"name":"Domovsk\u00e1 str\u00e1nka","item":"https:\/\/pmza.sk\/"},{"@type":"ListItem","position":2,"name":"V\u00fdstava Lebky aj o tom, pre\u010do sa medve\u010fom kazia zuby"}]},{"@type":"WebSite","@id":"https:\/\/pmza.sk\/#website","url":"https:\/\/pmza.sk\/","name":"Pova\u017esk\u00e9 m\u00fazeum","description":"Pova\u017esk\u00e9 m\u00fazeum v \u017diline je region\u00e1lne m\u00fazeum so s\u00eddlom v Budat\u00edne. Jeho expoz\u00edcie s\u00fa zameran\u00e9 na dejiny slovensk\u00e9ho umenia, kult\u00fary a dopravy.","publisher":{"@id":"https:\/\/pmza.sk\/#organization"},"potentialAction":[{"@type":"SearchAction","target":{"@type":"EntryPoint","urlTemplate":"https:\/\/pmza.sk\/?s={search_term_string}"},"query-input":{"@type":"PropertyValueSpecification","valueRequired":true,"valueName":"search_term_string"}}],"inLanguage":"sk-SK"},{"@type":"Organization","@id":"https:\/\/pmza.sk\/#organization","name":"Pova\u017esk\u00e9 m\u00fazeum","url":"https:\/\/pmza.sk\/","logo":{"@type":"ImageObject","inLanguage":"sk-SK","@id":"https:\/\/pmza.sk\/#\/schema\/logo\/image\/","url":"https:\/\/pmza.sk\/wp-content\/uploads\/2022\/01\/logo_PM_horizontal.jpg","contentUrl":"https:\/\/pmza.sk\/wp-content\/uploads\/2022\/01\/logo_PM_horizontal.jpg","width":231,"height":142,"caption":"Pova\u017esk\u00e9 m\u00fazeum"},"image":{"@id":"https:\/\/pmza.sk\/#\/schema\/logo\/image\/"},"sameAs":["https:\/\/www.facebook.com\/povazskemuzeum","https:\/\/www.instagram.com\/povazskemuzeum\/"]},{"@type":"Person","@id":"https:\/\/pmza.sk\/#\/schema\/person\/f0b923a9aa8e1f67feef0d7cd9afde35","name":"libor","image":{"@type":"ImageObject","inLanguage":"sk-SK","@id":"https:\/\/secure.gravatar.com\/avatar\/c583dbc698e594aacced1589eb8cf1673bd41d461e8b2ab635484ffc26fee7b0?s=96&d=mm&r=g","url":"https:\/\/secure.gravatar.com\/avatar\/c583dbc698e594aacced1589eb8cf1673bd41d461e8b2ab635484ffc26fee7b0?s=96&d=mm&r=g","contentUrl":"https:\/\/secure.gravatar.com\/avatar\/c583dbc698e594aacced1589eb8cf1673bd41d461e8b2ab635484ffc26fee7b0?s=96&d=mm&r=g","caption":"libor"}}]}},"_links":{"self":[{"href":"https:\/\/pmza.sk\/index.php?rest_route=\/wp\/v2\/posts\/4041","targetHints":{"allow":["GET"]}}],"collection":[{"href":"https:\/\/pmza.sk\/index.php?rest_route=\/wp\/v2\/posts"}],"about":[{"href":"https:\/\/pmza.sk\/index.php?rest_route=\/wp\/v2\/types\/post"}],"author":[{"embeddable":true,"href":"https:\/\/pmza.sk\/index.php?rest_route=\/wp\/v2\/users\/1"}],"replies":[{"embeddable":true,"href":"https:\/\/pmza.sk\/index.php?rest_route=%2Fwp%2Fv2%2Fcomments&post=4041"}],"version-history":[{"count":0,"href":"https:\/\/pmza.sk\/index.php?rest_route=\/wp\/v2\/posts\/4041\/revisions"}],"wp:attachment":[{"href":"https:\/\/pmza.sk\/index.php?rest_route=%2Fwp%2Fv2%2Fmedia&parent=4041"}],"wp:term":[{"taxonomy":"category","embeddable":true,"href":"https:\/\/pmza.sk\/index.php?rest_route=%2Fwp%2Fv2%2Fcategories&post=4041"},{"taxonomy":"post_tag","embeddable":true,"href":"https:\/\/pmza.sk\/index.php?rest_route=%2Fwp%2Fv2%2Ftags&post=4041"}],"curies":[{"name":"wp","href":"https:\/\/api.w.org\/{rel}","templated":true}]}}