{"id":4092,"date":"2011-10-20T12:40:12","date_gmt":"2011-10-20T10:40:12","guid":{"rendered":"https:\/\/pmza.sk.sk\/?p=4092"},"modified":"2011-10-20T12:40:12","modified_gmt":"2011-10-20T10:40:12","slug":"na-hrade-strecno-bude-strasit-slachticna-benigna","status":"publish","type":"post","link":"https:\/\/pmza.sk\/?p=4092","title":{"rendered":"Na hrade Stre\u010dno bude stra\u0161i\u0165 \u0161\u013eachti\u010dn\u00e1 Benigna"},"content":{"rendered":"<p><a href=\"https:\/\/pmza.sk\/wp-content\/uploads\/2011\/10\/nocna-prehliadka-hradu.jpg\"><img fetchpriority=\"high\" decoding=\"async\" class=\"alignleft size-medium wp-image-4093\" style=\"margin: 4px; border: 2px solid black;\" title=\"no\u010dn\u00e1 prehliadka hradu\" src=\"https:\/\/pmza.sk.sk\/wp-content\/uploads\/2011\/10\/no\u010dn\u00e1-prehliadka-hradu-300x200.jpg\" alt=\"\" width=\"300\" height=\"200\" \/><\/a><span style=\"color: #ff0000;\"><strong>Miesto:<\/strong> Hrad Stre\u010dno<\/span><br \/>\n<span style=\"color: #ff0000;\"><strong>D\u00e1tum: <\/strong>28. 10. 2011<\/span><br \/>\n<span style=\"color: #ff0000;\"><strong>\u010cas: <\/strong>18.00 &#8211; 21.00 hod.<\/span><\/p>\n<p>Pova\u017esk\u00e9 m\u00fazeum v\u00a0\u017diline poz\u00fdva v\u0161etk\u00fdch nad\u0161encov a\u00a0priaznivcov stra\u0161ideln\u00fdch prehliadok hradu Stre\u010dno na posledn\u00fa tohoro\u010dn\u00fa no\u010dn\u00fa prehliadku. Podujatie <strong>Noc duchov, tekv\u00edc a\u00a0stra\u0161idiel <\/strong>bude <strong>v piatok 28. okt\u00f3bra 2011 <\/strong>najm\u00e4 o<strong> <\/strong>zauj\u00edmavom pr\u00edbehu poslednej man\u017eelky hradn\u00e9ho p\u00e1na Pavla Kini\u017eiho, o\u00a0\u0161\u013eachti\u010dnej Benigne.<!--more--><\/p>\n<p>\u201e<em>Po smrti Pavla Kini\u017eiho, v\u00a0roku 1494 ostala panova\u0165 na hrade jeho \u017eena Benigna, \u017eena dobrodru\u017enej povahy, ktor\u00e1 sa o\u00a0rok a pol po jeho smrti vydala za chorv\u00e1tskeho b\u00e1na Marka Myslenovi\u010da z Kami\u0161aca. Ke\u010f jej v roku 1508 zomrel aj jej druh\u00fd man\u017eel, vydala sa Benigna tret\u00ed raz za Gregora Kerekiho, ktor\u00e9ho vraj po\u00a0roku 1523 dala zhodi\u0165 z\u00a0hradn\u00e9ho brala<\/em>,\u201c povedal Michal Jureck\u00fd, historik Pova\u017esk\u00e9ho m\u00fazea v\u00a0\u017diline.<\/p>\n<p>Okt\u00f3brov\u00e1 no\u010dn\u00e1 prehliadka predstav\u00ed temn\u00fa str\u00e1nku \u0161\u013eachti\u010dnej Benigny, ktor\u00e1 \u00fadajne mala na svedom\u00ed smr\u0165 v\u0161etk\u00fdch svojich man\u017eelov. Zomrel Kini\u017ei naozaj na chorobu? A \u010do druh\u00fd man\u017eel Benigny a\u00a0jeho ne\u0161\u0165astn\u00fd p\u00e1d z\u00a0ko\u0148a, naozaj za p\u00e1d mohli n\u00edzke kon\u00e1re? Na tieto ot\u00e1ykz V\u00e1m z\u00e1bavnou formou odpovie posledn\u00e9 no\u010dn\u00e9 stretnutie so stra\u0161idlami hradu, ktor\u00e9ho tajomstv\u00e1\u00a0 podfarb\u00ed oh\u0148ovo \u2013 tane\u010dn\u00e1 show v\u00a0podan\u00ed \u017eilinskej skupiny Eiwhana.\u00a0 Sez\u00f3nu 2011 na hrade symbolicky ukon\u010dia delostreleck\u00e9 salvy Stre\u010dnianskych hradn\u00fdch delostrelcov.<\/p>\n<p>Len pre zauj\u00edmavos\u0165, v rokoch 1490 a\u017e 1510, za Benigninho panovania \u00a0pribudli k hradu Stre\u010dno dve nov\u00e9 kr\u00eddla, a\u00a0to severn\u00e9 kr\u00eddlo s kaplnkou, ju\u017en\u00e9 s dvoma obytn\u00fdmi kr\u00eddlami, \u010falej predhradie s ve\u017eou na severnej strane, ktor\u00e9 u\u017e nieko\u013eko rokov patria k\u00a0centru diania stra\u0161ideln\u00fdch divadeln\u00fdch v\u00fdjavov popul\u00e1rnych no\u010dn\u00fdch prehliadok hradu.<\/p>\n<p><strong>Noc duchov, tekv\u00edc a\u00a0stra\u0161idiel na hrade Stre\u010dno<\/strong>, tentokr\u00e1t s\u00a0Benignou, sa uskuto\u010dn\u00ed v <strong>piatok 28. okt\u00f3bra 2011 od 18,00h do 21,00h<\/strong>. Organiz\u00e1torom je \u017dilinsk\u00fd samospr\u00e1vny kraj a\u00a0Pova\u017esk\u00e9 m\u00fazeum v\u00a0\u017diline.<\/p>\n","protected":false},"excerpt":{"rendered":"<p>Miesto: Hrad Stre\u010dno D\u00e1tum: 28. 10. 2011 \u010cas: 18.00 &#8211; 21.00 hod. Pova\u017esk\u00e9 m\u00fazeum v\u00a0\u017diline poz\u00fdva v\u0161etk\u00fdch nad\u0161encov a\u00a0priaznivcov stra\u0161ideln\u00fdch prehliadok hradu Stre\u010dno na posledn\u00fa tohoro\u010dn\u00fa no\u010dn\u00fa prehliadku. Podujatie Noc duchov, tekv\u00edc a\u00a0stra\u0161idiel bude v piatok 28. okt\u00f3bra 2011 najm\u00e4 o zauj\u00edmavom pr\u00edbehu poslednej man\u017eelky hradn\u00e9ho p\u00e1na Pavla Kini\u017eiho, o\u00a0\u0161\u013eachti\u010dnej Benigne.<\/p>\n","protected":false},"author":1,"featured_media":0,"comment_status":"closed","ping_status":"closed","sticky":false,"template":"","format":"standard","meta":{"site-sidebar-layout":"default","site-content-layout":"","ast-site-content-layout":"","site-content-style":"default","site-sidebar-style":"default","ast-global-header-display":"","ast-banner-title-visibility":"","ast-main-header-display":"","ast-hfb-above-header-display":"","ast-hfb-below-header-display":"","ast-hfb-mobile-header-display":"","site-post-title":"","ast-breadcrumbs-content":"","ast-featured-img":"","footer-sml-layout":"","theme-transparent-header-meta":"","adv-header-id-meta":"","stick-header-meta":"","header-above-stick-meta":"","header-main-stick-meta":"","header-below-stick-meta":"","astra-migrate-meta-layouts":"default","ast-page-background-enabled":"default","ast-page-background-meta":{"desktop":{"background-color":"var(--ast-global-color-4)","background-image":"","background-repeat":"repeat","background-position":"center center","background-size":"auto","background-attachment":"scroll","background-type":"","background-media":"","overlay-type":"","overlay-color":"","overlay-opacity":"","overlay-gradient":""},"tablet":{"background-color":"","background-image":"","background-repeat":"repeat","background-position":"center center","background-size":"auto","background-attachment":"scroll","background-type":"","background-media":"","overlay-type":"","overlay-color":"","overlay-opacity":"","overlay-gradient":""},"mobile":{"background-color":"","background-image":"","background-repeat":"repeat","background-position":"center center","background-size":"auto","background-attachment":"scroll","background-type":"","background-media":"","overlay-type":"","overlay-color":"","overlay-opacity":"","overlay-gradient":""}},"ast-content-background-meta":{"desktop":{"background-color":"var(--ast-global-color-5)","background-image":"","background-repeat":"repeat","background-position":"center center","background-size":"auto","background-attachment":"scroll","background-type":"","background-media":"","overlay-type":"","overlay-color":"","overlay-opacity":"","overlay-gradient":""},"tablet":{"background-color":"var(--ast-global-color-5)","background-image":"","background-repeat":"repeat","background-position":"center center","background-size":"auto","background-attachment":"scroll","background-type":"","background-media":"","overlay-type":"","overlay-color":"","overlay-opacity":"","overlay-gradient":""},"mobile":{"background-color":"var(--ast-global-color-5)","background-image":"","background-repeat":"repeat","background-position":"center center","background-size":"auto","background-attachment":"scroll","background-type":"","background-media":"","overlay-type":"","overlay-color":"","overlay-opacity":"","overlay-gradient":""}},"footnotes":""},"categories":[30],"tags":[],"class_list":["post-4092","post","type-post","status-publish","format-standard","hentry","category-archiv-2011"],"yoast_head":"<!-- This site is optimized with the Yoast SEO plugin v27.4 - https:\/\/yoast.com\/product\/yoast-seo-wordpress\/ -->\n<title>Na hrade Stre\u010dno bude stra\u0161i\u0165 \u0161\u013eachti\u010dn\u00e1 Benigna - Pova\u017esk\u00e9 m\u00fazeum<\/title>\n<meta name=\"robots\" content=\"index, follow, max-snippet:-1, max-image-preview:large, max-video-preview:-1\" \/>\n<link rel=\"canonical\" href=\"https:\/\/pmza.sk\/?p=4092\" \/>\n<meta property=\"og:locale\" content=\"sk_SK\" \/>\n<meta property=\"og:type\" content=\"article\" \/>\n<meta property=\"og:title\" content=\"Na hrade Stre\u010dno bude stra\u0161i\u0165 \u0161\u013eachti\u010dn\u00e1 Benigna - Pova\u017esk\u00e9 m\u00fazeum\" \/>\n<meta property=\"og:description\" content=\"Miesto: Hrad Stre\u010dno D\u00e1tum: 28. 10. 2011 \u010cas: 18.00 &#8211; 21.00 hod. Pova\u017esk\u00e9 m\u00fazeum v\u00a0\u017diline poz\u00fdva v\u0161etk\u00fdch nad\u0161encov a\u00a0priaznivcov stra\u0161ideln\u00fdch prehliadok hradu Stre\u010dno na posledn\u00fa tohoro\u010dn\u00fa no\u010dn\u00fa prehliadku. Podujatie Noc duchov, tekv\u00edc a\u00a0stra\u0161idiel bude v piatok 28. okt\u00f3bra 2011 najm\u00e4 o zauj\u00edmavom pr\u00edbehu poslednej man\u017eelky hradn\u00e9ho p\u00e1na Pavla Kini\u017eiho, o\u00a0\u0161\u013eachti\u010dnej Benigne.\" \/>\n<meta property=\"og:url\" content=\"https:\/\/pmza.sk\/?p=4092\" \/>\n<meta property=\"og:site_name\" content=\"Pova\u017esk\u00e9 m\u00fazeum\" \/>\n<meta property=\"article:publisher\" content=\"https:\/\/www.facebook.com\/povazskemuzeum\" \/>\n<meta property=\"article:published_time\" content=\"2011-10-20T10:40:12+00:00\" \/>\n<meta name=\"author\" content=\"libor\" \/>\n<meta name=\"twitter:card\" content=\"summary_large_image\" \/>\n<meta name=\"twitter:label1\" content=\"Autor\" \/>\n\t<meta name=\"twitter:data1\" content=\"libor\" \/>\n\t<meta name=\"twitter:label2\" content=\"Predpokladan\u00fd \u010das \u010d\u00edtania\" \/>\n\t<meta name=\"twitter:data2\" content=\"2 min\u00faty\" \/>\n<script type=\"application\/ld+json\" class=\"yoast-schema-graph\">{\"@context\":\"https:\\\/\\\/schema.org\",\"@graph\":[{\"@type\":\"Article\",\"@id\":\"https:\\\/\\\/pmza.sk\\\/?p=4092#article\",\"isPartOf\":{\"@id\":\"https:\\\/\\\/pmza.sk\\\/?p=4092\"},\"author\":{\"name\":\"libor\",\"@id\":\"https:\\\/\\\/pmza.sk\\\/#\\\/schema\\\/person\\\/f0b923a9aa8e1f67feef0d7cd9afde35\"},\"headline\":\"Na hrade Stre\u010dno bude stra\u0161i\u0165 \u0161\u013eachti\u010dn\u00e1 Benigna\",\"datePublished\":\"2011-10-20T10:40:12+00:00\",\"mainEntityOfPage\":{\"@id\":\"https:\\\/\\\/pmza.sk\\\/?p=4092\"},\"wordCount\":365,\"publisher\":{\"@id\":\"https:\\\/\\\/pmza.sk\\\/#organization\"},\"articleSection\":[\"Arch\u00edv 2011\"],\"inLanguage\":\"sk-SK\"},{\"@type\":\"WebPage\",\"@id\":\"https:\\\/\\\/pmza.sk\\\/?p=4092\",\"url\":\"https:\\\/\\\/pmza.sk\\\/?p=4092\",\"name\":\"Na hrade Stre\u010dno bude stra\u0161i\u0165 \u0161\u013eachti\u010dn\u00e1 Benigna - Pova\u017esk\u00e9 m\u00fazeum\",\"isPartOf\":{\"@id\":\"https:\\\/\\\/pmza.sk\\\/#website\"},\"datePublished\":\"2011-10-20T10:40:12+00:00\",\"breadcrumb\":{\"@id\":\"https:\\\/\\\/pmza.sk\\\/?p=4092#breadcrumb\"},\"inLanguage\":\"sk-SK\",\"potentialAction\":[{\"@type\":\"ReadAction\",\"target\":[\"https:\\\/\\\/pmza.sk\\\/?p=4092\"]}]},{\"@type\":\"BreadcrumbList\",\"@id\":\"https:\\\/\\\/pmza.sk\\\/?p=4092#breadcrumb\",\"itemListElement\":[{\"@type\":\"ListItem\",\"position\":1,\"name\":\"Domovsk\u00e1 str\u00e1nka\",\"item\":\"https:\\\/\\\/pmza.sk\\\/\"},{\"@type\":\"ListItem\",\"position\":2,\"name\":\"Na hrade Stre\u010dno bude stra\u0161i\u0165 \u0161\u013eachti\u010dn\u00e1 Benigna\"}]},{\"@type\":\"WebSite\",\"@id\":\"https:\\\/\\\/pmza.sk\\\/#website\",\"url\":\"https:\\\/\\\/pmza.sk\\\/\",\"name\":\"Pova\u017esk\u00e9 m\u00fazeum\",\"description\":\"Pova\u017esk\u00e9 m\u00fazeum v \u017diline je region\u00e1lne m\u00fazeum so s\u00eddlom v Budat\u00edne. Jeho expoz\u00edcie s\u00fa zameran\u00e9 na dejiny slovensk\u00e9ho umenia, kult\u00fary a dopravy.\",\"publisher\":{\"@id\":\"https:\\\/\\\/pmza.sk\\\/#organization\"},\"potentialAction\":[{\"@type\":\"SearchAction\",\"target\":{\"@type\":\"EntryPoint\",\"urlTemplate\":\"https:\\\/\\\/pmza.sk\\\/?s={search_term_string}\"},\"query-input\":{\"@type\":\"PropertyValueSpecification\",\"valueRequired\":true,\"valueName\":\"search_term_string\"}}],\"inLanguage\":\"sk-SK\"},{\"@type\":\"Organization\",\"@id\":\"https:\\\/\\\/pmza.sk\\\/#organization\",\"name\":\"Pova\u017esk\u00e9 m\u00fazeum\",\"url\":\"https:\\\/\\\/pmza.sk\\\/\",\"logo\":{\"@type\":\"ImageObject\",\"inLanguage\":\"sk-SK\",\"@id\":\"https:\\\/\\\/pmza.sk\\\/#\\\/schema\\\/logo\\\/image\\\/\",\"url\":\"https:\\\/\\\/pmza.sk\\\/wp-content\\\/uploads\\\/2022\\\/01\\\/logo_PM_horizontal.jpg\",\"contentUrl\":\"https:\\\/\\\/pmza.sk\\\/wp-content\\\/uploads\\\/2022\\\/01\\\/logo_PM_horizontal.jpg\",\"width\":231,\"height\":142,\"caption\":\"Pova\u017esk\u00e9 m\u00fazeum\"},\"image\":{\"@id\":\"https:\\\/\\\/pmza.sk\\\/#\\\/schema\\\/logo\\\/image\\\/\"},\"sameAs\":[\"https:\\\/\\\/www.facebook.com\\\/povazskemuzeum\",\"https:\\\/\\\/www.instagram.com\\\/povazskemuzeum\\\/\"]},{\"@type\":\"Person\",\"@id\":\"https:\\\/\\\/pmza.sk\\\/#\\\/schema\\\/person\\\/f0b923a9aa8e1f67feef0d7cd9afde35\",\"name\":\"libor\",\"image\":{\"@type\":\"ImageObject\",\"inLanguage\":\"sk-SK\",\"@id\":\"https:\\\/\\\/secure.gravatar.com\\\/avatar\\\/c583dbc698e594aacced1589eb8cf1673bd41d461e8b2ab635484ffc26fee7b0?s=96&d=mm&r=g\",\"url\":\"https:\\\/\\\/secure.gravatar.com\\\/avatar\\\/c583dbc698e594aacced1589eb8cf1673bd41d461e8b2ab635484ffc26fee7b0?s=96&d=mm&r=g\",\"contentUrl\":\"https:\\\/\\\/secure.gravatar.com\\\/avatar\\\/c583dbc698e594aacced1589eb8cf1673bd41d461e8b2ab635484ffc26fee7b0?s=96&d=mm&r=g\",\"caption\":\"libor\"}}]}<\/script>\n<!-- \/ Yoast SEO plugin. -->","yoast_head_json":{"title":"Na hrade Stre\u010dno bude stra\u0161i\u0165 \u0161\u013eachti\u010dn\u00e1 Benigna - Pova\u017esk\u00e9 m\u00fazeum","robots":{"index":"index","follow":"follow","max-snippet":"max-snippet:-1","max-image-preview":"max-image-preview:large","max-video-preview":"max-video-preview:-1"},"canonical":"https:\/\/pmza.sk\/?p=4092","og_locale":"sk_SK","og_type":"article","og_title":"Na hrade Stre\u010dno bude stra\u0161i\u0165 \u0161\u013eachti\u010dn\u00e1 Benigna - Pova\u017esk\u00e9 m\u00fazeum","og_description":"Miesto: Hrad Stre\u010dno D\u00e1tum: 28. 10. 2011 \u010cas: 18.00 &#8211; 21.00 hod. Pova\u017esk\u00e9 m\u00fazeum v\u00a0\u017diline poz\u00fdva v\u0161etk\u00fdch nad\u0161encov a\u00a0priaznivcov stra\u0161ideln\u00fdch prehliadok hradu Stre\u010dno na posledn\u00fa tohoro\u010dn\u00fa no\u010dn\u00fa prehliadku. Podujatie Noc duchov, tekv\u00edc a\u00a0stra\u0161idiel bude v piatok 28. okt\u00f3bra 2011 najm\u00e4 o zauj\u00edmavom pr\u00edbehu poslednej man\u017eelky hradn\u00e9ho p\u00e1na Pavla Kini\u017eiho, o\u00a0\u0161\u013eachti\u010dnej Benigne.","og_url":"https:\/\/pmza.sk\/?p=4092","og_site_name":"Pova\u017esk\u00e9 m\u00fazeum","article_publisher":"https:\/\/www.facebook.com\/povazskemuzeum","article_published_time":"2011-10-20T10:40:12+00:00","author":"libor","twitter_card":"summary_large_image","twitter_misc":{"Autor":"libor","Predpokladan\u00fd \u010das \u010d\u00edtania":"2 min\u00faty"},"schema":{"@context":"https:\/\/schema.org","@graph":[{"@type":"Article","@id":"https:\/\/pmza.sk\/?p=4092#article","isPartOf":{"@id":"https:\/\/pmza.sk\/?p=4092"},"author":{"name":"libor","@id":"https:\/\/pmza.sk\/#\/schema\/person\/f0b923a9aa8e1f67feef0d7cd9afde35"},"headline":"Na hrade Stre\u010dno bude stra\u0161i\u0165 \u0161\u013eachti\u010dn\u00e1 Benigna","datePublished":"2011-10-20T10:40:12+00:00","mainEntityOfPage":{"@id":"https:\/\/pmza.sk\/?p=4092"},"wordCount":365,"publisher":{"@id":"https:\/\/pmza.sk\/#organization"},"articleSection":["Arch\u00edv 2011"],"inLanguage":"sk-SK"},{"@type":"WebPage","@id":"https:\/\/pmza.sk\/?p=4092","url":"https:\/\/pmza.sk\/?p=4092","name":"Na hrade Stre\u010dno bude stra\u0161i\u0165 \u0161\u013eachti\u010dn\u00e1 Benigna - Pova\u017esk\u00e9 m\u00fazeum","isPartOf":{"@id":"https:\/\/pmza.sk\/#website"},"datePublished":"2011-10-20T10:40:12+00:00","breadcrumb":{"@id":"https:\/\/pmza.sk\/?p=4092#breadcrumb"},"inLanguage":"sk-SK","potentialAction":[{"@type":"ReadAction","target":["https:\/\/pmza.sk\/?p=4092"]}]},{"@type":"BreadcrumbList","@id":"https:\/\/pmza.sk\/?p=4092#breadcrumb","itemListElement":[{"@type":"ListItem","position":1,"name":"Domovsk\u00e1 str\u00e1nka","item":"https:\/\/pmza.sk\/"},{"@type":"ListItem","position":2,"name":"Na hrade Stre\u010dno bude stra\u0161i\u0165 \u0161\u013eachti\u010dn\u00e1 Benigna"}]},{"@type":"WebSite","@id":"https:\/\/pmza.sk\/#website","url":"https:\/\/pmza.sk\/","name":"Pova\u017esk\u00e9 m\u00fazeum","description":"Pova\u017esk\u00e9 m\u00fazeum v \u017diline je region\u00e1lne m\u00fazeum so s\u00eddlom v Budat\u00edne. Jeho expoz\u00edcie s\u00fa zameran\u00e9 na dejiny slovensk\u00e9ho umenia, kult\u00fary a dopravy.","publisher":{"@id":"https:\/\/pmza.sk\/#organization"},"potentialAction":[{"@type":"SearchAction","target":{"@type":"EntryPoint","urlTemplate":"https:\/\/pmza.sk\/?s={search_term_string}"},"query-input":{"@type":"PropertyValueSpecification","valueRequired":true,"valueName":"search_term_string"}}],"inLanguage":"sk-SK"},{"@type":"Organization","@id":"https:\/\/pmza.sk\/#organization","name":"Pova\u017esk\u00e9 m\u00fazeum","url":"https:\/\/pmza.sk\/","logo":{"@type":"ImageObject","inLanguage":"sk-SK","@id":"https:\/\/pmza.sk\/#\/schema\/logo\/image\/","url":"https:\/\/pmza.sk\/wp-content\/uploads\/2022\/01\/logo_PM_horizontal.jpg","contentUrl":"https:\/\/pmza.sk\/wp-content\/uploads\/2022\/01\/logo_PM_horizontal.jpg","width":231,"height":142,"caption":"Pova\u017esk\u00e9 m\u00fazeum"},"image":{"@id":"https:\/\/pmza.sk\/#\/schema\/logo\/image\/"},"sameAs":["https:\/\/www.facebook.com\/povazskemuzeum","https:\/\/www.instagram.com\/povazskemuzeum\/"]},{"@type":"Person","@id":"https:\/\/pmza.sk\/#\/schema\/person\/f0b923a9aa8e1f67feef0d7cd9afde35","name":"libor","image":{"@type":"ImageObject","inLanguage":"sk-SK","@id":"https:\/\/secure.gravatar.com\/avatar\/c583dbc698e594aacced1589eb8cf1673bd41d461e8b2ab635484ffc26fee7b0?s=96&d=mm&r=g","url":"https:\/\/secure.gravatar.com\/avatar\/c583dbc698e594aacced1589eb8cf1673bd41d461e8b2ab635484ffc26fee7b0?s=96&d=mm&r=g","contentUrl":"https:\/\/secure.gravatar.com\/avatar\/c583dbc698e594aacced1589eb8cf1673bd41d461e8b2ab635484ffc26fee7b0?s=96&d=mm&r=g","caption":"libor"}}]}},"_links":{"self":[{"href":"https:\/\/pmza.sk\/index.php?rest_route=\/wp\/v2\/posts\/4092","targetHints":{"allow":["GET"]}}],"collection":[{"href":"https:\/\/pmza.sk\/index.php?rest_route=\/wp\/v2\/posts"}],"about":[{"href":"https:\/\/pmza.sk\/index.php?rest_route=\/wp\/v2\/types\/post"}],"author":[{"embeddable":true,"href":"https:\/\/pmza.sk\/index.php?rest_route=\/wp\/v2\/users\/1"}],"replies":[{"embeddable":true,"href":"https:\/\/pmza.sk\/index.php?rest_route=%2Fwp%2Fv2%2Fcomments&post=4092"}],"version-history":[{"count":0,"href":"https:\/\/pmza.sk\/index.php?rest_route=\/wp\/v2\/posts\/4092\/revisions"}],"wp:attachment":[{"href":"https:\/\/pmza.sk\/index.php?rest_route=%2Fwp%2Fv2%2Fmedia&parent=4092"}],"wp:term":[{"taxonomy":"category","embeddable":true,"href":"https:\/\/pmza.sk\/index.php?rest_route=%2Fwp%2Fv2%2Fcategories&post=4092"},{"taxonomy":"post_tag","embeddable":true,"href":"https:\/\/pmza.sk\/index.php?rest_route=%2Fwp%2Fv2%2Ftags&post=4092"}],"curies":[{"name":"wp","href":"https:\/\/api.w.org\/{rel}","templated":true}]}}