{"id":4319,"date":"2011-11-11T07:57:33","date_gmt":"2011-11-11T06:57:33","guid":{"rendered":"https:\/\/pmza.sk.sk\/?p=4319"},"modified":"2011-11-11T07:57:33","modified_gmt":"2011-11-11T06:57:33","slug":"barokove-umenie-na-zilinskej-radnici","status":"publish","type":"post","link":"https:\/\/pmza.sk\/?p=4319","title":{"rendered":"Barokov\u00e9 umenie na \u017eilinskej radnici"},"content":{"rendered":"<p><a href=\"https:\/\/pmza.sk\/wp-content\/uploads\/2011\/11\/obraz-vanitas-marnost.jpg\"><img fetchpriority=\"high\" decoding=\"async\" class=\"alignleft size-medium wp-image-4320\" style=\"margin: 4px; border: 2px solid black;\" title=\"obraz vanitas-marnost\" src=\"https:\/\/pmza.sk.sk\/wp-content\/uploads\/2011\/11\/obraz-vanitas-marnost-246x300.jpg\" alt=\"\" width=\"246\" height=\"300\" \/><\/a><span style=\"color: #ff0000;\"><strong>Miesto:<\/strong> Radnica mesta \u017dilina<\/span><br \/>\n<span style=\"color: #ff0000;\"><strong>D\u00e1tum:<\/strong> od 01. 11. 2011 do odvolania<\/span><br \/>\n<span style=\"color: #ff0000;\"><strong>\u010cas:<\/strong> 09.00 &#8211; 15.00 hod.<\/span><\/p>\n<p>V\u00a0roku 2010 Pova\u017esk\u00e9 m\u00fazeum v\u00a0\u017diline spr\u00edstupnilo verejnosti v\u00a0are\u00e1li Budat\u00ednskeho hradu v\u00fdstavu o\u00a0barokovom umen\u00ed \u017eilinsk\u00e9ho regi\u00f3nu. V\u00fdstavu pod n\u00e1zvom <strong>Z\u00a0baroka \u2013 obraz, hudba, text<\/strong>, ktor\u00e1 prezentovala barokov\u00e9 v\u00fdtvarn\u00e9 umenie sakr\u00e1lneho i\u00a0prof\u00e1nneho charakteru, barokov\u00fa hudbu a\u00a0literat\u00faru , nav\u0161t\u00edvilo po\u010das minul\u00e9ho leta viac ako dvetis\u00edc n\u00e1v\u0161tevn\u00edkov. V\u00a0spolupr\u00e1ci s\u00a0Mestom \u017dilina je v\u00fdstava o\u00a0baroku op\u00e4tovne od 1. novembra 2011 pr\u00edstupn\u00e1 n\u00e1v\u0161tevn\u00edkom \u017eilinskej Radnice.<\/p>\n<p><!--more--><\/p>\n<p><em>\u201e\u017dilina patrila k\u00a0centr\u00e1m barokovej kult\u00fary na Slovensku. Architekt\u00faru \u00a0prezentuj\u00fa najm\u00e4 cirkevn\u00e9 stavby ako napr\u00edklad <\/em><em>socha Immaculaty, ktor\u00e1 bola postaven\u00e1 v roku 1738 na po\u010des\u0165 ukon\u010denia rekatoliz\u00e1cie v meste,<\/em><em> \u010falej tu patr\u00ed Kostol sv. Barbory a Kostol obr\u00e1tenia sv. Pavla. Predstavite\u013emi barokovej hudby boli zn\u00e1mi franti\u0161k\u00e1nski skladatelia \u00a0ako Juraj Zrunek, Edmund Pascha \u010di\u00a0Adam Marmankovi\u010d. V\u010faka Dadanovej tla\u010diarni prekvitala v \u017diline kni\u017en\u00e1 kult\u00fara. V\u00a0meste p\u00f4sobili aj v\u00fdznamn\u00ed liter\u00e1ti. Evanjelick\u00fd kazate\u013e Daniel Krman, autor n\u00e1bo\u017eensk\u00fdch textov, b\u00e1sn\u00ed, polem\u00edk a mnoh\u00fdch prekladov. Taktie\u017e to boli franti\u0161k\u00e1nski k\u0148azi Hugol\u00edn Gavlovi\u010d a\u00a0Vojtech Gazda, ktor\u00ed maj\u00fa nezastupite\u013en\u00e9 miesto v\u00a0slovenskej barokovej literat\u00fare<\/em>, \u201cpovedal Michal Jureck\u00fd, autor v\u00fdstavy a historik Pova\u017esk\u00e9ho m\u00fazea v \u017diline.<\/p>\n<p>Medzi zauj\u00edmav\u00e9 vystaven\u00e9 expon\u00e1ty patr\u00ed obraz \u00a0Vanitas &#8211; M\u00e1rnos\u0165, od nezn\u00e1meho autora, ktor\u00fd zastupuje svetsk\u00fa ma\u013ebu. Naopak olejoma\u013eba sv\u00e4t\u00e9ho \u00a0Vendel\u00edna je \u00a0uk\u00e1\u017ekou cirkevnej ma\u013eby 18. storo\u010dia na Slovensku. Barokov\u00e9 soch\u00e1rstvo a\u00a0rezb\u00e1rstvo je zast\u00fapen\u00e9 drobn\u00fdmi okr\u00eddlen\u00fdmi hlavi\u010dkami putti, anjelom svetlonosom, \u010falej dreven\u00fdmi, zl\u00e1ten\u00fdmi, polychr\u00f3movan\u00fdmi, vyrez\u00e1van\u00fdmi svietnikmi s\u00a0bohatou dekorat\u00edvnou v\u00fdzdobou.<\/p>\n<p>Barokov\u00e9mu obdobiu v\u00a0\u017diline bol v\u00a0poslednom obdob\u00ed v\u00a0Pova\u017eskom m\u00fazeu v\u00a0\u017diline venovan\u00fd aj v\u00fdskum o\u00a0Kostole sv. Barbory. Jeho \u00a0nov\u00e9 zauj\u00edmav\u00e9 z\u00e1very bud\u00fa publikovan\u00e9 vo\u00a0Vlastivednom zborn\u00edku Pova\u017eia, ktor\u00fd bude vydan\u00fd koncom tohto roku.<\/p>\n<p>V\u00fdstava je pr\u00edstupn\u00e1 na Radnici mesta \u017dilina v\u00a0pracovn\u00e9 dni od 9.00 do 15.00 hod. Organiz\u00e1torom v\u00fdstavy je \u017dilinsk\u00fd samospr\u00e1vny kraj, Mesto \u017dilina a Pova\u017esk\u00e9 m\u00fazeum v \u017diline.<\/p>\n","protected":false},"excerpt":{"rendered":"<p>Miesto: Radnica mesta \u017dilina D\u00e1tum: od 01. 11. 2011 do odvolania \u010cas: 09.00 &#8211; 15.00 hod. V\u00a0roku 2010 Pova\u017esk\u00e9 m\u00fazeum v\u00a0\u017diline spr\u00edstupnilo verejnosti v\u00a0are\u00e1li Budat\u00ednskeho hradu v\u00fdstavu o\u00a0barokovom umen\u00ed \u017eilinsk\u00e9ho regi\u00f3nu. V\u00fdstavu pod n\u00e1zvom Z\u00a0baroka \u2013 obraz, hudba, text, ktor\u00e1 prezentovala barokov\u00e9 v\u00fdtvarn\u00e9 umenie sakr\u00e1lneho i\u00a0prof\u00e1nneho charakteru, barokov\u00fa hudbu a\u00a0literat\u00faru , nav\u0161t\u00edvilo po\u010das minul\u00e9ho leta [&hellip;]<\/p>\n","protected":false},"author":1,"featured_media":0,"comment_status":"closed","ping_status":"closed","sticky":false,"template":"","format":"standard","meta":{"site-sidebar-layout":"default","site-content-layout":"","ast-site-content-layout":"","site-content-style":"default","site-sidebar-style":"default","ast-global-header-display":"","ast-banner-title-visibility":"","ast-main-header-display":"","ast-hfb-above-header-display":"","ast-hfb-below-header-display":"","ast-hfb-mobile-header-display":"","site-post-title":"","ast-breadcrumbs-content":"","ast-featured-img":"","footer-sml-layout":"","theme-transparent-header-meta":"","adv-header-id-meta":"","stick-header-meta":"","header-above-stick-meta":"","header-main-stick-meta":"","header-below-stick-meta":"","astra-migrate-meta-layouts":"default","ast-page-background-enabled":"default","ast-page-background-meta":{"desktop":{"background-color":"var(--ast-global-color-4)","background-image":"","background-repeat":"repeat","background-position":"center center","background-size":"auto","background-attachment":"scroll","background-type":"","background-media":"","overlay-type":"","overlay-color":"","overlay-opacity":"","overlay-gradient":""},"tablet":{"background-color":"","background-image":"","background-repeat":"repeat","background-position":"center center","background-size":"auto","background-attachment":"scroll","background-type":"","background-media":"","overlay-type":"","overlay-color":"","overlay-opacity":"","overlay-gradient":""},"mobile":{"background-color":"","background-image":"","background-repeat":"repeat","background-position":"center center","background-size":"auto","background-attachment":"scroll","background-type":"","background-media":"","overlay-type":"","overlay-color":"","overlay-opacity":"","overlay-gradient":""}},"ast-content-background-meta":{"desktop":{"background-color":"var(--ast-global-color-5)","background-image":"","background-repeat":"repeat","background-position":"center center","background-size":"auto","background-attachment":"scroll","background-type":"","background-media":"","overlay-type":"","overlay-color":"","overlay-opacity":"","overlay-gradient":""},"tablet":{"background-color":"var(--ast-global-color-5)","background-image":"","background-repeat":"repeat","background-position":"center center","background-size":"auto","background-attachment":"scroll","background-type":"","background-media":"","overlay-type":"","overlay-color":"","overlay-opacity":"","overlay-gradient":""},"mobile":{"background-color":"var(--ast-global-color-5)","background-image":"","background-repeat":"repeat","background-position":"center center","background-size":"auto","background-attachment":"scroll","background-type":"","background-media":"","overlay-type":"","overlay-color":"","overlay-opacity":"","overlay-gradient":""}},"footnotes":""},"categories":[30],"tags":[],"class_list":["post-4319","post","type-post","status-publish","format-standard","hentry","category-archiv-2011"],"yoast_head":"<!-- This site is optimized with the Yoast SEO plugin v27.4 - https:\/\/yoast.com\/product\/yoast-seo-wordpress\/ -->\n<title>Barokov\u00e9 umenie na \u017eilinskej radnici - Pova\u017esk\u00e9 m\u00fazeum<\/title>\n<meta name=\"robots\" content=\"index, follow, max-snippet:-1, max-image-preview:large, max-video-preview:-1\" \/>\n<link rel=\"canonical\" href=\"https:\/\/pmza.sk\/?p=4319\" \/>\n<meta property=\"og:locale\" content=\"sk_SK\" \/>\n<meta property=\"og:type\" content=\"article\" \/>\n<meta property=\"og:title\" content=\"Barokov\u00e9 umenie na \u017eilinskej radnici - Pova\u017esk\u00e9 m\u00fazeum\" \/>\n<meta property=\"og:description\" content=\"Miesto: Radnica mesta \u017dilina D\u00e1tum: od 01. 11. 2011 do odvolania \u010cas: 09.00 &#8211; 15.00 hod. V\u00a0roku 2010 Pova\u017esk\u00e9 m\u00fazeum v\u00a0\u017diline spr\u00edstupnilo verejnosti v\u00a0are\u00e1li Budat\u00ednskeho hradu v\u00fdstavu o\u00a0barokovom umen\u00ed \u017eilinsk\u00e9ho regi\u00f3nu. V\u00fdstavu pod n\u00e1zvom Z\u00a0baroka \u2013 obraz, hudba, text, ktor\u00e1 prezentovala barokov\u00e9 v\u00fdtvarn\u00e9 umenie sakr\u00e1lneho i\u00a0prof\u00e1nneho charakteru, barokov\u00fa hudbu a\u00a0literat\u00faru , nav\u0161t\u00edvilo po\u010das minul\u00e9ho leta [&hellip;]\" \/>\n<meta property=\"og:url\" content=\"https:\/\/pmza.sk\/?p=4319\" \/>\n<meta property=\"og:site_name\" content=\"Pova\u017esk\u00e9 m\u00fazeum\" \/>\n<meta property=\"article:publisher\" content=\"https:\/\/www.facebook.com\/povazskemuzeum\" \/>\n<meta property=\"article:published_time\" content=\"2011-11-11T06:57:33+00:00\" \/>\n<meta property=\"og:image\" content=\"https:\/\/pmza.sk.sk\/wp-content\/uploads\/2011\/11\/obraz-vanitas-marnost-246x300.jpg\" \/>\n<meta name=\"author\" content=\"libor\" \/>\n<meta name=\"twitter:card\" content=\"summary_large_image\" \/>\n<meta name=\"twitter:label1\" content=\"Autor\" \/>\n\t<meta name=\"twitter:data1\" content=\"libor\" \/>\n\t<meta name=\"twitter:label2\" content=\"Predpokladan\u00fd \u010das \u010d\u00edtania\" \/>\n\t<meta name=\"twitter:data2\" content=\"2 min\u00faty\" \/>\n<script type=\"application\/ld+json\" class=\"yoast-schema-graph\">{\"@context\":\"https:\\\/\\\/schema.org\",\"@graph\":[{\"@type\":\"Article\",\"@id\":\"https:\\\/\\\/pmza.sk\\\/?p=4319#article\",\"isPartOf\":{\"@id\":\"https:\\\/\\\/pmza.sk\\\/?p=4319\"},\"author\":{\"name\":\"libor\",\"@id\":\"https:\\\/\\\/pmza.sk\\\/#\\\/schema\\\/person\\\/f0b923a9aa8e1f67feef0d7cd9afde35\"},\"headline\":\"Barokov\u00e9 umenie na \u017eilinskej radnici\",\"datePublished\":\"2011-11-11T06:57:33+00:00\",\"mainEntityOfPage\":{\"@id\":\"https:\\\/\\\/pmza.sk\\\/?p=4319\"},\"wordCount\":407,\"publisher\":{\"@id\":\"https:\\\/\\\/pmza.sk\\\/#organization\"},\"image\":{\"@id\":\"https:\\\/\\\/pmza.sk\\\/?p=4319#primaryimage\"},\"thumbnailUrl\":\"http:\\\/\\\/pmza.sk.sk\\\/wp-content\\\/uploads\\\/2011\\\/11\\\/obraz-vanitas-marnost-246x300.jpg\",\"articleSection\":[\"Arch\u00edv 2011\"],\"inLanguage\":\"sk-SK\"},{\"@type\":\"WebPage\",\"@id\":\"https:\\\/\\\/pmza.sk\\\/?p=4319\",\"url\":\"https:\\\/\\\/pmza.sk\\\/?p=4319\",\"name\":\"Barokov\u00e9 umenie na \u017eilinskej radnici - Pova\u017esk\u00e9 m\u00fazeum\",\"isPartOf\":{\"@id\":\"https:\\\/\\\/pmza.sk\\\/#website\"},\"primaryImageOfPage\":{\"@id\":\"https:\\\/\\\/pmza.sk\\\/?p=4319#primaryimage\"},\"image\":{\"@id\":\"https:\\\/\\\/pmza.sk\\\/?p=4319#primaryimage\"},\"thumbnailUrl\":\"http:\\\/\\\/pmza.sk.sk\\\/wp-content\\\/uploads\\\/2011\\\/11\\\/obraz-vanitas-marnost-246x300.jpg\",\"datePublished\":\"2011-11-11T06:57:33+00:00\",\"breadcrumb\":{\"@id\":\"https:\\\/\\\/pmza.sk\\\/?p=4319#breadcrumb\"},\"inLanguage\":\"sk-SK\",\"potentialAction\":[{\"@type\":\"ReadAction\",\"target\":[\"https:\\\/\\\/pmza.sk\\\/?p=4319\"]}]},{\"@type\":\"ImageObject\",\"inLanguage\":\"sk-SK\",\"@id\":\"https:\\\/\\\/pmza.sk\\\/?p=4319#primaryimage\",\"url\":\"http:\\\/\\\/pmza.sk.sk\\\/wp-content\\\/uploads\\\/2011\\\/11\\\/obraz-vanitas-marnost-246x300.jpg\",\"contentUrl\":\"http:\\\/\\\/pmza.sk.sk\\\/wp-content\\\/uploads\\\/2011\\\/11\\\/obraz-vanitas-marnost-246x300.jpg\"},{\"@type\":\"BreadcrumbList\",\"@id\":\"https:\\\/\\\/pmza.sk\\\/?p=4319#breadcrumb\",\"itemListElement\":[{\"@type\":\"ListItem\",\"position\":1,\"name\":\"Domovsk\u00e1 str\u00e1nka\",\"item\":\"https:\\\/\\\/pmza.sk\\\/\"},{\"@type\":\"ListItem\",\"position\":2,\"name\":\"Barokov\u00e9 umenie na \u017eilinskej radnici\"}]},{\"@type\":\"WebSite\",\"@id\":\"https:\\\/\\\/pmza.sk\\\/#website\",\"url\":\"https:\\\/\\\/pmza.sk\\\/\",\"name\":\"Pova\u017esk\u00e9 m\u00fazeum\",\"description\":\"Pova\u017esk\u00e9 m\u00fazeum v \u017diline je region\u00e1lne m\u00fazeum so s\u00eddlom v Budat\u00edne. Jeho expoz\u00edcie s\u00fa zameran\u00e9 na dejiny slovensk\u00e9ho umenia, kult\u00fary a dopravy.\",\"publisher\":{\"@id\":\"https:\\\/\\\/pmza.sk\\\/#organization\"},\"potentialAction\":[{\"@type\":\"SearchAction\",\"target\":{\"@type\":\"EntryPoint\",\"urlTemplate\":\"https:\\\/\\\/pmza.sk\\\/?s={search_term_string}\"},\"query-input\":{\"@type\":\"PropertyValueSpecification\",\"valueRequired\":true,\"valueName\":\"search_term_string\"}}],\"inLanguage\":\"sk-SK\"},{\"@type\":\"Organization\",\"@id\":\"https:\\\/\\\/pmza.sk\\\/#organization\",\"name\":\"Pova\u017esk\u00e9 m\u00fazeum\",\"url\":\"https:\\\/\\\/pmza.sk\\\/\",\"logo\":{\"@type\":\"ImageObject\",\"inLanguage\":\"sk-SK\",\"@id\":\"https:\\\/\\\/pmza.sk\\\/#\\\/schema\\\/logo\\\/image\\\/\",\"url\":\"https:\\\/\\\/pmza.sk\\\/wp-content\\\/uploads\\\/2022\\\/01\\\/logo_PM_horizontal.jpg\",\"contentUrl\":\"https:\\\/\\\/pmza.sk\\\/wp-content\\\/uploads\\\/2022\\\/01\\\/logo_PM_horizontal.jpg\",\"width\":231,\"height\":142,\"caption\":\"Pova\u017esk\u00e9 m\u00fazeum\"},\"image\":{\"@id\":\"https:\\\/\\\/pmza.sk\\\/#\\\/schema\\\/logo\\\/image\\\/\"},\"sameAs\":[\"https:\\\/\\\/www.facebook.com\\\/povazskemuzeum\",\"https:\\\/\\\/www.instagram.com\\\/povazskemuzeum\\\/\"]},{\"@type\":\"Person\",\"@id\":\"https:\\\/\\\/pmza.sk\\\/#\\\/schema\\\/person\\\/f0b923a9aa8e1f67feef0d7cd9afde35\",\"name\":\"libor\",\"image\":{\"@type\":\"ImageObject\",\"inLanguage\":\"sk-SK\",\"@id\":\"https:\\\/\\\/secure.gravatar.com\\\/avatar\\\/c583dbc698e594aacced1589eb8cf1673bd41d461e8b2ab635484ffc26fee7b0?s=96&d=mm&r=g\",\"url\":\"https:\\\/\\\/secure.gravatar.com\\\/avatar\\\/c583dbc698e594aacced1589eb8cf1673bd41d461e8b2ab635484ffc26fee7b0?s=96&d=mm&r=g\",\"contentUrl\":\"https:\\\/\\\/secure.gravatar.com\\\/avatar\\\/c583dbc698e594aacced1589eb8cf1673bd41d461e8b2ab635484ffc26fee7b0?s=96&d=mm&r=g\",\"caption\":\"libor\"}}]}<\/script>\n<!-- \/ Yoast SEO plugin. -->","yoast_head_json":{"title":"Barokov\u00e9 umenie na \u017eilinskej radnici - Pova\u017esk\u00e9 m\u00fazeum","robots":{"index":"index","follow":"follow","max-snippet":"max-snippet:-1","max-image-preview":"max-image-preview:large","max-video-preview":"max-video-preview:-1"},"canonical":"https:\/\/pmza.sk\/?p=4319","og_locale":"sk_SK","og_type":"article","og_title":"Barokov\u00e9 umenie na \u017eilinskej radnici - Pova\u017esk\u00e9 m\u00fazeum","og_description":"Miesto: Radnica mesta \u017dilina D\u00e1tum: od 01. 11. 2011 do odvolania \u010cas: 09.00 &#8211; 15.00 hod. V\u00a0roku 2010 Pova\u017esk\u00e9 m\u00fazeum v\u00a0\u017diline spr\u00edstupnilo verejnosti v\u00a0are\u00e1li Budat\u00ednskeho hradu v\u00fdstavu o\u00a0barokovom umen\u00ed \u017eilinsk\u00e9ho regi\u00f3nu. V\u00fdstavu pod n\u00e1zvom Z\u00a0baroka \u2013 obraz, hudba, text, ktor\u00e1 prezentovala barokov\u00e9 v\u00fdtvarn\u00e9 umenie sakr\u00e1lneho i\u00a0prof\u00e1nneho charakteru, barokov\u00fa hudbu a\u00a0literat\u00faru , nav\u0161t\u00edvilo po\u010das minul\u00e9ho leta [&hellip;]","og_url":"https:\/\/pmza.sk\/?p=4319","og_site_name":"Pova\u017esk\u00e9 m\u00fazeum","article_publisher":"https:\/\/www.facebook.com\/povazskemuzeum","article_published_time":"2011-11-11T06:57:33+00:00","og_image":[{"url":"https:\/\/pmza.sk.sk\/wp-content\/uploads\/2011\/11\/obraz-vanitas-marnost-246x300.jpg","type":"","width":"","height":""}],"author":"libor","twitter_card":"summary_large_image","twitter_misc":{"Autor":"libor","Predpokladan\u00fd \u010das \u010d\u00edtania":"2 min\u00faty"},"schema":{"@context":"https:\/\/schema.org","@graph":[{"@type":"Article","@id":"https:\/\/pmza.sk\/?p=4319#article","isPartOf":{"@id":"https:\/\/pmza.sk\/?p=4319"},"author":{"name":"libor","@id":"https:\/\/pmza.sk\/#\/schema\/person\/f0b923a9aa8e1f67feef0d7cd9afde35"},"headline":"Barokov\u00e9 umenie na \u017eilinskej radnici","datePublished":"2011-11-11T06:57:33+00:00","mainEntityOfPage":{"@id":"https:\/\/pmza.sk\/?p=4319"},"wordCount":407,"publisher":{"@id":"https:\/\/pmza.sk\/#organization"},"image":{"@id":"https:\/\/pmza.sk\/?p=4319#primaryimage"},"thumbnailUrl":"https:\/\/pmza.sk.sk\/wp-content\/uploads\/2011\/11\/obraz-vanitas-marnost-246x300.jpg","articleSection":["Arch\u00edv 2011"],"inLanguage":"sk-SK"},{"@type":"WebPage","@id":"https:\/\/pmza.sk\/?p=4319","url":"https:\/\/pmza.sk\/?p=4319","name":"Barokov\u00e9 umenie na \u017eilinskej radnici - Pova\u017esk\u00e9 m\u00fazeum","isPartOf":{"@id":"https:\/\/pmza.sk\/#website"},"primaryImageOfPage":{"@id":"https:\/\/pmza.sk\/?p=4319#primaryimage"},"image":{"@id":"https:\/\/pmza.sk\/?p=4319#primaryimage"},"thumbnailUrl":"https:\/\/pmza.sk.sk\/wp-content\/uploads\/2011\/11\/obraz-vanitas-marnost-246x300.jpg","datePublished":"2011-11-11T06:57:33+00:00","breadcrumb":{"@id":"https:\/\/pmza.sk\/?p=4319#breadcrumb"},"inLanguage":"sk-SK","potentialAction":[{"@type":"ReadAction","target":["https:\/\/pmza.sk\/?p=4319"]}]},{"@type":"ImageObject","inLanguage":"sk-SK","@id":"https:\/\/pmza.sk\/?p=4319#primaryimage","url":"https:\/\/pmza.sk.sk\/wp-content\/uploads\/2011\/11\/obraz-vanitas-marnost-246x300.jpg","contentUrl":"https:\/\/pmza.sk.sk\/wp-content\/uploads\/2011\/11\/obraz-vanitas-marnost-246x300.jpg"},{"@type":"BreadcrumbList","@id":"https:\/\/pmza.sk\/?p=4319#breadcrumb","itemListElement":[{"@type":"ListItem","position":1,"name":"Domovsk\u00e1 str\u00e1nka","item":"https:\/\/pmza.sk\/"},{"@type":"ListItem","position":2,"name":"Barokov\u00e9 umenie na \u017eilinskej radnici"}]},{"@type":"WebSite","@id":"https:\/\/pmza.sk\/#website","url":"https:\/\/pmza.sk\/","name":"Pova\u017esk\u00e9 m\u00fazeum","description":"Pova\u017esk\u00e9 m\u00fazeum v \u017diline je region\u00e1lne m\u00fazeum so s\u00eddlom v Budat\u00edne. Jeho expoz\u00edcie s\u00fa zameran\u00e9 na dejiny slovensk\u00e9ho umenia, kult\u00fary a dopravy.","publisher":{"@id":"https:\/\/pmza.sk\/#organization"},"potentialAction":[{"@type":"SearchAction","target":{"@type":"EntryPoint","urlTemplate":"https:\/\/pmza.sk\/?s={search_term_string}"},"query-input":{"@type":"PropertyValueSpecification","valueRequired":true,"valueName":"search_term_string"}}],"inLanguage":"sk-SK"},{"@type":"Organization","@id":"https:\/\/pmza.sk\/#organization","name":"Pova\u017esk\u00e9 m\u00fazeum","url":"https:\/\/pmza.sk\/","logo":{"@type":"ImageObject","inLanguage":"sk-SK","@id":"https:\/\/pmza.sk\/#\/schema\/logo\/image\/","url":"https:\/\/pmza.sk\/wp-content\/uploads\/2022\/01\/logo_PM_horizontal.jpg","contentUrl":"https:\/\/pmza.sk\/wp-content\/uploads\/2022\/01\/logo_PM_horizontal.jpg","width":231,"height":142,"caption":"Pova\u017esk\u00e9 m\u00fazeum"},"image":{"@id":"https:\/\/pmza.sk\/#\/schema\/logo\/image\/"},"sameAs":["https:\/\/www.facebook.com\/povazskemuzeum","https:\/\/www.instagram.com\/povazskemuzeum\/"]},{"@type":"Person","@id":"https:\/\/pmza.sk\/#\/schema\/person\/f0b923a9aa8e1f67feef0d7cd9afde35","name":"libor","image":{"@type":"ImageObject","inLanguage":"sk-SK","@id":"https:\/\/secure.gravatar.com\/avatar\/c583dbc698e594aacced1589eb8cf1673bd41d461e8b2ab635484ffc26fee7b0?s=96&d=mm&r=g","url":"https:\/\/secure.gravatar.com\/avatar\/c583dbc698e594aacced1589eb8cf1673bd41d461e8b2ab635484ffc26fee7b0?s=96&d=mm&r=g","contentUrl":"https:\/\/secure.gravatar.com\/avatar\/c583dbc698e594aacced1589eb8cf1673bd41d461e8b2ab635484ffc26fee7b0?s=96&d=mm&r=g","caption":"libor"}}]}},"_links":{"self":[{"href":"https:\/\/pmza.sk\/index.php?rest_route=\/wp\/v2\/posts\/4319","targetHints":{"allow":["GET"]}}],"collection":[{"href":"https:\/\/pmza.sk\/index.php?rest_route=\/wp\/v2\/posts"}],"about":[{"href":"https:\/\/pmza.sk\/index.php?rest_route=\/wp\/v2\/types\/post"}],"author":[{"embeddable":true,"href":"https:\/\/pmza.sk\/index.php?rest_route=\/wp\/v2\/users\/1"}],"replies":[{"embeddable":true,"href":"https:\/\/pmza.sk\/index.php?rest_route=%2Fwp%2Fv2%2Fcomments&post=4319"}],"version-history":[{"count":0,"href":"https:\/\/pmza.sk\/index.php?rest_route=\/wp\/v2\/posts\/4319\/revisions"}],"wp:attachment":[{"href":"https:\/\/pmza.sk\/index.php?rest_route=%2Fwp%2Fv2%2Fmedia&parent=4319"}],"wp:term":[{"taxonomy":"category","embeddable":true,"href":"https:\/\/pmza.sk\/index.php?rest_route=%2Fwp%2Fv2%2Fcategories&post=4319"},{"taxonomy":"post_tag","embeddable":true,"href":"https:\/\/pmza.sk\/index.php?rest_route=%2Fwp%2Fv2%2Ftags&post=4319"}],"curies":[{"name":"wp","href":"https:\/\/api.w.org\/{rel}","templated":true}]}}